{"id":351405,"date":"2023-09-29T17:05:38","date_gmt":"2023-09-29T20:05:38","guid":{"rendered":"https:\/\/blogdofarnesio.com.br\/?p=351405"},"modified":"2023-09-29T15:56:34","modified_gmt":"2023-09-29T18:56:34","slug":"regiao-nordeste-registra-maior-recuo-do-pais-para-a-gasolina-e-maior-aumento-para-o-diesel-aponta-edenred-ticket-log","status":"publish","type":"post","link":"https:\/\/blogdofarnesio.com.br\/?p=351405","title":{"rendered":"Regi\u00e3o Nordeste registra maior recuo do Pa\u00eds para a gasolina e maior aumento para o diesel, aponta Edenred Ticket Log"},"content":{"rendered":"<p><i>O pre\u00e7o m\u00e9dio do etanol se manteve na regi\u00e3o est\u00e1vel no fechamento de setembro<\/i><\/p>\n<p>A \u00faltima an\u00e1lise do \u00cdndice de Pre\u00e7os Edenred Ticket Log (IPTL), levantamento que consolida o comportamento de pre\u00e7os das transa\u00e7\u00f5es nos postos de combust\u00edvel, trazendo uma m\u00e9dia precisa, apontou que na Regi\u00e3o Nordeste, o pre\u00e7o m\u00e9dio do litro da gasolina recuou 0,64% no fechamento de setembro, ante a primeira quinzena do m\u00eas, e foi vendido a R\uff04 6,21. O diesel comum fechou a R\uff04 6,29 na regi\u00e3o, ap\u00f3s alta de 1,45%, enquanto o tipo S-10 foi comercializado a R\uff04 6,39, ap\u00f3s aumento de 0,95%. J\u00e1 o etanol fechou o m\u00eas a R\uff04 4,60, mesmo pre\u00e7o da primeira quinzena do m\u00eas.<\/p>\n<p>\u201cA gasolina ficou mais barata entre todos os Estados da Regi\u00e3o Nordeste, enquanto o diesel S-10 registrou alta no pre\u00e7o em toda a regi\u00e3o. J\u00e1 o tipo comum ficou mais barato apenas em Alagoas e em Para\u00edba. Para o etanol, apenas a Bahia registrou aumento no pre\u00e7o, de 0,90%. Quando comparado a gasolina, o etanol foi considerado economicamente mais vi\u00e1vel apenas na Bahia e na Para\u00edba. Ainda, o combustivel \u00e9 ecologicamente mais vantajoso, por ser capaz de reduzir consideravelmente as emiss\u00f5es de gases respons\u00e1veis pelas mudan\u00e7as clim\u00e1ticas\u201d, comenta Douglas Pina, Diretor-Geral de Mobilidade da Edenred Brasil.<\/p>\n<p>O IPTL \u00e9 um \u00edndice de pre\u00e7os de combust\u00edveis levantado com base nos abastecimentos realizados nos 21 mil postos credenciados da\u00a0<a href=\"https:\/\/s2309.pressinbound.com\/link.php?code=bDpodHRwcyUzQSUyRiUyRnd3dy50aWNrZXRsb2cuY29tLmJyJTJGOjM0NDU0NjU1MTk6YmxvZ3FzcEBnbWFpbC5jb206OTllMjRlOjVh\" target=\"_blank\" rel=\"noopener\" data-saferedirecturl=\"https:\/\/www.google.com\/url?q=https:\/\/s2309.pressinbound.com\/link.php?code%3DbDpodHRwcyUzQSUyRiUyRnd3dy50aWNrZXRsb2cuY29tLmJyJTJGOjM0NDU0NjU1MTk6YmxvZ3FzcEBnbWFpbC5jb206OTllMjRlOjVh&amp;source=gmail&amp;ust=1696099076696000&amp;usg=AOvVaw2TPJiQSAgrGYMJETMcap1R\"><u>Edenred Ticket Log<\/u><\/a>, que tem grande confiabilidade, por causa da quantidade de ve\u00edculos administrados pela marca: 1 milh\u00e3o ao todo, com uma m\u00e9dia de oito transa\u00e7\u00f5es por segundo. A Edenred Ticket Log, marca da linha de neg\u00f3cios de Mobilidade da Edenred Brasil, conta com mais de 30 anos de experi\u00eancia e se adapta \u00e0s necessidades dos clientes, oferecendo solu\u00e7\u00f5es eficientes e sustent\u00e1veis, a fim de simplificar os processos di\u00e1rios.<br \/>\nConfira as tabelas com as m\u00e9dias de cada Estado da Regi\u00e3o Nordeste:<\/p>\n<table class=\"m_8992085460818254225image\" width=\"375\" align=\"center\">\n<tbody>\n<tr>\n<td><img decoding=\"async\" class=\"CToWUd a6T\" tabindex=\"0\" src=\"https:\/\/ci6.googleusercontent.com\/proxy\/uaG95m6pz_7_yqnR4yZgOL8Eq4O5Ub5dbr5DH9oB3nEXb-9Rgc6S2DuZvL-iknVCC8XnG5XxIESFOld09a3WeM3-P-GwbiezTPQHS-23SAUidUtexFS9M4jdiogQ_29DAZ6vgHpSjEy0Blv88OBuq8o4TqOq0fWqa9QhFx_u1G5bSL6LvR8SntP5QxGPcZcJZJbTQmSOGUz7RNpw=s0-d-e1-ft#https:\/\/s2309.pressinbound.com\/7hVjOwATO5QWY602bj5CbpFWbnBEczF3ZvxmY6kTM1UjN0UDN0MjOn5GcuUzNxUjNwEDO0MjRyUCO0Mzb0VXYGJTJzADMx8VL0ETLfpjM\" alt=\"\" width=\"375\" data-bit=\"iit\" \/><\/p>\n<table border=\"0\" width=\"375\" cellspacing=\"0\" cellpadding=\"0\" align=\"center\">\n<tbody>\n<tr>\n<td width=\"375\"><\/td>\n<\/tr>\n<\/tbody>\n<\/table>\n<\/td>\n<\/tr>\n<\/tbody>\n<\/table>\n<table class=\"m_8992085460818254225image\" width=\"376\" align=\"center\">\n<tbody>\n<tr>\n<td><img decoding=\"async\" class=\"CToWUd a6T\" tabindex=\"0\" src=\"https:\/\/ci4.googleusercontent.com\/proxy\/x9LzGJl1I3iDzg3fBz5f4vZwQvGeDL4HfUvvedRGpgIUZGZjvQ6haP5Gz7ciFI8BM8WxFEtHlOTlflymJbjCI6PzH7NiZAMtF-AJz8D-zFden-7EWYrAdnCvFdsqP005EfvoILvu0wJIL2mMwsfLacg17giBTNlAq3yMd3F7Z0TzCJMhSfqk1n-yxpoQ7Q6K-13Yvu8aWQZ2hgFX=s0-d-e1-ft#https:\/\/s2309.pressinbound.com\/8=EWN6EjZjZ2MzoTbvNmLslWYtdGQwNXcn9GbipTOxUTN2QTN0QzM6cmbw5SOwcjN4MDNxQjRyUCNxQzb0VXYGJTJzADMx8VL0ETLfpDO\" alt=\"\" width=\"376\" data-bit=\"iit\" \/><\/p>\n<table border=\"0\" width=\"376\" cellspacing=\"0\" cellpadding=\"0\" align=\"center\">\n<tbody>\n<tr>\n<td width=\"376\"><\/td>\n<\/tr>\n<\/tbody>\n<\/table>\n<\/td>\n<\/tr>\n<\/tbody>\n<\/table>\n<p><strong>Varia\u00e7\u00f5es e correla\u00e7\u00e3o gasolina x etanol<\/strong><\/p>\n<table class=\"m_8992085460818254225image\" width=\"495\" align=\"center\">\n<tbody>\n<tr>\n<td><img decoding=\"async\" class=\"CToWUd a6T\" tabindex=\"0\" src=\"https:\/\/ci3.googleusercontent.com\/proxy\/WhWkB5ifMIZLoWud23oRJ_waqF6RHqo5aFmpFSWQT_ZIamWWULh1PkIl-oIuUAIxzP_VdWVza4o2h5qg-6bzsX5RNSMN86Wz6w3SftTpDj4XbHVBZoR4d1LFXckqZsjECREcmG8e4cPNoEb1iSDXaD2ui5-2CVPGYb2Ro17q6BAjGaMVPe5OLDRzWTOIczClY1nbRQxMpbpnEBTf=s0-d-e1-ft#https:\/\/s2309.pressinbound.com\/3=EWN6ETZlRDZ3oTbvNmLslWYtdGQwNXcn9GbipTOxUTN2QTN0QzM6cmbw5iM3YzM2kjNzgjRyUiNzgzb0VXYGJTJzADMx8VL0ETLfpTN\" alt=\"\" width=\"495\" data-bit=\"iit\" \/><\/td>\n<\/tr>\n<\/tbody>\n<\/table>\n","protected":false},"excerpt":{"rendered":"<p>O pre\u00e7o m\u00e9dio do etanol se manteve na regi\u00e3o est\u00e1vel no fechamento de setembro A \u00faltima an\u00e1lise do \u00cdndice de Pre\u00e7os Edenred Ticket Log (IPTL), levantamento que consolida o comportamento de pre\u00e7os das transa\u00e7\u00f5es nos postos de combust\u00edvel, trazendo uma m\u00e9dia precisa, apontou que na Regi\u00e3o Nordeste, o pre\u00e7o m\u00e9dio do litro da gasolina recuou 0,64% no fechamento de setembro, ante a primeira quinzena do m\u00eas, e foi vendido a R\uff04 6,21. O diesel comum fechou a R\uff04 6,29 na regi\u00e3o, ap\u00f3s alta de 1,45%, enquanto o tipo S-10 foi comercializado a R\uff04 6,39, ap\u00f3s aumento de 0,95%. J\u00e1 o etanol fechou o m\u00eas a R\uff04 4,60, mesmo pre\u00e7o da primeira quinzena do m\u00eas. \u201cA gasolina ficou mais barata entre&hellip; <\/p>\n","protected":false},"author":2,"featured_media":199298,"comment_status":"open","ping_status":"open","sticky":false,"template":"","format":"standard","meta":{"_acf_changed":false,"footnotes":""},"categories":[20],"tags":[],"class_list":["post-351405","post","type-post","status-publish","format-standard","has-post-thumbnail","hentry","category-economia"],"acf":[],"yoast_head":"<!-- This site is optimized with the Yoast SEO plugin v27.4 - https:\/\/yoast.com\/product\/yoast-seo-wordpress\/ -->\n<title>Regi\u00e3o Nordeste registra maior recuo do Pa\u00eds para a gasolina e maior aumento para o diesel, aponta Edenred Ticket Log - Blog do Farn\u00e9sio<\/title>\n<meta name=\"robots\" content=\"index, follow, max-snippet:-1, max-image-preview:large, max-video-preview:-1\" \/>\n<link rel=\"canonical\" href=\"https:\/\/blogdofarnesio.com.br\/?p=351405\" \/>\n<meta property=\"og:locale\" content=\"pt_BR\" \/>\n<meta property=\"og:type\" content=\"article\" \/>\n<meta property=\"og:title\" content=\"Regi\u00e3o Nordeste registra maior recuo do Pa\u00eds para a gasolina e maior aumento para o diesel, aponta Edenred Ticket Log - Blog do Farn\u00e9sio\" \/>\n<meta property=\"og:description\" content=\"O pre\u00e7o m\u00e9dio do etanol se manteve na regi\u00e3o est\u00e1vel no fechamento de setembro A \u00faltima an\u00e1lise do \u00cdndice de Pre\u00e7os Edenred Ticket Log (IPTL), levantamento que consolida o comportamento de pre\u00e7os das transa\u00e7\u00f5es nos postos de combust\u00edvel, trazendo uma m\u00e9dia precisa, apontou que na Regi\u00e3o Nordeste, o pre\u00e7o m\u00e9dio do litro da gasolina recuou 0,64% no fechamento de setembro, ante a primeira quinzena do m\u00eas, e foi vendido a R\uff04 6,21. O diesel comum fechou a R\uff04 6,29 na regi\u00e3o, ap\u00f3s alta de 1,45%, enquanto o tipo S-10 foi comercializado a R\uff04 6,39, ap\u00f3s aumento de 0,95%. J\u00e1 o etanol fechou o m\u00eas a R\uff04 4,60, mesmo pre\u00e7o da primeira quinzena do m\u00eas. \u201cA gasolina ficou mais barata entre&hellip;\" \/>\n<meta property=\"og:url\" content=\"https:\/\/blogdofarnesio.com.br\/?p=351405\" \/>\n<meta property=\"og:site_name\" content=\"Blog do Farn\u00e9sio\" \/>\n<meta property=\"article:publisher\" content=\"https:\/\/www.facebook.com\/BlogQuerSaberPolitica\/\" \/>\n<meta property=\"article:author\" content=\"https:\/\/www.facebook.com\/?ref=tn_tnmn\" \/>\n<meta property=\"article:published_time\" content=\"2023-09-29T20:05:38+00:00\" \/>\n<meta property=\"og:image\" content=\"https:\/\/blogdofarnesio.com.br\/wp-content\/uploads\/2018\/05\/blogqsp-diesel.jpg\" \/>\n\t<meta property=\"og:image:width\" content=\"754\" \/>\n\t<meta property=\"og:image:height\" content=\"503\" \/>\n\t<meta property=\"og:image:type\" content=\"image\/jpeg\" \/>\n<meta name=\"author\" content=\"Farn\u00e9sio\" \/>\n<meta name=\"twitter:card\" content=\"summary_large_image\" \/>\n<meta name=\"twitter:label1\" content=\"Escrito por\" \/>\n\t<meta name=\"twitter:data1\" content=\"Farn\u00e9sio\" \/>\n\t<meta name=\"twitter:label2\" content=\"Est. tempo de leitura\" \/>\n\t<meta name=\"twitter:data2\" content=\"3 minutos\" \/>\n<script type=\"application\/ld+json\" class=\"yoast-schema-graph\">{\"@context\":\"https:\\\/\\\/schema.org\",\"@graph\":[{\"@type\":\"Article\",\"@id\":\"https:\\\/\\\/blogdofarnesio.com.br\\\/?p=351405#article\",\"isPartOf\":{\"@id\":\"https:\\\/\\\/blogdofarnesio.com.br\\\/?p=351405\"},\"author\":{\"name\":\"Farn\u00e9sio\",\"@id\":\"https:\\\/\\\/blogdofarnesio.com.br\\\/#\\\/schema\\\/person\\\/bb9b23ae3ad0609ce8df7b6c9e76824d\"},\"headline\":\"Regi\u00e3o Nordeste registra maior recuo do Pa\u00eds para a gasolina e maior aumento para o diesel, aponta Edenred Ticket Log\",\"datePublished\":\"2023-09-29T20:05:38+00:00\",\"mainEntityOfPage\":{\"@id\":\"https:\\\/\\\/blogdofarnesio.com.br\\\/?p=351405\"},\"wordCount\":373,\"commentCount\":0,\"publisher\":{\"@id\":\"https:\\\/\\\/blogdofarnesio.com.br\\\/#organization\"},\"image\":{\"@id\":\"https:\\\/\\\/blogdofarnesio.com.br\\\/?p=351405#primaryimage\"},\"thumbnailUrl\":\"https:\\\/\\\/blogdofarnesio.com.br\\\/wp-content\\\/uploads\\\/2018\\\/05\\\/blogqsp-diesel.jpg\",\"articleSection\":[\"Economia\"],\"inLanguage\":\"pt-BR\",\"potentialAction\":[{\"@type\":\"CommentAction\",\"name\":\"Comment\",\"target\":[\"https:\\\/\\\/blogdofarnesio.com.br\\\/?p=351405#respond\"]}]},{\"@type\":\"WebPage\",\"@id\":\"https:\\\/\\\/blogdofarnesio.com.br\\\/?p=351405\",\"url\":\"https:\\\/\\\/blogdofarnesio.com.br\\\/?p=351405\",\"name\":\"Regi\u00e3o Nordeste registra maior recuo do Pa\u00eds para a gasolina e maior aumento para o diesel, aponta Edenred Ticket Log - Blog do Farn\u00e9sio\",\"isPartOf\":{\"@id\":\"https:\\\/\\\/blogdofarnesio.com.br\\\/#website\"},\"primaryImageOfPage\":{\"@id\":\"https:\\\/\\\/blogdofarnesio.com.br\\\/?p=351405#primaryimage\"},\"image\":{\"@id\":\"https:\\\/\\\/blogdofarnesio.com.br\\\/?p=351405#primaryimage\"},\"thumbnailUrl\":\"https:\\\/\\\/blogdofarnesio.com.br\\\/wp-content\\\/uploads\\\/2018\\\/05\\\/blogqsp-diesel.jpg\",\"datePublished\":\"2023-09-29T20:05:38+00:00\",\"breadcrumb\":{\"@id\":\"https:\\\/\\\/blogdofarnesio.com.br\\\/?p=351405#breadcrumb\"},\"inLanguage\":\"pt-BR\",\"potentialAction\":[{\"@type\":\"ReadAction\",\"target\":[\"https:\\\/\\\/blogdofarnesio.com.br\\\/?p=351405\"]}]},{\"@type\":\"ImageObject\",\"inLanguage\":\"pt-BR\",\"@id\":\"https:\\\/\\\/blogdofarnesio.com.br\\\/?p=351405#primaryimage\",\"url\":\"https:\\\/\\\/blogdofarnesio.com.br\\\/wp-content\\\/uploads\\\/2018\\\/05\\\/blogqsp-diesel.jpg\",\"contentUrl\":\"https:\\\/\\\/blogdofarnesio.com.br\\\/wp-content\\\/uploads\\\/2018\\\/05\\\/blogqsp-diesel.jpg\",\"width\":754,\"height\":503,\"caption\":\"Greve de caminhoneiros causa desabastecimento de combust\u00edvel em postos de gasolina da cidade de Teres\u00f3polis, na regi\u00e3o serrana do Rio de Janeiro.\"},{\"@type\":\"BreadcrumbList\",\"@id\":\"https:\\\/\\\/blogdofarnesio.com.br\\\/?p=351405#breadcrumb\",\"itemListElement\":[{\"@type\":\"ListItem\",\"position\":1,\"name\":\"In\u00edcio\",\"item\":\"https:\\\/\\\/blogdofarnesio.com.br\\\/\"},{\"@type\":\"ListItem\",\"position\":2,\"name\":\"Regi\u00e3o Nordeste registra maior recuo do Pa\u00eds para a gasolina e maior aumento para o diesel, aponta Edenred Ticket Log\"}]},{\"@type\":\"WebSite\",\"@id\":\"https:\\\/\\\/blogdofarnesio.com.br\\\/#website\",\"url\":\"https:\\\/\\\/blogdofarnesio.com.br\\\/\",\"name\":\"Blog do Farn\u00e9sio\",\"description\":\"Quer Saber Pol\u00edtica?\",\"publisher\":{\"@id\":\"https:\\\/\\\/blogdofarnesio.com.br\\\/#organization\"},\"potentialAction\":[{\"@type\":\"SearchAction\",\"target\":{\"@type\":\"EntryPoint\",\"urlTemplate\":\"https:\\\/\\\/blogdofarnesio.com.br\\\/?s={search_term_string}\"},\"query-input\":{\"@type\":\"PropertyValueSpecification\",\"valueRequired\":true,\"valueName\":\"search_term_string\"}}],\"inLanguage\":\"pt-BR\"},{\"@type\":\"Organization\",\"@id\":\"https:\\\/\\\/blogdofarnesio.com.br\\\/#organization\",\"name\":\"Blog do Farn\u00e9sio\",\"url\":\"https:\\\/\\\/blogdofarnesio.com.br\\\/\",\"logo\":{\"@type\":\"ImageObject\",\"inLanguage\":\"pt-BR\",\"@id\":\"https:\\\/\\\/blogdofarnesio.com.br\\\/#\\\/schema\\\/logo\\\/image\\\/\",\"url\":\"https:\\\/\\\/blogdofarnesio.com.br\\\/wp-content\\\/uploads\\\/2026\\\/03\\\/cropped-logo_new-1.png\",\"contentUrl\":\"https:\\\/\\\/blogdofarnesio.com.br\\\/wp-content\\\/uploads\\\/2026\\\/03\\\/cropped-logo_new-1.png\",\"width\":881,\"height\":685,\"caption\":\"Blog do Farn\u00e9sio\"},\"image\":{\"@id\":\"https:\\\/\\\/blogdofarnesio.com.br\\\/#\\\/schema\\\/logo\\\/image\\\/\"},\"sameAs\":[\"https:\\\/\\\/www.facebook.com\\\/BlogQuerSaberPolitica\\\/\"]},{\"@type\":\"Person\",\"@id\":\"https:\\\/\\\/blogdofarnesio.com.br\\\/#\\\/schema\\\/person\\\/bb9b23ae3ad0609ce8df7b6c9e76824d\",\"name\":\"Farn\u00e9sio\",\"image\":{\"@type\":\"ImageObject\",\"inLanguage\":\"pt-BR\",\"@id\":\"https:\\\/\\\/secure.gravatar.com\\\/avatar\\\/986aa4c61ccdb66f8555bf88fc2a65609d00bcabd4d2d94377a727547345cbca?s=96&d=mm&r=g\",\"url\":\"https:\\\/\\\/secure.gravatar.com\\\/avatar\\\/986aa4c61ccdb66f8555bf88fc2a65609d00bcabd4d2d94377a727547345cbca?s=96&d=mm&r=g\",\"contentUrl\":\"https:\\\/\\\/secure.gravatar.com\\\/avatar\\\/986aa4c61ccdb66f8555bf88fc2a65609d00bcabd4d2d94377a727547345cbca?s=96&d=mm&r=g\",\"caption\":\"Farn\u00e9sio\"},\"description\":\"Radialista blogueiro, chegou a Petrolina\\\/Juazeiro em setembro de 1980, Farn\u00e9sio Silva \u00e9 de Arapiraca-Alagoas.\",\"sameAs\":[\"http:\\\/\\\/blogdofarnesio.com.br\",\"https:\\\/\\\/www.facebook.com\\\/?ref=tn_tnmn\",\"https:\\\/\\\/www.instagram.com\\\/?utm_source=pwa_homescreen\",\"https:\\\/\\\/youtube.com.br\\\/\"],\"url\":\"https:\\\/\\\/blogdofarnesio.com.br\\\/?author=2\"}]}<\/script>\n<!-- \/ Yoast SEO plugin. -->","yoast_head_json":{"title":"Regi\u00e3o Nordeste registra maior recuo do Pa\u00eds para a gasolina e maior aumento para o diesel, aponta Edenred Ticket Log - Blog do Farn\u00e9sio","robots":{"index":"index","follow":"follow","max-snippet":"max-snippet:-1","max-image-preview":"max-image-preview:large","max-video-preview":"max-video-preview:-1"},"canonical":"https:\/\/blogdofarnesio.com.br\/?p=351405","og_locale":"pt_BR","og_type":"article","og_title":"Regi\u00e3o Nordeste registra maior recuo do Pa\u00eds para a gasolina e maior aumento para o diesel, aponta Edenred Ticket Log - Blog do Farn\u00e9sio","og_description":"O pre\u00e7o m\u00e9dio do etanol se manteve na regi\u00e3o est\u00e1vel no fechamento de setembro A \u00faltima an\u00e1lise do \u00cdndice de Pre\u00e7os Edenred Ticket Log (IPTL), levantamento que consolida o comportamento de pre\u00e7os das transa\u00e7\u00f5es nos postos de combust\u00edvel, trazendo uma m\u00e9dia precisa, apontou que na Regi\u00e3o Nordeste, o pre\u00e7o m\u00e9dio do litro da gasolina recuou 0,64% no fechamento de setembro, ante a primeira quinzena do m\u00eas, e foi vendido a R\uff04 6,21. O diesel comum fechou a R\uff04 6,29 na regi\u00e3o, ap\u00f3s alta de 1,45%, enquanto o tipo S-10 foi comercializado a R\uff04 6,39, ap\u00f3s aumento de 0,95%. J\u00e1 o etanol fechou o m\u00eas a R\uff04 4,60, mesmo pre\u00e7o da primeira quinzena do m\u00eas. \u201cA gasolina ficou mais barata entre&hellip;","og_url":"https:\/\/blogdofarnesio.com.br\/?p=351405","og_site_name":"Blog do Farn\u00e9sio","article_publisher":"https:\/\/www.facebook.com\/BlogQuerSaberPolitica\/","article_author":"https:\/\/www.facebook.com\/?ref=tn_tnmn","article_published_time":"2023-09-29T20:05:38+00:00","og_image":[{"width":754,"height":503,"url":"https:\/\/blogdofarnesio.com.br\/wp-content\/uploads\/2018\/05\/blogqsp-diesel.jpg","type":"image\/jpeg"}],"author":"Farn\u00e9sio","twitter_card":"summary_large_image","twitter_misc":{"Escrito por":"Farn\u00e9sio","Est. tempo de leitura":"3 minutos"},"schema":{"@context":"https:\/\/schema.org","@graph":[{"@type":"Article","@id":"https:\/\/blogdofarnesio.com.br\/?p=351405#article","isPartOf":{"@id":"https:\/\/blogdofarnesio.com.br\/?p=351405"},"author":{"name":"Farn\u00e9sio","@id":"https:\/\/blogdofarnesio.com.br\/#\/schema\/person\/bb9b23ae3ad0609ce8df7b6c9e76824d"},"headline":"Regi\u00e3o Nordeste registra maior recuo do Pa\u00eds para a gasolina e maior aumento para o diesel, aponta Edenred Ticket Log","datePublished":"2023-09-29T20:05:38+00:00","mainEntityOfPage":{"@id":"https:\/\/blogdofarnesio.com.br\/?p=351405"},"wordCount":373,"commentCount":0,"publisher":{"@id":"https:\/\/blogdofarnesio.com.br\/#organization"},"image":{"@id":"https:\/\/blogdofarnesio.com.br\/?p=351405#primaryimage"},"thumbnailUrl":"https:\/\/blogdofarnesio.com.br\/wp-content\/uploads\/2018\/05\/blogqsp-diesel.jpg","articleSection":["Economia"],"inLanguage":"pt-BR","potentialAction":[{"@type":"CommentAction","name":"Comment","target":["https:\/\/blogdofarnesio.com.br\/?p=351405#respond"]}]},{"@type":"WebPage","@id":"https:\/\/blogdofarnesio.com.br\/?p=351405","url":"https:\/\/blogdofarnesio.com.br\/?p=351405","name":"Regi\u00e3o Nordeste registra maior recuo do Pa\u00eds para a gasolina e maior aumento para o diesel, aponta Edenred Ticket Log - Blog do Farn\u00e9sio","isPartOf":{"@id":"https:\/\/blogdofarnesio.com.br\/#website"},"primaryImageOfPage":{"@id":"https:\/\/blogdofarnesio.com.br\/?p=351405#primaryimage"},"image":{"@id":"https:\/\/blogdofarnesio.com.br\/?p=351405#primaryimage"},"thumbnailUrl":"https:\/\/blogdofarnesio.com.br\/wp-content\/uploads\/2018\/05\/blogqsp-diesel.jpg","datePublished":"2023-09-29T20:05:38+00:00","breadcrumb":{"@id":"https:\/\/blogdofarnesio.com.br\/?p=351405#breadcrumb"},"inLanguage":"pt-BR","potentialAction":[{"@type":"ReadAction","target":["https:\/\/blogdofarnesio.com.br\/?p=351405"]}]},{"@type":"ImageObject","inLanguage":"pt-BR","@id":"https:\/\/blogdofarnesio.com.br\/?p=351405#primaryimage","url":"https:\/\/blogdofarnesio.com.br\/wp-content\/uploads\/2018\/05\/blogqsp-diesel.jpg","contentUrl":"https:\/\/blogdofarnesio.com.br\/wp-content\/uploads\/2018\/05\/blogqsp-diesel.jpg","width":754,"height":503,"caption":"Greve de caminhoneiros causa desabastecimento de combust\u00edvel em postos de gasolina da cidade de Teres\u00f3polis, na regi\u00e3o serrana do Rio de Janeiro."},{"@type":"BreadcrumbList","@id":"https:\/\/blogdofarnesio.com.br\/?p=351405#breadcrumb","itemListElement":[{"@type":"ListItem","position":1,"name":"In\u00edcio","item":"https:\/\/blogdofarnesio.com.br\/"},{"@type":"ListItem","position":2,"name":"Regi\u00e3o Nordeste registra maior recuo do Pa\u00eds para a gasolina e maior aumento para o diesel, aponta Edenred Ticket Log"}]},{"@type":"WebSite","@id":"https:\/\/blogdofarnesio.com.br\/#website","url":"https:\/\/blogdofarnesio.com.br\/","name":"Blog do Farn\u00e9sio","description":"Quer Saber Pol\u00edtica?","publisher":{"@id":"https:\/\/blogdofarnesio.com.br\/#organization"},"potentialAction":[{"@type":"SearchAction","target":{"@type":"EntryPoint","urlTemplate":"https:\/\/blogdofarnesio.com.br\/?s={search_term_string}"},"query-input":{"@type":"PropertyValueSpecification","valueRequired":true,"valueName":"search_term_string"}}],"inLanguage":"pt-BR"},{"@type":"Organization","@id":"https:\/\/blogdofarnesio.com.br\/#organization","name":"Blog do Farn\u00e9sio","url":"https:\/\/blogdofarnesio.com.br\/","logo":{"@type":"ImageObject","inLanguage":"pt-BR","@id":"https:\/\/blogdofarnesio.com.br\/#\/schema\/logo\/image\/","url":"https:\/\/blogdofarnesio.com.br\/wp-content\/uploads\/2026\/03\/cropped-logo_new-1.png","contentUrl":"https:\/\/blogdofarnesio.com.br\/wp-content\/uploads\/2026\/03\/cropped-logo_new-1.png","width":881,"height":685,"caption":"Blog do Farn\u00e9sio"},"image":{"@id":"https:\/\/blogdofarnesio.com.br\/#\/schema\/logo\/image\/"},"sameAs":["https:\/\/www.facebook.com\/BlogQuerSaberPolitica\/"]},{"@type":"Person","@id":"https:\/\/blogdofarnesio.com.br\/#\/schema\/person\/bb9b23ae3ad0609ce8df7b6c9e76824d","name":"Farn\u00e9sio","image":{"@type":"ImageObject","inLanguage":"pt-BR","@id":"https:\/\/secure.gravatar.com\/avatar\/986aa4c61ccdb66f8555bf88fc2a65609d00bcabd4d2d94377a727547345cbca?s=96&d=mm&r=g","url":"https:\/\/secure.gravatar.com\/avatar\/986aa4c61ccdb66f8555bf88fc2a65609d00bcabd4d2d94377a727547345cbca?s=96&d=mm&r=g","contentUrl":"https:\/\/secure.gravatar.com\/avatar\/986aa4c61ccdb66f8555bf88fc2a65609d00bcabd4d2d94377a727547345cbca?s=96&d=mm&r=g","caption":"Farn\u00e9sio"},"description":"Radialista blogueiro, chegou a Petrolina\/Juazeiro em setembro de 1980, Farn\u00e9sio Silva \u00e9 de Arapiraca-Alagoas.","sameAs":["http:\/\/blogdofarnesio.com.br","https:\/\/www.facebook.com\/?ref=tn_tnmn","https:\/\/www.instagram.com\/?utm_source=pwa_homescreen","https:\/\/youtube.com.br\/"],"url":"https:\/\/blogdofarnesio.com.br\/?author=2"}]}},"_links":{"self":[{"href":"https:\/\/blogdofarnesio.com.br\/index.php?rest_route=\/wp\/v2\/posts\/351405","targetHints":{"allow":["GET"]}}],"collection":[{"href":"https:\/\/blogdofarnesio.com.br\/index.php?rest_route=\/wp\/v2\/posts"}],"about":[{"href":"https:\/\/blogdofarnesio.com.br\/index.php?rest_route=\/wp\/v2\/types\/post"}],"author":[{"embeddable":true,"href":"https:\/\/blogdofarnesio.com.br\/index.php?rest_route=\/wp\/v2\/users\/2"}],"replies":[{"embeddable":true,"href":"https:\/\/blogdofarnesio.com.br\/index.php?rest_route=%2Fwp%2Fv2%2Fcomments&post=351405"}],"version-history":[{"count":0,"href":"https:\/\/blogdofarnesio.com.br\/index.php?rest_route=\/wp\/v2\/posts\/351405\/revisions"}],"wp:featuredmedia":[{"embeddable":true,"href":"https:\/\/blogdofarnesio.com.br\/index.php?rest_route=\/wp\/v2\/media\/199298"}],"wp:attachment":[{"href":"https:\/\/blogdofarnesio.com.br\/index.php?rest_route=%2Fwp%2Fv2%2Fmedia&parent=351405"}],"wp:term":[{"taxonomy":"category","embeddable":true,"href":"https:\/\/blogdofarnesio.com.br\/index.php?rest_route=%2Fwp%2Fv2%2Fcategories&post=351405"},{"taxonomy":"post_tag","embeddable":true,"href":"https:\/\/blogdofarnesio.com.br\/index.php?rest_route=%2Fwp%2Fv2%2Ftags&post=351405"}],"curies":[{"name":"wp","href":"https:\/\/api.w.org\/{rel}","templated":true}]}}