{"id":351403,"date":"2023-09-29T16:44:11","date_gmt":"2023-09-29T19:44:11","guid":{"rendered":"https:\/\/blogdofarnesio.com.br\/?p=351403"},"modified":"2023-09-29T15:51:41","modified_gmt":"2023-09-29T18:51:41","slug":"jeronimo-projeta-para-outubro-implantacao-do-novo-pacto-pela-vida-e-chegada-da-byd","status":"publish","type":"post","link":"https:\/\/blogdofarnesio.com.br\/?p=351403","title":{"rendered":"Jer\u00f4nimo projeta para outubro implanta\u00e7\u00e3o do novo Pacto pela Vida e chegada da BYD"},"content":{"rendered":"<p>Por Victor Hernandes\u00a0 &#8211;<\/p>\n<p>O governador da Bahia, Jer\u00f4nimo Rodrigues (PT), anunciou, nesta sexta-feira (29), que a proposta da nova implanta\u00e7\u00e3o do programa Pacto pela Vida, deve ser efetivada no m\u00eas de outubro. O per\u00edodo estabelecido pelo governador \u00e9 o mesmo para ser apresentada a nova formata\u00e7\u00e3o das novas Bases Comunit\u00e1rias e o in\u00edcio das obras da\u00a0montadora chinesa BYD no antigo complexo da Ford em Cama\u00e7ari.<\/p>\n<p>&nbsp;<\/p>\n<p>O Pacto Pela Vida\u00a0implantado pela primeira vez em 2011,\u00a0pelo ent\u00e3o governador Jaques Wagner (PT), visa reduzir a viol\u00eancia e a criminalidade na Bahia.\u00a0Jer\u00f4nimo apontou que tem uma proposta preliminar para o programa que pretende anunciar no pr\u00f3ximo m\u00eas em conjunto com a secret\u00e1ria de Justi\u00e7a e Direitos Humanos da Bahia.<\/p>\n<p>&nbsp;<\/p>\n<p>\u201cA equipe coordenada pelo secret\u00e1rio Felipe Freitas, de Justi\u00e7a, j\u00e1 tem uma proposta, j\u00e1 me apresentou uma preliminar. Eu pedi pra revisar, porque eu quando tiver ali, dentro de um ambiente que n\u00f3s j\u00e1 achemos que tem as condi\u00e7\u00f5es, n\u00f3s vamos chamar a Assembleia Legislativa da Bahia, o Tribunal de Justi\u00e7a, o Minist\u00e9rio P\u00fablica, OAB, segmentos da sociedade civil organizada para sugerir, apresentar contribui\u00e7\u00f5es das entidades que trabalham com os direitos humanos. Ent\u00e3o espero que neste m\u00eas de ent\u00e3o eu espero que agora esse m\u00eas de outubro a gente possa fechar uma proposta e apresentar para voc\u00eas da imprensa o que n\u00f3s faremos\u00a0para al\u00e9m da seguran\u00e7a p\u00fablica no aspecto da pol\u00edcia\u201d, disse Jer\u00f4nimo em entrevista \u00e0 imprensa, durante abertura do I F\u00f3rum Estadual dos Cons\u00f3rcios P\u00fablicos Interfederativos de Sa\u00fade.<\/p>\n<p>&nbsp;<\/p>\n<p>O governador destacou tamb\u00e9m que a ideia do novo formato seria investir al\u00e9m do ostensivo da pol\u00edcia, mas tamb\u00e9m em outros segmentos.<\/p>\n<p>&nbsp;<\/p>\n<p>\u201cEu espero que at\u00e9 o final de outubro a gente possa apresentar a voc\u00eas o que n\u00f3s estamos chamando de Pacto Pela Vida. A gente vai ver que nome \u00e9, mas a a\u00e7\u00e3o vai ser assim, policia, educa\u00e7\u00e3o, sa\u00fade, monitoramento, pra gente sair dessa\u201d, completou.<\/p>\n<p>&nbsp;<\/p>\n<p>BYD<\/p>\n<p>J\u00e1 sobre a montadora chinesa BYD, Rodrigues disse que membros da empresa v\u00e3o desembarcar na Bahia no pr\u00f3ximo dia 9 de outubro.<\/p>\n<p>&nbsp;<\/p>\n<p>\u201cDia 9, pela manh\u00e3, vamos fazer um ato. Espero que d\u00ea tudo certo com a Ford, se n\u00e3o der certo, faremos em outro ambiente. Mas vai vir o n\u00famero 1 e 2 da BYD e todo corpo diretivo da BYD China e Brasil. \u00c9 o primeiro ponto na Am\u00e9rica Latina, nem na Europa tem um ambiente de produ\u00e7\u00e3o de autom\u00f3veis el\u00e9tricos\u201d, contou.<\/p>\n<p>&nbsp;<\/p>\n<p>O petista revelou ainda que no mesmo dia, al\u00e9m do evento da BYD, ser\u00e1 realizado tamb\u00e9m uma a\u00e7\u00e3o\u00a0da fabricante de pneus Bridgestone para divulgar a chegada de mais investimentos na Bahia.<\/p>\n<p>&nbsp;<\/p>\n<p>\u201cA expectativa nossa \u00e9 que no ano que vem com f\u00e9 em Deus a BYD possa entregar no mercado 250 mil autom\u00f3veis el\u00e9tricos. Vai ter um totalmente el\u00e9trico e um h\u00edbrido tamb\u00e9m. Eles v\u00e3o anunciar na segunda-feira com mais clareza uma central, um Parque Tecnol\u00f3gico aqui em Salvador para gerar pesquisa e inova\u00e7\u00e3o tecnol\u00f3gica na \u00e1rea de biodiesel para os carros h\u00edbridos. A expectativa \u00e9 de seis mil empregos. Vamos exportar carros el\u00e9tricos para a Am\u00e9rica Latina e para a Europa&#8221;, detalhou o governador.<\/p>\n","protected":false},"excerpt":{"rendered":"<p>Por Victor Hernandes\u00a0 &#8211; O governador da Bahia, Jer\u00f4nimo Rodrigues (PT), anunciou, nesta sexta-feira (29), que a proposta da nova implanta\u00e7\u00e3o do programa Pacto pela Vida, deve ser efetivada no m\u00eas de outubro. O per\u00edodo estabelecido pelo governador \u00e9 o mesmo para ser apresentada a nova formata\u00e7\u00e3o das novas Bases Comunit\u00e1rias e o in\u00edcio das obras da\u00a0montadora chinesa BYD no antigo complexo da Ford em Cama\u00e7ari. &nbsp; O Pacto Pela Vida\u00a0implantado pela primeira vez em 2011,\u00a0pelo ent\u00e3o governador Jaques Wagner (PT), visa reduzir a viol\u00eancia e a criminalidade na Bahia.\u00a0Jer\u00f4nimo apontou que tem uma proposta preliminar para o programa que pretende anunciar no pr\u00f3ximo m\u00eas em conjunto com a secret\u00e1ria de Justi\u00e7a e Direitos Humanos da Bahia. &nbsp; \u201cA equipe&hellip; <\/p>\n","protected":false},"author":2,"featured_media":329725,"comment_status":"open","ping_status":"open","sticky":false,"template":"","format":"standard","meta":{"_acf_changed":false,"footnotes":""},"categories":[43],"tags":[],"class_list":["post-351403","post","type-post","status-publish","format-standard","has-post-thumbnail","hentry","category-sem-categoria"],"acf":[],"yoast_head":"<!-- This site is optimized with the Yoast SEO plugin v27.4 - https:\/\/yoast.com\/product\/yoast-seo-wordpress\/ -->\n<title>Jer\u00f4nimo projeta para outubro implanta\u00e7\u00e3o do novo Pacto pela Vida e chegada da BYD - Blog do Farn\u00e9sio<\/title>\n<meta name=\"robots\" content=\"index, follow, max-snippet:-1, max-image-preview:large, max-video-preview:-1\" \/>\n<link rel=\"canonical\" href=\"https:\/\/blogdofarnesio.com.br\/?p=351403\" \/>\n<meta property=\"og:locale\" content=\"pt_BR\" \/>\n<meta property=\"og:type\" content=\"article\" \/>\n<meta property=\"og:title\" content=\"Jer\u00f4nimo projeta para outubro implanta\u00e7\u00e3o do novo Pacto pela Vida e chegada da BYD - Blog do Farn\u00e9sio\" \/>\n<meta property=\"og:description\" content=\"Por Victor Hernandes\u00a0 &#8211; O governador da Bahia, Jer\u00f4nimo Rodrigues (PT), anunciou, nesta sexta-feira (29), que a proposta da nova implanta\u00e7\u00e3o do programa Pacto pela Vida, deve ser efetivada no m\u00eas de outubro. O per\u00edodo estabelecido pelo governador \u00e9 o mesmo para ser apresentada a nova formata\u00e7\u00e3o das novas Bases Comunit\u00e1rias e o in\u00edcio das obras da\u00a0montadora chinesa BYD no antigo complexo da Ford em Cama\u00e7ari. &nbsp; O Pacto Pela Vida\u00a0implantado pela primeira vez em 2011,\u00a0pelo ent\u00e3o governador Jaques Wagner (PT), visa reduzir a viol\u00eancia e a criminalidade na Bahia.\u00a0Jer\u00f4nimo apontou que tem uma proposta preliminar para o programa que pretende anunciar no pr\u00f3ximo m\u00eas em conjunto com a secret\u00e1ria de Justi\u00e7a e Direitos Humanos da Bahia. &nbsp; \u201cA equipe&hellip;\" \/>\n<meta property=\"og:url\" content=\"https:\/\/blogdofarnesio.com.br\/?p=351403\" \/>\n<meta property=\"og:site_name\" content=\"Blog do Farn\u00e9sio\" \/>\n<meta property=\"article:publisher\" content=\"https:\/\/www.facebook.com\/BlogQuerSaberPolitica\/\" \/>\n<meta property=\"article:author\" content=\"https:\/\/www.facebook.com\/?ref=tn_tnmn\" \/>\n<meta property=\"article:published_time\" content=\"2023-09-29T19:44:11+00:00\" \/>\n<meta property=\"og:image\" content=\"https:\/\/blogdofarnesio.com.br\/wp-content\/uploads\/2022\/12\/blogqspgov-jeronimo-secretarios.png\" \/>\n\t<meta property=\"og:image:width\" content=\"445\" \/>\n\t<meta property=\"og:image:height\" content=\"310\" \/>\n\t<meta property=\"og:image:type\" content=\"image\/png\" \/>\n<meta name=\"author\" content=\"Farn\u00e9sio\" \/>\n<meta name=\"twitter:card\" content=\"summary_large_image\" \/>\n<meta name=\"twitter:label1\" content=\"Escrito por\" \/>\n\t<meta name=\"twitter:data1\" content=\"Farn\u00e9sio\" \/>\n\t<meta name=\"twitter:label2\" content=\"Est. tempo de leitura\" \/>\n\t<meta name=\"twitter:data2\" content=\"3 minutos\" \/>\n<script type=\"application\/ld+json\" class=\"yoast-schema-graph\">{\"@context\":\"https:\\\/\\\/schema.org\",\"@graph\":[{\"@type\":\"Article\",\"@id\":\"https:\\\/\\\/blogdofarnesio.com.br\\\/?p=351403#article\",\"isPartOf\":{\"@id\":\"https:\\\/\\\/blogdofarnesio.com.br\\\/?p=351403\"},\"author\":{\"name\":\"Farn\u00e9sio\",\"@id\":\"https:\\\/\\\/blogdofarnesio.com.br\\\/#\\\/schema\\\/person\\\/bb9b23ae3ad0609ce8df7b6c9e76824d\"},\"headline\":\"Jer\u00f4nimo projeta para outubro implanta\u00e7\u00e3o do novo Pacto pela Vida e chegada da BYD\",\"datePublished\":\"2023-09-29T19:44:11+00:00\",\"mainEntityOfPage\":{\"@id\":\"https:\\\/\\\/blogdofarnesio.com.br\\\/?p=351403\"},\"wordCount\":600,\"commentCount\":0,\"publisher\":{\"@id\":\"https:\\\/\\\/blogdofarnesio.com.br\\\/#organization\"},\"image\":{\"@id\":\"https:\\\/\\\/blogdofarnesio.com.br\\\/?p=351403#primaryimage\"},\"thumbnailUrl\":\"https:\\\/\\\/blogdofarnesio.com.br\\\/wp-content\\\/uploads\\\/2022\\\/12\\\/blogqspgov-jeronimo-secretarios.png\",\"inLanguage\":\"pt-BR\",\"potentialAction\":[{\"@type\":\"CommentAction\",\"name\":\"Comment\",\"target\":[\"https:\\\/\\\/blogdofarnesio.com.br\\\/?p=351403#respond\"]}]},{\"@type\":\"WebPage\",\"@id\":\"https:\\\/\\\/blogdofarnesio.com.br\\\/?p=351403\",\"url\":\"https:\\\/\\\/blogdofarnesio.com.br\\\/?p=351403\",\"name\":\"Jer\u00f4nimo projeta para outubro implanta\u00e7\u00e3o do novo Pacto pela Vida e chegada da BYD - Blog do Farn\u00e9sio\",\"isPartOf\":{\"@id\":\"https:\\\/\\\/blogdofarnesio.com.br\\\/#website\"},\"primaryImageOfPage\":{\"@id\":\"https:\\\/\\\/blogdofarnesio.com.br\\\/?p=351403#primaryimage\"},\"image\":{\"@id\":\"https:\\\/\\\/blogdofarnesio.com.br\\\/?p=351403#primaryimage\"},\"thumbnailUrl\":\"https:\\\/\\\/blogdofarnesio.com.br\\\/wp-content\\\/uploads\\\/2022\\\/12\\\/blogqspgov-jeronimo-secretarios.png\",\"datePublished\":\"2023-09-29T19:44:11+00:00\",\"breadcrumb\":{\"@id\":\"https:\\\/\\\/blogdofarnesio.com.br\\\/?p=351403#breadcrumb\"},\"inLanguage\":\"pt-BR\",\"potentialAction\":[{\"@type\":\"ReadAction\",\"target\":[\"https:\\\/\\\/blogdofarnesio.com.br\\\/?p=351403\"]}]},{\"@type\":\"ImageObject\",\"inLanguage\":\"pt-BR\",\"@id\":\"https:\\\/\\\/blogdofarnesio.com.br\\\/?p=351403#primaryimage\",\"url\":\"https:\\\/\\\/blogdofarnesio.com.br\\\/wp-content\\\/uploads\\\/2022\\\/12\\\/blogqspgov-jeronimo-secretarios.png\",\"contentUrl\":\"https:\\\/\\\/blogdofarnesio.com.br\\\/wp-content\\\/uploads\\\/2022\\\/12\\\/blogqspgov-jeronimo-secretarios.png\",\"width\":445,\"height\":310},{\"@type\":\"BreadcrumbList\",\"@id\":\"https:\\\/\\\/blogdofarnesio.com.br\\\/?p=351403#breadcrumb\",\"itemListElement\":[{\"@type\":\"ListItem\",\"position\":1,\"name\":\"In\u00edcio\",\"item\":\"https:\\\/\\\/blogdofarnesio.com.br\\\/\"},{\"@type\":\"ListItem\",\"position\":2,\"name\":\"Jer\u00f4nimo projeta para outubro implanta\u00e7\u00e3o do novo Pacto pela Vida e chegada da BYD\"}]},{\"@type\":\"WebSite\",\"@id\":\"https:\\\/\\\/blogdofarnesio.com.br\\\/#website\",\"url\":\"https:\\\/\\\/blogdofarnesio.com.br\\\/\",\"name\":\"Blog do Farn\u00e9sio\",\"description\":\"Quer Saber Pol\u00edtica?\",\"publisher\":{\"@id\":\"https:\\\/\\\/blogdofarnesio.com.br\\\/#organization\"},\"potentialAction\":[{\"@type\":\"SearchAction\",\"target\":{\"@type\":\"EntryPoint\",\"urlTemplate\":\"https:\\\/\\\/blogdofarnesio.com.br\\\/?s={search_term_string}\"},\"query-input\":{\"@type\":\"PropertyValueSpecification\",\"valueRequired\":true,\"valueName\":\"search_term_string\"}}],\"inLanguage\":\"pt-BR\"},{\"@type\":\"Organization\",\"@id\":\"https:\\\/\\\/blogdofarnesio.com.br\\\/#organization\",\"name\":\"Blog do Farn\u00e9sio\",\"url\":\"https:\\\/\\\/blogdofarnesio.com.br\\\/\",\"logo\":{\"@type\":\"ImageObject\",\"inLanguage\":\"pt-BR\",\"@id\":\"https:\\\/\\\/blogdofarnesio.com.br\\\/#\\\/schema\\\/logo\\\/image\\\/\",\"url\":\"https:\\\/\\\/blogdofarnesio.com.br\\\/wp-content\\\/uploads\\\/2026\\\/03\\\/cropped-logo_new-1.png\",\"contentUrl\":\"https:\\\/\\\/blogdofarnesio.com.br\\\/wp-content\\\/uploads\\\/2026\\\/03\\\/cropped-logo_new-1.png\",\"width\":881,\"height\":685,\"caption\":\"Blog do Farn\u00e9sio\"},\"image\":{\"@id\":\"https:\\\/\\\/blogdofarnesio.com.br\\\/#\\\/schema\\\/logo\\\/image\\\/\"},\"sameAs\":[\"https:\\\/\\\/www.facebook.com\\\/BlogQuerSaberPolitica\\\/\"]},{\"@type\":\"Person\",\"@id\":\"https:\\\/\\\/blogdofarnesio.com.br\\\/#\\\/schema\\\/person\\\/bb9b23ae3ad0609ce8df7b6c9e76824d\",\"name\":\"Farn\u00e9sio\",\"image\":{\"@type\":\"ImageObject\",\"inLanguage\":\"pt-BR\",\"@id\":\"https:\\\/\\\/secure.gravatar.com\\\/avatar\\\/986aa4c61ccdb66f8555bf88fc2a65609d00bcabd4d2d94377a727547345cbca?s=96&d=mm&r=g\",\"url\":\"https:\\\/\\\/secure.gravatar.com\\\/avatar\\\/986aa4c61ccdb66f8555bf88fc2a65609d00bcabd4d2d94377a727547345cbca?s=96&d=mm&r=g\",\"contentUrl\":\"https:\\\/\\\/secure.gravatar.com\\\/avatar\\\/986aa4c61ccdb66f8555bf88fc2a65609d00bcabd4d2d94377a727547345cbca?s=96&d=mm&r=g\",\"caption\":\"Farn\u00e9sio\"},\"description\":\"Radialista blogueiro, chegou a Petrolina\\\/Juazeiro em setembro de 1980, Farn\u00e9sio Silva \u00e9 de Arapiraca-Alagoas.\",\"sameAs\":[\"http:\\\/\\\/blogdofarnesio.com.br\",\"https:\\\/\\\/www.facebook.com\\\/?ref=tn_tnmn\",\"https:\\\/\\\/www.instagram.com\\\/?utm_source=pwa_homescreen\",\"https:\\\/\\\/youtube.com.br\\\/\"],\"url\":\"https:\\\/\\\/blogdofarnesio.com.br\\\/?author=2\"}]}<\/script>\n<!-- \/ Yoast SEO plugin. -->","yoast_head_json":{"title":"Jer\u00f4nimo projeta para outubro implanta\u00e7\u00e3o do novo Pacto pela Vida e chegada da BYD - Blog do Farn\u00e9sio","robots":{"index":"index","follow":"follow","max-snippet":"max-snippet:-1","max-image-preview":"max-image-preview:large","max-video-preview":"max-video-preview:-1"},"canonical":"https:\/\/blogdofarnesio.com.br\/?p=351403","og_locale":"pt_BR","og_type":"article","og_title":"Jer\u00f4nimo projeta para outubro implanta\u00e7\u00e3o do novo Pacto pela Vida e chegada da BYD - Blog do Farn\u00e9sio","og_description":"Por Victor Hernandes\u00a0 &#8211; O governador da Bahia, Jer\u00f4nimo Rodrigues (PT), anunciou, nesta sexta-feira (29), que a proposta da nova implanta\u00e7\u00e3o do programa Pacto pela Vida, deve ser efetivada no m\u00eas de outubro. O per\u00edodo estabelecido pelo governador \u00e9 o mesmo para ser apresentada a nova formata\u00e7\u00e3o das novas Bases Comunit\u00e1rias e o in\u00edcio das obras da\u00a0montadora chinesa BYD no antigo complexo da Ford em Cama\u00e7ari. &nbsp; O Pacto Pela Vida\u00a0implantado pela primeira vez em 2011,\u00a0pelo ent\u00e3o governador Jaques Wagner (PT), visa reduzir a viol\u00eancia e a criminalidade na Bahia.\u00a0Jer\u00f4nimo apontou que tem uma proposta preliminar para o programa que pretende anunciar no pr\u00f3ximo m\u00eas em conjunto com a secret\u00e1ria de Justi\u00e7a e Direitos Humanos da Bahia. &nbsp; \u201cA equipe&hellip;","og_url":"https:\/\/blogdofarnesio.com.br\/?p=351403","og_site_name":"Blog do Farn\u00e9sio","article_publisher":"https:\/\/www.facebook.com\/BlogQuerSaberPolitica\/","article_author":"https:\/\/www.facebook.com\/?ref=tn_tnmn","article_published_time":"2023-09-29T19:44:11+00:00","og_image":[{"width":445,"height":310,"url":"https:\/\/blogdofarnesio.com.br\/wp-content\/uploads\/2022\/12\/blogqspgov-jeronimo-secretarios.png","type":"image\/png"}],"author":"Farn\u00e9sio","twitter_card":"summary_large_image","twitter_misc":{"Escrito por":"Farn\u00e9sio","Est. tempo de leitura":"3 minutos"},"schema":{"@context":"https:\/\/schema.org","@graph":[{"@type":"Article","@id":"https:\/\/blogdofarnesio.com.br\/?p=351403#article","isPartOf":{"@id":"https:\/\/blogdofarnesio.com.br\/?p=351403"},"author":{"name":"Farn\u00e9sio","@id":"https:\/\/blogdofarnesio.com.br\/#\/schema\/person\/bb9b23ae3ad0609ce8df7b6c9e76824d"},"headline":"Jer\u00f4nimo projeta para outubro implanta\u00e7\u00e3o do novo Pacto pela Vida e chegada da BYD","datePublished":"2023-09-29T19:44:11+00:00","mainEntityOfPage":{"@id":"https:\/\/blogdofarnesio.com.br\/?p=351403"},"wordCount":600,"commentCount":0,"publisher":{"@id":"https:\/\/blogdofarnesio.com.br\/#organization"},"image":{"@id":"https:\/\/blogdofarnesio.com.br\/?p=351403#primaryimage"},"thumbnailUrl":"https:\/\/blogdofarnesio.com.br\/wp-content\/uploads\/2022\/12\/blogqspgov-jeronimo-secretarios.png","inLanguage":"pt-BR","potentialAction":[{"@type":"CommentAction","name":"Comment","target":["https:\/\/blogdofarnesio.com.br\/?p=351403#respond"]}]},{"@type":"WebPage","@id":"https:\/\/blogdofarnesio.com.br\/?p=351403","url":"https:\/\/blogdofarnesio.com.br\/?p=351403","name":"Jer\u00f4nimo projeta para outubro implanta\u00e7\u00e3o do novo Pacto pela Vida e chegada da BYD - Blog do Farn\u00e9sio","isPartOf":{"@id":"https:\/\/blogdofarnesio.com.br\/#website"},"primaryImageOfPage":{"@id":"https:\/\/blogdofarnesio.com.br\/?p=351403#primaryimage"},"image":{"@id":"https:\/\/blogdofarnesio.com.br\/?p=351403#primaryimage"},"thumbnailUrl":"https:\/\/blogdofarnesio.com.br\/wp-content\/uploads\/2022\/12\/blogqspgov-jeronimo-secretarios.png","datePublished":"2023-09-29T19:44:11+00:00","breadcrumb":{"@id":"https:\/\/blogdofarnesio.com.br\/?p=351403#breadcrumb"},"inLanguage":"pt-BR","potentialAction":[{"@type":"ReadAction","target":["https:\/\/blogdofarnesio.com.br\/?p=351403"]}]},{"@type":"ImageObject","inLanguage":"pt-BR","@id":"https:\/\/blogdofarnesio.com.br\/?p=351403#primaryimage","url":"https:\/\/blogdofarnesio.com.br\/wp-content\/uploads\/2022\/12\/blogqspgov-jeronimo-secretarios.png","contentUrl":"https:\/\/blogdofarnesio.com.br\/wp-content\/uploads\/2022\/12\/blogqspgov-jeronimo-secretarios.png","width":445,"height":310},{"@type":"BreadcrumbList","@id":"https:\/\/blogdofarnesio.com.br\/?p=351403#breadcrumb","itemListElement":[{"@type":"ListItem","position":1,"name":"In\u00edcio","item":"https:\/\/blogdofarnesio.com.br\/"},{"@type":"ListItem","position":2,"name":"Jer\u00f4nimo projeta para outubro implanta\u00e7\u00e3o do novo Pacto pela Vida e chegada da BYD"}]},{"@type":"WebSite","@id":"https:\/\/blogdofarnesio.com.br\/#website","url":"https:\/\/blogdofarnesio.com.br\/","name":"Blog do Farn\u00e9sio","description":"Quer Saber Pol\u00edtica?","publisher":{"@id":"https:\/\/blogdofarnesio.com.br\/#organization"},"potentialAction":[{"@type":"SearchAction","target":{"@type":"EntryPoint","urlTemplate":"https:\/\/blogdofarnesio.com.br\/?s={search_term_string}"},"query-input":{"@type":"PropertyValueSpecification","valueRequired":true,"valueName":"search_term_string"}}],"inLanguage":"pt-BR"},{"@type":"Organization","@id":"https:\/\/blogdofarnesio.com.br\/#organization","name":"Blog do Farn\u00e9sio","url":"https:\/\/blogdofarnesio.com.br\/","logo":{"@type":"ImageObject","inLanguage":"pt-BR","@id":"https:\/\/blogdofarnesio.com.br\/#\/schema\/logo\/image\/","url":"https:\/\/blogdofarnesio.com.br\/wp-content\/uploads\/2026\/03\/cropped-logo_new-1.png","contentUrl":"https:\/\/blogdofarnesio.com.br\/wp-content\/uploads\/2026\/03\/cropped-logo_new-1.png","width":881,"height":685,"caption":"Blog do Farn\u00e9sio"},"image":{"@id":"https:\/\/blogdofarnesio.com.br\/#\/schema\/logo\/image\/"},"sameAs":["https:\/\/www.facebook.com\/BlogQuerSaberPolitica\/"]},{"@type":"Person","@id":"https:\/\/blogdofarnesio.com.br\/#\/schema\/person\/bb9b23ae3ad0609ce8df7b6c9e76824d","name":"Farn\u00e9sio","image":{"@type":"ImageObject","inLanguage":"pt-BR","@id":"https:\/\/secure.gravatar.com\/avatar\/986aa4c61ccdb66f8555bf88fc2a65609d00bcabd4d2d94377a727547345cbca?s=96&d=mm&r=g","url":"https:\/\/secure.gravatar.com\/avatar\/986aa4c61ccdb66f8555bf88fc2a65609d00bcabd4d2d94377a727547345cbca?s=96&d=mm&r=g","contentUrl":"https:\/\/secure.gravatar.com\/avatar\/986aa4c61ccdb66f8555bf88fc2a65609d00bcabd4d2d94377a727547345cbca?s=96&d=mm&r=g","caption":"Farn\u00e9sio"},"description":"Radialista blogueiro, chegou a Petrolina\/Juazeiro em setembro de 1980, Farn\u00e9sio Silva \u00e9 de Arapiraca-Alagoas.","sameAs":["http:\/\/blogdofarnesio.com.br","https:\/\/www.facebook.com\/?ref=tn_tnmn","https:\/\/www.instagram.com\/?utm_source=pwa_homescreen","https:\/\/youtube.com.br\/"],"url":"https:\/\/blogdofarnesio.com.br\/?author=2"}]}},"_links":{"self":[{"href":"https:\/\/blogdofarnesio.com.br\/index.php?rest_route=\/wp\/v2\/posts\/351403","targetHints":{"allow":["GET"]}}],"collection":[{"href":"https:\/\/blogdofarnesio.com.br\/index.php?rest_route=\/wp\/v2\/posts"}],"about":[{"href":"https:\/\/blogdofarnesio.com.br\/index.php?rest_route=\/wp\/v2\/types\/post"}],"author":[{"embeddable":true,"href":"https:\/\/blogdofarnesio.com.br\/index.php?rest_route=\/wp\/v2\/users\/2"}],"replies":[{"embeddable":true,"href":"https:\/\/blogdofarnesio.com.br\/index.php?rest_route=%2Fwp%2Fv2%2Fcomments&post=351403"}],"version-history":[{"count":0,"href":"https:\/\/blogdofarnesio.com.br\/index.php?rest_route=\/wp\/v2\/posts\/351403\/revisions"}],"wp:featuredmedia":[{"embeddable":true,"href":"https:\/\/blogdofarnesio.com.br\/index.php?rest_route=\/wp\/v2\/media\/329725"}],"wp:attachment":[{"href":"https:\/\/blogdofarnesio.com.br\/index.php?rest_route=%2Fwp%2Fv2%2Fmedia&parent=351403"}],"wp:term":[{"taxonomy":"category","embeddable":true,"href":"https:\/\/blogdofarnesio.com.br\/index.php?rest_route=%2Fwp%2Fv2%2Fcategories&post=351403"},{"taxonomy":"post_tag","embeddable":true,"href":"https:\/\/blogdofarnesio.com.br\/index.php?rest_route=%2Fwp%2Fv2%2Ftags&post=351403"}],"curies":[{"name":"wp","href":"https:\/\/api.w.org\/{rel}","templated":true}]}}