{"id":351400,"date":"2023-09-30T08:31:54","date_gmt":"2023-09-30T11:31:54","guid":{"rendered":"https:\/\/blogdofarnesio.com.br\/?p=351400"},"modified":"2023-09-29T15:45:32","modified_gmt":"2023-09-29T18:45:32","slug":"pais-elege-novos-conselheiros-tutelares-com-desafio-de-barrar-interferencias-partidarias-e-religiosas","status":"publish","type":"post","link":"https:\/\/blogdofarnesio.com.br\/?p=351400","title":{"rendered":"Pa\u00eds elege novos conselheiros tutelares com desafio de barrar interfer\u00eancias partid\u00e1rias e religiosas"},"content":{"rendered":"<div class=\"entry-content clearfix\">\n<p>Amanh\u00e3 (1\u00ba), o Brasil ir\u00e1 eleger os novos membros dos conselhos tutelares de todos os 5.568 munic\u00edpios do pa\u00eds. Para especialistas, o principal desafio da escolha dos novos membros \u00e9 evitar interfer\u00eancias pol\u00edtico-partid\u00e1rias e religiosas nos \u00f3rg\u00e3os, que t\u00eam como principal objetivo assegurar o direito de todas as crian\u00e7as e adolescentes.<\/p>\n<p>Pela primeira vez, o pa\u00eds far\u00e1 a elei\u00e7\u00e3o para a renova\u00e7\u00e3o dos 6.100 conselhos em data unificada e com o empr\u00e9stimo de urnas eletr\u00f4nicas para todos os munic\u00edpios.<\/p>\n<p>O apoio do\u00a0TSE (Superior Tribunal Eleitoral)\u00a0foi dado ap\u00f3s pedido do Minist\u00e9rio dos Direitos Humanos e da Cidadania, sob o entendimento de que o aux\u00edlio pode aumentar a participa\u00e7\u00e3o popular na escolha dos mais de 30 mil novos conselheiros tutelares.<\/p>\n<p>H\u00e1 a expectativa de maior n\u00famero de eleitores neste ano, j\u00e1 que a pandemia evidenciou a import\u00e2ncia da atua\u00e7\u00e3o dos conselhos. Esses \u00f3rg\u00e3os foram fundamentais na prote\u00e7\u00e3o de crian\u00e7as e adolescentes\u00a0v\u00edtimas de viol\u00eancia dom\u00e9stica, trabalho infantil ou na\u00a0busca dos que n\u00e3o retornaram \u00e0s escolas\u00a0ap\u00f3s a volta das aulas presenciais.<\/p>\n<p>A maior atua\u00e7\u00e3o dos conselhos tutelares tamb\u00e9m exp\u00f4s os riscos de se eleger membros com v\u00ednculos pol\u00edtico-partid\u00e1rios ou religiosos, que deixaram suas\u00a0vis\u00f5es particulares se sobreporem ao melhor interesse das crian\u00e7as e adolescentes.<\/p>\n<p>\u201cA\u00a0pandemia mostrou para toda a sociedade como o conselho tutelar pode ter um papel fundamental\u00a0na prote\u00e7\u00e3o das crian\u00e7as e adolescentes, mas esses membros precisam ter essa prote\u00e7\u00e3o como principal objetivo. N\u00e3o podem deixar suas posi\u00e7\u00f5es pol\u00edticas ou religiosas interferir na atua\u00e7\u00e3o\u201d, diz Fernanda Flaviana, do Movimento Nacional Pr\u00f3 Conviv\u00eancia Familiar e Comunit\u00e1ria.<\/p>\n<p>Segundo ela, s\u00e3o comuns den\u00fancias de conselheiros que acabam usando a posi\u00e7\u00e3o para impor suas vis\u00f5es particulares, com a amea\u00e7a de retirar das fam\u00edlias a guarda das crian\u00e7as. No ano passado, por exemplo, a\u00a0m\u00e3e de uma menina de 14 anos foi denunciada\u00a0pelo conselho tutelar de Ribeir\u00e3o das Neves, em Minas Gerais, ap\u00f3s levar a filha a um ritual umbandista.<\/p>\n<p>\u201cO conselheiro tutelar n\u00e3o \u00e9 eleito para defender sua religi\u00e3o ou uma posi\u00e7\u00e3o pol\u00edtica, mas assegurar todos os direitos das crian\u00e7as e adolescentes previstos pelo ECA [Estatuto da Crian\u00e7a e do Adolescente]\u201d, diz Flaviana.<\/p>\n<p>Para ela, as a\u00e7\u00f5es do Minist\u00e9rio dos Direitos Humanos para as elei\u00e7\u00f5es deste ano podem enfraquecer as situa\u00e7\u00f5es que favoreciam candidaturas com abuso de poder pol\u00edtico ou religioso. Al\u00e9m do pedido de aux\u00edlio ao TSE, o\u00a0minist\u00e9rio tamb\u00e9m pediu que os munic\u00edpios ofere\u00e7am transporte gratuito neste domingo\u00a0durante o per\u00edodo de vota\u00e7\u00e3o.<\/p>\n<p>\u201cInfelizmente, sabemos de candidatos que fretam vans para levar seus eleitores para votar, fazem coopta\u00e7\u00e3o de eleitores em cultos ou missas. Com isso, muitas pessoas, que t\u00eam como maior interesse a prote\u00e7\u00e3o das crian\u00e7as, n\u00e3o conseguem ser eleitas.\u201d<\/p>\n<p>Fonte: Folha de S. Paulo<\/p>\n<\/div>\n","protected":false},"excerpt":{"rendered":"<p>Amanh\u00e3 (1\u00ba), o Brasil ir\u00e1 eleger os novos membros dos conselhos tutelares de todos os 5.568 munic\u00edpios do pa\u00eds. Para especialistas, o principal desafio da escolha dos novos membros \u00e9 evitar interfer\u00eancias pol\u00edtico-partid\u00e1rias e religiosas nos \u00f3rg\u00e3os, que t\u00eam como principal objetivo assegurar o direito de todas as crian\u00e7as e adolescentes. Pela primeira vez, o pa\u00eds far\u00e1 a elei\u00e7\u00e3o para a renova\u00e7\u00e3o dos 6.100 conselhos em data unificada e com o empr\u00e9stimo de urnas eletr\u00f4nicas para todos os munic\u00edpios. O apoio do\u00a0TSE (Superior Tribunal Eleitoral)\u00a0foi dado ap\u00f3s pedido do Minist\u00e9rio dos Direitos Humanos e da Cidadania, sob o entendimento de que o aux\u00edlio pode aumentar a participa\u00e7\u00e3o popular na escolha dos mais de 30 mil novos conselheiros tutelares. H\u00e1 a&hellip; <\/p>\n","protected":false},"author":2,"featured_media":135689,"comment_status":"open","ping_status":"open","sticky":false,"template":"","format":"standard","meta":{"_acf_changed":false,"footnotes":""},"categories":[30],"tags":[],"class_list":["post-351400","post","type-post","status-publish","format-standard","has-post-thumbnail","hentry","category-artigo"],"acf":[],"yoast_head":"<!-- This site is optimized with the Yoast SEO plugin v27.4 - https:\/\/yoast.com\/product\/yoast-seo-wordpress\/ -->\n<title>Pa\u00eds elege novos conselheiros tutelares com desafio de barrar interfer\u00eancias partid\u00e1rias e religiosas - Blog do Farn\u00e9sio<\/title>\n<meta name=\"robots\" content=\"index, follow, max-snippet:-1, max-image-preview:large, max-video-preview:-1\" \/>\n<link rel=\"canonical\" href=\"https:\/\/blogdofarnesio.com.br\/?p=351400\" \/>\n<meta property=\"og:locale\" content=\"pt_BR\" \/>\n<meta property=\"og:type\" content=\"article\" \/>\n<meta property=\"og:title\" content=\"Pa\u00eds elege novos conselheiros tutelares com desafio de barrar interfer\u00eancias partid\u00e1rias e religiosas - Blog do Farn\u00e9sio\" \/>\n<meta property=\"og:description\" content=\"Amanh\u00e3 (1\u00ba), o Brasil ir\u00e1 eleger os novos membros dos conselhos tutelares de todos os 5.568 munic\u00edpios do pa\u00eds. Para especialistas, o principal desafio da escolha dos novos membros \u00e9 evitar interfer\u00eancias pol\u00edtico-partid\u00e1rias e religiosas nos \u00f3rg\u00e3os, que t\u00eam como principal objetivo assegurar o direito de todas as crian\u00e7as e adolescentes. Pela primeira vez, o pa\u00eds far\u00e1 a elei\u00e7\u00e3o para a renova\u00e7\u00e3o dos 6.100 conselhos em data unificada e com o empr\u00e9stimo de urnas eletr\u00f4nicas para todos os munic\u00edpios. O apoio do\u00a0TSE (Superior Tribunal Eleitoral)\u00a0foi dado ap\u00f3s pedido do Minist\u00e9rio dos Direitos Humanos e da Cidadania, sob o entendimento de que o aux\u00edlio pode aumentar a participa\u00e7\u00e3o popular na escolha dos mais de 30 mil novos conselheiros tutelares. H\u00e1 a&hellip;\" \/>\n<meta property=\"og:url\" content=\"https:\/\/blogdofarnesio.com.br\/?p=351400\" \/>\n<meta property=\"og:site_name\" content=\"Blog do Farn\u00e9sio\" \/>\n<meta property=\"article:publisher\" content=\"https:\/\/www.facebook.com\/BlogQuerSaberPolitica\/\" \/>\n<meta property=\"article:author\" content=\"https:\/\/www.facebook.com\/?ref=tn_tnmn\" \/>\n<meta property=\"article:published_time\" content=\"2023-09-30T11:31:54+00:00\" \/>\n<meta property=\"og:image\" content=\"https:\/\/blogdofarnesio.com.br\/wp-content\/uploads\/2016\/01\/blogqsp-CONSELHEIROS-TUTELARES.jpg\" \/>\n\t<meta property=\"og:image:width\" content=\"448\" \/>\n\t<meta property=\"og:image:height\" content=\"336\" \/>\n\t<meta property=\"og:image:type\" content=\"image\/jpeg\" \/>\n<meta name=\"author\" content=\"Farn\u00e9sio\" \/>\n<meta name=\"twitter:card\" content=\"summary_large_image\" \/>\n<meta name=\"twitter:label1\" content=\"Escrito por\" \/>\n\t<meta name=\"twitter:data1\" content=\"Farn\u00e9sio\" \/>\n\t<meta name=\"twitter:label2\" content=\"Est. tempo de leitura\" \/>\n\t<meta name=\"twitter:data2\" content=\"3 minutos\" \/>\n<script type=\"application\/ld+json\" class=\"yoast-schema-graph\">{\"@context\":\"https:\\\/\\\/schema.org\",\"@graph\":[{\"@type\":\"Article\",\"@id\":\"https:\\\/\\\/blogdofarnesio.com.br\\\/?p=351400#article\",\"isPartOf\":{\"@id\":\"https:\\\/\\\/blogdofarnesio.com.br\\\/?p=351400\"},\"author\":{\"name\":\"Farn\u00e9sio\",\"@id\":\"https:\\\/\\\/blogdofarnesio.com.br\\\/#\\\/schema\\\/person\\\/bb9b23ae3ad0609ce8df7b6c9e76824d\"},\"headline\":\"Pa\u00eds elege novos conselheiros tutelares com desafio de barrar interfer\u00eancias partid\u00e1rias e religiosas\",\"datePublished\":\"2023-09-30T11:31:54+00:00\",\"mainEntityOfPage\":{\"@id\":\"https:\\\/\\\/blogdofarnesio.com.br\\\/?p=351400\"},\"wordCount\":538,\"commentCount\":0,\"publisher\":{\"@id\":\"https:\\\/\\\/blogdofarnesio.com.br\\\/#organization\"},\"image\":{\"@id\":\"https:\\\/\\\/blogdofarnesio.com.br\\\/?p=351400#primaryimage\"},\"thumbnailUrl\":\"https:\\\/\\\/blogdofarnesio.com.br\\\/wp-content\\\/uploads\\\/2016\\\/01\\\/blogqsp-CONSELHEIROS-TUTELARES.jpg\",\"articleSection\":[\"Artigo\"],\"inLanguage\":\"pt-BR\",\"potentialAction\":[{\"@type\":\"CommentAction\",\"name\":\"Comment\",\"target\":[\"https:\\\/\\\/blogdofarnesio.com.br\\\/?p=351400#respond\"]}]},{\"@type\":\"WebPage\",\"@id\":\"https:\\\/\\\/blogdofarnesio.com.br\\\/?p=351400\",\"url\":\"https:\\\/\\\/blogdofarnesio.com.br\\\/?p=351400\",\"name\":\"Pa\u00eds elege novos conselheiros tutelares com desafio de barrar interfer\u00eancias partid\u00e1rias e religiosas - Blog do Farn\u00e9sio\",\"isPartOf\":{\"@id\":\"https:\\\/\\\/blogdofarnesio.com.br\\\/#website\"},\"primaryImageOfPage\":{\"@id\":\"https:\\\/\\\/blogdofarnesio.com.br\\\/?p=351400#primaryimage\"},\"image\":{\"@id\":\"https:\\\/\\\/blogdofarnesio.com.br\\\/?p=351400#primaryimage\"},\"thumbnailUrl\":\"https:\\\/\\\/blogdofarnesio.com.br\\\/wp-content\\\/uploads\\\/2016\\\/01\\\/blogqsp-CONSELHEIROS-TUTELARES.jpg\",\"datePublished\":\"2023-09-30T11:31:54+00:00\",\"breadcrumb\":{\"@id\":\"https:\\\/\\\/blogdofarnesio.com.br\\\/?p=351400#breadcrumb\"},\"inLanguage\":\"pt-BR\",\"potentialAction\":[{\"@type\":\"ReadAction\",\"target\":[\"https:\\\/\\\/blogdofarnesio.com.br\\\/?p=351400\"]}]},{\"@type\":\"ImageObject\",\"inLanguage\":\"pt-BR\",\"@id\":\"https:\\\/\\\/blogdofarnesio.com.br\\\/?p=351400#primaryimage\",\"url\":\"https:\\\/\\\/blogdofarnesio.com.br\\\/wp-content\\\/uploads\\\/2016\\\/01\\\/blogqsp-CONSELHEIROS-TUTELARES.jpg\",\"contentUrl\":\"https:\\\/\\\/blogdofarnesio.com.br\\\/wp-content\\\/uploads\\\/2016\\\/01\\\/blogqsp-CONSELHEIROS-TUTELARES.jpg\",\"width\":448,\"height\":336},{\"@type\":\"BreadcrumbList\",\"@id\":\"https:\\\/\\\/blogdofarnesio.com.br\\\/?p=351400#breadcrumb\",\"itemListElement\":[{\"@type\":\"ListItem\",\"position\":1,\"name\":\"In\u00edcio\",\"item\":\"https:\\\/\\\/blogdofarnesio.com.br\\\/\"},{\"@type\":\"ListItem\",\"position\":2,\"name\":\"Pa\u00eds elege novos conselheiros tutelares com desafio de barrar interfer\u00eancias partid\u00e1rias e religiosas\"}]},{\"@type\":\"WebSite\",\"@id\":\"https:\\\/\\\/blogdofarnesio.com.br\\\/#website\",\"url\":\"https:\\\/\\\/blogdofarnesio.com.br\\\/\",\"name\":\"Blog do Farn\u00e9sio\",\"description\":\"Quer Saber Pol\u00edtica?\",\"publisher\":{\"@id\":\"https:\\\/\\\/blogdofarnesio.com.br\\\/#organization\"},\"potentialAction\":[{\"@type\":\"SearchAction\",\"target\":{\"@type\":\"EntryPoint\",\"urlTemplate\":\"https:\\\/\\\/blogdofarnesio.com.br\\\/?s={search_term_string}\"},\"query-input\":{\"@type\":\"PropertyValueSpecification\",\"valueRequired\":true,\"valueName\":\"search_term_string\"}}],\"inLanguage\":\"pt-BR\"},{\"@type\":\"Organization\",\"@id\":\"https:\\\/\\\/blogdofarnesio.com.br\\\/#organization\",\"name\":\"Blog do Farn\u00e9sio\",\"url\":\"https:\\\/\\\/blogdofarnesio.com.br\\\/\",\"logo\":{\"@type\":\"ImageObject\",\"inLanguage\":\"pt-BR\",\"@id\":\"https:\\\/\\\/blogdofarnesio.com.br\\\/#\\\/schema\\\/logo\\\/image\\\/\",\"url\":\"https:\\\/\\\/blogdofarnesio.com.br\\\/wp-content\\\/uploads\\\/2026\\\/03\\\/cropped-logo_new-1.png\",\"contentUrl\":\"https:\\\/\\\/blogdofarnesio.com.br\\\/wp-content\\\/uploads\\\/2026\\\/03\\\/cropped-logo_new-1.png\",\"width\":881,\"height\":685,\"caption\":\"Blog do Farn\u00e9sio\"},\"image\":{\"@id\":\"https:\\\/\\\/blogdofarnesio.com.br\\\/#\\\/schema\\\/logo\\\/image\\\/\"},\"sameAs\":[\"https:\\\/\\\/www.facebook.com\\\/BlogQuerSaberPolitica\\\/\"]},{\"@type\":\"Person\",\"@id\":\"https:\\\/\\\/blogdofarnesio.com.br\\\/#\\\/schema\\\/person\\\/bb9b23ae3ad0609ce8df7b6c9e76824d\",\"name\":\"Farn\u00e9sio\",\"image\":{\"@type\":\"ImageObject\",\"inLanguage\":\"pt-BR\",\"@id\":\"https:\\\/\\\/secure.gravatar.com\\\/avatar\\\/986aa4c61ccdb66f8555bf88fc2a65609d00bcabd4d2d94377a727547345cbca?s=96&d=mm&r=g\",\"url\":\"https:\\\/\\\/secure.gravatar.com\\\/avatar\\\/986aa4c61ccdb66f8555bf88fc2a65609d00bcabd4d2d94377a727547345cbca?s=96&d=mm&r=g\",\"contentUrl\":\"https:\\\/\\\/secure.gravatar.com\\\/avatar\\\/986aa4c61ccdb66f8555bf88fc2a65609d00bcabd4d2d94377a727547345cbca?s=96&d=mm&r=g\",\"caption\":\"Farn\u00e9sio\"},\"description\":\"Radialista blogueiro, chegou a Petrolina\\\/Juazeiro em setembro de 1980, Farn\u00e9sio Silva \u00e9 de Arapiraca-Alagoas.\",\"sameAs\":[\"http:\\\/\\\/blogdofarnesio.com.br\",\"https:\\\/\\\/www.facebook.com\\\/?ref=tn_tnmn\",\"https:\\\/\\\/www.instagram.com\\\/?utm_source=pwa_homescreen\",\"https:\\\/\\\/youtube.com.br\\\/\"],\"url\":\"https:\\\/\\\/blogdofarnesio.com.br\\\/?author=2\"}]}<\/script>\n<!-- \/ Yoast SEO plugin. -->","yoast_head_json":{"title":"Pa\u00eds elege novos conselheiros tutelares com desafio de barrar interfer\u00eancias partid\u00e1rias e religiosas - Blog do Farn\u00e9sio","robots":{"index":"index","follow":"follow","max-snippet":"max-snippet:-1","max-image-preview":"max-image-preview:large","max-video-preview":"max-video-preview:-1"},"canonical":"https:\/\/blogdofarnesio.com.br\/?p=351400","og_locale":"pt_BR","og_type":"article","og_title":"Pa\u00eds elege novos conselheiros tutelares com desafio de barrar interfer\u00eancias partid\u00e1rias e religiosas - Blog do Farn\u00e9sio","og_description":"Amanh\u00e3 (1\u00ba), o Brasil ir\u00e1 eleger os novos membros dos conselhos tutelares de todos os 5.568 munic\u00edpios do pa\u00eds. Para especialistas, o principal desafio da escolha dos novos membros \u00e9 evitar interfer\u00eancias pol\u00edtico-partid\u00e1rias e religiosas nos \u00f3rg\u00e3os, que t\u00eam como principal objetivo assegurar o direito de todas as crian\u00e7as e adolescentes. Pela primeira vez, o pa\u00eds far\u00e1 a elei\u00e7\u00e3o para a renova\u00e7\u00e3o dos 6.100 conselhos em data unificada e com o empr\u00e9stimo de urnas eletr\u00f4nicas para todos os munic\u00edpios. O apoio do\u00a0TSE (Superior Tribunal Eleitoral)\u00a0foi dado ap\u00f3s pedido do Minist\u00e9rio dos Direitos Humanos e da Cidadania, sob o entendimento de que o aux\u00edlio pode aumentar a participa\u00e7\u00e3o popular na escolha dos mais de 30 mil novos conselheiros tutelares. H\u00e1 a&hellip;","og_url":"https:\/\/blogdofarnesio.com.br\/?p=351400","og_site_name":"Blog do Farn\u00e9sio","article_publisher":"https:\/\/www.facebook.com\/BlogQuerSaberPolitica\/","article_author":"https:\/\/www.facebook.com\/?ref=tn_tnmn","article_published_time":"2023-09-30T11:31:54+00:00","og_image":[{"width":448,"height":336,"url":"https:\/\/blogdofarnesio.com.br\/wp-content\/uploads\/2016\/01\/blogqsp-CONSELHEIROS-TUTELARES.jpg","type":"image\/jpeg"}],"author":"Farn\u00e9sio","twitter_card":"summary_large_image","twitter_misc":{"Escrito por":"Farn\u00e9sio","Est. tempo de leitura":"3 minutos"},"schema":{"@context":"https:\/\/schema.org","@graph":[{"@type":"Article","@id":"https:\/\/blogdofarnesio.com.br\/?p=351400#article","isPartOf":{"@id":"https:\/\/blogdofarnesio.com.br\/?p=351400"},"author":{"name":"Farn\u00e9sio","@id":"https:\/\/blogdofarnesio.com.br\/#\/schema\/person\/bb9b23ae3ad0609ce8df7b6c9e76824d"},"headline":"Pa\u00eds elege novos conselheiros tutelares com desafio de barrar interfer\u00eancias partid\u00e1rias e religiosas","datePublished":"2023-09-30T11:31:54+00:00","mainEntityOfPage":{"@id":"https:\/\/blogdofarnesio.com.br\/?p=351400"},"wordCount":538,"commentCount":0,"publisher":{"@id":"https:\/\/blogdofarnesio.com.br\/#organization"},"image":{"@id":"https:\/\/blogdofarnesio.com.br\/?p=351400#primaryimage"},"thumbnailUrl":"https:\/\/blogdofarnesio.com.br\/wp-content\/uploads\/2016\/01\/blogqsp-CONSELHEIROS-TUTELARES.jpg","articleSection":["Artigo"],"inLanguage":"pt-BR","potentialAction":[{"@type":"CommentAction","name":"Comment","target":["https:\/\/blogdofarnesio.com.br\/?p=351400#respond"]}]},{"@type":"WebPage","@id":"https:\/\/blogdofarnesio.com.br\/?p=351400","url":"https:\/\/blogdofarnesio.com.br\/?p=351400","name":"Pa\u00eds elege novos conselheiros tutelares com desafio de barrar interfer\u00eancias partid\u00e1rias e religiosas - Blog do Farn\u00e9sio","isPartOf":{"@id":"https:\/\/blogdofarnesio.com.br\/#website"},"primaryImageOfPage":{"@id":"https:\/\/blogdofarnesio.com.br\/?p=351400#primaryimage"},"image":{"@id":"https:\/\/blogdofarnesio.com.br\/?p=351400#primaryimage"},"thumbnailUrl":"https:\/\/blogdofarnesio.com.br\/wp-content\/uploads\/2016\/01\/blogqsp-CONSELHEIROS-TUTELARES.jpg","datePublished":"2023-09-30T11:31:54+00:00","breadcrumb":{"@id":"https:\/\/blogdofarnesio.com.br\/?p=351400#breadcrumb"},"inLanguage":"pt-BR","potentialAction":[{"@type":"ReadAction","target":["https:\/\/blogdofarnesio.com.br\/?p=351400"]}]},{"@type":"ImageObject","inLanguage":"pt-BR","@id":"https:\/\/blogdofarnesio.com.br\/?p=351400#primaryimage","url":"https:\/\/blogdofarnesio.com.br\/wp-content\/uploads\/2016\/01\/blogqsp-CONSELHEIROS-TUTELARES.jpg","contentUrl":"https:\/\/blogdofarnesio.com.br\/wp-content\/uploads\/2016\/01\/blogqsp-CONSELHEIROS-TUTELARES.jpg","width":448,"height":336},{"@type":"BreadcrumbList","@id":"https:\/\/blogdofarnesio.com.br\/?p=351400#breadcrumb","itemListElement":[{"@type":"ListItem","position":1,"name":"In\u00edcio","item":"https:\/\/blogdofarnesio.com.br\/"},{"@type":"ListItem","position":2,"name":"Pa\u00eds elege novos conselheiros tutelares com desafio de barrar interfer\u00eancias partid\u00e1rias e religiosas"}]},{"@type":"WebSite","@id":"https:\/\/blogdofarnesio.com.br\/#website","url":"https:\/\/blogdofarnesio.com.br\/","name":"Blog do Farn\u00e9sio","description":"Quer Saber Pol\u00edtica?","publisher":{"@id":"https:\/\/blogdofarnesio.com.br\/#organization"},"potentialAction":[{"@type":"SearchAction","target":{"@type":"EntryPoint","urlTemplate":"https:\/\/blogdofarnesio.com.br\/?s={search_term_string}"},"query-input":{"@type":"PropertyValueSpecification","valueRequired":true,"valueName":"search_term_string"}}],"inLanguage":"pt-BR"},{"@type":"Organization","@id":"https:\/\/blogdofarnesio.com.br\/#organization","name":"Blog do Farn\u00e9sio","url":"https:\/\/blogdofarnesio.com.br\/","logo":{"@type":"ImageObject","inLanguage":"pt-BR","@id":"https:\/\/blogdofarnesio.com.br\/#\/schema\/logo\/image\/","url":"https:\/\/blogdofarnesio.com.br\/wp-content\/uploads\/2026\/03\/cropped-logo_new-1.png","contentUrl":"https:\/\/blogdofarnesio.com.br\/wp-content\/uploads\/2026\/03\/cropped-logo_new-1.png","width":881,"height":685,"caption":"Blog do Farn\u00e9sio"},"image":{"@id":"https:\/\/blogdofarnesio.com.br\/#\/schema\/logo\/image\/"},"sameAs":["https:\/\/www.facebook.com\/BlogQuerSaberPolitica\/"]},{"@type":"Person","@id":"https:\/\/blogdofarnesio.com.br\/#\/schema\/person\/bb9b23ae3ad0609ce8df7b6c9e76824d","name":"Farn\u00e9sio","image":{"@type":"ImageObject","inLanguage":"pt-BR","@id":"https:\/\/secure.gravatar.com\/avatar\/986aa4c61ccdb66f8555bf88fc2a65609d00bcabd4d2d94377a727547345cbca?s=96&d=mm&r=g","url":"https:\/\/secure.gravatar.com\/avatar\/986aa4c61ccdb66f8555bf88fc2a65609d00bcabd4d2d94377a727547345cbca?s=96&d=mm&r=g","contentUrl":"https:\/\/secure.gravatar.com\/avatar\/986aa4c61ccdb66f8555bf88fc2a65609d00bcabd4d2d94377a727547345cbca?s=96&d=mm&r=g","caption":"Farn\u00e9sio"},"description":"Radialista blogueiro, chegou a Petrolina\/Juazeiro em setembro de 1980, Farn\u00e9sio Silva \u00e9 de Arapiraca-Alagoas.","sameAs":["http:\/\/blogdofarnesio.com.br","https:\/\/www.facebook.com\/?ref=tn_tnmn","https:\/\/www.instagram.com\/?utm_source=pwa_homescreen","https:\/\/youtube.com.br\/"],"url":"https:\/\/blogdofarnesio.com.br\/?author=2"}]}},"_links":{"self":[{"href":"https:\/\/blogdofarnesio.com.br\/index.php?rest_route=\/wp\/v2\/posts\/351400","targetHints":{"allow":["GET"]}}],"collection":[{"href":"https:\/\/blogdofarnesio.com.br\/index.php?rest_route=\/wp\/v2\/posts"}],"about":[{"href":"https:\/\/blogdofarnesio.com.br\/index.php?rest_route=\/wp\/v2\/types\/post"}],"author":[{"embeddable":true,"href":"https:\/\/blogdofarnesio.com.br\/index.php?rest_route=\/wp\/v2\/users\/2"}],"replies":[{"embeddable":true,"href":"https:\/\/blogdofarnesio.com.br\/index.php?rest_route=%2Fwp%2Fv2%2Fcomments&post=351400"}],"version-history":[{"count":0,"href":"https:\/\/blogdofarnesio.com.br\/index.php?rest_route=\/wp\/v2\/posts\/351400\/revisions"}],"wp:featuredmedia":[{"embeddable":true,"href":"https:\/\/blogdofarnesio.com.br\/index.php?rest_route=\/wp\/v2\/media\/135689"}],"wp:attachment":[{"href":"https:\/\/blogdofarnesio.com.br\/index.php?rest_route=%2Fwp%2Fv2%2Fmedia&parent=351400"}],"wp:term":[{"taxonomy":"category","embeddable":true,"href":"https:\/\/blogdofarnesio.com.br\/index.php?rest_route=%2Fwp%2Fv2%2Fcategories&post=351400"},{"taxonomy":"post_tag","embeddable":true,"href":"https:\/\/blogdofarnesio.com.br\/index.php?rest_route=%2Fwp%2Fv2%2Ftags&post=351400"}],"curies":[{"name":"wp","href":"https:\/\/api.w.org\/{rel}","templated":true}]}}