{"id":351396,"date":"2023-09-29T16:24:08","date_gmt":"2023-09-29T19:24:08","guid":{"rendered":"https:\/\/blogdofarnesio.com.br\/?p=351396"},"modified":"2023-09-29T15:42:26","modified_gmt":"2023-09-29T18:42:26","slug":"leilao-solidario-do-transforma-petrolina-acontece-nessa-sexta-feira","status":"publish","type":"post","link":"https:\/\/blogdofarnesio.com.br\/?p=351396","title":{"rendered":"Leil\u00e3o Solid\u00e1rio do Transforma Petrolina acontece nessa sexta-feira"},"content":{"rendered":"<p style=\"font-weight: 400;\">O Leil\u00e3o Solid\u00e1rio do Transforma Petrolina promete muita emo\u00e7\u00e3o e solidariedade. O aguardado evento beneficente acontece nessa sexta-feira (29), \u00e0s 19h, no \u00a0Maria Leite Recep\u00e7\u00f5es e \u00a0conta com mais de 50 pe\u00e7as exclusivas tanto de cantores \u00a0de proje\u00e7\u00e3o nacional, obras de arte de artistas pl\u00e1sticos \u00a0renomados, quanto de lojas locais que demonstraram seu apoio ao evento doando pe\u00e7as exclusivas para enriquecer o lote. Entre as novidades do leil\u00e3o, est\u00e3o itens do sertanejo Gusttavo Lima, do Rei do Piseiro, \u00a0Jo\u00e3o Gomes e do forrozeiro Nattanzinho.<\/p>\n<p>Todas as pe\u00e7as est\u00e3o dispon\u00edveis para visualiza\u00e7\u00e3o e lance no site oficial do leil\u00e3o, a &#8220;Lance Certo Leil\u00e3o&#8221;, e permite que o p\u00fablico confira as op\u00e7\u00f5es e oferte lances pr\u00e9vios. Para participar presencialmente, ainda \u00e9 poss\u00edvel adquirir uma mesa com quatro lugares por R$200, proporcionando uma experi\u00eancia \u00fanica no evento.<\/p>\n<p>Com a arrecada\u00e7\u00e3o esperada, ser\u00e3o beneficiadas 32 institui\u00e7\u00f5es sociais de Petrolina, que desempenham um papel \u00a0importante na cidade, seja na causa animal, vulnerabilidade social, prote\u00e7\u00e3o de crian\u00e7as, valoriza\u00e7\u00e3o de idosos, tratamento de pessoas em depend\u00eancia qu\u00edmica, entre outros.<\/p>\n<p>De acordo com \u00a0a coordenadora volunt\u00e1ria do Transforma Petrolina, Alinne Durando, \u00a0o \u00a0Leil\u00e3o Solid\u00e1rio promete ser um marco na hist\u00f3ria da cidade. \u201cEstamos muito felizes com o envolvimento da popula\u00e7\u00e3o \u00a0nesse evento solid\u00e1rio. O nosso objetivo \u00e9 que iniciativas como essa sejam frequentes em Petrolina e toquem o cora\u00e7\u00e3o das pessoas\u201d, afirma.<\/p>\n<p>Nayra Lima<\/p>\n<p>Assessora de Imprensa<\/p>\n","protected":false},"excerpt":{"rendered":"<p>O Leil\u00e3o Solid\u00e1rio do Transforma Petrolina promete muita emo\u00e7\u00e3o e solidariedade. O aguardado evento beneficente acontece nessa sexta-feira (29), \u00e0s 19h, no \u00a0Maria Leite Recep\u00e7\u00f5es e \u00a0conta com mais de 50 pe\u00e7as exclusivas tanto de cantores \u00a0de proje\u00e7\u00e3o nacional, obras de arte de artistas pl\u00e1sticos \u00a0renomados, quanto de lojas locais que demonstraram seu apoio ao evento doando pe\u00e7as exclusivas para enriquecer o lote. Entre as novidades do leil\u00e3o, est\u00e3o itens do sertanejo Gusttavo Lima, do Rei do Piseiro, \u00a0Jo\u00e3o Gomes e do forrozeiro Nattanzinho. Todas as pe\u00e7as est\u00e3o dispon\u00edveis para visualiza\u00e7\u00e3o e lance no site oficial do leil\u00e3o, a &#8220;Lance Certo Leil\u00e3o&#8221;, e permite que o p\u00fablico confira as op\u00e7\u00f5es e oferte lances pr\u00e9vios. Para participar presencialmente, ainda \u00e9 poss\u00edvel&hellip; <\/p>\n","protected":false},"author":2,"featured_media":351397,"comment_status":"open","ping_status":"open","sticky":false,"template":"","format":"standard","meta":{"_acf_changed":false,"footnotes":""},"categories":[22],"tags":[],"class_list":["post-351396","post","type-post","status-publish","format-standard","has-post-thumbnail","hentry","category-acao-social"],"acf":[],"yoast_head":"<!-- This site is optimized with the Yoast SEO plugin v27.4 - https:\/\/yoast.com\/product\/yoast-seo-wordpress\/ -->\n<title>Leil\u00e3o Solid\u00e1rio do Transforma Petrolina acontece nessa sexta-feira - Blog do Farn\u00e9sio<\/title>\n<meta name=\"robots\" content=\"index, follow, max-snippet:-1, max-image-preview:large, max-video-preview:-1\" \/>\n<link rel=\"canonical\" href=\"https:\/\/blogdofarnesio.com.br\/?p=351396\" \/>\n<meta property=\"og:locale\" content=\"pt_BR\" \/>\n<meta property=\"og:type\" content=\"article\" \/>\n<meta property=\"og:title\" content=\"Leil\u00e3o Solid\u00e1rio do Transforma Petrolina acontece nessa sexta-feira - Blog do Farn\u00e9sio\" \/>\n<meta property=\"og:description\" content=\"O Leil\u00e3o Solid\u00e1rio do Transforma Petrolina promete muita emo\u00e7\u00e3o e solidariedade. O aguardado evento beneficente acontece nessa sexta-feira (29), \u00e0s 19h, no \u00a0Maria Leite Recep\u00e7\u00f5es e \u00a0conta com mais de 50 pe\u00e7as exclusivas tanto de cantores \u00a0de proje\u00e7\u00e3o nacional, obras de arte de artistas pl\u00e1sticos \u00a0renomados, quanto de lojas locais que demonstraram seu apoio ao evento doando pe\u00e7as exclusivas para enriquecer o lote. Entre as novidades do leil\u00e3o, est\u00e3o itens do sertanejo Gusttavo Lima, do Rei do Piseiro, \u00a0Jo\u00e3o Gomes e do forrozeiro Nattanzinho. Todas as pe\u00e7as est\u00e3o dispon\u00edveis para visualiza\u00e7\u00e3o e lance no site oficial do leil\u00e3o, a &#8220;Lance Certo Leil\u00e3o&#8221;, e permite que o p\u00fablico confira as op\u00e7\u00f5es e oferte lances pr\u00e9vios. Para participar presencialmente, ainda \u00e9 poss\u00edvel&hellip;\" \/>\n<meta property=\"og:url\" content=\"https:\/\/blogdofarnesio.com.br\/?p=351396\" \/>\n<meta property=\"og:site_name\" content=\"Blog do Farn\u00e9sio\" \/>\n<meta property=\"article:publisher\" content=\"https:\/\/www.facebook.com\/BlogQuerSaberPolitica\/\" \/>\n<meta property=\"article:author\" content=\"https:\/\/www.facebook.com\/?ref=tn_tnmn\" \/>\n<meta property=\"article:published_time\" content=\"2023-09-29T19:24:08+00:00\" \/>\n<meta property=\"og:image\" content=\"https:\/\/blogdofarnesio.com.br\/wp-content\/uploads\/2023\/09\/modelo-da-caixa-e1696012847650.jpeg\" \/>\n\t<meta property=\"og:image:width\" content=\"600\" \/>\n\t<meta property=\"og:image:height\" content=\"400\" \/>\n\t<meta property=\"og:image:type\" content=\"image\/jpeg\" \/>\n<meta name=\"author\" content=\"Farn\u00e9sio\" \/>\n<meta name=\"twitter:card\" content=\"summary_large_image\" \/>\n<meta name=\"twitter:label1\" content=\"Escrito por\" \/>\n\t<meta name=\"twitter:data1\" content=\"Farn\u00e9sio\" \/>\n\t<meta name=\"twitter:label2\" content=\"Est. tempo de leitura\" \/>\n\t<meta name=\"twitter:data2\" content=\"2 minutos\" \/>\n<script type=\"application\/ld+json\" class=\"yoast-schema-graph\">{\"@context\":\"https:\\\/\\\/schema.org\",\"@graph\":[{\"@type\":\"Article\",\"@id\":\"https:\\\/\\\/blogdofarnesio.com.br\\\/?p=351396#article\",\"isPartOf\":{\"@id\":\"https:\\\/\\\/blogdofarnesio.com.br\\\/?p=351396\"},\"author\":{\"name\":\"Farn\u00e9sio\",\"@id\":\"https:\\\/\\\/blogdofarnesio.com.br\\\/#\\\/schema\\\/person\\\/bb9b23ae3ad0609ce8df7b6c9e76824d\"},\"headline\":\"Leil\u00e3o Solid\u00e1rio do Transforma Petrolina acontece nessa sexta-feira\",\"datePublished\":\"2023-09-29T19:24:08+00:00\",\"mainEntityOfPage\":{\"@id\":\"https:\\\/\\\/blogdofarnesio.com.br\\\/?p=351396\"},\"wordCount\":271,\"commentCount\":0,\"publisher\":{\"@id\":\"https:\\\/\\\/blogdofarnesio.com.br\\\/#organization\"},\"image\":{\"@id\":\"https:\\\/\\\/blogdofarnesio.com.br\\\/?p=351396#primaryimage\"},\"thumbnailUrl\":\"https:\\\/\\\/blogdofarnesio.com.br\\\/wp-content\\\/uploads\\\/2023\\\/09\\\/modelo-da-caixa-e1696012847650.jpeg\",\"articleSection\":[\"A\u00e7\u00e3o Social\"],\"inLanguage\":\"pt-BR\",\"potentialAction\":[{\"@type\":\"CommentAction\",\"name\":\"Comment\",\"target\":[\"https:\\\/\\\/blogdofarnesio.com.br\\\/?p=351396#respond\"]}]},{\"@type\":\"WebPage\",\"@id\":\"https:\\\/\\\/blogdofarnesio.com.br\\\/?p=351396\",\"url\":\"https:\\\/\\\/blogdofarnesio.com.br\\\/?p=351396\",\"name\":\"Leil\u00e3o Solid\u00e1rio do Transforma Petrolina acontece nessa sexta-feira - Blog do Farn\u00e9sio\",\"isPartOf\":{\"@id\":\"https:\\\/\\\/blogdofarnesio.com.br\\\/#website\"},\"primaryImageOfPage\":{\"@id\":\"https:\\\/\\\/blogdofarnesio.com.br\\\/?p=351396#primaryimage\"},\"image\":{\"@id\":\"https:\\\/\\\/blogdofarnesio.com.br\\\/?p=351396#primaryimage\"},\"thumbnailUrl\":\"https:\\\/\\\/blogdofarnesio.com.br\\\/wp-content\\\/uploads\\\/2023\\\/09\\\/modelo-da-caixa-e1696012847650.jpeg\",\"datePublished\":\"2023-09-29T19:24:08+00:00\",\"breadcrumb\":{\"@id\":\"https:\\\/\\\/blogdofarnesio.com.br\\\/?p=351396#breadcrumb\"},\"inLanguage\":\"pt-BR\",\"potentialAction\":[{\"@type\":\"ReadAction\",\"target\":[\"https:\\\/\\\/blogdofarnesio.com.br\\\/?p=351396\"]}]},{\"@type\":\"ImageObject\",\"inLanguage\":\"pt-BR\",\"@id\":\"https:\\\/\\\/blogdofarnesio.com.br\\\/?p=351396#primaryimage\",\"url\":\"https:\\\/\\\/blogdofarnesio.com.br\\\/wp-content\\\/uploads\\\/2023\\\/09\\\/modelo-da-caixa-e1696012847650.jpeg\",\"contentUrl\":\"https:\\\/\\\/blogdofarnesio.com.br\\\/wp-content\\\/uploads\\\/2023\\\/09\\\/modelo-da-caixa-e1696012847650.jpeg\",\"width\":600,\"height\":400},{\"@type\":\"BreadcrumbList\",\"@id\":\"https:\\\/\\\/blogdofarnesio.com.br\\\/?p=351396#breadcrumb\",\"itemListElement\":[{\"@type\":\"ListItem\",\"position\":1,\"name\":\"In\u00edcio\",\"item\":\"https:\\\/\\\/blogdofarnesio.com.br\\\/\"},{\"@type\":\"ListItem\",\"position\":2,\"name\":\"Leil\u00e3o Solid\u00e1rio do Transforma Petrolina acontece nessa sexta-feira\"}]},{\"@type\":\"WebSite\",\"@id\":\"https:\\\/\\\/blogdofarnesio.com.br\\\/#website\",\"url\":\"https:\\\/\\\/blogdofarnesio.com.br\\\/\",\"name\":\"Blog do Farn\u00e9sio\",\"description\":\"Quer Saber Pol\u00edtica?\",\"publisher\":{\"@id\":\"https:\\\/\\\/blogdofarnesio.com.br\\\/#organization\"},\"potentialAction\":[{\"@type\":\"SearchAction\",\"target\":{\"@type\":\"EntryPoint\",\"urlTemplate\":\"https:\\\/\\\/blogdofarnesio.com.br\\\/?s={search_term_string}\"},\"query-input\":{\"@type\":\"PropertyValueSpecification\",\"valueRequired\":true,\"valueName\":\"search_term_string\"}}],\"inLanguage\":\"pt-BR\"},{\"@type\":\"Organization\",\"@id\":\"https:\\\/\\\/blogdofarnesio.com.br\\\/#organization\",\"name\":\"Blog do Farn\u00e9sio\",\"url\":\"https:\\\/\\\/blogdofarnesio.com.br\\\/\",\"logo\":{\"@type\":\"ImageObject\",\"inLanguage\":\"pt-BR\",\"@id\":\"https:\\\/\\\/blogdofarnesio.com.br\\\/#\\\/schema\\\/logo\\\/image\\\/\",\"url\":\"https:\\\/\\\/blogdofarnesio.com.br\\\/wp-content\\\/uploads\\\/2026\\\/03\\\/cropped-logo_new-1.png\",\"contentUrl\":\"https:\\\/\\\/blogdofarnesio.com.br\\\/wp-content\\\/uploads\\\/2026\\\/03\\\/cropped-logo_new-1.png\",\"width\":881,\"height\":685,\"caption\":\"Blog do Farn\u00e9sio\"},\"image\":{\"@id\":\"https:\\\/\\\/blogdofarnesio.com.br\\\/#\\\/schema\\\/logo\\\/image\\\/\"},\"sameAs\":[\"https:\\\/\\\/www.facebook.com\\\/BlogQuerSaberPolitica\\\/\"]},{\"@type\":\"Person\",\"@id\":\"https:\\\/\\\/blogdofarnesio.com.br\\\/#\\\/schema\\\/person\\\/bb9b23ae3ad0609ce8df7b6c9e76824d\",\"name\":\"Farn\u00e9sio\",\"image\":{\"@type\":\"ImageObject\",\"inLanguage\":\"pt-BR\",\"@id\":\"https:\\\/\\\/secure.gravatar.com\\\/avatar\\\/986aa4c61ccdb66f8555bf88fc2a65609d00bcabd4d2d94377a727547345cbca?s=96&d=mm&r=g\",\"url\":\"https:\\\/\\\/secure.gravatar.com\\\/avatar\\\/986aa4c61ccdb66f8555bf88fc2a65609d00bcabd4d2d94377a727547345cbca?s=96&d=mm&r=g\",\"contentUrl\":\"https:\\\/\\\/secure.gravatar.com\\\/avatar\\\/986aa4c61ccdb66f8555bf88fc2a65609d00bcabd4d2d94377a727547345cbca?s=96&d=mm&r=g\",\"caption\":\"Farn\u00e9sio\"},\"description\":\"Radialista blogueiro, chegou a Petrolina\\\/Juazeiro em setembro de 1980, Farn\u00e9sio Silva \u00e9 de Arapiraca-Alagoas.\",\"sameAs\":[\"http:\\\/\\\/blogdofarnesio.com.br\",\"https:\\\/\\\/www.facebook.com\\\/?ref=tn_tnmn\",\"https:\\\/\\\/www.instagram.com\\\/?utm_source=pwa_homescreen\",\"https:\\\/\\\/youtube.com.br\\\/\"],\"url\":\"https:\\\/\\\/blogdofarnesio.com.br\\\/?author=2\"}]}<\/script>\n<!-- \/ Yoast SEO plugin. -->","yoast_head_json":{"title":"Leil\u00e3o Solid\u00e1rio do Transforma Petrolina acontece nessa sexta-feira - Blog do Farn\u00e9sio","robots":{"index":"index","follow":"follow","max-snippet":"max-snippet:-1","max-image-preview":"max-image-preview:large","max-video-preview":"max-video-preview:-1"},"canonical":"https:\/\/blogdofarnesio.com.br\/?p=351396","og_locale":"pt_BR","og_type":"article","og_title":"Leil\u00e3o Solid\u00e1rio do Transforma Petrolina acontece nessa sexta-feira - Blog do Farn\u00e9sio","og_description":"O Leil\u00e3o Solid\u00e1rio do Transforma Petrolina promete muita emo\u00e7\u00e3o e solidariedade. O aguardado evento beneficente acontece nessa sexta-feira (29), \u00e0s 19h, no \u00a0Maria Leite Recep\u00e7\u00f5es e \u00a0conta com mais de 50 pe\u00e7as exclusivas tanto de cantores \u00a0de proje\u00e7\u00e3o nacional, obras de arte de artistas pl\u00e1sticos \u00a0renomados, quanto de lojas locais que demonstraram seu apoio ao evento doando pe\u00e7as exclusivas para enriquecer o lote. Entre as novidades do leil\u00e3o, est\u00e3o itens do sertanejo Gusttavo Lima, do Rei do Piseiro, \u00a0Jo\u00e3o Gomes e do forrozeiro Nattanzinho. Todas as pe\u00e7as est\u00e3o dispon\u00edveis para visualiza\u00e7\u00e3o e lance no site oficial do leil\u00e3o, a &#8220;Lance Certo Leil\u00e3o&#8221;, e permite que o p\u00fablico confira as op\u00e7\u00f5es e oferte lances pr\u00e9vios. Para participar presencialmente, ainda \u00e9 poss\u00edvel&hellip;","og_url":"https:\/\/blogdofarnesio.com.br\/?p=351396","og_site_name":"Blog do Farn\u00e9sio","article_publisher":"https:\/\/www.facebook.com\/BlogQuerSaberPolitica\/","article_author":"https:\/\/www.facebook.com\/?ref=tn_tnmn","article_published_time":"2023-09-29T19:24:08+00:00","og_image":[{"width":600,"height":400,"url":"https:\/\/blogdofarnesio.com.br\/wp-content\/uploads\/2023\/09\/modelo-da-caixa-e1696012847650.jpeg","type":"image\/jpeg"}],"author":"Farn\u00e9sio","twitter_card":"summary_large_image","twitter_misc":{"Escrito por":"Farn\u00e9sio","Est. tempo de leitura":"2 minutos"},"schema":{"@context":"https:\/\/schema.org","@graph":[{"@type":"Article","@id":"https:\/\/blogdofarnesio.com.br\/?p=351396#article","isPartOf":{"@id":"https:\/\/blogdofarnesio.com.br\/?p=351396"},"author":{"name":"Farn\u00e9sio","@id":"https:\/\/blogdofarnesio.com.br\/#\/schema\/person\/bb9b23ae3ad0609ce8df7b6c9e76824d"},"headline":"Leil\u00e3o Solid\u00e1rio do Transforma Petrolina acontece nessa sexta-feira","datePublished":"2023-09-29T19:24:08+00:00","mainEntityOfPage":{"@id":"https:\/\/blogdofarnesio.com.br\/?p=351396"},"wordCount":271,"commentCount":0,"publisher":{"@id":"https:\/\/blogdofarnesio.com.br\/#organization"},"image":{"@id":"https:\/\/blogdofarnesio.com.br\/?p=351396#primaryimage"},"thumbnailUrl":"https:\/\/blogdofarnesio.com.br\/wp-content\/uploads\/2023\/09\/modelo-da-caixa-e1696012847650.jpeg","articleSection":["A\u00e7\u00e3o Social"],"inLanguage":"pt-BR","potentialAction":[{"@type":"CommentAction","name":"Comment","target":["https:\/\/blogdofarnesio.com.br\/?p=351396#respond"]}]},{"@type":"WebPage","@id":"https:\/\/blogdofarnesio.com.br\/?p=351396","url":"https:\/\/blogdofarnesio.com.br\/?p=351396","name":"Leil\u00e3o Solid\u00e1rio do Transforma Petrolina acontece nessa sexta-feira - Blog do Farn\u00e9sio","isPartOf":{"@id":"https:\/\/blogdofarnesio.com.br\/#website"},"primaryImageOfPage":{"@id":"https:\/\/blogdofarnesio.com.br\/?p=351396#primaryimage"},"image":{"@id":"https:\/\/blogdofarnesio.com.br\/?p=351396#primaryimage"},"thumbnailUrl":"https:\/\/blogdofarnesio.com.br\/wp-content\/uploads\/2023\/09\/modelo-da-caixa-e1696012847650.jpeg","datePublished":"2023-09-29T19:24:08+00:00","breadcrumb":{"@id":"https:\/\/blogdofarnesio.com.br\/?p=351396#breadcrumb"},"inLanguage":"pt-BR","potentialAction":[{"@type":"ReadAction","target":["https:\/\/blogdofarnesio.com.br\/?p=351396"]}]},{"@type":"ImageObject","inLanguage":"pt-BR","@id":"https:\/\/blogdofarnesio.com.br\/?p=351396#primaryimage","url":"https:\/\/blogdofarnesio.com.br\/wp-content\/uploads\/2023\/09\/modelo-da-caixa-e1696012847650.jpeg","contentUrl":"https:\/\/blogdofarnesio.com.br\/wp-content\/uploads\/2023\/09\/modelo-da-caixa-e1696012847650.jpeg","width":600,"height":400},{"@type":"BreadcrumbList","@id":"https:\/\/blogdofarnesio.com.br\/?p=351396#breadcrumb","itemListElement":[{"@type":"ListItem","position":1,"name":"In\u00edcio","item":"https:\/\/blogdofarnesio.com.br\/"},{"@type":"ListItem","position":2,"name":"Leil\u00e3o Solid\u00e1rio do Transforma Petrolina acontece nessa sexta-feira"}]},{"@type":"WebSite","@id":"https:\/\/blogdofarnesio.com.br\/#website","url":"https:\/\/blogdofarnesio.com.br\/","name":"Blog do Farn\u00e9sio","description":"Quer Saber Pol\u00edtica?","publisher":{"@id":"https:\/\/blogdofarnesio.com.br\/#organization"},"potentialAction":[{"@type":"SearchAction","target":{"@type":"EntryPoint","urlTemplate":"https:\/\/blogdofarnesio.com.br\/?s={search_term_string}"},"query-input":{"@type":"PropertyValueSpecification","valueRequired":true,"valueName":"search_term_string"}}],"inLanguage":"pt-BR"},{"@type":"Organization","@id":"https:\/\/blogdofarnesio.com.br\/#organization","name":"Blog do Farn\u00e9sio","url":"https:\/\/blogdofarnesio.com.br\/","logo":{"@type":"ImageObject","inLanguage":"pt-BR","@id":"https:\/\/blogdofarnesio.com.br\/#\/schema\/logo\/image\/","url":"https:\/\/blogdofarnesio.com.br\/wp-content\/uploads\/2026\/03\/cropped-logo_new-1.png","contentUrl":"https:\/\/blogdofarnesio.com.br\/wp-content\/uploads\/2026\/03\/cropped-logo_new-1.png","width":881,"height":685,"caption":"Blog do Farn\u00e9sio"},"image":{"@id":"https:\/\/blogdofarnesio.com.br\/#\/schema\/logo\/image\/"},"sameAs":["https:\/\/www.facebook.com\/BlogQuerSaberPolitica\/"]},{"@type":"Person","@id":"https:\/\/blogdofarnesio.com.br\/#\/schema\/person\/bb9b23ae3ad0609ce8df7b6c9e76824d","name":"Farn\u00e9sio","image":{"@type":"ImageObject","inLanguage":"pt-BR","@id":"https:\/\/secure.gravatar.com\/avatar\/986aa4c61ccdb66f8555bf88fc2a65609d00bcabd4d2d94377a727547345cbca?s=96&d=mm&r=g","url":"https:\/\/secure.gravatar.com\/avatar\/986aa4c61ccdb66f8555bf88fc2a65609d00bcabd4d2d94377a727547345cbca?s=96&d=mm&r=g","contentUrl":"https:\/\/secure.gravatar.com\/avatar\/986aa4c61ccdb66f8555bf88fc2a65609d00bcabd4d2d94377a727547345cbca?s=96&d=mm&r=g","caption":"Farn\u00e9sio"},"description":"Radialista blogueiro, chegou a Petrolina\/Juazeiro em setembro de 1980, Farn\u00e9sio Silva \u00e9 de Arapiraca-Alagoas.","sameAs":["http:\/\/blogdofarnesio.com.br","https:\/\/www.facebook.com\/?ref=tn_tnmn","https:\/\/www.instagram.com\/?utm_source=pwa_homescreen","https:\/\/youtube.com.br\/"],"url":"https:\/\/blogdofarnesio.com.br\/?author=2"}]}},"_links":{"self":[{"href":"https:\/\/blogdofarnesio.com.br\/index.php?rest_route=\/wp\/v2\/posts\/351396","targetHints":{"allow":["GET"]}}],"collection":[{"href":"https:\/\/blogdofarnesio.com.br\/index.php?rest_route=\/wp\/v2\/posts"}],"about":[{"href":"https:\/\/blogdofarnesio.com.br\/index.php?rest_route=\/wp\/v2\/types\/post"}],"author":[{"embeddable":true,"href":"https:\/\/blogdofarnesio.com.br\/index.php?rest_route=\/wp\/v2\/users\/2"}],"replies":[{"embeddable":true,"href":"https:\/\/blogdofarnesio.com.br\/index.php?rest_route=%2Fwp%2Fv2%2Fcomments&post=351396"}],"version-history":[{"count":0,"href":"https:\/\/blogdofarnesio.com.br\/index.php?rest_route=\/wp\/v2\/posts\/351396\/revisions"}],"wp:featuredmedia":[{"embeddable":true,"href":"https:\/\/blogdofarnesio.com.br\/index.php?rest_route=\/wp\/v2\/media\/351397"}],"wp:attachment":[{"href":"https:\/\/blogdofarnesio.com.br\/index.php?rest_route=%2Fwp%2Fv2%2Fmedia&parent=351396"}],"wp:term":[{"taxonomy":"category","embeddable":true,"href":"https:\/\/blogdofarnesio.com.br\/index.php?rest_route=%2Fwp%2Fv2%2Fcategories&post=351396"},{"taxonomy":"post_tag","embeddable":true,"href":"https:\/\/blogdofarnesio.com.br\/index.php?rest_route=%2Fwp%2Fv2%2Ftags&post=351396"}],"curies":[{"name":"wp","href":"https:\/\/api.w.org\/{rel}","templated":true}]}}