{"id":351367,"date":"2023-09-29T16:04:45","date_gmt":"2023-09-29T19:04:45","guid":{"rendered":"https:\/\/blogdofarnesio.com.br\/?p=351367"},"modified":"2023-09-29T15:42:00","modified_gmt":"2023-09-29T18:42:00","slug":"setembro-azul-prefeitura-de-juazeiro-adere-a-campanha-e-promove-acoes-de-inclusao","status":"publish","type":"post","link":"https:\/\/blogdofarnesio.com.br\/?p=351367","title":{"rendered":"Setembro Azul: Prefeitura de Juazeiro adere a campanha e promove a\u00e7\u00f5es de inclus\u00e3o"},"content":{"rendered":"<div>Em alus\u00e3o \u00e0 Campanha Setembro Azul, m\u00eas de visibilidade da comunidade surda brasileira, a Prefeitura de Juazeiro, atrav\u00e9s da Secretaria de Educa\u00e7\u00e3o e Juventude (Seduc), por meio do N\u00facleo de Atendimento Psicossocial e Inclus\u00e3o (Napsi), realizou na noite desta quinta-feira (28), no audit\u00f3rio da Seduc, mais uma a\u00e7\u00e3o de pr\u00e1ticas inclusivas, com o tema \u2018M\u00e3os que falam, olhos que ouvem\u2019.<\/div>\n<div><\/div>\n<div>A iniciativa foi composta por uma roda de conversa com a finalidade de dialogar sobre a Campanha Setembro Azul, per\u00edodo marcado por diversas mobiliza\u00e7\u00f5es da comunidade surda. Participaram como mediadores da ocasi\u00e3o, a coordenadora do Napsi, Jum\u00e1ria Monteiro, o presidente da Associa\u00e7\u00e3o de Surdos de Juazeiro, Leandro Bahia, pessoa surda, e a instrutora de Libras e tamb\u00e9m pessoa surda, Carmela Brito. Al\u00e9m disso, a ocasi\u00e3o foi abrilhantada pela apresenta\u00e7\u00e3o do Coral em Libras, composto pelos alunos da Escola Municipal Paulo IV.<\/div>\n<div><\/div>\n<div>\u201cA Libras surgiu para mim de forma muito volunt\u00e1ria. Eu era professora de ingl\u00eas em sala comum, e acabei me interessando por aprender a l\u00edngua de sinais at\u00e9 migrar para a Educa\u00e7\u00e3o Especial, onde me tornei int\u00e9rprete de Libras. A partir da\u00ed eu me apaixonei pela \u00e1rea e passei a desenvolver iniciativas voltadas para esse p\u00fablico, como o coral, que hoje tem se consolidado. Ap\u00f3s tr\u00eas anos de exist\u00eancia, j\u00e1 recebemos convites para participar de v\u00e1rios eventos. A ideia \u00e9 quebrar barreiras, integrar os estudantes e propor um aprendizado inclusivo, onde seja poss\u00edvel a intera\u00e7\u00e3o entre as diferentes formas de se comunicar\u201d, declarou Mailla Nayana, professora int\u00e9rprete de Libras do Col\u00e9gio Municipal Paulo VI.<\/div>\n<div><\/div>\n<div>Presente na ocasi\u00e3o, estudante e integrante do coral do Col\u00e9gio Municipal Paulo VI, e pessoa surda, Lavinha Vieira, de 12 anos, compartilhou o sentimento de participar da programa\u00e7\u00e3o. \u201cEu gostei bastante de participar e me sinto muito feliz de meus colegas terem aprendido a conversar comigo atrav\u00e9s da l\u00edngua de sinais\u201d, contou Lavinha.<\/div>\n<div><\/div>\n<div>A aluna do Col\u00e9gio Municipal Paulo VI, Ellen Moara, de 11 anos, complementou as contribui\u00e7\u00f5es da colega de escola, Lavinha, destacando como iniciou o aprendizado da L\u00edngua Brasileira de Sinais. \u201cEu aprendi a l\u00edngua de sinais na Escola de Idiomas, da Prefeitura de Juazeiro, onde comecei a ter uma no\u00e7\u00e3o de como conversar com uma pessoa com defici\u00eancia auditiva. Eu acho uma experi\u00eancia muito gratificante poder conversar em libras e participar desses eventos\u201d, compartilhou Ellen.<\/div>\n<div><\/div>\n<div>Datas Marcantes<\/div>\n<div>A Campanha Setembro Azul, possui algumas datas marcantes para a hist\u00f3ria da pessoa surda, como os dias 6 e 11 de setembro, que lembram o Congresso de Mil\u00e3o de 1880, onde ficou proibido o uso das L\u00ednguas de Sinais na educa\u00e7\u00e3o dos surdos, obrigando que essas pessoas se adaptassem \u00e0s l\u00ednguas orais. No dia 23 do mesmo m\u00eas, \u00e9 celebrado o Dia Internacional das L\u00ednguas de Sinais, enquanto no dia 26, \u00e9 comemorado o Dia Nacional do Surdo, e em seguida, no dia 30, \u00e9 celebrado o Dia do Tradutor de Libras.<\/div>\n<div><\/div>\n<div>\u201cEste momento foi voltado para conscientiza\u00e7\u00e3o sobre a acessibilidade e a comemora\u00e7\u00e3o das conquistas obtidas ao longo dos anos. A proposta foi possibilitar um momento formativo e reflexivo acerca da luta da pessoa surda, dialogando sobre a raz\u00e3o do azul ser a cor s\u00edmbolo da campanha, que tem raiz em um passado triste, lembrando os surdos que foram v\u00edtimas de opress\u00e3o, mas que hoje representam a riqueza cultural de uma comunidade que brilha com orgulho e serve como for\u00e7a propulsora para mudan\u00e7as\u201d, explicou a formadora do Napsi, Lidiane Oliveira.<\/div>\n<div><\/div>\n<div>Texto: Camila Santana \u2013 Ascom Seduc\/PMJ<\/div>\n","protected":false},"excerpt":{"rendered":"<p>Em alus\u00e3o \u00e0 Campanha Setembro Azul, m\u00eas de visibilidade da comunidade surda brasileira, a Prefeitura de Juazeiro, atrav\u00e9s da Secretaria de Educa\u00e7\u00e3o e Juventude (Seduc), por meio do N\u00facleo de Atendimento Psicossocial e Inclus\u00e3o (Napsi), realizou na noite desta quinta-feira (28), no audit\u00f3rio da Seduc, mais uma a\u00e7\u00e3o de pr\u00e1ticas inclusivas, com o tema \u2018M\u00e3os que falam, olhos que ouvem\u2019. A iniciativa foi composta por uma roda de conversa com a finalidade de dialogar sobre a Campanha Setembro Azul, per\u00edodo marcado por diversas mobiliza\u00e7\u00f5es da comunidade surda. Participaram como mediadores da ocasi\u00e3o, a coordenadora do Napsi, Jum\u00e1ria Monteiro, o presidente da Associa\u00e7\u00e3o de Surdos de Juazeiro, Leandro Bahia, pessoa surda, e a instrutora de Libras e tamb\u00e9m pessoa surda, Carmela&hellip; <\/p>\n","protected":false},"author":2,"featured_media":310191,"comment_status":"open","ping_status":"open","sticky":false,"template":"","format":"standard","meta":{"_acf_changed":false,"footnotes":""},"categories":[22],"tags":[],"class_list":["post-351367","post","type-post","status-publish","format-standard","has-post-thumbnail","hentry","category-acao-social"],"acf":[],"yoast_head":"<!-- This site is optimized with the Yoast SEO plugin v27.4 - https:\/\/yoast.com\/product\/yoast-seo-wordpress\/ -->\n<title>Setembro Azul: Prefeitura de Juazeiro adere a campanha e promove a\u00e7\u00f5es de inclus\u00e3o - Blog do Farn\u00e9sio<\/title>\n<meta name=\"robots\" content=\"index, follow, max-snippet:-1, max-image-preview:large, max-video-preview:-1\" \/>\n<link rel=\"canonical\" href=\"https:\/\/blogdofarnesio.com.br\/?p=351367\" \/>\n<meta property=\"og:locale\" content=\"pt_BR\" \/>\n<meta property=\"og:type\" content=\"article\" \/>\n<meta property=\"og:title\" content=\"Setembro Azul: Prefeitura de Juazeiro adere a campanha e promove a\u00e7\u00f5es de inclus\u00e3o - Blog do Farn\u00e9sio\" \/>\n<meta property=\"og:description\" content=\"Em alus\u00e3o \u00e0 Campanha Setembro Azul, m\u00eas de visibilidade da comunidade surda brasileira, a Prefeitura de Juazeiro, atrav\u00e9s da Secretaria de Educa\u00e7\u00e3o e Juventude (Seduc), por meio do N\u00facleo de Atendimento Psicossocial e Inclus\u00e3o (Napsi), realizou na noite desta quinta-feira (28), no audit\u00f3rio da Seduc, mais uma a\u00e7\u00e3o de pr\u00e1ticas inclusivas, com o tema \u2018M\u00e3os que falam, olhos que ouvem\u2019. A iniciativa foi composta por uma roda de conversa com a finalidade de dialogar sobre a Campanha Setembro Azul, per\u00edodo marcado por diversas mobiliza\u00e7\u00f5es da comunidade surda. Participaram como mediadores da ocasi\u00e3o, a coordenadora do Napsi, Jum\u00e1ria Monteiro, o presidente da Associa\u00e7\u00e3o de Surdos de Juazeiro, Leandro Bahia, pessoa surda, e a instrutora de Libras e tamb\u00e9m pessoa surda, Carmela&hellip;\" \/>\n<meta property=\"og:url\" content=\"https:\/\/blogdofarnesio.com.br\/?p=351367\" \/>\n<meta property=\"og:site_name\" content=\"Blog do Farn\u00e9sio\" \/>\n<meta property=\"article:publisher\" content=\"https:\/\/www.facebook.com\/BlogQuerSaberPolitica\/\" \/>\n<meta property=\"article:author\" content=\"https:\/\/www.facebook.com\/?ref=tn_tnmn\" \/>\n<meta property=\"article:published_time\" content=\"2023-09-29T19:04:45+00:00\" \/>\n<meta property=\"og:image\" content=\"https:\/\/blogdofarnesio.com.br\/wp-content\/uploads\/2022\/04\/blogqspdia-mundial-autismo.png\" \/>\n\t<meta property=\"og:image:width\" content=\"800\" \/>\n\t<meta property=\"og:image:height\" content=\"534\" \/>\n\t<meta property=\"og:image:type\" content=\"image\/png\" \/>\n<meta name=\"author\" content=\"Farn\u00e9sio\" \/>\n<meta name=\"twitter:card\" content=\"summary_large_image\" \/>\n<meta name=\"twitter:label1\" content=\"Escrito por\" \/>\n\t<meta name=\"twitter:data1\" content=\"Farn\u00e9sio\" \/>\n\t<meta name=\"twitter:label2\" content=\"Est. tempo de leitura\" \/>\n\t<meta name=\"twitter:data2\" content=\"4 minutos\" \/>\n<script type=\"application\/ld+json\" class=\"yoast-schema-graph\">{\"@context\":\"https:\\\/\\\/schema.org\",\"@graph\":[{\"@type\":\"Article\",\"@id\":\"https:\\\/\\\/blogdofarnesio.com.br\\\/?p=351367#article\",\"isPartOf\":{\"@id\":\"https:\\\/\\\/blogdofarnesio.com.br\\\/?p=351367\"},\"author\":{\"name\":\"Farn\u00e9sio\",\"@id\":\"https:\\\/\\\/blogdofarnesio.com.br\\\/#\\\/schema\\\/person\\\/bb9b23ae3ad0609ce8df7b6c9e76824d\"},\"headline\":\"Setembro Azul: Prefeitura de Juazeiro adere a campanha e promove a\u00e7\u00f5es de inclus\u00e3o\",\"datePublished\":\"2023-09-29T19:04:45+00:00\",\"mainEntityOfPage\":{\"@id\":\"https:\\\/\\\/blogdofarnesio.com.br\\\/?p=351367\"},\"wordCount\":633,\"commentCount\":0,\"publisher\":{\"@id\":\"https:\\\/\\\/blogdofarnesio.com.br\\\/#organization\"},\"image\":{\"@id\":\"https:\\\/\\\/blogdofarnesio.com.br\\\/?p=351367#primaryimage\"},\"thumbnailUrl\":\"https:\\\/\\\/blogdofarnesio.com.br\\\/wp-content\\\/uploads\\\/2022\\\/04\\\/blogqspdia-mundial-autismo.png\",\"articleSection\":[\"A\u00e7\u00e3o Social\"],\"inLanguage\":\"pt-BR\",\"potentialAction\":[{\"@type\":\"CommentAction\",\"name\":\"Comment\",\"target\":[\"https:\\\/\\\/blogdofarnesio.com.br\\\/?p=351367#respond\"]}]},{\"@type\":\"WebPage\",\"@id\":\"https:\\\/\\\/blogdofarnesio.com.br\\\/?p=351367\",\"url\":\"https:\\\/\\\/blogdofarnesio.com.br\\\/?p=351367\",\"name\":\"Setembro Azul: Prefeitura de Juazeiro adere a campanha e promove a\u00e7\u00f5es de inclus\u00e3o - Blog do Farn\u00e9sio\",\"isPartOf\":{\"@id\":\"https:\\\/\\\/blogdofarnesio.com.br\\\/#website\"},\"primaryImageOfPage\":{\"@id\":\"https:\\\/\\\/blogdofarnesio.com.br\\\/?p=351367#primaryimage\"},\"image\":{\"@id\":\"https:\\\/\\\/blogdofarnesio.com.br\\\/?p=351367#primaryimage\"},\"thumbnailUrl\":\"https:\\\/\\\/blogdofarnesio.com.br\\\/wp-content\\\/uploads\\\/2022\\\/04\\\/blogqspdia-mundial-autismo.png\",\"datePublished\":\"2023-09-29T19:04:45+00:00\",\"breadcrumb\":{\"@id\":\"https:\\\/\\\/blogdofarnesio.com.br\\\/?p=351367#breadcrumb\"},\"inLanguage\":\"pt-BR\",\"potentialAction\":[{\"@type\":\"ReadAction\",\"target\":[\"https:\\\/\\\/blogdofarnesio.com.br\\\/?p=351367\"]}]},{\"@type\":\"ImageObject\",\"inLanguage\":\"pt-BR\",\"@id\":\"https:\\\/\\\/blogdofarnesio.com.br\\\/?p=351367#primaryimage\",\"url\":\"https:\\\/\\\/blogdofarnesio.com.br\\\/wp-content\\\/uploads\\\/2022\\\/04\\\/blogqspdia-mundial-autismo.png\",\"contentUrl\":\"https:\\\/\\\/blogdofarnesio.com.br\\\/wp-content\\\/uploads\\\/2022\\\/04\\\/blogqspdia-mundial-autismo.png\",\"width\":800,\"height\":534},{\"@type\":\"BreadcrumbList\",\"@id\":\"https:\\\/\\\/blogdofarnesio.com.br\\\/?p=351367#breadcrumb\",\"itemListElement\":[{\"@type\":\"ListItem\",\"position\":1,\"name\":\"In\u00edcio\",\"item\":\"https:\\\/\\\/blogdofarnesio.com.br\\\/\"},{\"@type\":\"ListItem\",\"position\":2,\"name\":\"Setembro Azul: Prefeitura de Juazeiro adere a campanha e promove a\u00e7\u00f5es de inclus\u00e3o\"}]},{\"@type\":\"WebSite\",\"@id\":\"https:\\\/\\\/blogdofarnesio.com.br\\\/#website\",\"url\":\"https:\\\/\\\/blogdofarnesio.com.br\\\/\",\"name\":\"Blog do Farn\u00e9sio\",\"description\":\"Quer Saber Pol\u00edtica?\",\"publisher\":{\"@id\":\"https:\\\/\\\/blogdofarnesio.com.br\\\/#organization\"},\"potentialAction\":[{\"@type\":\"SearchAction\",\"target\":{\"@type\":\"EntryPoint\",\"urlTemplate\":\"https:\\\/\\\/blogdofarnesio.com.br\\\/?s={search_term_string}\"},\"query-input\":{\"@type\":\"PropertyValueSpecification\",\"valueRequired\":true,\"valueName\":\"search_term_string\"}}],\"inLanguage\":\"pt-BR\"},{\"@type\":\"Organization\",\"@id\":\"https:\\\/\\\/blogdofarnesio.com.br\\\/#organization\",\"name\":\"Blog do Farn\u00e9sio\",\"url\":\"https:\\\/\\\/blogdofarnesio.com.br\\\/\",\"logo\":{\"@type\":\"ImageObject\",\"inLanguage\":\"pt-BR\",\"@id\":\"https:\\\/\\\/blogdofarnesio.com.br\\\/#\\\/schema\\\/logo\\\/image\\\/\",\"url\":\"https:\\\/\\\/blogdofarnesio.com.br\\\/wp-content\\\/uploads\\\/2026\\\/03\\\/cropped-logo_new-1.png\",\"contentUrl\":\"https:\\\/\\\/blogdofarnesio.com.br\\\/wp-content\\\/uploads\\\/2026\\\/03\\\/cropped-logo_new-1.png\",\"width\":881,\"height\":685,\"caption\":\"Blog do Farn\u00e9sio\"},\"image\":{\"@id\":\"https:\\\/\\\/blogdofarnesio.com.br\\\/#\\\/schema\\\/logo\\\/image\\\/\"},\"sameAs\":[\"https:\\\/\\\/www.facebook.com\\\/BlogQuerSaberPolitica\\\/\"]},{\"@type\":\"Person\",\"@id\":\"https:\\\/\\\/blogdofarnesio.com.br\\\/#\\\/schema\\\/person\\\/bb9b23ae3ad0609ce8df7b6c9e76824d\",\"name\":\"Farn\u00e9sio\",\"image\":{\"@type\":\"ImageObject\",\"inLanguage\":\"pt-BR\",\"@id\":\"https:\\\/\\\/secure.gravatar.com\\\/avatar\\\/986aa4c61ccdb66f8555bf88fc2a65609d00bcabd4d2d94377a727547345cbca?s=96&d=mm&r=g\",\"url\":\"https:\\\/\\\/secure.gravatar.com\\\/avatar\\\/986aa4c61ccdb66f8555bf88fc2a65609d00bcabd4d2d94377a727547345cbca?s=96&d=mm&r=g\",\"contentUrl\":\"https:\\\/\\\/secure.gravatar.com\\\/avatar\\\/986aa4c61ccdb66f8555bf88fc2a65609d00bcabd4d2d94377a727547345cbca?s=96&d=mm&r=g\",\"caption\":\"Farn\u00e9sio\"},\"description\":\"Radialista blogueiro, chegou a Petrolina\\\/Juazeiro em setembro de 1980, Farn\u00e9sio Silva \u00e9 de Arapiraca-Alagoas.\",\"sameAs\":[\"http:\\\/\\\/blogdofarnesio.com.br\",\"https:\\\/\\\/www.facebook.com\\\/?ref=tn_tnmn\",\"https:\\\/\\\/www.instagram.com\\\/?utm_source=pwa_homescreen\",\"https:\\\/\\\/youtube.com.br\\\/\"],\"url\":\"https:\\\/\\\/blogdofarnesio.com.br\\\/?author=2\"}]}<\/script>\n<!-- \/ Yoast SEO plugin. -->","yoast_head_json":{"title":"Setembro Azul: Prefeitura de Juazeiro adere a campanha e promove a\u00e7\u00f5es de inclus\u00e3o - Blog do Farn\u00e9sio","robots":{"index":"index","follow":"follow","max-snippet":"max-snippet:-1","max-image-preview":"max-image-preview:large","max-video-preview":"max-video-preview:-1"},"canonical":"https:\/\/blogdofarnesio.com.br\/?p=351367","og_locale":"pt_BR","og_type":"article","og_title":"Setembro Azul: Prefeitura de Juazeiro adere a campanha e promove a\u00e7\u00f5es de inclus\u00e3o - Blog do Farn\u00e9sio","og_description":"Em alus\u00e3o \u00e0 Campanha Setembro Azul, m\u00eas de visibilidade da comunidade surda brasileira, a Prefeitura de Juazeiro, atrav\u00e9s da Secretaria de Educa\u00e7\u00e3o e Juventude (Seduc), por meio do N\u00facleo de Atendimento Psicossocial e Inclus\u00e3o (Napsi), realizou na noite desta quinta-feira (28), no audit\u00f3rio da Seduc, mais uma a\u00e7\u00e3o de pr\u00e1ticas inclusivas, com o tema \u2018M\u00e3os que falam, olhos que ouvem\u2019. A iniciativa foi composta por uma roda de conversa com a finalidade de dialogar sobre a Campanha Setembro Azul, per\u00edodo marcado por diversas mobiliza\u00e7\u00f5es da comunidade surda. Participaram como mediadores da ocasi\u00e3o, a coordenadora do Napsi, Jum\u00e1ria Monteiro, o presidente da Associa\u00e7\u00e3o de Surdos de Juazeiro, Leandro Bahia, pessoa surda, e a instrutora de Libras e tamb\u00e9m pessoa surda, Carmela&hellip;","og_url":"https:\/\/blogdofarnesio.com.br\/?p=351367","og_site_name":"Blog do Farn\u00e9sio","article_publisher":"https:\/\/www.facebook.com\/BlogQuerSaberPolitica\/","article_author":"https:\/\/www.facebook.com\/?ref=tn_tnmn","article_published_time":"2023-09-29T19:04:45+00:00","og_image":[{"width":800,"height":534,"url":"https:\/\/blogdofarnesio.com.br\/wp-content\/uploads\/2022\/04\/blogqspdia-mundial-autismo.png","type":"image\/png"}],"author":"Farn\u00e9sio","twitter_card":"summary_large_image","twitter_misc":{"Escrito por":"Farn\u00e9sio","Est. tempo de leitura":"4 minutos"},"schema":{"@context":"https:\/\/schema.org","@graph":[{"@type":"Article","@id":"https:\/\/blogdofarnesio.com.br\/?p=351367#article","isPartOf":{"@id":"https:\/\/blogdofarnesio.com.br\/?p=351367"},"author":{"name":"Farn\u00e9sio","@id":"https:\/\/blogdofarnesio.com.br\/#\/schema\/person\/bb9b23ae3ad0609ce8df7b6c9e76824d"},"headline":"Setembro Azul: Prefeitura de Juazeiro adere a campanha e promove a\u00e7\u00f5es de inclus\u00e3o","datePublished":"2023-09-29T19:04:45+00:00","mainEntityOfPage":{"@id":"https:\/\/blogdofarnesio.com.br\/?p=351367"},"wordCount":633,"commentCount":0,"publisher":{"@id":"https:\/\/blogdofarnesio.com.br\/#organization"},"image":{"@id":"https:\/\/blogdofarnesio.com.br\/?p=351367#primaryimage"},"thumbnailUrl":"https:\/\/blogdofarnesio.com.br\/wp-content\/uploads\/2022\/04\/blogqspdia-mundial-autismo.png","articleSection":["A\u00e7\u00e3o Social"],"inLanguage":"pt-BR","potentialAction":[{"@type":"CommentAction","name":"Comment","target":["https:\/\/blogdofarnesio.com.br\/?p=351367#respond"]}]},{"@type":"WebPage","@id":"https:\/\/blogdofarnesio.com.br\/?p=351367","url":"https:\/\/blogdofarnesio.com.br\/?p=351367","name":"Setembro Azul: Prefeitura de Juazeiro adere a campanha e promove a\u00e7\u00f5es de inclus\u00e3o - Blog do Farn\u00e9sio","isPartOf":{"@id":"https:\/\/blogdofarnesio.com.br\/#website"},"primaryImageOfPage":{"@id":"https:\/\/blogdofarnesio.com.br\/?p=351367#primaryimage"},"image":{"@id":"https:\/\/blogdofarnesio.com.br\/?p=351367#primaryimage"},"thumbnailUrl":"https:\/\/blogdofarnesio.com.br\/wp-content\/uploads\/2022\/04\/blogqspdia-mundial-autismo.png","datePublished":"2023-09-29T19:04:45+00:00","breadcrumb":{"@id":"https:\/\/blogdofarnesio.com.br\/?p=351367#breadcrumb"},"inLanguage":"pt-BR","potentialAction":[{"@type":"ReadAction","target":["https:\/\/blogdofarnesio.com.br\/?p=351367"]}]},{"@type":"ImageObject","inLanguage":"pt-BR","@id":"https:\/\/blogdofarnesio.com.br\/?p=351367#primaryimage","url":"https:\/\/blogdofarnesio.com.br\/wp-content\/uploads\/2022\/04\/blogqspdia-mundial-autismo.png","contentUrl":"https:\/\/blogdofarnesio.com.br\/wp-content\/uploads\/2022\/04\/blogqspdia-mundial-autismo.png","width":800,"height":534},{"@type":"BreadcrumbList","@id":"https:\/\/blogdofarnesio.com.br\/?p=351367#breadcrumb","itemListElement":[{"@type":"ListItem","position":1,"name":"In\u00edcio","item":"https:\/\/blogdofarnesio.com.br\/"},{"@type":"ListItem","position":2,"name":"Setembro Azul: Prefeitura de Juazeiro adere a campanha e promove a\u00e7\u00f5es de inclus\u00e3o"}]},{"@type":"WebSite","@id":"https:\/\/blogdofarnesio.com.br\/#website","url":"https:\/\/blogdofarnesio.com.br\/","name":"Blog do Farn\u00e9sio","description":"Quer Saber Pol\u00edtica?","publisher":{"@id":"https:\/\/blogdofarnesio.com.br\/#organization"},"potentialAction":[{"@type":"SearchAction","target":{"@type":"EntryPoint","urlTemplate":"https:\/\/blogdofarnesio.com.br\/?s={search_term_string}"},"query-input":{"@type":"PropertyValueSpecification","valueRequired":true,"valueName":"search_term_string"}}],"inLanguage":"pt-BR"},{"@type":"Organization","@id":"https:\/\/blogdofarnesio.com.br\/#organization","name":"Blog do Farn\u00e9sio","url":"https:\/\/blogdofarnesio.com.br\/","logo":{"@type":"ImageObject","inLanguage":"pt-BR","@id":"https:\/\/blogdofarnesio.com.br\/#\/schema\/logo\/image\/","url":"https:\/\/blogdofarnesio.com.br\/wp-content\/uploads\/2026\/03\/cropped-logo_new-1.png","contentUrl":"https:\/\/blogdofarnesio.com.br\/wp-content\/uploads\/2026\/03\/cropped-logo_new-1.png","width":881,"height":685,"caption":"Blog do Farn\u00e9sio"},"image":{"@id":"https:\/\/blogdofarnesio.com.br\/#\/schema\/logo\/image\/"},"sameAs":["https:\/\/www.facebook.com\/BlogQuerSaberPolitica\/"]},{"@type":"Person","@id":"https:\/\/blogdofarnesio.com.br\/#\/schema\/person\/bb9b23ae3ad0609ce8df7b6c9e76824d","name":"Farn\u00e9sio","image":{"@type":"ImageObject","inLanguage":"pt-BR","@id":"https:\/\/secure.gravatar.com\/avatar\/986aa4c61ccdb66f8555bf88fc2a65609d00bcabd4d2d94377a727547345cbca?s=96&d=mm&r=g","url":"https:\/\/secure.gravatar.com\/avatar\/986aa4c61ccdb66f8555bf88fc2a65609d00bcabd4d2d94377a727547345cbca?s=96&d=mm&r=g","contentUrl":"https:\/\/secure.gravatar.com\/avatar\/986aa4c61ccdb66f8555bf88fc2a65609d00bcabd4d2d94377a727547345cbca?s=96&d=mm&r=g","caption":"Farn\u00e9sio"},"description":"Radialista blogueiro, chegou a Petrolina\/Juazeiro em setembro de 1980, Farn\u00e9sio Silva \u00e9 de Arapiraca-Alagoas.","sameAs":["http:\/\/blogdofarnesio.com.br","https:\/\/www.facebook.com\/?ref=tn_tnmn","https:\/\/www.instagram.com\/?utm_source=pwa_homescreen","https:\/\/youtube.com.br\/"],"url":"https:\/\/blogdofarnesio.com.br\/?author=2"}]}},"_links":{"self":[{"href":"https:\/\/blogdofarnesio.com.br\/index.php?rest_route=\/wp\/v2\/posts\/351367","targetHints":{"allow":["GET"]}}],"collection":[{"href":"https:\/\/blogdofarnesio.com.br\/index.php?rest_route=\/wp\/v2\/posts"}],"about":[{"href":"https:\/\/blogdofarnesio.com.br\/index.php?rest_route=\/wp\/v2\/types\/post"}],"author":[{"embeddable":true,"href":"https:\/\/blogdofarnesio.com.br\/index.php?rest_route=\/wp\/v2\/users\/2"}],"replies":[{"embeddable":true,"href":"https:\/\/blogdofarnesio.com.br\/index.php?rest_route=%2Fwp%2Fv2%2Fcomments&post=351367"}],"version-history":[{"count":0,"href":"https:\/\/blogdofarnesio.com.br\/index.php?rest_route=\/wp\/v2\/posts\/351367\/revisions"}],"wp:featuredmedia":[{"embeddable":true,"href":"https:\/\/blogdofarnesio.com.br\/index.php?rest_route=\/wp\/v2\/media\/310191"}],"wp:attachment":[{"href":"https:\/\/blogdofarnesio.com.br\/index.php?rest_route=%2Fwp%2Fv2%2Fmedia&parent=351367"}],"wp:term":[{"taxonomy":"category","embeddable":true,"href":"https:\/\/blogdofarnesio.com.br\/index.php?rest_route=%2Fwp%2Fv2%2Fcategories&post=351367"},{"taxonomy":"post_tag","embeddable":true,"href":"https:\/\/blogdofarnesio.com.br\/index.php?rest_route=%2Fwp%2Fv2%2Ftags&post=351367"}],"curies":[{"name":"wp","href":"https:\/\/api.w.org\/{rel}","templated":true}]}}