{"id":351337,"date":"2023-09-29T10:44:35","date_gmt":"2023-09-29T13:44:35","guid":{"rendered":"https:\/\/blogdofarnesio.com.br\/?p=351337"},"modified":"2023-09-28T20:45:47","modified_gmt":"2023-09-28T23:45:47","slug":"38-candidatos-concorrem-a-vagas-de-conselheiro-tutelar-em-petrolina","status":"publish","type":"post","link":"https:\/\/blogdofarnesio.com.br\/?p=351337","title":{"rendered":"38 candidatos concorrem a vagas de conselheiro tutelar em Petrolina"},"content":{"rendered":"<p style=\"font-weight: 400;\">No pr\u00f3ximo domingo (1\u00ba) acontecer\u00e1, em todo Brasil, a elei\u00e7\u00e3o dos Conselheiros Tutelares que ir\u00e3o atuar no quadri\u00eanio 2024\/2028. Em Petrolina, o processo eleitoral est\u00e1 sendo conduzido pelo Conselho Municipal dos Direitos da Crian\u00e7a e do Adolescente (CMDDCA).<\/p>\n<p style=\"font-weight: 400;\">A elei\u00e7\u00e3o para o Conselho Tutelar \u00e9 aberta para todas as pessoas que tem t\u00edtulo de eleitor e est\u00e3o em dia com a Justi\u00e7a Eleitoral. O voto \u00e9 facultativo, mas o processo de escolha \u00e9 uma oportunidade para que a sociedade defina seus representantes na miss\u00e3o de garantir os direitos da crian\u00e7a e do adolescente.<\/p>\n<p style=\"font-weight: 400;\">Em Petrolina, 38 candidatos est\u00e3o concorrendo as 10 vagas de membros titulares e seus respectivos suplentes, que ir\u00e3o atuar nas duas unidades de atendimento do Conselho Tutelar no munic\u00edpio.\u00a0<em>\u201cAs pessoas poder\u00e3o votar com o t\u00edtulo de eleitor ou um documento oficial com foto. Para facilitar e proporcionar mais comodidade para quem for votar em Petrolina, o munic\u00edpio contar\u00e1 com 147 urnas eletr\u00f4nicas. O prefeito Sim\u00e3o Durando tem acompanhado de perto todo processo eleitoral e nos orientado a conduzir com todo empenho e transpar\u00eancia\u201d,<\/em>\u00a0explica o Conselheiro e membro da Comis\u00e3o Eleitoral, Jo\u00e3o Callou.<\/p>\n<p style=\"font-weight: 400;\">A presidente da Comiss\u00e3o Eleitoral, Vanda Ferreira, destaca a import\u00e2ncia da participa\u00e7\u00e3o popular neste processo eleitoral.\u00a0<em>\u201cA prote\u00e7\u00e3o e o bem-estar de nossas crian\u00e7as e adolescentes dependem do trabalho desempenhado por esses conselheiros. Por isso, o seu voto \u00e9 um passo importante para garantir que tenhamos representantes comprometidos com essa causa t\u00e3o necess\u00e1ria\u201d,<\/em>\u00a0destaca Vanda Ferreira.<\/p>\n<p style=\"font-weight: 400;\">Confira o nome e n\u00famero dos 38 candidatos para Conselheiros Tutelares em Petrolina:<\/p>\n<p style=\"font-weight: 400;\">&#8211; Acassio Barros &#8211; N\u00ba 101<\/p>\n<p style=\"font-weight: 400;\">&#8211; Alessandra Carla \u2013 N\u00ba 123<\/p>\n<p style=\"font-weight: 400;\">&#8211; Auda do Quati II \u2013 N\u00ba 199<\/p>\n<p style=\"font-weight: 400;\">&#8211; Benicia Rubia Tavares \u2013 N\u00ba 345<\/p>\n<p style=\"font-weight: 400;\">&#8211; Carol Ribeiro \u2013 N\u00ba 333<\/p>\n<p style=\"font-weight: 400;\">&#8211; Dami\u00e3o Macedo \u2013 N\u00ba 555<\/p>\n<p style=\"font-weight: 400;\">&#8211; Edvaldo Landim do N4 \u2013 N\u00ba 444<\/p>\n<p style=\"font-weight: 400;\">&#8211; Elton Azevedo \u2013 N\u00ba 770<\/p>\n<p style=\"font-weight: 400;\">&#8211; Evaldo Francisco \u2013 N\u00ba 777<\/p>\n<p style=\"font-weight: 400;\">&#8211; Fabr\u00edcia Silva \u2013 N\u00ba 525<\/p>\n<p style=\"font-weight: 400;\">&#8211; Fernanda de Souza Lima \u2013 N\u00ba 111<\/p>\n<p style=\"font-weight: 400;\">&#8211; Francisca Edleusa \u2013 N\u00ba 120<\/p>\n<p style=\"font-weight: 400;\">&#8211; Gabriel Bandeira \u2013 N\u00ba 233<\/p>\n<p style=\"font-weight: 400;\">&#8211; Glic\u00e9ria Bernardes \u2013 N\u00ba 222<\/p>\n<p style=\"font-weight: 400;\">&#8211; Irm\u00e3 Adriana Alves \u2013 N\u00ba 998<\/p>\n<p style=\"font-weight: 400;\">&#8211; Iuri Panzarini \u2013 N\u00ba 277<\/p>\n<p style=\"font-weight: 400;\">&#8211; Laura Francisca \u2013 N\u00ba 700<\/p>\n<p style=\"font-weight: 400;\">&#8211; Lourdinha Cordeiro \u2013 N\u00ba 130<\/p>\n<p style=\"font-weight: 400;\">&#8211; M\u00e1rcia das Rendeiras \u2013 N\u00ba 133<\/p>\n<p style=\"font-weight: 400;\">&#8211; Mery \u2013 N\u00ba 224<\/p>\n<p style=\"font-weight: 400;\">&#8211; Mirela Alencar \u2013 N\u00ba 888<\/p>\n<p style=\"font-weight: 400;\">&#8211; Prof. I\u00eane \u2013 N\u00ba 115<\/p>\n<p style=\"font-weight: 400;\">&#8211; Professor Welinton \u2013 N\u00ba 223<\/p>\n<p style=\"font-weight: 400;\">&#8211; Regislane Pereira (Tia Regis) \u2013 N\u00ba 110<\/p>\n<p style=\"font-weight: 400;\">&#8211; Robson Rocha \u2013 N\u00ba 500<\/p>\n<p style=\"font-weight: 400;\">&#8211; Rodrigo Andrade \u2013 N\u00ba 300<\/p>\n<p style=\"font-weight: 400;\">&#8211; Ronaldo Santana \u2013 N\u00ba 456<\/p>\n<p style=\"font-weight: 400;\">&#8211; Rosiane de Oliveira &#8211; N\u00ba 666<\/p>\n<p style=\"font-weight: 400;\">&#8211; Ros\u00e2ngela Feitosa \u2013 N\u00ba 125<\/p>\n<p style=\"font-weight: 400;\">&#8211; Sebastiana Nunes \u2013 N\u00ba 155<\/p>\n<p style=\"font-weight: 400;\">&#8211; Silvana Barbosa \u2013 N\u00ba 344<\/p>\n<p style=\"font-weight: 400;\">&#8211; Tenente Severino \u2013 N\u00ba 190<\/p>\n<p style=\"font-weight: 400;\">&#8211; Tina do Pedro Raimundo \u2013 N\u00ba 156<\/p>\n<p style=\"font-weight: 400;\">&#8211; Val\u00e9ria Medrado \u2013 N\u00ba 789<\/p>\n<p style=\"font-weight: 400;\">&#8211; Vera L\u00facia \u2013 N\u00ba 121<\/p>\n<p style=\"font-weight: 400;\">&#8211; Wellinton Cardoso (Tonton) \u2013 N\u00ba 400<\/p>\n<p style=\"font-weight: 400;\">&#8211; Williana (Miana) \u2013 N\u00ba 200<\/p>\n<p style=\"font-weight: 400;\">&#8211; Yasmim \u2013 N\u00ba 357<\/p>\n<p style=\"font-weight: 400;\">\n<p style=\"font-weight: 400;\">\n<p style=\"font-weight: 400;\">Texto: Irislane Pacheco \u2013 Assessora de Imprensa<\/p>\n","protected":false},"excerpt":{"rendered":"<p>No pr\u00f3ximo domingo (1\u00ba) acontecer\u00e1, em todo Brasil, a elei\u00e7\u00e3o dos Conselheiros Tutelares que ir\u00e3o atuar no quadri\u00eanio 2024\/2028. Em Petrolina, o processo eleitoral est\u00e1 sendo conduzido pelo Conselho Municipal dos Direitos da Crian\u00e7a e do Adolescente (CMDDCA). A elei\u00e7\u00e3o para o Conselho Tutelar \u00e9 aberta para todas as pessoas que tem t\u00edtulo de eleitor e est\u00e3o em dia com a Justi\u00e7a Eleitoral. O voto \u00e9 facultativo, mas o processo de escolha \u00e9 uma oportunidade para que a sociedade defina seus representantes na miss\u00e3o de garantir os direitos da crian\u00e7a e do adolescente. Em Petrolina, 38 candidatos est\u00e3o concorrendo as 10 vagas de membros titulares e seus respectivos suplentes, que ir\u00e3o atuar nas duas unidades de atendimento do Conselho Tutelar&hellip; <\/p>\n","protected":false},"author":2,"featured_media":351339,"comment_status":"open","ping_status":"open","sticky":false,"template":"","format":"standard","meta":{"_acf_changed":false,"footnotes":""},"categories":[34],"tags":[],"class_list":["post-351337","post","type-post","status-publish","format-standard","has-post-thumbnail","hentry","category-eleicoes"],"acf":[],"yoast_head":"<!-- This site is optimized with the Yoast SEO plugin v27.4 - https:\/\/yoast.com\/product\/yoast-seo-wordpress\/ -->\n<title>38 candidatos concorrem a vagas de conselheiro tutelar em Petrolina - Blog do Farn\u00e9sio<\/title>\n<meta name=\"robots\" content=\"index, follow, max-snippet:-1, max-image-preview:large, max-video-preview:-1\" \/>\n<link rel=\"canonical\" href=\"https:\/\/blogdofarnesio.com.br\/?p=351337\" \/>\n<meta property=\"og:locale\" content=\"pt_BR\" \/>\n<meta property=\"og:type\" content=\"article\" \/>\n<meta property=\"og:title\" content=\"38 candidatos concorrem a vagas de conselheiro tutelar em Petrolina - Blog do Farn\u00e9sio\" \/>\n<meta property=\"og:description\" content=\"No pr\u00f3ximo domingo (1\u00ba) acontecer\u00e1, em todo Brasil, a elei\u00e7\u00e3o dos Conselheiros Tutelares que ir\u00e3o atuar no quadri\u00eanio 2024\/2028. Em Petrolina, o processo eleitoral est\u00e1 sendo conduzido pelo Conselho Municipal dos Direitos da Crian\u00e7a e do Adolescente (CMDDCA). A elei\u00e7\u00e3o para o Conselho Tutelar \u00e9 aberta para todas as pessoas que tem t\u00edtulo de eleitor e est\u00e3o em dia com a Justi\u00e7a Eleitoral. O voto \u00e9 facultativo, mas o processo de escolha \u00e9 uma oportunidade para que a sociedade defina seus representantes na miss\u00e3o de garantir os direitos da crian\u00e7a e do adolescente. Em Petrolina, 38 candidatos est\u00e3o concorrendo as 10 vagas de membros titulares e seus respectivos suplentes, que ir\u00e3o atuar nas duas unidades de atendimento do Conselho Tutelar&hellip;\" \/>\n<meta property=\"og:url\" content=\"https:\/\/blogdofarnesio.com.br\/?p=351337\" \/>\n<meta property=\"og:site_name\" content=\"Blog do Farn\u00e9sio\" \/>\n<meta property=\"article:publisher\" content=\"https:\/\/www.facebook.com\/BlogQuerSaberPolitica\/\" \/>\n<meta property=\"article:author\" content=\"https:\/\/www.facebook.com\/?ref=tn_tnmn\" \/>\n<meta property=\"article:published_time\" content=\"2023-09-29T13:44:35+00:00\" \/>\n<meta property=\"og:image\" content=\"https:\/\/blogdofarnesio.com.br\/wp-content\/uploads\/2023\/09\/blogqsppet-cons-tutelar-candidatos.png\" \/>\n\t<meta property=\"og:image:width\" content=\"322\" \/>\n\t<meta property=\"og:image:height\" content=\"392\" \/>\n\t<meta property=\"og:image:type\" content=\"image\/png\" \/>\n<meta name=\"author\" content=\"Farn\u00e9sio\" \/>\n<meta name=\"twitter:card\" content=\"summary_large_image\" \/>\n<meta name=\"twitter:label1\" content=\"Escrito por\" \/>\n\t<meta name=\"twitter:data1\" content=\"Farn\u00e9sio\" \/>\n\t<meta name=\"twitter:label2\" content=\"Est. tempo de leitura\" \/>\n\t<meta name=\"twitter:data2\" content=\"3 minutos\" \/>\n<script type=\"application\/ld+json\" class=\"yoast-schema-graph\">{\"@context\":\"https:\\\/\\\/schema.org\",\"@graph\":[{\"@type\":\"Article\",\"@id\":\"https:\\\/\\\/blogdofarnesio.com.br\\\/?p=351337#article\",\"isPartOf\":{\"@id\":\"https:\\\/\\\/blogdofarnesio.com.br\\\/?p=351337\"},\"author\":{\"name\":\"Farn\u00e9sio\",\"@id\":\"https:\\\/\\\/blogdofarnesio.com.br\\\/#\\\/schema\\\/person\\\/bb9b23ae3ad0609ce8df7b6c9e76824d\"},\"headline\":\"38 candidatos concorrem a vagas de conselheiro tutelar em Petrolina\",\"datePublished\":\"2023-09-29T13:44:35+00:00\",\"mainEntityOfPage\":{\"@id\":\"https:\\\/\\\/blogdofarnesio.com.br\\\/?p=351337\"},\"wordCount\":466,\"commentCount\":0,\"publisher\":{\"@id\":\"https:\\\/\\\/blogdofarnesio.com.br\\\/#organization\"},\"image\":{\"@id\":\"https:\\\/\\\/blogdofarnesio.com.br\\\/?p=351337#primaryimage\"},\"thumbnailUrl\":\"https:\\\/\\\/blogdofarnesio.com.br\\\/wp-content\\\/uploads\\\/2023\\\/09\\\/blogqsppet-cons-tutelar-candidatos.png\",\"articleSection\":[\"Elei\u00e7\u00f5es\"],\"inLanguage\":\"pt-BR\",\"potentialAction\":[{\"@type\":\"CommentAction\",\"name\":\"Comment\",\"target\":[\"https:\\\/\\\/blogdofarnesio.com.br\\\/?p=351337#respond\"]}]},{\"@type\":\"WebPage\",\"@id\":\"https:\\\/\\\/blogdofarnesio.com.br\\\/?p=351337\",\"url\":\"https:\\\/\\\/blogdofarnesio.com.br\\\/?p=351337\",\"name\":\"38 candidatos concorrem a vagas de conselheiro tutelar em Petrolina - Blog do Farn\u00e9sio\",\"isPartOf\":{\"@id\":\"https:\\\/\\\/blogdofarnesio.com.br\\\/#website\"},\"primaryImageOfPage\":{\"@id\":\"https:\\\/\\\/blogdofarnesio.com.br\\\/?p=351337#primaryimage\"},\"image\":{\"@id\":\"https:\\\/\\\/blogdofarnesio.com.br\\\/?p=351337#primaryimage\"},\"thumbnailUrl\":\"https:\\\/\\\/blogdofarnesio.com.br\\\/wp-content\\\/uploads\\\/2023\\\/09\\\/blogqsppet-cons-tutelar-candidatos.png\",\"datePublished\":\"2023-09-29T13:44:35+00:00\",\"breadcrumb\":{\"@id\":\"https:\\\/\\\/blogdofarnesio.com.br\\\/?p=351337#breadcrumb\"},\"inLanguage\":\"pt-BR\",\"potentialAction\":[{\"@type\":\"ReadAction\",\"target\":[\"https:\\\/\\\/blogdofarnesio.com.br\\\/?p=351337\"]}]},{\"@type\":\"ImageObject\",\"inLanguage\":\"pt-BR\",\"@id\":\"https:\\\/\\\/blogdofarnesio.com.br\\\/?p=351337#primaryimage\",\"url\":\"https:\\\/\\\/blogdofarnesio.com.br\\\/wp-content\\\/uploads\\\/2023\\\/09\\\/blogqsppet-cons-tutelar-candidatos.png\",\"contentUrl\":\"https:\\\/\\\/blogdofarnesio.com.br\\\/wp-content\\\/uploads\\\/2023\\\/09\\\/blogqsppet-cons-tutelar-candidatos.png\",\"width\":322,\"height\":392},{\"@type\":\"BreadcrumbList\",\"@id\":\"https:\\\/\\\/blogdofarnesio.com.br\\\/?p=351337#breadcrumb\",\"itemListElement\":[{\"@type\":\"ListItem\",\"position\":1,\"name\":\"In\u00edcio\",\"item\":\"https:\\\/\\\/blogdofarnesio.com.br\\\/\"},{\"@type\":\"ListItem\",\"position\":2,\"name\":\"38 candidatos concorrem a vagas de conselheiro tutelar em Petrolina\"}]},{\"@type\":\"WebSite\",\"@id\":\"https:\\\/\\\/blogdofarnesio.com.br\\\/#website\",\"url\":\"https:\\\/\\\/blogdofarnesio.com.br\\\/\",\"name\":\"Blog do Farn\u00e9sio\",\"description\":\"Quer Saber Pol\u00edtica?\",\"publisher\":{\"@id\":\"https:\\\/\\\/blogdofarnesio.com.br\\\/#organization\"},\"potentialAction\":[{\"@type\":\"SearchAction\",\"target\":{\"@type\":\"EntryPoint\",\"urlTemplate\":\"https:\\\/\\\/blogdofarnesio.com.br\\\/?s={search_term_string}\"},\"query-input\":{\"@type\":\"PropertyValueSpecification\",\"valueRequired\":true,\"valueName\":\"search_term_string\"}}],\"inLanguage\":\"pt-BR\"},{\"@type\":\"Organization\",\"@id\":\"https:\\\/\\\/blogdofarnesio.com.br\\\/#organization\",\"name\":\"Blog do Farn\u00e9sio\",\"url\":\"https:\\\/\\\/blogdofarnesio.com.br\\\/\",\"logo\":{\"@type\":\"ImageObject\",\"inLanguage\":\"pt-BR\",\"@id\":\"https:\\\/\\\/blogdofarnesio.com.br\\\/#\\\/schema\\\/logo\\\/image\\\/\",\"url\":\"https:\\\/\\\/blogdofarnesio.com.br\\\/wp-content\\\/uploads\\\/2026\\\/03\\\/cropped-logo_new-1.png\",\"contentUrl\":\"https:\\\/\\\/blogdofarnesio.com.br\\\/wp-content\\\/uploads\\\/2026\\\/03\\\/cropped-logo_new-1.png\",\"width\":881,\"height\":685,\"caption\":\"Blog do Farn\u00e9sio\"},\"image\":{\"@id\":\"https:\\\/\\\/blogdofarnesio.com.br\\\/#\\\/schema\\\/logo\\\/image\\\/\"},\"sameAs\":[\"https:\\\/\\\/www.facebook.com\\\/BlogQuerSaberPolitica\\\/\"]},{\"@type\":\"Person\",\"@id\":\"https:\\\/\\\/blogdofarnesio.com.br\\\/#\\\/schema\\\/person\\\/bb9b23ae3ad0609ce8df7b6c9e76824d\",\"name\":\"Farn\u00e9sio\",\"image\":{\"@type\":\"ImageObject\",\"inLanguage\":\"pt-BR\",\"@id\":\"https:\\\/\\\/secure.gravatar.com\\\/avatar\\\/986aa4c61ccdb66f8555bf88fc2a65609d00bcabd4d2d94377a727547345cbca?s=96&d=mm&r=g\",\"url\":\"https:\\\/\\\/secure.gravatar.com\\\/avatar\\\/986aa4c61ccdb66f8555bf88fc2a65609d00bcabd4d2d94377a727547345cbca?s=96&d=mm&r=g\",\"contentUrl\":\"https:\\\/\\\/secure.gravatar.com\\\/avatar\\\/986aa4c61ccdb66f8555bf88fc2a65609d00bcabd4d2d94377a727547345cbca?s=96&d=mm&r=g\",\"caption\":\"Farn\u00e9sio\"},\"description\":\"Radialista blogueiro, chegou a Petrolina\\\/Juazeiro em setembro de 1980, Farn\u00e9sio Silva \u00e9 de Arapiraca-Alagoas.\",\"sameAs\":[\"http:\\\/\\\/blogdofarnesio.com.br\",\"https:\\\/\\\/www.facebook.com\\\/?ref=tn_tnmn\",\"https:\\\/\\\/www.instagram.com\\\/?utm_source=pwa_homescreen\",\"https:\\\/\\\/youtube.com.br\\\/\"],\"url\":\"https:\\\/\\\/blogdofarnesio.com.br\\\/?author=2\"}]}<\/script>\n<!-- \/ Yoast SEO plugin. -->","yoast_head_json":{"title":"38 candidatos concorrem a vagas de conselheiro tutelar em Petrolina - Blog do Farn\u00e9sio","robots":{"index":"index","follow":"follow","max-snippet":"max-snippet:-1","max-image-preview":"max-image-preview:large","max-video-preview":"max-video-preview:-1"},"canonical":"https:\/\/blogdofarnesio.com.br\/?p=351337","og_locale":"pt_BR","og_type":"article","og_title":"38 candidatos concorrem a vagas de conselheiro tutelar em Petrolina - Blog do Farn\u00e9sio","og_description":"No pr\u00f3ximo domingo (1\u00ba) acontecer\u00e1, em todo Brasil, a elei\u00e7\u00e3o dos Conselheiros Tutelares que ir\u00e3o atuar no quadri\u00eanio 2024\/2028. Em Petrolina, o processo eleitoral est\u00e1 sendo conduzido pelo Conselho Municipal dos Direitos da Crian\u00e7a e do Adolescente (CMDDCA). A elei\u00e7\u00e3o para o Conselho Tutelar \u00e9 aberta para todas as pessoas que tem t\u00edtulo de eleitor e est\u00e3o em dia com a Justi\u00e7a Eleitoral. O voto \u00e9 facultativo, mas o processo de escolha \u00e9 uma oportunidade para que a sociedade defina seus representantes na miss\u00e3o de garantir os direitos da crian\u00e7a e do adolescente. Em Petrolina, 38 candidatos est\u00e3o concorrendo as 10 vagas de membros titulares e seus respectivos suplentes, que ir\u00e3o atuar nas duas unidades de atendimento do Conselho Tutelar&hellip;","og_url":"https:\/\/blogdofarnesio.com.br\/?p=351337","og_site_name":"Blog do Farn\u00e9sio","article_publisher":"https:\/\/www.facebook.com\/BlogQuerSaberPolitica\/","article_author":"https:\/\/www.facebook.com\/?ref=tn_tnmn","article_published_time":"2023-09-29T13:44:35+00:00","og_image":[{"width":322,"height":392,"url":"https:\/\/blogdofarnesio.com.br\/wp-content\/uploads\/2023\/09\/blogqsppet-cons-tutelar-candidatos.png","type":"image\/png"}],"author":"Farn\u00e9sio","twitter_card":"summary_large_image","twitter_misc":{"Escrito por":"Farn\u00e9sio","Est. tempo de leitura":"3 minutos"},"schema":{"@context":"https:\/\/schema.org","@graph":[{"@type":"Article","@id":"https:\/\/blogdofarnesio.com.br\/?p=351337#article","isPartOf":{"@id":"https:\/\/blogdofarnesio.com.br\/?p=351337"},"author":{"name":"Farn\u00e9sio","@id":"https:\/\/blogdofarnesio.com.br\/#\/schema\/person\/bb9b23ae3ad0609ce8df7b6c9e76824d"},"headline":"38 candidatos concorrem a vagas de conselheiro tutelar em Petrolina","datePublished":"2023-09-29T13:44:35+00:00","mainEntityOfPage":{"@id":"https:\/\/blogdofarnesio.com.br\/?p=351337"},"wordCount":466,"commentCount":0,"publisher":{"@id":"https:\/\/blogdofarnesio.com.br\/#organization"},"image":{"@id":"https:\/\/blogdofarnesio.com.br\/?p=351337#primaryimage"},"thumbnailUrl":"https:\/\/blogdofarnesio.com.br\/wp-content\/uploads\/2023\/09\/blogqsppet-cons-tutelar-candidatos.png","articleSection":["Elei\u00e7\u00f5es"],"inLanguage":"pt-BR","potentialAction":[{"@type":"CommentAction","name":"Comment","target":["https:\/\/blogdofarnesio.com.br\/?p=351337#respond"]}]},{"@type":"WebPage","@id":"https:\/\/blogdofarnesio.com.br\/?p=351337","url":"https:\/\/blogdofarnesio.com.br\/?p=351337","name":"38 candidatos concorrem a vagas de conselheiro tutelar em Petrolina - Blog do Farn\u00e9sio","isPartOf":{"@id":"https:\/\/blogdofarnesio.com.br\/#website"},"primaryImageOfPage":{"@id":"https:\/\/blogdofarnesio.com.br\/?p=351337#primaryimage"},"image":{"@id":"https:\/\/blogdofarnesio.com.br\/?p=351337#primaryimage"},"thumbnailUrl":"https:\/\/blogdofarnesio.com.br\/wp-content\/uploads\/2023\/09\/blogqsppet-cons-tutelar-candidatos.png","datePublished":"2023-09-29T13:44:35+00:00","breadcrumb":{"@id":"https:\/\/blogdofarnesio.com.br\/?p=351337#breadcrumb"},"inLanguage":"pt-BR","potentialAction":[{"@type":"ReadAction","target":["https:\/\/blogdofarnesio.com.br\/?p=351337"]}]},{"@type":"ImageObject","inLanguage":"pt-BR","@id":"https:\/\/blogdofarnesio.com.br\/?p=351337#primaryimage","url":"https:\/\/blogdofarnesio.com.br\/wp-content\/uploads\/2023\/09\/blogqsppet-cons-tutelar-candidatos.png","contentUrl":"https:\/\/blogdofarnesio.com.br\/wp-content\/uploads\/2023\/09\/blogqsppet-cons-tutelar-candidatos.png","width":322,"height":392},{"@type":"BreadcrumbList","@id":"https:\/\/blogdofarnesio.com.br\/?p=351337#breadcrumb","itemListElement":[{"@type":"ListItem","position":1,"name":"In\u00edcio","item":"https:\/\/blogdofarnesio.com.br\/"},{"@type":"ListItem","position":2,"name":"38 candidatos concorrem a vagas de conselheiro tutelar em Petrolina"}]},{"@type":"WebSite","@id":"https:\/\/blogdofarnesio.com.br\/#website","url":"https:\/\/blogdofarnesio.com.br\/","name":"Blog do Farn\u00e9sio","description":"Quer Saber Pol\u00edtica?","publisher":{"@id":"https:\/\/blogdofarnesio.com.br\/#organization"},"potentialAction":[{"@type":"SearchAction","target":{"@type":"EntryPoint","urlTemplate":"https:\/\/blogdofarnesio.com.br\/?s={search_term_string}"},"query-input":{"@type":"PropertyValueSpecification","valueRequired":true,"valueName":"search_term_string"}}],"inLanguage":"pt-BR"},{"@type":"Organization","@id":"https:\/\/blogdofarnesio.com.br\/#organization","name":"Blog do Farn\u00e9sio","url":"https:\/\/blogdofarnesio.com.br\/","logo":{"@type":"ImageObject","inLanguage":"pt-BR","@id":"https:\/\/blogdofarnesio.com.br\/#\/schema\/logo\/image\/","url":"https:\/\/blogdofarnesio.com.br\/wp-content\/uploads\/2026\/03\/cropped-logo_new-1.png","contentUrl":"https:\/\/blogdofarnesio.com.br\/wp-content\/uploads\/2026\/03\/cropped-logo_new-1.png","width":881,"height":685,"caption":"Blog do Farn\u00e9sio"},"image":{"@id":"https:\/\/blogdofarnesio.com.br\/#\/schema\/logo\/image\/"},"sameAs":["https:\/\/www.facebook.com\/BlogQuerSaberPolitica\/"]},{"@type":"Person","@id":"https:\/\/blogdofarnesio.com.br\/#\/schema\/person\/bb9b23ae3ad0609ce8df7b6c9e76824d","name":"Farn\u00e9sio","image":{"@type":"ImageObject","inLanguage":"pt-BR","@id":"https:\/\/secure.gravatar.com\/avatar\/986aa4c61ccdb66f8555bf88fc2a65609d00bcabd4d2d94377a727547345cbca?s=96&d=mm&r=g","url":"https:\/\/secure.gravatar.com\/avatar\/986aa4c61ccdb66f8555bf88fc2a65609d00bcabd4d2d94377a727547345cbca?s=96&d=mm&r=g","contentUrl":"https:\/\/secure.gravatar.com\/avatar\/986aa4c61ccdb66f8555bf88fc2a65609d00bcabd4d2d94377a727547345cbca?s=96&d=mm&r=g","caption":"Farn\u00e9sio"},"description":"Radialista blogueiro, chegou a Petrolina\/Juazeiro em setembro de 1980, Farn\u00e9sio Silva \u00e9 de Arapiraca-Alagoas.","sameAs":["http:\/\/blogdofarnesio.com.br","https:\/\/www.facebook.com\/?ref=tn_tnmn","https:\/\/www.instagram.com\/?utm_source=pwa_homescreen","https:\/\/youtube.com.br\/"],"url":"https:\/\/blogdofarnesio.com.br\/?author=2"}]}},"_links":{"self":[{"href":"https:\/\/blogdofarnesio.com.br\/index.php?rest_route=\/wp\/v2\/posts\/351337","targetHints":{"allow":["GET"]}}],"collection":[{"href":"https:\/\/blogdofarnesio.com.br\/index.php?rest_route=\/wp\/v2\/posts"}],"about":[{"href":"https:\/\/blogdofarnesio.com.br\/index.php?rest_route=\/wp\/v2\/types\/post"}],"author":[{"embeddable":true,"href":"https:\/\/blogdofarnesio.com.br\/index.php?rest_route=\/wp\/v2\/users\/2"}],"replies":[{"embeddable":true,"href":"https:\/\/blogdofarnesio.com.br\/index.php?rest_route=%2Fwp%2Fv2%2Fcomments&post=351337"}],"version-history":[{"count":0,"href":"https:\/\/blogdofarnesio.com.br\/index.php?rest_route=\/wp\/v2\/posts\/351337\/revisions"}],"wp:featuredmedia":[{"embeddable":true,"href":"https:\/\/blogdofarnesio.com.br\/index.php?rest_route=\/wp\/v2\/media\/351339"}],"wp:attachment":[{"href":"https:\/\/blogdofarnesio.com.br\/index.php?rest_route=%2Fwp%2Fv2%2Fmedia&parent=351337"}],"wp:term":[{"taxonomy":"category","embeddable":true,"href":"https:\/\/blogdofarnesio.com.br\/index.php?rest_route=%2Fwp%2Fv2%2Fcategories&post=351337"},{"taxonomy":"post_tag","embeddable":true,"href":"https:\/\/blogdofarnesio.com.br\/index.php?rest_route=%2Fwp%2Fv2%2Ftags&post=351337"}],"curies":[{"name":"wp","href":"https:\/\/api.w.org\/{rel}","templated":true}]}}