{"id":350943,"date":"2023-09-24T14:36:16","date_gmt":"2023-09-24T17:36:16","guid":{"rendered":"https:\/\/blogdofarnesio.com.br\/?p=350943"},"modified":"2023-09-24T14:36:16","modified_gmt":"2023-09-24T17:36:16","slug":"passeio-ciclistico-movimentou-manha-de-domingo-no-encerramento-a-semana-nacional-de-transito-em-juazeiro","status":"publish","type":"post","link":"https:\/\/blogdofarnesio.com.br\/?p=350943","title":{"rendered":"Passeio Cicl\u00edstico movimentou manh\u00e3 de domingo no encerramento a Semana Nacional de Tr\u00e2nsito em Juazeiro"},"content":{"rendered":"<p dir=\"ltr\">Manh\u00e3 nublada de domingo, com temperatura agrad\u00e1vel, na casa dos 27\u00ba C, foi o tempo perfeito para a pr\u00e1tica esportiva em Juazeiro. A pedalada matinal com prop\u00f3sito de valoriza\u00e7\u00e3o da vida reuniu dezenas de ciclistas que participaram do Passeio Cicl\u00edstico da Semana da Nacional do Tr\u00e2nsito 2023 realizado pela Prefeitura de Juazeiro, atrav\u00e9s da Companhia de Seguran\u00e7a, Tr\u00e2nsito e Transporte (CSTT), em parceria com o Observat\u00f3rio Nacional de Seguran\u00e7a Vi\u00e1ria.<\/p>\n<p>&nbsp;<\/p>\n<p dir=\"ltr\">A dona de casa Mariene Rodrigues levou os filhos, Dami\u00e3o Rodrigues e Michele Artem\u00edsia, para o primeiro passeio cicl\u00edstico deles e destacou a import\u00e2ncia da iniciativa. \u201cFoi nossa primeira vez num passeio assim e adoramos, foi \u00f3timo participar \u00e9 muito importante o incentivo \u00e0 atividade f\u00edsica e o respeito aos ciclistas\u201d, destacou Mariene.<\/p>\n<p>&nbsp;<\/p>\n<p dir=\"ltr\">Para Helen Calazans, l\u00edder do grupo de ciclismo Chama na Catraca, al\u00e9m do lazer o momento proporciona visibilidade para as demandas de quem utiliza a bicicleta no dia a dia. \u201cNo tr\u00e2nsito todos somos importantes, devemos ter o cuidado e o respeito com os outros\u201d, disse Helen Calazans.<\/p>\n<p>&nbsp;<\/p>\n<p dir=\"ltr\">O diretor operacional da CSTT, Marcos Passos, faz um balan\u00e7o positivo das atividades desenvolvidas durante toda a semana e destaca que \u00e9 fruto do empenho conjunto da equipe da CSTT e dos outros \u00f3rg\u00e3os parceiros. \u201cParabenizar os ciclistas, cada cidad\u00e3o que participou das a\u00e7\u00f5es, tornando nossa semana brilhante, onde n\u00f3s temos um \u00fanico objetivo que \u00e9 reduzir acidentes e salvar vidas. Ent\u00e3o n\u00f3s da CSTT juntamente com a prefeita Suzana Ramos, com o diretor-presidente Ten\u00f3rio Filho e toda a sua equipe estamos focado em trazer mais seguran\u00e7a vi\u00e1ria\u201d, falou Marcos Passos<\/p>\n<p dir=\"ltr\">\n<p dir=\"ltr\">Trajeto<\/p>\n<p>&nbsp;<\/p>\n<p dir=\"ltr\">Concentra\u00e7\u00e3o e largada ocorreram no Parque Lagoa do Calu, os ciclistas percorreram as Avenidas Adolfo Viana, Carmela Dutra e terminaram o percurso na Orla II. Na chegada havia frutas para hidratar os participantes.<\/p>\n<p>&nbsp;<\/p>\n<p dir=\"ltr\">Semana Nacional de Tr\u00e2nsito<\/p>\n<p>&nbsp;<\/p>\n<p dir=\"ltr\">A Semana Nacional de Tr\u00e2nsito, aconteceu entre os dias 18 a 25 deste m\u00eas, iniciou na segunda-feira com uma blitz educativa na BA-210 com \u00f3rg\u00e3os parceiros, na quarta-feira foi realizado o F\u00f3rum sobre Seguran\u00e7a Vi\u00e1ria dialogando com a sociedade civil e institui\u00e7\u00f5es p\u00fablicas. Na sexta-feira (22) integrou as atividades da Festa da Fam\u00edlia da EMEI Maria Helena da Silva Pereira, levando palestras e servi\u00e7os com a \u201cCSTT Itinerante\u201d. Al\u00e9m destas atividades foram realizadas blitz educativas em pontos estrat\u00e9gicos e palestras em escolas municipais sobre o tema \u2018No Tr\u00e2nsito, Escolha a Vida\u2019, a\u00e7\u00f5es que ter\u00e3o continuidade ao longo do ano.<\/p>\n<p>&nbsp;<\/p>\n<p dir=\"ltr\">Texto: Matheus Oliveira \u2013 Ascom\/PMJ<\/p>\n<p dir=\"ltr\">Fotos: Marcel Cordeiro<\/p>\n","protected":false},"excerpt":{"rendered":"<p>Manh\u00e3 nublada de domingo, com temperatura agrad\u00e1vel, na casa dos 27\u00ba C, foi o tempo perfeito para a pr\u00e1tica esportiva em Juazeiro. A pedalada matinal com prop\u00f3sito de valoriza\u00e7\u00e3o da vida reuniu dezenas de ciclistas que participaram do Passeio Cicl\u00edstico da Semana da Nacional do Tr\u00e2nsito 2023 realizado pela Prefeitura de Juazeiro, atrav\u00e9s da Companhia de Seguran\u00e7a, Tr\u00e2nsito e Transporte (CSTT), em parceria com o Observat\u00f3rio Nacional de Seguran\u00e7a Vi\u00e1ria. &nbsp; A dona de casa Mariene Rodrigues levou os filhos, Dami\u00e3o Rodrigues e Michele Artem\u00edsia, para o primeiro passeio cicl\u00edstico deles e destacou a import\u00e2ncia da iniciativa. \u201cFoi nossa primeira vez num passeio assim e adoramos, foi \u00f3timo participar \u00e9 muito importante o incentivo \u00e0 atividade f\u00edsica e o respeito&hellip; <\/p>\n","protected":false},"author":2,"featured_media":350944,"comment_status":"open","ping_status":"open","sticky":false,"template":"","format":"standard","meta":{"_acf_changed":false,"footnotes":""},"categories":[8],"tags":[],"class_list":["post-350943","post","type-post","status-publish","format-standard","has-post-thumbnail","hentry","category-esportes"],"acf":[],"yoast_head":"<!-- This site is optimized with the Yoast SEO plugin v27.4 - https:\/\/yoast.com\/product\/yoast-seo-wordpress\/ -->\n<title>Passeio Cicl\u00edstico movimentou manh\u00e3 de domingo no encerramento a Semana Nacional de Tr\u00e2nsito em Juazeiro - Blog do Farn\u00e9sio<\/title>\n<meta name=\"robots\" content=\"index, follow, max-snippet:-1, max-image-preview:large, max-video-preview:-1\" \/>\n<link rel=\"canonical\" href=\"https:\/\/blogdofarnesio.com.br\/?p=350943\" \/>\n<meta property=\"og:locale\" content=\"pt_BR\" \/>\n<meta property=\"og:type\" content=\"article\" \/>\n<meta property=\"og:title\" content=\"Passeio Cicl\u00edstico movimentou manh\u00e3 de domingo no encerramento a Semana Nacional de Tr\u00e2nsito em Juazeiro - Blog do Farn\u00e9sio\" \/>\n<meta property=\"og:description\" content=\"Manh\u00e3 nublada de domingo, com temperatura agrad\u00e1vel, na casa dos 27\u00ba C, foi o tempo perfeito para a pr\u00e1tica esportiva em Juazeiro. A pedalada matinal com prop\u00f3sito de valoriza\u00e7\u00e3o da vida reuniu dezenas de ciclistas que participaram do Passeio Cicl\u00edstico da Semana da Nacional do Tr\u00e2nsito 2023 realizado pela Prefeitura de Juazeiro, atrav\u00e9s da Companhia de Seguran\u00e7a, Tr\u00e2nsito e Transporte (CSTT), em parceria com o Observat\u00f3rio Nacional de Seguran\u00e7a Vi\u00e1ria. &nbsp; A dona de casa Mariene Rodrigues levou os filhos, Dami\u00e3o Rodrigues e Michele Artem\u00edsia, para o primeiro passeio cicl\u00edstico deles e destacou a import\u00e2ncia da iniciativa. \u201cFoi nossa primeira vez num passeio assim e adoramos, foi \u00f3timo participar \u00e9 muito importante o incentivo \u00e0 atividade f\u00edsica e o respeito&hellip;\" \/>\n<meta property=\"og:url\" content=\"https:\/\/blogdofarnesio.com.br\/?p=350943\" \/>\n<meta property=\"og:site_name\" content=\"Blog do Farn\u00e9sio\" \/>\n<meta property=\"article:publisher\" content=\"https:\/\/www.facebook.com\/BlogQuerSaberPolitica\/\" \/>\n<meta property=\"article:author\" content=\"https:\/\/www.facebook.com\/?ref=tn_tnmn\" \/>\n<meta property=\"article:published_time\" content=\"2023-09-24T17:36:16+00:00\" \/>\n<meta property=\"og:image\" content=\"https:\/\/blogdofarnesio.com.br\/wp-content\/uploads\/2023\/09\/WhatsApp-Image-2023-09-24-at-12.34.19-e1695576942532.jpeg\" \/>\n\t<meta property=\"og:image:width\" content=\"600\" \/>\n\t<meta property=\"og:image:height\" content=\"400\" \/>\n\t<meta property=\"og:image:type\" content=\"image\/jpeg\" \/>\n<meta name=\"author\" content=\"Farn\u00e9sio\" \/>\n<meta name=\"twitter:card\" content=\"summary_large_image\" \/>\n<meta name=\"twitter:label1\" content=\"Escrito por\" \/>\n\t<meta name=\"twitter:data1\" content=\"Farn\u00e9sio\" \/>\n\t<meta name=\"twitter:label2\" content=\"Est. tempo de leitura\" \/>\n\t<meta name=\"twitter:data2\" content=\"3 minutos\" \/>\n<script type=\"application\/ld+json\" class=\"yoast-schema-graph\">{\"@context\":\"https:\\\/\\\/schema.org\",\"@graph\":[{\"@type\":\"Article\",\"@id\":\"https:\\\/\\\/blogdofarnesio.com.br\\\/?p=350943#article\",\"isPartOf\":{\"@id\":\"https:\\\/\\\/blogdofarnesio.com.br\\\/?p=350943\"},\"author\":{\"name\":\"Farn\u00e9sio\",\"@id\":\"https:\\\/\\\/blogdofarnesio.com.br\\\/#\\\/schema\\\/person\\\/bb9b23ae3ad0609ce8df7b6c9e76824d\"},\"headline\":\"Passeio Cicl\u00edstico movimentou manh\u00e3 de domingo no encerramento a Semana Nacional de Tr\u00e2nsito em Juazeiro\",\"datePublished\":\"2023-09-24T17:36:16+00:00\",\"mainEntityOfPage\":{\"@id\":\"https:\\\/\\\/blogdofarnesio.com.br\\\/?p=350943\"},\"wordCount\":469,\"commentCount\":0,\"publisher\":{\"@id\":\"https:\\\/\\\/blogdofarnesio.com.br\\\/#organization\"},\"image\":{\"@id\":\"https:\\\/\\\/blogdofarnesio.com.br\\\/?p=350943#primaryimage\"},\"thumbnailUrl\":\"https:\\\/\\\/blogdofarnesio.com.br\\\/wp-content\\\/uploads\\\/2023\\\/09\\\/WhatsApp-Image-2023-09-24-at-12.34.19-e1695576942532.jpeg\",\"articleSection\":[\"Esportes\"],\"inLanguage\":\"pt-BR\",\"potentialAction\":[{\"@type\":\"CommentAction\",\"name\":\"Comment\",\"target\":[\"https:\\\/\\\/blogdofarnesio.com.br\\\/?p=350943#respond\"]}]},{\"@type\":\"WebPage\",\"@id\":\"https:\\\/\\\/blogdofarnesio.com.br\\\/?p=350943\",\"url\":\"https:\\\/\\\/blogdofarnesio.com.br\\\/?p=350943\",\"name\":\"Passeio Cicl\u00edstico movimentou manh\u00e3 de domingo no encerramento a Semana Nacional de Tr\u00e2nsito em Juazeiro - Blog do Farn\u00e9sio\",\"isPartOf\":{\"@id\":\"https:\\\/\\\/blogdofarnesio.com.br\\\/#website\"},\"primaryImageOfPage\":{\"@id\":\"https:\\\/\\\/blogdofarnesio.com.br\\\/?p=350943#primaryimage\"},\"image\":{\"@id\":\"https:\\\/\\\/blogdofarnesio.com.br\\\/?p=350943#primaryimage\"},\"thumbnailUrl\":\"https:\\\/\\\/blogdofarnesio.com.br\\\/wp-content\\\/uploads\\\/2023\\\/09\\\/WhatsApp-Image-2023-09-24-at-12.34.19-e1695576942532.jpeg\",\"datePublished\":\"2023-09-24T17:36:16+00:00\",\"breadcrumb\":{\"@id\":\"https:\\\/\\\/blogdofarnesio.com.br\\\/?p=350943#breadcrumb\"},\"inLanguage\":\"pt-BR\",\"potentialAction\":[{\"@type\":\"ReadAction\",\"target\":[\"https:\\\/\\\/blogdofarnesio.com.br\\\/?p=350943\"]}]},{\"@type\":\"ImageObject\",\"inLanguage\":\"pt-BR\",\"@id\":\"https:\\\/\\\/blogdofarnesio.com.br\\\/?p=350943#primaryimage\",\"url\":\"https:\\\/\\\/blogdofarnesio.com.br\\\/wp-content\\\/uploads\\\/2023\\\/09\\\/WhatsApp-Image-2023-09-24-at-12.34.19-e1695576942532.jpeg\",\"contentUrl\":\"https:\\\/\\\/blogdofarnesio.com.br\\\/wp-content\\\/uploads\\\/2023\\\/09\\\/WhatsApp-Image-2023-09-24-at-12.34.19-e1695576942532.jpeg\",\"width\":600,\"height\":400},{\"@type\":\"BreadcrumbList\",\"@id\":\"https:\\\/\\\/blogdofarnesio.com.br\\\/?p=350943#breadcrumb\",\"itemListElement\":[{\"@type\":\"ListItem\",\"position\":1,\"name\":\"In\u00edcio\",\"item\":\"https:\\\/\\\/blogdofarnesio.com.br\\\/\"},{\"@type\":\"ListItem\",\"position\":2,\"name\":\"Passeio Cicl\u00edstico movimentou manh\u00e3 de domingo no encerramento a Semana Nacional de Tr\u00e2nsito em Juazeiro\"}]},{\"@type\":\"WebSite\",\"@id\":\"https:\\\/\\\/blogdofarnesio.com.br\\\/#website\",\"url\":\"https:\\\/\\\/blogdofarnesio.com.br\\\/\",\"name\":\"Blog do Farn\u00e9sio\",\"description\":\"Quer Saber Pol\u00edtica?\",\"publisher\":{\"@id\":\"https:\\\/\\\/blogdofarnesio.com.br\\\/#organization\"},\"potentialAction\":[{\"@type\":\"SearchAction\",\"target\":{\"@type\":\"EntryPoint\",\"urlTemplate\":\"https:\\\/\\\/blogdofarnesio.com.br\\\/?s={search_term_string}\"},\"query-input\":{\"@type\":\"PropertyValueSpecification\",\"valueRequired\":true,\"valueName\":\"search_term_string\"}}],\"inLanguage\":\"pt-BR\"},{\"@type\":\"Organization\",\"@id\":\"https:\\\/\\\/blogdofarnesio.com.br\\\/#organization\",\"name\":\"Blog do Farn\u00e9sio\",\"url\":\"https:\\\/\\\/blogdofarnesio.com.br\\\/\",\"logo\":{\"@type\":\"ImageObject\",\"inLanguage\":\"pt-BR\",\"@id\":\"https:\\\/\\\/blogdofarnesio.com.br\\\/#\\\/schema\\\/logo\\\/image\\\/\",\"url\":\"https:\\\/\\\/blogdofarnesio.com.br\\\/wp-content\\\/uploads\\\/2026\\\/03\\\/cropped-logo_new-1.png\",\"contentUrl\":\"https:\\\/\\\/blogdofarnesio.com.br\\\/wp-content\\\/uploads\\\/2026\\\/03\\\/cropped-logo_new-1.png\",\"width\":881,\"height\":685,\"caption\":\"Blog do Farn\u00e9sio\"},\"image\":{\"@id\":\"https:\\\/\\\/blogdofarnesio.com.br\\\/#\\\/schema\\\/logo\\\/image\\\/\"},\"sameAs\":[\"https:\\\/\\\/www.facebook.com\\\/BlogQuerSaberPolitica\\\/\"]},{\"@type\":\"Person\",\"@id\":\"https:\\\/\\\/blogdofarnesio.com.br\\\/#\\\/schema\\\/person\\\/bb9b23ae3ad0609ce8df7b6c9e76824d\",\"name\":\"Farn\u00e9sio\",\"image\":{\"@type\":\"ImageObject\",\"inLanguage\":\"pt-BR\",\"@id\":\"https:\\\/\\\/secure.gravatar.com\\\/avatar\\\/986aa4c61ccdb66f8555bf88fc2a65609d00bcabd4d2d94377a727547345cbca?s=96&d=mm&r=g\",\"url\":\"https:\\\/\\\/secure.gravatar.com\\\/avatar\\\/986aa4c61ccdb66f8555bf88fc2a65609d00bcabd4d2d94377a727547345cbca?s=96&d=mm&r=g\",\"contentUrl\":\"https:\\\/\\\/secure.gravatar.com\\\/avatar\\\/986aa4c61ccdb66f8555bf88fc2a65609d00bcabd4d2d94377a727547345cbca?s=96&d=mm&r=g\",\"caption\":\"Farn\u00e9sio\"},\"description\":\"Radialista blogueiro, chegou a Petrolina\\\/Juazeiro em setembro de 1980, Farn\u00e9sio Silva \u00e9 de Arapiraca-Alagoas.\",\"sameAs\":[\"http:\\\/\\\/blogdofarnesio.com.br\",\"https:\\\/\\\/www.facebook.com\\\/?ref=tn_tnmn\",\"https:\\\/\\\/www.instagram.com\\\/?utm_source=pwa_homescreen\",\"https:\\\/\\\/youtube.com.br\\\/\"],\"url\":\"https:\\\/\\\/blogdofarnesio.com.br\\\/?author=2\"}]}<\/script>\n<!-- \/ Yoast SEO plugin. -->","yoast_head_json":{"title":"Passeio Cicl\u00edstico movimentou manh\u00e3 de domingo no encerramento a Semana Nacional de Tr\u00e2nsito em Juazeiro - Blog do Farn\u00e9sio","robots":{"index":"index","follow":"follow","max-snippet":"max-snippet:-1","max-image-preview":"max-image-preview:large","max-video-preview":"max-video-preview:-1"},"canonical":"https:\/\/blogdofarnesio.com.br\/?p=350943","og_locale":"pt_BR","og_type":"article","og_title":"Passeio Cicl\u00edstico movimentou manh\u00e3 de domingo no encerramento a Semana Nacional de Tr\u00e2nsito em Juazeiro - Blog do Farn\u00e9sio","og_description":"Manh\u00e3 nublada de domingo, com temperatura agrad\u00e1vel, na casa dos 27\u00ba C, foi o tempo perfeito para a pr\u00e1tica esportiva em Juazeiro. A pedalada matinal com prop\u00f3sito de valoriza\u00e7\u00e3o da vida reuniu dezenas de ciclistas que participaram do Passeio Cicl\u00edstico da Semana da Nacional do Tr\u00e2nsito 2023 realizado pela Prefeitura de Juazeiro, atrav\u00e9s da Companhia de Seguran\u00e7a, Tr\u00e2nsito e Transporte (CSTT), em parceria com o Observat\u00f3rio Nacional de Seguran\u00e7a Vi\u00e1ria. &nbsp; A dona de casa Mariene Rodrigues levou os filhos, Dami\u00e3o Rodrigues e Michele Artem\u00edsia, para o primeiro passeio cicl\u00edstico deles e destacou a import\u00e2ncia da iniciativa. \u201cFoi nossa primeira vez num passeio assim e adoramos, foi \u00f3timo participar \u00e9 muito importante o incentivo \u00e0 atividade f\u00edsica e o respeito&hellip;","og_url":"https:\/\/blogdofarnesio.com.br\/?p=350943","og_site_name":"Blog do Farn\u00e9sio","article_publisher":"https:\/\/www.facebook.com\/BlogQuerSaberPolitica\/","article_author":"https:\/\/www.facebook.com\/?ref=tn_tnmn","article_published_time":"2023-09-24T17:36:16+00:00","og_image":[{"width":600,"height":400,"url":"https:\/\/blogdofarnesio.com.br\/wp-content\/uploads\/2023\/09\/WhatsApp-Image-2023-09-24-at-12.34.19-e1695576942532.jpeg","type":"image\/jpeg"}],"author":"Farn\u00e9sio","twitter_card":"summary_large_image","twitter_misc":{"Escrito por":"Farn\u00e9sio","Est. tempo de leitura":"3 minutos"},"schema":{"@context":"https:\/\/schema.org","@graph":[{"@type":"Article","@id":"https:\/\/blogdofarnesio.com.br\/?p=350943#article","isPartOf":{"@id":"https:\/\/blogdofarnesio.com.br\/?p=350943"},"author":{"name":"Farn\u00e9sio","@id":"https:\/\/blogdofarnesio.com.br\/#\/schema\/person\/bb9b23ae3ad0609ce8df7b6c9e76824d"},"headline":"Passeio Cicl\u00edstico movimentou manh\u00e3 de domingo no encerramento a Semana Nacional de Tr\u00e2nsito em Juazeiro","datePublished":"2023-09-24T17:36:16+00:00","mainEntityOfPage":{"@id":"https:\/\/blogdofarnesio.com.br\/?p=350943"},"wordCount":469,"commentCount":0,"publisher":{"@id":"https:\/\/blogdofarnesio.com.br\/#organization"},"image":{"@id":"https:\/\/blogdofarnesio.com.br\/?p=350943#primaryimage"},"thumbnailUrl":"https:\/\/blogdofarnesio.com.br\/wp-content\/uploads\/2023\/09\/WhatsApp-Image-2023-09-24-at-12.34.19-e1695576942532.jpeg","articleSection":["Esportes"],"inLanguage":"pt-BR","potentialAction":[{"@type":"CommentAction","name":"Comment","target":["https:\/\/blogdofarnesio.com.br\/?p=350943#respond"]}]},{"@type":"WebPage","@id":"https:\/\/blogdofarnesio.com.br\/?p=350943","url":"https:\/\/blogdofarnesio.com.br\/?p=350943","name":"Passeio Cicl\u00edstico movimentou manh\u00e3 de domingo no encerramento a Semana Nacional de Tr\u00e2nsito em Juazeiro - Blog do Farn\u00e9sio","isPartOf":{"@id":"https:\/\/blogdofarnesio.com.br\/#website"},"primaryImageOfPage":{"@id":"https:\/\/blogdofarnesio.com.br\/?p=350943#primaryimage"},"image":{"@id":"https:\/\/blogdofarnesio.com.br\/?p=350943#primaryimage"},"thumbnailUrl":"https:\/\/blogdofarnesio.com.br\/wp-content\/uploads\/2023\/09\/WhatsApp-Image-2023-09-24-at-12.34.19-e1695576942532.jpeg","datePublished":"2023-09-24T17:36:16+00:00","breadcrumb":{"@id":"https:\/\/blogdofarnesio.com.br\/?p=350943#breadcrumb"},"inLanguage":"pt-BR","potentialAction":[{"@type":"ReadAction","target":["https:\/\/blogdofarnesio.com.br\/?p=350943"]}]},{"@type":"ImageObject","inLanguage":"pt-BR","@id":"https:\/\/blogdofarnesio.com.br\/?p=350943#primaryimage","url":"https:\/\/blogdofarnesio.com.br\/wp-content\/uploads\/2023\/09\/WhatsApp-Image-2023-09-24-at-12.34.19-e1695576942532.jpeg","contentUrl":"https:\/\/blogdofarnesio.com.br\/wp-content\/uploads\/2023\/09\/WhatsApp-Image-2023-09-24-at-12.34.19-e1695576942532.jpeg","width":600,"height":400},{"@type":"BreadcrumbList","@id":"https:\/\/blogdofarnesio.com.br\/?p=350943#breadcrumb","itemListElement":[{"@type":"ListItem","position":1,"name":"In\u00edcio","item":"https:\/\/blogdofarnesio.com.br\/"},{"@type":"ListItem","position":2,"name":"Passeio Cicl\u00edstico movimentou manh\u00e3 de domingo no encerramento a Semana Nacional de Tr\u00e2nsito em Juazeiro"}]},{"@type":"WebSite","@id":"https:\/\/blogdofarnesio.com.br\/#website","url":"https:\/\/blogdofarnesio.com.br\/","name":"Blog do Farn\u00e9sio","description":"Quer Saber Pol\u00edtica?","publisher":{"@id":"https:\/\/blogdofarnesio.com.br\/#organization"},"potentialAction":[{"@type":"SearchAction","target":{"@type":"EntryPoint","urlTemplate":"https:\/\/blogdofarnesio.com.br\/?s={search_term_string}"},"query-input":{"@type":"PropertyValueSpecification","valueRequired":true,"valueName":"search_term_string"}}],"inLanguage":"pt-BR"},{"@type":"Organization","@id":"https:\/\/blogdofarnesio.com.br\/#organization","name":"Blog do Farn\u00e9sio","url":"https:\/\/blogdofarnesio.com.br\/","logo":{"@type":"ImageObject","inLanguage":"pt-BR","@id":"https:\/\/blogdofarnesio.com.br\/#\/schema\/logo\/image\/","url":"https:\/\/blogdofarnesio.com.br\/wp-content\/uploads\/2026\/03\/cropped-logo_new-1.png","contentUrl":"https:\/\/blogdofarnesio.com.br\/wp-content\/uploads\/2026\/03\/cropped-logo_new-1.png","width":881,"height":685,"caption":"Blog do Farn\u00e9sio"},"image":{"@id":"https:\/\/blogdofarnesio.com.br\/#\/schema\/logo\/image\/"},"sameAs":["https:\/\/www.facebook.com\/BlogQuerSaberPolitica\/"]},{"@type":"Person","@id":"https:\/\/blogdofarnesio.com.br\/#\/schema\/person\/bb9b23ae3ad0609ce8df7b6c9e76824d","name":"Farn\u00e9sio","image":{"@type":"ImageObject","inLanguage":"pt-BR","@id":"https:\/\/secure.gravatar.com\/avatar\/986aa4c61ccdb66f8555bf88fc2a65609d00bcabd4d2d94377a727547345cbca?s=96&d=mm&r=g","url":"https:\/\/secure.gravatar.com\/avatar\/986aa4c61ccdb66f8555bf88fc2a65609d00bcabd4d2d94377a727547345cbca?s=96&d=mm&r=g","contentUrl":"https:\/\/secure.gravatar.com\/avatar\/986aa4c61ccdb66f8555bf88fc2a65609d00bcabd4d2d94377a727547345cbca?s=96&d=mm&r=g","caption":"Farn\u00e9sio"},"description":"Radialista blogueiro, chegou a Petrolina\/Juazeiro em setembro de 1980, Farn\u00e9sio Silva \u00e9 de Arapiraca-Alagoas.","sameAs":["http:\/\/blogdofarnesio.com.br","https:\/\/www.facebook.com\/?ref=tn_tnmn","https:\/\/www.instagram.com\/?utm_source=pwa_homescreen","https:\/\/youtube.com.br\/"],"url":"https:\/\/blogdofarnesio.com.br\/?author=2"}]}},"_links":{"self":[{"href":"https:\/\/blogdofarnesio.com.br\/index.php?rest_route=\/wp\/v2\/posts\/350943","targetHints":{"allow":["GET"]}}],"collection":[{"href":"https:\/\/blogdofarnesio.com.br\/index.php?rest_route=\/wp\/v2\/posts"}],"about":[{"href":"https:\/\/blogdofarnesio.com.br\/index.php?rest_route=\/wp\/v2\/types\/post"}],"author":[{"embeddable":true,"href":"https:\/\/blogdofarnesio.com.br\/index.php?rest_route=\/wp\/v2\/users\/2"}],"replies":[{"embeddable":true,"href":"https:\/\/blogdofarnesio.com.br\/index.php?rest_route=%2Fwp%2Fv2%2Fcomments&post=350943"}],"version-history":[{"count":0,"href":"https:\/\/blogdofarnesio.com.br\/index.php?rest_route=\/wp\/v2\/posts\/350943\/revisions"}],"wp:featuredmedia":[{"embeddable":true,"href":"https:\/\/blogdofarnesio.com.br\/index.php?rest_route=\/wp\/v2\/media\/350944"}],"wp:attachment":[{"href":"https:\/\/blogdofarnesio.com.br\/index.php?rest_route=%2Fwp%2Fv2%2Fmedia&parent=350943"}],"wp:term":[{"taxonomy":"category","embeddable":true,"href":"https:\/\/blogdofarnesio.com.br\/index.php?rest_route=%2Fwp%2Fv2%2Fcategories&post=350943"},{"taxonomy":"post_tag","embeddable":true,"href":"https:\/\/blogdofarnesio.com.br\/index.php?rest_route=%2Fwp%2Fv2%2Ftags&post=350943"}],"curies":[{"name":"wp","href":"https:\/\/api.w.org\/{rel}","templated":true}]}}