{"id":350921,"date":"2023-09-24T08:30:25","date_gmt":"2023-09-24T11:30:25","guid":{"rendered":"https:\/\/blogdofarnesio.com.br\/?p=350921"},"modified":"2023-09-23T18:23:02","modified_gmt":"2023-09-23T21:23:02","slug":"me-de-motivo-flavio-bolsonaro-pede-que-agu-investigue-fala-em-que-gleisi-pede-fim-da-justica-eleitoral","status":"publish","type":"post","link":"https:\/\/blogdofarnesio.com.br\/?p=350921","title":{"rendered":"&#8220;Me d\u00ea motivo&#8221;: Fl\u00e1vio Bolsonaro pede que AGU investigue fala em que Gleisi pede fim da Justi\u00e7a Eleitoral"},"content":{"rendered":"<div class=\"sc-8a384deb-0 gcFtGo\">\n<div class=\"sc-8a384deb-4 ebUzRt\">Por Thiago Resende | Folhapress\u00a0 &#8211;<\/div>\n<\/div>\n<div class=\"sc-c22b9e79-1 ouagm\">\n<div class=\"sc-c22b9e79-3 gGKeEu\">\n<p>O senador Fl\u00e1vio Bolsonaro (PL-RJ) entrou com um pedido para que a AGU (Advocacia-Geral da Uni\u00e3o) abra uma investiga\u00e7\u00e3o contra a presidente do PT e deputada federal, Gleisi Hoffmann (PR), por ter questionado e pedido o fim da Justi\u00e7a Eleitoral.<br \/>\nEla chamou de &#8220;absurdo&#8221; o fato de o Brasil ter um bra\u00e7o do Judici\u00e1rio espec\u00edfico para esse tema, mas recuou um dia depois, diante de forte rea\u00e7\u00e3o do ministro Alexandre de Moraes, presidente do TSE (Tribunal Superior Eleitoral).<br \/>\nNa quarta-feira (20), Gleisi havia criticado a atua\u00e7\u00e3o do TSE em sess\u00e3o de vota\u00e7\u00e3o da PEC da Anistia ao afirmar que o tribunal tem aplicado multas inexequ\u00edveis aos partidos, amea\u00e7ando a democracia.<br \/>\nSegundo ela, as decis\u00f5es dos tribunais eleitorais &#8220;trazem a vis\u00e3o subjetiva da equipe t\u00e9cnica do tribunal, que sistematicamente entra na vida dos partidos pol\u00edticos, querendo dar orienta\u00e7\u00e3o, interpretando a vontade de dirigentes, a vontade de candidatos&#8221;.<br \/>\nA petista disse ainda que a Justi\u00e7a tem aplicado multas inexequ\u00edveis aos partidos &#8211;&#8220;n\u00e3o tem como pagar, n\u00f3s n\u00e3o temos dinheiro&#8221;&#8211; e que a exist\u00eancia de um tribunal direcionado \u00e0s quest\u00f5es eleitorais \u00e9 uma exce\u00e7\u00e3o no mundo, situa\u00e7\u00e3o que classificou como &#8220;um absurdo&#8221;.<br \/>\n&#8220;N\u00e3o pode ter uma Justi\u00e7a Eleitoral, que, ali\u00e1s, \u00e9 uma das \u00fanicas do mundo. Um dos \u00fanicos lugares que tem Justi\u00e7a Eleitoral no mundo \u00e9 no Brasil. O que j\u00e1 \u00e9 um absurdo.<br \/>\nA petista questionou tamb\u00e9m o gasto com a manuten\u00e7\u00e3o da Justi\u00e7a Eleitoral, afirmando que ela custa tr\u00eas vezes o valor direcionado \u00e0s campanhas. &#8220;Tem alguma coisa errada nisso&#8221;, completou.<br \/>\nA fala da presidente do PT provocou rea\u00e7\u00f5es da Justi\u00e7a Eleitoral.<br \/>\nPresidente do TSE, Moraes divulgou uma nota em que classificou a fala de Gleisi, sem cit\u00e1-la diretamente, como &#8220;err\u00f4neas e falsas&#8221; e disse que a Justi\u00e7a Eleitoral continuar\u00e1 a &#8220;combater aqueles que s\u00e3o contr\u00e1rios aos ideais constitucionais&#8221; e as &#8220;for\u00e7as que n\u00e3o acreditam no Estado democr\u00e1tico de Direito&#8221;.<br \/>\nTamb\u00e9m em nota, a Abradep (Academia Brasileira de Direito Eleitoral e Pol\u00edtico) reagiu a Gleisi e disse a &#8220;cria\u00e7\u00e3o da Justi\u00e7a Eleitoral atendeu e atende a demandas pr\u00f3prias da democracia brasileira&#8221;.<br \/>\n&#8220;O aperfei\u00e7oamento institucional \u00e9 importante e deve ser objeto de debate amplo do Parlamento e da sociedade. Esse debate, por\u00e9m, deve resistir ao apelo f\u00e1cil da apresenta\u00e7\u00e3o de custos globais de manuten\u00e7\u00e3o da Justi\u00e7a Eleitoral.&#8221;<br \/>\nGleisi ent\u00e3o recuou nesta sexta (22) e afirmou que n\u00e3o pediu o fim da Justi\u00e7a Eleitoral em discurso.<br \/>\n&#8220;N\u00e3o pedi o fim da Justi\u00e7a Eleitoral, fui mal compreendida, minha fala foi descontextualizada e mal compreendida dentro do debate de uma proposta que d\u00e1 anistia aos partidos pol\u00edticos, das multas, presta\u00e7\u00e3o de contas e do processo eleitoral&#8221;, afirmou Gleisi.<\/p>\n<\/div>\n<\/div>\n","protected":false},"excerpt":{"rendered":"<p>Por Thiago Resende | Folhapress\u00a0 &#8211; O senador Fl\u00e1vio Bolsonaro (PL-RJ) entrou com um pedido para que a AGU (Advocacia-Geral da Uni\u00e3o) abra uma investiga\u00e7\u00e3o contra a presidente do PT e deputada federal, Gleisi Hoffmann (PR), por ter questionado e pedido o fim da Justi\u00e7a Eleitoral. Ela chamou de &#8220;absurdo&#8221; o fato de o Brasil ter um bra\u00e7o do Judici\u00e1rio espec\u00edfico para esse tema, mas recuou um dia depois, diante de forte rea\u00e7\u00e3o do ministro Alexandre de Moraes, presidente do TSE (Tribunal Superior Eleitoral). Na quarta-feira (20), Gleisi havia criticado a atua\u00e7\u00e3o do TSE em sess\u00e3o de vota\u00e7\u00e3o da PEC da Anistia ao afirmar que o tribunal tem aplicado multas inexequ\u00edveis aos partidos, amea\u00e7ando a democracia. Segundo ela, as decis\u00f5es&hellip; <\/p>\n","protected":false},"author":2,"featured_media":216990,"comment_status":"open","ping_status":"open","sticky":false,"template":"","format":"standard","meta":{"_acf_changed":false,"footnotes":""},"categories":[1],"tags":[],"class_list":["post-350921","post","type-post","status-publish","format-standard","has-post-thumbnail","hentry","category-politica"],"acf":[],"yoast_head":"<!-- This site is optimized with the Yoast SEO plugin v27.4 - https:\/\/yoast.com\/product\/yoast-seo-wordpress\/ -->\n<title>&quot;Me d\u00ea motivo&quot;: Fl\u00e1vio Bolsonaro pede que AGU investigue fala em que Gleisi pede fim da Justi\u00e7a Eleitoral - Blog do Farn\u00e9sio<\/title>\n<meta name=\"robots\" content=\"index, follow, max-snippet:-1, max-image-preview:large, max-video-preview:-1\" \/>\n<link rel=\"canonical\" href=\"https:\/\/blogdofarnesio.com.br\/?p=350921\" \/>\n<meta property=\"og:locale\" content=\"pt_BR\" \/>\n<meta property=\"og:type\" content=\"article\" \/>\n<meta property=\"og:title\" content=\"&quot;Me d\u00ea motivo&quot;: Fl\u00e1vio Bolsonaro pede que AGU investigue fala em que Gleisi pede fim da Justi\u00e7a Eleitoral - Blog do Farn\u00e9sio\" \/>\n<meta property=\"og:description\" content=\"Por Thiago Resende | Folhapress\u00a0 &#8211; O senador Fl\u00e1vio Bolsonaro (PL-RJ) entrou com um pedido para que a AGU (Advocacia-Geral da Uni\u00e3o) abra uma investiga\u00e7\u00e3o contra a presidente do PT e deputada federal, Gleisi Hoffmann (PR), por ter questionado e pedido o fim da Justi\u00e7a Eleitoral. Ela chamou de &#8220;absurdo&#8221; o fato de o Brasil ter um bra\u00e7o do Judici\u00e1rio espec\u00edfico para esse tema, mas recuou um dia depois, diante de forte rea\u00e7\u00e3o do ministro Alexandre de Moraes, presidente do TSE (Tribunal Superior Eleitoral). Na quarta-feira (20), Gleisi havia criticado a atua\u00e7\u00e3o do TSE em sess\u00e3o de vota\u00e7\u00e3o da PEC da Anistia ao afirmar que o tribunal tem aplicado multas inexequ\u00edveis aos partidos, amea\u00e7ando a democracia. Segundo ela, as decis\u00f5es&hellip;\" \/>\n<meta property=\"og:url\" content=\"https:\/\/blogdofarnesio.com.br\/?p=350921\" \/>\n<meta property=\"og:site_name\" content=\"Blog do Farn\u00e9sio\" \/>\n<meta property=\"article:publisher\" content=\"https:\/\/www.facebook.com\/BlogQuerSaberPolitica\/\" \/>\n<meta property=\"article:author\" content=\"https:\/\/www.facebook.com\/?ref=tn_tnmn\" \/>\n<meta property=\"article:published_time\" content=\"2023-09-24T11:30:25+00:00\" \/>\n<meta property=\"og:image\" content=\"https:\/\/blogdofarnesio.com.br\/wp-content\/uploads\/2018\/12\/blogqspflavio-bolsonaro.jpg\" \/>\n\t<meta property=\"og:image:width\" content=\"380\" \/>\n\t<meta property=\"og:image:height\" content=\"280\" \/>\n\t<meta property=\"og:image:type\" content=\"image\/jpeg\" \/>\n<meta name=\"author\" content=\"Farn\u00e9sio\" \/>\n<meta name=\"twitter:card\" content=\"summary_large_image\" \/>\n<meta name=\"twitter:label1\" content=\"Escrito por\" \/>\n\t<meta name=\"twitter:data1\" content=\"Farn\u00e9sio\" \/>\n\t<meta name=\"twitter:label2\" content=\"Est. tempo de leitura\" \/>\n\t<meta name=\"twitter:data2\" content=\"3 minutos\" \/>\n<script type=\"application\/ld+json\" class=\"yoast-schema-graph\">{\"@context\":\"https:\\\/\\\/schema.org\",\"@graph\":[{\"@type\":\"Article\",\"@id\":\"https:\\\/\\\/blogdofarnesio.com.br\\\/?p=350921#article\",\"isPartOf\":{\"@id\":\"https:\\\/\\\/blogdofarnesio.com.br\\\/?p=350921\"},\"author\":{\"name\":\"Farn\u00e9sio\",\"@id\":\"https:\\\/\\\/blogdofarnesio.com.br\\\/#\\\/schema\\\/person\\\/bb9b23ae3ad0609ce8df7b6c9e76824d\"},\"headline\":\"&#8220;Me d\u00ea motivo&#8221;: Fl\u00e1vio Bolsonaro pede que AGU investigue fala em que Gleisi pede fim da Justi\u00e7a Eleitoral\",\"datePublished\":\"2023-09-24T11:30:25+00:00\",\"mainEntityOfPage\":{\"@id\":\"https:\\\/\\\/blogdofarnesio.com.br\\\/?p=350921\"},\"wordCount\":517,\"commentCount\":0,\"publisher\":{\"@id\":\"https:\\\/\\\/blogdofarnesio.com.br\\\/#organization\"},\"image\":{\"@id\":\"https:\\\/\\\/blogdofarnesio.com.br\\\/?p=350921#primaryimage\"},\"thumbnailUrl\":\"https:\\\/\\\/blogdofarnesio.com.br\\\/wp-content\\\/uploads\\\/2018\\\/12\\\/blogqspflavio-bolsonaro.jpg\",\"articleSection\":[\"Pol\u00edtica\"],\"inLanguage\":\"pt-BR\",\"potentialAction\":[{\"@type\":\"CommentAction\",\"name\":\"Comment\",\"target\":[\"https:\\\/\\\/blogdofarnesio.com.br\\\/?p=350921#respond\"]}]},{\"@type\":\"WebPage\",\"@id\":\"https:\\\/\\\/blogdofarnesio.com.br\\\/?p=350921\",\"url\":\"https:\\\/\\\/blogdofarnesio.com.br\\\/?p=350921\",\"name\":\"\\\"Me d\u00ea motivo\\\": Fl\u00e1vio Bolsonaro pede que AGU investigue fala em que Gleisi pede fim da Justi\u00e7a Eleitoral - Blog do Farn\u00e9sio\",\"isPartOf\":{\"@id\":\"https:\\\/\\\/blogdofarnesio.com.br\\\/#website\"},\"primaryImageOfPage\":{\"@id\":\"https:\\\/\\\/blogdofarnesio.com.br\\\/?p=350921#primaryimage\"},\"image\":{\"@id\":\"https:\\\/\\\/blogdofarnesio.com.br\\\/?p=350921#primaryimage\"},\"thumbnailUrl\":\"https:\\\/\\\/blogdofarnesio.com.br\\\/wp-content\\\/uploads\\\/2018\\\/12\\\/blogqspflavio-bolsonaro.jpg\",\"datePublished\":\"2023-09-24T11:30:25+00:00\",\"breadcrumb\":{\"@id\":\"https:\\\/\\\/blogdofarnesio.com.br\\\/?p=350921#breadcrumb\"},\"inLanguage\":\"pt-BR\",\"potentialAction\":[{\"@type\":\"ReadAction\",\"target\":[\"https:\\\/\\\/blogdofarnesio.com.br\\\/?p=350921\"]}]},{\"@type\":\"ImageObject\",\"inLanguage\":\"pt-BR\",\"@id\":\"https:\\\/\\\/blogdofarnesio.com.br\\\/?p=350921#primaryimage\",\"url\":\"https:\\\/\\\/blogdofarnesio.com.br\\\/wp-content\\\/uploads\\\/2018\\\/12\\\/blogqspflavio-bolsonaro.jpg\",\"contentUrl\":\"https:\\\/\\\/blogdofarnesio.com.br\\\/wp-content\\\/uploads\\\/2018\\\/12\\\/blogqspflavio-bolsonaro.jpg\",\"width\":380,\"height\":280},{\"@type\":\"BreadcrumbList\",\"@id\":\"https:\\\/\\\/blogdofarnesio.com.br\\\/?p=350921#breadcrumb\",\"itemListElement\":[{\"@type\":\"ListItem\",\"position\":1,\"name\":\"In\u00edcio\",\"item\":\"https:\\\/\\\/blogdofarnesio.com.br\\\/\"},{\"@type\":\"ListItem\",\"position\":2,\"name\":\"&#8220;Me d\u00ea motivo&#8221;: Fl\u00e1vio Bolsonaro pede que AGU investigue fala em que Gleisi pede fim da Justi\u00e7a Eleitoral\"}]},{\"@type\":\"WebSite\",\"@id\":\"https:\\\/\\\/blogdofarnesio.com.br\\\/#website\",\"url\":\"https:\\\/\\\/blogdofarnesio.com.br\\\/\",\"name\":\"Blog do Farn\u00e9sio\",\"description\":\"Quer Saber Pol\u00edtica?\",\"publisher\":{\"@id\":\"https:\\\/\\\/blogdofarnesio.com.br\\\/#organization\"},\"potentialAction\":[{\"@type\":\"SearchAction\",\"target\":{\"@type\":\"EntryPoint\",\"urlTemplate\":\"https:\\\/\\\/blogdofarnesio.com.br\\\/?s={search_term_string}\"},\"query-input\":{\"@type\":\"PropertyValueSpecification\",\"valueRequired\":true,\"valueName\":\"search_term_string\"}}],\"inLanguage\":\"pt-BR\"},{\"@type\":\"Organization\",\"@id\":\"https:\\\/\\\/blogdofarnesio.com.br\\\/#organization\",\"name\":\"Blog do Farn\u00e9sio\",\"url\":\"https:\\\/\\\/blogdofarnesio.com.br\\\/\",\"logo\":{\"@type\":\"ImageObject\",\"inLanguage\":\"pt-BR\",\"@id\":\"https:\\\/\\\/blogdofarnesio.com.br\\\/#\\\/schema\\\/logo\\\/image\\\/\",\"url\":\"https:\\\/\\\/blogdofarnesio.com.br\\\/wp-content\\\/uploads\\\/2026\\\/03\\\/cropped-logo_new-1.png\",\"contentUrl\":\"https:\\\/\\\/blogdofarnesio.com.br\\\/wp-content\\\/uploads\\\/2026\\\/03\\\/cropped-logo_new-1.png\",\"width\":881,\"height\":685,\"caption\":\"Blog do Farn\u00e9sio\"},\"image\":{\"@id\":\"https:\\\/\\\/blogdofarnesio.com.br\\\/#\\\/schema\\\/logo\\\/image\\\/\"},\"sameAs\":[\"https:\\\/\\\/www.facebook.com\\\/BlogQuerSaberPolitica\\\/\"]},{\"@type\":\"Person\",\"@id\":\"https:\\\/\\\/blogdofarnesio.com.br\\\/#\\\/schema\\\/person\\\/bb9b23ae3ad0609ce8df7b6c9e76824d\",\"name\":\"Farn\u00e9sio\",\"image\":{\"@type\":\"ImageObject\",\"inLanguage\":\"pt-BR\",\"@id\":\"https:\\\/\\\/secure.gravatar.com\\\/avatar\\\/986aa4c61ccdb66f8555bf88fc2a65609d00bcabd4d2d94377a727547345cbca?s=96&d=mm&r=g\",\"url\":\"https:\\\/\\\/secure.gravatar.com\\\/avatar\\\/986aa4c61ccdb66f8555bf88fc2a65609d00bcabd4d2d94377a727547345cbca?s=96&d=mm&r=g\",\"contentUrl\":\"https:\\\/\\\/secure.gravatar.com\\\/avatar\\\/986aa4c61ccdb66f8555bf88fc2a65609d00bcabd4d2d94377a727547345cbca?s=96&d=mm&r=g\",\"caption\":\"Farn\u00e9sio\"},\"description\":\"Radialista blogueiro, chegou a Petrolina\\\/Juazeiro em setembro de 1980, Farn\u00e9sio Silva \u00e9 de Arapiraca-Alagoas.\",\"sameAs\":[\"http:\\\/\\\/blogdofarnesio.com.br\",\"https:\\\/\\\/www.facebook.com\\\/?ref=tn_tnmn\",\"https:\\\/\\\/www.instagram.com\\\/?utm_source=pwa_homescreen\",\"https:\\\/\\\/youtube.com.br\\\/\"],\"url\":\"https:\\\/\\\/blogdofarnesio.com.br\\\/?author=2\"}]}<\/script>\n<!-- \/ Yoast SEO plugin. -->","yoast_head_json":{"title":"\"Me d\u00ea motivo\": Fl\u00e1vio Bolsonaro pede que AGU investigue fala em que Gleisi pede fim da Justi\u00e7a Eleitoral - Blog do Farn\u00e9sio","robots":{"index":"index","follow":"follow","max-snippet":"max-snippet:-1","max-image-preview":"max-image-preview:large","max-video-preview":"max-video-preview:-1"},"canonical":"https:\/\/blogdofarnesio.com.br\/?p=350921","og_locale":"pt_BR","og_type":"article","og_title":"\"Me d\u00ea motivo\": Fl\u00e1vio Bolsonaro pede que AGU investigue fala em que Gleisi pede fim da Justi\u00e7a Eleitoral - Blog do Farn\u00e9sio","og_description":"Por Thiago Resende | Folhapress\u00a0 &#8211; O senador Fl\u00e1vio Bolsonaro (PL-RJ) entrou com um pedido para que a AGU (Advocacia-Geral da Uni\u00e3o) abra uma investiga\u00e7\u00e3o contra a presidente do PT e deputada federal, Gleisi Hoffmann (PR), por ter questionado e pedido o fim da Justi\u00e7a Eleitoral. Ela chamou de &#8220;absurdo&#8221; o fato de o Brasil ter um bra\u00e7o do Judici\u00e1rio espec\u00edfico para esse tema, mas recuou um dia depois, diante de forte rea\u00e7\u00e3o do ministro Alexandre de Moraes, presidente do TSE (Tribunal Superior Eleitoral). Na quarta-feira (20), Gleisi havia criticado a atua\u00e7\u00e3o do TSE em sess\u00e3o de vota\u00e7\u00e3o da PEC da Anistia ao afirmar que o tribunal tem aplicado multas inexequ\u00edveis aos partidos, amea\u00e7ando a democracia. Segundo ela, as decis\u00f5es&hellip;","og_url":"https:\/\/blogdofarnesio.com.br\/?p=350921","og_site_name":"Blog do Farn\u00e9sio","article_publisher":"https:\/\/www.facebook.com\/BlogQuerSaberPolitica\/","article_author":"https:\/\/www.facebook.com\/?ref=tn_tnmn","article_published_time":"2023-09-24T11:30:25+00:00","og_image":[{"width":380,"height":280,"url":"https:\/\/blogdofarnesio.com.br\/wp-content\/uploads\/2018\/12\/blogqspflavio-bolsonaro.jpg","type":"image\/jpeg"}],"author":"Farn\u00e9sio","twitter_card":"summary_large_image","twitter_misc":{"Escrito por":"Farn\u00e9sio","Est. tempo de leitura":"3 minutos"},"schema":{"@context":"https:\/\/schema.org","@graph":[{"@type":"Article","@id":"https:\/\/blogdofarnesio.com.br\/?p=350921#article","isPartOf":{"@id":"https:\/\/blogdofarnesio.com.br\/?p=350921"},"author":{"name":"Farn\u00e9sio","@id":"https:\/\/blogdofarnesio.com.br\/#\/schema\/person\/bb9b23ae3ad0609ce8df7b6c9e76824d"},"headline":"&#8220;Me d\u00ea motivo&#8221;: Fl\u00e1vio Bolsonaro pede que AGU investigue fala em que Gleisi pede fim da Justi\u00e7a Eleitoral","datePublished":"2023-09-24T11:30:25+00:00","mainEntityOfPage":{"@id":"https:\/\/blogdofarnesio.com.br\/?p=350921"},"wordCount":517,"commentCount":0,"publisher":{"@id":"https:\/\/blogdofarnesio.com.br\/#organization"},"image":{"@id":"https:\/\/blogdofarnesio.com.br\/?p=350921#primaryimage"},"thumbnailUrl":"https:\/\/blogdofarnesio.com.br\/wp-content\/uploads\/2018\/12\/blogqspflavio-bolsonaro.jpg","articleSection":["Pol\u00edtica"],"inLanguage":"pt-BR","potentialAction":[{"@type":"CommentAction","name":"Comment","target":["https:\/\/blogdofarnesio.com.br\/?p=350921#respond"]}]},{"@type":"WebPage","@id":"https:\/\/blogdofarnesio.com.br\/?p=350921","url":"https:\/\/blogdofarnesio.com.br\/?p=350921","name":"\"Me d\u00ea motivo\": Fl\u00e1vio Bolsonaro pede que AGU investigue fala em que Gleisi pede fim da Justi\u00e7a Eleitoral - Blog do Farn\u00e9sio","isPartOf":{"@id":"https:\/\/blogdofarnesio.com.br\/#website"},"primaryImageOfPage":{"@id":"https:\/\/blogdofarnesio.com.br\/?p=350921#primaryimage"},"image":{"@id":"https:\/\/blogdofarnesio.com.br\/?p=350921#primaryimage"},"thumbnailUrl":"https:\/\/blogdofarnesio.com.br\/wp-content\/uploads\/2018\/12\/blogqspflavio-bolsonaro.jpg","datePublished":"2023-09-24T11:30:25+00:00","breadcrumb":{"@id":"https:\/\/blogdofarnesio.com.br\/?p=350921#breadcrumb"},"inLanguage":"pt-BR","potentialAction":[{"@type":"ReadAction","target":["https:\/\/blogdofarnesio.com.br\/?p=350921"]}]},{"@type":"ImageObject","inLanguage":"pt-BR","@id":"https:\/\/blogdofarnesio.com.br\/?p=350921#primaryimage","url":"https:\/\/blogdofarnesio.com.br\/wp-content\/uploads\/2018\/12\/blogqspflavio-bolsonaro.jpg","contentUrl":"https:\/\/blogdofarnesio.com.br\/wp-content\/uploads\/2018\/12\/blogqspflavio-bolsonaro.jpg","width":380,"height":280},{"@type":"BreadcrumbList","@id":"https:\/\/blogdofarnesio.com.br\/?p=350921#breadcrumb","itemListElement":[{"@type":"ListItem","position":1,"name":"In\u00edcio","item":"https:\/\/blogdofarnesio.com.br\/"},{"@type":"ListItem","position":2,"name":"&#8220;Me d\u00ea motivo&#8221;: Fl\u00e1vio Bolsonaro pede que AGU investigue fala em que Gleisi pede fim da Justi\u00e7a Eleitoral"}]},{"@type":"WebSite","@id":"https:\/\/blogdofarnesio.com.br\/#website","url":"https:\/\/blogdofarnesio.com.br\/","name":"Blog do Farn\u00e9sio","description":"Quer Saber Pol\u00edtica?","publisher":{"@id":"https:\/\/blogdofarnesio.com.br\/#organization"},"potentialAction":[{"@type":"SearchAction","target":{"@type":"EntryPoint","urlTemplate":"https:\/\/blogdofarnesio.com.br\/?s={search_term_string}"},"query-input":{"@type":"PropertyValueSpecification","valueRequired":true,"valueName":"search_term_string"}}],"inLanguage":"pt-BR"},{"@type":"Organization","@id":"https:\/\/blogdofarnesio.com.br\/#organization","name":"Blog do Farn\u00e9sio","url":"https:\/\/blogdofarnesio.com.br\/","logo":{"@type":"ImageObject","inLanguage":"pt-BR","@id":"https:\/\/blogdofarnesio.com.br\/#\/schema\/logo\/image\/","url":"https:\/\/blogdofarnesio.com.br\/wp-content\/uploads\/2026\/03\/cropped-logo_new-1.png","contentUrl":"https:\/\/blogdofarnesio.com.br\/wp-content\/uploads\/2026\/03\/cropped-logo_new-1.png","width":881,"height":685,"caption":"Blog do Farn\u00e9sio"},"image":{"@id":"https:\/\/blogdofarnesio.com.br\/#\/schema\/logo\/image\/"},"sameAs":["https:\/\/www.facebook.com\/BlogQuerSaberPolitica\/"]},{"@type":"Person","@id":"https:\/\/blogdofarnesio.com.br\/#\/schema\/person\/bb9b23ae3ad0609ce8df7b6c9e76824d","name":"Farn\u00e9sio","image":{"@type":"ImageObject","inLanguage":"pt-BR","@id":"https:\/\/secure.gravatar.com\/avatar\/986aa4c61ccdb66f8555bf88fc2a65609d00bcabd4d2d94377a727547345cbca?s=96&d=mm&r=g","url":"https:\/\/secure.gravatar.com\/avatar\/986aa4c61ccdb66f8555bf88fc2a65609d00bcabd4d2d94377a727547345cbca?s=96&d=mm&r=g","contentUrl":"https:\/\/secure.gravatar.com\/avatar\/986aa4c61ccdb66f8555bf88fc2a65609d00bcabd4d2d94377a727547345cbca?s=96&d=mm&r=g","caption":"Farn\u00e9sio"},"description":"Radialista blogueiro, chegou a Petrolina\/Juazeiro em setembro de 1980, Farn\u00e9sio Silva \u00e9 de Arapiraca-Alagoas.","sameAs":["http:\/\/blogdofarnesio.com.br","https:\/\/www.facebook.com\/?ref=tn_tnmn","https:\/\/www.instagram.com\/?utm_source=pwa_homescreen","https:\/\/youtube.com.br\/"],"url":"https:\/\/blogdofarnesio.com.br\/?author=2"}]}},"_links":{"self":[{"href":"https:\/\/blogdofarnesio.com.br\/index.php?rest_route=\/wp\/v2\/posts\/350921","targetHints":{"allow":["GET"]}}],"collection":[{"href":"https:\/\/blogdofarnesio.com.br\/index.php?rest_route=\/wp\/v2\/posts"}],"about":[{"href":"https:\/\/blogdofarnesio.com.br\/index.php?rest_route=\/wp\/v2\/types\/post"}],"author":[{"embeddable":true,"href":"https:\/\/blogdofarnesio.com.br\/index.php?rest_route=\/wp\/v2\/users\/2"}],"replies":[{"embeddable":true,"href":"https:\/\/blogdofarnesio.com.br\/index.php?rest_route=%2Fwp%2Fv2%2Fcomments&post=350921"}],"version-history":[{"count":0,"href":"https:\/\/blogdofarnesio.com.br\/index.php?rest_route=\/wp\/v2\/posts\/350921\/revisions"}],"wp:featuredmedia":[{"embeddable":true,"href":"https:\/\/blogdofarnesio.com.br\/index.php?rest_route=\/wp\/v2\/media\/216990"}],"wp:attachment":[{"href":"https:\/\/blogdofarnesio.com.br\/index.php?rest_route=%2Fwp%2Fv2%2Fmedia&parent=350921"}],"wp:term":[{"taxonomy":"category","embeddable":true,"href":"https:\/\/blogdofarnesio.com.br\/index.php?rest_route=%2Fwp%2Fv2%2Fcategories&post=350921"},{"taxonomy":"post_tag","embeddable":true,"href":"https:\/\/blogdofarnesio.com.br\/index.php?rest_route=%2Fwp%2Fv2%2Ftags&post=350921"}],"curies":[{"name":"wp","href":"https:\/\/api.w.org\/{rel}","templated":true}]}}