{"id":350900,"date":"2023-09-23T17:40:39","date_gmt":"2023-09-23T20:40:39","guid":{"rendered":"https:\/\/blogdofarnesio.com.br\/?p=350900"},"modified":"2023-09-23T17:40:39","modified_gmt":"2023-09-23T20:40:39","slug":"convocados-da-selecao-veja-a-segunda-lista-de-fernando-diniz","status":"publish","type":"post","link":"https:\/\/blogdofarnesio.com.br\/?p=350900","title":{"rendered":"Convocados da Sele\u00e7\u00e3o: veja a segunda lista de Fernando Diniz"},"content":{"rendered":"<div class=\"row content-head non-featured \">\n<div class=\"title\" data-block-type=\"title\" data-block-id=\"0\">\n<h1 class=\"content-head__title\"><span style=\"font-size: 16px;\">Por Daniel Mundim\/GE \u2014 Rio de Janeiro<\/span><\/h1>\n<\/div>\n<\/div>\n<div class=\"mc-article-body\">\n<article>\n<div id=\"chunk-1n3n3\">\n<div class=\"mc-column content-text active-extra-styles active-capital-letter\" data-block-type=\"unstyled\" data-block-weight=\"65\" data-block-id=\"2\">\n<p class=\"content-text__container theme-color-primary-first-letter\" data-track-category=\"Link no Texto\" data-track-links=\"\">O t\u00e9cnico Fernando Diniz fez sua segunda convoca\u00e7\u00e3o para a sele\u00e7\u00e3o brasileira neste s\u00e1bado, na sede da CBF, no Rio de Janeiro. O treinador fez apenas tr\u00eas mudan\u00e7as em rela\u00e7\u00e3o \u00e0 sua primeira lista. A principal novidade \u00e9 a presen\u00e7a do volante Gerson, do Flamengo. O Brasil encara a Venezuela, no dia 12 de outubro, em Cuiab\u00e1, e o Uruguai, no dia 17, em Montevid\u00e9u.<\/p>\n<\/div>\n<\/div>\n<div class=\"wall protected-content\">\n<div id=\"chunk-8gjvl\">\n<div class=\"bs-video-block mc-column  content-media content-video\" data-block-type=\"backstage-video\" data-block-id=\"4\">\n<div class=\"content-media__container\">\n<div class=\"content-video__bigger-player-description-fixer\">\n<article class=\"content-video\">\n<section class=\"content-video__video-container\">\n<div class=\"content-video__video\">\n<div id=\"wp3-player-2\" class=\"clappr-player\" tabindex=\"9999\" data-player=\"\">\n<div class=\"container\" data-container=\"\">\n<div class=\"poster\">\n<div class=\"poster__background-overlay\"><\/div>\n<p><button class=\"poster__play-wrapper\" tabindex=\"0\"><span class=\"visually-hidden\">Reproduzir v\u00eddeo<\/span><\/button><\/div>\n<div class=\"spinner\" role=\"alert\"><\/div>\n<div class=\"id-playback\" data-id-playback=\"\"><video id=\"c75\" poster=\"https:\/\/s03.video.glbimg.com\/x720\/11971558.jpg\" preload=\"none\" muted=\"\" width=\"300\" height=\"150\" data-html5-video=\"\" data-mce-fragment=\"1\"><\/video><button class=\"media-control-button skip-button skip-button--live_button skip-button--hidden media-control-element\" data-skip-button=\"\"><\/button><\/div>\n<\/div>\n<\/div>\n<\/div>\n<\/section>\n<\/article>\n<\/div>\n<p class=\"content-media__description\">Sele\u00e7\u00e3o Brasileira \u00e9 convocada por Fernando Diniz para Eliminat\u00f3rias da Copa<\/p>\n<\/div>\n<\/div>\n<\/div>\n<div id=\"chunk-2ikp7\">\n<div class=\"mc-column content-text active-extra-styles \" data-block-type=\"unstyled\" data-block-weight=\"63\" data-block-id=\"5\">\n<p class=\"content-text__container \" data-track-category=\"Link no Texto\" data-track-links=\"\">Gerson tem quatro jogos pela Sele\u00e7\u00e3o, todos entre setembro e novembro de 2021, sob o comando de Tite. Cortado da primeira convoca\u00e7\u00e3o de Diniz por les\u00e3o, Vinicius Junior voltou \u00e0 lista. O atacante do Real Madrid retornou aos treinos no Real Madrid na \u00faltima sexta. A previs\u00e3o do clube espanhol \u00e9 que\u00a0<a class=\"\" href=\"https:\/\/ge.globo.com\/futebol\/futebol-internacional\/futebol-espanhol\/noticia\/2023\/09\/23\/ancelotti-garante-volta-de-vinicius-junior-ao-real-madrid-em-classico.ghtml\"><strong>ele esteja em campo neste domingo<\/strong><\/a>, contra o Atl\u00e9tico de Madrid.<\/p>\n<\/div>\n<\/div>\n<div id=\"chunk-37l3p\">\n<div class=\"bs-video-block mc-column  content-media content-video\" data-block-type=\"backstage-video\" data-block-id=\"8\">\n<div class=\"content-media__container\">\n<div class=\"content-video__bigger-player-description-fixer\">\n<article class=\"content-video\">\n<section class=\"content-video__video-container\">\n<div class=\"content-video__video\">\n<div id=\"wp3-player-3\" class=\"clappr-player\" tabindex=\"9999\" data-player=\"\">\n<div class=\"container\" data-container=\"\">\n<div class=\"poster\"><button class=\"poster__play-wrapper\" tabindex=\"0\"><span class=\"visually-hidden\">Reproduzir v\u00eddeo<\/span><\/button><\/div>\n<div class=\"spinner\" role=\"alert\"><\/div>\n<div class=\"id-playback\" data-id-playback=\"\"><video id=\"c116\" poster=\"https:\/\/s02.video.glbimg.com\/x720\/11971649.jpg\" preload=\"none\" muted=\"\" width=\"300\" height=\"150\" data-html5-video=\"\" data-mce-fragment=\"1\"><\/video><\/div>\n<\/div>\n<div class=\"media-control media-control-hide h720 w960\">\n<div class=\"media-control-panel\">\n<div class=\"media-control-panel__back-layer\">\n<div class=\"media-control-position__left\"><\/div>\n<div class=\"media-control-position__center\"><\/div>\n<div class=\"media-control-position__right\"><\/div>\n<\/div>\n<div class=\"media-control-panel__upper\">\n<div class=\"opposites-container\">\n<div class=\"media-control-position__left\"><\/div>\n<div class=\"media-control-position__right\"><\/div>\n<\/div>\n<div class=\"media-control-position__center\"><\/div>\n<\/div>\n<div class=\"media-control-panel__middle\">\n<div class=\"media-control-position__left\"><\/div>\n<div class=\"media-control-position__center\"><\/div>\n<div class=\"media-control-position__right\"><\/div>\n<\/div>\n<div class=\"media-control-panel__between\">\n<div class=\"media-control-position__left\"><\/div>\n<div class=\"media-control-position__center\"><\/div>\n<div class=\"media-control-position__right\"><\/div>\n<p><button class=\"media-control-button skip-button skip-button--live_button skip-button--hidden media-control-element\" data-skip-button=\"\"><\/button><button class=\"media-control-button skip-button skip-button--recap skip-button--hidden media-control-element\" data-skip-button=\"\"><\/button><button class=\"media-control-button skip-button skip-button--intro skip-button--hidden media-control-element\" data-skip-button=\"\"><\/button><button class=\"media-control-button skip-button skip-button--left skip-button--start_over skip-button--hidden media-control-element\" data-skip-button=\"\"><\/button><\/div>\n<div class=\"media-control-panel__lower\" data-controls=\"\">\n<div class=\"media-control-position__center\">\n<div class=\"bar-container media-control-element\" data-seekbar=\"\">\n<div class=\"seekbar\">\n<div class=\"bar-background\" tabindex=\"0\" data-seekbar=\"\">\n<div class=\"bar-fill-1\" data-seekbar=\"\"><\/div>\n<div class=\"bar-fill-2\" data-seekbar=\"\"><\/div>\n<\/div>\n<div class=\"bar-scrubber\" tabindex=\"-1\" role=\"slider\" data-seekbar=\"\" aria-valuemin=\"0\" aria-valuemax=\"0\" aria-valuenow=\"0\" aria-valuetext=\"Ponto do v\u00eddeo, 0 minuto e 0 segundo.\">\n<div class=\"bar-scrubber-icon\" data-seekbar=\"\"><\/div>\n<\/div>\n<\/div>\n<div id=\"seek-feedback\" class=\"visually-hidden\" aria-live=\"polite\"><\/div>\n<div class=\"thumb-preview thumb-preview--hidden\">\n<div class=\"thumb-preview__thumb\"><\/div>\n<div class=\"thumb-preview__position\"><\/div>\n<\/div>\n<\/div>\n<div class=\"bar-container__placeholder\"><\/div>\n<\/div>\n<div class=\"opposites-container\">\n<div class=\"media-control-position__left\"><button class=\"media-control-button play media-control-element\" data-playpause=\"\"><span class=\"visually-hidden\">Reproduzir<\/span><\/button><\/p>\n<div class=\"time-indicator media-control-element\"><span data-position=\"\">00:00<\/span><span class=\"separator\">\/<\/span><span data-duration=\"\">00:35<\/span><\/div>\n<\/div>\n<div class=\"media-control-position__between\"><\/div>\n<div class=\"media-control-position__right\">\n<div class=\"drawer-container volume-hide media-control-element\" data-volume=\"\">\n<div class=\"drawer-icon-container\" data-volume=\"\"><button class=\"drawer-icon media-control-button media-control-element\" data-volume=\"\"><span class=\"visually-hidden\">Silenciar som<\/span><\/button><\/div>\n<div class=\"bar-container\" data-volume=\"\">\n<div class=\"bar-background\" data-volume=\"\">\n<div class=\"bar-fill-1\" data-volume=\"\"><\/div>\n<div class=\"bar-hover\" data-volume=\"\"><\/div>\n<\/div>\n<div class=\"bar-scrubber\" data-volume=\"\">\n<div class=\"bar-scrubber-icon\" data-volume=\"\"><\/div>\n<\/div>\n<\/div>\n<\/div>\n<p><button class=\"media-control-button media-control-element\" data-pip=\"\"><span class=\"visually-hidden\">Minimizar v\u00eddeo<\/span><\/button><button class=\"media-control-button media-control-element\" data-fullscreen=\"\"><span class=\"visually-hidden\">Tela cheia<\/span><\/button><\/div>\n<\/div>\n<\/div>\n<\/div>\n<\/div>\n<\/div>\n<\/div>\n<\/section>\n<\/article>\n<\/div>\n<p class=\"content-media__description\">Diniz indica que Paquet\u00e1 n\u00e3o ser\u00e1 convocado at\u00e9 fim de investiga\u00e7\u00e3o<\/p>\n<\/div>\n<\/div>\n<\/div>\n<div id=\"chunk-d0ti5\">\n<div class=\"mc-column content-text active-extra-styles \" data-block-type=\"unstyled\" data-block-weight=\"55\" data-block-id=\"9\">\n<p class=\"content-text__container \" data-track-category=\"Link no Texto\" data-track-links=\"\">Em rela\u00e7\u00e3o ao grupo que jogou contra Bol\u00edvia e Peru, ap\u00f3s os cortes de Bento, Vinicius Junior e Antony, foram apenas tr\u00eas mudan\u00e7as na convoca\u00e7\u00e3o de Fernando Diniz: Bremer, zagueiro da Juventus, Gerson, meio-campista do Flamengo, e Vinicius Junior, de volta ap\u00f3s les\u00e3o, entraram nos lugares de Iba\u00f1ez (Al-Ahli), Joelinton (Newcastle) e Gabriel Martinelli (Arsenal).<\/p>\n<\/div>\n<\/div>\n<div id=\"chunk-f36s\">\n<div class=\"bs-video-block mc-column  content-media content-video\" data-block-type=\"backstage-video\" data-block-id=\"11\">\n<div class=\"content-media__container\">\n<div class=\"content-video__bigger-player-description-fixer\">\n<article class=\"content-video\">\n<section class=\"content-video__video-container\">\n<div class=\"content-video__video\">\n<div id=\"wp3-player-4\" class=\"clappr-player\" tabindex=\"9999\" data-player=\"\">\n<div class=\"container\" data-container=\"\">\n<div class=\"poster\"><button class=\"poster__play-wrapper\" tabindex=\"0\"><span class=\"visually-hidden\">Reproduzir v\u00eddeo<\/span><\/button><\/div>\n<div class=\"spinner\" role=\"alert\"><\/div>\n<div class=\"id-playback\" data-id-playback=\"\"><video id=\"c158\" poster=\"https:\/\/s01.video.glbimg.com\/x720\/11971584.jpg\" preload=\"none\" muted=\"\" width=\"300\" height=\"150\" data-html5-video=\"\" data-mce-fragment=\"1\"><\/video><\/div>\n<\/div>\n<div class=\"media-control media-control-hide h720 w960\">\n<div class=\"media-control-panel\">\n<div class=\"media-control-panel__modal\"><\/div>\n<\/div>\n<\/div>\n<\/div>\n<\/div>\n<\/section>\n<\/article>\n<\/div>\n<p class=\"content-media__description\">Gerson na Sele\u00e7\u00e3o: Fernando Diniz exalta jogador ao explicar convoca\u00e7\u00e3o<\/p>\n<\/div>\n<\/div>\n<\/div>\n<div id=\"chunk-1m5fb\">\n<div class=\"mc-column content-text active-extra-styles \" data-block-type=\"unstyled\" data-block-weight=\"20\" data-block-id=\"13\">\n<p class=\"content-text__container \" data-track-category=\"Link no Texto\" data-track-links=\"\">Joelinton e Martinelli se recuperam de les\u00f5es em seus clubes e provavelmente seriam chamados caso estivessem em boas condi\u00e7\u00f5es f\u00edsicas.<\/p>\n<\/div>\n<\/div>\n<div id=\"chunk-d33o3\">\n<div class=\"mc-column content-text active-extra-styles \" data-block-type=\"unstyled\" data-block-weight=\"37\" data-block-id=\"14\">\n<p class=\"content-text__container \" data-track-category=\"Link no Texto\" data-track-links=\"\">Cinco atletas que atuam no Brasil foram convocados. Do\u00a0<strong>Fluminense<\/strong>, equipe treinada por Fernando Diniz,\u00a0<strong>Andr\u00e9 e Nino<\/strong>\u00a0foram chamados novamente, assim como\u00a0<strong>Raphael Veiga<\/strong>, do\u00a0<strong>Palmeiras<\/strong>.\u00a0<strong>Lucas Perri<\/strong>, do\u00a0<strong>Botafogo<\/strong>, e\u00a0<strong>Gerson<\/strong>, do\u00a0<strong>Flamengo<\/strong>, foram convocados.<\/p>\n<\/div>\n<\/div>\n<div id=\"chunk-76t7v\">\n<div class=\"bs-video-block mc-column  content-media content-video\" data-block-type=\"backstage-video\" data-block-id=\"16\">\n<div class=\"content-media__container\">\n<div class=\"content-video__bigger-player-description-fixer\">\n<article class=\"content-video\">\n<section class=\"content-video__video-container\">\n<div class=\"content-video__video\">\n<div id=\"wp3-player-5\" class=\"clappr-player\" tabindex=\"9999\" data-player=\"\">\n<div class=\"container\" data-container=\"\">\n<div class=\"poster\">\n<div class=\"poster__background-overlay\"><\/div>\n<p><button class=\"poster__play-wrapper\" tabindex=\"0\"><span class=\"visually-hidden\">Reproduzir v\u00eddeo<\/span><\/button><\/div>\n<div class=\"spinner\" role=\"alert\"><\/div>\n<div class=\"id-playback\" data-id-playback=\"\"><video id=\"c199\" poster=\"https:\/\/s04.video.glbimg.com\/x720\/11971611.jpg\" preload=\"none\" muted=\"\" width=\"300\" height=\"150\" data-html5-video=\"\" data-mce-fragment=\"1\"><\/video><\/div>\n<\/div>\n<div class=\"media-control media-control-hide h720 w960\">\n<div class=\"media-control-panel\">\n<div class=\"media-control-panel__back-layer\">\n<div class=\"media-control-position__center\"><\/div>\n<div class=\"media-control-position__right\"><\/div>\n<\/div>\n<div class=\"media-control-panel__upper\">\n<div class=\"opposites-container\">\n<div class=\"media-control-position__left\"><\/div>\n<div class=\"media-control-position__right\"><\/div>\n<\/div>\n<div class=\"media-control-position__center\"><\/div>\n<\/div>\n<div class=\"media-control-panel__middle\">\n<div class=\"media-control-position__left\"><\/div>\n<div class=\"media-control-position__center\"><\/div>\n<div class=\"media-control-position__right\"><\/div>\n<\/div>\n<div class=\"media-control-panel__between\">\n<div class=\"media-control-position__left\"><\/div>\n<div class=\"media-control-position__center\"><\/div>\n<div class=\"media-control-position__right\"><\/div>\n<p><button class=\"media-control-button skip-button skip-button--live_button skip-button--hidden media-control-element\" data-skip-button=\"\"><\/button><button class=\"media-control-button skip-button skip-button--recap skip-button--hidden media-control-element\" data-skip-button=\"\"><\/button><button class=\"media-control-button skip-button skip-button--intro skip-button--hidden media-control-element\" data-skip-button=\"\"><\/button><button class=\"media-control-button skip-button skip-button--left skip-button--start_over skip-button--hidden media-control-element\" data-skip-button=\"\"><\/button><\/div>\n<div class=\"media-control-panel__lower\" data-controls=\"\">\n<div class=\"media-control-position__center\">\n<div class=\"bar-container media-control-element\" data-seekbar=\"\">\n<div class=\"seekbar\">\n<div class=\"bar-background\" tabindex=\"0\" data-seekbar=\"\">\n<div class=\"bar-fill-1\" data-seekbar=\"\"><\/div>\n<div class=\"bar-fill-2\" data-seekbar=\"\"><\/div>\n<\/div>\n<div class=\"bar-scrubber\" tabindex=\"-1\" role=\"slider\" data-seekbar=\"\" aria-valuemin=\"0\" aria-valuemax=\"0\" aria-valuenow=\"0\" aria-valuetext=\"Ponto do v\u00eddeo, 0 minuto e 0 segundo.\">\n<div class=\"bar-scrubber-icon\" data-seekbar=\"\"><\/div>\n<\/div>\n<\/div>\n<div id=\"seek-feedback\" class=\"visually-hidden\" aria-live=\"polite\"><\/div>\n<div class=\"thumb-preview thumb-preview--hidden\">\n<div class=\"thumb-preview__thumb\"><\/div>\n<div class=\"thumb-preview__position\"><\/div>\n<\/div>\n<\/div>\n<div class=\"bar-container__placeholder\"><\/div>\n<\/div>\n<div class=\"opposites-container\">\n<div class=\"media-control-position__left\"><button class=\"media-control-button play media-control-element\" data-playpause=\"\"><span class=\"visually-hidden\">Reproduzir<\/span><\/button><\/p>\n<div class=\"time-indicator media-control-element\"><span data-position=\"\">00:00<\/span><span class=\"separator\">\/<\/span><span data-duration=\"\">01:23<\/span><\/div>\n<\/div>\n<div class=\"media-control-position__between\"><\/div>\n<div class=\"media-control-position__right\">\n<div class=\"drawer-container volume-hide media-control-element\" data-volume=\"\">\n<div class=\"drawer-icon-container\" data-volume=\"\"><button class=\"drawer-icon media-control-button media-control-element\" data-volume=\"\"><span class=\"visually-hidden\">Silenciar som<\/span><\/button><\/div>\n<div class=\"bar-container\" data-volume=\"\">\n<div class=\"bar-background\" data-volume=\"\">\n<div class=\"bar-fill-1\" data-volume=\"\"><\/div>\n<div class=\"bar-hover\" data-volume=\"\"><\/div>\n<\/div>\n<div class=\"bar-scrubber\" data-volume=\"\">\n<div class=\"bar-scrubber-icon\" data-volume=\"\"><\/div>\n<\/div>\n<\/div>\n<\/div>\n<p><button class=\"media-control-button media-control-element\" data-pip=\"\"><span class=\"visually-hidden\">Minimizar v\u00eddeo<\/span><\/button><button class=\"media-control-button media-control-element\" data-fullscreen=\"\"><span class=\"visually-hidden\">Tela cheia<\/span><\/button><\/div>\n<\/div>\n<\/div>\n<\/div>\n<\/div>\n<\/div>\n<\/div>\n<\/section>\n<\/article>\n<\/div>\n<p class=\"content-media__description\">Diniz defende Richarlison na Sele\u00e7\u00e3o Brasileira: &#8220;Ele foi muito bem, mas n\u00e3o botou a bola para dentro&#8221;<\/p>\n<\/div>\n<\/div>\n<\/div>\n<div id=\"chunk-26qbo\">\n<div class=\"mc-column content-text active-extra-styles\" data-block-type=\"raw\" data-block-weight=\"5\" data-block-id=\"17\">\n<div class=\"content-intertitle\">\n<h2>Confira a lista de convocados:<\/h2>\n<\/div>\n<\/div>\n<\/div>\n<div id=\"chunk-93f0f\">\n<div class=\"mc-column content-text active-extra-styles\" data-block-type=\"raw\" data-block-weight=\"66\" data-block-id=\"18\">\n<ul class=\"content-unordered-list\">\n<li><strong>Goleiros:\u00a0<\/strong>Alisson (Liverpool), Ederson (Manchester City) e Lucas Perri (Botafogo)<\/li>\n<li><strong>Laterais:\u00a0<\/strong>Danilo (Juventus), Vanderson (Monaco), Caio Henrique (Monaco), Renan Lodi (Marselha)<\/li>\n<li><strong>Zagueiros:<\/strong>\u00a0Bremer (Juventus), Marquinhos (PSG), Gabriel Magalh\u00e3es (Arsenal), Nino (Fluminense)<\/li>\n<li><strong>Meio-campistas:<\/strong>\u00a0Andr\u00e9 (Fluminense), Casemiro (Manchester United), Bruno Guimar\u00e3es (Newcastle), Gerson (Flamengo), Raphael Veiga (Palmeiras)<\/li>\n<li><strong>Atacantes<\/strong>: Neymar (Al-Hilal), Rodrygo (Real Madrid), Vinicius Junior (Real Madrid), Gabriel Jesus (Arsenal), Richarlison (Tottenham), Raphinha (Barcelona) e Matheus Cunha (Wolverhampton)<\/li>\n<\/ul>\n<\/div>\n<\/div>\n<div id=\"chunk-6anvp\">\n<div class=\"row medium-uncollapsed content-media content-photo\" data-block-type=\"backstage-photo\" data-block-id=\"20\">\n<div class=\"mc-column content-media__container\">\n<div class=\"content-media-container glb-skeleton-box\">\n<figure class=\"content-media-figure\"><img decoding=\"async\" class=\"i-amphtml-fill-content i-amphtml-replaced-content\" src=\"https:\/\/s2-ge.glbimg.com\/l5AObie76yg33iLBEp0NhyyyLOs=\/0x0:6089x4313\/984x0\/smart\/filters:strip_icc()\/i.s3.glbimg.com\/v1\/AUTH_bc8228b6673f488aa253bbcb03c80ec5\/internal_photos\/bs\/2023\/U\/E\/VedYBVQoWEOt1gv01hSA\/20230923154234-650f319a5b743.jpg\" sizes=\"(max-width: 1366px) 648px, 100vw\" srcset=\"https:\/\/s2-ge.glbimg.com\/E16M6WdLbYvtPMOBsS5qZNsRFys=\/0x0:6089x4313\/1000x0\/smart\/filters:strip_icc()\/i.s3.glbimg.com\/v1\/AUTH_bc8228b6673f488aa253bbcb03c80ec5\/internal_photos\/bs\/2023\/U\/E\/VedYBVQoWEOt1gv01hSA\/20230923154234-650f319a5b743.jpg 1000w, https:\/\/s2-ge.glbimg.com\/l5AObie76yg33iLBEp0NhyyyLOs=\/0x0:6089x4313\/984x0\/smart\/filters:strip_icc()\/i.s3.glbimg.com\/v1\/AUTH_bc8228b6673f488aa253bbcb03c80ec5\/internal_photos\/bs\/2023\/U\/E\/VedYBVQoWEOt1gv01hSA\/20230923154234-650f319a5b743.jpg 984w, https:\/\/s2-ge.glbimg.com\/moMAbnBCZUas1y-F6dDofMJutlk=\/0x0:6089x4313\/640x0\/smart\/filters:strip_icc()\/i.s3.glbimg.com\/v1\/AUTH_bc8228b6673f488aa253bbcb03c80ec5\/internal_photos\/bs\/2023\/U\/E\/VedYBVQoWEOt1gv01hSA\/20230923154234-650f319a5b743.jpg 640w, https:\/\/s2-ge.glbimg.com\/d0IP1Lg7K4RVwgOkLkaLWa5LaHo=\/0x0:6089x4313\/600x0\/smart\/filters:strip_icc()\/i.s3.glbimg.com\/v1\/AUTH_bc8228b6673f488aa253bbcb03c80ec5\/internal_photos\/bs\/2023\/U\/E\/VedYBVQoWEOt1gv01hSA\/20230923154234-650f319a5b743.jpg 600w\" alt=\"Fernando Diniz t\u00e9cnico sele\u00e7\u00e3o brasileira convoca\u00e7\u00e3o CBF \u2014 Foto: Andr\u00e9 Dur\u00e3o\/Mowa Press\" \/><\/figure>\n<\/div>\n<p class=\"codex-caption \">Fernando Diniz t\u00e9cnico sele\u00e7\u00e3o brasileira convoca\u00e7\u00e3o CBF \u2014 Foto: Andr\u00e9 Dur\u00e3o\/Mowa Press<\/p>\n<\/div>\n<\/div>\n<\/div>\n<div id=\"chunk-854gs\">\n<div class=\"mc-column content-text active-extra-styles \" data-block-type=\"unstyled\" data-block-weight=\"36\" data-block-id=\"21\">\n<p class=\"content-text__container \" data-track-category=\"Link no Texto\" data-track-links=\"\">Nos dois primeiros jogos sob o comando de Diniz, a Sele\u00e7\u00e3o venceu a Bol\u00edvia por 5 a 1, em Bel\u00e9m, e o Peru por 1 a 0, em Lima. Com isso, o Brasil lidera as eliminat\u00f3rias.<\/p>\n<\/div>\n<\/div>\n<div id=\"chunk-cto7v\">\n<div class=\"bs-video-block mc-column  content-media content-video\" data-block-type=\"backstage-video\" data-block-id=\"22\">\n<div class=\"content-media__container\">\n<div class=\"content-video__bigger-player-description-fixer\">\n<article class=\"content-video\">\n<section class=\"content-video__video-container\">\n<div class=\"content-video__video\">\n<div id=\"wp3-player-6\" class=\"clappr-player clappr-detach--is-detached clappr-detach--is-detached__visible\" tabindex=\"9999\" data-player=\"\">\n<div class=\"container pointer-enabled chromecast-playback-overlay--hidden\" data-container=\"\">\n<div class=\"spinner\" role=\"alert\"><\/div>\n<div class=\"id-playback\" data-id-playback=\"\"><video id=\"c240\" src=\"blob:https:\/\/ge.globo.com\/454c62a0-a0f8-45b4-98fa-02b076ce0310\" poster=\"https:\/\/s03.video.glbimg.com\/x720\/11932966.jpg\" preload=\"none\" muted=\"true\" width=\"300\" height=\"150\" data-html5-video=\"\" data-mce-fragment=\"1\"><\/video><\/div>\n<\/div>\n<\/div>\n<\/div>\n<\/section>\n<\/article>\n<\/div>\n<p class=\"content-media__description\">Brasil 5 x 1 Bol\u00edvia &#8211; Melhores Momentos &#8211; 1\u00aa Rodada das Eliminat\u00f3rias da Copa 2026<\/p>\n<\/div>\n<\/div>\n<\/div>\n<div data-track-category=\"multicontent\" data-track-action=\"ultimo chunk conteudo\" data-track-noninteraction=\"false\" data-track-scroll=\"view\">\n<div id=\"chunk-dj2df\">\n<div class=\"mc-column content-text active-extra-styles \" data-block-type=\"unstyled\" data-block-weight=\"46\" data-block-id=\"24\">\n<p class=\"content-text__container \" data-track-category=\"Link no Texto\" data-track-links=\"\">Fernando Diniz \u00e9 o t\u00e9cnico interino da sele\u00e7\u00e3o brasileira masculina. O treinador de 49 anos fica no cargo at\u00e9 o meio de 2024, quando a Confedera\u00e7\u00e3o Brasileira de Futebol aguarda a chegada de Carlo Ancelotti, atualmente no Real Madrid, para comandar a Sele\u00e7\u00e3o na Copa Am\u00e9rica.<\/p>\n<\/div>\n<\/div>\n<\/div>\n<\/div>\n<\/article>\n<\/div>\n","protected":false},"excerpt":{"rendered":"<p>Por Daniel Mundim\/GE \u2014 Rio de Janeiro O t\u00e9cnico Fernando Diniz fez sua segunda convoca\u00e7\u00e3o para a sele\u00e7\u00e3o brasileira neste s\u00e1bado, na sede da CBF, no Rio de Janeiro. O treinador fez apenas tr\u00eas mudan\u00e7as em rela\u00e7\u00e3o \u00e0 sua primeira lista. A principal novidade \u00e9 a presen\u00e7a do volante Gerson, do Flamengo. O Brasil encara a Venezuela, no dia 12 de outubro, em Cuiab\u00e1, e o Uruguai, no dia 17, em Montevid\u00e9u. Reproduzir v\u00eddeo Sele\u00e7\u00e3o Brasileira \u00e9 convocada por Fernando Diniz para Eliminat\u00f3rias da Copa Gerson tem quatro jogos pela Sele\u00e7\u00e3o, todos entre setembro e novembro de 2021, sob o comando de Tite. Cortado da primeira convoca\u00e7\u00e3o de Diniz por les\u00e3o, Vinicius Junior voltou \u00e0 lista. O atacante do Real&hellip; <\/p>\n","protected":false},"author":2,"featured_media":350901,"comment_status":"open","ping_status":"open","sticky":false,"template":"","format":"standard","meta":{"_acf_changed":false,"footnotes":""},"categories":[8],"tags":[],"class_list":["post-350900","post","type-post","status-publish","format-standard","has-post-thumbnail","hentry","category-esportes"],"acf":[],"yoast_head":"<!-- This site is optimized with the Yoast SEO plugin v27.4 - https:\/\/yoast.com\/product\/yoast-seo-wordpress\/ -->\n<title>Convocados da Sele\u00e7\u00e3o: veja a segunda lista de Fernando Diniz - Blog do Farn\u00e9sio<\/title>\n<meta name=\"robots\" content=\"index, follow, max-snippet:-1, max-image-preview:large, max-video-preview:-1\" \/>\n<link rel=\"canonical\" href=\"https:\/\/blogdofarnesio.com.br\/?p=350900\" \/>\n<meta property=\"og:locale\" content=\"pt_BR\" \/>\n<meta property=\"og:type\" content=\"article\" \/>\n<meta property=\"og:title\" content=\"Convocados da Sele\u00e7\u00e3o: veja a segunda lista de Fernando Diniz - Blog do Farn\u00e9sio\" \/>\n<meta property=\"og:description\" content=\"Por Daniel Mundim\/GE \u2014 Rio de Janeiro O t\u00e9cnico Fernando Diniz fez sua segunda convoca\u00e7\u00e3o para a sele\u00e7\u00e3o brasileira neste s\u00e1bado, na sede da CBF, no Rio de Janeiro. O treinador fez apenas tr\u00eas mudan\u00e7as em rela\u00e7\u00e3o \u00e0 sua primeira lista. A principal novidade \u00e9 a presen\u00e7a do volante Gerson, do Flamengo. O Brasil encara a Venezuela, no dia 12 de outubro, em Cuiab\u00e1, e o Uruguai, no dia 17, em Montevid\u00e9u. Reproduzir v\u00eddeo Sele\u00e7\u00e3o Brasileira \u00e9 convocada por Fernando Diniz para Eliminat\u00f3rias da Copa Gerson tem quatro jogos pela Sele\u00e7\u00e3o, todos entre setembro e novembro de 2021, sob o comando de Tite. Cortado da primeira convoca\u00e7\u00e3o de Diniz por les\u00e3o, Vinicius Junior voltou \u00e0 lista. O atacante do Real&hellip;\" \/>\n<meta property=\"og:url\" content=\"https:\/\/blogdofarnesio.com.br\/?p=350900\" \/>\n<meta property=\"og:site_name\" content=\"Blog do Farn\u00e9sio\" \/>\n<meta property=\"article:publisher\" content=\"https:\/\/www.facebook.com\/BlogQuerSaberPolitica\/\" \/>\n<meta property=\"article:author\" content=\"https:\/\/www.facebook.com\/?ref=tn_tnmn\" \/>\n<meta property=\"article:published_time\" content=\"2023-09-23T20:40:39+00:00\" \/>\n<meta property=\"og:image\" content=\"https:\/\/blogdofarnesio.com.br\/wp-content\/uploads\/2023\/09\/blogqspcbf-fernando-diniz-foto-Andre-durao-mowa-press-e1695501624741.webp\" \/>\n\t<meta property=\"og:image:width\" content=\"584\" \/>\n\t<meta property=\"og:image:height\" content=\"414\" \/>\n\t<meta property=\"og:image:type\" content=\"image\/webp\" \/>\n<meta name=\"author\" content=\"Farn\u00e9sio\" \/>\n<meta name=\"twitter:card\" content=\"summary_large_image\" \/>\n<meta name=\"twitter:label1\" content=\"Escrito por\" \/>\n\t<meta name=\"twitter:data1\" content=\"Farn\u00e9sio\" \/>\n\t<meta name=\"twitter:label2\" content=\"Est. tempo de leitura\" \/>\n\t<meta name=\"twitter:data2\" content=\"3 minutos\" \/>\n<script type=\"application\/ld+json\" class=\"yoast-schema-graph\">{\"@context\":\"https:\\\/\\\/schema.org\",\"@graph\":[{\"@type\":\"Article\",\"@id\":\"https:\\\/\\\/blogdofarnesio.com.br\\\/?p=350900#article\",\"isPartOf\":{\"@id\":\"https:\\\/\\\/blogdofarnesio.com.br\\\/?p=350900\"},\"author\":{\"name\":\"Farn\u00e9sio\",\"@id\":\"https:\\\/\\\/blogdofarnesio.com.br\\\/#\\\/schema\\\/person\\\/bb9b23ae3ad0609ce8df7b6c9e76824d\"},\"headline\":\"Convocados da Sele\u00e7\u00e3o: veja a segunda lista de Fernando Diniz\",\"datePublished\":\"2023-09-23T20:40:39+00:00\",\"mainEntityOfPage\":{\"@id\":\"https:\\\/\\\/blogdofarnesio.com.br\\\/?p=350900\"},\"wordCount\":548,\"commentCount\":0,\"publisher\":{\"@id\":\"https:\\\/\\\/blogdofarnesio.com.br\\\/#organization\"},\"image\":{\"@id\":\"https:\\\/\\\/blogdofarnesio.com.br\\\/?p=350900#primaryimage\"},\"thumbnailUrl\":\"https:\\\/\\\/blogdofarnesio.com.br\\\/wp-content\\\/uploads\\\/2023\\\/09\\\/blogqspcbf-fernando-diniz-foto-Andre-durao-mowa-press-e1695501624741.webp\",\"articleSection\":[\"Esportes\"],\"inLanguage\":\"pt-BR\",\"potentialAction\":[{\"@type\":\"CommentAction\",\"name\":\"Comment\",\"target\":[\"https:\\\/\\\/blogdofarnesio.com.br\\\/?p=350900#respond\"]}]},{\"@type\":\"WebPage\",\"@id\":\"https:\\\/\\\/blogdofarnesio.com.br\\\/?p=350900\",\"url\":\"https:\\\/\\\/blogdofarnesio.com.br\\\/?p=350900\",\"name\":\"Convocados da Sele\u00e7\u00e3o: veja a segunda lista de Fernando Diniz - Blog do Farn\u00e9sio\",\"isPartOf\":{\"@id\":\"https:\\\/\\\/blogdofarnesio.com.br\\\/#website\"},\"primaryImageOfPage\":{\"@id\":\"https:\\\/\\\/blogdofarnesio.com.br\\\/?p=350900#primaryimage\"},\"image\":{\"@id\":\"https:\\\/\\\/blogdofarnesio.com.br\\\/?p=350900#primaryimage\"},\"thumbnailUrl\":\"https:\\\/\\\/blogdofarnesio.com.br\\\/wp-content\\\/uploads\\\/2023\\\/09\\\/blogqspcbf-fernando-diniz-foto-Andre-durao-mowa-press-e1695501624741.webp\",\"datePublished\":\"2023-09-23T20:40:39+00:00\",\"breadcrumb\":{\"@id\":\"https:\\\/\\\/blogdofarnesio.com.br\\\/?p=350900#breadcrumb\"},\"inLanguage\":\"pt-BR\",\"potentialAction\":[{\"@type\":\"ReadAction\",\"target\":[\"https:\\\/\\\/blogdofarnesio.com.br\\\/?p=350900\"]}]},{\"@type\":\"ImageObject\",\"inLanguage\":\"pt-BR\",\"@id\":\"https:\\\/\\\/blogdofarnesio.com.br\\\/?p=350900#primaryimage\",\"url\":\"https:\\\/\\\/blogdofarnesio.com.br\\\/wp-content\\\/uploads\\\/2023\\\/09\\\/blogqspcbf-fernando-diniz-foto-Andre-durao-mowa-press-e1695501624741.webp\",\"contentUrl\":\"https:\\\/\\\/blogdofarnesio.com.br\\\/wp-content\\\/uploads\\\/2023\\\/09\\\/blogqspcbf-fernando-diniz-foto-Andre-durao-mowa-press-e1695501624741.webp\",\"width\":584,\"height\":414},{\"@type\":\"BreadcrumbList\",\"@id\":\"https:\\\/\\\/blogdofarnesio.com.br\\\/?p=350900#breadcrumb\",\"itemListElement\":[{\"@type\":\"ListItem\",\"position\":1,\"name\":\"In\u00edcio\",\"item\":\"https:\\\/\\\/blogdofarnesio.com.br\\\/\"},{\"@type\":\"ListItem\",\"position\":2,\"name\":\"Convocados da Sele\u00e7\u00e3o: veja a segunda lista de Fernando Diniz\"}]},{\"@type\":\"WebSite\",\"@id\":\"https:\\\/\\\/blogdofarnesio.com.br\\\/#website\",\"url\":\"https:\\\/\\\/blogdofarnesio.com.br\\\/\",\"name\":\"Blog do Farn\u00e9sio\",\"description\":\"Quer Saber Pol\u00edtica?\",\"publisher\":{\"@id\":\"https:\\\/\\\/blogdofarnesio.com.br\\\/#organization\"},\"potentialAction\":[{\"@type\":\"SearchAction\",\"target\":{\"@type\":\"EntryPoint\",\"urlTemplate\":\"https:\\\/\\\/blogdofarnesio.com.br\\\/?s={search_term_string}\"},\"query-input\":{\"@type\":\"PropertyValueSpecification\",\"valueRequired\":true,\"valueName\":\"search_term_string\"}}],\"inLanguage\":\"pt-BR\"},{\"@type\":\"Organization\",\"@id\":\"https:\\\/\\\/blogdofarnesio.com.br\\\/#organization\",\"name\":\"Blog do Farn\u00e9sio\",\"url\":\"https:\\\/\\\/blogdofarnesio.com.br\\\/\",\"logo\":{\"@type\":\"ImageObject\",\"inLanguage\":\"pt-BR\",\"@id\":\"https:\\\/\\\/blogdofarnesio.com.br\\\/#\\\/schema\\\/logo\\\/image\\\/\",\"url\":\"https:\\\/\\\/blogdofarnesio.com.br\\\/wp-content\\\/uploads\\\/2026\\\/03\\\/cropped-logo_new-1.png\",\"contentUrl\":\"https:\\\/\\\/blogdofarnesio.com.br\\\/wp-content\\\/uploads\\\/2026\\\/03\\\/cropped-logo_new-1.png\",\"width\":881,\"height\":685,\"caption\":\"Blog do Farn\u00e9sio\"},\"image\":{\"@id\":\"https:\\\/\\\/blogdofarnesio.com.br\\\/#\\\/schema\\\/logo\\\/image\\\/\"},\"sameAs\":[\"https:\\\/\\\/www.facebook.com\\\/BlogQuerSaberPolitica\\\/\"]},{\"@type\":\"Person\",\"@id\":\"https:\\\/\\\/blogdofarnesio.com.br\\\/#\\\/schema\\\/person\\\/bb9b23ae3ad0609ce8df7b6c9e76824d\",\"name\":\"Farn\u00e9sio\",\"image\":{\"@type\":\"ImageObject\",\"inLanguage\":\"pt-BR\",\"@id\":\"https:\\\/\\\/secure.gravatar.com\\\/avatar\\\/986aa4c61ccdb66f8555bf88fc2a65609d00bcabd4d2d94377a727547345cbca?s=96&d=mm&r=g\",\"url\":\"https:\\\/\\\/secure.gravatar.com\\\/avatar\\\/986aa4c61ccdb66f8555bf88fc2a65609d00bcabd4d2d94377a727547345cbca?s=96&d=mm&r=g\",\"contentUrl\":\"https:\\\/\\\/secure.gravatar.com\\\/avatar\\\/986aa4c61ccdb66f8555bf88fc2a65609d00bcabd4d2d94377a727547345cbca?s=96&d=mm&r=g\",\"caption\":\"Farn\u00e9sio\"},\"description\":\"Radialista blogueiro, chegou a Petrolina\\\/Juazeiro em setembro de 1980, Farn\u00e9sio Silva \u00e9 de Arapiraca-Alagoas.\",\"sameAs\":[\"http:\\\/\\\/blogdofarnesio.com.br\",\"https:\\\/\\\/www.facebook.com\\\/?ref=tn_tnmn\",\"https:\\\/\\\/www.instagram.com\\\/?utm_source=pwa_homescreen\",\"https:\\\/\\\/youtube.com.br\\\/\"],\"url\":\"https:\\\/\\\/blogdofarnesio.com.br\\\/?author=2\"}]}<\/script>\n<!-- \/ Yoast SEO plugin. -->","yoast_head_json":{"title":"Convocados da Sele\u00e7\u00e3o: veja a segunda lista de Fernando Diniz - Blog do Farn\u00e9sio","robots":{"index":"index","follow":"follow","max-snippet":"max-snippet:-1","max-image-preview":"max-image-preview:large","max-video-preview":"max-video-preview:-1"},"canonical":"https:\/\/blogdofarnesio.com.br\/?p=350900","og_locale":"pt_BR","og_type":"article","og_title":"Convocados da Sele\u00e7\u00e3o: veja a segunda lista de Fernando Diniz - Blog do Farn\u00e9sio","og_description":"Por Daniel Mundim\/GE \u2014 Rio de Janeiro O t\u00e9cnico Fernando Diniz fez sua segunda convoca\u00e7\u00e3o para a sele\u00e7\u00e3o brasileira neste s\u00e1bado, na sede da CBF, no Rio de Janeiro. O treinador fez apenas tr\u00eas mudan\u00e7as em rela\u00e7\u00e3o \u00e0 sua primeira lista. A principal novidade \u00e9 a presen\u00e7a do volante Gerson, do Flamengo. O Brasil encara a Venezuela, no dia 12 de outubro, em Cuiab\u00e1, e o Uruguai, no dia 17, em Montevid\u00e9u. Reproduzir v\u00eddeo Sele\u00e7\u00e3o Brasileira \u00e9 convocada por Fernando Diniz para Eliminat\u00f3rias da Copa Gerson tem quatro jogos pela Sele\u00e7\u00e3o, todos entre setembro e novembro de 2021, sob o comando de Tite. Cortado da primeira convoca\u00e7\u00e3o de Diniz por les\u00e3o, Vinicius Junior voltou \u00e0 lista. O atacante do Real&hellip;","og_url":"https:\/\/blogdofarnesio.com.br\/?p=350900","og_site_name":"Blog do Farn\u00e9sio","article_publisher":"https:\/\/www.facebook.com\/BlogQuerSaberPolitica\/","article_author":"https:\/\/www.facebook.com\/?ref=tn_tnmn","article_published_time":"2023-09-23T20:40:39+00:00","og_image":[{"width":584,"height":414,"url":"https:\/\/blogdofarnesio.com.br\/wp-content\/uploads\/2023\/09\/blogqspcbf-fernando-diniz-foto-Andre-durao-mowa-press-e1695501624741.webp","type":"image\/webp"}],"author":"Farn\u00e9sio","twitter_card":"summary_large_image","twitter_misc":{"Escrito por":"Farn\u00e9sio","Est. tempo de leitura":"3 minutos"},"schema":{"@context":"https:\/\/schema.org","@graph":[{"@type":"Article","@id":"https:\/\/blogdofarnesio.com.br\/?p=350900#article","isPartOf":{"@id":"https:\/\/blogdofarnesio.com.br\/?p=350900"},"author":{"name":"Farn\u00e9sio","@id":"https:\/\/blogdofarnesio.com.br\/#\/schema\/person\/bb9b23ae3ad0609ce8df7b6c9e76824d"},"headline":"Convocados da Sele\u00e7\u00e3o: veja a segunda lista de Fernando Diniz","datePublished":"2023-09-23T20:40:39+00:00","mainEntityOfPage":{"@id":"https:\/\/blogdofarnesio.com.br\/?p=350900"},"wordCount":548,"commentCount":0,"publisher":{"@id":"https:\/\/blogdofarnesio.com.br\/#organization"},"image":{"@id":"https:\/\/blogdofarnesio.com.br\/?p=350900#primaryimage"},"thumbnailUrl":"https:\/\/blogdofarnesio.com.br\/wp-content\/uploads\/2023\/09\/blogqspcbf-fernando-diniz-foto-Andre-durao-mowa-press-e1695501624741.webp","articleSection":["Esportes"],"inLanguage":"pt-BR","potentialAction":[{"@type":"CommentAction","name":"Comment","target":["https:\/\/blogdofarnesio.com.br\/?p=350900#respond"]}]},{"@type":"WebPage","@id":"https:\/\/blogdofarnesio.com.br\/?p=350900","url":"https:\/\/blogdofarnesio.com.br\/?p=350900","name":"Convocados da Sele\u00e7\u00e3o: veja a segunda lista de Fernando Diniz - Blog do Farn\u00e9sio","isPartOf":{"@id":"https:\/\/blogdofarnesio.com.br\/#website"},"primaryImageOfPage":{"@id":"https:\/\/blogdofarnesio.com.br\/?p=350900#primaryimage"},"image":{"@id":"https:\/\/blogdofarnesio.com.br\/?p=350900#primaryimage"},"thumbnailUrl":"https:\/\/blogdofarnesio.com.br\/wp-content\/uploads\/2023\/09\/blogqspcbf-fernando-diniz-foto-Andre-durao-mowa-press-e1695501624741.webp","datePublished":"2023-09-23T20:40:39+00:00","breadcrumb":{"@id":"https:\/\/blogdofarnesio.com.br\/?p=350900#breadcrumb"},"inLanguage":"pt-BR","potentialAction":[{"@type":"ReadAction","target":["https:\/\/blogdofarnesio.com.br\/?p=350900"]}]},{"@type":"ImageObject","inLanguage":"pt-BR","@id":"https:\/\/blogdofarnesio.com.br\/?p=350900#primaryimage","url":"https:\/\/blogdofarnesio.com.br\/wp-content\/uploads\/2023\/09\/blogqspcbf-fernando-diniz-foto-Andre-durao-mowa-press-e1695501624741.webp","contentUrl":"https:\/\/blogdofarnesio.com.br\/wp-content\/uploads\/2023\/09\/blogqspcbf-fernando-diniz-foto-Andre-durao-mowa-press-e1695501624741.webp","width":584,"height":414},{"@type":"BreadcrumbList","@id":"https:\/\/blogdofarnesio.com.br\/?p=350900#breadcrumb","itemListElement":[{"@type":"ListItem","position":1,"name":"In\u00edcio","item":"https:\/\/blogdofarnesio.com.br\/"},{"@type":"ListItem","position":2,"name":"Convocados da Sele\u00e7\u00e3o: veja a segunda lista de Fernando Diniz"}]},{"@type":"WebSite","@id":"https:\/\/blogdofarnesio.com.br\/#website","url":"https:\/\/blogdofarnesio.com.br\/","name":"Blog do Farn\u00e9sio","description":"Quer Saber Pol\u00edtica?","publisher":{"@id":"https:\/\/blogdofarnesio.com.br\/#organization"},"potentialAction":[{"@type":"SearchAction","target":{"@type":"EntryPoint","urlTemplate":"https:\/\/blogdofarnesio.com.br\/?s={search_term_string}"},"query-input":{"@type":"PropertyValueSpecification","valueRequired":true,"valueName":"search_term_string"}}],"inLanguage":"pt-BR"},{"@type":"Organization","@id":"https:\/\/blogdofarnesio.com.br\/#organization","name":"Blog do Farn\u00e9sio","url":"https:\/\/blogdofarnesio.com.br\/","logo":{"@type":"ImageObject","inLanguage":"pt-BR","@id":"https:\/\/blogdofarnesio.com.br\/#\/schema\/logo\/image\/","url":"https:\/\/blogdofarnesio.com.br\/wp-content\/uploads\/2026\/03\/cropped-logo_new-1.png","contentUrl":"https:\/\/blogdofarnesio.com.br\/wp-content\/uploads\/2026\/03\/cropped-logo_new-1.png","width":881,"height":685,"caption":"Blog do Farn\u00e9sio"},"image":{"@id":"https:\/\/blogdofarnesio.com.br\/#\/schema\/logo\/image\/"},"sameAs":["https:\/\/www.facebook.com\/BlogQuerSaberPolitica\/"]},{"@type":"Person","@id":"https:\/\/blogdofarnesio.com.br\/#\/schema\/person\/bb9b23ae3ad0609ce8df7b6c9e76824d","name":"Farn\u00e9sio","image":{"@type":"ImageObject","inLanguage":"pt-BR","@id":"https:\/\/secure.gravatar.com\/avatar\/986aa4c61ccdb66f8555bf88fc2a65609d00bcabd4d2d94377a727547345cbca?s=96&d=mm&r=g","url":"https:\/\/secure.gravatar.com\/avatar\/986aa4c61ccdb66f8555bf88fc2a65609d00bcabd4d2d94377a727547345cbca?s=96&d=mm&r=g","contentUrl":"https:\/\/secure.gravatar.com\/avatar\/986aa4c61ccdb66f8555bf88fc2a65609d00bcabd4d2d94377a727547345cbca?s=96&d=mm&r=g","caption":"Farn\u00e9sio"},"description":"Radialista blogueiro, chegou a Petrolina\/Juazeiro em setembro de 1980, Farn\u00e9sio Silva \u00e9 de Arapiraca-Alagoas.","sameAs":["http:\/\/blogdofarnesio.com.br","https:\/\/www.facebook.com\/?ref=tn_tnmn","https:\/\/www.instagram.com\/?utm_source=pwa_homescreen","https:\/\/youtube.com.br\/"],"url":"https:\/\/blogdofarnesio.com.br\/?author=2"}]}},"_links":{"self":[{"href":"https:\/\/blogdofarnesio.com.br\/index.php?rest_route=\/wp\/v2\/posts\/350900","targetHints":{"allow":["GET"]}}],"collection":[{"href":"https:\/\/blogdofarnesio.com.br\/index.php?rest_route=\/wp\/v2\/posts"}],"about":[{"href":"https:\/\/blogdofarnesio.com.br\/index.php?rest_route=\/wp\/v2\/types\/post"}],"author":[{"embeddable":true,"href":"https:\/\/blogdofarnesio.com.br\/index.php?rest_route=\/wp\/v2\/users\/2"}],"replies":[{"embeddable":true,"href":"https:\/\/blogdofarnesio.com.br\/index.php?rest_route=%2Fwp%2Fv2%2Fcomments&post=350900"}],"version-history":[{"count":0,"href":"https:\/\/blogdofarnesio.com.br\/index.php?rest_route=\/wp\/v2\/posts\/350900\/revisions"}],"wp:featuredmedia":[{"embeddable":true,"href":"https:\/\/blogdofarnesio.com.br\/index.php?rest_route=\/wp\/v2\/media\/350901"}],"wp:attachment":[{"href":"https:\/\/blogdofarnesio.com.br\/index.php?rest_route=%2Fwp%2Fv2%2Fmedia&parent=350900"}],"wp:term":[{"taxonomy":"category","embeddable":true,"href":"https:\/\/blogdofarnesio.com.br\/index.php?rest_route=%2Fwp%2Fv2%2Fcategories&post=350900"},{"taxonomy":"post_tag","embeddable":true,"href":"https:\/\/blogdofarnesio.com.br\/index.php?rest_route=%2Fwp%2Fv2%2Ftags&post=350900"}],"curies":[{"name":"wp","href":"https:\/\/api.w.org\/{rel}","templated":true}]}}