{"id":350716,"date":"2023-09-21T11:00:16","date_gmt":"2023-09-21T14:00:16","guid":{"rendered":"https:\/\/blogdofarnesio.com.br\/?p=350716"},"modified":"2023-09-21T09:31:31","modified_gmt":"2023-09-21T12:31:31","slug":"a-cidade-que-orgulha-pernambuco-completa-128-anos","status":"publish","type":"post","link":"https:\/\/blogdofarnesio.com.br\/?p=350716","title":{"rendered":"A cidade que orgulha Pernambuco completa 128 anos"},"content":{"rendered":"<div dir=\"auto\">\u201cHoje, Petrolina completa 128 anos. E nesta data especial, quero compartilhar com voc\u00eas algumas reflex\u00f5es sobre nossa cidade, sobre o amor que tenho por ela e sobre o que constru\u00edmos juntos ao longo desses anos. Desde que assumi a prefeitura em 2017, meu compromisso foi claro: fazer de Petrolina um lugar melhor para todos n\u00f3s. E hoje, olhando para tr\u00e1s, vejo com orgulho o que alcan\u00e7amos at\u00e9 aqui junto com a gest\u00e3o do prefeito Sim\u00e3o Durando.<\/p>\n<p>Nossa cidade se transformou, e os n\u00fameros falam por si. Petrolina \u00e9 agora a terceira maior cidade de Pernambuco, de acordo com o Instituto Brasileiro de Geografia e Estat\u00edstica (IBGE). Superamos cidades como Caruaru e Olinda, o que \u00e9 um feito incr\u00edvel. Mas o que torna Petrolina especial n\u00e3o s\u00e3o apenas as estat\u00edsticas, mas sim a qualidade de vida que proporcionamos aos nossos cidad\u00e3os.<\/p>\n<p>Petrolina tem a melhor cobertura de saneamento de Pernambuco e a melhor educa\u00e7\u00e3o p\u00fablica entre todas as grandes e m\u00e9dias cidades do estado. Nossa pol\u00edtica de acolhimento social \u00e9 uma refer\u00eancia, e nossa gest\u00e3o trabalha incansavelmente diariamente para melhorar o atendimento no Sistema \u00danico de Sa\u00fade (SUS).<\/p>\n<p>Al\u00e9m das estat\u00edsticas, \u00e9 importante destacar algumas das obras que marcaram a cidade. A duplica\u00e7\u00e3o hist\u00f3rica da Avenida 7 de Setembro, a grandiosa interven\u00e7\u00e3o vi\u00e1ria na Avenida Honorato Viana (BR-407) e a reforma e amplia\u00e7\u00e3o do Centro de Conven\u00e7\u00f5es &#8211; com a constru\u00e7\u00e3o do teatro &#8211; \u00a0s\u00e3o apenas alguns exemplos. Mais de 1.000 ruas foram pavimentadas, saneamento b\u00e1sico chegou \u00e0 bacia do Dom Avelar, e investimentos em sa\u00fade e educa\u00e7\u00e3o foram significativos, incluindo a constru\u00e7\u00e3o do Centro de Refer\u00eancia da Crian\u00e7a e do Hospital da Mulher, a Policl\u00ednica e novas escolas.<\/p>\n<p>A educa\u00e7\u00e3o sempre foi uma prioridade para n\u00f3s, e os resultados mostram isso. Petrolina foi agraciada com o Pr\u00eamio IDEPE por ter a melhor educa\u00e7\u00e3o de Pernambuco, tanto nos anos Iniciais como nos anos finais do Ensino Fundamental. Hoje, somos uma refer\u00eancia nacional em educa\u00e7\u00e3o, com diversas escolas em tempo integral implantadas na cidade. Acredito firmemente que o poder da educa\u00e7\u00e3o \u00e9 transformador, e estamos vendo isso se concretizar em nossa cidade.<\/p>\n<p>Recentemente, Petrolina alcan\u00e7ou destaque no \u00cdndice de Cidades Empreendedoras (ICE), realizado em parceria com a Endeavor e a Escola Nacional de Administra\u00e7\u00e3o P\u00fablica (Enap). O ICE destacou Petrolina como uma cidade pr\u00f3spera para neg\u00f3cios, ocupando a 80\u00aa posi\u00e7\u00e3o entre as 101 cidades mais populosas do Brasil e ficando atr\u00e1s apenas da capital Recife em Pernambuco. Isso mostra que empreendedores reconhecem as oportunidades que nossa cidade oferece e s\u00e3o atra\u00eddos para c\u00e1.<\/p>\n<p>Enquanto celebramos o progresso de Petrolina, reconhe\u00e7o que nosso estado, Pernambuco, enfrenta desafios em v\u00e1rias \u00e1reas, como seguran\u00e7a, educa\u00e7\u00e3o, infraestrutura e saneamento. Os dados e estudos, tamb\u00e9m divulgados em 2023, mostram que temos muito trabalho pela frente.<\/p>\n<p>Acredito que Petrolina pode inspirar Pernambuco a avan\u00e7ar e superar esses desafios. Estamos fortalecendo ainda mais nossa cidade, preparando-a para enfrentar os desafios do futuro e construir uma cidade pr\u00f3spera e sustent\u00e1vel para todos os seus habitantes.<\/p>\n<p>Quero agradecer a todos que fazem de Petrolina essa grande cidade e um orgulho para Pernambuco. Esta jornada est\u00e1 longe de terminar, e estou ansioso para ver o que o futuro reserva para nossa querida cidade. Parab\u00e9ns, Petrolina, pelos seus 128 anos!\u201d<\/p><\/div>\n<div dir=\"auto\"><\/div>\n<div dir=\"auto\"><\/div>\n<div dir=\"auto\"><i>Miguel Coelho &#8211; Ex-prefeito de Petrolina<\/i><\/p>\n<div class=\"yj6qo\"><\/div>\n<div class=\"adL\"><\/div>\n<\/div>\n","protected":false},"excerpt":{"rendered":"<p>\u201cHoje, Petrolina completa 128 anos. E nesta data especial, quero compartilhar com voc\u00eas algumas reflex\u00f5es sobre nossa cidade, sobre o amor que tenho por ela e sobre o que constru\u00edmos juntos ao longo desses anos. Desde que assumi a prefeitura em 2017, meu compromisso foi claro: fazer de Petrolina um lugar melhor para todos n\u00f3s. E hoje, olhando para tr\u00e1s, vejo com orgulho o que alcan\u00e7amos at\u00e9 aqui junto com a gest\u00e3o do prefeito Sim\u00e3o Durando. Nossa cidade se transformou, e os n\u00fameros falam por si. Petrolina \u00e9 agora a terceira maior cidade de Pernambuco, de acordo com o Instituto Brasileiro de Geografia e Estat\u00edstica (IBGE). Superamos cidades como Caruaru e Olinda, o que \u00e9 um feito incr\u00edvel. Mas o&hellip; <\/p>\n","protected":false},"author":2,"featured_media":317300,"comment_status":"open","ping_status":"open","sticky":false,"template":"","format":"standard","meta":{"_acf_changed":false,"footnotes":""},"categories":[30],"tags":[],"class_list":["post-350716","post","type-post","status-publish","format-standard","has-post-thumbnail","hentry","category-artigo"],"acf":[],"yoast_head":"<!-- This site is optimized with the Yoast SEO plugin v27.4 - https:\/\/yoast.com\/product\/yoast-seo-wordpress\/ -->\n<title>A cidade que orgulha Pernambuco completa 128 anos - Blog do Farn\u00e9sio<\/title>\n<meta name=\"robots\" content=\"index, follow, max-snippet:-1, max-image-preview:large, max-video-preview:-1\" \/>\n<link rel=\"canonical\" href=\"https:\/\/blogdofarnesio.com.br\/?p=350716\" \/>\n<meta property=\"og:locale\" content=\"pt_BR\" \/>\n<meta property=\"og:type\" content=\"article\" \/>\n<meta property=\"og:title\" content=\"A cidade que orgulha Pernambuco completa 128 anos - Blog do Farn\u00e9sio\" \/>\n<meta property=\"og:description\" content=\"\u201cHoje, Petrolina completa 128 anos. E nesta data especial, quero compartilhar com voc\u00eas algumas reflex\u00f5es sobre nossa cidade, sobre o amor que tenho por ela e sobre o que constru\u00edmos juntos ao longo desses anos. Desde que assumi a prefeitura em 2017, meu compromisso foi claro: fazer de Petrolina um lugar melhor para todos n\u00f3s. E hoje, olhando para tr\u00e1s, vejo com orgulho o que alcan\u00e7amos at\u00e9 aqui junto com a gest\u00e3o do prefeito Sim\u00e3o Durando. Nossa cidade se transformou, e os n\u00fameros falam por si. Petrolina \u00e9 agora a terceira maior cidade de Pernambuco, de acordo com o Instituto Brasileiro de Geografia e Estat\u00edstica (IBGE). Superamos cidades como Caruaru e Olinda, o que \u00e9 um feito incr\u00edvel. Mas o&hellip;\" \/>\n<meta property=\"og:url\" content=\"https:\/\/blogdofarnesio.com.br\/?p=350716\" \/>\n<meta property=\"og:site_name\" content=\"Blog do Farn\u00e9sio\" \/>\n<meta property=\"article:publisher\" content=\"https:\/\/www.facebook.com\/BlogQuerSaberPolitica\/\" \/>\n<meta property=\"article:author\" content=\"https:\/\/www.facebook.com\/?ref=tn_tnmn\" \/>\n<meta property=\"article:published_time\" content=\"2023-09-21T14:00:16+00:00\" \/>\n<meta property=\"og:image\" content=\"https:\/\/blogdofarnesio.com.br\/wp-content\/uploads\/2022\/07\/Miguel-ironiza-ma-gestao-de-Paulo-Camara-e1657201290727.jpeg\" \/>\n\t<meta property=\"og:image:width\" content=\"680\" \/>\n\t<meta property=\"og:image:height\" content=\"453\" \/>\n\t<meta property=\"og:image:type\" content=\"image\/jpeg\" \/>\n<meta name=\"author\" content=\"Farn\u00e9sio\" \/>\n<meta name=\"twitter:card\" content=\"summary_large_image\" \/>\n<meta name=\"twitter:label1\" content=\"Escrito por\" \/>\n\t<meta name=\"twitter:data1\" content=\"Farn\u00e9sio\" \/>\n\t<meta name=\"twitter:label2\" content=\"Est. tempo de leitura\" \/>\n\t<meta name=\"twitter:data2\" content=\"3 minutos\" \/>\n<script type=\"application\/ld+json\" class=\"yoast-schema-graph\">{\"@context\":\"https:\\\/\\\/schema.org\",\"@graph\":[{\"@type\":\"Article\",\"@id\":\"https:\\\/\\\/blogdofarnesio.com.br\\\/?p=350716#article\",\"isPartOf\":{\"@id\":\"https:\\\/\\\/blogdofarnesio.com.br\\\/?p=350716\"},\"author\":{\"name\":\"Farn\u00e9sio\",\"@id\":\"https:\\\/\\\/blogdofarnesio.com.br\\\/#\\\/schema\\\/person\\\/bb9b23ae3ad0609ce8df7b6c9e76824d\"},\"headline\":\"A cidade que orgulha Pernambuco completa 128 anos\",\"datePublished\":\"2023-09-21T14:00:16+00:00\",\"mainEntityOfPage\":{\"@id\":\"https:\\\/\\\/blogdofarnesio.com.br\\\/?p=350716\"},\"wordCount\":600,\"commentCount\":0,\"publisher\":{\"@id\":\"https:\\\/\\\/blogdofarnesio.com.br\\\/#organization\"},\"image\":{\"@id\":\"https:\\\/\\\/blogdofarnesio.com.br\\\/?p=350716#primaryimage\"},\"thumbnailUrl\":\"https:\\\/\\\/blogdofarnesio.com.br\\\/wp-content\\\/uploads\\\/2022\\\/07\\\/Miguel-ironiza-ma-gestao-de-Paulo-Camara-e1657201290727.jpeg\",\"articleSection\":[\"Artigo\"],\"inLanguage\":\"pt-BR\",\"potentialAction\":[{\"@type\":\"CommentAction\",\"name\":\"Comment\",\"target\":[\"https:\\\/\\\/blogdofarnesio.com.br\\\/?p=350716#respond\"]}]},{\"@type\":\"WebPage\",\"@id\":\"https:\\\/\\\/blogdofarnesio.com.br\\\/?p=350716\",\"url\":\"https:\\\/\\\/blogdofarnesio.com.br\\\/?p=350716\",\"name\":\"A cidade que orgulha Pernambuco completa 128 anos - Blog do Farn\u00e9sio\",\"isPartOf\":{\"@id\":\"https:\\\/\\\/blogdofarnesio.com.br\\\/#website\"},\"primaryImageOfPage\":{\"@id\":\"https:\\\/\\\/blogdofarnesio.com.br\\\/?p=350716#primaryimage\"},\"image\":{\"@id\":\"https:\\\/\\\/blogdofarnesio.com.br\\\/?p=350716#primaryimage\"},\"thumbnailUrl\":\"https:\\\/\\\/blogdofarnesio.com.br\\\/wp-content\\\/uploads\\\/2022\\\/07\\\/Miguel-ironiza-ma-gestao-de-Paulo-Camara-e1657201290727.jpeg\",\"datePublished\":\"2023-09-21T14:00:16+00:00\",\"breadcrumb\":{\"@id\":\"https:\\\/\\\/blogdofarnesio.com.br\\\/?p=350716#breadcrumb\"},\"inLanguage\":\"pt-BR\",\"potentialAction\":[{\"@type\":\"ReadAction\",\"target\":[\"https:\\\/\\\/blogdofarnesio.com.br\\\/?p=350716\"]}]},{\"@type\":\"ImageObject\",\"inLanguage\":\"pt-BR\",\"@id\":\"https:\\\/\\\/blogdofarnesio.com.br\\\/?p=350716#primaryimage\",\"url\":\"https:\\\/\\\/blogdofarnesio.com.br\\\/wp-content\\\/uploads\\\/2022\\\/07\\\/Miguel-ironiza-ma-gestao-de-Paulo-Camara-e1657201290727.jpeg\",\"contentUrl\":\"https:\\\/\\\/blogdofarnesio.com.br\\\/wp-content\\\/uploads\\\/2022\\\/07\\\/Miguel-ironiza-ma-gestao-de-Paulo-Camara-e1657201290727.jpeg\",\"width\":680,\"height\":453},{\"@type\":\"BreadcrumbList\",\"@id\":\"https:\\\/\\\/blogdofarnesio.com.br\\\/?p=350716#breadcrumb\",\"itemListElement\":[{\"@type\":\"ListItem\",\"position\":1,\"name\":\"In\u00edcio\",\"item\":\"https:\\\/\\\/blogdofarnesio.com.br\\\/\"},{\"@type\":\"ListItem\",\"position\":2,\"name\":\"A cidade que orgulha Pernambuco completa 128 anos\"}]},{\"@type\":\"WebSite\",\"@id\":\"https:\\\/\\\/blogdofarnesio.com.br\\\/#website\",\"url\":\"https:\\\/\\\/blogdofarnesio.com.br\\\/\",\"name\":\"Blog do Farn\u00e9sio\",\"description\":\"Quer Saber Pol\u00edtica?\",\"publisher\":{\"@id\":\"https:\\\/\\\/blogdofarnesio.com.br\\\/#organization\"},\"potentialAction\":[{\"@type\":\"SearchAction\",\"target\":{\"@type\":\"EntryPoint\",\"urlTemplate\":\"https:\\\/\\\/blogdofarnesio.com.br\\\/?s={search_term_string}\"},\"query-input\":{\"@type\":\"PropertyValueSpecification\",\"valueRequired\":true,\"valueName\":\"search_term_string\"}}],\"inLanguage\":\"pt-BR\"},{\"@type\":\"Organization\",\"@id\":\"https:\\\/\\\/blogdofarnesio.com.br\\\/#organization\",\"name\":\"Blog do Farn\u00e9sio\",\"url\":\"https:\\\/\\\/blogdofarnesio.com.br\\\/\",\"logo\":{\"@type\":\"ImageObject\",\"inLanguage\":\"pt-BR\",\"@id\":\"https:\\\/\\\/blogdofarnesio.com.br\\\/#\\\/schema\\\/logo\\\/image\\\/\",\"url\":\"https:\\\/\\\/blogdofarnesio.com.br\\\/wp-content\\\/uploads\\\/2026\\\/03\\\/cropped-logo_new-1.png\",\"contentUrl\":\"https:\\\/\\\/blogdofarnesio.com.br\\\/wp-content\\\/uploads\\\/2026\\\/03\\\/cropped-logo_new-1.png\",\"width\":881,\"height\":685,\"caption\":\"Blog do Farn\u00e9sio\"},\"image\":{\"@id\":\"https:\\\/\\\/blogdofarnesio.com.br\\\/#\\\/schema\\\/logo\\\/image\\\/\"},\"sameAs\":[\"https:\\\/\\\/www.facebook.com\\\/BlogQuerSaberPolitica\\\/\"]},{\"@type\":\"Person\",\"@id\":\"https:\\\/\\\/blogdofarnesio.com.br\\\/#\\\/schema\\\/person\\\/bb9b23ae3ad0609ce8df7b6c9e76824d\",\"name\":\"Farn\u00e9sio\",\"image\":{\"@type\":\"ImageObject\",\"inLanguage\":\"pt-BR\",\"@id\":\"https:\\\/\\\/secure.gravatar.com\\\/avatar\\\/986aa4c61ccdb66f8555bf88fc2a65609d00bcabd4d2d94377a727547345cbca?s=96&d=mm&r=g\",\"url\":\"https:\\\/\\\/secure.gravatar.com\\\/avatar\\\/986aa4c61ccdb66f8555bf88fc2a65609d00bcabd4d2d94377a727547345cbca?s=96&d=mm&r=g\",\"contentUrl\":\"https:\\\/\\\/secure.gravatar.com\\\/avatar\\\/986aa4c61ccdb66f8555bf88fc2a65609d00bcabd4d2d94377a727547345cbca?s=96&d=mm&r=g\",\"caption\":\"Farn\u00e9sio\"},\"description\":\"Radialista blogueiro, chegou a Petrolina\\\/Juazeiro em setembro de 1980, Farn\u00e9sio Silva \u00e9 de Arapiraca-Alagoas.\",\"sameAs\":[\"http:\\\/\\\/blogdofarnesio.com.br\",\"https:\\\/\\\/www.facebook.com\\\/?ref=tn_tnmn\",\"https:\\\/\\\/www.instagram.com\\\/?utm_source=pwa_homescreen\",\"https:\\\/\\\/youtube.com.br\\\/\"],\"url\":\"https:\\\/\\\/blogdofarnesio.com.br\\\/?author=2\"}]}<\/script>\n<!-- \/ Yoast SEO plugin. -->","yoast_head_json":{"title":"A cidade que orgulha Pernambuco completa 128 anos - Blog do Farn\u00e9sio","robots":{"index":"index","follow":"follow","max-snippet":"max-snippet:-1","max-image-preview":"max-image-preview:large","max-video-preview":"max-video-preview:-1"},"canonical":"https:\/\/blogdofarnesio.com.br\/?p=350716","og_locale":"pt_BR","og_type":"article","og_title":"A cidade que orgulha Pernambuco completa 128 anos - Blog do Farn\u00e9sio","og_description":"\u201cHoje, Petrolina completa 128 anos. E nesta data especial, quero compartilhar com voc\u00eas algumas reflex\u00f5es sobre nossa cidade, sobre o amor que tenho por ela e sobre o que constru\u00edmos juntos ao longo desses anos. Desde que assumi a prefeitura em 2017, meu compromisso foi claro: fazer de Petrolina um lugar melhor para todos n\u00f3s. E hoje, olhando para tr\u00e1s, vejo com orgulho o que alcan\u00e7amos at\u00e9 aqui junto com a gest\u00e3o do prefeito Sim\u00e3o Durando. Nossa cidade se transformou, e os n\u00fameros falam por si. Petrolina \u00e9 agora a terceira maior cidade de Pernambuco, de acordo com o Instituto Brasileiro de Geografia e Estat\u00edstica (IBGE). Superamos cidades como Caruaru e Olinda, o que \u00e9 um feito incr\u00edvel. Mas o&hellip;","og_url":"https:\/\/blogdofarnesio.com.br\/?p=350716","og_site_name":"Blog do Farn\u00e9sio","article_publisher":"https:\/\/www.facebook.com\/BlogQuerSaberPolitica\/","article_author":"https:\/\/www.facebook.com\/?ref=tn_tnmn","article_published_time":"2023-09-21T14:00:16+00:00","og_image":[{"width":680,"height":453,"url":"https:\/\/blogdofarnesio.com.br\/wp-content\/uploads\/2022\/07\/Miguel-ironiza-ma-gestao-de-Paulo-Camara-e1657201290727.jpeg","type":"image\/jpeg"}],"author":"Farn\u00e9sio","twitter_card":"summary_large_image","twitter_misc":{"Escrito por":"Farn\u00e9sio","Est. tempo de leitura":"3 minutos"},"schema":{"@context":"https:\/\/schema.org","@graph":[{"@type":"Article","@id":"https:\/\/blogdofarnesio.com.br\/?p=350716#article","isPartOf":{"@id":"https:\/\/blogdofarnesio.com.br\/?p=350716"},"author":{"name":"Farn\u00e9sio","@id":"https:\/\/blogdofarnesio.com.br\/#\/schema\/person\/bb9b23ae3ad0609ce8df7b6c9e76824d"},"headline":"A cidade que orgulha Pernambuco completa 128 anos","datePublished":"2023-09-21T14:00:16+00:00","mainEntityOfPage":{"@id":"https:\/\/blogdofarnesio.com.br\/?p=350716"},"wordCount":600,"commentCount":0,"publisher":{"@id":"https:\/\/blogdofarnesio.com.br\/#organization"},"image":{"@id":"https:\/\/blogdofarnesio.com.br\/?p=350716#primaryimage"},"thumbnailUrl":"https:\/\/blogdofarnesio.com.br\/wp-content\/uploads\/2022\/07\/Miguel-ironiza-ma-gestao-de-Paulo-Camara-e1657201290727.jpeg","articleSection":["Artigo"],"inLanguage":"pt-BR","potentialAction":[{"@type":"CommentAction","name":"Comment","target":["https:\/\/blogdofarnesio.com.br\/?p=350716#respond"]}]},{"@type":"WebPage","@id":"https:\/\/blogdofarnesio.com.br\/?p=350716","url":"https:\/\/blogdofarnesio.com.br\/?p=350716","name":"A cidade que orgulha Pernambuco completa 128 anos - Blog do Farn\u00e9sio","isPartOf":{"@id":"https:\/\/blogdofarnesio.com.br\/#website"},"primaryImageOfPage":{"@id":"https:\/\/blogdofarnesio.com.br\/?p=350716#primaryimage"},"image":{"@id":"https:\/\/blogdofarnesio.com.br\/?p=350716#primaryimage"},"thumbnailUrl":"https:\/\/blogdofarnesio.com.br\/wp-content\/uploads\/2022\/07\/Miguel-ironiza-ma-gestao-de-Paulo-Camara-e1657201290727.jpeg","datePublished":"2023-09-21T14:00:16+00:00","breadcrumb":{"@id":"https:\/\/blogdofarnesio.com.br\/?p=350716#breadcrumb"},"inLanguage":"pt-BR","potentialAction":[{"@type":"ReadAction","target":["https:\/\/blogdofarnesio.com.br\/?p=350716"]}]},{"@type":"ImageObject","inLanguage":"pt-BR","@id":"https:\/\/blogdofarnesio.com.br\/?p=350716#primaryimage","url":"https:\/\/blogdofarnesio.com.br\/wp-content\/uploads\/2022\/07\/Miguel-ironiza-ma-gestao-de-Paulo-Camara-e1657201290727.jpeg","contentUrl":"https:\/\/blogdofarnesio.com.br\/wp-content\/uploads\/2022\/07\/Miguel-ironiza-ma-gestao-de-Paulo-Camara-e1657201290727.jpeg","width":680,"height":453},{"@type":"BreadcrumbList","@id":"https:\/\/blogdofarnesio.com.br\/?p=350716#breadcrumb","itemListElement":[{"@type":"ListItem","position":1,"name":"In\u00edcio","item":"https:\/\/blogdofarnesio.com.br\/"},{"@type":"ListItem","position":2,"name":"A cidade que orgulha Pernambuco completa 128 anos"}]},{"@type":"WebSite","@id":"https:\/\/blogdofarnesio.com.br\/#website","url":"https:\/\/blogdofarnesio.com.br\/","name":"Blog do Farn\u00e9sio","description":"Quer Saber Pol\u00edtica?","publisher":{"@id":"https:\/\/blogdofarnesio.com.br\/#organization"},"potentialAction":[{"@type":"SearchAction","target":{"@type":"EntryPoint","urlTemplate":"https:\/\/blogdofarnesio.com.br\/?s={search_term_string}"},"query-input":{"@type":"PropertyValueSpecification","valueRequired":true,"valueName":"search_term_string"}}],"inLanguage":"pt-BR"},{"@type":"Organization","@id":"https:\/\/blogdofarnesio.com.br\/#organization","name":"Blog do Farn\u00e9sio","url":"https:\/\/blogdofarnesio.com.br\/","logo":{"@type":"ImageObject","inLanguage":"pt-BR","@id":"https:\/\/blogdofarnesio.com.br\/#\/schema\/logo\/image\/","url":"https:\/\/blogdofarnesio.com.br\/wp-content\/uploads\/2026\/03\/cropped-logo_new-1.png","contentUrl":"https:\/\/blogdofarnesio.com.br\/wp-content\/uploads\/2026\/03\/cropped-logo_new-1.png","width":881,"height":685,"caption":"Blog do Farn\u00e9sio"},"image":{"@id":"https:\/\/blogdofarnesio.com.br\/#\/schema\/logo\/image\/"},"sameAs":["https:\/\/www.facebook.com\/BlogQuerSaberPolitica\/"]},{"@type":"Person","@id":"https:\/\/blogdofarnesio.com.br\/#\/schema\/person\/bb9b23ae3ad0609ce8df7b6c9e76824d","name":"Farn\u00e9sio","image":{"@type":"ImageObject","inLanguage":"pt-BR","@id":"https:\/\/secure.gravatar.com\/avatar\/986aa4c61ccdb66f8555bf88fc2a65609d00bcabd4d2d94377a727547345cbca?s=96&d=mm&r=g","url":"https:\/\/secure.gravatar.com\/avatar\/986aa4c61ccdb66f8555bf88fc2a65609d00bcabd4d2d94377a727547345cbca?s=96&d=mm&r=g","contentUrl":"https:\/\/secure.gravatar.com\/avatar\/986aa4c61ccdb66f8555bf88fc2a65609d00bcabd4d2d94377a727547345cbca?s=96&d=mm&r=g","caption":"Farn\u00e9sio"},"description":"Radialista blogueiro, chegou a Petrolina\/Juazeiro em setembro de 1980, Farn\u00e9sio Silva \u00e9 de Arapiraca-Alagoas.","sameAs":["http:\/\/blogdofarnesio.com.br","https:\/\/www.facebook.com\/?ref=tn_tnmn","https:\/\/www.instagram.com\/?utm_source=pwa_homescreen","https:\/\/youtube.com.br\/"],"url":"https:\/\/blogdofarnesio.com.br\/?author=2"}]}},"_links":{"self":[{"href":"https:\/\/blogdofarnesio.com.br\/index.php?rest_route=\/wp\/v2\/posts\/350716","targetHints":{"allow":["GET"]}}],"collection":[{"href":"https:\/\/blogdofarnesio.com.br\/index.php?rest_route=\/wp\/v2\/posts"}],"about":[{"href":"https:\/\/blogdofarnesio.com.br\/index.php?rest_route=\/wp\/v2\/types\/post"}],"author":[{"embeddable":true,"href":"https:\/\/blogdofarnesio.com.br\/index.php?rest_route=\/wp\/v2\/users\/2"}],"replies":[{"embeddable":true,"href":"https:\/\/blogdofarnesio.com.br\/index.php?rest_route=%2Fwp%2Fv2%2Fcomments&post=350716"}],"version-history":[{"count":0,"href":"https:\/\/blogdofarnesio.com.br\/index.php?rest_route=\/wp\/v2\/posts\/350716\/revisions"}],"wp:featuredmedia":[{"embeddable":true,"href":"https:\/\/blogdofarnesio.com.br\/index.php?rest_route=\/wp\/v2\/media\/317300"}],"wp:attachment":[{"href":"https:\/\/blogdofarnesio.com.br\/index.php?rest_route=%2Fwp%2Fv2%2Fmedia&parent=350716"}],"wp:term":[{"taxonomy":"category","embeddable":true,"href":"https:\/\/blogdofarnesio.com.br\/index.php?rest_route=%2Fwp%2Fv2%2Fcategories&post=350716"},{"taxonomy":"post_tag","embeddable":true,"href":"https:\/\/blogdofarnesio.com.br\/index.php?rest_route=%2Fwp%2Fv2%2Ftags&post=350716"}],"curies":[{"name":"wp","href":"https:\/\/api.w.org\/{rel}","templated":true}]}}