{"id":350561,"date":"2023-09-19T13:00:15","date_gmt":"2023-09-19T16:00:15","guid":{"rendered":"https:\/\/blogdofarnesio.com.br\/?p=350561"},"modified":"2023-09-19T09:37:53","modified_gmt":"2023-09-19T12:37:53","slug":"lula-gasta-mais-com-cartao-corporativo-do-que-bolsonaro-temer-e-dilma","status":"publish","type":"post","link":"https:\/\/blogdofarnesio.com.br\/?p=350561","title":{"rendered":"Lula gasta mais com cart\u00e3o corporativo do que Bolsonaro, Temer e Dilma"},"content":{"rendered":"<div class=\"sc-8a384deb-0 gcFtGo\">\n<div class=\"sc-8a384deb-4 ebUzRt\">Por Folhapress\u00a0 &#8211;<\/div>\n<\/div>\n<div class=\"sc-c22b9e79-1 ouagm\">\n<div class=\"sc-c22b9e79-3 gGKeEu\">\n<p>O presidente Lula (PT) tem gastado mais com cart\u00e3o corporativo neste terceiro mandato do que Jair Bolsonaro (PL), Michel Temer (MDB) e Dilma Rousseff (PT). O patamar elevado de compras e pagamentos coloca o petista com uma m\u00e9dia de gastos recorde. At\u00e9 agora, foram fechados os extratos de sete meses do cart\u00e3o corporativo. As despesas, quando somadas, chegaram a um valor pr\u00f3ximo de R$ 8 milh\u00f5es.<br \/>\nEsse ritmo leva Lula ao topo do ranking de custos bancados pelo cart\u00e3o presidencial, acima de Bolsonaro, que j\u00e1 apresentava contas mais altas que os antecessores.<br \/>\nO petista tem gastado, por m\u00eas, cerca de R$ 1,1 milh\u00e3o em m\u00e9dia, em n\u00fameros corrigidos pela infla\u00e7\u00e3o at\u00e9 agosto deste ano. Para toda a gest\u00e3o Bolsonaro, esse c\u00e1lculo aponta para uma despesa de R$ 1 milh\u00e3o mensal. Temer e Dilma registraram despesas mensais menores, R$ 584 mil e R$ 905 mil, respectivamente.<br \/>\nOs dados s\u00e3o do Portal da Transpar\u00eancia, mantido pela CGU (Controladoria-Geral da Uni\u00e3o), que cont\u00e9m as faturas de janeiro de 2013 at\u00e9 agosto. Os extratos refletem pagamentos feitos no m\u00eas anterior. Todos os dados foram corrigidos pela infla\u00e7\u00e3o oficial (IPCA) acumulada at\u00e9 agosto.<br \/>\nAs compara\u00e7\u00f5es s\u00e3o com base nas faturas do CPGF (Cart\u00e3o de Pagamento do Governo Federal) da Secretaria de Administra\u00e7\u00e3o da Presid\u00eancia da Rep\u00fablica, que cuida das despesas de Lula, de sua fam\u00edlia e de funcion\u00e1rios pr\u00f3ximos.<br \/>\nOs cart\u00f5es corporativos do Pal\u00e1cio do Planalto s\u00e3o geralmente usados, entre outras despesas, para a compra de materiais, presta\u00e7\u00e3o de servi\u00e7os e abastecimento de ve\u00edculos oficiais. Tamb\u00e9m financiam a opera\u00e7\u00e3o de seguran\u00e7a do presidente em viagens, al\u00e9m da manuten\u00e7\u00e3o e realiza\u00e7\u00e3o de eventos na resid\u00eancia oficial, o Pal\u00e1cio da Alvorada.<br \/>\nMesmo comparando os gastos de Lula apenas com as faturas dos sete primeiros meses dos governos Bolsonaro, Temer e Dilma, o atual presidente apresenta despesas mais altas.<br \/>\nEnquanto o cart\u00e3o de Lula chegou a cerca de R$ 8 milh\u00f5es, o de Bolsonaro somou R$ 5,3 milh\u00f5es nos sete primeiros meses de mandato. Os extratos de Temer e Dilma foram mais baixos, R$ 3,8 milh\u00f5es e R$ 4,9 milh\u00f5es, respectivamente. Os n\u00fameros tamb\u00e9m foram corrigidos pela infla\u00e7\u00e3o.<br \/>\nProcurado, o Pal\u00e1cio do Planalto afirmou que a maior parte das despesas de Lula nesse per\u00edodo est\u00e1 relacionada a viagens que o presidente fez ao exterior.<br \/>\nO presidente fez 19 viagens nos seus oito primeiros meses de governo. A fatura de junho no qual gastou quase R$ 2 milh\u00f5es corresponde \u00e0s despesas de maio. Naquele m\u00eas, Lula foi para a coroa\u00e7\u00e3o do rei Charles 3\u00ba na Inglaterra, para o Jap\u00e3o e para a It\u00e1lia.<br \/>\nN\u00e3o \u00e9 poss\u00edvel, no entanto, conferir o detalhamento das informa\u00e7\u00f5es e das despesas, pois foram classificadas como sigilosas pela CGU. Os valores totais das despesas do cart\u00e3o da Presid\u00eancia s\u00e3o divulgados, mas h\u00e1 sigilo em rela\u00e7\u00e3o aos gastos, como alimenta\u00e7\u00e3o e transporte do presidente. O argumento \u00e9 que s\u00e3o informa\u00e7\u00f5es sens\u00edveis da rotina presidencial e que a exposi\u00e7\u00e3o pode colocar o chefe do Executivo em risco.<br \/>\nOs cart\u00f5es corporativos foram criados em 2001, no governo Fernando Henrique Cardoso (PSDB). Eles s\u00e3o distribu\u00eddos a pessoas que ocupam postos-chave da gest\u00e3o p\u00fablica e cobrem despesas de urg\u00eancia pela compra de produtos e servi\u00e7os ou pela cobertura de gastos de viagens.<br \/>\nO STF (Supremo Tribunal Federal) derrubou, em decis\u00e3o de novembro de 2019, trechos de um decreto de 1967 para dar transpar\u00eancia a gastos do Pal\u00e1cio do Planalto, inclusive com cart\u00f5es corporativos.<br \/>\nEm 2020, foi revelado que as faturas de Bolsonaro estavam mais altas que nas gest\u00f5es Temer e Dilma \u2013 n\u00e3o havia ainda informa\u00e7\u00f5es sobre as despesas nos governos anteriores de Lula. Na \u00e9poca, tamb\u00e9m n\u00e3o havia detalhamento das compras e pagamentos feitos.<br \/>\nPetistas, ent\u00e3o, passaram a defender a investiga\u00e7\u00e3o do uso do cart\u00e3o e, ao longo do mandato de Bolsonaro, pediam a quebra de sigilo dos gastos.<br \/>\nO Pal\u00e1cio do Planalto foi questionado pela Folha se pretende mudar a regra ao longo deste governo Lula e divulgar o detalhamento de despesas. No entanto, a Secom (Secretaria de Comunica\u00e7\u00e3o Social) refor\u00e7ou que esse tipo de informa\u00e7\u00e3o pode colocar em risco a seguran\u00e7a do presidente. Por isso, s\u00e3o ultrassecretas, com base na Lei de Acesso \u00e0 Informa\u00e7\u00e3o.<br \/>\nCom menos de 15 dias de governo, o Pal\u00e1cio do Planalto divulgou, em janeiro, uma planilha que quebrou o sigilo dos extratos dos cart\u00f5es corporativos de Bolsonaro, Temer, Dilma e tamb\u00e9m dos primeiros dois mandatos de Lula, que, at\u00e9 hoje, continuam fora da base de dados do Portal da Transpar\u00eancia.<br \/>\nA soma das faturas apresentadas na planilha com gastos detalhados apresenta diverg\u00eancias em rela\u00e7\u00e3o ao que consta no Portal da Transpar\u00eancia. Por isso, o mais indicado \u00e9 fazer compara\u00e7\u00f5es levando em considera\u00e7\u00e3o apenas uma base de informa\u00e7\u00f5es. A planilha de janeiro ainda n\u00e3o foi atualizada com as despesas de Lula em 2023.<br \/>\nA derrubada do sigilo no in\u00edcio do ano colocou luz em informa\u00e7\u00f5es que geraram desgaste para Bolsonaro.<br \/>\nInforma\u00e7\u00f5es que se tornaram p\u00fablicas revelaram compras de Bolsonaro com cart\u00e3o corporativo da Presid\u00eancia da Rep\u00fablica para abastecimentos em postos de combust\u00edvel nas datas de motociatas com a participa\u00e7\u00e3o do ex-mandat\u00e1rio.<br \/>\nO fim do sigilo do cart\u00e3o de Bolsonaro tamb\u00e9m mostrou despesas de ao menos R$ 4,7 milh\u00f5es em dias em que o ex-presidente estava sem agenda de trabalho, curtindo f\u00e9rias ou feriad\u00f5es, assistindo a jogos de futebol ou participando de motociatas.<br \/>\nEnquanto os dados do cart\u00e3o de Lula n\u00e3o s\u00e3o abertos, a oposi\u00e7\u00e3o no Congresso tenta avan\u00e7ar na apura\u00e7\u00e3o dessas despesas. A Comiss\u00e3o de Fiscaliza\u00e7\u00e3o Financeira e Controle, presidida pela deputada Bia Kicis (PL-DF), aliada de primeira hora de Bolsonaro, aprovou em junho um requerimento para que o TCU (Tribunal de Contas da Uni\u00e3o) fa\u00e7a uma auditoria nos gastos.<br \/>\nO pedido foi apresentado pelo deputado federal Kim Kataguiri (Uni\u00e3o Brasil-SP). O partido dele tem tr\u00eas minist\u00e9rios no governo Lula, mas uma ala da sigla \u00e9 oposi\u00e7\u00e3o a Lula.<\/p>\n<\/div>\n<\/div>\n","protected":false},"excerpt":{"rendered":"<p>Por Folhapress\u00a0 &#8211; O presidente Lula (PT) tem gastado mais com cart\u00e3o corporativo neste terceiro mandato do que Jair Bolsonaro (PL), Michel Temer (MDB) e Dilma Rousseff (PT). O patamar elevado de compras e pagamentos coloca o petista com uma m\u00e9dia de gastos recorde. At\u00e9 agora, foram fechados os extratos de sete meses do cart\u00e3o corporativo. As despesas, quando somadas, chegaram a um valor pr\u00f3ximo de R$ 8 milh\u00f5es. Esse ritmo leva Lula ao topo do ranking de custos bancados pelo cart\u00e3o presidencial, acima de Bolsonaro, que j\u00e1 apresentava contas mais altas que os antecessores. O petista tem gastado, por m\u00eas, cerca de R$ 1,1 milh\u00e3o em m\u00e9dia, em n\u00fameros corrigidos pela infla\u00e7\u00e3o at\u00e9 agosto deste ano. Para toda a&hellip; <\/p>\n","protected":false},"author":2,"featured_media":317379,"comment_status":"open","ping_status":"open","sticky":false,"template":"","format":"standard","meta":{"_acf_changed":false,"footnotes":""},"categories":[1],"tags":[],"class_list":["post-350561","post","type-post","status-publish","format-standard","has-post-thumbnail","hentry","category-politica"],"acf":[],"yoast_head":"<!-- This site is optimized with the Yoast SEO plugin v27.4 - https:\/\/yoast.com\/product\/yoast-seo-wordpress\/ -->\n<title>Lula gasta mais com cart\u00e3o corporativo do que Bolsonaro, Temer e Dilma - Blog do Farn\u00e9sio<\/title>\n<meta name=\"robots\" content=\"index, follow, max-snippet:-1, max-image-preview:large, max-video-preview:-1\" \/>\n<link rel=\"canonical\" href=\"https:\/\/blogdofarnesio.com.br\/?p=350561\" \/>\n<meta property=\"og:locale\" content=\"pt_BR\" \/>\n<meta property=\"og:type\" content=\"article\" \/>\n<meta property=\"og:title\" content=\"Lula gasta mais com cart\u00e3o corporativo do que Bolsonaro, Temer e Dilma - Blog do Farn\u00e9sio\" \/>\n<meta property=\"og:description\" content=\"Por Folhapress\u00a0 &#8211; O presidente Lula (PT) tem gastado mais com cart\u00e3o corporativo neste terceiro mandato do que Jair Bolsonaro (PL), Michel Temer (MDB) e Dilma Rousseff (PT). O patamar elevado de compras e pagamentos coloca o petista com uma m\u00e9dia de gastos recorde. At\u00e9 agora, foram fechados os extratos de sete meses do cart\u00e3o corporativo. As despesas, quando somadas, chegaram a um valor pr\u00f3ximo de R$ 8 milh\u00f5es. Esse ritmo leva Lula ao topo do ranking de custos bancados pelo cart\u00e3o presidencial, acima de Bolsonaro, que j\u00e1 apresentava contas mais altas que os antecessores. O petista tem gastado, por m\u00eas, cerca de R$ 1,1 milh\u00e3o em m\u00e9dia, em n\u00fameros corrigidos pela infla\u00e7\u00e3o at\u00e9 agosto deste ano. Para toda a&hellip;\" \/>\n<meta property=\"og:url\" content=\"https:\/\/blogdofarnesio.com.br\/?p=350561\" \/>\n<meta property=\"og:site_name\" content=\"Blog do Farn\u00e9sio\" \/>\n<meta property=\"article:publisher\" content=\"https:\/\/www.facebook.com\/BlogQuerSaberPolitica\/\" \/>\n<meta property=\"article:author\" content=\"https:\/\/www.facebook.com\/?ref=tn_tnmn\" \/>\n<meta property=\"article:published_time\" content=\"2023-09-19T16:00:15+00:00\" \/>\n<meta property=\"og:image\" content=\"https:\/\/blogdofarnesio.com.br\/wp-content\/uploads\/2022\/07\/blogqsplula-dilmaa-e1657279974235.jpeg\" \/>\n\t<meta property=\"og:image:width\" content=\"680\" \/>\n\t<meta property=\"og:image:height\" content=\"327\" \/>\n\t<meta property=\"og:image:type\" content=\"image\/jpeg\" \/>\n<meta name=\"author\" content=\"Farn\u00e9sio\" \/>\n<meta name=\"twitter:card\" content=\"summary_large_image\" \/>\n<meta name=\"twitter:label1\" content=\"Escrito por\" \/>\n\t<meta name=\"twitter:data1\" content=\"Farn\u00e9sio\" \/>\n\t<meta name=\"twitter:label2\" content=\"Est. tempo de leitura\" \/>\n\t<meta name=\"twitter:data2\" content=\"6 minutos\" \/>\n<script type=\"application\/ld+json\" class=\"yoast-schema-graph\">{\"@context\":\"https:\\\/\\\/schema.org\",\"@graph\":[{\"@type\":\"Article\",\"@id\":\"https:\\\/\\\/blogdofarnesio.com.br\\\/?p=350561#article\",\"isPartOf\":{\"@id\":\"https:\\\/\\\/blogdofarnesio.com.br\\\/?p=350561\"},\"author\":{\"name\":\"Farn\u00e9sio\",\"@id\":\"https:\\\/\\\/blogdofarnesio.com.br\\\/#\\\/schema\\\/person\\\/bb9b23ae3ad0609ce8df7b6c9e76824d\"},\"headline\":\"Lula gasta mais com cart\u00e3o corporativo do que Bolsonaro, Temer e Dilma\",\"datePublished\":\"2023-09-19T16:00:15+00:00\",\"mainEntityOfPage\":{\"@id\":\"https:\\\/\\\/blogdofarnesio.com.br\\\/?p=350561\"},\"wordCount\":1092,\"commentCount\":0,\"publisher\":{\"@id\":\"https:\\\/\\\/blogdofarnesio.com.br\\\/#organization\"},\"image\":{\"@id\":\"https:\\\/\\\/blogdofarnesio.com.br\\\/?p=350561#primaryimage\"},\"thumbnailUrl\":\"https:\\\/\\\/blogdofarnesio.com.br\\\/wp-content\\\/uploads\\\/2022\\\/07\\\/blogqsplula-dilmaa-e1657279974235.jpeg\",\"articleSection\":[\"Pol\u00edtica\"],\"inLanguage\":\"pt-BR\",\"potentialAction\":[{\"@type\":\"CommentAction\",\"name\":\"Comment\",\"target\":[\"https:\\\/\\\/blogdofarnesio.com.br\\\/?p=350561#respond\"]}]},{\"@type\":\"WebPage\",\"@id\":\"https:\\\/\\\/blogdofarnesio.com.br\\\/?p=350561\",\"url\":\"https:\\\/\\\/blogdofarnesio.com.br\\\/?p=350561\",\"name\":\"Lula gasta mais com cart\u00e3o corporativo do que Bolsonaro, Temer e Dilma - Blog do Farn\u00e9sio\",\"isPartOf\":{\"@id\":\"https:\\\/\\\/blogdofarnesio.com.br\\\/#website\"},\"primaryImageOfPage\":{\"@id\":\"https:\\\/\\\/blogdofarnesio.com.br\\\/?p=350561#primaryimage\"},\"image\":{\"@id\":\"https:\\\/\\\/blogdofarnesio.com.br\\\/?p=350561#primaryimage\"},\"thumbnailUrl\":\"https:\\\/\\\/blogdofarnesio.com.br\\\/wp-content\\\/uploads\\\/2022\\\/07\\\/blogqsplula-dilmaa-e1657279974235.jpeg\",\"datePublished\":\"2023-09-19T16:00:15+00:00\",\"breadcrumb\":{\"@id\":\"https:\\\/\\\/blogdofarnesio.com.br\\\/?p=350561#breadcrumb\"},\"inLanguage\":\"pt-BR\",\"potentialAction\":[{\"@type\":\"ReadAction\",\"target\":[\"https:\\\/\\\/blogdofarnesio.com.br\\\/?p=350561\"]}]},{\"@type\":\"ImageObject\",\"inLanguage\":\"pt-BR\",\"@id\":\"https:\\\/\\\/blogdofarnesio.com.br\\\/?p=350561#primaryimage\",\"url\":\"https:\\\/\\\/blogdofarnesio.com.br\\\/wp-content\\\/uploads\\\/2022\\\/07\\\/blogqsplula-dilmaa-e1657279974235.jpeg\",\"contentUrl\":\"https:\\\/\\\/blogdofarnesio.com.br\\\/wp-content\\\/uploads\\\/2022\\\/07\\\/blogqsplula-dilmaa-e1657279974235.jpeg\",\"width\":680,\"height\":327},{\"@type\":\"BreadcrumbList\",\"@id\":\"https:\\\/\\\/blogdofarnesio.com.br\\\/?p=350561#breadcrumb\",\"itemListElement\":[{\"@type\":\"ListItem\",\"position\":1,\"name\":\"In\u00edcio\",\"item\":\"https:\\\/\\\/blogdofarnesio.com.br\\\/\"},{\"@type\":\"ListItem\",\"position\":2,\"name\":\"Lula gasta mais com cart\u00e3o corporativo do que Bolsonaro, Temer e Dilma\"}]},{\"@type\":\"WebSite\",\"@id\":\"https:\\\/\\\/blogdofarnesio.com.br\\\/#website\",\"url\":\"https:\\\/\\\/blogdofarnesio.com.br\\\/\",\"name\":\"Blog do Farn\u00e9sio\",\"description\":\"Quer Saber Pol\u00edtica?\",\"publisher\":{\"@id\":\"https:\\\/\\\/blogdofarnesio.com.br\\\/#organization\"},\"potentialAction\":[{\"@type\":\"SearchAction\",\"target\":{\"@type\":\"EntryPoint\",\"urlTemplate\":\"https:\\\/\\\/blogdofarnesio.com.br\\\/?s={search_term_string}\"},\"query-input\":{\"@type\":\"PropertyValueSpecification\",\"valueRequired\":true,\"valueName\":\"search_term_string\"}}],\"inLanguage\":\"pt-BR\"},{\"@type\":\"Organization\",\"@id\":\"https:\\\/\\\/blogdofarnesio.com.br\\\/#organization\",\"name\":\"Blog do Farn\u00e9sio\",\"url\":\"https:\\\/\\\/blogdofarnesio.com.br\\\/\",\"logo\":{\"@type\":\"ImageObject\",\"inLanguage\":\"pt-BR\",\"@id\":\"https:\\\/\\\/blogdofarnesio.com.br\\\/#\\\/schema\\\/logo\\\/image\\\/\",\"url\":\"https:\\\/\\\/blogdofarnesio.com.br\\\/wp-content\\\/uploads\\\/2026\\\/03\\\/cropped-logo_new-1.png\",\"contentUrl\":\"https:\\\/\\\/blogdofarnesio.com.br\\\/wp-content\\\/uploads\\\/2026\\\/03\\\/cropped-logo_new-1.png\",\"width\":881,\"height\":685,\"caption\":\"Blog do Farn\u00e9sio\"},\"image\":{\"@id\":\"https:\\\/\\\/blogdofarnesio.com.br\\\/#\\\/schema\\\/logo\\\/image\\\/\"},\"sameAs\":[\"https:\\\/\\\/www.facebook.com\\\/BlogQuerSaberPolitica\\\/\"]},{\"@type\":\"Person\",\"@id\":\"https:\\\/\\\/blogdofarnesio.com.br\\\/#\\\/schema\\\/person\\\/bb9b23ae3ad0609ce8df7b6c9e76824d\",\"name\":\"Farn\u00e9sio\",\"image\":{\"@type\":\"ImageObject\",\"inLanguage\":\"pt-BR\",\"@id\":\"https:\\\/\\\/secure.gravatar.com\\\/avatar\\\/986aa4c61ccdb66f8555bf88fc2a65609d00bcabd4d2d94377a727547345cbca?s=96&d=mm&r=g\",\"url\":\"https:\\\/\\\/secure.gravatar.com\\\/avatar\\\/986aa4c61ccdb66f8555bf88fc2a65609d00bcabd4d2d94377a727547345cbca?s=96&d=mm&r=g\",\"contentUrl\":\"https:\\\/\\\/secure.gravatar.com\\\/avatar\\\/986aa4c61ccdb66f8555bf88fc2a65609d00bcabd4d2d94377a727547345cbca?s=96&d=mm&r=g\",\"caption\":\"Farn\u00e9sio\"},\"description\":\"Radialista blogueiro, chegou a Petrolina\\\/Juazeiro em setembro de 1980, Farn\u00e9sio Silva \u00e9 de Arapiraca-Alagoas.\",\"sameAs\":[\"http:\\\/\\\/blogdofarnesio.com.br\",\"https:\\\/\\\/www.facebook.com\\\/?ref=tn_tnmn\",\"https:\\\/\\\/www.instagram.com\\\/?utm_source=pwa_homescreen\",\"https:\\\/\\\/youtube.com.br\\\/\"],\"url\":\"https:\\\/\\\/blogdofarnesio.com.br\\\/?author=2\"}]}<\/script>\n<!-- \/ Yoast SEO plugin. -->","yoast_head_json":{"title":"Lula gasta mais com cart\u00e3o corporativo do que Bolsonaro, Temer e Dilma - Blog do Farn\u00e9sio","robots":{"index":"index","follow":"follow","max-snippet":"max-snippet:-1","max-image-preview":"max-image-preview:large","max-video-preview":"max-video-preview:-1"},"canonical":"https:\/\/blogdofarnesio.com.br\/?p=350561","og_locale":"pt_BR","og_type":"article","og_title":"Lula gasta mais com cart\u00e3o corporativo do que Bolsonaro, Temer e Dilma - Blog do Farn\u00e9sio","og_description":"Por Folhapress\u00a0 &#8211; O presidente Lula (PT) tem gastado mais com cart\u00e3o corporativo neste terceiro mandato do que Jair Bolsonaro (PL), Michel Temer (MDB) e Dilma Rousseff (PT). O patamar elevado de compras e pagamentos coloca o petista com uma m\u00e9dia de gastos recorde. At\u00e9 agora, foram fechados os extratos de sete meses do cart\u00e3o corporativo. As despesas, quando somadas, chegaram a um valor pr\u00f3ximo de R$ 8 milh\u00f5es. Esse ritmo leva Lula ao topo do ranking de custos bancados pelo cart\u00e3o presidencial, acima de Bolsonaro, que j\u00e1 apresentava contas mais altas que os antecessores. O petista tem gastado, por m\u00eas, cerca de R$ 1,1 milh\u00e3o em m\u00e9dia, em n\u00fameros corrigidos pela infla\u00e7\u00e3o at\u00e9 agosto deste ano. Para toda a&hellip;","og_url":"https:\/\/blogdofarnesio.com.br\/?p=350561","og_site_name":"Blog do Farn\u00e9sio","article_publisher":"https:\/\/www.facebook.com\/BlogQuerSaberPolitica\/","article_author":"https:\/\/www.facebook.com\/?ref=tn_tnmn","article_published_time":"2023-09-19T16:00:15+00:00","og_image":[{"width":680,"height":327,"url":"https:\/\/blogdofarnesio.com.br\/wp-content\/uploads\/2022\/07\/blogqsplula-dilmaa-e1657279974235.jpeg","type":"image\/jpeg"}],"author":"Farn\u00e9sio","twitter_card":"summary_large_image","twitter_misc":{"Escrito por":"Farn\u00e9sio","Est. tempo de leitura":"6 minutos"},"schema":{"@context":"https:\/\/schema.org","@graph":[{"@type":"Article","@id":"https:\/\/blogdofarnesio.com.br\/?p=350561#article","isPartOf":{"@id":"https:\/\/blogdofarnesio.com.br\/?p=350561"},"author":{"name":"Farn\u00e9sio","@id":"https:\/\/blogdofarnesio.com.br\/#\/schema\/person\/bb9b23ae3ad0609ce8df7b6c9e76824d"},"headline":"Lula gasta mais com cart\u00e3o corporativo do que Bolsonaro, Temer e Dilma","datePublished":"2023-09-19T16:00:15+00:00","mainEntityOfPage":{"@id":"https:\/\/blogdofarnesio.com.br\/?p=350561"},"wordCount":1092,"commentCount":0,"publisher":{"@id":"https:\/\/blogdofarnesio.com.br\/#organization"},"image":{"@id":"https:\/\/blogdofarnesio.com.br\/?p=350561#primaryimage"},"thumbnailUrl":"https:\/\/blogdofarnesio.com.br\/wp-content\/uploads\/2022\/07\/blogqsplula-dilmaa-e1657279974235.jpeg","articleSection":["Pol\u00edtica"],"inLanguage":"pt-BR","potentialAction":[{"@type":"CommentAction","name":"Comment","target":["https:\/\/blogdofarnesio.com.br\/?p=350561#respond"]}]},{"@type":"WebPage","@id":"https:\/\/blogdofarnesio.com.br\/?p=350561","url":"https:\/\/blogdofarnesio.com.br\/?p=350561","name":"Lula gasta mais com cart\u00e3o corporativo do que Bolsonaro, Temer e Dilma - Blog do Farn\u00e9sio","isPartOf":{"@id":"https:\/\/blogdofarnesio.com.br\/#website"},"primaryImageOfPage":{"@id":"https:\/\/blogdofarnesio.com.br\/?p=350561#primaryimage"},"image":{"@id":"https:\/\/blogdofarnesio.com.br\/?p=350561#primaryimage"},"thumbnailUrl":"https:\/\/blogdofarnesio.com.br\/wp-content\/uploads\/2022\/07\/blogqsplula-dilmaa-e1657279974235.jpeg","datePublished":"2023-09-19T16:00:15+00:00","breadcrumb":{"@id":"https:\/\/blogdofarnesio.com.br\/?p=350561#breadcrumb"},"inLanguage":"pt-BR","potentialAction":[{"@type":"ReadAction","target":["https:\/\/blogdofarnesio.com.br\/?p=350561"]}]},{"@type":"ImageObject","inLanguage":"pt-BR","@id":"https:\/\/blogdofarnesio.com.br\/?p=350561#primaryimage","url":"https:\/\/blogdofarnesio.com.br\/wp-content\/uploads\/2022\/07\/blogqsplula-dilmaa-e1657279974235.jpeg","contentUrl":"https:\/\/blogdofarnesio.com.br\/wp-content\/uploads\/2022\/07\/blogqsplula-dilmaa-e1657279974235.jpeg","width":680,"height":327},{"@type":"BreadcrumbList","@id":"https:\/\/blogdofarnesio.com.br\/?p=350561#breadcrumb","itemListElement":[{"@type":"ListItem","position":1,"name":"In\u00edcio","item":"https:\/\/blogdofarnesio.com.br\/"},{"@type":"ListItem","position":2,"name":"Lula gasta mais com cart\u00e3o corporativo do que Bolsonaro, Temer e Dilma"}]},{"@type":"WebSite","@id":"https:\/\/blogdofarnesio.com.br\/#website","url":"https:\/\/blogdofarnesio.com.br\/","name":"Blog do Farn\u00e9sio","description":"Quer Saber Pol\u00edtica?","publisher":{"@id":"https:\/\/blogdofarnesio.com.br\/#organization"},"potentialAction":[{"@type":"SearchAction","target":{"@type":"EntryPoint","urlTemplate":"https:\/\/blogdofarnesio.com.br\/?s={search_term_string}"},"query-input":{"@type":"PropertyValueSpecification","valueRequired":true,"valueName":"search_term_string"}}],"inLanguage":"pt-BR"},{"@type":"Organization","@id":"https:\/\/blogdofarnesio.com.br\/#organization","name":"Blog do Farn\u00e9sio","url":"https:\/\/blogdofarnesio.com.br\/","logo":{"@type":"ImageObject","inLanguage":"pt-BR","@id":"https:\/\/blogdofarnesio.com.br\/#\/schema\/logo\/image\/","url":"https:\/\/blogdofarnesio.com.br\/wp-content\/uploads\/2026\/03\/cropped-logo_new-1.png","contentUrl":"https:\/\/blogdofarnesio.com.br\/wp-content\/uploads\/2026\/03\/cropped-logo_new-1.png","width":881,"height":685,"caption":"Blog do Farn\u00e9sio"},"image":{"@id":"https:\/\/blogdofarnesio.com.br\/#\/schema\/logo\/image\/"},"sameAs":["https:\/\/www.facebook.com\/BlogQuerSaberPolitica\/"]},{"@type":"Person","@id":"https:\/\/blogdofarnesio.com.br\/#\/schema\/person\/bb9b23ae3ad0609ce8df7b6c9e76824d","name":"Farn\u00e9sio","image":{"@type":"ImageObject","inLanguage":"pt-BR","@id":"https:\/\/secure.gravatar.com\/avatar\/986aa4c61ccdb66f8555bf88fc2a65609d00bcabd4d2d94377a727547345cbca?s=96&d=mm&r=g","url":"https:\/\/secure.gravatar.com\/avatar\/986aa4c61ccdb66f8555bf88fc2a65609d00bcabd4d2d94377a727547345cbca?s=96&d=mm&r=g","contentUrl":"https:\/\/secure.gravatar.com\/avatar\/986aa4c61ccdb66f8555bf88fc2a65609d00bcabd4d2d94377a727547345cbca?s=96&d=mm&r=g","caption":"Farn\u00e9sio"},"description":"Radialista blogueiro, chegou a Petrolina\/Juazeiro em setembro de 1980, Farn\u00e9sio Silva \u00e9 de Arapiraca-Alagoas.","sameAs":["http:\/\/blogdofarnesio.com.br","https:\/\/www.facebook.com\/?ref=tn_tnmn","https:\/\/www.instagram.com\/?utm_source=pwa_homescreen","https:\/\/youtube.com.br\/"],"url":"https:\/\/blogdofarnesio.com.br\/?author=2"}]}},"_links":{"self":[{"href":"https:\/\/blogdofarnesio.com.br\/index.php?rest_route=\/wp\/v2\/posts\/350561","targetHints":{"allow":["GET"]}}],"collection":[{"href":"https:\/\/blogdofarnesio.com.br\/index.php?rest_route=\/wp\/v2\/posts"}],"about":[{"href":"https:\/\/blogdofarnesio.com.br\/index.php?rest_route=\/wp\/v2\/types\/post"}],"author":[{"embeddable":true,"href":"https:\/\/blogdofarnesio.com.br\/index.php?rest_route=\/wp\/v2\/users\/2"}],"replies":[{"embeddable":true,"href":"https:\/\/blogdofarnesio.com.br\/index.php?rest_route=%2Fwp%2Fv2%2Fcomments&post=350561"}],"version-history":[{"count":0,"href":"https:\/\/blogdofarnesio.com.br\/index.php?rest_route=\/wp\/v2\/posts\/350561\/revisions"}],"wp:featuredmedia":[{"embeddable":true,"href":"https:\/\/blogdofarnesio.com.br\/index.php?rest_route=\/wp\/v2\/media\/317379"}],"wp:attachment":[{"href":"https:\/\/blogdofarnesio.com.br\/index.php?rest_route=%2Fwp%2Fv2%2Fmedia&parent=350561"}],"wp:term":[{"taxonomy":"category","embeddable":true,"href":"https:\/\/blogdofarnesio.com.br\/index.php?rest_route=%2Fwp%2Fv2%2Fcategories&post=350561"},{"taxonomy":"post_tag","embeddable":true,"href":"https:\/\/blogdofarnesio.com.br\/index.php?rest_route=%2Fwp%2Fv2%2Ftags&post=350561"}],"curies":[{"name":"wp","href":"https:\/\/api.w.org\/{rel}","templated":true}]}}