{"id":350535,"date":"2023-09-19T12:04:19","date_gmt":"2023-09-19T15:04:19","guid":{"rendered":"https:\/\/blogdofarnesio.com.br\/?p=350535"},"modified":"2023-09-19T10:04:47","modified_gmt":"2023-09-19T13:04:47","slug":"nota-de-repudio-a-univasf-e-apoio-a-professora-ana-luisa-araujo-de-oliveira","status":"publish","type":"post","link":"https:\/\/blogdofarnesio.com.br\/?p=350535","title":{"rendered":"NOTA DE REP\u00daDIO \u00c0 UNIVASF E APOIO \u00c0 PROFESSORA ANA LU\u00cdSA ARA\u00daJO DE OLIVEIRA"},"content":{"rendered":"<div class=\"itemHeader\">O Brasil foi o \u00faltimo pa\u00eds a abolir a escravid\u00e3o nas Am\u00e9ricas, sem medidas reparat\u00f3rias junto ao povo negro, j\u00e1 que o destino que a branquitude projetou a ele era o exterm\u00ednio eugenista.<\/div>\n<div class=\"itemBody\">\n<div class=\"itemFullText\">\n<p>Mais de um s\u00e9culo depois, t\u00edmidas (mas importantes) medidas de repara\u00e7\u00e3o foram tomadas, a exemplo das cotas raciais em concursos p\u00fablicos, mas sua implementa\u00e7\u00e3o segue sendo um desafio que esbarra na cultura racista do nosso pa\u00eds.<\/p>\n<p>Toda universidade brasileira tem seu resqu\u00edcio de engenho: convivemos com trabalhadoras terceirizadas com contratos que, de t\u00e3o prec\u00e1rios, as colocam muitas vezes em trabalho an\u00e1logo \u00e0 escravid\u00e3o.<\/p>\n<p>A produ\u00e7\u00e3o de conhecimento favorece conte\u00fados euroc\u00eantricos, bem como os crit\u00e9rios de avalia\u00e7\u00e3o. A intelectualidade negra \u00e9 secundarizada e contestada a todo momento, inclusive, no caso da professora Ana Lu\u00edsa Ara\u00fajo de Oliveira, relacionado \u00e0 execu\u00e7\u00e3o do concurso p\u00fablico via pol\u00edtica de cotas.<\/p>\n<p>A professora em quest\u00e3o, mais que doutora em Desenvolvimento Rural pela Universidade Federal do Rio Grande do Sul: \u00e9 uma refer\u00eancia no movimento ecossocialista. Apesar de sua densa trajet\u00f3ria, sua expertise tem sido contestada pela UNIVASF ao arrepio da lei.<\/p>\n<p>Apesar de ser doutora dentro de um programa de p\u00f3s-gradua\u00e7\u00e3o com nota CAPES 6, sua titula\u00e7\u00e3o foi questionada pela UNIVASF (Universidade Federal do Vale do S\u00e3o Francisco).<\/p>\n<p>O Conselho Universit\u00e1rio (Consuni) da pr\u00f3pria institui\u00e7\u00e3o concluiu que sua titula\u00e7\u00e3o est\u00e1 em conformidade com as exig\u00eancias do cargo, mas a universidade ignorou a posi\u00e7\u00e3o do conselho, demonstrando que sua real quest\u00e3o n\u00e3o \u00e9 a preocupa\u00e7\u00e3o com a qualidade do ensino, mas a indisposi\u00e7\u00e3o de executar a pol\u00edtica de cotas raciais para concurso docente.<\/p>\n<p>Salientamos que 56,1% da popula\u00e7\u00e3o brasileira \u00e9 negra, segundo o IBGE (2022). \u00c9 not\u00f3rio que a quest\u00e3o do campo \u00e9 uma quest\u00e3o do negro, ind\u00edgena e quilombola no Brasil. Se as universidades brasileiras quiserem pesquisar e apontar sa\u00eddas para o desenvolvimento rural em nosso pa\u00eds, tais segmentos precisam ser inclu\u00eddos na produ\u00e7\u00e3o de conhecimento para que pautem pol\u00edticas p\u00fablicas.<\/p>\n<p>Desta forma, a posi\u00e7\u00e3o da administra\u00e7\u00e3o da UNIVASF, al\u00e9m de racista, \u00e9 autorit\u00e1ria, j\u00e1 que desconsidera a decis\u00e3o do Conselho Universit\u00e1rio, que reconhece a validade do t\u00edtulo de doutorado da professora. Al\u00e9m disso, a UNIVASF busca retirar da produ\u00e7\u00e3o de conhecimento e do ensino os sujeitos envolvidos na quest\u00e3o da terra no Brasil.<\/p>\n<p>A Associa\u00e7\u00e3o dos Docentes da UFMT (Adufmat-Ssind) defende a democracia. Temos um projeto de universidade antirracista e socialmente referenciada; pautamos a resolu\u00e7\u00e3o dos conflitos do campo no Brasil em favor dos e das trabalhadoras e, diante desses princ\u00edpios, vimos a p\u00fablico defender a cadeira conquistada pela professora Ana Lu\u00edsa Ara\u00fajo de Oliveira.<\/p>\n<p>&nbsp;<\/p>\n<p>&nbsp;<\/p>\n<p>Cuiab\u00e1, 18 de setembro de 2023<\/p>\n<p>Diretoria da Adufmat-Ssind<\/p>\n<p>Gest\u00e3o Lutar e Mudar as Coisas nos Interessa Mais<\/p>\n<\/div>\n<\/div>\n","protected":false},"excerpt":{"rendered":"<p>O Brasil foi o \u00faltimo pa\u00eds a abolir a escravid\u00e3o nas Am\u00e9ricas, sem medidas reparat\u00f3rias junto ao povo negro, j\u00e1 que o destino que a branquitude projetou a ele era o exterm\u00ednio eugenista. Mais de um s\u00e9culo depois, t\u00edmidas (mas importantes) medidas de repara\u00e7\u00e3o foram tomadas, a exemplo das cotas raciais em concursos p\u00fablicos, mas sua implementa\u00e7\u00e3o segue sendo um desafio que esbarra na cultura racista do nosso pa\u00eds. Toda universidade brasileira tem seu resqu\u00edcio de engenho: convivemos com trabalhadoras terceirizadas com contratos que, de t\u00e3o prec\u00e1rios, as colocam muitas vezes em trabalho an\u00e1logo \u00e0 escravid\u00e3o. A produ\u00e7\u00e3o de conhecimento favorece conte\u00fados euroc\u00eantricos, bem como os crit\u00e9rios de avalia\u00e7\u00e3o. A intelectualidade negra \u00e9 secundarizada e contestada a todo momento, inclusive,&hellip; <\/p>\n","protected":false},"author":2,"featured_media":160507,"comment_status":"open","ping_status":"open","sticky":false,"template":"","format":"standard","meta":{"_acf_changed":false,"footnotes":""},"categories":[30],"tags":[],"class_list":["post-350535","post","type-post","status-publish","format-standard","has-post-thumbnail","hentry","category-artigo"],"acf":[],"yoast_head":"<!-- This site is optimized with the Yoast SEO plugin v27.4 - https:\/\/yoast.com\/product\/yoast-seo-wordpress\/ -->\n<title>NOTA DE REP\u00daDIO \u00c0 UNIVASF E APOIO \u00c0 PROFESSORA ANA LU\u00cdSA ARA\u00daJO DE OLIVEIRA - Blog do Farn\u00e9sio<\/title>\n<meta name=\"robots\" content=\"index, follow, max-snippet:-1, max-image-preview:large, max-video-preview:-1\" \/>\n<link rel=\"canonical\" href=\"https:\/\/blogdofarnesio.com.br\/?p=350535\" \/>\n<meta property=\"og:locale\" content=\"pt_BR\" \/>\n<meta property=\"og:type\" content=\"article\" \/>\n<meta property=\"og:title\" content=\"NOTA DE REP\u00daDIO \u00c0 UNIVASF E APOIO \u00c0 PROFESSORA ANA LU\u00cdSA ARA\u00daJO DE OLIVEIRA - Blog do Farn\u00e9sio\" \/>\n<meta property=\"og:description\" content=\"O Brasil foi o \u00faltimo pa\u00eds a abolir a escravid\u00e3o nas Am\u00e9ricas, sem medidas reparat\u00f3rias junto ao povo negro, j\u00e1 que o destino que a branquitude projetou a ele era o exterm\u00ednio eugenista. Mais de um s\u00e9culo depois, t\u00edmidas (mas importantes) medidas de repara\u00e7\u00e3o foram tomadas, a exemplo das cotas raciais em concursos p\u00fablicos, mas sua implementa\u00e7\u00e3o segue sendo um desafio que esbarra na cultura racista do nosso pa\u00eds. Toda universidade brasileira tem seu resqu\u00edcio de engenho: convivemos com trabalhadoras terceirizadas com contratos que, de t\u00e3o prec\u00e1rios, as colocam muitas vezes em trabalho an\u00e1logo \u00e0 escravid\u00e3o. A produ\u00e7\u00e3o de conhecimento favorece conte\u00fados euroc\u00eantricos, bem como os crit\u00e9rios de avalia\u00e7\u00e3o. A intelectualidade negra \u00e9 secundarizada e contestada a todo momento, inclusive,&hellip;\" \/>\n<meta property=\"og:url\" content=\"https:\/\/blogdofarnesio.com.br\/?p=350535\" \/>\n<meta property=\"og:site_name\" content=\"Blog do Farn\u00e9sio\" \/>\n<meta property=\"article:publisher\" content=\"https:\/\/www.facebook.com\/BlogQuerSaberPolitica\/\" \/>\n<meta property=\"article:author\" content=\"https:\/\/www.facebook.com\/?ref=tn_tnmn\" \/>\n<meta property=\"article:published_time\" content=\"2023-09-19T15:04:19+00:00\" \/>\n<meta property=\"og:image\" content=\"https:\/\/blogdofarnesio.com.br\/wp-content\/uploads\/2017\/03\/blogqspnotarepudio..png\" \/>\n\t<meta property=\"og:image:width\" content=\"480\" \/>\n\t<meta property=\"og:image:height\" content=\"264\" \/>\n\t<meta property=\"og:image:type\" content=\"image\/png\" \/>\n<meta name=\"author\" content=\"Farn\u00e9sio\" \/>\n<meta name=\"twitter:card\" content=\"summary_large_image\" \/>\n<meta name=\"twitter:label1\" content=\"Escrito por\" \/>\n\t<meta name=\"twitter:data1\" content=\"Farn\u00e9sio\" \/>\n\t<meta name=\"twitter:label2\" content=\"Est. tempo de leitura\" \/>\n\t<meta name=\"twitter:data2\" content=\"3 minutos\" \/>\n<script type=\"application\/ld+json\" class=\"yoast-schema-graph\">{\"@context\":\"https:\\\/\\\/schema.org\",\"@graph\":[{\"@type\":\"Article\",\"@id\":\"https:\\\/\\\/blogdofarnesio.com.br\\\/?p=350535#article\",\"isPartOf\":{\"@id\":\"https:\\\/\\\/blogdofarnesio.com.br\\\/?p=350535\"},\"author\":{\"name\":\"Farn\u00e9sio\",\"@id\":\"https:\\\/\\\/blogdofarnesio.com.br\\\/#\\\/schema\\\/person\\\/bb9b23ae3ad0609ce8df7b6c9e76824d\"},\"headline\":\"NOTA DE REP\u00daDIO \u00c0 UNIVASF E APOIO \u00c0 PROFESSORA ANA LU\u00cdSA ARA\u00daJO DE OLIVEIRA\",\"datePublished\":\"2023-09-19T15:04:19+00:00\",\"mainEntityOfPage\":{\"@id\":\"https:\\\/\\\/blogdofarnesio.com.br\\\/?p=350535\"},\"wordCount\":517,\"commentCount\":0,\"publisher\":{\"@id\":\"https:\\\/\\\/blogdofarnesio.com.br\\\/#organization\"},\"image\":{\"@id\":\"https:\\\/\\\/blogdofarnesio.com.br\\\/?p=350535#primaryimage\"},\"thumbnailUrl\":\"https:\\\/\\\/blogdofarnesio.com.br\\\/wp-content\\\/uploads\\\/2017\\\/03\\\/blogqspnotarepudio..png\",\"articleSection\":[\"Artigo\"],\"inLanguage\":\"pt-BR\",\"potentialAction\":[{\"@type\":\"CommentAction\",\"name\":\"Comment\",\"target\":[\"https:\\\/\\\/blogdofarnesio.com.br\\\/?p=350535#respond\"]}]},{\"@type\":\"WebPage\",\"@id\":\"https:\\\/\\\/blogdofarnesio.com.br\\\/?p=350535\",\"url\":\"https:\\\/\\\/blogdofarnesio.com.br\\\/?p=350535\",\"name\":\"NOTA DE REP\u00daDIO \u00c0 UNIVASF E APOIO \u00c0 PROFESSORA ANA LU\u00cdSA ARA\u00daJO DE OLIVEIRA - Blog do Farn\u00e9sio\",\"isPartOf\":{\"@id\":\"https:\\\/\\\/blogdofarnesio.com.br\\\/#website\"},\"primaryImageOfPage\":{\"@id\":\"https:\\\/\\\/blogdofarnesio.com.br\\\/?p=350535#primaryimage\"},\"image\":{\"@id\":\"https:\\\/\\\/blogdofarnesio.com.br\\\/?p=350535#primaryimage\"},\"thumbnailUrl\":\"https:\\\/\\\/blogdofarnesio.com.br\\\/wp-content\\\/uploads\\\/2017\\\/03\\\/blogqspnotarepudio..png\",\"datePublished\":\"2023-09-19T15:04:19+00:00\",\"breadcrumb\":{\"@id\":\"https:\\\/\\\/blogdofarnesio.com.br\\\/?p=350535#breadcrumb\"},\"inLanguage\":\"pt-BR\",\"potentialAction\":[{\"@type\":\"ReadAction\",\"target\":[\"https:\\\/\\\/blogdofarnesio.com.br\\\/?p=350535\"]}]},{\"@type\":\"ImageObject\",\"inLanguage\":\"pt-BR\",\"@id\":\"https:\\\/\\\/blogdofarnesio.com.br\\\/?p=350535#primaryimage\",\"url\":\"https:\\\/\\\/blogdofarnesio.com.br\\\/wp-content\\\/uploads\\\/2017\\\/03\\\/blogqspnotarepudio..png\",\"contentUrl\":\"https:\\\/\\\/blogdofarnesio.com.br\\\/wp-content\\\/uploads\\\/2017\\\/03\\\/blogqspnotarepudio..png\",\"width\":480,\"height\":264},{\"@type\":\"BreadcrumbList\",\"@id\":\"https:\\\/\\\/blogdofarnesio.com.br\\\/?p=350535#breadcrumb\",\"itemListElement\":[{\"@type\":\"ListItem\",\"position\":1,\"name\":\"In\u00edcio\",\"item\":\"https:\\\/\\\/blogdofarnesio.com.br\\\/\"},{\"@type\":\"ListItem\",\"position\":2,\"name\":\"NOTA DE REP\u00daDIO \u00c0 UNIVASF E APOIO \u00c0 PROFESSORA ANA LU\u00cdSA ARA\u00daJO DE OLIVEIRA\"}]},{\"@type\":\"WebSite\",\"@id\":\"https:\\\/\\\/blogdofarnesio.com.br\\\/#website\",\"url\":\"https:\\\/\\\/blogdofarnesio.com.br\\\/\",\"name\":\"Blog do Farn\u00e9sio\",\"description\":\"Quer Saber Pol\u00edtica?\",\"publisher\":{\"@id\":\"https:\\\/\\\/blogdofarnesio.com.br\\\/#organization\"},\"potentialAction\":[{\"@type\":\"SearchAction\",\"target\":{\"@type\":\"EntryPoint\",\"urlTemplate\":\"https:\\\/\\\/blogdofarnesio.com.br\\\/?s={search_term_string}\"},\"query-input\":{\"@type\":\"PropertyValueSpecification\",\"valueRequired\":true,\"valueName\":\"search_term_string\"}}],\"inLanguage\":\"pt-BR\"},{\"@type\":\"Organization\",\"@id\":\"https:\\\/\\\/blogdofarnesio.com.br\\\/#organization\",\"name\":\"Blog do Farn\u00e9sio\",\"url\":\"https:\\\/\\\/blogdofarnesio.com.br\\\/\",\"logo\":{\"@type\":\"ImageObject\",\"inLanguage\":\"pt-BR\",\"@id\":\"https:\\\/\\\/blogdofarnesio.com.br\\\/#\\\/schema\\\/logo\\\/image\\\/\",\"url\":\"https:\\\/\\\/blogdofarnesio.com.br\\\/wp-content\\\/uploads\\\/2026\\\/03\\\/cropped-logo_new-1.png\",\"contentUrl\":\"https:\\\/\\\/blogdofarnesio.com.br\\\/wp-content\\\/uploads\\\/2026\\\/03\\\/cropped-logo_new-1.png\",\"width\":881,\"height\":685,\"caption\":\"Blog do Farn\u00e9sio\"},\"image\":{\"@id\":\"https:\\\/\\\/blogdofarnesio.com.br\\\/#\\\/schema\\\/logo\\\/image\\\/\"},\"sameAs\":[\"https:\\\/\\\/www.facebook.com\\\/BlogQuerSaberPolitica\\\/\"]},{\"@type\":\"Person\",\"@id\":\"https:\\\/\\\/blogdofarnesio.com.br\\\/#\\\/schema\\\/person\\\/bb9b23ae3ad0609ce8df7b6c9e76824d\",\"name\":\"Farn\u00e9sio\",\"image\":{\"@type\":\"ImageObject\",\"inLanguage\":\"pt-BR\",\"@id\":\"https:\\\/\\\/secure.gravatar.com\\\/avatar\\\/986aa4c61ccdb66f8555bf88fc2a65609d00bcabd4d2d94377a727547345cbca?s=96&d=mm&r=g\",\"url\":\"https:\\\/\\\/secure.gravatar.com\\\/avatar\\\/986aa4c61ccdb66f8555bf88fc2a65609d00bcabd4d2d94377a727547345cbca?s=96&d=mm&r=g\",\"contentUrl\":\"https:\\\/\\\/secure.gravatar.com\\\/avatar\\\/986aa4c61ccdb66f8555bf88fc2a65609d00bcabd4d2d94377a727547345cbca?s=96&d=mm&r=g\",\"caption\":\"Farn\u00e9sio\"},\"description\":\"Radialista blogueiro, chegou a Petrolina\\\/Juazeiro em setembro de 1980, Farn\u00e9sio Silva \u00e9 de Arapiraca-Alagoas.\",\"sameAs\":[\"http:\\\/\\\/blogdofarnesio.com.br\",\"https:\\\/\\\/www.facebook.com\\\/?ref=tn_tnmn\",\"https:\\\/\\\/www.instagram.com\\\/?utm_source=pwa_homescreen\",\"https:\\\/\\\/youtube.com.br\\\/\"],\"url\":\"https:\\\/\\\/blogdofarnesio.com.br\\\/?author=2\"}]}<\/script>\n<!-- \/ Yoast SEO plugin. -->","yoast_head_json":{"title":"NOTA DE REP\u00daDIO \u00c0 UNIVASF E APOIO \u00c0 PROFESSORA ANA LU\u00cdSA ARA\u00daJO DE OLIVEIRA - Blog do Farn\u00e9sio","robots":{"index":"index","follow":"follow","max-snippet":"max-snippet:-1","max-image-preview":"max-image-preview:large","max-video-preview":"max-video-preview:-1"},"canonical":"https:\/\/blogdofarnesio.com.br\/?p=350535","og_locale":"pt_BR","og_type":"article","og_title":"NOTA DE REP\u00daDIO \u00c0 UNIVASF E APOIO \u00c0 PROFESSORA ANA LU\u00cdSA ARA\u00daJO DE OLIVEIRA - Blog do Farn\u00e9sio","og_description":"O Brasil foi o \u00faltimo pa\u00eds a abolir a escravid\u00e3o nas Am\u00e9ricas, sem medidas reparat\u00f3rias junto ao povo negro, j\u00e1 que o destino que a branquitude projetou a ele era o exterm\u00ednio eugenista. Mais de um s\u00e9culo depois, t\u00edmidas (mas importantes) medidas de repara\u00e7\u00e3o foram tomadas, a exemplo das cotas raciais em concursos p\u00fablicos, mas sua implementa\u00e7\u00e3o segue sendo um desafio que esbarra na cultura racista do nosso pa\u00eds. Toda universidade brasileira tem seu resqu\u00edcio de engenho: convivemos com trabalhadoras terceirizadas com contratos que, de t\u00e3o prec\u00e1rios, as colocam muitas vezes em trabalho an\u00e1logo \u00e0 escravid\u00e3o. A produ\u00e7\u00e3o de conhecimento favorece conte\u00fados euroc\u00eantricos, bem como os crit\u00e9rios de avalia\u00e7\u00e3o. A intelectualidade negra \u00e9 secundarizada e contestada a todo momento, inclusive,&hellip;","og_url":"https:\/\/blogdofarnesio.com.br\/?p=350535","og_site_name":"Blog do Farn\u00e9sio","article_publisher":"https:\/\/www.facebook.com\/BlogQuerSaberPolitica\/","article_author":"https:\/\/www.facebook.com\/?ref=tn_tnmn","article_published_time":"2023-09-19T15:04:19+00:00","og_image":[{"width":480,"height":264,"url":"https:\/\/blogdofarnesio.com.br\/wp-content\/uploads\/2017\/03\/blogqspnotarepudio..png","type":"image\/png"}],"author":"Farn\u00e9sio","twitter_card":"summary_large_image","twitter_misc":{"Escrito por":"Farn\u00e9sio","Est. tempo de leitura":"3 minutos"},"schema":{"@context":"https:\/\/schema.org","@graph":[{"@type":"Article","@id":"https:\/\/blogdofarnesio.com.br\/?p=350535#article","isPartOf":{"@id":"https:\/\/blogdofarnesio.com.br\/?p=350535"},"author":{"name":"Farn\u00e9sio","@id":"https:\/\/blogdofarnesio.com.br\/#\/schema\/person\/bb9b23ae3ad0609ce8df7b6c9e76824d"},"headline":"NOTA DE REP\u00daDIO \u00c0 UNIVASF E APOIO \u00c0 PROFESSORA ANA LU\u00cdSA ARA\u00daJO DE OLIVEIRA","datePublished":"2023-09-19T15:04:19+00:00","mainEntityOfPage":{"@id":"https:\/\/blogdofarnesio.com.br\/?p=350535"},"wordCount":517,"commentCount":0,"publisher":{"@id":"https:\/\/blogdofarnesio.com.br\/#organization"},"image":{"@id":"https:\/\/blogdofarnesio.com.br\/?p=350535#primaryimage"},"thumbnailUrl":"https:\/\/blogdofarnesio.com.br\/wp-content\/uploads\/2017\/03\/blogqspnotarepudio..png","articleSection":["Artigo"],"inLanguage":"pt-BR","potentialAction":[{"@type":"CommentAction","name":"Comment","target":["https:\/\/blogdofarnesio.com.br\/?p=350535#respond"]}]},{"@type":"WebPage","@id":"https:\/\/blogdofarnesio.com.br\/?p=350535","url":"https:\/\/blogdofarnesio.com.br\/?p=350535","name":"NOTA DE REP\u00daDIO \u00c0 UNIVASF E APOIO \u00c0 PROFESSORA ANA LU\u00cdSA ARA\u00daJO DE OLIVEIRA - Blog do Farn\u00e9sio","isPartOf":{"@id":"https:\/\/blogdofarnesio.com.br\/#website"},"primaryImageOfPage":{"@id":"https:\/\/blogdofarnesio.com.br\/?p=350535#primaryimage"},"image":{"@id":"https:\/\/blogdofarnesio.com.br\/?p=350535#primaryimage"},"thumbnailUrl":"https:\/\/blogdofarnesio.com.br\/wp-content\/uploads\/2017\/03\/blogqspnotarepudio..png","datePublished":"2023-09-19T15:04:19+00:00","breadcrumb":{"@id":"https:\/\/blogdofarnesio.com.br\/?p=350535#breadcrumb"},"inLanguage":"pt-BR","potentialAction":[{"@type":"ReadAction","target":["https:\/\/blogdofarnesio.com.br\/?p=350535"]}]},{"@type":"ImageObject","inLanguage":"pt-BR","@id":"https:\/\/blogdofarnesio.com.br\/?p=350535#primaryimage","url":"https:\/\/blogdofarnesio.com.br\/wp-content\/uploads\/2017\/03\/blogqspnotarepudio..png","contentUrl":"https:\/\/blogdofarnesio.com.br\/wp-content\/uploads\/2017\/03\/blogqspnotarepudio..png","width":480,"height":264},{"@type":"BreadcrumbList","@id":"https:\/\/blogdofarnesio.com.br\/?p=350535#breadcrumb","itemListElement":[{"@type":"ListItem","position":1,"name":"In\u00edcio","item":"https:\/\/blogdofarnesio.com.br\/"},{"@type":"ListItem","position":2,"name":"NOTA DE REP\u00daDIO \u00c0 UNIVASF E APOIO \u00c0 PROFESSORA ANA LU\u00cdSA ARA\u00daJO DE OLIVEIRA"}]},{"@type":"WebSite","@id":"https:\/\/blogdofarnesio.com.br\/#website","url":"https:\/\/blogdofarnesio.com.br\/","name":"Blog do Farn\u00e9sio","description":"Quer Saber Pol\u00edtica?","publisher":{"@id":"https:\/\/blogdofarnesio.com.br\/#organization"},"potentialAction":[{"@type":"SearchAction","target":{"@type":"EntryPoint","urlTemplate":"https:\/\/blogdofarnesio.com.br\/?s={search_term_string}"},"query-input":{"@type":"PropertyValueSpecification","valueRequired":true,"valueName":"search_term_string"}}],"inLanguage":"pt-BR"},{"@type":"Organization","@id":"https:\/\/blogdofarnesio.com.br\/#organization","name":"Blog do Farn\u00e9sio","url":"https:\/\/blogdofarnesio.com.br\/","logo":{"@type":"ImageObject","inLanguage":"pt-BR","@id":"https:\/\/blogdofarnesio.com.br\/#\/schema\/logo\/image\/","url":"https:\/\/blogdofarnesio.com.br\/wp-content\/uploads\/2026\/03\/cropped-logo_new-1.png","contentUrl":"https:\/\/blogdofarnesio.com.br\/wp-content\/uploads\/2026\/03\/cropped-logo_new-1.png","width":881,"height":685,"caption":"Blog do Farn\u00e9sio"},"image":{"@id":"https:\/\/blogdofarnesio.com.br\/#\/schema\/logo\/image\/"},"sameAs":["https:\/\/www.facebook.com\/BlogQuerSaberPolitica\/"]},{"@type":"Person","@id":"https:\/\/blogdofarnesio.com.br\/#\/schema\/person\/bb9b23ae3ad0609ce8df7b6c9e76824d","name":"Farn\u00e9sio","image":{"@type":"ImageObject","inLanguage":"pt-BR","@id":"https:\/\/secure.gravatar.com\/avatar\/986aa4c61ccdb66f8555bf88fc2a65609d00bcabd4d2d94377a727547345cbca?s=96&d=mm&r=g","url":"https:\/\/secure.gravatar.com\/avatar\/986aa4c61ccdb66f8555bf88fc2a65609d00bcabd4d2d94377a727547345cbca?s=96&d=mm&r=g","contentUrl":"https:\/\/secure.gravatar.com\/avatar\/986aa4c61ccdb66f8555bf88fc2a65609d00bcabd4d2d94377a727547345cbca?s=96&d=mm&r=g","caption":"Farn\u00e9sio"},"description":"Radialista blogueiro, chegou a Petrolina\/Juazeiro em setembro de 1980, Farn\u00e9sio Silva \u00e9 de Arapiraca-Alagoas.","sameAs":["http:\/\/blogdofarnesio.com.br","https:\/\/www.facebook.com\/?ref=tn_tnmn","https:\/\/www.instagram.com\/?utm_source=pwa_homescreen","https:\/\/youtube.com.br\/"],"url":"https:\/\/blogdofarnesio.com.br\/?author=2"}]}},"_links":{"self":[{"href":"https:\/\/blogdofarnesio.com.br\/index.php?rest_route=\/wp\/v2\/posts\/350535","targetHints":{"allow":["GET"]}}],"collection":[{"href":"https:\/\/blogdofarnesio.com.br\/index.php?rest_route=\/wp\/v2\/posts"}],"about":[{"href":"https:\/\/blogdofarnesio.com.br\/index.php?rest_route=\/wp\/v2\/types\/post"}],"author":[{"embeddable":true,"href":"https:\/\/blogdofarnesio.com.br\/index.php?rest_route=\/wp\/v2\/users\/2"}],"replies":[{"embeddable":true,"href":"https:\/\/blogdofarnesio.com.br\/index.php?rest_route=%2Fwp%2Fv2%2Fcomments&post=350535"}],"version-history":[{"count":0,"href":"https:\/\/blogdofarnesio.com.br\/index.php?rest_route=\/wp\/v2\/posts\/350535\/revisions"}],"wp:featuredmedia":[{"embeddable":true,"href":"https:\/\/blogdofarnesio.com.br\/index.php?rest_route=\/wp\/v2\/media\/160507"}],"wp:attachment":[{"href":"https:\/\/blogdofarnesio.com.br\/index.php?rest_route=%2Fwp%2Fv2%2Fmedia&parent=350535"}],"wp:term":[{"taxonomy":"category","embeddable":true,"href":"https:\/\/blogdofarnesio.com.br\/index.php?rest_route=%2Fwp%2Fv2%2Fcategories&post=350535"},{"taxonomy":"post_tag","embeddable":true,"href":"https:\/\/blogdofarnesio.com.br\/index.php?rest_route=%2Fwp%2Fv2%2Ftags&post=350535"}],"curies":[{"name":"wp","href":"https:\/\/api.w.org\/{rel}","templated":true}]}}