{"id":350511,"date":"2023-09-19T11:44:21","date_gmt":"2023-09-19T14:44:21","guid":{"rendered":"https:\/\/blogdofarnesio.com.br\/?p=350511"},"modified":"2023-09-19T10:02:04","modified_gmt":"2023-09-19T13:02:04","slug":"cameras-corporais-como-funcionam-os-dispositivos-que-estao-transformando-a-realidade-da-seguranca-publica","status":"publish","type":"post","link":"https:\/\/blogdofarnesio.com.br\/?p=350511","title":{"rendered":"C\u00e2meras corporais: como funcionam os dispositivos que est\u00e3o transformando a realidade da seguran\u00e7a p\u00fablica"},"content":{"rendered":"<p><i>A Axon Body 3, dispositivo que est\u00e1 em uso pela PM de S\u00e3o Paulo desde 2020, contribui para melhora nos \u00edndices de seguran\u00e7a do estado<\/i><\/p>\n<div>\n<p>A\u00a0<strong>Axon<\/strong>, l\u00edder mundial em solu\u00e7\u00f5es de tecnologia para seguran\u00e7a p\u00fablica, \u00e9 a criadora da tecnologia por tr\u00e1s das c\u00e2meras corporais Axon Body 3, usadas pela Pol\u00edcia Militar do estado de S\u00e3o Paulo, no programa Olho Vivo. Um estudo realizado pelo F\u00f3rum Brasileiro de Seguran\u00e7a P\u00fablica (FBSP) em parceria com o Fundo das Na\u00e7\u00f5es Unidas para a Inf\u00e2ncia (Unicef) identificou que ap\u00f3s o in\u00edcio do programa, em 2020, os \u00edndices de letalidade das abordagens policiais teve dr\u00e1stica redu\u00e7\u00e3o &#8211; assim como o n\u00famero de agentes mortos durante o trabalho.<\/p>\n<p>Publicado em maio de 2023, o estudo &#8220;<a href=\"https:\/\/forumseguranca.org.br\/wp-content\/uploads\/2023\/05\/cameras-corporais-pmesp-sumario-executivo.pdf\" target=\"_blank\" rel=\"noopener\" data-saferedirecturl=\"https:\/\/www.google.com\/url?q=https:\/\/forumseguranca.org.br\/wp-content\/uploads\/2023\/05\/cameras-corporais-pmesp-sumario-executivo.pdf&amp;source=gmail&amp;ust=1695157436108000&amp;usg=AOvVaw1f0nZ5YFOFjdr-qKh7UgLS\">As c\u00e2meras corporais na Pol\u00edcia Militar do Estado de S\u00e3o Paulo: processo de implementa\u00e7\u00e3o e impacto nas mortes de adolescentes<\/a>&#8221; indicou que o n\u00famero de PMs v\u00edtimas de homic\u00eddio no hor\u00e1rio de trabalho passou de 14, em 2019 (ano imediatamente anterior \u00e0 implementa\u00e7\u00e3o do uso das bodycams), para 6, em 2022 &#8211; redu\u00e7\u00e3o de mais de 42%.<\/p>\n<p>O uso das c\u00e2meras e a grava\u00e7\u00e3o de todas as opera\u00e7\u00f5es realizadas pelos policiais que contam com o dispositivo tamb\u00e9m teve impacto nos \u00edndices de den\u00fancias de corrup\u00e7\u00e3o e concuss\u00e3o. Isso porque, com as imagens, \u00e9 poss\u00edvel verificar a conduta dos policiais e assegurar o cumprimento de procedimentos. Dessa forma, fica mais dif\u00edcil tentar apresentar vers\u00f5es alternativas aos fatos e, assim, as falsas den\u00fancias perdem for\u00e7a. O estudo do FBSP identificou redu\u00e7\u00e3o de 37,5% no n\u00famero de queixas dessa natureza registradas pela Corregedoria da PMESP em 2022 em compara\u00e7\u00e3o a 2019. J\u00e1 as den\u00fancias de concuss\u00e3o e corrup\u00e7\u00e3o registradas pela Ouvidoria das Pol\u00edcias tiveram redu\u00e7\u00e3o de 55,3%.<\/p>\n<p>Dados do sistema Letalidade Policial em Foco, mantido pelo Grupo de Atua\u00e7\u00e3o Especial de Controle Externo da Atividade Policial (GECEP) do Minist\u00e9rio P\u00fablico do Estado de S\u00e3o Paulo (MPSP), indicam que o \u00edndice de mortes decorrentes de a\u00e7\u00f5es de policiais militares em servi\u00e7o caiu 62,7% entre 2019, per\u00edodo imediatamente anterior \u00e0 implementa\u00e7\u00e3o das c\u00e2meras, e 2022. Batalh\u00f5es participantes do programa Olho Vivo tiveram redu\u00e7\u00e3o de 76,2%, contra 33,3% nos batalh\u00f5es que n\u00e3o utilizam as c\u00e2meras corporais.<\/p>\n<p>Mas a simples utiliza\u00e7\u00e3o de c\u00e2meras no fardamento n\u00e3o \u00e9 suficiente para explicar a mudan\u00e7a nos dados de seguran\u00e7a p\u00fablica. O estudo do FBSP tamb\u00e9m destaca que \u00e9 preciso que os equipamentos tenham especifica\u00e7\u00f5es t\u00e9cnicas que garantam o bom funcionamento, o registro adequado das imagens e a seguran\u00e7a das grava\u00e7\u00f5es. Com uma s\u00e9rie de recursos inovadores, a Axon Body 3 permite a captura de evid\u00eancias visuais e \u00e1udio de alta qualidade durante as opera\u00e7\u00f5es.<\/p>\n<p><strong>Qualidade dos registros e resist\u00eancia<\/strong><\/p>\n<p>A Axon Body 3 possui uma lente de alta defini\u00e7\u00e3o que captura imagens n\u00edtidas e detalhadas, garantindo a clareza das evid\u00eancias visuais. Usada pelos policiais afixada no fardamento na regi\u00e3o central do t\u00f3rax, a c\u00e2mera conta com tecnologia de estabiliza\u00e7\u00e3o de imagem, que reduz o impacto de movimentos bruscos, garantindo que as grava\u00e7\u00f5es permane\u00e7am claras e est\u00e1veis, mesmo em situa\u00e7\u00f5es de alta intensidade. O sistema de \u00e1udio integrado na c\u00e2mera permite a grava\u00e7\u00e3o de \u00e1udio de alta qualidade, capturando com precis\u00e3o as intera\u00e7\u00f5es e comunica\u00e7\u00f5es durante as opera\u00e7\u00f5es.<\/p>\n<p>A c\u00e2mera foi projetada para garantir a captura de imagens e \u00e1udio da forma mais semelhante aos captados pelos sentidos humanos. Sua angulatura \u00e9 parecida com ao campo de vis\u00e3o de uma pessoa, assim como sua sensibilidade \u00e0 luz. Essa similaridade com o que os policiais efetivamente observam durante o desempenho de suas fun\u00e7\u00f5es \u00e9 fundamental para constituir evid\u00eancias das abordagens da forma mais fiel ao que ocorreu na pr\u00e1tica.<\/p>\n<p>&#8220;Nossas c\u00e2meras n\u00e3o t\u00eam vis\u00e3o noturna nem infravermelho porque os policiais que as utilizam tamb\u00e9m n\u00e3o t\u00eam. O objetivo das c\u00e2meras \u00e9 registrar o que o agente de seguran\u00e7a viu e viveu durante as abordagens&#8221;, explica Arthur Bernardes, Senior Account Advisor da Axon no Brasil.<\/p>\n<p>Para conseguir acompanhar a jornada dos agentes de seguran\u00e7a, a Axon Body 3 foi desenhada para suportar condi\u00e7\u00f5es adversas, sendo resistente \u00e0 \u00e1gua, poeira e impactos. Os suportes que prendem os equipamentos \u00e0s fardas dos policiais s\u00e3o compostos de \u00edm\u00e3s bastante resistentes, o que garante seu bom posicionamento e, consequentemente, a confiabilidade e a durabilidade durante as opera\u00e7\u00f5es.<\/p>\n<p><strong>Conectividade e transmiss\u00e3o em tempo real<\/strong><\/p>\n<p>Uma das caracter\u00edsticas que garantem o sucesso do programa Olho Vivo \u00e9 a capacidade da c\u00e2mera Axon Body 3 de realizar grava\u00e7\u00f5es ininterruptas por at\u00e9 12 horas seguidas. O agente de seguran\u00e7a n\u00e3o precisa iniciar a grava\u00e7\u00e3o, ela come\u00e7a imediatamente ap\u00f3s a coleta do equipamento em sua base de carregamento e s\u00f3 para de gravar quando volta a ser conectada para recarregar a bateria.<\/p>\n<p>A c\u00e2mera tamb\u00e9m tem suporte para conectividade Wi-Fi e LTE, o que permite a transmiss\u00e3o em tempo real das grava\u00e7\u00f5es para os centros de comando. Assim, quando o policial entender que pode precisar de apoio, ele tem a op\u00e7\u00e3o iniciar a transmiss\u00e3o das imagens para que o comando verifique sua localiza\u00e7\u00e3o, analise a situa\u00e7\u00e3o e lhe d\u00ea as orienta\u00e7\u00f5es necess\u00e1rias.<\/p>\n<p><strong>Armazenamento seguro e gerenciamento de dados<\/strong><\/p>\n<p>O principal diferencial da Axon Body 3 s\u00e3o seus recursos avan\u00e7ados de criptografia e sistema de gerenciamento de dados seguro. As imagens registradas pelas c\u00e2meras s\u00f3 s\u00e3o acessadas a partir da conex\u00e3o do equipamento em suas respectivas bases de carregamento de bateria. \u00c9 imposs\u00edvel extrair as imagens gravadas de qualquer outra maneira. Se, numa situa\u00e7\u00e3o hipot\u00e9tica, uma c\u00e2mera se perder ou for roubada, ningu\u00e9m conseguiria extrair dela qualquer informa\u00e7\u00e3o.<\/p>\n<p>Cada c\u00e2mera tem seu pr\u00f3prio c\u00f3digo, linkado com os dados do agente que a utilizou durante o expediente. Ao conectar o aparelho na base as imagens s\u00e3o automaticamente carregadas para o sistema de controle de evid\u00eancias eletr\u00f4nicas. Esse programa cataloga toda a\u00e7\u00e3o realizada sobre os v\u00eddeos: visualiza\u00e7\u00e3o, download do arquivo ou eventuais edi\u00e7\u00f5es nas imagens &#8211; e quem realizou cada uma das a\u00e7\u00f5es. Esse controle garante a integridade e a confidencialidade das evid\u00eancias coletadas.<\/p>\n<p>&#8220;A Axon Body 3 representa um avan\u00e7o significativo na captura de evid\u00eancias visuais para profissionais de seguran\u00e7a e aplica\u00e7\u00e3o da lei. Acreditamos que a c\u00e2mera corporal \u00e9 uma ferramenta essencial para os profissionais que protegem e servem nossas comunidades&#8221;, afirma Arthur Bernardes.<\/p>\n<p>Para mais informa\u00e7\u00f5es sobre a c\u00e2mera corporal Axon Body 3 e outras solu\u00e7\u00f5es da Axon, visite o site oficial em\u00a0<a href=\"http:\/\/www.axon.com\/\" target=\"_blank\" rel=\"noopener\" data-saferedirecturl=\"https:\/\/www.google.com\/url?q=http:\/\/www.axon.com&amp;source=gmail&amp;ust=1695157436108000&amp;usg=AOvVaw2E8EbDnqlyS-9360jH5UNt\">www.axon.com<\/a>.<\/p>\n<p><strong>Informa\u00e7\u00f5es para a Imprensa<\/strong><\/p>\n<\/div>\n","protected":false},"excerpt":{"rendered":"<p>A Axon Body 3, dispositivo que est\u00e1 em uso pela PM de S\u00e3o Paulo desde 2020, contribui para melhora nos \u00edndices de seguran\u00e7a do estado A\u00a0Axon, l\u00edder mundial em solu\u00e7\u00f5es de tecnologia para seguran\u00e7a p\u00fablica, \u00e9 a criadora da tecnologia por tr\u00e1s das c\u00e2meras corporais Axon Body 3, usadas pela Pol\u00edcia Militar do estado de S\u00e3o Paulo, no programa Olho Vivo. Um estudo realizado pelo F\u00f3rum Brasileiro de Seguran\u00e7a P\u00fablica (FBSP) em parceria com o Fundo das Na\u00e7\u00f5es Unidas para a Inf\u00e2ncia (Unicef) identificou que ap\u00f3s o in\u00edcio do programa, em 2020, os \u00edndices de letalidade das abordagens policiais teve dr\u00e1stica redu\u00e7\u00e3o &#8211; assim como o n\u00famero de agentes mortos durante o trabalho. Publicado em maio de 2023, o estudo&hellip; <\/p>\n","protected":false},"author":2,"featured_media":350512,"comment_status":"open","ping_status":"open","sticky":false,"template":"","format":"standard","meta":{"_acf_changed":false,"footnotes":""},"categories":[5],"tags":[],"class_list":["post-350511","post","type-post","status-publish","format-standard","has-post-thumbnail","hentry","category-seguranca"],"acf":[],"yoast_head":"<!-- This site is optimized with the Yoast SEO plugin v27.4 - https:\/\/yoast.com\/product\/yoast-seo-wordpress\/ -->\n<title>C\u00e2meras corporais: como funcionam os dispositivos que est\u00e3o transformando a realidade da seguran\u00e7a p\u00fablica - Blog do Farn\u00e9sio<\/title>\n<meta name=\"robots\" content=\"index, follow, max-snippet:-1, max-image-preview:large, max-video-preview:-1\" \/>\n<link rel=\"canonical\" href=\"https:\/\/blogdofarnesio.com.br\/?p=350511\" \/>\n<meta property=\"og:locale\" content=\"pt_BR\" \/>\n<meta property=\"og:type\" content=\"article\" \/>\n<meta property=\"og:title\" content=\"C\u00e2meras corporais: como funcionam os dispositivos que est\u00e3o transformando a realidade da seguran\u00e7a p\u00fablica - Blog do Farn\u00e9sio\" \/>\n<meta property=\"og:description\" content=\"A Axon Body 3, dispositivo que est\u00e1 em uso pela PM de S\u00e3o Paulo desde 2020, contribui para melhora nos \u00edndices de seguran\u00e7a do estado A\u00a0Axon, l\u00edder mundial em solu\u00e7\u00f5es de tecnologia para seguran\u00e7a p\u00fablica, \u00e9 a criadora da tecnologia por tr\u00e1s das c\u00e2meras corporais Axon Body 3, usadas pela Pol\u00edcia Militar do estado de S\u00e3o Paulo, no programa Olho Vivo. Um estudo realizado pelo F\u00f3rum Brasileiro de Seguran\u00e7a P\u00fablica (FBSP) em parceria com o Fundo das Na\u00e7\u00f5es Unidas para a Inf\u00e2ncia (Unicef) identificou que ap\u00f3s o in\u00edcio do programa, em 2020, os \u00edndices de letalidade das abordagens policiais teve dr\u00e1stica redu\u00e7\u00e3o &#8211; assim como o n\u00famero de agentes mortos durante o trabalho. Publicado em maio de 2023, o estudo&hellip;\" \/>\n<meta property=\"og:url\" content=\"https:\/\/blogdofarnesio.com.br\/?p=350511\" \/>\n<meta property=\"og:site_name\" content=\"Blog do Farn\u00e9sio\" \/>\n<meta property=\"article:publisher\" content=\"https:\/\/www.facebook.com\/BlogQuerSaberPolitica\/\" \/>\n<meta property=\"article:author\" content=\"https:\/\/www.facebook.com\/?ref=tn_tnmn\" \/>\n<meta property=\"article:published_time\" content=\"2023-09-19T14:44:21+00:00\" \/>\n<meta property=\"og:image\" content=\"https:\/\/blogdofarnesio.com.br\/wp-content\/uploads\/2023\/09\/blogqsppolicia-camara-corporal.jpg\" \/>\n\t<meta property=\"og:image:width\" content=\"300\" \/>\n\t<meta property=\"og:image:height\" content=\"225\" \/>\n\t<meta property=\"og:image:type\" content=\"image\/jpeg\" \/>\n<meta name=\"author\" content=\"Farn\u00e9sio\" \/>\n<meta name=\"twitter:card\" content=\"summary_large_image\" \/>\n<meta name=\"twitter:label1\" content=\"Escrito por\" \/>\n\t<meta name=\"twitter:data1\" content=\"Farn\u00e9sio\" \/>\n\t<meta name=\"twitter:label2\" content=\"Est. tempo de leitura\" \/>\n\t<meta name=\"twitter:data2\" content=\"6 minutos\" \/>\n<script type=\"application\/ld+json\" class=\"yoast-schema-graph\">{\"@context\":\"https:\\\/\\\/schema.org\",\"@graph\":[{\"@type\":\"Article\",\"@id\":\"https:\\\/\\\/blogdofarnesio.com.br\\\/?p=350511#article\",\"isPartOf\":{\"@id\":\"https:\\\/\\\/blogdofarnesio.com.br\\\/?p=350511\"},\"author\":{\"name\":\"Farn\u00e9sio\",\"@id\":\"https:\\\/\\\/blogdofarnesio.com.br\\\/#\\\/schema\\\/person\\\/bb9b23ae3ad0609ce8df7b6c9e76824d\"},\"headline\":\"C\u00e2meras corporais: como funcionam os dispositivos que est\u00e3o transformando a realidade da seguran\u00e7a p\u00fablica\",\"datePublished\":\"2023-09-19T14:44:21+00:00\",\"mainEntityOfPage\":{\"@id\":\"https:\\\/\\\/blogdofarnesio.com.br\\\/?p=350511\"},\"wordCount\":1192,\"commentCount\":0,\"publisher\":{\"@id\":\"https:\\\/\\\/blogdofarnesio.com.br\\\/#organization\"},\"image\":{\"@id\":\"https:\\\/\\\/blogdofarnesio.com.br\\\/?p=350511#primaryimage\"},\"thumbnailUrl\":\"https:\\\/\\\/blogdofarnesio.com.br\\\/wp-content\\\/uploads\\\/2023\\\/09\\\/blogqsppolicia-camara-corporal.jpg\",\"articleSection\":[\"Seguran\u00e7a\"],\"inLanguage\":\"pt-BR\",\"potentialAction\":[{\"@type\":\"CommentAction\",\"name\":\"Comment\",\"target\":[\"https:\\\/\\\/blogdofarnesio.com.br\\\/?p=350511#respond\"]}]},{\"@type\":\"WebPage\",\"@id\":\"https:\\\/\\\/blogdofarnesio.com.br\\\/?p=350511\",\"url\":\"https:\\\/\\\/blogdofarnesio.com.br\\\/?p=350511\",\"name\":\"C\u00e2meras corporais: como funcionam os dispositivos que est\u00e3o transformando a realidade da seguran\u00e7a p\u00fablica - Blog do Farn\u00e9sio\",\"isPartOf\":{\"@id\":\"https:\\\/\\\/blogdofarnesio.com.br\\\/#website\"},\"primaryImageOfPage\":{\"@id\":\"https:\\\/\\\/blogdofarnesio.com.br\\\/?p=350511#primaryimage\"},\"image\":{\"@id\":\"https:\\\/\\\/blogdofarnesio.com.br\\\/?p=350511#primaryimage\"},\"thumbnailUrl\":\"https:\\\/\\\/blogdofarnesio.com.br\\\/wp-content\\\/uploads\\\/2023\\\/09\\\/blogqsppolicia-camara-corporal.jpg\",\"datePublished\":\"2023-09-19T14:44:21+00:00\",\"breadcrumb\":{\"@id\":\"https:\\\/\\\/blogdofarnesio.com.br\\\/?p=350511#breadcrumb\"},\"inLanguage\":\"pt-BR\",\"potentialAction\":[{\"@type\":\"ReadAction\",\"target\":[\"https:\\\/\\\/blogdofarnesio.com.br\\\/?p=350511\"]}]},{\"@type\":\"ImageObject\",\"inLanguage\":\"pt-BR\",\"@id\":\"https:\\\/\\\/blogdofarnesio.com.br\\\/?p=350511#primaryimage\",\"url\":\"https:\\\/\\\/blogdofarnesio.com.br\\\/wp-content\\\/uploads\\\/2023\\\/09\\\/blogqsppolicia-camara-corporal.jpg\",\"contentUrl\":\"https:\\\/\\\/blogdofarnesio.com.br\\\/wp-content\\\/uploads\\\/2023\\\/09\\\/blogqsppolicia-camara-corporal.jpg\",\"width\":300,\"height\":225},{\"@type\":\"BreadcrumbList\",\"@id\":\"https:\\\/\\\/blogdofarnesio.com.br\\\/?p=350511#breadcrumb\",\"itemListElement\":[{\"@type\":\"ListItem\",\"position\":1,\"name\":\"In\u00edcio\",\"item\":\"https:\\\/\\\/blogdofarnesio.com.br\\\/\"},{\"@type\":\"ListItem\",\"position\":2,\"name\":\"C\u00e2meras corporais: como funcionam os dispositivos que est\u00e3o transformando a realidade da seguran\u00e7a p\u00fablica\"}]},{\"@type\":\"WebSite\",\"@id\":\"https:\\\/\\\/blogdofarnesio.com.br\\\/#website\",\"url\":\"https:\\\/\\\/blogdofarnesio.com.br\\\/\",\"name\":\"Blog do Farn\u00e9sio\",\"description\":\"Quer Saber Pol\u00edtica?\",\"publisher\":{\"@id\":\"https:\\\/\\\/blogdofarnesio.com.br\\\/#organization\"},\"potentialAction\":[{\"@type\":\"SearchAction\",\"target\":{\"@type\":\"EntryPoint\",\"urlTemplate\":\"https:\\\/\\\/blogdofarnesio.com.br\\\/?s={search_term_string}\"},\"query-input\":{\"@type\":\"PropertyValueSpecification\",\"valueRequired\":true,\"valueName\":\"search_term_string\"}}],\"inLanguage\":\"pt-BR\"},{\"@type\":\"Organization\",\"@id\":\"https:\\\/\\\/blogdofarnesio.com.br\\\/#organization\",\"name\":\"Blog do Farn\u00e9sio\",\"url\":\"https:\\\/\\\/blogdofarnesio.com.br\\\/\",\"logo\":{\"@type\":\"ImageObject\",\"inLanguage\":\"pt-BR\",\"@id\":\"https:\\\/\\\/blogdofarnesio.com.br\\\/#\\\/schema\\\/logo\\\/image\\\/\",\"url\":\"https:\\\/\\\/blogdofarnesio.com.br\\\/wp-content\\\/uploads\\\/2026\\\/03\\\/cropped-logo_new-1.png\",\"contentUrl\":\"https:\\\/\\\/blogdofarnesio.com.br\\\/wp-content\\\/uploads\\\/2026\\\/03\\\/cropped-logo_new-1.png\",\"width\":881,\"height\":685,\"caption\":\"Blog do Farn\u00e9sio\"},\"image\":{\"@id\":\"https:\\\/\\\/blogdofarnesio.com.br\\\/#\\\/schema\\\/logo\\\/image\\\/\"},\"sameAs\":[\"https:\\\/\\\/www.facebook.com\\\/BlogQuerSaberPolitica\\\/\"]},{\"@type\":\"Person\",\"@id\":\"https:\\\/\\\/blogdofarnesio.com.br\\\/#\\\/schema\\\/person\\\/bb9b23ae3ad0609ce8df7b6c9e76824d\",\"name\":\"Farn\u00e9sio\",\"image\":{\"@type\":\"ImageObject\",\"inLanguage\":\"pt-BR\",\"@id\":\"https:\\\/\\\/secure.gravatar.com\\\/avatar\\\/986aa4c61ccdb66f8555bf88fc2a65609d00bcabd4d2d94377a727547345cbca?s=96&d=mm&r=g\",\"url\":\"https:\\\/\\\/secure.gravatar.com\\\/avatar\\\/986aa4c61ccdb66f8555bf88fc2a65609d00bcabd4d2d94377a727547345cbca?s=96&d=mm&r=g\",\"contentUrl\":\"https:\\\/\\\/secure.gravatar.com\\\/avatar\\\/986aa4c61ccdb66f8555bf88fc2a65609d00bcabd4d2d94377a727547345cbca?s=96&d=mm&r=g\",\"caption\":\"Farn\u00e9sio\"},\"description\":\"Radialista blogueiro, chegou a Petrolina\\\/Juazeiro em setembro de 1980, Farn\u00e9sio Silva \u00e9 de Arapiraca-Alagoas.\",\"sameAs\":[\"http:\\\/\\\/blogdofarnesio.com.br\",\"https:\\\/\\\/www.facebook.com\\\/?ref=tn_tnmn\",\"https:\\\/\\\/www.instagram.com\\\/?utm_source=pwa_homescreen\",\"https:\\\/\\\/youtube.com.br\\\/\"],\"url\":\"https:\\\/\\\/blogdofarnesio.com.br\\\/?author=2\"}]}<\/script>\n<!-- \/ Yoast SEO plugin. -->","yoast_head_json":{"title":"C\u00e2meras corporais: como funcionam os dispositivos que est\u00e3o transformando a realidade da seguran\u00e7a p\u00fablica - Blog do Farn\u00e9sio","robots":{"index":"index","follow":"follow","max-snippet":"max-snippet:-1","max-image-preview":"max-image-preview:large","max-video-preview":"max-video-preview:-1"},"canonical":"https:\/\/blogdofarnesio.com.br\/?p=350511","og_locale":"pt_BR","og_type":"article","og_title":"C\u00e2meras corporais: como funcionam os dispositivos que est\u00e3o transformando a realidade da seguran\u00e7a p\u00fablica - Blog do Farn\u00e9sio","og_description":"A Axon Body 3, dispositivo que est\u00e1 em uso pela PM de S\u00e3o Paulo desde 2020, contribui para melhora nos \u00edndices de seguran\u00e7a do estado A\u00a0Axon, l\u00edder mundial em solu\u00e7\u00f5es de tecnologia para seguran\u00e7a p\u00fablica, \u00e9 a criadora da tecnologia por tr\u00e1s das c\u00e2meras corporais Axon Body 3, usadas pela Pol\u00edcia Militar do estado de S\u00e3o Paulo, no programa Olho Vivo. Um estudo realizado pelo F\u00f3rum Brasileiro de Seguran\u00e7a P\u00fablica (FBSP) em parceria com o Fundo das Na\u00e7\u00f5es Unidas para a Inf\u00e2ncia (Unicef) identificou que ap\u00f3s o in\u00edcio do programa, em 2020, os \u00edndices de letalidade das abordagens policiais teve dr\u00e1stica redu\u00e7\u00e3o &#8211; assim como o n\u00famero de agentes mortos durante o trabalho. Publicado em maio de 2023, o estudo&hellip;","og_url":"https:\/\/blogdofarnesio.com.br\/?p=350511","og_site_name":"Blog do Farn\u00e9sio","article_publisher":"https:\/\/www.facebook.com\/BlogQuerSaberPolitica\/","article_author":"https:\/\/www.facebook.com\/?ref=tn_tnmn","article_published_time":"2023-09-19T14:44:21+00:00","og_image":[{"width":300,"height":225,"url":"https:\/\/blogdofarnesio.com.br\/wp-content\/uploads\/2023\/09\/blogqsppolicia-camara-corporal.jpg","type":"image\/jpeg"}],"author":"Farn\u00e9sio","twitter_card":"summary_large_image","twitter_misc":{"Escrito por":"Farn\u00e9sio","Est. tempo de leitura":"6 minutos"},"schema":{"@context":"https:\/\/schema.org","@graph":[{"@type":"Article","@id":"https:\/\/blogdofarnesio.com.br\/?p=350511#article","isPartOf":{"@id":"https:\/\/blogdofarnesio.com.br\/?p=350511"},"author":{"name":"Farn\u00e9sio","@id":"https:\/\/blogdofarnesio.com.br\/#\/schema\/person\/bb9b23ae3ad0609ce8df7b6c9e76824d"},"headline":"C\u00e2meras corporais: como funcionam os dispositivos que est\u00e3o transformando a realidade da seguran\u00e7a p\u00fablica","datePublished":"2023-09-19T14:44:21+00:00","mainEntityOfPage":{"@id":"https:\/\/blogdofarnesio.com.br\/?p=350511"},"wordCount":1192,"commentCount":0,"publisher":{"@id":"https:\/\/blogdofarnesio.com.br\/#organization"},"image":{"@id":"https:\/\/blogdofarnesio.com.br\/?p=350511#primaryimage"},"thumbnailUrl":"https:\/\/blogdofarnesio.com.br\/wp-content\/uploads\/2023\/09\/blogqsppolicia-camara-corporal.jpg","articleSection":["Seguran\u00e7a"],"inLanguage":"pt-BR","potentialAction":[{"@type":"CommentAction","name":"Comment","target":["https:\/\/blogdofarnesio.com.br\/?p=350511#respond"]}]},{"@type":"WebPage","@id":"https:\/\/blogdofarnesio.com.br\/?p=350511","url":"https:\/\/blogdofarnesio.com.br\/?p=350511","name":"C\u00e2meras corporais: como funcionam os dispositivos que est\u00e3o transformando a realidade da seguran\u00e7a p\u00fablica - Blog do Farn\u00e9sio","isPartOf":{"@id":"https:\/\/blogdofarnesio.com.br\/#website"},"primaryImageOfPage":{"@id":"https:\/\/blogdofarnesio.com.br\/?p=350511#primaryimage"},"image":{"@id":"https:\/\/blogdofarnesio.com.br\/?p=350511#primaryimage"},"thumbnailUrl":"https:\/\/blogdofarnesio.com.br\/wp-content\/uploads\/2023\/09\/blogqsppolicia-camara-corporal.jpg","datePublished":"2023-09-19T14:44:21+00:00","breadcrumb":{"@id":"https:\/\/blogdofarnesio.com.br\/?p=350511#breadcrumb"},"inLanguage":"pt-BR","potentialAction":[{"@type":"ReadAction","target":["https:\/\/blogdofarnesio.com.br\/?p=350511"]}]},{"@type":"ImageObject","inLanguage":"pt-BR","@id":"https:\/\/blogdofarnesio.com.br\/?p=350511#primaryimage","url":"https:\/\/blogdofarnesio.com.br\/wp-content\/uploads\/2023\/09\/blogqsppolicia-camara-corporal.jpg","contentUrl":"https:\/\/blogdofarnesio.com.br\/wp-content\/uploads\/2023\/09\/blogqsppolicia-camara-corporal.jpg","width":300,"height":225},{"@type":"BreadcrumbList","@id":"https:\/\/blogdofarnesio.com.br\/?p=350511#breadcrumb","itemListElement":[{"@type":"ListItem","position":1,"name":"In\u00edcio","item":"https:\/\/blogdofarnesio.com.br\/"},{"@type":"ListItem","position":2,"name":"C\u00e2meras corporais: como funcionam os dispositivos que est\u00e3o transformando a realidade da seguran\u00e7a p\u00fablica"}]},{"@type":"WebSite","@id":"https:\/\/blogdofarnesio.com.br\/#website","url":"https:\/\/blogdofarnesio.com.br\/","name":"Blog do Farn\u00e9sio","description":"Quer Saber Pol\u00edtica?","publisher":{"@id":"https:\/\/blogdofarnesio.com.br\/#organization"},"potentialAction":[{"@type":"SearchAction","target":{"@type":"EntryPoint","urlTemplate":"https:\/\/blogdofarnesio.com.br\/?s={search_term_string}"},"query-input":{"@type":"PropertyValueSpecification","valueRequired":true,"valueName":"search_term_string"}}],"inLanguage":"pt-BR"},{"@type":"Organization","@id":"https:\/\/blogdofarnesio.com.br\/#organization","name":"Blog do Farn\u00e9sio","url":"https:\/\/blogdofarnesio.com.br\/","logo":{"@type":"ImageObject","inLanguage":"pt-BR","@id":"https:\/\/blogdofarnesio.com.br\/#\/schema\/logo\/image\/","url":"https:\/\/blogdofarnesio.com.br\/wp-content\/uploads\/2026\/03\/cropped-logo_new-1.png","contentUrl":"https:\/\/blogdofarnesio.com.br\/wp-content\/uploads\/2026\/03\/cropped-logo_new-1.png","width":881,"height":685,"caption":"Blog do Farn\u00e9sio"},"image":{"@id":"https:\/\/blogdofarnesio.com.br\/#\/schema\/logo\/image\/"},"sameAs":["https:\/\/www.facebook.com\/BlogQuerSaberPolitica\/"]},{"@type":"Person","@id":"https:\/\/blogdofarnesio.com.br\/#\/schema\/person\/bb9b23ae3ad0609ce8df7b6c9e76824d","name":"Farn\u00e9sio","image":{"@type":"ImageObject","inLanguage":"pt-BR","@id":"https:\/\/secure.gravatar.com\/avatar\/986aa4c61ccdb66f8555bf88fc2a65609d00bcabd4d2d94377a727547345cbca?s=96&d=mm&r=g","url":"https:\/\/secure.gravatar.com\/avatar\/986aa4c61ccdb66f8555bf88fc2a65609d00bcabd4d2d94377a727547345cbca?s=96&d=mm&r=g","contentUrl":"https:\/\/secure.gravatar.com\/avatar\/986aa4c61ccdb66f8555bf88fc2a65609d00bcabd4d2d94377a727547345cbca?s=96&d=mm&r=g","caption":"Farn\u00e9sio"},"description":"Radialista blogueiro, chegou a Petrolina\/Juazeiro em setembro de 1980, Farn\u00e9sio Silva \u00e9 de Arapiraca-Alagoas.","sameAs":["http:\/\/blogdofarnesio.com.br","https:\/\/www.facebook.com\/?ref=tn_tnmn","https:\/\/www.instagram.com\/?utm_source=pwa_homescreen","https:\/\/youtube.com.br\/"],"url":"https:\/\/blogdofarnesio.com.br\/?author=2"}]}},"_links":{"self":[{"href":"https:\/\/blogdofarnesio.com.br\/index.php?rest_route=\/wp\/v2\/posts\/350511","targetHints":{"allow":["GET"]}}],"collection":[{"href":"https:\/\/blogdofarnesio.com.br\/index.php?rest_route=\/wp\/v2\/posts"}],"about":[{"href":"https:\/\/blogdofarnesio.com.br\/index.php?rest_route=\/wp\/v2\/types\/post"}],"author":[{"embeddable":true,"href":"https:\/\/blogdofarnesio.com.br\/index.php?rest_route=\/wp\/v2\/users\/2"}],"replies":[{"embeddable":true,"href":"https:\/\/blogdofarnesio.com.br\/index.php?rest_route=%2Fwp%2Fv2%2Fcomments&post=350511"}],"version-history":[{"count":0,"href":"https:\/\/blogdofarnesio.com.br\/index.php?rest_route=\/wp\/v2\/posts\/350511\/revisions"}],"wp:featuredmedia":[{"embeddable":true,"href":"https:\/\/blogdofarnesio.com.br\/index.php?rest_route=\/wp\/v2\/media\/350512"}],"wp:attachment":[{"href":"https:\/\/blogdofarnesio.com.br\/index.php?rest_route=%2Fwp%2Fv2%2Fmedia&parent=350511"}],"wp:term":[{"taxonomy":"category","embeddable":true,"href":"https:\/\/blogdofarnesio.com.br\/index.php?rest_route=%2Fwp%2Fv2%2Fcategories&post=350511"},{"taxonomy":"post_tag","embeddable":true,"href":"https:\/\/blogdofarnesio.com.br\/index.php?rest_route=%2Fwp%2Fv2%2Ftags&post=350511"}],"curies":[{"name":"wp","href":"https:\/\/api.w.org\/{rel}","templated":true}]}}