{"id":350448,"date":"2023-09-18T12:05:14","date_gmt":"2023-09-18T15:05:14","guid":{"rendered":"https:\/\/blogdofarnesio.com.br\/?p=350448"},"modified":"2023-09-18T09:51:24","modified_gmt":"2023-09-18T12:51:24","slug":"prefeitura-de-juazeiro-realiza-edicao-especial-do-cha-das-5-nesta-sexta-22-na-praca-da-catedral","status":"publish","type":"post","link":"https:\/\/blogdofarnesio.com.br\/?p=350448","title":{"rendered":"Prefeitura de Juazeiro realiza edi\u00e7\u00e3o especial do \u2018Ch\u00e1 das 5\u2019 nesta sexta (22) na Pra\u00e7a da Catedral"},"content":{"rendered":"<p style=\"font-weight: 400;\">A Prefeitura de Juazeiro, atrav\u00e9s da Secretaria de Cultura, Turismo e Esporte (Seculte), vai realizar na pr\u00f3xima sexta-feira (22) mais uma edi\u00e7\u00e3o do \u2018Ch\u00e1 das 5\u2019. O evento marcou \u00e9poca na d\u00e9cada de 80 e a retomada \u00e9 uma proposta da gest\u00e3o Suzana Ramos.<\/p>\n<p style=\"font-weight: 400;\">O \u2018Ch\u00e1 das 5\u2019 ser\u00e1 na Pra\u00e7a Imaculada Concei\u00e7\u00e3o (Pra\u00e7a da Catedral), a partir das 17h. \u201cA gente fica muito feliz em poder retomar o t\u00e3o famoso Ch\u00e1 das 5, onde diversos artistas das mais diferentes linguagens podem se apresentar. Esta retomada do evento tamb\u00e9m oportuniza que novos artistas, bem como os mais experientes, possam mostrar sua arte\u201d, destacou a prefeita Suzana Ramos.<\/p>\n<p style=\"font-weight: 400;\"><strong>Edi\u00e7\u00e3o especial<\/strong><\/p>\n<p style=\"font-weight: 400;\">Durante as comemora\u00e7\u00f5es do anivers\u00e1rio de Juazeiro, o \u2018Ch\u00e1 das 5\u2019 homenageou os poetas Jurandy, Manuca Almeida, o locutor Z\u00e9 Alberto Show e o ativista cultural Naldinho.<\/p>\n<p style=\"font-weight: 400;\">O coordenador de projetos de Cultura e Turismo da Prefeitura Municipal de Juazeiro, Edvaldo Franciolli, ressalta que o \u2018Ch\u00e1 das 5\u2019 faz parte da hist\u00f3ria cultural de Juazeiro. \u201cDesde a sua cria\u00e7\u00e3o na d\u00e9cada de 80 o Ch\u00e1 das 5 trouxe artistas como Naldinho, Manuca Almeida, o poeta Jurandir, Alberto Show e muitos outros artistas que, direta e indiretamente, deram sua contribui\u00e7\u00e3o para que este projeto acontecesse&#8221;.<\/p>\n<p style=\"font-weight: 400;\">Nesta sexta-feira dever\u00e3o se apresentar artistas como Valtinho, Mirella Campos (ex-The Voice Kids), al\u00e9m de performances de transformistas, apresenta\u00e7\u00e3o de poesia e outros m\u00fasicos.<\/p>\n<p style=\"font-weight: 400;\">Texto: Amanda Franco \u2013 Ascom Seculte PMJ<\/p>\n","protected":false},"excerpt":{"rendered":"<p>A Prefeitura de Juazeiro, atrav\u00e9s da Secretaria de Cultura, Turismo e Esporte (Seculte), vai realizar na pr\u00f3xima sexta-feira (22) mais uma edi\u00e7\u00e3o do \u2018Ch\u00e1 das 5\u2019. O evento marcou \u00e9poca na d\u00e9cada de 80 e a retomada \u00e9 uma proposta da gest\u00e3o Suzana Ramos. O \u2018Ch\u00e1 das 5\u2019 ser\u00e1 na Pra\u00e7a Imaculada Concei\u00e7\u00e3o (Pra\u00e7a da Catedral), a partir das 17h. \u201cA gente fica muito feliz em poder retomar o t\u00e3o famoso Ch\u00e1 das 5, onde diversos artistas das mais diferentes linguagens podem se apresentar. Esta retomada do evento tamb\u00e9m oportuniza que novos artistas, bem como os mais experientes, possam mostrar sua arte\u201d, destacou a prefeita Suzana Ramos. Edi\u00e7\u00e3o especial Durante as comemora\u00e7\u00f5es do anivers\u00e1rio de Juazeiro, o \u2018Ch\u00e1 das 5\u2019&hellip; <\/p>\n","protected":false},"author":2,"featured_media":345470,"comment_status":"open","ping_status":"open","sticky":false,"template":"","format":"standard","meta":{"_acf_changed":false,"footnotes":""},"categories":[10],"tags":[],"class_list":["post-350448","post","type-post","status-publish","format-standard","has-post-thumbnail","hentry","category-cultura"],"acf":[],"yoast_head":"<!-- This site is optimized with the Yoast SEO plugin v27.4 - https:\/\/yoast.com\/product\/yoast-seo-wordpress\/ -->\n<title>Prefeitura de Juazeiro realiza edi\u00e7\u00e3o especial do \u2018Ch\u00e1 das 5\u2019 nesta sexta (22) na Pra\u00e7a da Catedral - Blog do Farn\u00e9sio<\/title>\n<meta name=\"robots\" content=\"index, follow, max-snippet:-1, max-image-preview:large, max-video-preview:-1\" \/>\n<link rel=\"canonical\" href=\"https:\/\/blogdofarnesio.com.br\/?p=350448\" \/>\n<meta property=\"og:locale\" content=\"pt_BR\" \/>\n<meta property=\"og:type\" content=\"article\" \/>\n<meta property=\"og:title\" content=\"Prefeitura de Juazeiro realiza edi\u00e7\u00e3o especial do \u2018Ch\u00e1 das 5\u2019 nesta sexta (22) na Pra\u00e7a da Catedral - Blog do Farn\u00e9sio\" \/>\n<meta property=\"og:description\" content=\"A Prefeitura de Juazeiro, atrav\u00e9s da Secretaria de Cultura, Turismo e Esporte (Seculte), vai realizar na pr\u00f3xima sexta-feira (22) mais uma edi\u00e7\u00e3o do \u2018Ch\u00e1 das 5\u2019. O evento marcou \u00e9poca na d\u00e9cada de 80 e a retomada \u00e9 uma proposta da gest\u00e3o Suzana Ramos. O \u2018Ch\u00e1 das 5\u2019 ser\u00e1 na Pra\u00e7a Imaculada Concei\u00e7\u00e3o (Pra\u00e7a da Catedral), a partir das 17h. \u201cA gente fica muito feliz em poder retomar o t\u00e3o famoso Ch\u00e1 das 5, onde diversos artistas das mais diferentes linguagens podem se apresentar. Esta retomada do evento tamb\u00e9m oportuniza que novos artistas, bem como os mais experientes, possam mostrar sua arte\u201d, destacou a prefeita Suzana Ramos. Edi\u00e7\u00e3o especial Durante as comemora\u00e7\u00f5es do anivers\u00e1rio de Juazeiro, o \u2018Ch\u00e1 das 5\u2019&hellip;\" \/>\n<meta property=\"og:url\" content=\"https:\/\/blogdofarnesio.com.br\/?p=350448\" \/>\n<meta property=\"og:site_name\" content=\"Blog do Farn\u00e9sio\" \/>\n<meta property=\"article:publisher\" content=\"https:\/\/www.facebook.com\/BlogQuerSaberPolitica\/\" \/>\n<meta property=\"article:author\" content=\"https:\/\/www.facebook.com\/?ref=tn_tnmn\" \/>\n<meta property=\"article:published_time\" content=\"2023-09-18T15:05:14+00:00\" \/>\n<meta property=\"og:image\" content=\"https:\/\/blogdofarnesio.com.br\/wp-content\/uploads\/2023\/07\/Cha-das-5-10.jpg\" \/>\n\t<meta property=\"og:image:width\" content=\"1920\" \/>\n\t<meta property=\"og:image:height\" content=\"1280\" \/>\n\t<meta property=\"og:image:type\" content=\"image\/jpeg\" \/>\n<meta name=\"author\" content=\"Farn\u00e9sio\" \/>\n<meta name=\"twitter:card\" content=\"summary_large_image\" \/>\n<meta name=\"twitter:label1\" content=\"Escrito por\" \/>\n\t<meta name=\"twitter:data1\" content=\"Farn\u00e9sio\" \/>\n\t<meta name=\"twitter:label2\" content=\"Est. tempo de leitura\" \/>\n\t<meta name=\"twitter:data2\" content=\"2 minutos\" \/>\n<script type=\"application\/ld+json\" class=\"yoast-schema-graph\">{\"@context\":\"https:\\\/\\\/schema.org\",\"@graph\":[{\"@type\":\"Article\",\"@id\":\"https:\\\/\\\/blogdofarnesio.com.br\\\/?p=350448#article\",\"isPartOf\":{\"@id\":\"https:\\\/\\\/blogdofarnesio.com.br\\\/?p=350448\"},\"author\":{\"name\":\"Farn\u00e9sio\",\"@id\":\"https:\\\/\\\/blogdofarnesio.com.br\\\/#\\\/schema\\\/person\\\/bb9b23ae3ad0609ce8df7b6c9e76824d\"},\"headline\":\"Prefeitura de Juazeiro realiza edi\u00e7\u00e3o especial do \u2018Ch\u00e1 das 5\u2019 nesta sexta (22) na Pra\u00e7a da Catedral\",\"datePublished\":\"2023-09-18T15:05:14+00:00\",\"mainEntityOfPage\":{\"@id\":\"https:\\\/\\\/blogdofarnesio.com.br\\\/?p=350448\"},\"wordCount\":261,\"commentCount\":0,\"publisher\":{\"@id\":\"https:\\\/\\\/blogdofarnesio.com.br\\\/#organization\"},\"image\":{\"@id\":\"https:\\\/\\\/blogdofarnesio.com.br\\\/?p=350448#primaryimage\"},\"thumbnailUrl\":\"https:\\\/\\\/blogdofarnesio.com.br\\\/wp-content\\\/uploads\\\/2023\\\/07\\\/Cha-das-5-10.jpg\",\"articleSection\":[\"Cultura\"],\"inLanguage\":\"pt-BR\",\"potentialAction\":[{\"@type\":\"CommentAction\",\"name\":\"Comment\",\"target\":[\"https:\\\/\\\/blogdofarnesio.com.br\\\/?p=350448#respond\"]}]},{\"@type\":\"WebPage\",\"@id\":\"https:\\\/\\\/blogdofarnesio.com.br\\\/?p=350448\",\"url\":\"https:\\\/\\\/blogdofarnesio.com.br\\\/?p=350448\",\"name\":\"Prefeitura de Juazeiro realiza edi\u00e7\u00e3o especial do \u2018Ch\u00e1 das 5\u2019 nesta sexta (22) na Pra\u00e7a da Catedral - Blog do Farn\u00e9sio\",\"isPartOf\":{\"@id\":\"https:\\\/\\\/blogdofarnesio.com.br\\\/#website\"},\"primaryImageOfPage\":{\"@id\":\"https:\\\/\\\/blogdofarnesio.com.br\\\/?p=350448#primaryimage\"},\"image\":{\"@id\":\"https:\\\/\\\/blogdofarnesio.com.br\\\/?p=350448#primaryimage\"},\"thumbnailUrl\":\"https:\\\/\\\/blogdofarnesio.com.br\\\/wp-content\\\/uploads\\\/2023\\\/07\\\/Cha-das-5-10.jpg\",\"datePublished\":\"2023-09-18T15:05:14+00:00\",\"breadcrumb\":{\"@id\":\"https:\\\/\\\/blogdofarnesio.com.br\\\/?p=350448#breadcrumb\"},\"inLanguage\":\"pt-BR\",\"potentialAction\":[{\"@type\":\"ReadAction\",\"target\":[\"https:\\\/\\\/blogdofarnesio.com.br\\\/?p=350448\"]}]},{\"@type\":\"ImageObject\",\"inLanguage\":\"pt-BR\",\"@id\":\"https:\\\/\\\/blogdofarnesio.com.br\\\/?p=350448#primaryimage\",\"url\":\"https:\\\/\\\/blogdofarnesio.com.br\\\/wp-content\\\/uploads\\\/2023\\\/07\\\/Cha-das-5-10.jpg\",\"contentUrl\":\"https:\\\/\\\/blogdofarnesio.com.br\\\/wp-content\\\/uploads\\\/2023\\\/07\\\/Cha-das-5-10.jpg\",\"width\":1920,\"height\":1280},{\"@type\":\"BreadcrumbList\",\"@id\":\"https:\\\/\\\/blogdofarnesio.com.br\\\/?p=350448#breadcrumb\",\"itemListElement\":[{\"@type\":\"ListItem\",\"position\":1,\"name\":\"In\u00edcio\",\"item\":\"https:\\\/\\\/blogdofarnesio.com.br\\\/\"},{\"@type\":\"ListItem\",\"position\":2,\"name\":\"Prefeitura de Juazeiro realiza edi\u00e7\u00e3o especial do \u2018Ch\u00e1 das 5\u2019 nesta sexta (22) na Pra\u00e7a da Catedral\"}]},{\"@type\":\"WebSite\",\"@id\":\"https:\\\/\\\/blogdofarnesio.com.br\\\/#website\",\"url\":\"https:\\\/\\\/blogdofarnesio.com.br\\\/\",\"name\":\"Blog do Farn\u00e9sio\",\"description\":\"Quer Saber Pol\u00edtica?\",\"publisher\":{\"@id\":\"https:\\\/\\\/blogdofarnesio.com.br\\\/#organization\"},\"potentialAction\":[{\"@type\":\"SearchAction\",\"target\":{\"@type\":\"EntryPoint\",\"urlTemplate\":\"https:\\\/\\\/blogdofarnesio.com.br\\\/?s={search_term_string}\"},\"query-input\":{\"@type\":\"PropertyValueSpecification\",\"valueRequired\":true,\"valueName\":\"search_term_string\"}}],\"inLanguage\":\"pt-BR\"},{\"@type\":\"Organization\",\"@id\":\"https:\\\/\\\/blogdofarnesio.com.br\\\/#organization\",\"name\":\"Blog do Farn\u00e9sio\",\"url\":\"https:\\\/\\\/blogdofarnesio.com.br\\\/\",\"logo\":{\"@type\":\"ImageObject\",\"inLanguage\":\"pt-BR\",\"@id\":\"https:\\\/\\\/blogdofarnesio.com.br\\\/#\\\/schema\\\/logo\\\/image\\\/\",\"url\":\"https:\\\/\\\/blogdofarnesio.com.br\\\/wp-content\\\/uploads\\\/2026\\\/03\\\/cropped-logo_new-1.png\",\"contentUrl\":\"https:\\\/\\\/blogdofarnesio.com.br\\\/wp-content\\\/uploads\\\/2026\\\/03\\\/cropped-logo_new-1.png\",\"width\":881,\"height\":685,\"caption\":\"Blog do Farn\u00e9sio\"},\"image\":{\"@id\":\"https:\\\/\\\/blogdofarnesio.com.br\\\/#\\\/schema\\\/logo\\\/image\\\/\"},\"sameAs\":[\"https:\\\/\\\/www.facebook.com\\\/BlogQuerSaberPolitica\\\/\"]},{\"@type\":\"Person\",\"@id\":\"https:\\\/\\\/blogdofarnesio.com.br\\\/#\\\/schema\\\/person\\\/bb9b23ae3ad0609ce8df7b6c9e76824d\",\"name\":\"Farn\u00e9sio\",\"image\":{\"@type\":\"ImageObject\",\"inLanguage\":\"pt-BR\",\"@id\":\"https:\\\/\\\/secure.gravatar.com\\\/avatar\\\/986aa4c61ccdb66f8555bf88fc2a65609d00bcabd4d2d94377a727547345cbca?s=96&d=mm&r=g\",\"url\":\"https:\\\/\\\/secure.gravatar.com\\\/avatar\\\/986aa4c61ccdb66f8555bf88fc2a65609d00bcabd4d2d94377a727547345cbca?s=96&d=mm&r=g\",\"contentUrl\":\"https:\\\/\\\/secure.gravatar.com\\\/avatar\\\/986aa4c61ccdb66f8555bf88fc2a65609d00bcabd4d2d94377a727547345cbca?s=96&d=mm&r=g\",\"caption\":\"Farn\u00e9sio\"},\"description\":\"Radialista blogueiro, chegou a Petrolina\\\/Juazeiro em setembro de 1980, Farn\u00e9sio Silva \u00e9 de Arapiraca-Alagoas.\",\"sameAs\":[\"http:\\\/\\\/blogdofarnesio.com.br\",\"https:\\\/\\\/www.facebook.com\\\/?ref=tn_tnmn\",\"https:\\\/\\\/www.instagram.com\\\/?utm_source=pwa_homescreen\",\"https:\\\/\\\/youtube.com.br\\\/\"],\"url\":\"https:\\\/\\\/blogdofarnesio.com.br\\\/?author=2\"}]}<\/script>\n<!-- \/ Yoast SEO plugin. -->","yoast_head_json":{"title":"Prefeitura de Juazeiro realiza edi\u00e7\u00e3o especial do \u2018Ch\u00e1 das 5\u2019 nesta sexta (22) na Pra\u00e7a da Catedral - Blog do Farn\u00e9sio","robots":{"index":"index","follow":"follow","max-snippet":"max-snippet:-1","max-image-preview":"max-image-preview:large","max-video-preview":"max-video-preview:-1"},"canonical":"https:\/\/blogdofarnesio.com.br\/?p=350448","og_locale":"pt_BR","og_type":"article","og_title":"Prefeitura de Juazeiro realiza edi\u00e7\u00e3o especial do \u2018Ch\u00e1 das 5\u2019 nesta sexta (22) na Pra\u00e7a da Catedral - Blog do Farn\u00e9sio","og_description":"A Prefeitura de Juazeiro, atrav\u00e9s da Secretaria de Cultura, Turismo e Esporte (Seculte), vai realizar na pr\u00f3xima sexta-feira (22) mais uma edi\u00e7\u00e3o do \u2018Ch\u00e1 das 5\u2019. O evento marcou \u00e9poca na d\u00e9cada de 80 e a retomada \u00e9 uma proposta da gest\u00e3o Suzana Ramos. O \u2018Ch\u00e1 das 5\u2019 ser\u00e1 na Pra\u00e7a Imaculada Concei\u00e7\u00e3o (Pra\u00e7a da Catedral), a partir das 17h. \u201cA gente fica muito feliz em poder retomar o t\u00e3o famoso Ch\u00e1 das 5, onde diversos artistas das mais diferentes linguagens podem se apresentar. Esta retomada do evento tamb\u00e9m oportuniza que novos artistas, bem como os mais experientes, possam mostrar sua arte\u201d, destacou a prefeita Suzana Ramos. Edi\u00e7\u00e3o especial Durante as comemora\u00e7\u00f5es do anivers\u00e1rio de Juazeiro, o \u2018Ch\u00e1 das 5\u2019&hellip;","og_url":"https:\/\/blogdofarnesio.com.br\/?p=350448","og_site_name":"Blog do Farn\u00e9sio","article_publisher":"https:\/\/www.facebook.com\/BlogQuerSaberPolitica\/","article_author":"https:\/\/www.facebook.com\/?ref=tn_tnmn","article_published_time":"2023-09-18T15:05:14+00:00","og_image":[{"width":1920,"height":1280,"url":"https:\/\/blogdofarnesio.com.br\/wp-content\/uploads\/2023\/07\/Cha-das-5-10.jpg","type":"image\/jpeg"}],"author":"Farn\u00e9sio","twitter_card":"summary_large_image","twitter_misc":{"Escrito por":"Farn\u00e9sio","Est. tempo de leitura":"2 minutos"},"schema":{"@context":"https:\/\/schema.org","@graph":[{"@type":"Article","@id":"https:\/\/blogdofarnesio.com.br\/?p=350448#article","isPartOf":{"@id":"https:\/\/blogdofarnesio.com.br\/?p=350448"},"author":{"name":"Farn\u00e9sio","@id":"https:\/\/blogdofarnesio.com.br\/#\/schema\/person\/bb9b23ae3ad0609ce8df7b6c9e76824d"},"headline":"Prefeitura de Juazeiro realiza edi\u00e7\u00e3o especial do \u2018Ch\u00e1 das 5\u2019 nesta sexta (22) na Pra\u00e7a da Catedral","datePublished":"2023-09-18T15:05:14+00:00","mainEntityOfPage":{"@id":"https:\/\/blogdofarnesio.com.br\/?p=350448"},"wordCount":261,"commentCount":0,"publisher":{"@id":"https:\/\/blogdofarnesio.com.br\/#organization"},"image":{"@id":"https:\/\/blogdofarnesio.com.br\/?p=350448#primaryimage"},"thumbnailUrl":"https:\/\/blogdofarnesio.com.br\/wp-content\/uploads\/2023\/07\/Cha-das-5-10.jpg","articleSection":["Cultura"],"inLanguage":"pt-BR","potentialAction":[{"@type":"CommentAction","name":"Comment","target":["https:\/\/blogdofarnesio.com.br\/?p=350448#respond"]}]},{"@type":"WebPage","@id":"https:\/\/blogdofarnesio.com.br\/?p=350448","url":"https:\/\/blogdofarnesio.com.br\/?p=350448","name":"Prefeitura de Juazeiro realiza edi\u00e7\u00e3o especial do \u2018Ch\u00e1 das 5\u2019 nesta sexta (22) na Pra\u00e7a da Catedral - Blog do Farn\u00e9sio","isPartOf":{"@id":"https:\/\/blogdofarnesio.com.br\/#website"},"primaryImageOfPage":{"@id":"https:\/\/blogdofarnesio.com.br\/?p=350448#primaryimage"},"image":{"@id":"https:\/\/blogdofarnesio.com.br\/?p=350448#primaryimage"},"thumbnailUrl":"https:\/\/blogdofarnesio.com.br\/wp-content\/uploads\/2023\/07\/Cha-das-5-10.jpg","datePublished":"2023-09-18T15:05:14+00:00","breadcrumb":{"@id":"https:\/\/blogdofarnesio.com.br\/?p=350448#breadcrumb"},"inLanguage":"pt-BR","potentialAction":[{"@type":"ReadAction","target":["https:\/\/blogdofarnesio.com.br\/?p=350448"]}]},{"@type":"ImageObject","inLanguage":"pt-BR","@id":"https:\/\/blogdofarnesio.com.br\/?p=350448#primaryimage","url":"https:\/\/blogdofarnesio.com.br\/wp-content\/uploads\/2023\/07\/Cha-das-5-10.jpg","contentUrl":"https:\/\/blogdofarnesio.com.br\/wp-content\/uploads\/2023\/07\/Cha-das-5-10.jpg","width":1920,"height":1280},{"@type":"BreadcrumbList","@id":"https:\/\/blogdofarnesio.com.br\/?p=350448#breadcrumb","itemListElement":[{"@type":"ListItem","position":1,"name":"In\u00edcio","item":"https:\/\/blogdofarnesio.com.br\/"},{"@type":"ListItem","position":2,"name":"Prefeitura de Juazeiro realiza edi\u00e7\u00e3o especial do \u2018Ch\u00e1 das 5\u2019 nesta sexta (22) na Pra\u00e7a da Catedral"}]},{"@type":"WebSite","@id":"https:\/\/blogdofarnesio.com.br\/#website","url":"https:\/\/blogdofarnesio.com.br\/","name":"Blog do Farn\u00e9sio","description":"Quer Saber Pol\u00edtica?","publisher":{"@id":"https:\/\/blogdofarnesio.com.br\/#organization"},"potentialAction":[{"@type":"SearchAction","target":{"@type":"EntryPoint","urlTemplate":"https:\/\/blogdofarnesio.com.br\/?s={search_term_string}"},"query-input":{"@type":"PropertyValueSpecification","valueRequired":true,"valueName":"search_term_string"}}],"inLanguage":"pt-BR"},{"@type":"Organization","@id":"https:\/\/blogdofarnesio.com.br\/#organization","name":"Blog do Farn\u00e9sio","url":"https:\/\/blogdofarnesio.com.br\/","logo":{"@type":"ImageObject","inLanguage":"pt-BR","@id":"https:\/\/blogdofarnesio.com.br\/#\/schema\/logo\/image\/","url":"https:\/\/blogdofarnesio.com.br\/wp-content\/uploads\/2026\/03\/cropped-logo_new-1.png","contentUrl":"https:\/\/blogdofarnesio.com.br\/wp-content\/uploads\/2026\/03\/cropped-logo_new-1.png","width":881,"height":685,"caption":"Blog do Farn\u00e9sio"},"image":{"@id":"https:\/\/blogdofarnesio.com.br\/#\/schema\/logo\/image\/"},"sameAs":["https:\/\/www.facebook.com\/BlogQuerSaberPolitica\/"]},{"@type":"Person","@id":"https:\/\/blogdofarnesio.com.br\/#\/schema\/person\/bb9b23ae3ad0609ce8df7b6c9e76824d","name":"Farn\u00e9sio","image":{"@type":"ImageObject","inLanguage":"pt-BR","@id":"https:\/\/secure.gravatar.com\/avatar\/986aa4c61ccdb66f8555bf88fc2a65609d00bcabd4d2d94377a727547345cbca?s=96&d=mm&r=g","url":"https:\/\/secure.gravatar.com\/avatar\/986aa4c61ccdb66f8555bf88fc2a65609d00bcabd4d2d94377a727547345cbca?s=96&d=mm&r=g","contentUrl":"https:\/\/secure.gravatar.com\/avatar\/986aa4c61ccdb66f8555bf88fc2a65609d00bcabd4d2d94377a727547345cbca?s=96&d=mm&r=g","caption":"Farn\u00e9sio"},"description":"Radialista blogueiro, chegou a Petrolina\/Juazeiro em setembro de 1980, Farn\u00e9sio Silva \u00e9 de Arapiraca-Alagoas.","sameAs":["http:\/\/blogdofarnesio.com.br","https:\/\/www.facebook.com\/?ref=tn_tnmn","https:\/\/www.instagram.com\/?utm_source=pwa_homescreen","https:\/\/youtube.com.br\/"],"url":"https:\/\/blogdofarnesio.com.br\/?author=2"}]}},"_links":{"self":[{"href":"https:\/\/blogdofarnesio.com.br\/index.php?rest_route=\/wp\/v2\/posts\/350448","targetHints":{"allow":["GET"]}}],"collection":[{"href":"https:\/\/blogdofarnesio.com.br\/index.php?rest_route=\/wp\/v2\/posts"}],"about":[{"href":"https:\/\/blogdofarnesio.com.br\/index.php?rest_route=\/wp\/v2\/types\/post"}],"author":[{"embeddable":true,"href":"https:\/\/blogdofarnesio.com.br\/index.php?rest_route=\/wp\/v2\/users\/2"}],"replies":[{"embeddable":true,"href":"https:\/\/blogdofarnesio.com.br\/index.php?rest_route=%2Fwp%2Fv2%2Fcomments&post=350448"}],"version-history":[{"count":0,"href":"https:\/\/blogdofarnesio.com.br\/index.php?rest_route=\/wp\/v2\/posts\/350448\/revisions"}],"wp:featuredmedia":[{"embeddable":true,"href":"https:\/\/blogdofarnesio.com.br\/index.php?rest_route=\/wp\/v2\/media\/345470"}],"wp:attachment":[{"href":"https:\/\/blogdofarnesio.com.br\/index.php?rest_route=%2Fwp%2Fv2%2Fmedia&parent=350448"}],"wp:term":[{"taxonomy":"category","embeddable":true,"href":"https:\/\/blogdofarnesio.com.br\/index.php?rest_route=%2Fwp%2Fv2%2Fcategories&post=350448"},{"taxonomy":"post_tag","embeddable":true,"href":"https:\/\/blogdofarnesio.com.br\/index.php?rest_route=%2Fwp%2Fv2%2Ftags&post=350448"}],"curies":[{"name":"wp","href":"https:\/\/api.w.org\/{rel}","templated":true}]}}