{"id":350440,"date":"2023-09-18T11:44:18","date_gmt":"2023-09-18T14:44:18","guid":{"rendered":"https:\/\/blogdofarnesio.com.br\/?p=350440"},"modified":"2023-09-18T09:17:56","modified_gmt":"2023-09-18T12:17:56","slug":"visita-do-ministro-abre-oportunidades-para-firmar-parcerias-no-vale-do-sao-francisco","status":"publish","type":"post","link":"https:\/\/blogdofarnesio.com.br\/?p=350440","title":{"rendered":"Visita do ministro abre oportunidades para firmar parcerias no Vale do S\u00e3o Francisco"},"content":{"rendered":"<div class=\"td-post-text-content\">\n<p>A secret\u00e1ria de Desenvolvimento Agr\u00e1rio, Agricultura, Pecu\u00e1ria e Pesca, \u00c9llen Vi\u00e9gas, disse ao final da visita de dois dias do ministro da Agricultura e Pecu\u00e1ria, Carlos F\u00e1vero, ao Vale do S\u00e3o Francisco, na sexta-feira e s\u00e1bado, nos lados baiano e pernambucano, que toda parceria para o desenvolvimento no campo \u00e9 benvinda e que a visita oportuniza ao ministro conhecer as potencialidades do Vale e as necessidades do produtor rural.<\/p>\n<p>\u201cA regi\u00e3o do Vale do S\u00e3o Francisco tem um extremo potencial produtivo para o mercado interno e externo\u201d, destacando que \u00e1gua e assist\u00eancia t\u00e9cnica \u00e9 uma das principais necessidades e um olhar atento pode atender o produtor em seus anseios e potencializar o desenvolvimento do Vale, especialmente onde ainda h\u00e1 necessidade\u201d, avaliou a secret\u00e1ria que acompanhou o ministro nas agendas no Vale baiano e pernambucano.<\/p>\n<p>O ministro Carlos F\u00e1vero, que \u00e9 matogrossense, ficou maravilhado ao final da programa\u00e7\u00e3o na regi\u00e3o. \u201cEstou encantando em ver a resili\u00eancia de homens e mulheres que n\u00e3o se curvaram diante das clima in\u00f3spito e fizeram disso uma grande oportunidade, gerando riqueza. Vamos apoiar mais projetos como este\u201d, falou o ministro.<\/p>\n<p>No lado pernambucano do Vale, \u00a0o ministro visitou experimentos com o plantio de frutas nos campos da Embrapa Semi\u00e1rido, acompanhado da diretora regional do \u00f3rg\u00e3o de pesquisa, Auxiliadora Coelho, e os experimentos que proporcionam a redu\u00e7\u00e3o na emiss\u00e3o de carbono chamou a aten\u00e7\u00e3o de F\u00e1vero.<\/p>\n<p>No projeto de fruticultura irrigada Maria Tereza, apoiado pela Codevasf, acompanhado ainda da secret\u00e1ria pernambucana e do empres\u00e1rio do Vale do S\u00e3o Francisco, Guilherme Coelho, o ministro visitou o per\u00edmetro irrigado para a produ\u00e7\u00e3o de uva e ouviu a hist\u00f3ria de pequenos produtores que vieram de outras regi\u00f5es e hoje est\u00e3o estabelecidos e pr\u00f3speros no Vale.<\/p>\n<p>A visita foi encerrada \u00e0 tarde na Univasf, onde a secret\u00e1ria e o ministro conheceram os laborat\u00f3rios m\u00f3veis do projeto Agrotec implantado em parceria com o Governo Federal, para presta\u00e7\u00e3o de servi\u00e7o aos produtores rurais.<\/p>\n<\/div>\n","protected":false},"excerpt":{"rendered":"<p>A secret\u00e1ria de Desenvolvimento Agr\u00e1rio, Agricultura, Pecu\u00e1ria e Pesca, \u00c9llen Vi\u00e9gas, disse ao final da visita de dois dias do ministro da Agricultura e Pecu\u00e1ria, Carlos F\u00e1vero, ao Vale do S\u00e3o Francisco, na sexta-feira e s\u00e1bado, nos lados baiano e pernambucano, que toda parceria para o desenvolvimento no campo \u00e9 benvinda e que a visita oportuniza ao ministro conhecer as potencialidades do Vale e as necessidades do produtor rural. \u201cA regi\u00e3o do Vale do S\u00e3o Francisco tem um extremo potencial produtivo para o mercado interno e externo\u201d, destacando que \u00e1gua e assist\u00eancia t\u00e9cnica \u00e9 uma das principais necessidades e um olhar atento pode atender o produtor em seus anseios e potencializar o desenvolvimento do Vale, especialmente onde ainda h\u00e1 necessidade\u201d,&hellip; <\/p>\n","protected":false},"author":2,"featured_media":350441,"comment_status":"open","ping_status":"open","sticky":false,"template":"","format":"standard","meta":{"_acf_changed":false,"footnotes":""},"categories":[13],"tags":[],"class_list":["post-350440","post","type-post","status-publish","format-standard","has-post-thumbnail","hentry","category-fruticultura"],"acf":[],"yoast_head":"<!-- This site is optimized with the Yoast SEO plugin v27.4 - https:\/\/yoast.com\/product\/yoast-seo-wordpress\/ -->\n<title>Visita do ministro abre oportunidades para firmar parcerias no Vale do S\u00e3o Francisco - Blog do Farn\u00e9sio<\/title>\n<meta name=\"robots\" content=\"index, follow, max-snippet:-1, max-image-preview:large, max-video-preview:-1\" \/>\n<link rel=\"canonical\" href=\"https:\/\/blogdofarnesio.com.br\/?p=350440\" \/>\n<meta property=\"og:locale\" content=\"pt_BR\" \/>\n<meta property=\"og:type\" content=\"article\" \/>\n<meta property=\"og:title\" content=\"Visita do ministro abre oportunidades para firmar parcerias no Vale do S\u00e3o Francisco - Blog do Farn\u00e9sio\" \/>\n<meta property=\"og:description\" content=\"A secret\u00e1ria de Desenvolvimento Agr\u00e1rio, Agricultura, Pecu\u00e1ria e Pesca, \u00c9llen Vi\u00e9gas, disse ao final da visita de dois dias do ministro da Agricultura e Pecu\u00e1ria, Carlos F\u00e1vero, ao Vale do S\u00e3o Francisco, na sexta-feira e s\u00e1bado, nos lados baiano e pernambucano, que toda parceria para o desenvolvimento no campo \u00e9 benvinda e que a visita oportuniza ao ministro conhecer as potencialidades do Vale e as necessidades do produtor rural. \u201cA regi\u00e3o do Vale do S\u00e3o Francisco tem um extremo potencial produtivo para o mercado interno e externo\u201d, destacando que \u00e1gua e assist\u00eancia t\u00e9cnica \u00e9 uma das principais necessidades e um olhar atento pode atender o produtor em seus anseios e potencializar o desenvolvimento do Vale, especialmente onde ainda h\u00e1 necessidade\u201d,&hellip;\" \/>\n<meta property=\"og:url\" content=\"https:\/\/blogdofarnesio.com.br\/?p=350440\" \/>\n<meta property=\"og:site_name\" content=\"Blog do Farn\u00e9sio\" \/>\n<meta property=\"article:publisher\" content=\"https:\/\/www.facebook.com\/BlogQuerSaberPolitica\/\" \/>\n<meta property=\"article:author\" content=\"https:\/\/www.facebook.com\/?ref=tn_tnmn\" \/>\n<meta property=\"article:published_time\" content=\"2023-09-18T14:44:18+00:00\" \/>\n<meta property=\"og:image\" content=\"https:\/\/blogdofarnesio.com.br\/wp-content\/uploads\/2023\/09\/blogqspguilhermemin-carlos-favaro-e1695039432992.jpg\" \/>\n\t<meta property=\"og:image:width\" content=\"575\" \/>\n\t<meta property=\"og:image:height\" content=\"383\" \/>\n\t<meta property=\"og:image:type\" content=\"image\/jpeg\" \/>\n<meta name=\"author\" content=\"Farn\u00e9sio\" \/>\n<meta name=\"twitter:card\" content=\"summary_large_image\" \/>\n<meta name=\"twitter:label1\" content=\"Escrito por\" \/>\n\t<meta name=\"twitter:data1\" content=\"Farn\u00e9sio\" \/>\n\t<meta name=\"twitter:label2\" content=\"Est. tempo de leitura\" \/>\n\t<meta name=\"twitter:data2\" content=\"2 minutos\" \/>\n<script type=\"application\/ld+json\" class=\"yoast-schema-graph\">{\"@context\":\"https:\\\/\\\/schema.org\",\"@graph\":[{\"@type\":\"Article\",\"@id\":\"https:\\\/\\\/blogdofarnesio.com.br\\\/?p=350440#article\",\"isPartOf\":{\"@id\":\"https:\\\/\\\/blogdofarnesio.com.br\\\/?p=350440\"},\"author\":{\"name\":\"Farn\u00e9sio\",\"@id\":\"https:\\\/\\\/blogdofarnesio.com.br\\\/#\\\/schema\\\/person\\\/bb9b23ae3ad0609ce8df7b6c9e76824d\"},\"headline\":\"Visita do ministro abre oportunidades para firmar parcerias no Vale do S\u00e3o Francisco\",\"datePublished\":\"2023-09-18T14:44:18+00:00\",\"mainEntityOfPage\":{\"@id\":\"https:\\\/\\\/blogdofarnesio.com.br\\\/?p=350440\"},\"wordCount\":369,\"commentCount\":0,\"publisher\":{\"@id\":\"https:\\\/\\\/blogdofarnesio.com.br\\\/#organization\"},\"image\":{\"@id\":\"https:\\\/\\\/blogdofarnesio.com.br\\\/?p=350440#primaryimage\"},\"thumbnailUrl\":\"https:\\\/\\\/blogdofarnesio.com.br\\\/wp-content\\\/uploads\\\/2023\\\/09\\\/blogqspguilhermemin-carlos-favaro-e1695039432992.jpg\",\"articleSection\":[\"Fruticultura\"],\"inLanguage\":\"pt-BR\",\"potentialAction\":[{\"@type\":\"CommentAction\",\"name\":\"Comment\",\"target\":[\"https:\\\/\\\/blogdofarnesio.com.br\\\/?p=350440#respond\"]}]},{\"@type\":\"WebPage\",\"@id\":\"https:\\\/\\\/blogdofarnesio.com.br\\\/?p=350440\",\"url\":\"https:\\\/\\\/blogdofarnesio.com.br\\\/?p=350440\",\"name\":\"Visita do ministro abre oportunidades para firmar parcerias no Vale do S\u00e3o Francisco - Blog do Farn\u00e9sio\",\"isPartOf\":{\"@id\":\"https:\\\/\\\/blogdofarnesio.com.br\\\/#website\"},\"primaryImageOfPage\":{\"@id\":\"https:\\\/\\\/blogdofarnesio.com.br\\\/?p=350440#primaryimage\"},\"image\":{\"@id\":\"https:\\\/\\\/blogdofarnesio.com.br\\\/?p=350440#primaryimage\"},\"thumbnailUrl\":\"https:\\\/\\\/blogdofarnesio.com.br\\\/wp-content\\\/uploads\\\/2023\\\/09\\\/blogqspguilhermemin-carlos-favaro-e1695039432992.jpg\",\"datePublished\":\"2023-09-18T14:44:18+00:00\",\"breadcrumb\":{\"@id\":\"https:\\\/\\\/blogdofarnesio.com.br\\\/?p=350440#breadcrumb\"},\"inLanguage\":\"pt-BR\",\"potentialAction\":[{\"@type\":\"ReadAction\",\"target\":[\"https:\\\/\\\/blogdofarnesio.com.br\\\/?p=350440\"]}]},{\"@type\":\"ImageObject\",\"inLanguage\":\"pt-BR\",\"@id\":\"https:\\\/\\\/blogdofarnesio.com.br\\\/?p=350440#primaryimage\",\"url\":\"https:\\\/\\\/blogdofarnesio.com.br\\\/wp-content\\\/uploads\\\/2023\\\/09\\\/blogqspguilhermemin-carlos-favaro-e1695039432992.jpg\",\"contentUrl\":\"https:\\\/\\\/blogdofarnesio.com.br\\\/wp-content\\\/uploads\\\/2023\\\/09\\\/blogqspguilhermemin-carlos-favaro-e1695039432992.jpg\",\"width\":575,\"height\":383},{\"@type\":\"BreadcrumbList\",\"@id\":\"https:\\\/\\\/blogdofarnesio.com.br\\\/?p=350440#breadcrumb\",\"itemListElement\":[{\"@type\":\"ListItem\",\"position\":1,\"name\":\"In\u00edcio\",\"item\":\"https:\\\/\\\/blogdofarnesio.com.br\\\/\"},{\"@type\":\"ListItem\",\"position\":2,\"name\":\"Visita do ministro abre oportunidades para firmar parcerias no Vale do S\u00e3o Francisco\"}]},{\"@type\":\"WebSite\",\"@id\":\"https:\\\/\\\/blogdofarnesio.com.br\\\/#website\",\"url\":\"https:\\\/\\\/blogdofarnesio.com.br\\\/\",\"name\":\"Blog do Farn\u00e9sio\",\"description\":\"Quer Saber Pol\u00edtica?\",\"publisher\":{\"@id\":\"https:\\\/\\\/blogdofarnesio.com.br\\\/#organization\"},\"potentialAction\":[{\"@type\":\"SearchAction\",\"target\":{\"@type\":\"EntryPoint\",\"urlTemplate\":\"https:\\\/\\\/blogdofarnesio.com.br\\\/?s={search_term_string}\"},\"query-input\":{\"@type\":\"PropertyValueSpecification\",\"valueRequired\":true,\"valueName\":\"search_term_string\"}}],\"inLanguage\":\"pt-BR\"},{\"@type\":\"Organization\",\"@id\":\"https:\\\/\\\/blogdofarnesio.com.br\\\/#organization\",\"name\":\"Blog do Farn\u00e9sio\",\"url\":\"https:\\\/\\\/blogdofarnesio.com.br\\\/\",\"logo\":{\"@type\":\"ImageObject\",\"inLanguage\":\"pt-BR\",\"@id\":\"https:\\\/\\\/blogdofarnesio.com.br\\\/#\\\/schema\\\/logo\\\/image\\\/\",\"url\":\"https:\\\/\\\/blogdofarnesio.com.br\\\/wp-content\\\/uploads\\\/2026\\\/03\\\/cropped-logo_new-1.png\",\"contentUrl\":\"https:\\\/\\\/blogdofarnesio.com.br\\\/wp-content\\\/uploads\\\/2026\\\/03\\\/cropped-logo_new-1.png\",\"width\":881,\"height\":685,\"caption\":\"Blog do Farn\u00e9sio\"},\"image\":{\"@id\":\"https:\\\/\\\/blogdofarnesio.com.br\\\/#\\\/schema\\\/logo\\\/image\\\/\"},\"sameAs\":[\"https:\\\/\\\/www.facebook.com\\\/BlogQuerSaberPolitica\\\/\"]},{\"@type\":\"Person\",\"@id\":\"https:\\\/\\\/blogdofarnesio.com.br\\\/#\\\/schema\\\/person\\\/bb9b23ae3ad0609ce8df7b6c9e76824d\",\"name\":\"Farn\u00e9sio\",\"image\":{\"@type\":\"ImageObject\",\"inLanguage\":\"pt-BR\",\"@id\":\"https:\\\/\\\/secure.gravatar.com\\\/avatar\\\/986aa4c61ccdb66f8555bf88fc2a65609d00bcabd4d2d94377a727547345cbca?s=96&d=mm&r=g\",\"url\":\"https:\\\/\\\/secure.gravatar.com\\\/avatar\\\/986aa4c61ccdb66f8555bf88fc2a65609d00bcabd4d2d94377a727547345cbca?s=96&d=mm&r=g\",\"contentUrl\":\"https:\\\/\\\/secure.gravatar.com\\\/avatar\\\/986aa4c61ccdb66f8555bf88fc2a65609d00bcabd4d2d94377a727547345cbca?s=96&d=mm&r=g\",\"caption\":\"Farn\u00e9sio\"},\"description\":\"Radialista blogueiro, chegou a Petrolina\\\/Juazeiro em setembro de 1980, Farn\u00e9sio Silva \u00e9 de Arapiraca-Alagoas.\",\"sameAs\":[\"http:\\\/\\\/blogdofarnesio.com.br\",\"https:\\\/\\\/www.facebook.com\\\/?ref=tn_tnmn\",\"https:\\\/\\\/www.instagram.com\\\/?utm_source=pwa_homescreen\",\"https:\\\/\\\/youtube.com.br\\\/\"],\"url\":\"https:\\\/\\\/blogdofarnesio.com.br\\\/?author=2\"}]}<\/script>\n<!-- \/ Yoast SEO plugin. -->","yoast_head_json":{"title":"Visita do ministro abre oportunidades para firmar parcerias no Vale do S\u00e3o Francisco - Blog do Farn\u00e9sio","robots":{"index":"index","follow":"follow","max-snippet":"max-snippet:-1","max-image-preview":"max-image-preview:large","max-video-preview":"max-video-preview:-1"},"canonical":"https:\/\/blogdofarnesio.com.br\/?p=350440","og_locale":"pt_BR","og_type":"article","og_title":"Visita do ministro abre oportunidades para firmar parcerias no Vale do S\u00e3o Francisco - Blog do Farn\u00e9sio","og_description":"A secret\u00e1ria de Desenvolvimento Agr\u00e1rio, Agricultura, Pecu\u00e1ria e Pesca, \u00c9llen Vi\u00e9gas, disse ao final da visita de dois dias do ministro da Agricultura e Pecu\u00e1ria, Carlos F\u00e1vero, ao Vale do S\u00e3o Francisco, na sexta-feira e s\u00e1bado, nos lados baiano e pernambucano, que toda parceria para o desenvolvimento no campo \u00e9 benvinda e que a visita oportuniza ao ministro conhecer as potencialidades do Vale e as necessidades do produtor rural. \u201cA regi\u00e3o do Vale do S\u00e3o Francisco tem um extremo potencial produtivo para o mercado interno e externo\u201d, destacando que \u00e1gua e assist\u00eancia t\u00e9cnica \u00e9 uma das principais necessidades e um olhar atento pode atender o produtor em seus anseios e potencializar o desenvolvimento do Vale, especialmente onde ainda h\u00e1 necessidade\u201d,&hellip;","og_url":"https:\/\/blogdofarnesio.com.br\/?p=350440","og_site_name":"Blog do Farn\u00e9sio","article_publisher":"https:\/\/www.facebook.com\/BlogQuerSaberPolitica\/","article_author":"https:\/\/www.facebook.com\/?ref=tn_tnmn","article_published_time":"2023-09-18T14:44:18+00:00","og_image":[{"width":575,"height":383,"url":"https:\/\/blogdofarnesio.com.br\/wp-content\/uploads\/2023\/09\/blogqspguilhermemin-carlos-favaro-e1695039432992.jpg","type":"image\/jpeg"}],"author":"Farn\u00e9sio","twitter_card":"summary_large_image","twitter_misc":{"Escrito por":"Farn\u00e9sio","Est. tempo de leitura":"2 minutos"},"schema":{"@context":"https:\/\/schema.org","@graph":[{"@type":"Article","@id":"https:\/\/blogdofarnesio.com.br\/?p=350440#article","isPartOf":{"@id":"https:\/\/blogdofarnesio.com.br\/?p=350440"},"author":{"name":"Farn\u00e9sio","@id":"https:\/\/blogdofarnesio.com.br\/#\/schema\/person\/bb9b23ae3ad0609ce8df7b6c9e76824d"},"headline":"Visita do ministro abre oportunidades para firmar parcerias no Vale do S\u00e3o Francisco","datePublished":"2023-09-18T14:44:18+00:00","mainEntityOfPage":{"@id":"https:\/\/blogdofarnesio.com.br\/?p=350440"},"wordCount":369,"commentCount":0,"publisher":{"@id":"https:\/\/blogdofarnesio.com.br\/#organization"},"image":{"@id":"https:\/\/blogdofarnesio.com.br\/?p=350440#primaryimage"},"thumbnailUrl":"https:\/\/blogdofarnesio.com.br\/wp-content\/uploads\/2023\/09\/blogqspguilhermemin-carlos-favaro-e1695039432992.jpg","articleSection":["Fruticultura"],"inLanguage":"pt-BR","potentialAction":[{"@type":"CommentAction","name":"Comment","target":["https:\/\/blogdofarnesio.com.br\/?p=350440#respond"]}]},{"@type":"WebPage","@id":"https:\/\/blogdofarnesio.com.br\/?p=350440","url":"https:\/\/blogdofarnesio.com.br\/?p=350440","name":"Visita do ministro abre oportunidades para firmar parcerias no Vale do S\u00e3o Francisco - Blog do Farn\u00e9sio","isPartOf":{"@id":"https:\/\/blogdofarnesio.com.br\/#website"},"primaryImageOfPage":{"@id":"https:\/\/blogdofarnesio.com.br\/?p=350440#primaryimage"},"image":{"@id":"https:\/\/blogdofarnesio.com.br\/?p=350440#primaryimage"},"thumbnailUrl":"https:\/\/blogdofarnesio.com.br\/wp-content\/uploads\/2023\/09\/blogqspguilhermemin-carlos-favaro-e1695039432992.jpg","datePublished":"2023-09-18T14:44:18+00:00","breadcrumb":{"@id":"https:\/\/blogdofarnesio.com.br\/?p=350440#breadcrumb"},"inLanguage":"pt-BR","potentialAction":[{"@type":"ReadAction","target":["https:\/\/blogdofarnesio.com.br\/?p=350440"]}]},{"@type":"ImageObject","inLanguage":"pt-BR","@id":"https:\/\/blogdofarnesio.com.br\/?p=350440#primaryimage","url":"https:\/\/blogdofarnesio.com.br\/wp-content\/uploads\/2023\/09\/blogqspguilhermemin-carlos-favaro-e1695039432992.jpg","contentUrl":"https:\/\/blogdofarnesio.com.br\/wp-content\/uploads\/2023\/09\/blogqspguilhermemin-carlos-favaro-e1695039432992.jpg","width":575,"height":383},{"@type":"BreadcrumbList","@id":"https:\/\/blogdofarnesio.com.br\/?p=350440#breadcrumb","itemListElement":[{"@type":"ListItem","position":1,"name":"In\u00edcio","item":"https:\/\/blogdofarnesio.com.br\/"},{"@type":"ListItem","position":2,"name":"Visita do ministro abre oportunidades para firmar parcerias no Vale do S\u00e3o Francisco"}]},{"@type":"WebSite","@id":"https:\/\/blogdofarnesio.com.br\/#website","url":"https:\/\/blogdofarnesio.com.br\/","name":"Blog do Farn\u00e9sio","description":"Quer Saber Pol\u00edtica?","publisher":{"@id":"https:\/\/blogdofarnesio.com.br\/#organization"},"potentialAction":[{"@type":"SearchAction","target":{"@type":"EntryPoint","urlTemplate":"https:\/\/blogdofarnesio.com.br\/?s={search_term_string}"},"query-input":{"@type":"PropertyValueSpecification","valueRequired":true,"valueName":"search_term_string"}}],"inLanguage":"pt-BR"},{"@type":"Organization","@id":"https:\/\/blogdofarnesio.com.br\/#organization","name":"Blog do Farn\u00e9sio","url":"https:\/\/blogdofarnesio.com.br\/","logo":{"@type":"ImageObject","inLanguage":"pt-BR","@id":"https:\/\/blogdofarnesio.com.br\/#\/schema\/logo\/image\/","url":"https:\/\/blogdofarnesio.com.br\/wp-content\/uploads\/2026\/03\/cropped-logo_new-1.png","contentUrl":"https:\/\/blogdofarnesio.com.br\/wp-content\/uploads\/2026\/03\/cropped-logo_new-1.png","width":881,"height":685,"caption":"Blog do Farn\u00e9sio"},"image":{"@id":"https:\/\/blogdofarnesio.com.br\/#\/schema\/logo\/image\/"},"sameAs":["https:\/\/www.facebook.com\/BlogQuerSaberPolitica\/"]},{"@type":"Person","@id":"https:\/\/blogdofarnesio.com.br\/#\/schema\/person\/bb9b23ae3ad0609ce8df7b6c9e76824d","name":"Farn\u00e9sio","image":{"@type":"ImageObject","inLanguage":"pt-BR","@id":"https:\/\/secure.gravatar.com\/avatar\/986aa4c61ccdb66f8555bf88fc2a65609d00bcabd4d2d94377a727547345cbca?s=96&d=mm&r=g","url":"https:\/\/secure.gravatar.com\/avatar\/986aa4c61ccdb66f8555bf88fc2a65609d00bcabd4d2d94377a727547345cbca?s=96&d=mm&r=g","contentUrl":"https:\/\/secure.gravatar.com\/avatar\/986aa4c61ccdb66f8555bf88fc2a65609d00bcabd4d2d94377a727547345cbca?s=96&d=mm&r=g","caption":"Farn\u00e9sio"},"description":"Radialista blogueiro, chegou a Petrolina\/Juazeiro em setembro de 1980, Farn\u00e9sio Silva \u00e9 de Arapiraca-Alagoas.","sameAs":["http:\/\/blogdofarnesio.com.br","https:\/\/www.facebook.com\/?ref=tn_tnmn","https:\/\/www.instagram.com\/?utm_source=pwa_homescreen","https:\/\/youtube.com.br\/"],"url":"https:\/\/blogdofarnesio.com.br\/?author=2"}]}},"_links":{"self":[{"href":"https:\/\/blogdofarnesio.com.br\/index.php?rest_route=\/wp\/v2\/posts\/350440","targetHints":{"allow":["GET"]}}],"collection":[{"href":"https:\/\/blogdofarnesio.com.br\/index.php?rest_route=\/wp\/v2\/posts"}],"about":[{"href":"https:\/\/blogdofarnesio.com.br\/index.php?rest_route=\/wp\/v2\/types\/post"}],"author":[{"embeddable":true,"href":"https:\/\/blogdofarnesio.com.br\/index.php?rest_route=\/wp\/v2\/users\/2"}],"replies":[{"embeddable":true,"href":"https:\/\/blogdofarnesio.com.br\/index.php?rest_route=%2Fwp%2Fv2%2Fcomments&post=350440"}],"version-history":[{"count":0,"href":"https:\/\/blogdofarnesio.com.br\/index.php?rest_route=\/wp\/v2\/posts\/350440\/revisions"}],"wp:featuredmedia":[{"embeddable":true,"href":"https:\/\/blogdofarnesio.com.br\/index.php?rest_route=\/wp\/v2\/media\/350441"}],"wp:attachment":[{"href":"https:\/\/blogdofarnesio.com.br\/index.php?rest_route=%2Fwp%2Fv2%2Fmedia&parent=350440"}],"wp:term":[{"taxonomy":"category","embeddable":true,"href":"https:\/\/blogdofarnesio.com.br\/index.php?rest_route=%2Fwp%2Fv2%2Fcategories&post=350440"},{"taxonomy":"post_tag","embeddable":true,"href":"https:\/\/blogdofarnesio.com.br\/index.php?rest_route=%2Fwp%2Fv2%2Ftags&post=350440"}],"curies":[{"name":"wp","href":"https:\/\/api.w.org\/{rel}","templated":true}]}}