{"id":350411,"date":"2023-09-18T14:42:31","date_gmt":"2023-09-18T17:42:31","guid":{"rendered":"https:\/\/blogdofarnesio.com.br\/?p=350411"},"modified":"2023-09-18T09:53:45","modified_gmt":"2023-09-18T12:53:45","slug":"numero-1-do-brasil-catarinense-andre-baran-e-michele-cappelletti-sao-campeoes-em-petrolina","status":"publish","type":"post","link":"https:\/\/blogdofarnesio.com.br\/?p=350411","title":{"rendered":"N\u00famero 1 do Brasil, catarinense Andr\u00e9 Baran e Michele Cappelletti s\u00e3o campe\u00f5es em Petrolina"},"content":{"rendered":"<p>Foi o segundo torneio da parceria, que comemora seu primeiro t\u00edtulo, em decis\u00e3o neste domingo (17). O catarinense &#8211; n\u00famero 1 do Brasil &#8211; conquistou tamb\u00e9m as duplas mistas, ao lado de Vit\u00f3ria Marchezini<\/p>\n<p>Andr\u00e9 Baran conquistou neste domingo (17) o seu segundo t\u00edtulo na primeira edi\u00e7\u00e3o do River Open Petrolina de Beach Tennis. O catarinense \u2013 n\u00famero 1 do Brasil e terceiro do mundo -, jogando ao lado do italiano Michele Cappelletti, quinto do ranking mundial e atleta do Arena Nacional, em S\u00e3o Paulo, foi campe\u00e3o nas duplas masculinas. Eles derrotaram a parceria brasileira formada por Leonardo Branco e Daniel Mola por duplo 6\/0. Antes, na quinta-feira (14), na abertura do torneio, disputado na EMS Arena, no Vale do S\u00e3o Francisco, em Pernambuco, o catarinense e a paranaense Vit\u00f3ria Marchezini \u2013 s\u00e9tima do mundo \u2013 comemoraram nas duplas mistas.<\/p>\n<p>Foi o segundo torneio de Baran e Cappelletti juntos, garantindo a primeira conquista, na estreia da dupla no Brasil. Antes, ficaram com o vice-campeonato do Sand Series Saarlouis Classic de Beach Tennis, na Alemanha, em agosto.<\/p>\n<p>&nbsp;<\/p>\n<p>&#8220;Muito feliz com o resultado. Estamos crescendo como dupla, nos adaptando, e conseguimos fazer uma partida s\u00f3lida. Muito legal esses dias aqui, um torneio que veio para ficar, com \u00f3tima estrutura. Agradecendo todo o apoio que tivemos&#8221;, explicou Baran, que tem o patroc\u00ednio da Havan, Praia Clube, Azambuja Mais, Qualicoco, Alto Giro, Grupo Urca, Oakley e Shark.<\/p>\n<p>&nbsp;<\/p>\n<p>Para chegar \u00e0 decis\u00e3o deste domingo, Baran e Cappelletti venceram, no s\u00e1bado (16) \u00e0 noite, na semifinal, os brasileiros Gustavo Russo e Felipe Roman tamb\u00e9m por duplo 6\/0. Bye na primeira rodada, das quartas de final, o catarinense e o italiano entraram direto na semifinal.<\/p>\n<p>&nbsp;<\/p>\n<p>Sobre Andr\u00e9 Baran &#8211; O ex-tenista Andr\u00e9 Baran nasceu em Brusque (SC) e hoje vive em Uberl\u00e2ndia (MG). Atual n\u00famero um do Brasil e terceiro melhor atleta no ranking internacional da modalidade, tornou-se refer\u00eancia no Beach Tennis ao colecionar t\u00edtulos mundiais pela sele\u00e7\u00e3o brasileira de Beach Tennis, como medalhas de ouro nos Jogos Pan-Americanos, ouro e prata nos Jogos Mundiais de Praia ANOC, no Catar, al\u00e9m de ser bicampe\u00e3o mundial por equipes no Brasil e R\u00fassia, e agora somando duas medalhas de ouro nos Jogos Sul-Americanos de Praia.<\/p>\n<p>&nbsp;<\/p>\n<p>Na carreira, Baran conquistou outros t\u00edtulos importantes da ITF nas duplas masculinas e mistas. Ao lado da parceira Rafaella Miller, comemorou o bicampeonato no Mundial de Terracina, na It\u00e1lia, al\u00e9m do ITF BT 400, em Balne\u00e1rio Cambori\u00fa (SC) e Sand Series em Ilhas Reuni\u00e3o. Em 2022, ao lado do parceiro russo Nikita Burmakin, foi campe\u00e3o do ITF BT 400 em Valinhos (SP) e, tamb\u00e9m, em Laguna (SC). Agora em 2023, Baran e Nikita comemoraram os t\u00edtulos do BT 400, em Abu Dhabi, nos Emirados \u00c1rabes, do Sand Series Ribeir\u00e3o Preto, no interior de S\u00e3o Paulo, do Sand Series Bras\u00edlia (DF) e do BT 400 de Uberl\u00e2ndia (MG). E foram campe\u00f5es por equipe no Follow the Beach Copacabana. Com o novo parceiro, Michele Cappelletti, foi vice-campe\u00e3o<\/p>\n<p>&nbsp;<\/p>\n<p>Desenvolveu sua pr\u00f3pria metodologia de ensino, que est\u00e1 presente no Praia Clube, em Uberl\u00e2ndia (MG) e, tamb\u00e9m, em Brusque (SC), na Sociedade Esportiva Bandeirante. Em parceria com a Alto Giro, Baran desenvolveu uma linha exclusiva de roupas que alia design, conforto e tecnologia. A Alto Giro, marca do grupo Recco Co que est\u00e1 no mercado h\u00e1 34 anos na confec\u00e7\u00e3o de roupas fitness e praia, descreve a cole\u00e7\u00e3o de Andr\u00e9 Baran como sendo composta por &#8220;pe\u00e7as superconfort\u00e1veis e com uma qualidade incr\u00edvel. De secagem r\u00e1pida e com prote\u00e7\u00e3o UV, os shorts e camisetas te ajudam a transmitir a sua melhor vers\u00e3o no esporte\u201d. A cole\u00e7\u00e3o assinada pelo n\u00famero um do Brasil conta ainda com bon\u00e9s, manguitos e agasalhos.<\/p>\n","protected":false},"excerpt":{"rendered":"<p>Foi o segundo torneio da parceria, que comemora seu primeiro t\u00edtulo, em decis\u00e3o neste domingo (17). O catarinense &#8211; n\u00famero 1 do Brasil &#8211; conquistou tamb\u00e9m as duplas mistas, ao lado de Vit\u00f3ria Marchezini Andr\u00e9 Baran conquistou neste domingo (17) o seu segundo t\u00edtulo na primeira edi\u00e7\u00e3o do River Open Petrolina de Beach Tennis. O catarinense \u2013 n\u00famero 1 do Brasil e terceiro do mundo -, jogando ao lado do italiano Michele Cappelletti, quinto do ranking mundial e atleta do Arena Nacional, em S\u00e3o Paulo, foi campe\u00e3o nas duplas masculinas. Eles derrotaram a parceria brasileira formada por Leonardo Branco e Daniel Mola por duplo 6\/0. Antes, na quinta-feira (14), na abertura do torneio, disputado na EMS Arena, no Vale do&hellip; <\/p>\n","protected":false},"author":2,"featured_media":350412,"comment_status":"open","ping_status":"open","sticky":false,"template":"","format":"standard","meta":{"_acf_changed":false,"footnotes":""},"categories":[8],"tags":[],"class_list":["post-350411","post","type-post","status-publish","format-standard","has-post-thumbnail","hentry","category-esportes"],"acf":[],"yoast_head":"<!-- This site is optimized with the Yoast SEO plugin v27.4 - https:\/\/yoast.com\/product\/yoast-seo-wordpress\/ -->\n<title>N\u00famero 1 do Brasil, catarinense Andr\u00e9 Baran e Michele Cappelletti s\u00e3o campe\u00f5es em Petrolina - Blog do Farn\u00e9sio<\/title>\n<meta name=\"robots\" content=\"index, follow, max-snippet:-1, max-image-preview:large, max-video-preview:-1\" \/>\n<link rel=\"canonical\" href=\"https:\/\/blogdofarnesio.com.br\/?p=350411\" \/>\n<meta property=\"og:locale\" content=\"pt_BR\" \/>\n<meta property=\"og:type\" content=\"article\" \/>\n<meta property=\"og:title\" content=\"N\u00famero 1 do Brasil, catarinense Andr\u00e9 Baran e Michele Cappelletti s\u00e3o campe\u00f5es em Petrolina - Blog do Farn\u00e9sio\" \/>\n<meta property=\"og:description\" content=\"Foi o segundo torneio da parceria, que comemora seu primeiro t\u00edtulo, em decis\u00e3o neste domingo (17). O catarinense &#8211; n\u00famero 1 do Brasil &#8211; conquistou tamb\u00e9m as duplas mistas, ao lado de Vit\u00f3ria Marchezini Andr\u00e9 Baran conquistou neste domingo (17) o seu segundo t\u00edtulo na primeira edi\u00e7\u00e3o do River Open Petrolina de Beach Tennis. O catarinense \u2013 n\u00famero 1 do Brasil e terceiro do mundo -, jogando ao lado do italiano Michele Cappelletti, quinto do ranking mundial e atleta do Arena Nacional, em S\u00e3o Paulo, foi campe\u00e3o nas duplas masculinas. Eles derrotaram a parceria brasileira formada por Leonardo Branco e Daniel Mola por duplo 6\/0. Antes, na quinta-feira (14), na abertura do torneio, disputado na EMS Arena, no Vale do&hellip;\" \/>\n<meta property=\"og:url\" content=\"https:\/\/blogdofarnesio.com.br\/?p=350411\" \/>\n<meta property=\"og:site_name\" content=\"Blog do Farn\u00e9sio\" \/>\n<meta property=\"article:publisher\" content=\"https:\/\/www.facebook.com\/BlogQuerSaberPolitica\/\" \/>\n<meta property=\"article:author\" content=\"https:\/\/www.facebook.com\/?ref=tn_tnmn\" \/>\n<meta property=\"article:published_time\" content=\"2023-09-18T17:42:31+00:00\" \/>\n<meta property=\"og:image\" content=\"https:\/\/blogdofarnesio.com.br\/wp-content\/uploads\/2023\/09\/428541_1078293_whatsapp_image_2023_09_17_at_19.14.41-aspect-ratio-512-320-e1694999626173.jpeg\" \/>\n\t<meta property=\"og:image:width\" content=\"550\" \/>\n\t<meta property=\"og:image:height\" content=\"344\" \/>\n\t<meta property=\"og:image:type\" content=\"image\/jpeg\" \/>\n<meta name=\"author\" content=\"Farn\u00e9sio\" \/>\n<meta name=\"twitter:card\" content=\"summary_large_image\" \/>\n<meta name=\"twitter:label1\" content=\"Escrito por\" \/>\n\t<meta name=\"twitter:data1\" content=\"Farn\u00e9sio\" \/>\n\t<meta name=\"twitter:label2\" content=\"Est. tempo de leitura\" \/>\n\t<meta name=\"twitter:data2\" content=\"4 minutos\" \/>\n<script type=\"application\/ld+json\" class=\"yoast-schema-graph\">{\"@context\":\"https:\\\/\\\/schema.org\",\"@graph\":[{\"@type\":\"Article\",\"@id\":\"https:\\\/\\\/blogdofarnesio.com.br\\\/?p=350411#article\",\"isPartOf\":{\"@id\":\"https:\\\/\\\/blogdofarnesio.com.br\\\/?p=350411\"},\"author\":{\"name\":\"Farn\u00e9sio\",\"@id\":\"https:\\\/\\\/blogdofarnesio.com.br\\\/#\\\/schema\\\/person\\\/bb9b23ae3ad0609ce8df7b6c9e76824d\"},\"headline\":\"N\u00famero 1 do Brasil, catarinense Andr\u00e9 Baran e Michele Cappelletti s\u00e3o campe\u00f5es em Petrolina\",\"datePublished\":\"2023-09-18T17:42:31+00:00\",\"mainEntityOfPage\":{\"@id\":\"https:\\\/\\\/blogdofarnesio.com.br\\\/?p=350411\"},\"wordCount\":664,\"commentCount\":0,\"publisher\":{\"@id\":\"https:\\\/\\\/blogdofarnesio.com.br\\\/#organization\"},\"image\":{\"@id\":\"https:\\\/\\\/blogdofarnesio.com.br\\\/?p=350411#primaryimage\"},\"thumbnailUrl\":\"https:\\\/\\\/blogdofarnesio.com.br\\\/wp-content\\\/uploads\\\/2023\\\/09\\\/428541_1078293_whatsapp_image_2023_09_17_at_19.14.41-aspect-ratio-512-320-e1694999626173.jpeg\",\"articleSection\":[\"Esportes\"],\"inLanguage\":\"pt-BR\",\"potentialAction\":[{\"@type\":\"CommentAction\",\"name\":\"Comment\",\"target\":[\"https:\\\/\\\/blogdofarnesio.com.br\\\/?p=350411#respond\"]}]},{\"@type\":\"WebPage\",\"@id\":\"https:\\\/\\\/blogdofarnesio.com.br\\\/?p=350411\",\"url\":\"https:\\\/\\\/blogdofarnesio.com.br\\\/?p=350411\",\"name\":\"N\u00famero 1 do Brasil, catarinense Andr\u00e9 Baran e Michele Cappelletti s\u00e3o campe\u00f5es em Petrolina - Blog do Farn\u00e9sio\",\"isPartOf\":{\"@id\":\"https:\\\/\\\/blogdofarnesio.com.br\\\/#website\"},\"primaryImageOfPage\":{\"@id\":\"https:\\\/\\\/blogdofarnesio.com.br\\\/?p=350411#primaryimage\"},\"image\":{\"@id\":\"https:\\\/\\\/blogdofarnesio.com.br\\\/?p=350411#primaryimage\"},\"thumbnailUrl\":\"https:\\\/\\\/blogdofarnesio.com.br\\\/wp-content\\\/uploads\\\/2023\\\/09\\\/428541_1078293_whatsapp_image_2023_09_17_at_19.14.41-aspect-ratio-512-320-e1694999626173.jpeg\",\"datePublished\":\"2023-09-18T17:42:31+00:00\",\"breadcrumb\":{\"@id\":\"https:\\\/\\\/blogdofarnesio.com.br\\\/?p=350411#breadcrumb\"},\"inLanguage\":\"pt-BR\",\"potentialAction\":[{\"@type\":\"ReadAction\",\"target\":[\"https:\\\/\\\/blogdofarnesio.com.br\\\/?p=350411\"]}]},{\"@type\":\"ImageObject\",\"inLanguage\":\"pt-BR\",\"@id\":\"https:\\\/\\\/blogdofarnesio.com.br\\\/?p=350411#primaryimage\",\"url\":\"https:\\\/\\\/blogdofarnesio.com.br\\\/wp-content\\\/uploads\\\/2023\\\/09\\\/428541_1078293_whatsapp_image_2023_09_17_at_19.14.41-aspect-ratio-512-320-e1694999626173.jpeg\",\"contentUrl\":\"https:\\\/\\\/blogdofarnesio.com.br\\\/wp-content\\\/uploads\\\/2023\\\/09\\\/428541_1078293_whatsapp_image_2023_09_17_at_19.14.41-aspect-ratio-512-320-e1694999626173.jpeg\",\"width\":550,\"height\":344},{\"@type\":\"BreadcrumbList\",\"@id\":\"https:\\\/\\\/blogdofarnesio.com.br\\\/?p=350411#breadcrumb\",\"itemListElement\":[{\"@type\":\"ListItem\",\"position\":1,\"name\":\"In\u00edcio\",\"item\":\"https:\\\/\\\/blogdofarnesio.com.br\\\/\"},{\"@type\":\"ListItem\",\"position\":2,\"name\":\"N\u00famero 1 do Brasil, catarinense Andr\u00e9 Baran e Michele Cappelletti s\u00e3o campe\u00f5es em Petrolina\"}]},{\"@type\":\"WebSite\",\"@id\":\"https:\\\/\\\/blogdofarnesio.com.br\\\/#website\",\"url\":\"https:\\\/\\\/blogdofarnesio.com.br\\\/\",\"name\":\"Blog do Farn\u00e9sio\",\"description\":\"Quer Saber Pol\u00edtica?\",\"publisher\":{\"@id\":\"https:\\\/\\\/blogdofarnesio.com.br\\\/#organization\"},\"potentialAction\":[{\"@type\":\"SearchAction\",\"target\":{\"@type\":\"EntryPoint\",\"urlTemplate\":\"https:\\\/\\\/blogdofarnesio.com.br\\\/?s={search_term_string}\"},\"query-input\":{\"@type\":\"PropertyValueSpecification\",\"valueRequired\":true,\"valueName\":\"search_term_string\"}}],\"inLanguage\":\"pt-BR\"},{\"@type\":\"Organization\",\"@id\":\"https:\\\/\\\/blogdofarnesio.com.br\\\/#organization\",\"name\":\"Blog do Farn\u00e9sio\",\"url\":\"https:\\\/\\\/blogdofarnesio.com.br\\\/\",\"logo\":{\"@type\":\"ImageObject\",\"inLanguage\":\"pt-BR\",\"@id\":\"https:\\\/\\\/blogdofarnesio.com.br\\\/#\\\/schema\\\/logo\\\/image\\\/\",\"url\":\"https:\\\/\\\/blogdofarnesio.com.br\\\/wp-content\\\/uploads\\\/2026\\\/03\\\/cropped-logo_new-1.png\",\"contentUrl\":\"https:\\\/\\\/blogdofarnesio.com.br\\\/wp-content\\\/uploads\\\/2026\\\/03\\\/cropped-logo_new-1.png\",\"width\":881,\"height\":685,\"caption\":\"Blog do Farn\u00e9sio\"},\"image\":{\"@id\":\"https:\\\/\\\/blogdofarnesio.com.br\\\/#\\\/schema\\\/logo\\\/image\\\/\"},\"sameAs\":[\"https:\\\/\\\/www.facebook.com\\\/BlogQuerSaberPolitica\\\/\"]},{\"@type\":\"Person\",\"@id\":\"https:\\\/\\\/blogdofarnesio.com.br\\\/#\\\/schema\\\/person\\\/bb9b23ae3ad0609ce8df7b6c9e76824d\",\"name\":\"Farn\u00e9sio\",\"image\":{\"@type\":\"ImageObject\",\"inLanguage\":\"pt-BR\",\"@id\":\"https:\\\/\\\/secure.gravatar.com\\\/avatar\\\/986aa4c61ccdb66f8555bf88fc2a65609d00bcabd4d2d94377a727547345cbca?s=96&d=mm&r=g\",\"url\":\"https:\\\/\\\/secure.gravatar.com\\\/avatar\\\/986aa4c61ccdb66f8555bf88fc2a65609d00bcabd4d2d94377a727547345cbca?s=96&d=mm&r=g\",\"contentUrl\":\"https:\\\/\\\/secure.gravatar.com\\\/avatar\\\/986aa4c61ccdb66f8555bf88fc2a65609d00bcabd4d2d94377a727547345cbca?s=96&d=mm&r=g\",\"caption\":\"Farn\u00e9sio\"},\"description\":\"Radialista blogueiro, chegou a Petrolina\\\/Juazeiro em setembro de 1980, Farn\u00e9sio Silva \u00e9 de Arapiraca-Alagoas.\",\"sameAs\":[\"http:\\\/\\\/blogdofarnesio.com.br\",\"https:\\\/\\\/www.facebook.com\\\/?ref=tn_tnmn\",\"https:\\\/\\\/www.instagram.com\\\/?utm_source=pwa_homescreen\",\"https:\\\/\\\/youtube.com.br\\\/\"],\"url\":\"https:\\\/\\\/blogdofarnesio.com.br\\\/?author=2\"}]}<\/script>\n<!-- \/ Yoast SEO plugin. -->","yoast_head_json":{"title":"N\u00famero 1 do Brasil, catarinense Andr\u00e9 Baran e Michele Cappelletti s\u00e3o campe\u00f5es em Petrolina - Blog do Farn\u00e9sio","robots":{"index":"index","follow":"follow","max-snippet":"max-snippet:-1","max-image-preview":"max-image-preview:large","max-video-preview":"max-video-preview:-1"},"canonical":"https:\/\/blogdofarnesio.com.br\/?p=350411","og_locale":"pt_BR","og_type":"article","og_title":"N\u00famero 1 do Brasil, catarinense Andr\u00e9 Baran e Michele Cappelletti s\u00e3o campe\u00f5es em Petrolina - Blog do Farn\u00e9sio","og_description":"Foi o segundo torneio da parceria, que comemora seu primeiro t\u00edtulo, em decis\u00e3o neste domingo (17). O catarinense &#8211; n\u00famero 1 do Brasil &#8211; conquistou tamb\u00e9m as duplas mistas, ao lado de Vit\u00f3ria Marchezini Andr\u00e9 Baran conquistou neste domingo (17) o seu segundo t\u00edtulo na primeira edi\u00e7\u00e3o do River Open Petrolina de Beach Tennis. O catarinense \u2013 n\u00famero 1 do Brasil e terceiro do mundo -, jogando ao lado do italiano Michele Cappelletti, quinto do ranking mundial e atleta do Arena Nacional, em S\u00e3o Paulo, foi campe\u00e3o nas duplas masculinas. Eles derrotaram a parceria brasileira formada por Leonardo Branco e Daniel Mola por duplo 6\/0. Antes, na quinta-feira (14), na abertura do torneio, disputado na EMS Arena, no Vale do&hellip;","og_url":"https:\/\/blogdofarnesio.com.br\/?p=350411","og_site_name":"Blog do Farn\u00e9sio","article_publisher":"https:\/\/www.facebook.com\/BlogQuerSaberPolitica\/","article_author":"https:\/\/www.facebook.com\/?ref=tn_tnmn","article_published_time":"2023-09-18T17:42:31+00:00","og_image":[{"width":550,"height":344,"url":"https:\/\/blogdofarnesio.com.br\/wp-content\/uploads\/2023\/09\/428541_1078293_whatsapp_image_2023_09_17_at_19.14.41-aspect-ratio-512-320-e1694999626173.jpeg","type":"image\/jpeg"}],"author":"Farn\u00e9sio","twitter_card":"summary_large_image","twitter_misc":{"Escrito por":"Farn\u00e9sio","Est. tempo de leitura":"4 minutos"},"schema":{"@context":"https:\/\/schema.org","@graph":[{"@type":"Article","@id":"https:\/\/blogdofarnesio.com.br\/?p=350411#article","isPartOf":{"@id":"https:\/\/blogdofarnesio.com.br\/?p=350411"},"author":{"name":"Farn\u00e9sio","@id":"https:\/\/blogdofarnesio.com.br\/#\/schema\/person\/bb9b23ae3ad0609ce8df7b6c9e76824d"},"headline":"N\u00famero 1 do Brasil, catarinense Andr\u00e9 Baran e Michele Cappelletti s\u00e3o campe\u00f5es em Petrolina","datePublished":"2023-09-18T17:42:31+00:00","mainEntityOfPage":{"@id":"https:\/\/blogdofarnesio.com.br\/?p=350411"},"wordCount":664,"commentCount":0,"publisher":{"@id":"https:\/\/blogdofarnesio.com.br\/#organization"},"image":{"@id":"https:\/\/blogdofarnesio.com.br\/?p=350411#primaryimage"},"thumbnailUrl":"https:\/\/blogdofarnesio.com.br\/wp-content\/uploads\/2023\/09\/428541_1078293_whatsapp_image_2023_09_17_at_19.14.41-aspect-ratio-512-320-e1694999626173.jpeg","articleSection":["Esportes"],"inLanguage":"pt-BR","potentialAction":[{"@type":"CommentAction","name":"Comment","target":["https:\/\/blogdofarnesio.com.br\/?p=350411#respond"]}]},{"@type":"WebPage","@id":"https:\/\/blogdofarnesio.com.br\/?p=350411","url":"https:\/\/blogdofarnesio.com.br\/?p=350411","name":"N\u00famero 1 do Brasil, catarinense Andr\u00e9 Baran e Michele Cappelletti s\u00e3o campe\u00f5es em Petrolina - Blog do Farn\u00e9sio","isPartOf":{"@id":"https:\/\/blogdofarnesio.com.br\/#website"},"primaryImageOfPage":{"@id":"https:\/\/blogdofarnesio.com.br\/?p=350411#primaryimage"},"image":{"@id":"https:\/\/blogdofarnesio.com.br\/?p=350411#primaryimage"},"thumbnailUrl":"https:\/\/blogdofarnesio.com.br\/wp-content\/uploads\/2023\/09\/428541_1078293_whatsapp_image_2023_09_17_at_19.14.41-aspect-ratio-512-320-e1694999626173.jpeg","datePublished":"2023-09-18T17:42:31+00:00","breadcrumb":{"@id":"https:\/\/blogdofarnesio.com.br\/?p=350411#breadcrumb"},"inLanguage":"pt-BR","potentialAction":[{"@type":"ReadAction","target":["https:\/\/blogdofarnesio.com.br\/?p=350411"]}]},{"@type":"ImageObject","inLanguage":"pt-BR","@id":"https:\/\/blogdofarnesio.com.br\/?p=350411#primaryimage","url":"https:\/\/blogdofarnesio.com.br\/wp-content\/uploads\/2023\/09\/428541_1078293_whatsapp_image_2023_09_17_at_19.14.41-aspect-ratio-512-320-e1694999626173.jpeg","contentUrl":"https:\/\/blogdofarnesio.com.br\/wp-content\/uploads\/2023\/09\/428541_1078293_whatsapp_image_2023_09_17_at_19.14.41-aspect-ratio-512-320-e1694999626173.jpeg","width":550,"height":344},{"@type":"BreadcrumbList","@id":"https:\/\/blogdofarnesio.com.br\/?p=350411#breadcrumb","itemListElement":[{"@type":"ListItem","position":1,"name":"In\u00edcio","item":"https:\/\/blogdofarnesio.com.br\/"},{"@type":"ListItem","position":2,"name":"N\u00famero 1 do Brasil, catarinense Andr\u00e9 Baran e Michele Cappelletti s\u00e3o campe\u00f5es em Petrolina"}]},{"@type":"WebSite","@id":"https:\/\/blogdofarnesio.com.br\/#website","url":"https:\/\/blogdofarnesio.com.br\/","name":"Blog do Farn\u00e9sio","description":"Quer Saber Pol\u00edtica?","publisher":{"@id":"https:\/\/blogdofarnesio.com.br\/#organization"},"potentialAction":[{"@type":"SearchAction","target":{"@type":"EntryPoint","urlTemplate":"https:\/\/blogdofarnesio.com.br\/?s={search_term_string}"},"query-input":{"@type":"PropertyValueSpecification","valueRequired":true,"valueName":"search_term_string"}}],"inLanguage":"pt-BR"},{"@type":"Organization","@id":"https:\/\/blogdofarnesio.com.br\/#organization","name":"Blog do Farn\u00e9sio","url":"https:\/\/blogdofarnesio.com.br\/","logo":{"@type":"ImageObject","inLanguage":"pt-BR","@id":"https:\/\/blogdofarnesio.com.br\/#\/schema\/logo\/image\/","url":"https:\/\/blogdofarnesio.com.br\/wp-content\/uploads\/2026\/03\/cropped-logo_new-1.png","contentUrl":"https:\/\/blogdofarnesio.com.br\/wp-content\/uploads\/2026\/03\/cropped-logo_new-1.png","width":881,"height":685,"caption":"Blog do Farn\u00e9sio"},"image":{"@id":"https:\/\/blogdofarnesio.com.br\/#\/schema\/logo\/image\/"},"sameAs":["https:\/\/www.facebook.com\/BlogQuerSaberPolitica\/"]},{"@type":"Person","@id":"https:\/\/blogdofarnesio.com.br\/#\/schema\/person\/bb9b23ae3ad0609ce8df7b6c9e76824d","name":"Farn\u00e9sio","image":{"@type":"ImageObject","inLanguage":"pt-BR","@id":"https:\/\/secure.gravatar.com\/avatar\/986aa4c61ccdb66f8555bf88fc2a65609d00bcabd4d2d94377a727547345cbca?s=96&d=mm&r=g","url":"https:\/\/secure.gravatar.com\/avatar\/986aa4c61ccdb66f8555bf88fc2a65609d00bcabd4d2d94377a727547345cbca?s=96&d=mm&r=g","contentUrl":"https:\/\/secure.gravatar.com\/avatar\/986aa4c61ccdb66f8555bf88fc2a65609d00bcabd4d2d94377a727547345cbca?s=96&d=mm&r=g","caption":"Farn\u00e9sio"},"description":"Radialista blogueiro, chegou a Petrolina\/Juazeiro em setembro de 1980, Farn\u00e9sio Silva \u00e9 de Arapiraca-Alagoas.","sameAs":["http:\/\/blogdofarnesio.com.br","https:\/\/www.facebook.com\/?ref=tn_tnmn","https:\/\/www.instagram.com\/?utm_source=pwa_homescreen","https:\/\/youtube.com.br\/"],"url":"https:\/\/blogdofarnesio.com.br\/?author=2"}]}},"_links":{"self":[{"href":"https:\/\/blogdofarnesio.com.br\/index.php?rest_route=\/wp\/v2\/posts\/350411","targetHints":{"allow":["GET"]}}],"collection":[{"href":"https:\/\/blogdofarnesio.com.br\/index.php?rest_route=\/wp\/v2\/posts"}],"about":[{"href":"https:\/\/blogdofarnesio.com.br\/index.php?rest_route=\/wp\/v2\/types\/post"}],"author":[{"embeddable":true,"href":"https:\/\/blogdofarnesio.com.br\/index.php?rest_route=\/wp\/v2\/users\/2"}],"replies":[{"embeddable":true,"href":"https:\/\/blogdofarnesio.com.br\/index.php?rest_route=%2Fwp%2Fv2%2Fcomments&post=350411"}],"version-history":[{"count":0,"href":"https:\/\/blogdofarnesio.com.br\/index.php?rest_route=\/wp\/v2\/posts\/350411\/revisions"}],"wp:featuredmedia":[{"embeddable":true,"href":"https:\/\/blogdofarnesio.com.br\/index.php?rest_route=\/wp\/v2\/media\/350412"}],"wp:attachment":[{"href":"https:\/\/blogdofarnesio.com.br\/index.php?rest_route=%2Fwp%2Fv2%2Fmedia&parent=350411"}],"wp:term":[{"taxonomy":"category","embeddable":true,"href":"https:\/\/blogdofarnesio.com.br\/index.php?rest_route=%2Fwp%2Fv2%2Fcategories&post=350411"},{"taxonomy":"post_tag","embeddable":true,"href":"https:\/\/blogdofarnesio.com.br\/index.php?rest_route=%2Fwp%2Fv2%2Ftags&post=350411"}],"curies":[{"name":"wp","href":"https:\/\/api.w.org\/{rel}","templated":true}]}}