{"id":350408,"date":"2023-09-18T10:23:38","date_gmt":"2023-09-18T13:23:38","guid":{"rendered":"https:\/\/blogdofarnesio.com.br\/?p=350408"},"modified":"2023-09-18T08:04:27","modified_gmt":"2023-09-18T11:04:27","slug":"com-vagas-para-juazeiro-sesi-oferece-mil-vagas-gratuitas-para-educacao-de-jovens-e-adultos","status":"publish","type":"post","link":"https:\/\/blogdofarnesio.com.br\/?p=350408","title":{"rendered":"Com vagas para Juazeiro SESI oferece mil vagas gratuitas para Educa\u00e7\u00e3o de Jovens e Adultos"},"content":{"rendered":"<p style=\"font-weight: 400;\"><em>Oportunidades, dispon\u00edveis em oito munic\u00edpios baianos, s\u00e3o para quem tem mais de 18 anos e n\u00e3o concluiu o ensino fundamental e m\u00e9dio<\/em><\/p>\n<p style=\"font-weight: 400;\"><em>\u00a0<\/em><\/p>\n<p style=\"font-weight: 400;\">O Servi\u00e7o Social da Ind\u00fastria (SESI Bahia) ainda tem\u00a0<strong>mil vagas gratuitas<\/strong>\u00a0para Educa\u00e7\u00e3o de Jovens e Adultos (EJA) em oito munic\u00edpios baianos. As oportunidades s\u00e3o voltadas para jovens a partir de 18 anos que n\u00e3o conclu\u00edram o Ensino Fundamental Anos Finais (6\u00ba ao 9\u00ba ano) e o Ensino M\u00e9dio (1\u00ba ao 3\u00ba ano). As inscri\u00e7\u00f5es devem ser feitas pela internet,\u00a0<strong>at\u00e9 o dia 29 de setembro<\/strong>, no site do SESI Bahia (<a href=\"http:\/\/www.sesibahia.com.br\/\" data-saferedirecturl=\"https:\/\/www.google.com\/url?q=http:\/\/www.sesibahia.com.br&amp;source=gmail&amp;ust=1695036119826000&amp;usg=AOvVaw37rzDnNJDySSkie5YownA8\">www.sesibahia.com.br<\/a>).<\/p>\n<p style=\"font-weight: 400;\">As vagas est\u00e3o sendo oferecidas nos polos da EJA do SESI Bahia nas cidades de Cama\u00e7ari, Feira de Santana, Ilh\u00e9us, Juazeiro, Lu\u00eds Eduardo Magalh\u00e3es, Salvador, Teixeira de Freitas, Vit\u00f3ria da Conquista.<\/p>\n<p style=\"font-weight: 400;\">As aulas ser\u00e3o na modalidade semipresencial, sendo 80% a dist\u00e2ncia, pela plataforma de ensino do SESI, e 20% presencial. Para isso, o estudante precisa ter acesso \u00e0 internet.<\/p>\n<p style=\"font-weight: 400;\"><strong>Lideran\u00e7a<\/strong><\/p>\n<p style=\"font-weight: 400;\">O SESI Bahia \u00e9 l\u00edder na oferta de vagas de educa\u00e7\u00e3o de jovens e adultos em toda a Bahia, com cerca de 10 mil alunos matriculados anualmente em diversas modalidades. A institui\u00e7\u00e3o trabalha com a Metodologia de Reconhecimento de Saberes, que identifica, valida e certifica as compet\u00eancias e habilidades desenvolvidas nas experi\u00eancias de vida e trabalho do estudante. A principal vantagem \u00e9 que o reconhecimento dos conhecimentos pr\u00e9vios dos estudantes pode diminuir o tempo de curso, ao focar nas compet\u00eancias essenciais que o estudante precisa dominar para concluir o ensino fundamental ou m\u00e9dio.<\/p>\n<p style=\"font-weight: 400;\">O curso de EJA do SESI Bahia \u00e9 reconhecido pelo Conselho Estadual de Educa\u00e7\u00e3o e pelo Minist\u00e9rio da Educa\u00e7\u00e3o.<\/p>\n<p style=\"font-weight: 400;\"><strong>Confira as vagas dispon\u00edveis nos Polos da EJA do SESI Bahia:<\/strong><\/p>\n<table style=\"font-weight: 400;\" width=\"566\">\n<tbody>\n<tr>\n<td width=\"92\"><strong>Cidade<\/strong><\/td>\n<td width=\"195\"><strong>Escola SESI<\/strong><\/td>\n<td width=\"206\"><strong>Contato<\/strong><\/td>\n<td width=\"72\"><strong>Vagas<\/strong><\/td>\n<\/tr>\n<tr>\n<td width=\"92\">Cama\u00e7ari<\/td>\n<td width=\"195\">Escola SESI Milton Santos<\/td>\n<td width=\"206\">(71) 3234-8230<\/td>\n<td width=\"72\">150<\/td>\n<\/tr>\n<tr>\n<td width=\"92\">Feira de Santana<\/td>\n<td width=\"195\">Escola SESI Jos\u00e9 Carvalho<\/td>\n<td width=\"206\">(75) 3602-9790<br \/>\nWhatsApp: (71) 996554582<\/td>\n<td width=\"72\">150<\/td>\n<\/tr>\n<tr>\n<td width=\"92\">Ilh\u00e9us<\/td>\n<td width=\"195\">Escola SESI Adonias Filho<\/td>\n<td width=\"206\">(73)3222-7077\/ (73)3222-7069<\/td>\n<td width=\"72\">100<\/td>\n<\/tr>\n<tr>\n<td width=\"92\"><strong>Juazeiro<\/strong><\/td>\n<td width=\"195\"><strong>Escola SESI Jo\u00e3o Gilberto<\/strong><\/td>\n<td width=\"206\"><strong>(74) 2102-7144<\/strong><br \/>\n<strong>WhatsApp: (71) 9 9700-7119\/(71) 9 9906-8083<\/strong><\/td>\n<td width=\"72\"><strong>100<\/strong><\/td>\n<\/tr>\n<tr>\n<td width=\"92\">Lu\u00eds Eduardo Magalh\u00e3es<\/td>\n<td width=\"195\">Escola SESI Jo\u00e3o Ubaldo Ribeiro<\/td>\n<td width=\"206\">(77) 3639-6400\/6401 (77) 9 8825-5471<\/td>\n<td width=\"72\">100<\/td>\n<\/tr>\n<tr>\n<td width=\"92\">Salvador<\/td>\n<td width=\"195\">Escola SESI Reitor Miguel Calmon<\/td>\n<td width=\"206\">(71) 3234-8230<\/td>\n<td width=\"72\">200<\/td>\n<\/tr>\n<tr>\n<td width=\"92\">Teixeira de Freitas<\/td>\n<td width=\"195\">Escola SESI Maria Od\u00edlia Teixeira<\/td>\n<td width=\"206\">(73 )3164-2704<\/td>\n<td width=\"72\">100<\/td>\n<\/tr>\n<tr>\n<td width=\"92\">Vit\u00f3ria da Conquista<\/td>\n<td width=\"195\">Escola SESI An\u00edsio Teixeira<\/td>\n<td width=\"206\">(77) 3201-5703 ou (77) 3201-5722<\/td>\n<td width=\"72\">100<\/td>\n<\/tr>\n<tr>\n<td colspan=\"3\" width=\"494\"><strong>Total<\/strong><\/td>\n<td width=\"72\"><strong>1.000<\/strong><\/td>\n<\/tr>\n<\/tbody>\n<\/table>\n<p style=\"font-weight: 400;\"><strong>SERVI\u00c7O<\/strong>:<\/p>\n<p style=\"font-weight: 400;\"><strong>O QUE:<\/strong>\u00a0Inscri\u00e7\u00f5es para\u00a0vagas de Educa\u00e7\u00e3o de Jovens e Adultos (EJA) do SESI Bahia<\/p>\n<p style=\"font-weight: 400;\"><strong>QUANDO:<\/strong>\u00a0At\u00e9\u00a029.09.2023<\/p>\n<p style=\"font-weight: 400;\"><strong><br \/>\nINSCRI\u00c7\u00d5ES:<\/strong>\u00a0Pela internet, no site\u202f<u><a href=\"http:\/\/www.sesibahia.com.br\/\" data-saferedirecturl=\"https:\/\/www.google.com\/url?q=http:\/\/www.sesibahia.com.br&amp;source=gmail&amp;ust=1695036119826000&amp;usg=AOvVaw37rzDnNJDySSkie5YownA8\">www.sesibahia.com.br<\/a><\/u><\/p>\n","protected":false},"excerpt":{"rendered":"<p>Oportunidades, dispon\u00edveis em oito munic\u00edpios baianos, s\u00e3o para quem tem mais de 18 anos e n\u00e3o concluiu o ensino fundamental e m\u00e9dio \u00a0 O Servi\u00e7o Social da Ind\u00fastria (SESI Bahia) ainda tem\u00a0mil vagas gratuitas\u00a0para Educa\u00e7\u00e3o de Jovens e Adultos (EJA) em oito munic\u00edpios baianos. As oportunidades s\u00e3o voltadas para jovens a partir de 18 anos que n\u00e3o conclu\u00edram o Ensino Fundamental Anos Finais (6\u00ba ao 9\u00ba ano) e o Ensino M\u00e9dio (1\u00ba ao 3\u00ba ano). As inscri\u00e7\u00f5es devem ser feitas pela internet,\u00a0at\u00e9 o dia 29 de setembro, no site do SESI Bahia (www.sesibahia.com.br). As vagas est\u00e3o sendo oferecidas nos polos da EJA do SESI Bahia nas cidades de Cama\u00e7ari, Feira de Santana, Ilh\u00e9us, Juazeiro, Lu\u00eds Eduardo Magalh\u00e3es, Salvador, Teixeira de&hellip; <\/p>\n","protected":false},"author":2,"featured_media":236574,"comment_status":"open","ping_status":"open","sticky":false,"template":"","format":"standard","meta":{"_acf_changed":false,"footnotes":""},"categories":[6],"tags":[],"class_list":["post-350408","post","type-post","status-publish","format-standard","has-post-thumbnail","hentry","category-educacao"],"acf":[],"yoast_head":"<!-- This site is optimized with the Yoast SEO plugin v27.4 - https:\/\/yoast.com\/product\/yoast-seo-wordpress\/ -->\n<title>Com vagas para Juazeiro SESI oferece mil vagas gratuitas para Educa\u00e7\u00e3o de Jovens e Adultos - Blog do Farn\u00e9sio<\/title>\n<meta name=\"robots\" content=\"index, follow, max-snippet:-1, max-image-preview:large, max-video-preview:-1\" \/>\n<link rel=\"canonical\" href=\"https:\/\/blogdofarnesio.com.br\/?p=350408\" \/>\n<meta property=\"og:locale\" content=\"pt_BR\" \/>\n<meta property=\"og:type\" content=\"article\" \/>\n<meta property=\"og:title\" content=\"Com vagas para Juazeiro SESI oferece mil vagas gratuitas para Educa\u00e7\u00e3o de Jovens e Adultos - Blog do Farn\u00e9sio\" \/>\n<meta property=\"og:description\" content=\"Oportunidades, dispon\u00edveis em oito munic\u00edpios baianos, s\u00e3o para quem tem mais de 18 anos e n\u00e3o concluiu o ensino fundamental e m\u00e9dio \u00a0 O Servi\u00e7o Social da Ind\u00fastria (SESI Bahia) ainda tem\u00a0mil vagas gratuitas\u00a0para Educa\u00e7\u00e3o de Jovens e Adultos (EJA) em oito munic\u00edpios baianos. As oportunidades s\u00e3o voltadas para jovens a partir de 18 anos que n\u00e3o conclu\u00edram o Ensino Fundamental Anos Finais (6\u00ba ao 9\u00ba ano) e o Ensino M\u00e9dio (1\u00ba ao 3\u00ba ano). As inscri\u00e7\u00f5es devem ser feitas pela internet,\u00a0at\u00e9 o dia 29 de setembro, no site do SESI Bahia (www.sesibahia.com.br). As vagas est\u00e3o sendo oferecidas nos polos da EJA do SESI Bahia nas cidades de Cama\u00e7ari, Feira de Santana, Ilh\u00e9us, Juazeiro, Lu\u00eds Eduardo Magalh\u00e3es, Salvador, Teixeira de&hellip;\" \/>\n<meta property=\"og:url\" content=\"https:\/\/blogdofarnesio.com.br\/?p=350408\" \/>\n<meta property=\"og:site_name\" content=\"Blog do Farn\u00e9sio\" \/>\n<meta property=\"article:publisher\" content=\"https:\/\/www.facebook.com\/BlogQuerSaberPolitica\/\" \/>\n<meta property=\"article:author\" content=\"https:\/\/www.facebook.com\/?ref=tn_tnmn\" \/>\n<meta property=\"article:published_time\" content=\"2023-09-18T13:23:38+00:00\" \/>\n<meta property=\"og:image\" content=\"https:\/\/blogdofarnesio.com.br\/wp-content\/uploads\/2019\/08\/blogqspenceja.jpg\" \/>\n\t<meta property=\"og:image:width\" content=\"380\" \/>\n\t<meta property=\"og:image:height\" content=\"280\" \/>\n\t<meta property=\"og:image:type\" content=\"image\/jpeg\" \/>\n<meta name=\"author\" content=\"Farn\u00e9sio\" \/>\n<meta name=\"twitter:card\" content=\"summary_large_image\" \/>\n<meta name=\"twitter:label1\" content=\"Escrito por\" \/>\n\t<meta name=\"twitter:data1\" content=\"Farn\u00e9sio\" \/>\n\t<meta name=\"twitter:label2\" content=\"Est. tempo de leitura\" \/>\n\t<meta name=\"twitter:data2\" content=\"3 minutos\" \/>\n<script type=\"application\/ld+json\" class=\"yoast-schema-graph\">{\"@context\":\"https:\\\/\\\/schema.org\",\"@graph\":[{\"@type\":\"Article\",\"@id\":\"https:\\\/\\\/blogdofarnesio.com.br\\\/?p=350408#article\",\"isPartOf\":{\"@id\":\"https:\\\/\\\/blogdofarnesio.com.br\\\/?p=350408\"},\"author\":{\"name\":\"Farn\u00e9sio\",\"@id\":\"https:\\\/\\\/blogdofarnesio.com.br\\\/#\\\/schema\\\/person\\\/bb9b23ae3ad0609ce8df7b6c9e76824d\"},\"headline\":\"Com vagas para Juazeiro SESI oferece mil vagas gratuitas para Educa\u00e7\u00e3o de Jovens e Adultos\",\"datePublished\":\"2023-09-18T13:23:38+00:00\",\"mainEntityOfPage\":{\"@id\":\"https:\\\/\\\/blogdofarnesio.com.br\\\/?p=350408\"},\"wordCount\":431,\"commentCount\":0,\"publisher\":{\"@id\":\"https:\\\/\\\/blogdofarnesio.com.br\\\/#organization\"},\"image\":{\"@id\":\"https:\\\/\\\/blogdofarnesio.com.br\\\/?p=350408#primaryimage\"},\"thumbnailUrl\":\"https:\\\/\\\/blogdofarnesio.com.br\\\/wp-content\\\/uploads\\\/2019\\\/08\\\/blogqspenceja.jpg\",\"articleSection\":[\"Educa\u00e7\u00e3o\"],\"inLanguage\":\"pt-BR\",\"potentialAction\":[{\"@type\":\"CommentAction\",\"name\":\"Comment\",\"target\":[\"https:\\\/\\\/blogdofarnesio.com.br\\\/?p=350408#respond\"]}]},{\"@type\":\"WebPage\",\"@id\":\"https:\\\/\\\/blogdofarnesio.com.br\\\/?p=350408\",\"url\":\"https:\\\/\\\/blogdofarnesio.com.br\\\/?p=350408\",\"name\":\"Com vagas para Juazeiro SESI oferece mil vagas gratuitas para Educa\u00e7\u00e3o de Jovens e Adultos - Blog do Farn\u00e9sio\",\"isPartOf\":{\"@id\":\"https:\\\/\\\/blogdofarnesio.com.br\\\/#website\"},\"primaryImageOfPage\":{\"@id\":\"https:\\\/\\\/blogdofarnesio.com.br\\\/?p=350408#primaryimage\"},\"image\":{\"@id\":\"https:\\\/\\\/blogdofarnesio.com.br\\\/?p=350408#primaryimage\"},\"thumbnailUrl\":\"https:\\\/\\\/blogdofarnesio.com.br\\\/wp-content\\\/uploads\\\/2019\\\/08\\\/blogqspenceja.jpg\",\"datePublished\":\"2023-09-18T13:23:38+00:00\",\"breadcrumb\":{\"@id\":\"https:\\\/\\\/blogdofarnesio.com.br\\\/?p=350408#breadcrumb\"},\"inLanguage\":\"pt-BR\",\"potentialAction\":[{\"@type\":\"ReadAction\",\"target\":[\"https:\\\/\\\/blogdofarnesio.com.br\\\/?p=350408\"]}]},{\"@type\":\"ImageObject\",\"inLanguage\":\"pt-BR\",\"@id\":\"https:\\\/\\\/blogdofarnesio.com.br\\\/?p=350408#primaryimage\",\"url\":\"https:\\\/\\\/blogdofarnesio.com.br\\\/wp-content\\\/uploads\\\/2019\\\/08\\\/blogqspenceja.jpg\",\"contentUrl\":\"https:\\\/\\\/blogdofarnesio.com.br\\\/wp-content\\\/uploads\\\/2019\\\/08\\\/blogqspenceja.jpg\",\"width\":380,\"height\":280},{\"@type\":\"BreadcrumbList\",\"@id\":\"https:\\\/\\\/blogdofarnesio.com.br\\\/?p=350408#breadcrumb\",\"itemListElement\":[{\"@type\":\"ListItem\",\"position\":1,\"name\":\"In\u00edcio\",\"item\":\"https:\\\/\\\/blogdofarnesio.com.br\\\/\"},{\"@type\":\"ListItem\",\"position\":2,\"name\":\"Com vagas para Juazeiro SESI oferece mil vagas gratuitas para Educa\u00e7\u00e3o de Jovens e Adultos\"}]},{\"@type\":\"WebSite\",\"@id\":\"https:\\\/\\\/blogdofarnesio.com.br\\\/#website\",\"url\":\"https:\\\/\\\/blogdofarnesio.com.br\\\/\",\"name\":\"Blog do Farn\u00e9sio\",\"description\":\"Quer Saber Pol\u00edtica?\",\"publisher\":{\"@id\":\"https:\\\/\\\/blogdofarnesio.com.br\\\/#organization\"},\"potentialAction\":[{\"@type\":\"SearchAction\",\"target\":{\"@type\":\"EntryPoint\",\"urlTemplate\":\"https:\\\/\\\/blogdofarnesio.com.br\\\/?s={search_term_string}\"},\"query-input\":{\"@type\":\"PropertyValueSpecification\",\"valueRequired\":true,\"valueName\":\"search_term_string\"}}],\"inLanguage\":\"pt-BR\"},{\"@type\":\"Organization\",\"@id\":\"https:\\\/\\\/blogdofarnesio.com.br\\\/#organization\",\"name\":\"Blog do Farn\u00e9sio\",\"url\":\"https:\\\/\\\/blogdofarnesio.com.br\\\/\",\"logo\":{\"@type\":\"ImageObject\",\"inLanguage\":\"pt-BR\",\"@id\":\"https:\\\/\\\/blogdofarnesio.com.br\\\/#\\\/schema\\\/logo\\\/image\\\/\",\"url\":\"https:\\\/\\\/blogdofarnesio.com.br\\\/wp-content\\\/uploads\\\/2026\\\/03\\\/cropped-logo_new-1.png\",\"contentUrl\":\"https:\\\/\\\/blogdofarnesio.com.br\\\/wp-content\\\/uploads\\\/2026\\\/03\\\/cropped-logo_new-1.png\",\"width\":881,\"height\":685,\"caption\":\"Blog do Farn\u00e9sio\"},\"image\":{\"@id\":\"https:\\\/\\\/blogdofarnesio.com.br\\\/#\\\/schema\\\/logo\\\/image\\\/\"},\"sameAs\":[\"https:\\\/\\\/www.facebook.com\\\/BlogQuerSaberPolitica\\\/\"]},{\"@type\":\"Person\",\"@id\":\"https:\\\/\\\/blogdofarnesio.com.br\\\/#\\\/schema\\\/person\\\/bb9b23ae3ad0609ce8df7b6c9e76824d\",\"name\":\"Farn\u00e9sio\",\"image\":{\"@type\":\"ImageObject\",\"inLanguage\":\"pt-BR\",\"@id\":\"https:\\\/\\\/secure.gravatar.com\\\/avatar\\\/986aa4c61ccdb66f8555bf88fc2a65609d00bcabd4d2d94377a727547345cbca?s=96&d=mm&r=g\",\"url\":\"https:\\\/\\\/secure.gravatar.com\\\/avatar\\\/986aa4c61ccdb66f8555bf88fc2a65609d00bcabd4d2d94377a727547345cbca?s=96&d=mm&r=g\",\"contentUrl\":\"https:\\\/\\\/secure.gravatar.com\\\/avatar\\\/986aa4c61ccdb66f8555bf88fc2a65609d00bcabd4d2d94377a727547345cbca?s=96&d=mm&r=g\",\"caption\":\"Farn\u00e9sio\"},\"description\":\"Radialista blogueiro, chegou a Petrolina\\\/Juazeiro em setembro de 1980, Farn\u00e9sio Silva \u00e9 de Arapiraca-Alagoas.\",\"sameAs\":[\"http:\\\/\\\/blogdofarnesio.com.br\",\"https:\\\/\\\/www.facebook.com\\\/?ref=tn_tnmn\",\"https:\\\/\\\/www.instagram.com\\\/?utm_source=pwa_homescreen\",\"https:\\\/\\\/youtube.com.br\\\/\"],\"url\":\"https:\\\/\\\/blogdofarnesio.com.br\\\/?author=2\"}]}<\/script>\n<!-- \/ Yoast SEO plugin. -->","yoast_head_json":{"title":"Com vagas para Juazeiro SESI oferece mil vagas gratuitas para Educa\u00e7\u00e3o de Jovens e Adultos - Blog do Farn\u00e9sio","robots":{"index":"index","follow":"follow","max-snippet":"max-snippet:-1","max-image-preview":"max-image-preview:large","max-video-preview":"max-video-preview:-1"},"canonical":"https:\/\/blogdofarnesio.com.br\/?p=350408","og_locale":"pt_BR","og_type":"article","og_title":"Com vagas para Juazeiro SESI oferece mil vagas gratuitas para Educa\u00e7\u00e3o de Jovens e Adultos - Blog do Farn\u00e9sio","og_description":"Oportunidades, dispon\u00edveis em oito munic\u00edpios baianos, s\u00e3o para quem tem mais de 18 anos e n\u00e3o concluiu o ensino fundamental e m\u00e9dio \u00a0 O Servi\u00e7o Social da Ind\u00fastria (SESI Bahia) ainda tem\u00a0mil vagas gratuitas\u00a0para Educa\u00e7\u00e3o de Jovens e Adultos (EJA) em oito munic\u00edpios baianos. As oportunidades s\u00e3o voltadas para jovens a partir de 18 anos que n\u00e3o conclu\u00edram o Ensino Fundamental Anos Finais (6\u00ba ao 9\u00ba ano) e o Ensino M\u00e9dio (1\u00ba ao 3\u00ba ano). As inscri\u00e7\u00f5es devem ser feitas pela internet,\u00a0at\u00e9 o dia 29 de setembro, no site do SESI Bahia (www.sesibahia.com.br). As vagas est\u00e3o sendo oferecidas nos polos da EJA do SESI Bahia nas cidades de Cama\u00e7ari, Feira de Santana, Ilh\u00e9us, Juazeiro, Lu\u00eds Eduardo Magalh\u00e3es, Salvador, Teixeira de&hellip;","og_url":"https:\/\/blogdofarnesio.com.br\/?p=350408","og_site_name":"Blog do Farn\u00e9sio","article_publisher":"https:\/\/www.facebook.com\/BlogQuerSaberPolitica\/","article_author":"https:\/\/www.facebook.com\/?ref=tn_tnmn","article_published_time":"2023-09-18T13:23:38+00:00","og_image":[{"width":380,"height":280,"url":"https:\/\/blogdofarnesio.com.br\/wp-content\/uploads\/2019\/08\/blogqspenceja.jpg","type":"image\/jpeg"}],"author":"Farn\u00e9sio","twitter_card":"summary_large_image","twitter_misc":{"Escrito por":"Farn\u00e9sio","Est. tempo de leitura":"3 minutos"},"schema":{"@context":"https:\/\/schema.org","@graph":[{"@type":"Article","@id":"https:\/\/blogdofarnesio.com.br\/?p=350408#article","isPartOf":{"@id":"https:\/\/blogdofarnesio.com.br\/?p=350408"},"author":{"name":"Farn\u00e9sio","@id":"https:\/\/blogdofarnesio.com.br\/#\/schema\/person\/bb9b23ae3ad0609ce8df7b6c9e76824d"},"headline":"Com vagas para Juazeiro SESI oferece mil vagas gratuitas para Educa\u00e7\u00e3o de Jovens e Adultos","datePublished":"2023-09-18T13:23:38+00:00","mainEntityOfPage":{"@id":"https:\/\/blogdofarnesio.com.br\/?p=350408"},"wordCount":431,"commentCount":0,"publisher":{"@id":"https:\/\/blogdofarnesio.com.br\/#organization"},"image":{"@id":"https:\/\/blogdofarnesio.com.br\/?p=350408#primaryimage"},"thumbnailUrl":"https:\/\/blogdofarnesio.com.br\/wp-content\/uploads\/2019\/08\/blogqspenceja.jpg","articleSection":["Educa\u00e7\u00e3o"],"inLanguage":"pt-BR","potentialAction":[{"@type":"CommentAction","name":"Comment","target":["https:\/\/blogdofarnesio.com.br\/?p=350408#respond"]}]},{"@type":"WebPage","@id":"https:\/\/blogdofarnesio.com.br\/?p=350408","url":"https:\/\/blogdofarnesio.com.br\/?p=350408","name":"Com vagas para Juazeiro SESI oferece mil vagas gratuitas para Educa\u00e7\u00e3o de Jovens e Adultos - Blog do Farn\u00e9sio","isPartOf":{"@id":"https:\/\/blogdofarnesio.com.br\/#website"},"primaryImageOfPage":{"@id":"https:\/\/blogdofarnesio.com.br\/?p=350408#primaryimage"},"image":{"@id":"https:\/\/blogdofarnesio.com.br\/?p=350408#primaryimage"},"thumbnailUrl":"https:\/\/blogdofarnesio.com.br\/wp-content\/uploads\/2019\/08\/blogqspenceja.jpg","datePublished":"2023-09-18T13:23:38+00:00","breadcrumb":{"@id":"https:\/\/blogdofarnesio.com.br\/?p=350408#breadcrumb"},"inLanguage":"pt-BR","potentialAction":[{"@type":"ReadAction","target":["https:\/\/blogdofarnesio.com.br\/?p=350408"]}]},{"@type":"ImageObject","inLanguage":"pt-BR","@id":"https:\/\/blogdofarnesio.com.br\/?p=350408#primaryimage","url":"https:\/\/blogdofarnesio.com.br\/wp-content\/uploads\/2019\/08\/blogqspenceja.jpg","contentUrl":"https:\/\/blogdofarnesio.com.br\/wp-content\/uploads\/2019\/08\/blogqspenceja.jpg","width":380,"height":280},{"@type":"BreadcrumbList","@id":"https:\/\/blogdofarnesio.com.br\/?p=350408#breadcrumb","itemListElement":[{"@type":"ListItem","position":1,"name":"In\u00edcio","item":"https:\/\/blogdofarnesio.com.br\/"},{"@type":"ListItem","position":2,"name":"Com vagas para Juazeiro SESI oferece mil vagas gratuitas para Educa\u00e7\u00e3o de Jovens e Adultos"}]},{"@type":"WebSite","@id":"https:\/\/blogdofarnesio.com.br\/#website","url":"https:\/\/blogdofarnesio.com.br\/","name":"Blog do Farn\u00e9sio","description":"Quer Saber Pol\u00edtica?","publisher":{"@id":"https:\/\/blogdofarnesio.com.br\/#organization"},"potentialAction":[{"@type":"SearchAction","target":{"@type":"EntryPoint","urlTemplate":"https:\/\/blogdofarnesio.com.br\/?s={search_term_string}"},"query-input":{"@type":"PropertyValueSpecification","valueRequired":true,"valueName":"search_term_string"}}],"inLanguage":"pt-BR"},{"@type":"Organization","@id":"https:\/\/blogdofarnesio.com.br\/#organization","name":"Blog do Farn\u00e9sio","url":"https:\/\/blogdofarnesio.com.br\/","logo":{"@type":"ImageObject","inLanguage":"pt-BR","@id":"https:\/\/blogdofarnesio.com.br\/#\/schema\/logo\/image\/","url":"https:\/\/blogdofarnesio.com.br\/wp-content\/uploads\/2026\/03\/cropped-logo_new-1.png","contentUrl":"https:\/\/blogdofarnesio.com.br\/wp-content\/uploads\/2026\/03\/cropped-logo_new-1.png","width":881,"height":685,"caption":"Blog do Farn\u00e9sio"},"image":{"@id":"https:\/\/blogdofarnesio.com.br\/#\/schema\/logo\/image\/"},"sameAs":["https:\/\/www.facebook.com\/BlogQuerSaberPolitica\/"]},{"@type":"Person","@id":"https:\/\/blogdofarnesio.com.br\/#\/schema\/person\/bb9b23ae3ad0609ce8df7b6c9e76824d","name":"Farn\u00e9sio","image":{"@type":"ImageObject","inLanguage":"pt-BR","@id":"https:\/\/secure.gravatar.com\/avatar\/986aa4c61ccdb66f8555bf88fc2a65609d00bcabd4d2d94377a727547345cbca?s=96&d=mm&r=g","url":"https:\/\/secure.gravatar.com\/avatar\/986aa4c61ccdb66f8555bf88fc2a65609d00bcabd4d2d94377a727547345cbca?s=96&d=mm&r=g","contentUrl":"https:\/\/secure.gravatar.com\/avatar\/986aa4c61ccdb66f8555bf88fc2a65609d00bcabd4d2d94377a727547345cbca?s=96&d=mm&r=g","caption":"Farn\u00e9sio"},"description":"Radialista blogueiro, chegou a Petrolina\/Juazeiro em setembro de 1980, Farn\u00e9sio Silva \u00e9 de Arapiraca-Alagoas.","sameAs":["http:\/\/blogdofarnesio.com.br","https:\/\/www.facebook.com\/?ref=tn_tnmn","https:\/\/www.instagram.com\/?utm_source=pwa_homescreen","https:\/\/youtube.com.br\/"],"url":"https:\/\/blogdofarnesio.com.br\/?author=2"}]}},"_links":{"self":[{"href":"https:\/\/blogdofarnesio.com.br\/index.php?rest_route=\/wp\/v2\/posts\/350408","targetHints":{"allow":["GET"]}}],"collection":[{"href":"https:\/\/blogdofarnesio.com.br\/index.php?rest_route=\/wp\/v2\/posts"}],"about":[{"href":"https:\/\/blogdofarnesio.com.br\/index.php?rest_route=\/wp\/v2\/types\/post"}],"author":[{"embeddable":true,"href":"https:\/\/blogdofarnesio.com.br\/index.php?rest_route=\/wp\/v2\/users\/2"}],"replies":[{"embeddable":true,"href":"https:\/\/blogdofarnesio.com.br\/index.php?rest_route=%2Fwp%2Fv2%2Fcomments&post=350408"}],"version-history":[{"count":0,"href":"https:\/\/blogdofarnesio.com.br\/index.php?rest_route=\/wp\/v2\/posts\/350408\/revisions"}],"wp:featuredmedia":[{"embeddable":true,"href":"https:\/\/blogdofarnesio.com.br\/index.php?rest_route=\/wp\/v2\/media\/236574"}],"wp:attachment":[{"href":"https:\/\/blogdofarnesio.com.br\/index.php?rest_route=%2Fwp%2Fv2%2Fmedia&parent=350408"}],"wp:term":[{"taxonomy":"category","embeddable":true,"href":"https:\/\/blogdofarnesio.com.br\/index.php?rest_route=%2Fwp%2Fv2%2Fcategories&post=350408"},{"taxonomy":"post_tag","embeddable":true,"href":"https:\/\/blogdofarnesio.com.br\/index.php?rest_route=%2Fwp%2Fv2%2Ftags&post=350408"}],"curies":[{"name":"wp","href":"https:\/\/api.w.org\/{rel}","templated":true}]}}