{"id":350286,"date":"2023-09-15T17:45:20","date_gmt":"2023-09-15T20:45:20","guid":{"rendered":"https:\/\/blogdofarnesio.com.br\/?p=350286"},"modified":"2023-09-15T17:13:46","modified_gmt":"2023-09-15T20:13:46","slug":"assessor-revela-ter-tido-relacionamento-amoroso-com-filho-de-bolsonaro-ouca-audio","status":"publish","type":"post","link":"https:\/\/blogdofarnesio.com.br\/?p=350286","title":{"rendered":"Assessor revela ter tido relacionamento amoroso com filho de Bolsonaro; Ou\u00e7a \u00e1udio"},"content":{"rendered":"<div id=\"post-body-1858748164951921748\" class=\"post-body entry-content\">\n<p>O ex-assessor de Jair Renan Bolsonaro, Diego Pupe, disse, ap\u00f3s prestar depoimento\u00a0 \u00e0 Pol\u00edcia Civil do Distrito Federal, que manteve um relacionamento &#8220;amoroso&#8221; com o filho &#8220;04&#8221; de Bolsonaro.<\/p>\n<p>\u201cEu tive um #relacionamento com o Renan, do qual n\u00e3o falei para ningu\u00e9m ainda. Eu estava esperando todo esse \u201cau\u00ea\u201d da pol\u00edcia, mas logo logo eu vou falar sobre isso, t\u00e1 bom? Eu tinha um relacionamento \u00edntimo com ele, rom\u00e2ntico\u201d, disse Pupe ao Metr\u00f3poles.<\/p>\n<p>Ou\u00e7a:<\/p>\n<div class=\"instagram\" contenteditable=\"false\"><iframe id=\"instagram-embed-0\" class=\"instagram-media instagram-media-rendered\" src=\"https:\/\/www.instagram.com\/reel\/CxMKt3QLXTt\/embed\/captioned\/?cr=1&amp;v=14&amp;wp=485&amp;rd=https%3A%2F%2Fwww.bnews.com.br&amp;rp=%2Fnoticias%2Fpolitica%2Fassessor-revela-ter-tido-relacionamento-amoroso-com-bolsonaro.html#%7B%22ci%22%3A0%2C%22os%22%3A4068%2C%22ls%22%3A1757%2C%22le%22%3A2702%7D\" height=\"1177\" frameborder=\"0\" scrolling=\"no\" allowfullscreen=\"allowfullscreen\" data-instgrm-payload-id=\"instagram-media-payload-0\" data-mce-fragment=\"1\"><\/iframe><\/div>\n<p>Pupe era assessor de Jair Renan Bolsonaro, filho mais novo do ex-presidente Jair Bolsonaro (PL) e foi intimado a depor na Pol\u00edcia Civil nesta quinta-feira (14).<\/p>\n<p>A investiga\u00e7\u00e3o \u00e9 sobre um suposto esquema de lavagem de dinheiro e associa\u00e7\u00e3o criminosa. Os investigadores do Departamento de Combate ao Crime Organizado e Corrup\u00e7\u00e3o (Decor) querem saber do ex-assessor a rela\u00e7\u00e3o de amizade entre o filho do ex-presidente e o instrutor de tiros. Segundo Pupe, os tr\u00eas viajavam juntos.<\/p>\n<\/div>\n","protected":false},"excerpt":{"rendered":"<p>O ex-assessor de Jair Renan Bolsonaro, Diego Pupe, disse, ap\u00f3s prestar depoimento\u00a0 \u00e0 Pol\u00edcia Civil do Distrito Federal, que manteve um relacionamento &#8220;amoroso&#8221; com o filho &#8220;04&#8221; de Bolsonaro. \u201cEu tive um #relacionamento com o Renan, do qual n\u00e3o falei para ningu\u00e9m ainda. Eu estava esperando todo esse \u201cau\u00ea\u201d da pol\u00edcia, mas logo logo eu vou falar sobre isso, t\u00e1 bom? Eu tinha um relacionamento \u00edntimo com ele, rom\u00e2ntico\u201d, disse Pupe ao Metr\u00f3poles. Ou\u00e7a: Pupe era assessor de Jair Renan Bolsonaro, filho mais novo do ex-presidente Jair Bolsonaro (PL) e foi intimado a depor na Pol\u00edcia Civil nesta quinta-feira (14). A investiga\u00e7\u00e3o \u00e9 sobre um suposto esquema de lavagem de dinheiro e associa\u00e7\u00e3o criminosa. Os investigadores do Departamento de Combate&hellip; <\/p>\n","protected":false},"author":2,"featured_media":265104,"comment_status":"open","ping_status":"open","sticky":false,"template":"","format":"standard","meta":{"_acf_changed":false,"footnotes":""},"categories":[32],"tags":[],"class_list":["post-350286","post","type-post","status-publish","format-standard","has-post-thumbnail","hentry","category-costumes"],"acf":[],"yoast_head":"<!-- This site is optimized with the Yoast SEO plugin v27.4 - https:\/\/yoast.com\/product\/yoast-seo-wordpress\/ -->\n<title>Assessor revela ter tido relacionamento amoroso com filho de Bolsonaro; Ou\u00e7a \u00e1udio - Blog do Farn\u00e9sio<\/title>\n<meta name=\"robots\" content=\"index, follow, max-snippet:-1, max-image-preview:large, max-video-preview:-1\" \/>\n<link rel=\"canonical\" href=\"https:\/\/blogdofarnesio.com.br\/?p=350286\" \/>\n<meta property=\"og:locale\" content=\"pt_BR\" \/>\n<meta property=\"og:type\" content=\"article\" \/>\n<meta property=\"og:title\" content=\"Assessor revela ter tido relacionamento amoroso com filho de Bolsonaro; Ou\u00e7a \u00e1udio - Blog do Farn\u00e9sio\" \/>\n<meta property=\"og:description\" content=\"O ex-assessor de Jair Renan Bolsonaro, Diego Pupe, disse, ap\u00f3s prestar depoimento\u00a0 \u00e0 Pol\u00edcia Civil do Distrito Federal, que manteve um relacionamento &#8220;amoroso&#8221; com o filho &#8220;04&#8221; de Bolsonaro. \u201cEu tive um #relacionamento com o Renan, do qual n\u00e3o falei para ningu\u00e9m ainda. Eu estava esperando todo esse \u201cau\u00ea\u201d da pol\u00edcia, mas logo logo eu vou falar sobre isso, t\u00e1 bom? Eu tinha um relacionamento \u00edntimo com ele, rom\u00e2ntico\u201d, disse Pupe ao Metr\u00f3poles. Ou\u00e7a: Pupe era assessor de Jair Renan Bolsonaro, filho mais novo do ex-presidente Jair Bolsonaro (PL) e foi intimado a depor na Pol\u00edcia Civil nesta quinta-feira (14). A investiga\u00e7\u00e3o \u00e9 sobre um suposto esquema de lavagem de dinheiro e associa\u00e7\u00e3o criminosa. Os investigadores do Departamento de Combate&hellip;\" \/>\n<meta property=\"og:url\" content=\"https:\/\/blogdofarnesio.com.br\/?p=350286\" \/>\n<meta property=\"og:site_name\" content=\"Blog do Farn\u00e9sio\" \/>\n<meta property=\"article:publisher\" content=\"https:\/\/www.facebook.com\/BlogQuerSaberPolitica\/\" \/>\n<meta property=\"article:author\" content=\"https:\/\/www.facebook.com\/?ref=tn_tnmn\" \/>\n<meta property=\"article:published_time\" content=\"2023-09-15T20:45:20+00:00\" \/>\n<meta property=\"og:image\" content=\"https:\/\/blogdofarnesio.com.br\/wp-content\/uploads\/2020\/08\/blogqspanacristinabolsonaro-jair-renam-e1694808638976.jpg\" \/>\n\t<meta property=\"og:image:width\" content=\"484\" \/>\n\t<meta property=\"og:image:height\" content=\"528\" \/>\n\t<meta property=\"og:image:type\" content=\"image\/jpeg\" \/>\n<meta name=\"author\" content=\"Farn\u00e9sio\" \/>\n<meta name=\"twitter:card\" content=\"summary_large_image\" \/>\n<meta name=\"twitter:label1\" content=\"Escrito por\" \/>\n\t<meta name=\"twitter:data1\" content=\"Farn\u00e9sio\" \/>\n\t<meta name=\"twitter:label2\" content=\"Est. tempo de leitura\" \/>\n\t<meta name=\"twitter:data2\" content=\"1 minuto\" \/>\n<script type=\"application\/ld+json\" class=\"yoast-schema-graph\">{\"@context\":\"https:\\\/\\\/schema.org\",\"@graph\":[{\"@type\":\"Article\",\"@id\":\"https:\\\/\\\/blogdofarnesio.com.br\\\/?p=350286#article\",\"isPartOf\":{\"@id\":\"https:\\\/\\\/blogdofarnesio.com.br\\\/?p=350286\"},\"author\":{\"name\":\"Farn\u00e9sio\",\"@id\":\"https:\\\/\\\/blogdofarnesio.com.br\\\/#\\\/schema\\\/person\\\/bb9b23ae3ad0609ce8df7b6c9e76824d\"},\"headline\":\"Assessor revela ter tido relacionamento amoroso com filho de Bolsonaro; Ou\u00e7a \u00e1udio\",\"datePublished\":\"2023-09-15T20:45:20+00:00\",\"mainEntityOfPage\":{\"@id\":\"https:\\\/\\\/blogdofarnesio.com.br\\\/?p=350286\"},\"wordCount\":173,\"commentCount\":0,\"publisher\":{\"@id\":\"https:\\\/\\\/blogdofarnesio.com.br\\\/#organization\"},\"image\":{\"@id\":\"https:\\\/\\\/blogdofarnesio.com.br\\\/?p=350286#primaryimage\"},\"thumbnailUrl\":\"https:\\\/\\\/blogdofarnesio.com.br\\\/wp-content\\\/uploads\\\/2020\\\/08\\\/blogqspanacristinabolsonaro-jair-renam-e1694808638976.jpg\",\"articleSection\":[\"Costumes\"],\"inLanguage\":\"pt-BR\",\"potentialAction\":[{\"@type\":\"CommentAction\",\"name\":\"Comment\",\"target\":[\"https:\\\/\\\/blogdofarnesio.com.br\\\/?p=350286#respond\"]}]},{\"@type\":\"WebPage\",\"@id\":\"https:\\\/\\\/blogdofarnesio.com.br\\\/?p=350286\",\"url\":\"https:\\\/\\\/blogdofarnesio.com.br\\\/?p=350286\",\"name\":\"Assessor revela ter tido relacionamento amoroso com filho de Bolsonaro; Ou\u00e7a \u00e1udio - Blog do Farn\u00e9sio\",\"isPartOf\":{\"@id\":\"https:\\\/\\\/blogdofarnesio.com.br\\\/#website\"},\"primaryImageOfPage\":{\"@id\":\"https:\\\/\\\/blogdofarnesio.com.br\\\/?p=350286#primaryimage\"},\"image\":{\"@id\":\"https:\\\/\\\/blogdofarnesio.com.br\\\/?p=350286#primaryimage\"},\"thumbnailUrl\":\"https:\\\/\\\/blogdofarnesio.com.br\\\/wp-content\\\/uploads\\\/2020\\\/08\\\/blogqspanacristinabolsonaro-jair-renam-e1694808638976.jpg\",\"datePublished\":\"2023-09-15T20:45:20+00:00\",\"breadcrumb\":{\"@id\":\"https:\\\/\\\/blogdofarnesio.com.br\\\/?p=350286#breadcrumb\"},\"inLanguage\":\"pt-BR\",\"potentialAction\":[{\"@type\":\"ReadAction\",\"target\":[\"https:\\\/\\\/blogdofarnesio.com.br\\\/?p=350286\"]}]},{\"@type\":\"ImageObject\",\"inLanguage\":\"pt-BR\",\"@id\":\"https:\\\/\\\/blogdofarnesio.com.br\\\/?p=350286#primaryimage\",\"url\":\"https:\\\/\\\/blogdofarnesio.com.br\\\/wp-content\\\/uploads\\\/2020\\\/08\\\/blogqspanacristinabolsonaro-jair-renam-e1694808638976.jpg\",\"contentUrl\":\"https:\\\/\\\/blogdofarnesio.com.br\\\/wp-content\\\/uploads\\\/2020\\\/08\\\/blogqspanacristinabolsonaro-jair-renam-e1694808638976.jpg\",\"width\":484,\"height\":528},{\"@type\":\"BreadcrumbList\",\"@id\":\"https:\\\/\\\/blogdofarnesio.com.br\\\/?p=350286#breadcrumb\",\"itemListElement\":[{\"@type\":\"ListItem\",\"position\":1,\"name\":\"In\u00edcio\",\"item\":\"https:\\\/\\\/blogdofarnesio.com.br\\\/\"},{\"@type\":\"ListItem\",\"position\":2,\"name\":\"Assessor revela ter tido relacionamento amoroso com filho de Bolsonaro; Ou\u00e7a \u00e1udio\"}]},{\"@type\":\"WebSite\",\"@id\":\"https:\\\/\\\/blogdofarnesio.com.br\\\/#website\",\"url\":\"https:\\\/\\\/blogdofarnesio.com.br\\\/\",\"name\":\"Blog do Farn\u00e9sio\",\"description\":\"Quer Saber Pol\u00edtica?\",\"publisher\":{\"@id\":\"https:\\\/\\\/blogdofarnesio.com.br\\\/#organization\"},\"potentialAction\":[{\"@type\":\"SearchAction\",\"target\":{\"@type\":\"EntryPoint\",\"urlTemplate\":\"https:\\\/\\\/blogdofarnesio.com.br\\\/?s={search_term_string}\"},\"query-input\":{\"@type\":\"PropertyValueSpecification\",\"valueRequired\":true,\"valueName\":\"search_term_string\"}}],\"inLanguage\":\"pt-BR\"},{\"@type\":\"Organization\",\"@id\":\"https:\\\/\\\/blogdofarnesio.com.br\\\/#organization\",\"name\":\"Blog do Farn\u00e9sio\",\"url\":\"https:\\\/\\\/blogdofarnesio.com.br\\\/\",\"logo\":{\"@type\":\"ImageObject\",\"inLanguage\":\"pt-BR\",\"@id\":\"https:\\\/\\\/blogdofarnesio.com.br\\\/#\\\/schema\\\/logo\\\/image\\\/\",\"url\":\"https:\\\/\\\/blogdofarnesio.com.br\\\/wp-content\\\/uploads\\\/2026\\\/03\\\/cropped-logo_new-1.png\",\"contentUrl\":\"https:\\\/\\\/blogdofarnesio.com.br\\\/wp-content\\\/uploads\\\/2026\\\/03\\\/cropped-logo_new-1.png\",\"width\":881,\"height\":685,\"caption\":\"Blog do Farn\u00e9sio\"},\"image\":{\"@id\":\"https:\\\/\\\/blogdofarnesio.com.br\\\/#\\\/schema\\\/logo\\\/image\\\/\"},\"sameAs\":[\"https:\\\/\\\/www.facebook.com\\\/BlogQuerSaberPolitica\\\/\"]},{\"@type\":\"Person\",\"@id\":\"https:\\\/\\\/blogdofarnesio.com.br\\\/#\\\/schema\\\/person\\\/bb9b23ae3ad0609ce8df7b6c9e76824d\",\"name\":\"Farn\u00e9sio\",\"image\":{\"@type\":\"ImageObject\",\"inLanguage\":\"pt-BR\",\"@id\":\"https:\\\/\\\/secure.gravatar.com\\\/avatar\\\/986aa4c61ccdb66f8555bf88fc2a65609d00bcabd4d2d94377a727547345cbca?s=96&d=mm&r=g\",\"url\":\"https:\\\/\\\/secure.gravatar.com\\\/avatar\\\/986aa4c61ccdb66f8555bf88fc2a65609d00bcabd4d2d94377a727547345cbca?s=96&d=mm&r=g\",\"contentUrl\":\"https:\\\/\\\/secure.gravatar.com\\\/avatar\\\/986aa4c61ccdb66f8555bf88fc2a65609d00bcabd4d2d94377a727547345cbca?s=96&d=mm&r=g\",\"caption\":\"Farn\u00e9sio\"},\"description\":\"Radialista blogueiro, chegou a Petrolina\\\/Juazeiro em setembro de 1980, Farn\u00e9sio Silva \u00e9 de Arapiraca-Alagoas.\",\"sameAs\":[\"http:\\\/\\\/blogdofarnesio.com.br\",\"https:\\\/\\\/www.facebook.com\\\/?ref=tn_tnmn\",\"https:\\\/\\\/www.instagram.com\\\/?utm_source=pwa_homescreen\",\"https:\\\/\\\/youtube.com.br\\\/\"],\"url\":\"https:\\\/\\\/blogdofarnesio.com.br\\\/?author=2\"}]}<\/script>\n<!-- \/ Yoast SEO plugin. -->","yoast_head_json":{"title":"Assessor revela ter tido relacionamento amoroso com filho de Bolsonaro; Ou\u00e7a \u00e1udio - Blog do Farn\u00e9sio","robots":{"index":"index","follow":"follow","max-snippet":"max-snippet:-1","max-image-preview":"max-image-preview:large","max-video-preview":"max-video-preview:-1"},"canonical":"https:\/\/blogdofarnesio.com.br\/?p=350286","og_locale":"pt_BR","og_type":"article","og_title":"Assessor revela ter tido relacionamento amoroso com filho de Bolsonaro; Ou\u00e7a \u00e1udio - Blog do Farn\u00e9sio","og_description":"O ex-assessor de Jair Renan Bolsonaro, Diego Pupe, disse, ap\u00f3s prestar depoimento\u00a0 \u00e0 Pol\u00edcia Civil do Distrito Federal, que manteve um relacionamento &#8220;amoroso&#8221; com o filho &#8220;04&#8221; de Bolsonaro. \u201cEu tive um #relacionamento com o Renan, do qual n\u00e3o falei para ningu\u00e9m ainda. Eu estava esperando todo esse \u201cau\u00ea\u201d da pol\u00edcia, mas logo logo eu vou falar sobre isso, t\u00e1 bom? Eu tinha um relacionamento \u00edntimo com ele, rom\u00e2ntico\u201d, disse Pupe ao Metr\u00f3poles. Ou\u00e7a: Pupe era assessor de Jair Renan Bolsonaro, filho mais novo do ex-presidente Jair Bolsonaro (PL) e foi intimado a depor na Pol\u00edcia Civil nesta quinta-feira (14). A investiga\u00e7\u00e3o \u00e9 sobre um suposto esquema de lavagem de dinheiro e associa\u00e7\u00e3o criminosa. Os investigadores do Departamento de Combate&hellip;","og_url":"https:\/\/blogdofarnesio.com.br\/?p=350286","og_site_name":"Blog do Farn\u00e9sio","article_publisher":"https:\/\/www.facebook.com\/BlogQuerSaberPolitica\/","article_author":"https:\/\/www.facebook.com\/?ref=tn_tnmn","article_published_time":"2023-09-15T20:45:20+00:00","og_image":[{"width":484,"height":528,"url":"https:\/\/blogdofarnesio.com.br\/wp-content\/uploads\/2020\/08\/blogqspanacristinabolsonaro-jair-renam-e1694808638976.jpg","type":"image\/jpeg"}],"author":"Farn\u00e9sio","twitter_card":"summary_large_image","twitter_misc":{"Escrito por":"Farn\u00e9sio","Est. tempo de leitura":"1 minuto"},"schema":{"@context":"https:\/\/schema.org","@graph":[{"@type":"Article","@id":"https:\/\/blogdofarnesio.com.br\/?p=350286#article","isPartOf":{"@id":"https:\/\/blogdofarnesio.com.br\/?p=350286"},"author":{"name":"Farn\u00e9sio","@id":"https:\/\/blogdofarnesio.com.br\/#\/schema\/person\/bb9b23ae3ad0609ce8df7b6c9e76824d"},"headline":"Assessor revela ter tido relacionamento amoroso com filho de Bolsonaro; Ou\u00e7a \u00e1udio","datePublished":"2023-09-15T20:45:20+00:00","mainEntityOfPage":{"@id":"https:\/\/blogdofarnesio.com.br\/?p=350286"},"wordCount":173,"commentCount":0,"publisher":{"@id":"https:\/\/blogdofarnesio.com.br\/#organization"},"image":{"@id":"https:\/\/blogdofarnesio.com.br\/?p=350286#primaryimage"},"thumbnailUrl":"https:\/\/blogdofarnesio.com.br\/wp-content\/uploads\/2020\/08\/blogqspanacristinabolsonaro-jair-renam-e1694808638976.jpg","articleSection":["Costumes"],"inLanguage":"pt-BR","potentialAction":[{"@type":"CommentAction","name":"Comment","target":["https:\/\/blogdofarnesio.com.br\/?p=350286#respond"]}]},{"@type":"WebPage","@id":"https:\/\/blogdofarnesio.com.br\/?p=350286","url":"https:\/\/blogdofarnesio.com.br\/?p=350286","name":"Assessor revela ter tido relacionamento amoroso com filho de Bolsonaro; Ou\u00e7a \u00e1udio - Blog do Farn\u00e9sio","isPartOf":{"@id":"https:\/\/blogdofarnesio.com.br\/#website"},"primaryImageOfPage":{"@id":"https:\/\/blogdofarnesio.com.br\/?p=350286#primaryimage"},"image":{"@id":"https:\/\/blogdofarnesio.com.br\/?p=350286#primaryimage"},"thumbnailUrl":"https:\/\/blogdofarnesio.com.br\/wp-content\/uploads\/2020\/08\/blogqspanacristinabolsonaro-jair-renam-e1694808638976.jpg","datePublished":"2023-09-15T20:45:20+00:00","breadcrumb":{"@id":"https:\/\/blogdofarnesio.com.br\/?p=350286#breadcrumb"},"inLanguage":"pt-BR","potentialAction":[{"@type":"ReadAction","target":["https:\/\/blogdofarnesio.com.br\/?p=350286"]}]},{"@type":"ImageObject","inLanguage":"pt-BR","@id":"https:\/\/blogdofarnesio.com.br\/?p=350286#primaryimage","url":"https:\/\/blogdofarnesio.com.br\/wp-content\/uploads\/2020\/08\/blogqspanacristinabolsonaro-jair-renam-e1694808638976.jpg","contentUrl":"https:\/\/blogdofarnesio.com.br\/wp-content\/uploads\/2020\/08\/blogqspanacristinabolsonaro-jair-renam-e1694808638976.jpg","width":484,"height":528},{"@type":"BreadcrumbList","@id":"https:\/\/blogdofarnesio.com.br\/?p=350286#breadcrumb","itemListElement":[{"@type":"ListItem","position":1,"name":"In\u00edcio","item":"https:\/\/blogdofarnesio.com.br\/"},{"@type":"ListItem","position":2,"name":"Assessor revela ter tido relacionamento amoroso com filho de Bolsonaro; Ou\u00e7a \u00e1udio"}]},{"@type":"WebSite","@id":"https:\/\/blogdofarnesio.com.br\/#website","url":"https:\/\/blogdofarnesio.com.br\/","name":"Blog do Farn\u00e9sio","description":"Quer Saber Pol\u00edtica?","publisher":{"@id":"https:\/\/blogdofarnesio.com.br\/#organization"},"potentialAction":[{"@type":"SearchAction","target":{"@type":"EntryPoint","urlTemplate":"https:\/\/blogdofarnesio.com.br\/?s={search_term_string}"},"query-input":{"@type":"PropertyValueSpecification","valueRequired":true,"valueName":"search_term_string"}}],"inLanguage":"pt-BR"},{"@type":"Organization","@id":"https:\/\/blogdofarnesio.com.br\/#organization","name":"Blog do Farn\u00e9sio","url":"https:\/\/blogdofarnesio.com.br\/","logo":{"@type":"ImageObject","inLanguage":"pt-BR","@id":"https:\/\/blogdofarnesio.com.br\/#\/schema\/logo\/image\/","url":"https:\/\/blogdofarnesio.com.br\/wp-content\/uploads\/2026\/03\/cropped-logo_new-1.png","contentUrl":"https:\/\/blogdofarnesio.com.br\/wp-content\/uploads\/2026\/03\/cropped-logo_new-1.png","width":881,"height":685,"caption":"Blog do Farn\u00e9sio"},"image":{"@id":"https:\/\/blogdofarnesio.com.br\/#\/schema\/logo\/image\/"},"sameAs":["https:\/\/www.facebook.com\/BlogQuerSaberPolitica\/"]},{"@type":"Person","@id":"https:\/\/blogdofarnesio.com.br\/#\/schema\/person\/bb9b23ae3ad0609ce8df7b6c9e76824d","name":"Farn\u00e9sio","image":{"@type":"ImageObject","inLanguage":"pt-BR","@id":"https:\/\/secure.gravatar.com\/avatar\/986aa4c61ccdb66f8555bf88fc2a65609d00bcabd4d2d94377a727547345cbca?s=96&d=mm&r=g","url":"https:\/\/secure.gravatar.com\/avatar\/986aa4c61ccdb66f8555bf88fc2a65609d00bcabd4d2d94377a727547345cbca?s=96&d=mm&r=g","contentUrl":"https:\/\/secure.gravatar.com\/avatar\/986aa4c61ccdb66f8555bf88fc2a65609d00bcabd4d2d94377a727547345cbca?s=96&d=mm&r=g","caption":"Farn\u00e9sio"},"description":"Radialista blogueiro, chegou a Petrolina\/Juazeiro em setembro de 1980, Farn\u00e9sio Silva \u00e9 de Arapiraca-Alagoas.","sameAs":["http:\/\/blogdofarnesio.com.br","https:\/\/www.facebook.com\/?ref=tn_tnmn","https:\/\/www.instagram.com\/?utm_source=pwa_homescreen","https:\/\/youtube.com.br\/"],"url":"https:\/\/blogdofarnesio.com.br\/?author=2"}]}},"_links":{"self":[{"href":"https:\/\/blogdofarnesio.com.br\/index.php?rest_route=\/wp\/v2\/posts\/350286","targetHints":{"allow":["GET"]}}],"collection":[{"href":"https:\/\/blogdofarnesio.com.br\/index.php?rest_route=\/wp\/v2\/posts"}],"about":[{"href":"https:\/\/blogdofarnesio.com.br\/index.php?rest_route=\/wp\/v2\/types\/post"}],"author":[{"embeddable":true,"href":"https:\/\/blogdofarnesio.com.br\/index.php?rest_route=\/wp\/v2\/users\/2"}],"replies":[{"embeddable":true,"href":"https:\/\/blogdofarnesio.com.br\/index.php?rest_route=%2Fwp%2Fv2%2Fcomments&post=350286"}],"version-history":[{"count":0,"href":"https:\/\/blogdofarnesio.com.br\/index.php?rest_route=\/wp\/v2\/posts\/350286\/revisions"}],"wp:featuredmedia":[{"embeddable":true,"href":"https:\/\/blogdofarnesio.com.br\/index.php?rest_route=\/wp\/v2\/media\/265104"}],"wp:attachment":[{"href":"https:\/\/blogdofarnesio.com.br\/index.php?rest_route=%2Fwp%2Fv2%2Fmedia&parent=350286"}],"wp:term":[{"taxonomy":"category","embeddable":true,"href":"https:\/\/blogdofarnesio.com.br\/index.php?rest_route=%2Fwp%2Fv2%2Fcategories&post=350286"},{"taxonomy":"post_tag","embeddable":true,"href":"https:\/\/blogdofarnesio.com.br\/index.php?rest_route=%2Fwp%2Fv2%2Ftags&post=350286"}],"curies":[{"name":"wp","href":"https:\/\/api.w.org\/{rel}","templated":true}]}}