{"id":350284,"date":"2023-09-15T17:25:25","date_gmt":"2023-09-15T20:25:25","guid":{"rendered":"https:\/\/blogdofarnesio.com.br\/?p=350284"},"modified":"2023-09-15T17:04:13","modified_gmt":"2023-09-15T20:04:13","slug":"cebola-oleo-de-soja-e-feijao-carioca-sao-os-itens-alimenticios-com-maior-reducao-de-preco-em-salvador-este-ano","status":"publish","type":"post","link":"https:\/\/blogdofarnesio.com.br\/?p=350284","title":{"rendered":"Cebola, \u00f3leo de soja e feij\u00e3o carioca s\u00e3o os itens aliment\u00edcios com maior redu\u00e7\u00e3o de pre\u00e7o em Salvador este ano"},"content":{"rendered":"<p><i>Segundo informa\u00e7\u00f5es do IBGE referentes ao IPCA, 30 itens custam hoje mais barato na capital baiana do que custavam no final de 2022, entre eles oito tipos de carne bovina, al\u00e9m do frango e de peixes<\/i><\/p>\n<p>Tr\u00eas dezenas de itens aliment\u00edcios apresentaram redu\u00e7\u00e3o nos pre\u00e7os nos oito primeiros meses do ano em Salvador, em compara\u00e7\u00e3o com o que custavam no final de 2022. Os dados est\u00e3o em um levantamento divulgado pelo Instituto Brasileiro de Geografia e Estat\u00edstica (IBGE) no in\u00edcio desta semana referente \u00e0 infla\u00e7\u00e3o medida pelo IPCA.<br \/>\nA maior queda foi registrada no pre\u00e7o da cebola, que acumula redu\u00e7\u00e3o de 42,69% de janeiro a agosto deste ano. Outros destaques na capital baiana s\u00e3o o \u00f3leo de soja (-24,83%) e o feij\u00e3o carioca (-18,75%).<br \/>\nOito cortes de carne bovina tamb\u00e9m apresentaram redu\u00e7\u00e3o nos pre\u00e7os no per\u00edodo, o maior deles na costela (-13,07%). Na sequ\u00eancia aparecem o contrafil\u00e9 (-12.02%), o ac\u00e9m (-10,29%), a capa de fil\u00e9 (-10,09%), o lagarto comum (-9.69%), o ch\u00e3 de dentro (-9,61%), o m\u00fasculo (-9,41%) e o f\u00edgado (-8,86%).<br \/>\nJ\u00e1 a carne de porco teve redu\u00e7\u00e3o de 9,48% e o mesmo aconteceu em quatro tipos de peixes, com destaque para a merluza (-5,79%), al\u00e9m do frango em peda\u00e7os (-10.6%) e do frango inteiro (-9,26%).<br \/>\n<strong>DEFLA\u00c7\u00c3O\u00a0<\/strong>&#8211; Os dados nacionais indicam que houve uma retra\u00e7\u00e3o expressiva e consecutiva nos \u00faltimos tr\u00eas meses no grupo de alimentos e bebidas. Em agosto, o recuo deste grupo foi de -0,85%, em grande parte devido \u00e0 redu\u00e7\u00e3o nos pre\u00e7os da alimenta\u00e7\u00e3o no domic\u00edlio (-1,26%). A maior queda foi a da batata-inglesa (-12,92%) e destacam-se ainda o feij\u00e3o-carioca (-8,27%), o tomate (-7,91%), o leite longa vida (-3,35%), o frango em peda\u00e7os (-2,57%) e as carnes (-1,90%).<br \/>\n<strong>INFLA\u00c7\u00c3O\u00a0<\/strong>\u2013 No geral, a infla\u00e7\u00e3o de agosto foi de 0,23%, abaixo do que era projetado pelo mercado, e 0,11 ponto percentual acima da taxa de 0,12% registrada em julho. No ano, o IPCA acumula alta de 3,23%. Em agosto, o maior impacto (0,17 p.p) e a maior varia\u00e7\u00e3o (1,11%) vieram de Habita\u00e7\u00e3o, com destaque para o subitem energia el\u00e9trica residencial, com um aumento de 4,59% e impacto de 0,18 p.p. no \u00edndice geral.<br \/>\n\u201cO aumento na energia el\u00e9trica foi influenciado, principalmente, pelo fim da incorpora\u00e7\u00e3o do b\u00f4nus de Itaipu, referente a um saldo positivo na conta de comercializa\u00e7\u00e3o de energia el\u00e9trica de Itaipu em 2022, que foi incorporado nas contas de luz de todos os consumidores do Sistema Interligado Nacional em julho e que n\u00e3o est\u00e1 mais presente em agosto\u201d, explica Andr\u00e9 Almeida, gerente do IPCA\/INPC.<\/p>\n<p>&nbsp;<\/p>\n<p><i><strong>Fonte:<\/strong>\u00a0Secretaria de Comunica\u00e7\u00e3o Social da Presid\u00eancia da Rep\u00fablica<\/i><\/p>\n","protected":false},"excerpt":{"rendered":"<p>Segundo informa\u00e7\u00f5es do IBGE referentes ao IPCA, 30 itens custam hoje mais barato na capital baiana do que custavam no final de 2022, entre eles oito tipos de carne bovina, al\u00e9m do frango e de peixes Tr\u00eas dezenas de itens aliment\u00edcios apresentaram redu\u00e7\u00e3o nos pre\u00e7os nos oito primeiros meses do ano em Salvador, em compara\u00e7\u00e3o com o que custavam no final de 2022. Os dados est\u00e3o em um levantamento divulgado pelo Instituto Brasileiro de Geografia e Estat\u00edstica (IBGE) no in\u00edcio desta semana referente \u00e0 infla\u00e7\u00e3o medida pelo IPCA. A maior queda foi registrada no pre\u00e7o da cebola, que acumula redu\u00e7\u00e3o de 42,69% de janeiro a agosto deste ano. Outros destaques na capital baiana s\u00e3o o \u00f3leo de soja (-24,83%) e&hellip; <\/p>\n","protected":false},"author":2,"featured_media":348800,"comment_status":"open","ping_status":"open","sticky":false,"template":"","format":"standard","meta":{"_acf_changed":false,"footnotes":""},"categories":[20],"tags":[],"class_list":["post-350284","post","type-post","status-publish","format-standard","has-post-thumbnail","hentry","category-economia"],"acf":[],"yoast_head":"<!-- This site is optimized with the Yoast SEO plugin v27.4 - https:\/\/yoast.com\/product\/yoast-seo-wordpress\/ -->\n<title>Cebola, \u00f3leo de soja e feij\u00e3o carioca s\u00e3o os itens aliment\u00edcios com maior redu\u00e7\u00e3o de pre\u00e7o em Salvador este ano - Blog do Farn\u00e9sio<\/title>\n<meta name=\"robots\" content=\"index, follow, max-snippet:-1, max-image-preview:large, max-video-preview:-1\" \/>\n<link rel=\"canonical\" href=\"https:\/\/blogdofarnesio.com.br\/?p=350284\" \/>\n<meta property=\"og:locale\" content=\"pt_BR\" \/>\n<meta property=\"og:type\" content=\"article\" \/>\n<meta property=\"og:title\" content=\"Cebola, \u00f3leo de soja e feij\u00e3o carioca s\u00e3o os itens aliment\u00edcios com maior redu\u00e7\u00e3o de pre\u00e7o em Salvador este ano - Blog do Farn\u00e9sio\" \/>\n<meta property=\"og:description\" content=\"Segundo informa\u00e7\u00f5es do IBGE referentes ao IPCA, 30 itens custam hoje mais barato na capital baiana do que custavam no final de 2022, entre eles oito tipos de carne bovina, al\u00e9m do frango e de peixes Tr\u00eas dezenas de itens aliment\u00edcios apresentaram redu\u00e7\u00e3o nos pre\u00e7os nos oito primeiros meses do ano em Salvador, em compara\u00e7\u00e3o com o que custavam no final de 2022. Os dados est\u00e3o em um levantamento divulgado pelo Instituto Brasileiro de Geografia e Estat\u00edstica (IBGE) no in\u00edcio desta semana referente \u00e0 infla\u00e7\u00e3o medida pelo IPCA. A maior queda foi registrada no pre\u00e7o da cebola, que acumula redu\u00e7\u00e3o de 42,69% de janeiro a agosto deste ano. Outros destaques na capital baiana s\u00e3o o \u00f3leo de soja (-24,83%) e&hellip;\" \/>\n<meta property=\"og:url\" content=\"https:\/\/blogdofarnesio.com.br\/?p=350284\" \/>\n<meta property=\"og:site_name\" content=\"Blog do Farn\u00e9sio\" \/>\n<meta property=\"article:publisher\" content=\"https:\/\/www.facebook.com\/BlogQuerSaberPolitica\/\" \/>\n<meta property=\"article:author\" content=\"https:\/\/www.facebook.com\/?ref=tn_tnmn\" \/>\n<meta property=\"article:published_time\" content=\"2023-09-15T20:25:25+00:00\" \/>\n<meta property=\"og:image\" content=\"https:\/\/blogdofarnesio.com.br\/wp-content\/uploads\/2023\/08\/Feirantes-02-e1692980855509.jpeg\" \/>\n\t<meta property=\"og:image:width\" content=\"600\" \/>\n\t<meta property=\"og:image:height\" content=\"400\" \/>\n\t<meta property=\"og:image:type\" content=\"image\/jpeg\" \/>\n<meta name=\"author\" content=\"Farn\u00e9sio\" \/>\n<meta name=\"twitter:card\" content=\"summary_large_image\" \/>\n<meta name=\"twitter:label1\" content=\"Escrito por\" \/>\n\t<meta name=\"twitter:data1\" content=\"Farn\u00e9sio\" \/>\n\t<meta name=\"twitter:label2\" content=\"Est. tempo de leitura\" \/>\n\t<meta name=\"twitter:data2\" content=\"3 minutos\" \/>\n<script type=\"application\/ld+json\" class=\"yoast-schema-graph\">{\"@context\":\"https:\\\/\\\/schema.org\",\"@graph\":[{\"@type\":\"Article\",\"@id\":\"https:\\\/\\\/blogdofarnesio.com.br\\\/?p=350284#article\",\"isPartOf\":{\"@id\":\"https:\\\/\\\/blogdofarnesio.com.br\\\/?p=350284\"},\"author\":{\"name\":\"Farn\u00e9sio\",\"@id\":\"https:\\\/\\\/blogdofarnesio.com.br\\\/#\\\/schema\\\/person\\\/bb9b23ae3ad0609ce8df7b6c9e76824d\"},\"headline\":\"Cebola, \u00f3leo de soja e feij\u00e3o carioca s\u00e3o os itens aliment\u00edcios com maior redu\u00e7\u00e3o de pre\u00e7o em Salvador este ano\",\"datePublished\":\"2023-09-15T20:25:25+00:00\",\"mainEntityOfPage\":{\"@id\":\"https:\\\/\\\/blogdofarnesio.com.br\\\/?p=350284\"},\"wordCount\":490,\"commentCount\":0,\"publisher\":{\"@id\":\"https:\\\/\\\/blogdofarnesio.com.br\\\/#organization\"},\"image\":{\"@id\":\"https:\\\/\\\/blogdofarnesio.com.br\\\/?p=350284#primaryimage\"},\"thumbnailUrl\":\"https:\\\/\\\/blogdofarnesio.com.br\\\/wp-content\\\/uploads\\\/2023\\\/08\\\/Feirantes-02-e1692980855509.jpeg\",\"articleSection\":[\"Economia\"],\"inLanguage\":\"pt-BR\",\"potentialAction\":[{\"@type\":\"CommentAction\",\"name\":\"Comment\",\"target\":[\"https:\\\/\\\/blogdofarnesio.com.br\\\/?p=350284#respond\"]}]},{\"@type\":\"WebPage\",\"@id\":\"https:\\\/\\\/blogdofarnesio.com.br\\\/?p=350284\",\"url\":\"https:\\\/\\\/blogdofarnesio.com.br\\\/?p=350284\",\"name\":\"Cebola, \u00f3leo de soja e feij\u00e3o carioca s\u00e3o os itens aliment\u00edcios com maior redu\u00e7\u00e3o de pre\u00e7o em Salvador este ano - Blog do Farn\u00e9sio\",\"isPartOf\":{\"@id\":\"https:\\\/\\\/blogdofarnesio.com.br\\\/#website\"},\"primaryImageOfPage\":{\"@id\":\"https:\\\/\\\/blogdofarnesio.com.br\\\/?p=350284#primaryimage\"},\"image\":{\"@id\":\"https:\\\/\\\/blogdofarnesio.com.br\\\/?p=350284#primaryimage\"},\"thumbnailUrl\":\"https:\\\/\\\/blogdofarnesio.com.br\\\/wp-content\\\/uploads\\\/2023\\\/08\\\/Feirantes-02-e1692980855509.jpeg\",\"datePublished\":\"2023-09-15T20:25:25+00:00\",\"breadcrumb\":{\"@id\":\"https:\\\/\\\/blogdofarnesio.com.br\\\/?p=350284#breadcrumb\"},\"inLanguage\":\"pt-BR\",\"potentialAction\":[{\"@type\":\"ReadAction\",\"target\":[\"https:\\\/\\\/blogdofarnesio.com.br\\\/?p=350284\"]}]},{\"@type\":\"ImageObject\",\"inLanguage\":\"pt-BR\",\"@id\":\"https:\\\/\\\/blogdofarnesio.com.br\\\/?p=350284#primaryimage\",\"url\":\"https:\\\/\\\/blogdofarnesio.com.br\\\/wp-content\\\/uploads\\\/2023\\\/08\\\/Feirantes-02-e1692980855509.jpeg\",\"contentUrl\":\"https:\\\/\\\/blogdofarnesio.com.br\\\/wp-content\\\/uploads\\\/2023\\\/08\\\/Feirantes-02-e1692980855509.jpeg\",\"width\":600,\"height\":400},{\"@type\":\"BreadcrumbList\",\"@id\":\"https:\\\/\\\/blogdofarnesio.com.br\\\/?p=350284#breadcrumb\",\"itemListElement\":[{\"@type\":\"ListItem\",\"position\":1,\"name\":\"In\u00edcio\",\"item\":\"https:\\\/\\\/blogdofarnesio.com.br\\\/\"},{\"@type\":\"ListItem\",\"position\":2,\"name\":\"Cebola, \u00f3leo de soja e feij\u00e3o carioca s\u00e3o os itens aliment\u00edcios com maior redu\u00e7\u00e3o de pre\u00e7o em Salvador este ano\"}]},{\"@type\":\"WebSite\",\"@id\":\"https:\\\/\\\/blogdofarnesio.com.br\\\/#website\",\"url\":\"https:\\\/\\\/blogdofarnesio.com.br\\\/\",\"name\":\"Blog do Farn\u00e9sio\",\"description\":\"Quer Saber Pol\u00edtica?\",\"publisher\":{\"@id\":\"https:\\\/\\\/blogdofarnesio.com.br\\\/#organization\"},\"potentialAction\":[{\"@type\":\"SearchAction\",\"target\":{\"@type\":\"EntryPoint\",\"urlTemplate\":\"https:\\\/\\\/blogdofarnesio.com.br\\\/?s={search_term_string}\"},\"query-input\":{\"@type\":\"PropertyValueSpecification\",\"valueRequired\":true,\"valueName\":\"search_term_string\"}}],\"inLanguage\":\"pt-BR\"},{\"@type\":\"Organization\",\"@id\":\"https:\\\/\\\/blogdofarnesio.com.br\\\/#organization\",\"name\":\"Blog do Farn\u00e9sio\",\"url\":\"https:\\\/\\\/blogdofarnesio.com.br\\\/\",\"logo\":{\"@type\":\"ImageObject\",\"inLanguage\":\"pt-BR\",\"@id\":\"https:\\\/\\\/blogdofarnesio.com.br\\\/#\\\/schema\\\/logo\\\/image\\\/\",\"url\":\"https:\\\/\\\/blogdofarnesio.com.br\\\/wp-content\\\/uploads\\\/2026\\\/03\\\/cropped-logo_new-1.png\",\"contentUrl\":\"https:\\\/\\\/blogdofarnesio.com.br\\\/wp-content\\\/uploads\\\/2026\\\/03\\\/cropped-logo_new-1.png\",\"width\":881,\"height\":685,\"caption\":\"Blog do Farn\u00e9sio\"},\"image\":{\"@id\":\"https:\\\/\\\/blogdofarnesio.com.br\\\/#\\\/schema\\\/logo\\\/image\\\/\"},\"sameAs\":[\"https:\\\/\\\/www.facebook.com\\\/BlogQuerSaberPolitica\\\/\"]},{\"@type\":\"Person\",\"@id\":\"https:\\\/\\\/blogdofarnesio.com.br\\\/#\\\/schema\\\/person\\\/bb9b23ae3ad0609ce8df7b6c9e76824d\",\"name\":\"Farn\u00e9sio\",\"image\":{\"@type\":\"ImageObject\",\"inLanguage\":\"pt-BR\",\"@id\":\"https:\\\/\\\/secure.gravatar.com\\\/avatar\\\/986aa4c61ccdb66f8555bf88fc2a65609d00bcabd4d2d94377a727547345cbca?s=96&d=mm&r=g\",\"url\":\"https:\\\/\\\/secure.gravatar.com\\\/avatar\\\/986aa4c61ccdb66f8555bf88fc2a65609d00bcabd4d2d94377a727547345cbca?s=96&d=mm&r=g\",\"contentUrl\":\"https:\\\/\\\/secure.gravatar.com\\\/avatar\\\/986aa4c61ccdb66f8555bf88fc2a65609d00bcabd4d2d94377a727547345cbca?s=96&d=mm&r=g\",\"caption\":\"Farn\u00e9sio\"},\"description\":\"Radialista blogueiro, chegou a Petrolina\\\/Juazeiro em setembro de 1980, Farn\u00e9sio Silva \u00e9 de Arapiraca-Alagoas.\",\"sameAs\":[\"http:\\\/\\\/blogdofarnesio.com.br\",\"https:\\\/\\\/www.facebook.com\\\/?ref=tn_tnmn\",\"https:\\\/\\\/www.instagram.com\\\/?utm_source=pwa_homescreen\",\"https:\\\/\\\/youtube.com.br\\\/\"],\"url\":\"https:\\\/\\\/blogdofarnesio.com.br\\\/?author=2\"}]}<\/script>\n<!-- \/ Yoast SEO plugin. -->","yoast_head_json":{"title":"Cebola, \u00f3leo de soja e feij\u00e3o carioca s\u00e3o os itens aliment\u00edcios com maior redu\u00e7\u00e3o de pre\u00e7o em Salvador este ano - Blog do Farn\u00e9sio","robots":{"index":"index","follow":"follow","max-snippet":"max-snippet:-1","max-image-preview":"max-image-preview:large","max-video-preview":"max-video-preview:-1"},"canonical":"https:\/\/blogdofarnesio.com.br\/?p=350284","og_locale":"pt_BR","og_type":"article","og_title":"Cebola, \u00f3leo de soja e feij\u00e3o carioca s\u00e3o os itens aliment\u00edcios com maior redu\u00e7\u00e3o de pre\u00e7o em Salvador este ano - Blog do Farn\u00e9sio","og_description":"Segundo informa\u00e7\u00f5es do IBGE referentes ao IPCA, 30 itens custam hoje mais barato na capital baiana do que custavam no final de 2022, entre eles oito tipos de carne bovina, al\u00e9m do frango e de peixes Tr\u00eas dezenas de itens aliment\u00edcios apresentaram redu\u00e7\u00e3o nos pre\u00e7os nos oito primeiros meses do ano em Salvador, em compara\u00e7\u00e3o com o que custavam no final de 2022. Os dados est\u00e3o em um levantamento divulgado pelo Instituto Brasileiro de Geografia e Estat\u00edstica (IBGE) no in\u00edcio desta semana referente \u00e0 infla\u00e7\u00e3o medida pelo IPCA. A maior queda foi registrada no pre\u00e7o da cebola, que acumula redu\u00e7\u00e3o de 42,69% de janeiro a agosto deste ano. Outros destaques na capital baiana s\u00e3o o \u00f3leo de soja (-24,83%) e&hellip;","og_url":"https:\/\/blogdofarnesio.com.br\/?p=350284","og_site_name":"Blog do Farn\u00e9sio","article_publisher":"https:\/\/www.facebook.com\/BlogQuerSaberPolitica\/","article_author":"https:\/\/www.facebook.com\/?ref=tn_tnmn","article_published_time":"2023-09-15T20:25:25+00:00","og_image":[{"width":600,"height":400,"url":"https:\/\/blogdofarnesio.com.br\/wp-content\/uploads\/2023\/08\/Feirantes-02-e1692980855509.jpeg","type":"image\/jpeg"}],"author":"Farn\u00e9sio","twitter_card":"summary_large_image","twitter_misc":{"Escrito por":"Farn\u00e9sio","Est. tempo de leitura":"3 minutos"},"schema":{"@context":"https:\/\/schema.org","@graph":[{"@type":"Article","@id":"https:\/\/blogdofarnesio.com.br\/?p=350284#article","isPartOf":{"@id":"https:\/\/blogdofarnesio.com.br\/?p=350284"},"author":{"name":"Farn\u00e9sio","@id":"https:\/\/blogdofarnesio.com.br\/#\/schema\/person\/bb9b23ae3ad0609ce8df7b6c9e76824d"},"headline":"Cebola, \u00f3leo de soja e feij\u00e3o carioca s\u00e3o os itens aliment\u00edcios com maior redu\u00e7\u00e3o de pre\u00e7o em Salvador este ano","datePublished":"2023-09-15T20:25:25+00:00","mainEntityOfPage":{"@id":"https:\/\/blogdofarnesio.com.br\/?p=350284"},"wordCount":490,"commentCount":0,"publisher":{"@id":"https:\/\/blogdofarnesio.com.br\/#organization"},"image":{"@id":"https:\/\/blogdofarnesio.com.br\/?p=350284#primaryimage"},"thumbnailUrl":"https:\/\/blogdofarnesio.com.br\/wp-content\/uploads\/2023\/08\/Feirantes-02-e1692980855509.jpeg","articleSection":["Economia"],"inLanguage":"pt-BR","potentialAction":[{"@type":"CommentAction","name":"Comment","target":["https:\/\/blogdofarnesio.com.br\/?p=350284#respond"]}]},{"@type":"WebPage","@id":"https:\/\/blogdofarnesio.com.br\/?p=350284","url":"https:\/\/blogdofarnesio.com.br\/?p=350284","name":"Cebola, \u00f3leo de soja e feij\u00e3o carioca s\u00e3o os itens aliment\u00edcios com maior redu\u00e7\u00e3o de pre\u00e7o em Salvador este ano - Blog do Farn\u00e9sio","isPartOf":{"@id":"https:\/\/blogdofarnesio.com.br\/#website"},"primaryImageOfPage":{"@id":"https:\/\/blogdofarnesio.com.br\/?p=350284#primaryimage"},"image":{"@id":"https:\/\/blogdofarnesio.com.br\/?p=350284#primaryimage"},"thumbnailUrl":"https:\/\/blogdofarnesio.com.br\/wp-content\/uploads\/2023\/08\/Feirantes-02-e1692980855509.jpeg","datePublished":"2023-09-15T20:25:25+00:00","breadcrumb":{"@id":"https:\/\/blogdofarnesio.com.br\/?p=350284#breadcrumb"},"inLanguage":"pt-BR","potentialAction":[{"@type":"ReadAction","target":["https:\/\/blogdofarnesio.com.br\/?p=350284"]}]},{"@type":"ImageObject","inLanguage":"pt-BR","@id":"https:\/\/blogdofarnesio.com.br\/?p=350284#primaryimage","url":"https:\/\/blogdofarnesio.com.br\/wp-content\/uploads\/2023\/08\/Feirantes-02-e1692980855509.jpeg","contentUrl":"https:\/\/blogdofarnesio.com.br\/wp-content\/uploads\/2023\/08\/Feirantes-02-e1692980855509.jpeg","width":600,"height":400},{"@type":"BreadcrumbList","@id":"https:\/\/blogdofarnesio.com.br\/?p=350284#breadcrumb","itemListElement":[{"@type":"ListItem","position":1,"name":"In\u00edcio","item":"https:\/\/blogdofarnesio.com.br\/"},{"@type":"ListItem","position":2,"name":"Cebola, \u00f3leo de soja e feij\u00e3o carioca s\u00e3o os itens aliment\u00edcios com maior redu\u00e7\u00e3o de pre\u00e7o em Salvador este ano"}]},{"@type":"WebSite","@id":"https:\/\/blogdofarnesio.com.br\/#website","url":"https:\/\/blogdofarnesio.com.br\/","name":"Blog do Farn\u00e9sio","description":"Quer Saber Pol\u00edtica?","publisher":{"@id":"https:\/\/blogdofarnesio.com.br\/#organization"},"potentialAction":[{"@type":"SearchAction","target":{"@type":"EntryPoint","urlTemplate":"https:\/\/blogdofarnesio.com.br\/?s={search_term_string}"},"query-input":{"@type":"PropertyValueSpecification","valueRequired":true,"valueName":"search_term_string"}}],"inLanguage":"pt-BR"},{"@type":"Organization","@id":"https:\/\/blogdofarnesio.com.br\/#organization","name":"Blog do Farn\u00e9sio","url":"https:\/\/blogdofarnesio.com.br\/","logo":{"@type":"ImageObject","inLanguage":"pt-BR","@id":"https:\/\/blogdofarnesio.com.br\/#\/schema\/logo\/image\/","url":"https:\/\/blogdofarnesio.com.br\/wp-content\/uploads\/2026\/03\/cropped-logo_new-1.png","contentUrl":"https:\/\/blogdofarnesio.com.br\/wp-content\/uploads\/2026\/03\/cropped-logo_new-1.png","width":881,"height":685,"caption":"Blog do Farn\u00e9sio"},"image":{"@id":"https:\/\/blogdofarnesio.com.br\/#\/schema\/logo\/image\/"},"sameAs":["https:\/\/www.facebook.com\/BlogQuerSaberPolitica\/"]},{"@type":"Person","@id":"https:\/\/blogdofarnesio.com.br\/#\/schema\/person\/bb9b23ae3ad0609ce8df7b6c9e76824d","name":"Farn\u00e9sio","image":{"@type":"ImageObject","inLanguage":"pt-BR","@id":"https:\/\/secure.gravatar.com\/avatar\/986aa4c61ccdb66f8555bf88fc2a65609d00bcabd4d2d94377a727547345cbca?s=96&d=mm&r=g","url":"https:\/\/secure.gravatar.com\/avatar\/986aa4c61ccdb66f8555bf88fc2a65609d00bcabd4d2d94377a727547345cbca?s=96&d=mm&r=g","contentUrl":"https:\/\/secure.gravatar.com\/avatar\/986aa4c61ccdb66f8555bf88fc2a65609d00bcabd4d2d94377a727547345cbca?s=96&d=mm&r=g","caption":"Farn\u00e9sio"},"description":"Radialista blogueiro, chegou a Petrolina\/Juazeiro em setembro de 1980, Farn\u00e9sio Silva \u00e9 de Arapiraca-Alagoas.","sameAs":["http:\/\/blogdofarnesio.com.br","https:\/\/www.facebook.com\/?ref=tn_tnmn","https:\/\/www.instagram.com\/?utm_source=pwa_homescreen","https:\/\/youtube.com.br\/"],"url":"https:\/\/blogdofarnesio.com.br\/?author=2"}]}},"_links":{"self":[{"href":"https:\/\/blogdofarnesio.com.br\/index.php?rest_route=\/wp\/v2\/posts\/350284","targetHints":{"allow":["GET"]}}],"collection":[{"href":"https:\/\/blogdofarnesio.com.br\/index.php?rest_route=\/wp\/v2\/posts"}],"about":[{"href":"https:\/\/blogdofarnesio.com.br\/index.php?rest_route=\/wp\/v2\/types\/post"}],"author":[{"embeddable":true,"href":"https:\/\/blogdofarnesio.com.br\/index.php?rest_route=\/wp\/v2\/users\/2"}],"replies":[{"embeddable":true,"href":"https:\/\/blogdofarnesio.com.br\/index.php?rest_route=%2Fwp%2Fv2%2Fcomments&post=350284"}],"version-history":[{"count":0,"href":"https:\/\/blogdofarnesio.com.br\/index.php?rest_route=\/wp\/v2\/posts\/350284\/revisions"}],"wp:featuredmedia":[{"embeddable":true,"href":"https:\/\/blogdofarnesio.com.br\/index.php?rest_route=\/wp\/v2\/media\/348800"}],"wp:attachment":[{"href":"https:\/\/blogdofarnesio.com.br\/index.php?rest_route=%2Fwp%2Fv2%2Fmedia&parent=350284"}],"wp:term":[{"taxonomy":"category","embeddable":true,"href":"https:\/\/blogdofarnesio.com.br\/index.php?rest_route=%2Fwp%2Fv2%2Fcategories&post=350284"},{"taxonomy":"post_tag","embeddable":true,"href":"https:\/\/blogdofarnesio.com.br\/index.php?rest_route=%2Fwp%2Fv2%2Ftags&post=350284"}],"curies":[{"name":"wp","href":"https:\/\/api.w.org\/{rel}","templated":true}]}}