{"id":350158,"date":"2023-09-18T09:42:10","date_gmt":"2023-09-18T12:42:10","guid":{"rendered":"https:\/\/blogdofarnesio.com.br\/?p=350158"},"modified":"2023-09-17T17:54:02","modified_gmt":"2023-09-17T20:54:02","slug":"juazeiro-inicia-inscricoes-para-casamento-coletivo-nesta-segunda-feira-18","status":"publish","type":"post","link":"https:\/\/blogdofarnesio.com.br\/?p=350158","title":{"rendered":"Juazeiro inicia inscri\u00e7\u00f5es para casamento coletivo nesta segunda feira (18)"},"content":{"rendered":"<p style=\"font-weight: 400;\">A Prefeitura de Juazeiro, atrav\u00e9s da Secretaria de Desenvolvimento Social, Mulher e Diversidade (Sedes), inicia as inscri\u00e7\u00f5es, nesta segunda-feira (18), para casais que queiram participar do casamento coletivo. A a\u00e7\u00e3o vai unir oficialmente 100 casais h\u00e9tero e homoafetivos. As inscri\u00e7\u00f5es seguem at\u00e9 o dia 29 de setembro.<\/p>\n<p style=\"font-weight: 400;\">Podem participar pessoas a partir de 16 anos. Menores de idade precisam de autoriza\u00e7\u00e3o e presen\u00e7a dos respons\u00e1veis. As inscri\u00e7\u00f5es podem realizadas nos Centros de Refer\u00eancia em Assist\u00eancia Social (CRAS) Malhada da Areia, Jo\u00e3o Paulo II, Tabuleiro, Quid\u00e9 e Itaberaba, das 8h \u00e0s 17h; ou no pr\u00e9dio da Superintend\u00eancia de Pol\u00edticas Sociais, que fica anexo \u00e0 Sedes, na Orla I, das 8h \u00e0s 14h.<\/p>\n<p style=\"font-weight: 400;\"><strong>Documentos necess\u00e1rios<\/strong><\/p>\n<p style=\"font-weight: 400;\">Para fazer a inscri\u00e7\u00e3o, \u00e9 preciso apresentar os seguintes documentos: Certid\u00e3o de nascimento expedida no m\u00e1ximo, h\u00e1 90 dias (para solteiros) ou certid\u00e3o de Casamento constando a averba\u00e7\u00e3o do div\u00f3rcio expedida no m\u00e1ximo h\u00e1 90 dias (para divorciados); ou a Certid\u00e3o de Casamento constando a averba\u00e7\u00e3o do \u00f3bito expedida no m\u00e1ximo h\u00e1 90 dias (para vi\u00favos). Al\u00e9m da certid\u00e3o, \u00e9 preciso o documento de identifica\u00e7\u00e3o civil do casal, comprovante de resid\u00eancia de Juazeiro-BA e documento oficial de duas testemunhas. Os interessados dever\u00e3o preencher a ficha de inscri\u00e7\u00e3o do casamento coletivo e o Termo de Ci\u00eancia e Comprometimento, que est\u00e3o dispon\u00edveis nos CRAS.<\/p>\n<p style=\"font-weight: 400;\">O casamento ser\u00e1 no dia 8 de dezembro na Orla II de Juazeiro.<\/p>\n<p style=\"font-weight: 400;\">Texto: Amanda Franco \u2013 Ascom Sedes PMJ<\/p>\n","protected":false},"excerpt":{"rendered":"<p>A Prefeitura de Juazeiro, atrav\u00e9s da Secretaria de Desenvolvimento Social, Mulher e Diversidade (Sedes), inicia as inscri\u00e7\u00f5es, nesta segunda-feira (18), para casais que queiram participar do casamento coletivo. A a\u00e7\u00e3o vai unir oficialmente 100 casais h\u00e9tero e homoafetivos. As inscri\u00e7\u00f5es seguem at\u00e9 o dia 29 de setembro. Podem participar pessoas a partir de 16 anos. Menores de idade precisam de autoriza\u00e7\u00e3o e presen\u00e7a dos respons\u00e1veis. As inscri\u00e7\u00f5es podem realizadas nos Centros de Refer\u00eancia em Assist\u00eancia Social (CRAS) Malhada da Areia, Jo\u00e3o Paulo II, Tabuleiro, Quid\u00e9 e Itaberaba, das 8h \u00e0s 17h; ou no pr\u00e9dio da Superintend\u00eancia de Pol\u00edticas Sociais, que fica anexo \u00e0 Sedes, na Orla I, das 8h \u00e0s 14h. Documentos necess\u00e1rios Para fazer a inscri\u00e7\u00e3o, \u00e9 preciso apresentar&hellip; <\/p>\n","protected":false},"author":2,"featured_media":350160,"comment_status":"open","ping_status":"open","sticky":false,"template":"","format":"standard","meta":{"_acf_changed":false,"footnotes":""},"categories":[22],"tags":[],"class_list":["post-350158","post","type-post","status-publish","format-standard","has-post-thumbnail","hentry","category-acao-social"],"acf":[],"yoast_head":"<!-- This site is optimized with the Yoast SEO plugin v27.4 - https:\/\/yoast.com\/product\/yoast-seo-wordpress\/ -->\n<title>Juazeiro inicia inscri\u00e7\u00f5es para casamento coletivo nesta segunda feira (18) - Blog do Farn\u00e9sio<\/title>\n<meta name=\"robots\" content=\"index, follow, max-snippet:-1, max-image-preview:large, max-video-preview:-1\" \/>\n<link rel=\"canonical\" href=\"https:\/\/blogdofarnesio.com.br\/?p=350158\" \/>\n<meta property=\"og:locale\" content=\"pt_BR\" \/>\n<meta property=\"og:type\" content=\"article\" \/>\n<meta property=\"og:title\" content=\"Juazeiro inicia inscri\u00e7\u00f5es para casamento coletivo nesta segunda feira (18) - Blog do Farn\u00e9sio\" \/>\n<meta property=\"og:description\" content=\"A Prefeitura de Juazeiro, atrav\u00e9s da Secretaria de Desenvolvimento Social, Mulher e Diversidade (Sedes), inicia as inscri\u00e7\u00f5es, nesta segunda-feira (18), para casais que queiram participar do casamento coletivo. A a\u00e7\u00e3o vai unir oficialmente 100 casais h\u00e9tero e homoafetivos. As inscri\u00e7\u00f5es seguem at\u00e9 o dia 29 de setembro. Podem participar pessoas a partir de 16 anos. Menores de idade precisam de autoriza\u00e7\u00e3o e presen\u00e7a dos respons\u00e1veis. As inscri\u00e7\u00f5es podem realizadas nos Centros de Refer\u00eancia em Assist\u00eancia Social (CRAS) Malhada da Areia, Jo\u00e3o Paulo II, Tabuleiro, Quid\u00e9 e Itaberaba, das 8h \u00e0s 17h; ou no pr\u00e9dio da Superintend\u00eancia de Pol\u00edticas Sociais, que fica anexo \u00e0 Sedes, na Orla I, das 8h \u00e0s 14h. Documentos necess\u00e1rios Para fazer a inscri\u00e7\u00e3o, \u00e9 preciso apresentar&hellip;\" \/>\n<meta property=\"og:url\" content=\"https:\/\/blogdofarnesio.com.br\/?p=350158\" \/>\n<meta property=\"og:site_name\" content=\"Blog do Farn\u00e9sio\" \/>\n<meta property=\"article:publisher\" content=\"https:\/\/www.facebook.com\/BlogQuerSaberPolitica\/\" \/>\n<meta property=\"article:author\" content=\"https:\/\/www.facebook.com\/?ref=tn_tnmn\" \/>\n<meta property=\"article:published_time\" content=\"2023-09-18T12:42:10+00:00\" \/>\n<meta property=\"og:image\" content=\"https:\/\/blogdofarnesio.com.br\/wp-content\/uploads\/2023\/09\/card-casamento-coletivo-e1694691686195.jpeg\" \/>\n\t<meta property=\"og:image:width\" content=\"480\" \/>\n\t<meta property=\"og:image:height\" content=\"442\" \/>\n\t<meta property=\"og:image:type\" content=\"image\/jpeg\" \/>\n<meta name=\"author\" content=\"Farn\u00e9sio\" \/>\n<meta name=\"twitter:card\" content=\"summary_large_image\" \/>\n<meta name=\"twitter:label1\" content=\"Escrito por\" \/>\n\t<meta name=\"twitter:data1\" content=\"Farn\u00e9sio\" \/>\n\t<meta name=\"twitter:label2\" content=\"Est. tempo de leitura\" \/>\n\t<meta name=\"twitter:data2\" content=\"2 minutos\" \/>\n<script type=\"application\/ld+json\" class=\"yoast-schema-graph\">{\"@context\":\"https:\\\/\\\/schema.org\",\"@graph\":[{\"@type\":\"Article\",\"@id\":\"https:\\\/\\\/blogdofarnesio.com.br\\\/?p=350158#article\",\"isPartOf\":{\"@id\":\"https:\\\/\\\/blogdofarnesio.com.br\\\/?p=350158\"},\"author\":{\"name\":\"Farn\u00e9sio\",\"@id\":\"https:\\\/\\\/blogdofarnesio.com.br\\\/#\\\/schema\\\/person\\\/bb9b23ae3ad0609ce8df7b6c9e76824d\"},\"headline\":\"Juazeiro inicia inscri\u00e7\u00f5es para casamento coletivo nesta segunda feira (18)\",\"datePublished\":\"2023-09-18T12:42:10+00:00\",\"mainEntityOfPage\":{\"@id\":\"https:\\\/\\\/blogdofarnesio.com.br\\\/?p=350158\"},\"wordCount\":269,\"commentCount\":0,\"publisher\":{\"@id\":\"https:\\\/\\\/blogdofarnesio.com.br\\\/#organization\"},\"image\":{\"@id\":\"https:\\\/\\\/blogdofarnesio.com.br\\\/?p=350158#primaryimage\"},\"thumbnailUrl\":\"https:\\\/\\\/blogdofarnesio.com.br\\\/wp-content\\\/uploads\\\/2023\\\/09\\\/card-casamento-coletivo-e1694691686195.jpeg\",\"articleSection\":[\"A\u00e7\u00e3o Social\"],\"inLanguage\":\"pt-BR\",\"potentialAction\":[{\"@type\":\"CommentAction\",\"name\":\"Comment\",\"target\":[\"https:\\\/\\\/blogdofarnesio.com.br\\\/?p=350158#respond\"]}]},{\"@type\":\"WebPage\",\"@id\":\"https:\\\/\\\/blogdofarnesio.com.br\\\/?p=350158\",\"url\":\"https:\\\/\\\/blogdofarnesio.com.br\\\/?p=350158\",\"name\":\"Juazeiro inicia inscri\u00e7\u00f5es para casamento coletivo nesta segunda feira (18) - Blog do Farn\u00e9sio\",\"isPartOf\":{\"@id\":\"https:\\\/\\\/blogdofarnesio.com.br\\\/#website\"},\"primaryImageOfPage\":{\"@id\":\"https:\\\/\\\/blogdofarnesio.com.br\\\/?p=350158#primaryimage\"},\"image\":{\"@id\":\"https:\\\/\\\/blogdofarnesio.com.br\\\/?p=350158#primaryimage\"},\"thumbnailUrl\":\"https:\\\/\\\/blogdofarnesio.com.br\\\/wp-content\\\/uploads\\\/2023\\\/09\\\/card-casamento-coletivo-e1694691686195.jpeg\",\"datePublished\":\"2023-09-18T12:42:10+00:00\",\"breadcrumb\":{\"@id\":\"https:\\\/\\\/blogdofarnesio.com.br\\\/?p=350158#breadcrumb\"},\"inLanguage\":\"pt-BR\",\"potentialAction\":[{\"@type\":\"ReadAction\",\"target\":[\"https:\\\/\\\/blogdofarnesio.com.br\\\/?p=350158\"]}]},{\"@type\":\"ImageObject\",\"inLanguage\":\"pt-BR\",\"@id\":\"https:\\\/\\\/blogdofarnesio.com.br\\\/?p=350158#primaryimage\",\"url\":\"https:\\\/\\\/blogdofarnesio.com.br\\\/wp-content\\\/uploads\\\/2023\\\/09\\\/card-casamento-coletivo-e1694691686195.jpeg\",\"contentUrl\":\"https:\\\/\\\/blogdofarnesio.com.br\\\/wp-content\\\/uploads\\\/2023\\\/09\\\/card-casamento-coletivo-e1694691686195.jpeg\",\"width\":480,\"height\":442},{\"@type\":\"BreadcrumbList\",\"@id\":\"https:\\\/\\\/blogdofarnesio.com.br\\\/?p=350158#breadcrumb\",\"itemListElement\":[{\"@type\":\"ListItem\",\"position\":1,\"name\":\"In\u00edcio\",\"item\":\"https:\\\/\\\/blogdofarnesio.com.br\\\/\"},{\"@type\":\"ListItem\",\"position\":2,\"name\":\"Juazeiro inicia inscri\u00e7\u00f5es para casamento coletivo nesta segunda feira (18)\"}]},{\"@type\":\"WebSite\",\"@id\":\"https:\\\/\\\/blogdofarnesio.com.br\\\/#website\",\"url\":\"https:\\\/\\\/blogdofarnesio.com.br\\\/\",\"name\":\"Blog do Farn\u00e9sio\",\"description\":\"Quer Saber Pol\u00edtica?\",\"publisher\":{\"@id\":\"https:\\\/\\\/blogdofarnesio.com.br\\\/#organization\"},\"potentialAction\":[{\"@type\":\"SearchAction\",\"target\":{\"@type\":\"EntryPoint\",\"urlTemplate\":\"https:\\\/\\\/blogdofarnesio.com.br\\\/?s={search_term_string}\"},\"query-input\":{\"@type\":\"PropertyValueSpecification\",\"valueRequired\":true,\"valueName\":\"search_term_string\"}}],\"inLanguage\":\"pt-BR\"},{\"@type\":\"Organization\",\"@id\":\"https:\\\/\\\/blogdofarnesio.com.br\\\/#organization\",\"name\":\"Blog do Farn\u00e9sio\",\"url\":\"https:\\\/\\\/blogdofarnesio.com.br\\\/\",\"logo\":{\"@type\":\"ImageObject\",\"inLanguage\":\"pt-BR\",\"@id\":\"https:\\\/\\\/blogdofarnesio.com.br\\\/#\\\/schema\\\/logo\\\/image\\\/\",\"url\":\"https:\\\/\\\/blogdofarnesio.com.br\\\/wp-content\\\/uploads\\\/2026\\\/03\\\/cropped-logo_new-1.png\",\"contentUrl\":\"https:\\\/\\\/blogdofarnesio.com.br\\\/wp-content\\\/uploads\\\/2026\\\/03\\\/cropped-logo_new-1.png\",\"width\":881,\"height\":685,\"caption\":\"Blog do Farn\u00e9sio\"},\"image\":{\"@id\":\"https:\\\/\\\/blogdofarnesio.com.br\\\/#\\\/schema\\\/logo\\\/image\\\/\"},\"sameAs\":[\"https:\\\/\\\/www.facebook.com\\\/BlogQuerSaberPolitica\\\/\"]},{\"@type\":\"Person\",\"@id\":\"https:\\\/\\\/blogdofarnesio.com.br\\\/#\\\/schema\\\/person\\\/bb9b23ae3ad0609ce8df7b6c9e76824d\",\"name\":\"Farn\u00e9sio\",\"image\":{\"@type\":\"ImageObject\",\"inLanguage\":\"pt-BR\",\"@id\":\"https:\\\/\\\/secure.gravatar.com\\\/avatar\\\/986aa4c61ccdb66f8555bf88fc2a65609d00bcabd4d2d94377a727547345cbca?s=96&d=mm&r=g\",\"url\":\"https:\\\/\\\/secure.gravatar.com\\\/avatar\\\/986aa4c61ccdb66f8555bf88fc2a65609d00bcabd4d2d94377a727547345cbca?s=96&d=mm&r=g\",\"contentUrl\":\"https:\\\/\\\/secure.gravatar.com\\\/avatar\\\/986aa4c61ccdb66f8555bf88fc2a65609d00bcabd4d2d94377a727547345cbca?s=96&d=mm&r=g\",\"caption\":\"Farn\u00e9sio\"},\"description\":\"Radialista blogueiro, chegou a Petrolina\\\/Juazeiro em setembro de 1980, Farn\u00e9sio Silva \u00e9 de Arapiraca-Alagoas.\",\"sameAs\":[\"http:\\\/\\\/blogdofarnesio.com.br\",\"https:\\\/\\\/www.facebook.com\\\/?ref=tn_tnmn\",\"https:\\\/\\\/www.instagram.com\\\/?utm_source=pwa_homescreen\",\"https:\\\/\\\/youtube.com.br\\\/\"],\"url\":\"https:\\\/\\\/blogdofarnesio.com.br\\\/?author=2\"}]}<\/script>\n<!-- \/ Yoast SEO plugin. -->","yoast_head_json":{"title":"Juazeiro inicia inscri\u00e7\u00f5es para casamento coletivo nesta segunda feira (18) - Blog do Farn\u00e9sio","robots":{"index":"index","follow":"follow","max-snippet":"max-snippet:-1","max-image-preview":"max-image-preview:large","max-video-preview":"max-video-preview:-1"},"canonical":"https:\/\/blogdofarnesio.com.br\/?p=350158","og_locale":"pt_BR","og_type":"article","og_title":"Juazeiro inicia inscri\u00e7\u00f5es para casamento coletivo nesta segunda feira (18) - Blog do Farn\u00e9sio","og_description":"A Prefeitura de Juazeiro, atrav\u00e9s da Secretaria de Desenvolvimento Social, Mulher e Diversidade (Sedes), inicia as inscri\u00e7\u00f5es, nesta segunda-feira (18), para casais que queiram participar do casamento coletivo. A a\u00e7\u00e3o vai unir oficialmente 100 casais h\u00e9tero e homoafetivos. As inscri\u00e7\u00f5es seguem at\u00e9 o dia 29 de setembro. Podem participar pessoas a partir de 16 anos. Menores de idade precisam de autoriza\u00e7\u00e3o e presen\u00e7a dos respons\u00e1veis. As inscri\u00e7\u00f5es podem realizadas nos Centros de Refer\u00eancia em Assist\u00eancia Social (CRAS) Malhada da Areia, Jo\u00e3o Paulo II, Tabuleiro, Quid\u00e9 e Itaberaba, das 8h \u00e0s 17h; ou no pr\u00e9dio da Superintend\u00eancia de Pol\u00edticas Sociais, que fica anexo \u00e0 Sedes, na Orla I, das 8h \u00e0s 14h. Documentos necess\u00e1rios Para fazer a inscri\u00e7\u00e3o, \u00e9 preciso apresentar&hellip;","og_url":"https:\/\/blogdofarnesio.com.br\/?p=350158","og_site_name":"Blog do Farn\u00e9sio","article_publisher":"https:\/\/www.facebook.com\/BlogQuerSaberPolitica\/","article_author":"https:\/\/www.facebook.com\/?ref=tn_tnmn","article_published_time":"2023-09-18T12:42:10+00:00","og_image":[{"width":480,"height":442,"url":"https:\/\/blogdofarnesio.com.br\/wp-content\/uploads\/2023\/09\/card-casamento-coletivo-e1694691686195.jpeg","type":"image\/jpeg"}],"author":"Farn\u00e9sio","twitter_card":"summary_large_image","twitter_misc":{"Escrito por":"Farn\u00e9sio","Est. tempo de leitura":"2 minutos"},"schema":{"@context":"https:\/\/schema.org","@graph":[{"@type":"Article","@id":"https:\/\/blogdofarnesio.com.br\/?p=350158#article","isPartOf":{"@id":"https:\/\/blogdofarnesio.com.br\/?p=350158"},"author":{"name":"Farn\u00e9sio","@id":"https:\/\/blogdofarnesio.com.br\/#\/schema\/person\/bb9b23ae3ad0609ce8df7b6c9e76824d"},"headline":"Juazeiro inicia inscri\u00e7\u00f5es para casamento coletivo nesta segunda feira (18)","datePublished":"2023-09-18T12:42:10+00:00","mainEntityOfPage":{"@id":"https:\/\/blogdofarnesio.com.br\/?p=350158"},"wordCount":269,"commentCount":0,"publisher":{"@id":"https:\/\/blogdofarnesio.com.br\/#organization"},"image":{"@id":"https:\/\/blogdofarnesio.com.br\/?p=350158#primaryimage"},"thumbnailUrl":"https:\/\/blogdofarnesio.com.br\/wp-content\/uploads\/2023\/09\/card-casamento-coletivo-e1694691686195.jpeg","articleSection":["A\u00e7\u00e3o Social"],"inLanguage":"pt-BR","potentialAction":[{"@type":"CommentAction","name":"Comment","target":["https:\/\/blogdofarnesio.com.br\/?p=350158#respond"]}]},{"@type":"WebPage","@id":"https:\/\/blogdofarnesio.com.br\/?p=350158","url":"https:\/\/blogdofarnesio.com.br\/?p=350158","name":"Juazeiro inicia inscri\u00e7\u00f5es para casamento coletivo nesta segunda feira (18) - Blog do Farn\u00e9sio","isPartOf":{"@id":"https:\/\/blogdofarnesio.com.br\/#website"},"primaryImageOfPage":{"@id":"https:\/\/blogdofarnesio.com.br\/?p=350158#primaryimage"},"image":{"@id":"https:\/\/blogdofarnesio.com.br\/?p=350158#primaryimage"},"thumbnailUrl":"https:\/\/blogdofarnesio.com.br\/wp-content\/uploads\/2023\/09\/card-casamento-coletivo-e1694691686195.jpeg","datePublished":"2023-09-18T12:42:10+00:00","breadcrumb":{"@id":"https:\/\/blogdofarnesio.com.br\/?p=350158#breadcrumb"},"inLanguage":"pt-BR","potentialAction":[{"@type":"ReadAction","target":["https:\/\/blogdofarnesio.com.br\/?p=350158"]}]},{"@type":"ImageObject","inLanguage":"pt-BR","@id":"https:\/\/blogdofarnesio.com.br\/?p=350158#primaryimage","url":"https:\/\/blogdofarnesio.com.br\/wp-content\/uploads\/2023\/09\/card-casamento-coletivo-e1694691686195.jpeg","contentUrl":"https:\/\/blogdofarnesio.com.br\/wp-content\/uploads\/2023\/09\/card-casamento-coletivo-e1694691686195.jpeg","width":480,"height":442},{"@type":"BreadcrumbList","@id":"https:\/\/blogdofarnesio.com.br\/?p=350158#breadcrumb","itemListElement":[{"@type":"ListItem","position":1,"name":"In\u00edcio","item":"https:\/\/blogdofarnesio.com.br\/"},{"@type":"ListItem","position":2,"name":"Juazeiro inicia inscri\u00e7\u00f5es para casamento coletivo nesta segunda feira (18)"}]},{"@type":"WebSite","@id":"https:\/\/blogdofarnesio.com.br\/#website","url":"https:\/\/blogdofarnesio.com.br\/","name":"Blog do Farn\u00e9sio","description":"Quer Saber Pol\u00edtica?","publisher":{"@id":"https:\/\/blogdofarnesio.com.br\/#organization"},"potentialAction":[{"@type":"SearchAction","target":{"@type":"EntryPoint","urlTemplate":"https:\/\/blogdofarnesio.com.br\/?s={search_term_string}"},"query-input":{"@type":"PropertyValueSpecification","valueRequired":true,"valueName":"search_term_string"}}],"inLanguage":"pt-BR"},{"@type":"Organization","@id":"https:\/\/blogdofarnesio.com.br\/#organization","name":"Blog do Farn\u00e9sio","url":"https:\/\/blogdofarnesio.com.br\/","logo":{"@type":"ImageObject","inLanguage":"pt-BR","@id":"https:\/\/blogdofarnesio.com.br\/#\/schema\/logo\/image\/","url":"https:\/\/blogdofarnesio.com.br\/wp-content\/uploads\/2026\/03\/cropped-logo_new-1.png","contentUrl":"https:\/\/blogdofarnesio.com.br\/wp-content\/uploads\/2026\/03\/cropped-logo_new-1.png","width":881,"height":685,"caption":"Blog do Farn\u00e9sio"},"image":{"@id":"https:\/\/blogdofarnesio.com.br\/#\/schema\/logo\/image\/"},"sameAs":["https:\/\/www.facebook.com\/BlogQuerSaberPolitica\/"]},{"@type":"Person","@id":"https:\/\/blogdofarnesio.com.br\/#\/schema\/person\/bb9b23ae3ad0609ce8df7b6c9e76824d","name":"Farn\u00e9sio","image":{"@type":"ImageObject","inLanguage":"pt-BR","@id":"https:\/\/secure.gravatar.com\/avatar\/986aa4c61ccdb66f8555bf88fc2a65609d00bcabd4d2d94377a727547345cbca?s=96&d=mm&r=g","url":"https:\/\/secure.gravatar.com\/avatar\/986aa4c61ccdb66f8555bf88fc2a65609d00bcabd4d2d94377a727547345cbca?s=96&d=mm&r=g","contentUrl":"https:\/\/secure.gravatar.com\/avatar\/986aa4c61ccdb66f8555bf88fc2a65609d00bcabd4d2d94377a727547345cbca?s=96&d=mm&r=g","caption":"Farn\u00e9sio"},"description":"Radialista blogueiro, chegou a Petrolina\/Juazeiro em setembro de 1980, Farn\u00e9sio Silva \u00e9 de Arapiraca-Alagoas.","sameAs":["http:\/\/blogdofarnesio.com.br","https:\/\/www.facebook.com\/?ref=tn_tnmn","https:\/\/www.instagram.com\/?utm_source=pwa_homescreen","https:\/\/youtube.com.br\/"],"url":"https:\/\/blogdofarnesio.com.br\/?author=2"}]}},"_links":{"self":[{"href":"https:\/\/blogdofarnesio.com.br\/index.php?rest_route=\/wp\/v2\/posts\/350158","targetHints":{"allow":["GET"]}}],"collection":[{"href":"https:\/\/blogdofarnesio.com.br\/index.php?rest_route=\/wp\/v2\/posts"}],"about":[{"href":"https:\/\/blogdofarnesio.com.br\/index.php?rest_route=\/wp\/v2\/types\/post"}],"author":[{"embeddable":true,"href":"https:\/\/blogdofarnesio.com.br\/index.php?rest_route=\/wp\/v2\/users\/2"}],"replies":[{"embeddable":true,"href":"https:\/\/blogdofarnesio.com.br\/index.php?rest_route=%2Fwp%2Fv2%2Fcomments&post=350158"}],"version-history":[{"count":0,"href":"https:\/\/blogdofarnesio.com.br\/index.php?rest_route=\/wp\/v2\/posts\/350158\/revisions"}],"wp:featuredmedia":[{"embeddable":true,"href":"https:\/\/blogdofarnesio.com.br\/index.php?rest_route=\/wp\/v2\/media\/350160"}],"wp:attachment":[{"href":"https:\/\/blogdofarnesio.com.br\/index.php?rest_route=%2Fwp%2Fv2%2Fmedia&parent=350158"}],"wp:term":[{"taxonomy":"category","embeddable":true,"href":"https:\/\/blogdofarnesio.com.br\/index.php?rest_route=%2Fwp%2Fv2%2Fcategories&post=350158"},{"taxonomy":"post_tag","embeddable":true,"href":"https:\/\/blogdofarnesio.com.br\/index.php?rest_route=%2Fwp%2Fv2%2Ftags&post=350158"}],"curies":[{"name":"wp","href":"https:\/\/api.w.org\/{rel}","templated":true}]}}