{"id":349861,"date":"2023-09-08T12:00:42","date_gmt":"2023-09-08T15:00:42","guid":{"rendered":"https:\/\/blogdofarnesio.com.br\/?p=349861"},"modified":"2023-09-08T10:40:44","modified_gmt":"2023-09-08T13:40:44","slug":"novo-ministro-pediu-voto-para-bolsonaro-e-agora-e-lula-desde-criancinha-e-voce-se-pegando-por-lula-ou-bolsonaro","status":"publish","type":"post","link":"https:\/\/blogdofarnesio.com.br\/?p=349861","title":{"rendered":"Novo ministro pediu voto para Bolsonaro e agora \u00e9 Lula desde &#8220;criancinha&#8221;&#8230;E voc\u00ea se pegando por Lula ou Bolsonaro"},"content":{"rendered":"<p>O l\u00edder do PP na C\u00e2mara, Andr\u00e9 Fufuca (MA), foi convidado nesta 4\u00aa feira (6.set.2023) para substituir Ana Moser no comando do Minist\u00e9rio do Esporte do governo Lula. Em 2016, como deputado federal, o novo ministro votou a favor da abertura do processo de impeachment da ex-presidente Dilma Rousseff (PT).<\/p>\n<p>No mesmo ano, Fufuca tamb\u00e9m foi contra o parecer do Comit\u00ea de \u00c9tica da C\u00e2mara dos Deputados pela cassa\u00e7\u00e3o do mandato de Eduardo Cunha, aprovada meses mais tarde pela Casa Baixa. Cunha, ent\u00e3o presidente da C\u00e2mara, foi o respons\u00e1vel pelo andamento do processo de impeachment da petista.<\/p>\n<p>Um v\u00eddeo que circula nas redes sociais (veja abaixo)\u00a0 mostra o deputado pedindo votos para o ex-presidente Jair Bolsonaro. Agora \u00e9 Lula desde criancinha, dada a negocia\u00e7\u00e3o com Lira e o Centr\u00e3o, que esteve dentro do governo Bolsonaro e agora no governo Lula. Substitui Ana Moser, para a revolta de parte dos esquerdistas\u2026<\/p>\n<p><iframe id=\"instagram-embed-0\" class=\"instagram-media instagram-media-rendered\" src=\"https:\/\/www.instagram.com\/reel\/Cw49YjrurcW\/embed\/captioned\/?cr=1&amp;v=14&amp;wp=540&amp;rd=https%3A%2F%2Fnilljunior.com.br&amp;rp=%2F#%7B%22ci%22%3A0%2C%22os%22%3A3815.7000000476837%2C%22ls%22%3A511%2C%22le%22%3A3337.2000000476837%7D\" height=\"1241\" frameborder=\"0\" scrolling=\"no\" allowfullscreen=\"allowfullscreen\" data-instgrm-payload-id=\"instagram-media-payload-0\" data-mce-fragment=\"1\"><\/iframe><\/p>\n<p>&nbsp;<\/p>\n<div class=\"sharedaddy sd-sharing-enabled\">\n<div class=\"robots-nocontent sd-block sd-social sd-social-icon sd-sharing\">\n<h3 class=\"sd-title\">Compartilhe:<\/h3>\n<\/div>\n<\/div>\n","protected":false},"excerpt":{"rendered":"<p>O l\u00edder do PP na C\u00e2mara, Andr\u00e9 Fufuca (MA), foi convidado nesta 4\u00aa feira (6.set.2023) para substituir Ana Moser no comando do Minist\u00e9rio do Esporte do governo Lula. Em 2016, como deputado federal, o novo ministro votou a favor da abertura do processo de impeachment da ex-presidente Dilma Rousseff (PT). No mesmo ano, Fufuca tamb\u00e9m foi contra o parecer do Comit\u00ea de \u00c9tica da C\u00e2mara dos Deputados pela cassa\u00e7\u00e3o do mandato de Eduardo Cunha, aprovada meses mais tarde pela Casa Baixa. Cunha, ent\u00e3o presidente da C\u00e2mara, foi o respons\u00e1vel pelo andamento do processo de impeachment da petista. Um v\u00eddeo que circula nas redes sociais (veja abaixo)\u00a0 mostra o deputado pedindo votos para o ex-presidente Jair Bolsonaro. Agora \u00e9 Lula desde&hellip; <\/p>\n","protected":false},"author":2,"featured_media":349862,"comment_status":"open","ping_status":"open","sticky":false,"template":"","format":"standard","meta":{"_acf_changed":false,"footnotes":""},"categories":[43],"tags":[],"class_list":["post-349861","post","type-post","status-publish","format-standard","has-post-thumbnail","hentry","category-sem-categoria"],"acf":[],"yoast_head":"<!-- This site is optimized with the Yoast SEO plugin v27.4 - https:\/\/yoast.com\/product\/yoast-seo-wordpress\/ -->\n<title>Novo ministro pediu voto para Bolsonaro e agora \u00e9 Lula desde &quot;criancinha&quot;...E voc\u00ea se pegando por Lula ou Bolsonaro - Blog do Farn\u00e9sio<\/title>\n<meta name=\"robots\" content=\"index, follow, max-snippet:-1, max-image-preview:large, max-video-preview:-1\" \/>\n<link rel=\"canonical\" href=\"https:\/\/blogdofarnesio.com.br\/?p=349861\" \/>\n<meta property=\"og:locale\" content=\"pt_BR\" \/>\n<meta property=\"og:type\" content=\"article\" \/>\n<meta property=\"og:title\" content=\"Novo ministro pediu voto para Bolsonaro e agora \u00e9 Lula desde &quot;criancinha&quot;...E voc\u00ea se pegando por Lula ou Bolsonaro - Blog do Farn\u00e9sio\" \/>\n<meta property=\"og:description\" content=\"O l\u00edder do PP na C\u00e2mara, Andr\u00e9 Fufuca (MA), foi convidado nesta 4\u00aa feira (6.set.2023) para substituir Ana Moser no comando do Minist\u00e9rio do Esporte do governo Lula. Em 2016, como deputado federal, o novo ministro votou a favor da abertura do processo de impeachment da ex-presidente Dilma Rousseff (PT). No mesmo ano, Fufuca tamb\u00e9m foi contra o parecer do Comit\u00ea de \u00c9tica da C\u00e2mara dos Deputados pela cassa\u00e7\u00e3o do mandato de Eduardo Cunha, aprovada meses mais tarde pela Casa Baixa. Cunha, ent\u00e3o presidente da C\u00e2mara, foi o respons\u00e1vel pelo andamento do processo de impeachment da petista. Um v\u00eddeo que circula nas redes sociais (veja abaixo)\u00a0 mostra o deputado pedindo votos para o ex-presidente Jair Bolsonaro. Agora \u00e9 Lula desde&hellip;\" \/>\n<meta property=\"og:url\" content=\"https:\/\/blogdofarnesio.com.br\/?p=349861\" \/>\n<meta property=\"og:site_name\" content=\"Blog do Farn\u00e9sio\" \/>\n<meta property=\"article:publisher\" content=\"https:\/\/www.facebook.com\/BlogQuerSaberPolitica\/\" \/>\n<meta property=\"article:author\" content=\"https:\/\/www.facebook.com\/?ref=tn_tnmn\" \/>\n<meta property=\"article:published_time\" content=\"2023-09-08T15:00:42+00:00\" \/>\n<meta property=\"og:image\" content=\"https:\/\/blogdofarnesio.com.br\/wp-content\/uploads\/2023\/09\/logqsp-fufuca-bolsonaro.webp\" \/>\n\t<meta property=\"og:image:width\" content=\"419\" \/>\n\t<meta property=\"og:image:height\" content=\"399\" \/>\n\t<meta property=\"og:image:type\" content=\"image\/webp\" \/>\n<meta name=\"author\" content=\"Farn\u00e9sio\" \/>\n<meta name=\"twitter:card\" content=\"summary_large_image\" \/>\n<meta name=\"twitter:label1\" content=\"Escrito por\" \/>\n\t<meta name=\"twitter:data1\" content=\"Farn\u00e9sio\" \/>\n\t<meta name=\"twitter:label2\" content=\"Est. tempo de leitura\" \/>\n\t<meta name=\"twitter:data2\" content=\"1 minuto\" \/>\n<script type=\"application\/ld+json\" class=\"yoast-schema-graph\">{\"@context\":\"https:\\\/\\\/schema.org\",\"@graph\":[{\"@type\":\"Article\",\"@id\":\"https:\\\/\\\/blogdofarnesio.com.br\\\/?p=349861#article\",\"isPartOf\":{\"@id\":\"https:\\\/\\\/blogdofarnesio.com.br\\\/?p=349861\"},\"author\":{\"name\":\"Farn\u00e9sio\",\"@id\":\"https:\\\/\\\/blogdofarnesio.com.br\\\/#\\\/schema\\\/person\\\/bb9b23ae3ad0609ce8df7b6c9e76824d\"},\"headline\":\"Novo ministro pediu voto para Bolsonaro e agora \u00e9 Lula desde &#8220;criancinha&#8221;&#8230;E voc\u00ea se pegando por Lula ou Bolsonaro\",\"datePublished\":\"2023-09-08T15:00:42+00:00\",\"mainEntityOfPage\":{\"@id\":\"https:\\\/\\\/blogdofarnesio.com.br\\\/?p=349861\"},\"wordCount\":180,\"commentCount\":0,\"publisher\":{\"@id\":\"https:\\\/\\\/blogdofarnesio.com.br\\\/#organization\"},\"image\":{\"@id\":\"https:\\\/\\\/blogdofarnesio.com.br\\\/?p=349861#primaryimage\"},\"thumbnailUrl\":\"https:\\\/\\\/blogdofarnesio.com.br\\\/wp-content\\\/uploads\\\/2023\\\/09\\\/logqsp-fufuca-bolsonaro.webp\",\"inLanguage\":\"pt-BR\",\"potentialAction\":[{\"@type\":\"CommentAction\",\"name\":\"Comment\",\"target\":[\"https:\\\/\\\/blogdofarnesio.com.br\\\/?p=349861#respond\"]}]},{\"@type\":\"WebPage\",\"@id\":\"https:\\\/\\\/blogdofarnesio.com.br\\\/?p=349861\",\"url\":\"https:\\\/\\\/blogdofarnesio.com.br\\\/?p=349861\",\"name\":\"Novo ministro pediu voto para Bolsonaro e agora \u00e9 Lula desde \\\"criancinha\\\"...E voc\u00ea se pegando por Lula ou Bolsonaro - Blog do Farn\u00e9sio\",\"isPartOf\":{\"@id\":\"https:\\\/\\\/blogdofarnesio.com.br\\\/#website\"},\"primaryImageOfPage\":{\"@id\":\"https:\\\/\\\/blogdofarnesio.com.br\\\/?p=349861#primaryimage\"},\"image\":{\"@id\":\"https:\\\/\\\/blogdofarnesio.com.br\\\/?p=349861#primaryimage\"},\"thumbnailUrl\":\"https:\\\/\\\/blogdofarnesio.com.br\\\/wp-content\\\/uploads\\\/2023\\\/09\\\/logqsp-fufuca-bolsonaro.webp\",\"datePublished\":\"2023-09-08T15:00:42+00:00\",\"breadcrumb\":{\"@id\":\"https:\\\/\\\/blogdofarnesio.com.br\\\/?p=349861#breadcrumb\"},\"inLanguage\":\"pt-BR\",\"potentialAction\":[{\"@type\":\"ReadAction\",\"target\":[\"https:\\\/\\\/blogdofarnesio.com.br\\\/?p=349861\"]}]},{\"@type\":\"ImageObject\",\"inLanguage\":\"pt-BR\",\"@id\":\"https:\\\/\\\/blogdofarnesio.com.br\\\/?p=349861#primaryimage\",\"url\":\"https:\\\/\\\/blogdofarnesio.com.br\\\/wp-content\\\/uploads\\\/2023\\\/09\\\/logqsp-fufuca-bolsonaro.webp\",\"contentUrl\":\"https:\\\/\\\/blogdofarnesio.com.br\\\/wp-content\\\/uploads\\\/2023\\\/09\\\/logqsp-fufuca-bolsonaro.webp\",\"width\":419,\"height\":399},{\"@type\":\"BreadcrumbList\",\"@id\":\"https:\\\/\\\/blogdofarnesio.com.br\\\/?p=349861#breadcrumb\",\"itemListElement\":[{\"@type\":\"ListItem\",\"position\":1,\"name\":\"In\u00edcio\",\"item\":\"https:\\\/\\\/blogdofarnesio.com.br\\\/\"},{\"@type\":\"ListItem\",\"position\":2,\"name\":\"Novo ministro pediu voto para Bolsonaro e agora \u00e9 Lula desde &#8220;criancinha&#8221;&#8230;E voc\u00ea se pegando por Lula ou Bolsonaro\"}]},{\"@type\":\"WebSite\",\"@id\":\"https:\\\/\\\/blogdofarnesio.com.br\\\/#website\",\"url\":\"https:\\\/\\\/blogdofarnesio.com.br\\\/\",\"name\":\"Blog do Farn\u00e9sio\",\"description\":\"Quer Saber Pol\u00edtica?\",\"publisher\":{\"@id\":\"https:\\\/\\\/blogdofarnesio.com.br\\\/#organization\"},\"potentialAction\":[{\"@type\":\"SearchAction\",\"target\":{\"@type\":\"EntryPoint\",\"urlTemplate\":\"https:\\\/\\\/blogdofarnesio.com.br\\\/?s={search_term_string}\"},\"query-input\":{\"@type\":\"PropertyValueSpecification\",\"valueRequired\":true,\"valueName\":\"search_term_string\"}}],\"inLanguage\":\"pt-BR\"},{\"@type\":\"Organization\",\"@id\":\"https:\\\/\\\/blogdofarnesio.com.br\\\/#organization\",\"name\":\"Blog do Farn\u00e9sio\",\"url\":\"https:\\\/\\\/blogdofarnesio.com.br\\\/\",\"logo\":{\"@type\":\"ImageObject\",\"inLanguage\":\"pt-BR\",\"@id\":\"https:\\\/\\\/blogdofarnesio.com.br\\\/#\\\/schema\\\/logo\\\/image\\\/\",\"url\":\"https:\\\/\\\/blogdofarnesio.com.br\\\/wp-content\\\/uploads\\\/2026\\\/03\\\/cropped-logo_new-1.png\",\"contentUrl\":\"https:\\\/\\\/blogdofarnesio.com.br\\\/wp-content\\\/uploads\\\/2026\\\/03\\\/cropped-logo_new-1.png\",\"width\":881,\"height\":685,\"caption\":\"Blog do Farn\u00e9sio\"},\"image\":{\"@id\":\"https:\\\/\\\/blogdofarnesio.com.br\\\/#\\\/schema\\\/logo\\\/image\\\/\"},\"sameAs\":[\"https:\\\/\\\/www.facebook.com\\\/BlogQuerSaberPolitica\\\/\"]},{\"@type\":\"Person\",\"@id\":\"https:\\\/\\\/blogdofarnesio.com.br\\\/#\\\/schema\\\/person\\\/bb9b23ae3ad0609ce8df7b6c9e76824d\",\"name\":\"Farn\u00e9sio\",\"image\":{\"@type\":\"ImageObject\",\"inLanguage\":\"pt-BR\",\"@id\":\"https:\\\/\\\/secure.gravatar.com\\\/avatar\\\/986aa4c61ccdb66f8555bf88fc2a65609d00bcabd4d2d94377a727547345cbca?s=96&d=mm&r=g\",\"url\":\"https:\\\/\\\/secure.gravatar.com\\\/avatar\\\/986aa4c61ccdb66f8555bf88fc2a65609d00bcabd4d2d94377a727547345cbca?s=96&d=mm&r=g\",\"contentUrl\":\"https:\\\/\\\/secure.gravatar.com\\\/avatar\\\/986aa4c61ccdb66f8555bf88fc2a65609d00bcabd4d2d94377a727547345cbca?s=96&d=mm&r=g\",\"caption\":\"Farn\u00e9sio\"},\"description\":\"Radialista blogueiro, chegou a Petrolina\\\/Juazeiro em setembro de 1980, Farn\u00e9sio Silva \u00e9 de Arapiraca-Alagoas.\",\"sameAs\":[\"http:\\\/\\\/blogdofarnesio.com.br\",\"https:\\\/\\\/www.facebook.com\\\/?ref=tn_tnmn\",\"https:\\\/\\\/www.instagram.com\\\/?utm_source=pwa_homescreen\",\"https:\\\/\\\/youtube.com.br\\\/\"],\"url\":\"https:\\\/\\\/blogdofarnesio.com.br\\\/?author=2\"}]}<\/script>\n<!-- \/ Yoast SEO plugin. -->","yoast_head_json":{"title":"Novo ministro pediu voto para Bolsonaro e agora \u00e9 Lula desde \"criancinha\"...E voc\u00ea se pegando por Lula ou Bolsonaro - Blog do Farn\u00e9sio","robots":{"index":"index","follow":"follow","max-snippet":"max-snippet:-1","max-image-preview":"max-image-preview:large","max-video-preview":"max-video-preview:-1"},"canonical":"https:\/\/blogdofarnesio.com.br\/?p=349861","og_locale":"pt_BR","og_type":"article","og_title":"Novo ministro pediu voto para Bolsonaro e agora \u00e9 Lula desde \"criancinha\"...E voc\u00ea se pegando por Lula ou Bolsonaro - Blog do Farn\u00e9sio","og_description":"O l\u00edder do PP na C\u00e2mara, Andr\u00e9 Fufuca (MA), foi convidado nesta 4\u00aa feira (6.set.2023) para substituir Ana Moser no comando do Minist\u00e9rio do Esporte do governo Lula. Em 2016, como deputado federal, o novo ministro votou a favor da abertura do processo de impeachment da ex-presidente Dilma Rousseff (PT). No mesmo ano, Fufuca tamb\u00e9m foi contra o parecer do Comit\u00ea de \u00c9tica da C\u00e2mara dos Deputados pela cassa\u00e7\u00e3o do mandato de Eduardo Cunha, aprovada meses mais tarde pela Casa Baixa. Cunha, ent\u00e3o presidente da C\u00e2mara, foi o respons\u00e1vel pelo andamento do processo de impeachment da petista. Um v\u00eddeo que circula nas redes sociais (veja abaixo)\u00a0 mostra o deputado pedindo votos para o ex-presidente Jair Bolsonaro. Agora \u00e9 Lula desde&hellip;","og_url":"https:\/\/blogdofarnesio.com.br\/?p=349861","og_site_name":"Blog do Farn\u00e9sio","article_publisher":"https:\/\/www.facebook.com\/BlogQuerSaberPolitica\/","article_author":"https:\/\/www.facebook.com\/?ref=tn_tnmn","article_published_time":"2023-09-08T15:00:42+00:00","og_image":[{"width":419,"height":399,"url":"https:\/\/blogdofarnesio.com.br\/wp-content\/uploads\/2023\/09\/logqsp-fufuca-bolsonaro.webp","type":"image\/webp"}],"author":"Farn\u00e9sio","twitter_card":"summary_large_image","twitter_misc":{"Escrito por":"Farn\u00e9sio","Est. tempo de leitura":"1 minuto"},"schema":{"@context":"https:\/\/schema.org","@graph":[{"@type":"Article","@id":"https:\/\/blogdofarnesio.com.br\/?p=349861#article","isPartOf":{"@id":"https:\/\/blogdofarnesio.com.br\/?p=349861"},"author":{"name":"Farn\u00e9sio","@id":"https:\/\/blogdofarnesio.com.br\/#\/schema\/person\/bb9b23ae3ad0609ce8df7b6c9e76824d"},"headline":"Novo ministro pediu voto para Bolsonaro e agora \u00e9 Lula desde &#8220;criancinha&#8221;&#8230;E voc\u00ea se pegando por Lula ou Bolsonaro","datePublished":"2023-09-08T15:00:42+00:00","mainEntityOfPage":{"@id":"https:\/\/blogdofarnesio.com.br\/?p=349861"},"wordCount":180,"commentCount":0,"publisher":{"@id":"https:\/\/blogdofarnesio.com.br\/#organization"},"image":{"@id":"https:\/\/blogdofarnesio.com.br\/?p=349861#primaryimage"},"thumbnailUrl":"https:\/\/blogdofarnesio.com.br\/wp-content\/uploads\/2023\/09\/logqsp-fufuca-bolsonaro.webp","inLanguage":"pt-BR","potentialAction":[{"@type":"CommentAction","name":"Comment","target":["https:\/\/blogdofarnesio.com.br\/?p=349861#respond"]}]},{"@type":"WebPage","@id":"https:\/\/blogdofarnesio.com.br\/?p=349861","url":"https:\/\/blogdofarnesio.com.br\/?p=349861","name":"Novo ministro pediu voto para Bolsonaro e agora \u00e9 Lula desde \"criancinha\"...E voc\u00ea se pegando por Lula ou Bolsonaro - Blog do Farn\u00e9sio","isPartOf":{"@id":"https:\/\/blogdofarnesio.com.br\/#website"},"primaryImageOfPage":{"@id":"https:\/\/blogdofarnesio.com.br\/?p=349861#primaryimage"},"image":{"@id":"https:\/\/blogdofarnesio.com.br\/?p=349861#primaryimage"},"thumbnailUrl":"https:\/\/blogdofarnesio.com.br\/wp-content\/uploads\/2023\/09\/logqsp-fufuca-bolsonaro.webp","datePublished":"2023-09-08T15:00:42+00:00","breadcrumb":{"@id":"https:\/\/blogdofarnesio.com.br\/?p=349861#breadcrumb"},"inLanguage":"pt-BR","potentialAction":[{"@type":"ReadAction","target":["https:\/\/blogdofarnesio.com.br\/?p=349861"]}]},{"@type":"ImageObject","inLanguage":"pt-BR","@id":"https:\/\/blogdofarnesio.com.br\/?p=349861#primaryimage","url":"https:\/\/blogdofarnesio.com.br\/wp-content\/uploads\/2023\/09\/logqsp-fufuca-bolsonaro.webp","contentUrl":"https:\/\/blogdofarnesio.com.br\/wp-content\/uploads\/2023\/09\/logqsp-fufuca-bolsonaro.webp","width":419,"height":399},{"@type":"BreadcrumbList","@id":"https:\/\/blogdofarnesio.com.br\/?p=349861#breadcrumb","itemListElement":[{"@type":"ListItem","position":1,"name":"In\u00edcio","item":"https:\/\/blogdofarnesio.com.br\/"},{"@type":"ListItem","position":2,"name":"Novo ministro pediu voto para Bolsonaro e agora \u00e9 Lula desde &#8220;criancinha&#8221;&#8230;E voc\u00ea se pegando por Lula ou Bolsonaro"}]},{"@type":"WebSite","@id":"https:\/\/blogdofarnesio.com.br\/#website","url":"https:\/\/blogdofarnesio.com.br\/","name":"Blog do Farn\u00e9sio","description":"Quer Saber Pol\u00edtica?","publisher":{"@id":"https:\/\/blogdofarnesio.com.br\/#organization"},"potentialAction":[{"@type":"SearchAction","target":{"@type":"EntryPoint","urlTemplate":"https:\/\/blogdofarnesio.com.br\/?s={search_term_string}"},"query-input":{"@type":"PropertyValueSpecification","valueRequired":true,"valueName":"search_term_string"}}],"inLanguage":"pt-BR"},{"@type":"Organization","@id":"https:\/\/blogdofarnesio.com.br\/#organization","name":"Blog do Farn\u00e9sio","url":"https:\/\/blogdofarnesio.com.br\/","logo":{"@type":"ImageObject","inLanguage":"pt-BR","@id":"https:\/\/blogdofarnesio.com.br\/#\/schema\/logo\/image\/","url":"https:\/\/blogdofarnesio.com.br\/wp-content\/uploads\/2026\/03\/cropped-logo_new-1.png","contentUrl":"https:\/\/blogdofarnesio.com.br\/wp-content\/uploads\/2026\/03\/cropped-logo_new-1.png","width":881,"height":685,"caption":"Blog do Farn\u00e9sio"},"image":{"@id":"https:\/\/blogdofarnesio.com.br\/#\/schema\/logo\/image\/"},"sameAs":["https:\/\/www.facebook.com\/BlogQuerSaberPolitica\/"]},{"@type":"Person","@id":"https:\/\/blogdofarnesio.com.br\/#\/schema\/person\/bb9b23ae3ad0609ce8df7b6c9e76824d","name":"Farn\u00e9sio","image":{"@type":"ImageObject","inLanguage":"pt-BR","@id":"https:\/\/secure.gravatar.com\/avatar\/986aa4c61ccdb66f8555bf88fc2a65609d00bcabd4d2d94377a727547345cbca?s=96&d=mm&r=g","url":"https:\/\/secure.gravatar.com\/avatar\/986aa4c61ccdb66f8555bf88fc2a65609d00bcabd4d2d94377a727547345cbca?s=96&d=mm&r=g","contentUrl":"https:\/\/secure.gravatar.com\/avatar\/986aa4c61ccdb66f8555bf88fc2a65609d00bcabd4d2d94377a727547345cbca?s=96&d=mm&r=g","caption":"Farn\u00e9sio"},"description":"Radialista blogueiro, chegou a Petrolina\/Juazeiro em setembro de 1980, Farn\u00e9sio Silva \u00e9 de Arapiraca-Alagoas.","sameAs":["http:\/\/blogdofarnesio.com.br","https:\/\/www.facebook.com\/?ref=tn_tnmn","https:\/\/www.instagram.com\/?utm_source=pwa_homescreen","https:\/\/youtube.com.br\/"],"url":"https:\/\/blogdofarnesio.com.br\/?author=2"}]}},"_links":{"self":[{"href":"https:\/\/blogdofarnesio.com.br\/index.php?rest_route=\/wp\/v2\/posts\/349861","targetHints":{"allow":["GET"]}}],"collection":[{"href":"https:\/\/blogdofarnesio.com.br\/index.php?rest_route=\/wp\/v2\/posts"}],"about":[{"href":"https:\/\/blogdofarnesio.com.br\/index.php?rest_route=\/wp\/v2\/types\/post"}],"author":[{"embeddable":true,"href":"https:\/\/blogdofarnesio.com.br\/index.php?rest_route=\/wp\/v2\/users\/2"}],"replies":[{"embeddable":true,"href":"https:\/\/blogdofarnesio.com.br\/index.php?rest_route=%2Fwp%2Fv2%2Fcomments&post=349861"}],"version-history":[{"count":0,"href":"https:\/\/blogdofarnesio.com.br\/index.php?rest_route=\/wp\/v2\/posts\/349861\/revisions"}],"wp:featuredmedia":[{"embeddable":true,"href":"https:\/\/blogdofarnesio.com.br\/index.php?rest_route=\/wp\/v2\/media\/349862"}],"wp:attachment":[{"href":"https:\/\/blogdofarnesio.com.br\/index.php?rest_route=%2Fwp%2Fv2%2Fmedia&parent=349861"}],"wp:term":[{"taxonomy":"category","embeddable":true,"href":"https:\/\/blogdofarnesio.com.br\/index.php?rest_route=%2Fwp%2Fv2%2Fcategories&post=349861"},{"taxonomy":"post_tag","embeddable":true,"href":"https:\/\/blogdofarnesio.com.br\/index.php?rest_route=%2Fwp%2Fv2%2Ftags&post=349861"}],"curies":[{"name":"wp","href":"https:\/\/api.w.org\/{rel}","templated":true}]}}