{"id":349842,"date":"2023-09-09T09:31:03","date_gmt":"2023-09-09T12:31:03","guid":{"rendered":"https:\/\/blogdofarnesio.com.br\/?p=349842"},"modified":"2023-09-08T10:32:18","modified_gmt":"2023-09-08T13:32:18","slug":"pernambuco-ha-oportunidades-para-candidatos-com-ensino-fundamental-medio-tecnico-e-superior","status":"publish","type":"post","link":"https:\/\/blogdofarnesio.com.br\/?p=349842","title":{"rendered":"Pernambuco. H\u00e1 oportunidades para candidatos com ensino fundamental, m\u00e9dio, t\u00e9cnico e superior"},"content":{"rendered":"<div class=\"cont-post\">\n<p>Os sal\u00e1rios s\u00e3o de at\u00e9 R$ 8330,00 no certame da\u00a0<a href=\"https:\/\/itaenga.pe.gov.br\/\" target=\"_blank\" rel=\"noopener\">Prefeitura de Lagoa de Itaenga<\/a>. Tamb\u00e9m h\u00e1 chances em concursos de outras cidades, institui\u00e7\u00f5es e \u00f3rg\u00e3os do Governo de Pernambuco.<\/p>\n<p><strong>Confira lista dos concursos e sele\u00e7\u00f5es<\/strong><\/p>\n<p><strong>C\u00e2mara Municipal de Riacho das Almas<\/strong>\u00a0\u2013\u00a0<a href=\"https:\/\/portaldeprefeitura.com.br\/wp-content\/uploads\/2023\/08\/Confira-como-se-inscrever-no-edital.pdf2_.pdf\">Confira como se inscrever no edital<\/a><br \/>\n4 vagas at\u00e9 R$ 1500,00<br \/>\nV\u00e1rios Cargos<br \/>\nFundamental \/ M\u00e9dio \/ Superior<br \/>\nInscri\u00e7\u00f5es at\u00e9 16\/09\/2023<\/p>\n<p><strong>IF Sert\u00e3o \u2013 Instituto Federal de Educa\u00e7\u00e3o, Ci\u00eancia e Tecnologia do Sert\u00e3o<\/strong>\u00a0\u2013\u00a0<a href=\"https:\/\/portaldeprefeitura.com.br\/wp-content\/uploads\/2023\/09\/Confira-como-se-inscrever-no-edital.pdf\" target=\"_blank\" rel=\"noopener\">Confira como se inscrever no edital<\/a><br \/>\n10 vagas at\u00e9 R$ 1125,69<br \/>\nEstagi\u00e1rio<br \/>\nM\u00e9dio Incompleto \/ T\u00e9cnico Incompleto \/ Superior Incompleto<br \/>\nInscri\u00e7\u00f5es at\u00e9 15\/09\/2023<\/p>\n<p><strong>Prefeitura de Brej\u00e3o<\/strong>\u00a0\u2013\u00a0<a href=\"https:\/\/portaldeprefeitura.com.br\/wp-content\/uploads\/2023\/09\/Confira-como-se-inscrever-no-edital-1.pdf\" target=\"_blank\" rel=\"noopener\">Confira como se inscrever no edital<\/a><br \/>\n20 vagas at\u00e9 R$ 2678,87<br \/>\nT\u00e9cnico de Enfermagem e Enfermeiro<br \/>\nM\u00e9dio \/ T\u00e9cnico \/ Superior<br \/>\nInscri\u00e7\u00f5es at\u00e9 08\/09\/2023<\/p>\n<p><strong>Prefeitura de Caruaru<\/strong>\u00a0\u2013\u00a0<a href=\"https:\/\/portaldeprefeitura.com.br\/wp-content\/uploads\/2023\/08\/Confira-como-se-inscrever-no-edital-52.pdf\" target=\"_blank\" rel=\"noopener\">Confira como se inscrever no edital<\/a><br \/>\n16 vagas at\u00e9 R$ 6000,00<br \/>\nV\u00e1rios Cargos<br \/>\nSuperior<br \/>\nInscri\u00e7\u00f5es at\u00e9 16\/10\/2023<\/p>\n<p><strong>Prefeitura de Catende<\/strong>\u00a0\u2013\u00a0<a href=\"https:\/\/portaldeprefeitura.com.br\/wp-content\/uploads\/2023\/08\/Confira-como-se-inscrever-no-edital-53.pdf\" target=\"_blank\" rel=\"noopener\">Confira como se inscrever no edital<\/a><br \/>\n34 vagas at\u00e9 R$ 2424,00<br \/>\nAgente Comunit\u00e1rio de Sa\u00fade e Agente de Combate as Endemias<br \/>\nEnsino M\u00e9dio<br \/>\nInscri\u00e7\u00f5es at\u00e9 22\/09\/2023<\/p>\n<p><strong>Prefeitura de Condado \u2013<\/strong>\u00a0<a href=\"https:\/\/portaldeprefeitura.com.br\/wp-content\/uploads\/2023\/09\/Confira-como-se-inscrever-no-edital-2.pdf\" target=\"_blank\" rel=\"noopener\">Confira como se inscrever no edital<\/a><br \/>\n142 vagas at\u00e9 R$ 4424,00<br \/>\nV\u00e1rios Cargos<br \/>\nFundamental \/ M\u00e9dio \/ T\u00e9cnico \/ Superior<br \/>\nInscri\u00e7\u00f5es at\u00e9 05\/10\/2023<\/p>\n<p><strong>Prefeitura de Ingazeira<\/strong>\u00a0\u2013\u00a0<a href=\"https:\/\/portaldeprefeitura.com.br\/wp-content\/uploads\/2023\/08\/Confira-como-se-inscrever-no-edital-37.pdf\">Confira como se inscrever no edital<\/a><br \/>\n33 vagas at\u00e9 R$ 2640,00<br \/>\nV\u00e1rios Cargos<br \/>\nFundamental \/ M\u00e9dio \/ T\u00e9cnico \/ Superior<br \/>\nInscri\u00e7\u00f5es prorrogadas at\u00e9 25\/09\/2023<\/p>\n<p><strong>Prefeitura de Lagoa de Itaenga<\/strong>\u00a0\u2013\u00a0<a href=\"https:\/\/portaldeprefeitura.com.br\/wp-content\/uploads\/2023\/09\/Confira-como-se-inscrever-no-edital-3.pdf\" target=\"_blank\" rel=\"noopener\">Confira como se inscrever no edital<\/a><br \/>\n317 vagas at\u00e9 R$ 8330,00<br \/>\nV\u00e1rios Cargos<br \/>\nFundamental Incompleto \/ Fundamental \/ M\u00e9dio \/ T\u00e9cnico \/ Superior<br \/>\nInscri\u00e7\u00f5es at\u00e9 02\/10\/2023<\/p>\n<p><strong>Prefeitura de Lagoa Grande<\/strong>\u00a0\u2013\u00a0<a href=\"https:\/\/portaldeprefeitura.com.br\/wp-content\/uploads\/2023\/09\/Confira-como-se-inscrever-no-edital-4.pdf\" target=\"_blank\" rel=\"noopener\">Confira como se inscrever no edital<\/a><br \/>\n106 vagas at\u00e9 R$ 2640,00<br \/>\nV\u00e1rios Cargos<br \/>\nFundamental \/ M\u00e9dio \/ T\u00e9cnico \/ Superior<br \/>\nInscri\u00e7\u00f5es at\u00e9 15\/09\/2023<\/p>\n<p><strong>Prefeitura de Machados<\/strong>\u00a0\u2013\u00a0<a href=\"https:\/\/portaldeprefeitura.com.br\/wp-content\/uploads\/2023\/09\/Confira-como-se-inscrever-no-edital-5.pdf\" target=\"_blank\" rel=\"noopener\">Confira como se inscrever no edital<\/a><br \/>\n12 vagas at\u00e9 R$ 2604,00<br \/>\nAgente Comunit\u00e1rio de Sa\u00fade<br \/>\nEnsino M\u00e9dio<br \/>\nInscri\u00e7\u00f5es at\u00e9 10\/09\/2023<\/p>\n<p><strong>Prefeitura de Petrol\u00e2ndia<\/strong>\u00a0\u2013\u00a0<a href=\"https:\/\/portaldeprefeitura.com.br\/wp-content\/uploads\/2023\/08\/Confira-como-se-inscrever-no-edital-38.pdf\">Confira como se inscrever no edital<\/a><br \/>\n29 vagas at\u00e9 R$ 2604,00<br \/>\nAgentes Comunit\u00e1rio de Sa\u00fade<br \/>\nFundamental<br \/>\nInscri\u00e7\u00f5es at\u00e9 08\/09\/2023<\/p>\n<p><strong>Prefeitura de Salgueiro<\/strong>\u00a0\u2013\u00a0<a href=\"https:\/\/portaldeprefeitura.com.br\/wp-content\/uploads\/2023\/09\/Confira-como-se-inscrever-no-edital-6.pdf\" target=\"_blank\" rel=\"noopener\">Confira como se inscrever no edital<\/a><br \/>\n1 vaga at\u00e9 R$ 3442,81<br \/>\nM\u00e9dico Veterin\u00e1rio<br \/>\nSuperior<br \/>\nInscri\u00e7\u00f5es at\u00e9 11\/09\/2023<\/p>\n<p><strong>Prefeitura de S\u00e3o Vicente F\u00e9rrer<\/strong>\u00a0\u2013\u00a0<a href=\"https:\/\/portaldeprefeitura.com.br\/wp-content\/uploads\/2023\/08\/Confira-como-se-inscrever-no-edital-54.pdf\" target=\"_blank\" rel=\"noopener\">Confira como se inscrever no edital<\/a><br \/>\n4 vagas at\u00e9 R$ 1467,00<br \/>\nGuarda Municipal<br \/>\nEnsino M\u00e9dio<br \/>\nInscri\u00e7\u00f5es at\u00e9 10\/10\/2023<\/p>\n<p><strong>Prefeitura de Surubim<\/strong>\u00a0\u2013 Confira como se inscrever nos editais:\u00a0<a href=\"https:\/\/portaldeprefeitura.com.br\/wp-content\/uploads\/2023\/08\/Edital-1-2.pdf\" target=\"_blank\" rel=\"noopener\">Edital 1<\/a>\u00a0\/\u00a0<a href=\"https:\/\/portaldeprefeitura.com.br\/wp-content\/uploads\/2023\/08\/edital-2-2.pdf\" target=\"_blank\" rel=\"noopener\">Edital 2<\/a><br \/>\n16 vagas at\u00e9 R$ 2640,00<br \/>\nV\u00e1rios Cargos<br \/>\nEnsino M\u00e9dio<br \/>\nInscri\u00e7\u00f5es at\u00e9 20\/09\/2023<\/p>\n<p><strong>Prefeitura de Surubim<\/strong>\u00a0\u2013\u00a0<a href=\"https:\/\/portaldeprefeitura.com.br\/wp-content\/uploads\/2023\/08\/Confira-como-se-inscrever-no-edital-9.pdf\" target=\"_blank\" rel=\"noopener\">Confira como se inscrever no edital<\/a><br \/>\n157 vagas at\u00e9 R$ 8000,00<br \/>\nV\u00e1rios Cargos<br \/>\nM\u00e9dio \/ T\u00e9cnico \/ Superior<br \/>\nInscri\u00e7\u00f5es at\u00e9 01\/10\/2023<\/p>\n<p><strong>Prefeitura de Tupanatinga<\/strong>\u00a0\u2013\u00a0<a href=\"https:\/\/portaldeprefeitura.com.br\/wp-content\/uploads\/2023\/09\/Confira-como-se-inscrever-no-edital-7.pdf\" target=\"_blank\" rel=\"noopener\">Confira como se inscrever no edital<\/a><br \/>\n15 vagas at\u00e9 R$ 20,20 h\/a<br \/>\nProfessores<br \/>\nSuperior<br \/>\nInscri\u00e7\u00f5es at\u00e9 20\/09\/2023<\/p>\n<p><strong>Prefeitura de Venturosa<\/strong>\u00a0\u2013\u00a0<a href=\"https:\/\/portaldeprefeitura.com.br\/wp-content\/uploads\/2023\/09\/Confira-como-se-inscrever-no-edital-9.pdf\">Confira como se inscrever no edital<\/a><br \/>\nSal\u00e1rios at\u00e9 R$ 41,25 p\/h<br \/>\nCirurgi\u00e3o Dentista<br \/>\nSuperior<br \/>\nInscri\u00e7\u00f5es at\u00e9 22\/09\/2023<\/p>\n<\/div>\n","protected":false},"excerpt":{"rendered":"<p>Os sal\u00e1rios s\u00e3o de at\u00e9 R$ 8330,00 no certame da\u00a0Prefeitura de Lagoa de Itaenga. Tamb\u00e9m h\u00e1 chances em concursos de outras cidades, institui\u00e7\u00f5es e \u00f3rg\u00e3os do Governo de Pernambuco. Confira lista dos concursos e sele\u00e7\u00f5es C\u00e2mara Municipal de Riacho das Almas\u00a0\u2013\u00a0Confira como se inscrever no edital 4 vagas at\u00e9 R$ 1500,00 V\u00e1rios Cargos Fundamental \/ M\u00e9dio \/ Superior Inscri\u00e7\u00f5es at\u00e9 16\/09\/2023 IF Sert\u00e3o \u2013 Instituto Federal de Educa\u00e7\u00e3o, Ci\u00eancia e Tecnologia do Sert\u00e3o\u00a0\u2013\u00a0Confira como se inscrever no edital 10 vagas at\u00e9 R$ 1125,69 Estagi\u00e1rio M\u00e9dio Incompleto \/ T\u00e9cnico Incompleto \/ Superior Incompleto Inscri\u00e7\u00f5es at\u00e9 15\/09\/2023 Prefeitura de Brej\u00e3o\u00a0\u2013\u00a0Confira como se inscrever no edital 20 vagas at\u00e9 R$ 2678,87 T\u00e9cnico de Enfermagem e Enfermeiro M\u00e9dio \/ T\u00e9cnico \/ Superior Inscri\u00e7\u00f5es at\u00e9&hellip; <\/p>\n","protected":false},"author":2,"featured_media":342984,"comment_status":"open","ping_status":"open","sticky":false,"template":"","format":"standard","meta":{"_acf_changed":false,"footnotes":""},"categories":[31],"tags":[],"class_list":["post-349842","post","type-post","status-publish","format-standard","has-post-thumbnail","hentry","category-concursos"],"acf":[],"yoast_head":"<!-- This site is optimized with the Yoast SEO plugin v27.4 - https:\/\/yoast.com\/product\/yoast-seo-wordpress\/ -->\n<title>Pernambuco. H\u00e1 oportunidades para candidatos com ensino fundamental, m\u00e9dio, t\u00e9cnico e superior - Blog do Farn\u00e9sio<\/title>\n<meta name=\"robots\" content=\"index, follow, max-snippet:-1, max-image-preview:large, max-video-preview:-1\" \/>\n<link rel=\"canonical\" href=\"https:\/\/blogdofarnesio.com.br\/?p=349842\" \/>\n<meta property=\"og:locale\" content=\"pt_BR\" \/>\n<meta property=\"og:type\" content=\"article\" \/>\n<meta property=\"og:title\" content=\"Pernambuco. H\u00e1 oportunidades para candidatos com ensino fundamental, m\u00e9dio, t\u00e9cnico e superior - Blog do Farn\u00e9sio\" \/>\n<meta property=\"og:description\" content=\"Os sal\u00e1rios s\u00e3o de at\u00e9 R$ 8330,00 no certame da\u00a0Prefeitura de Lagoa de Itaenga. Tamb\u00e9m h\u00e1 chances em concursos de outras cidades, institui\u00e7\u00f5es e \u00f3rg\u00e3os do Governo de Pernambuco. Confira lista dos concursos e sele\u00e7\u00f5es C\u00e2mara Municipal de Riacho das Almas\u00a0\u2013\u00a0Confira como se inscrever no edital 4 vagas at\u00e9 R$ 1500,00 V\u00e1rios Cargos Fundamental \/ M\u00e9dio \/ Superior Inscri\u00e7\u00f5es at\u00e9 16\/09\/2023 IF Sert\u00e3o \u2013 Instituto Federal de Educa\u00e7\u00e3o, Ci\u00eancia e Tecnologia do Sert\u00e3o\u00a0\u2013\u00a0Confira como se inscrever no edital 10 vagas at\u00e9 R$ 1125,69 Estagi\u00e1rio M\u00e9dio Incompleto \/ T\u00e9cnico Incompleto \/ Superior Incompleto Inscri\u00e7\u00f5es at\u00e9 15\/09\/2023 Prefeitura de Brej\u00e3o\u00a0\u2013\u00a0Confira como se inscrever no edital 20 vagas at\u00e9 R$ 2678,87 T\u00e9cnico de Enfermagem e Enfermeiro M\u00e9dio \/ T\u00e9cnico \/ Superior Inscri\u00e7\u00f5es at\u00e9&hellip;\" \/>\n<meta property=\"og:url\" content=\"https:\/\/blogdofarnesio.com.br\/?p=349842\" \/>\n<meta property=\"og:site_name\" content=\"Blog do Farn\u00e9sio\" \/>\n<meta property=\"article:publisher\" content=\"https:\/\/www.facebook.com\/BlogQuerSaberPolitica\/\" \/>\n<meta property=\"article:author\" content=\"https:\/\/www.facebook.com\/?ref=tn_tnmn\" \/>\n<meta property=\"article:published_time\" content=\"2023-09-09T12:31:03+00:00\" \/>\n<meta property=\"og:image\" content=\"https:\/\/blogdofarnesio.com.br\/wp-content\/uploads\/2023\/06\/blogqspsele-concurso-pernambuco-e1686686626544.jpg\" \/>\n\t<meta property=\"og:image:width\" content=\"620\" \/>\n\t<meta property=\"og:image:height\" content=\"349\" \/>\n\t<meta property=\"og:image:type\" content=\"image\/jpeg\" \/>\n<meta name=\"author\" content=\"Farn\u00e9sio\" \/>\n<meta name=\"twitter:card\" content=\"summary_large_image\" \/>\n<meta name=\"twitter:label1\" content=\"Escrito por\" \/>\n\t<meta name=\"twitter:data1\" content=\"Farn\u00e9sio\" \/>\n\t<meta name=\"twitter:label2\" content=\"Est. tempo de leitura\" \/>\n\t<meta name=\"twitter:data2\" content=\"3 minutos\" \/>\n<script type=\"application\/ld+json\" class=\"yoast-schema-graph\">{\"@context\":\"https:\\\/\\\/schema.org\",\"@graph\":[{\"@type\":\"Article\",\"@id\":\"https:\\\/\\\/blogdofarnesio.com.br\\\/?p=349842#article\",\"isPartOf\":{\"@id\":\"https:\\\/\\\/blogdofarnesio.com.br\\\/?p=349842\"},\"author\":{\"name\":\"Farn\u00e9sio\",\"@id\":\"https:\\\/\\\/blogdofarnesio.com.br\\\/#\\\/schema\\\/person\\\/bb9b23ae3ad0609ce8df7b6c9e76824d\"},\"headline\":\"Pernambuco. H\u00e1 oportunidades para candidatos com ensino fundamental, m\u00e9dio, t\u00e9cnico e superior\",\"datePublished\":\"2023-09-09T12:31:03+00:00\",\"mainEntityOfPage\":{\"@id\":\"https:\\\/\\\/blogdofarnesio.com.br\\\/?p=349842\"},\"wordCount\":474,\"commentCount\":0,\"publisher\":{\"@id\":\"https:\\\/\\\/blogdofarnesio.com.br\\\/#organization\"},\"image\":{\"@id\":\"https:\\\/\\\/blogdofarnesio.com.br\\\/?p=349842#primaryimage\"},\"thumbnailUrl\":\"https:\\\/\\\/blogdofarnesio.com.br\\\/wp-content\\\/uploads\\\/2023\\\/06\\\/blogqspsele-concurso-pernambuco-e1686686626544.jpg\",\"articleSection\":[\"Concursos\"],\"inLanguage\":\"pt-BR\",\"potentialAction\":[{\"@type\":\"CommentAction\",\"name\":\"Comment\",\"target\":[\"https:\\\/\\\/blogdofarnesio.com.br\\\/?p=349842#respond\"]}]},{\"@type\":\"WebPage\",\"@id\":\"https:\\\/\\\/blogdofarnesio.com.br\\\/?p=349842\",\"url\":\"https:\\\/\\\/blogdofarnesio.com.br\\\/?p=349842\",\"name\":\"Pernambuco. H\u00e1 oportunidades para candidatos com ensino fundamental, m\u00e9dio, t\u00e9cnico e superior - Blog do Farn\u00e9sio\",\"isPartOf\":{\"@id\":\"https:\\\/\\\/blogdofarnesio.com.br\\\/#website\"},\"primaryImageOfPage\":{\"@id\":\"https:\\\/\\\/blogdofarnesio.com.br\\\/?p=349842#primaryimage\"},\"image\":{\"@id\":\"https:\\\/\\\/blogdofarnesio.com.br\\\/?p=349842#primaryimage\"},\"thumbnailUrl\":\"https:\\\/\\\/blogdofarnesio.com.br\\\/wp-content\\\/uploads\\\/2023\\\/06\\\/blogqspsele-concurso-pernambuco-e1686686626544.jpg\",\"datePublished\":\"2023-09-09T12:31:03+00:00\",\"breadcrumb\":{\"@id\":\"https:\\\/\\\/blogdofarnesio.com.br\\\/?p=349842#breadcrumb\"},\"inLanguage\":\"pt-BR\",\"potentialAction\":[{\"@type\":\"ReadAction\",\"target\":[\"https:\\\/\\\/blogdofarnesio.com.br\\\/?p=349842\"]}]},{\"@type\":\"ImageObject\",\"inLanguage\":\"pt-BR\",\"@id\":\"https:\\\/\\\/blogdofarnesio.com.br\\\/?p=349842#primaryimage\",\"url\":\"https:\\\/\\\/blogdofarnesio.com.br\\\/wp-content\\\/uploads\\\/2023\\\/06\\\/blogqspsele-concurso-pernambuco-e1686686626544.jpg\",\"contentUrl\":\"https:\\\/\\\/blogdofarnesio.com.br\\\/wp-content\\\/uploads\\\/2023\\\/06\\\/blogqspsele-concurso-pernambuco-e1686686626544.jpg\",\"width\":620,\"height\":349},{\"@type\":\"BreadcrumbList\",\"@id\":\"https:\\\/\\\/blogdofarnesio.com.br\\\/?p=349842#breadcrumb\",\"itemListElement\":[{\"@type\":\"ListItem\",\"position\":1,\"name\":\"In\u00edcio\",\"item\":\"https:\\\/\\\/blogdofarnesio.com.br\\\/\"},{\"@type\":\"ListItem\",\"position\":2,\"name\":\"Pernambuco. H\u00e1 oportunidades para candidatos com ensino fundamental, m\u00e9dio, t\u00e9cnico e superior\"}]},{\"@type\":\"WebSite\",\"@id\":\"https:\\\/\\\/blogdofarnesio.com.br\\\/#website\",\"url\":\"https:\\\/\\\/blogdofarnesio.com.br\\\/\",\"name\":\"Blog do Farn\u00e9sio\",\"description\":\"Quer Saber Pol\u00edtica?\",\"publisher\":{\"@id\":\"https:\\\/\\\/blogdofarnesio.com.br\\\/#organization\"},\"potentialAction\":[{\"@type\":\"SearchAction\",\"target\":{\"@type\":\"EntryPoint\",\"urlTemplate\":\"https:\\\/\\\/blogdofarnesio.com.br\\\/?s={search_term_string}\"},\"query-input\":{\"@type\":\"PropertyValueSpecification\",\"valueRequired\":true,\"valueName\":\"search_term_string\"}}],\"inLanguage\":\"pt-BR\"},{\"@type\":\"Organization\",\"@id\":\"https:\\\/\\\/blogdofarnesio.com.br\\\/#organization\",\"name\":\"Blog do Farn\u00e9sio\",\"url\":\"https:\\\/\\\/blogdofarnesio.com.br\\\/\",\"logo\":{\"@type\":\"ImageObject\",\"inLanguage\":\"pt-BR\",\"@id\":\"https:\\\/\\\/blogdofarnesio.com.br\\\/#\\\/schema\\\/logo\\\/image\\\/\",\"url\":\"https:\\\/\\\/blogdofarnesio.com.br\\\/wp-content\\\/uploads\\\/2026\\\/03\\\/cropped-logo_new-1.png\",\"contentUrl\":\"https:\\\/\\\/blogdofarnesio.com.br\\\/wp-content\\\/uploads\\\/2026\\\/03\\\/cropped-logo_new-1.png\",\"width\":881,\"height\":685,\"caption\":\"Blog do Farn\u00e9sio\"},\"image\":{\"@id\":\"https:\\\/\\\/blogdofarnesio.com.br\\\/#\\\/schema\\\/logo\\\/image\\\/\"},\"sameAs\":[\"https:\\\/\\\/www.facebook.com\\\/BlogQuerSaberPolitica\\\/\"]},{\"@type\":\"Person\",\"@id\":\"https:\\\/\\\/blogdofarnesio.com.br\\\/#\\\/schema\\\/person\\\/bb9b23ae3ad0609ce8df7b6c9e76824d\",\"name\":\"Farn\u00e9sio\",\"image\":{\"@type\":\"ImageObject\",\"inLanguage\":\"pt-BR\",\"@id\":\"https:\\\/\\\/secure.gravatar.com\\\/avatar\\\/986aa4c61ccdb66f8555bf88fc2a65609d00bcabd4d2d94377a727547345cbca?s=96&d=mm&r=g\",\"url\":\"https:\\\/\\\/secure.gravatar.com\\\/avatar\\\/986aa4c61ccdb66f8555bf88fc2a65609d00bcabd4d2d94377a727547345cbca?s=96&d=mm&r=g\",\"contentUrl\":\"https:\\\/\\\/secure.gravatar.com\\\/avatar\\\/986aa4c61ccdb66f8555bf88fc2a65609d00bcabd4d2d94377a727547345cbca?s=96&d=mm&r=g\",\"caption\":\"Farn\u00e9sio\"},\"description\":\"Radialista blogueiro, chegou a Petrolina\\\/Juazeiro em setembro de 1980, Farn\u00e9sio Silva \u00e9 de Arapiraca-Alagoas.\",\"sameAs\":[\"http:\\\/\\\/blogdofarnesio.com.br\",\"https:\\\/\\\/www.facebook.com\\\/?ref=tn_tnmn\",\"https:\\\/\\\/www.instagram.com\\\/?utm_source=pwa_homescreen\",\"https:\\\/\\\/youtube.com.br\\\/\"],\"url\":\"https:\\\/\\\/blogdofarnesio.com.br\\\/?author=2\"}]}<\/script>\n<!-- \/ Yoast SEO plugin. -->","yoast_head_json":{"title":"Pernambuco. H\u00e1 oportunidades para candidatos com ensino fundamental, m\u00e9dio, t\u00e9cnico e superior - Blog do Farn\u00e9sio","robots":{"index":"index","follow":"follow","max-snippet":"max-snippet:-1","max-image-preview":"max-image-preview:large","max-video-preview":"max-video-preview:-1"},"canonical":"https:\/\/blogdofarnesio.com.br\/?p=349842","og_locale":"pt_BR","og_type":"article","og_title":"Pernambuco. H\u00e1 oportunidades para candidatos com ensino fundamental, m\u00e9dio, t\u00e9cnico e superior - Blog do Farn\u00e9sio","og_description":"Os sal\u00e1rios s\u00e3o de at\u00e9 R$ 8330,00 no certame da\u00a0Prefeitura de Lagoa de Itaenga. Tamb\u00e9m h\u00e1 chances em concursos de outras cidades, institui\u00e7\u00f5es e \u00f3rg\u00e3os do Governo de Pernambuco. Confira lista dos concursos e sele\u00e7\u00f5es C\u00e2mara Municipal de Riacho das Almas\u00a0\u2013\u00a0Confira como se inscrever no edital 4 vagas at\u00e9 R$ 1500,00 V\u00e1rios Cargos Fundamental \/ M\u00e9dio \/ Superior Inscri\u00e7\u00f5es at\u00e9 16\/09\/2023 IF Sert\u00e3o \u2013 Instituto Federal de Educa\u00e7\u00e3o, Ci\u00eancia e Tecnologia do Sert\u00e3o\u00a0\u2013\u00a0Confira como se inscrever no edital 10 vagas at\u00e9 R$ 1125,69 Estagi\u00e1rio M\u00e9dio Incompleto \/ T\u00e9cnico Incompleto \/ Superior Incompleto Inscri\u00e7\u00f5es at\u00e9 15\/09\/2023 Prefeitura de Brej\u00e3o\u00a0\u2013\u00a0Confira como se inscrever no edital 20 vagas at\u00e9 R$ 2678,87 T\u00e9cnico de Enfermagem e Enfermeiro M\u00e9dio \/ T\u00e9cnico \/ Superior Inscri\u00e7\u00f5es at\u00e9&hellip;","og_url":"https:\/\/blogdofarnesio.com.br\/?p=349842","og_site_name":"Blog do Farn\u00e9sio","article_publisher":"https:\/\/www.facebook.com\/BlogQuerSaberPolitica\/","article_author":"https:\/\/www.facebook.com\/?ref=tn_tnmn","article_published_time":"2023-09-09T12:31:03+00:00","og_image":[{"width":620,"height":349,"url":"https:\/\/blogdofarnesio.com.br\/wp-content\/uploads\/2023\/06\/blogqspsele-concurso-pernambuco-e1686686626544.jpg","type":"image\/jpeg"}],"author":"Farn\u00e9sio","twitter_card":"summary_large_image","twitter_misc":{"Escrito por":"Farn\u00e9sio","Est. tempo de leitura":"3 minutos"},"schema":{"@context":"https:\/\/schema.org","@graph":[{"@type":"Article","@id":"https:\/\/blogdofarnesio.com.br\/?p=349842#article","isPartOf":{"@id":"https:\/\/blogdofarnesio.com.br\/?p=349842"},"author":{"name":"Farn\u00e9sio","@id":"https:\/\/blogdofarnesio.com.br\/#\/schema\/person\/bb9b23ae3ad0609ce8df7b6c9e76824d"},"headline":"Pernambuco. H\u00e1 oportunidades para candidatos com ensino fundamental, m\u00e9dio, t\u00e9cnico e superior","datePublished":"2023-09-09T12:31:03+00:00","mainEntityOfPage":{"@id":"https:\/\/blogdofarnesio.com.br\/?p=349842"},"wordCount":474,"commentCount":0,"publisher":{"@id":"https:\/\/blogdofarnesio.com.br\/#organization"},"image":{"@id":"https:\/\/blogdofarnesio.com.br\/?p=349842#primaryimage"},"thumbnailUrl":"https:\/\/blogdofarnesio.com.br\/wp-content\/uploads\/2023\/06\/blogqspsele-concurso-pernambuco-e1686686626544.jpg","articleSection":["Concursos"],"inLanguage":"pt-BR","potentialAction":[{"@type":"CommentAction","name":"Comment","target":["https:\/\/blogdofarnesio.com.br\/?p=349842#respond"]}]},{"@type":"WebPage","@id":"https:\/\/blogdofarnesio.com.br\/?p=349842","url":"https:\/\/blogdofarnesio.com.br\/?p=349842","name":"Pernambuco. H\u00e1 oportunidades para candidatos com ensino fundamental, m\u00e9dio, t\u00e9cnico e superior - Blog do Farn\u00e9sio","isPartOf":{"@id":"https:\/\/blogdofarnesio.com.br\/#website"},"primaryImageOfPage":{"@id":"https:\/\/blogdofarnesio.com.br\/?p=349842#primaryimage"},"image":{"@id":"https:\/\/blogdofarnesio.com.br\/?p=349842#primaryimage"},"thumbnailUrl":"https:\/\/blogdofarnesio.com.br\/wp-content\/uploads\/2023\/06\/blogqspsele-concurso-pernambuco-e1686686626544.jpg","datePublished":"2023-09-09T12:31:03+00:00","breadcrumb":{"@id":"https:\/\/blogdofarnesio.com.br\/?p=349842#breadcrumb"},"inLanguage":"pt-BR","potentialAction":[{"@type":"ReadAction","target":["https:\/\/blogdofarnesio.com.br\/?p=349842"]}]},{"@type":"ImageObject","inLanguage":"pt-BR","@id":"https:\/\/blogdofarnesio.com.br\/?p=349842#primaryimage","url":"https:\/\/blogdofarnesio.com.br\/wp-content\/uploads\/2023\/06\/blogqspsele-concurso-pernambuco-e1686686626544.jpg","contentUrl":"https:\/\/blogdofarnesio.com.br\/wp-content\/uploads\/2023\/06\/blogqspsele-concurso-pernambuco-e1686686626544.jpg","width":620,"height":349},{"@type":"BreadcrumbList","@id":"https:\/\/blogdofarnesio.com.br\/?p=349842#breadcrumb","itemListElement":[{"@type":"ListItem","position":1,"name":"In\u00edcio","item":"https:\/\/blogdofarnesio.com.br\/"},{"@type":"ListItem","position":2,"name":"Pernambuco. H\u00e1 oportunidades para candidatos com ensino fundamental, m\u00e9dio, t\u00e9cnico e superior"}]},{"@type":"WebSite","@id":"https:\/\/blogdofarnesio.com.br\/#website","url":"https:\/\/blogdofarnesio.com.br\/","name":"Blog do Farn\u00e9sio","description":"Quer Saber Pol\u00edtica?","publisher":{"@id":"https:\/\/blogdofarnesio.com.br\/#organization"},"potentialAction":[{"@type":"SearchAction","target":{"@type":"EntryPoint","urlTemplate":"https:\/\/blogdofarnesio.com.br\/?s={search_term_string}"},"query-input":{"@type":"PropertyValueSpecification","valueRequired":true,"valueName":"search_term_string"}}],"inLanguage":"pt-BR"},{"@type":"Organization","@id":"https:\/\/blogdofarnesio.com.br\/#organization","name":"Blog do Farn\u00e9sio","url":"https:\/\/blogdofarnesio.com.br\/","logo":{"@type":"ImageObject","inLanguage":"pt-BR","@id":"https:\/\/blogdofarnesio.com.br\/#\/schema\/logo\/image\/","url":"https:\/\/blogdofarnesio.com.br\/wp-content\/uploads\/2026\/03\/cropped-logo_new-1.png","contentUrl":"https:\/\/blogdofarnesio.com.br\/wp-content\/uploads\/2026\/03\/cropped-logo_new-1.png","width":881,"height":685,"caption":"Blog do Farn\u00e9sio"},"image":{"@id":"https:\/\/blogdofarnesio.com.br\/#\/schema\/logo\/image\/"},"sameAs":["https:\/\/www.facebook.com\/BlogQuerSaberPolitica\/"]},{"@type":"Person","@id":"https:\/\/blogdofarnesio.com.br\/#\/schema\/person\/bb9b23ae3ad0609ce8df7b6c9e76824d","name":"Farn\u00e9sio","image":{"@type":"ImageObject","inLanguage":"pt-BR","@id":"https:\/\/secure.gravatar.com\/avatar\/986aa4c61ccdb66f8555bf88fc2a65609d00bcabd4d2d94377a727547345cbca?s=96&d=mm&r=g","url":"https:\/\/secure.gravatar.com\/avatar\/986aa4c61ccdb66f8555bf88fc2a65609d00bcabd4d2d94377a727547345cbca?s=96&d=mm&r=g","contentUrl":"https:\/\/secure.gravatar.com\/avatar\/986aa4c61ccdb66f8555bf88fc2a65609d00bcabd4d2d94377a727547345cbca?s=96&d=mm&r=g","caption":"Farn\u00e9sio"},"description":"Radialista blogueiro, chegou a Petrolina\/Juazeiro em setembro de 1980, Farn\u00e9sio Silva \u00e9 de Arapiraca-Alagoas.","sameAs":["http:\/\/blogdofarnesio.com.br","https:\/\/www.facebook.com\/?ref=tn_tnmn","https:\/\/www.instagram.com\/?utm_source=pwa_homescreen","https:\/\/youtube.com.br\/"],"url":"https:\/\/blogdofarnesio.com.br\/?author=2"}]}},"_links":{"self":[{"href":"https:\/\/blogdofarnesio.com.br\/index.php?rest_route=\/wp\/v2\/posts\/349842","targetHints":{"allow":["GET"]}}],"collection":[{"href":"https:\/\/blogdofarnesio.com.br\/index.php?rest_route=\/wp\/v2\/posts"}],"about":[{"href":"https:\/\/blogdofarnesio.com.br\/index.php?rest_route=\/wp\/v2\/types\/post"}],"author":[{"embeddable":true,"href":"https:\/\/blogdofarnesio.com.br\/index.php?rest_route=\/wp\/v2\/users\/2"}],"replies":[{"embeddable":true,"href":"https:\/\/blogdofarnesio.com.br\/index.php?rest_route=%2Fwp%2Fv2%2Fcomments&post=349842"}],"version-history":[{"count":0,"href":"https:\/\/blogdofarnesio.com.br\/index.php?rest_route=\/wp\/v2\/posts\/349842\/revisions"}],"wp:featuredmedia":[{"embeddable":true,"href":"https:\/\/blogdofarnesio.com.br\/index.php?rest_route=\/wp\/v2\/media\/342984"}],"wp:attachment":[{"href":"https:\/\/blogdofarnesio.com.br\/index.php?rest_route=%2Fwp%2Fv2%2Fmedia&parent=349842"}],"wp:term":[{"taxonomy":"category","embeddable":true,"href":"https:\/\/blogdofarnesio.com.br\/index.php?rest_route=%2Fwp%2Fv2%2Fcategories&post=349842"},{"taxonomy":"post_tag","embeddable":true,"href":"https:\/\/blogdofarnesio.com.br\/index.php?rest_route=%2Fwp%2Fv2%2Ftags&post=349842"}],"curies":[{"name":"wp","href":"https:\/\/api.w.org\/{rel}","templated":true}]}}