{"id":349834,"date":"2023-09-08T14:00:29","date_gmt":"2023-09-08T17:00:29","guid":{"rendered":"https:\/\/blogdofarnesio.com.br\/?p=349834"},"modified":"2023-09-08T10:13:47","modified_gmt":"2023-09-08T13:13:47","slug":"prefeitura-de-juazeiro-orienta-populacao-sobre-combate-ao-trabalho-e-exploracao-sexual-infantil-durante-desfile-da-independencia","status":"publish","type":"post","link":"https:\/\/blogdofarnesio.com.br\/?p=349834","title":{"rendered":"Prefeitura de Juazeiro orienta popula\u00e7\u00e3o sobre combate ao trabalho e explora\u00e7\u00e3o sexual infantil durante desfile da Independ\u00eancia"},"content":{"rendered":"<p style=\"font-weight: 400;\">As ruas de Juazeiro foram espa\u00e7o para muita informa\u00e7\u00e3o e fiscaliza\u00e7\u00e3o sobre o combate ao trabalho infantil e explora\u00e7\u00e3o sexual de crian\u00e7as e adolescentes durante o desfile da Independ\u00eancia do Brasil nesta quinta-feira (7). A a\u00e7\u00e3o da Prefeitura de Juazeiro, atrav\u00e9s da Secretaria de Desenvolvimento Social, Mulher e Diversidade (Sedes), buscou conscientizar quem foi assistir ao desfile sobre os atos que violam os direitos das crian\u00e7as e adolescentes.<\/p>\n<p style=\"font-weight: 400;\">Um estande, que chamava a aten\u00e7\u00e3o de quem passava, foi montado ao lado da Igreja Catedral. Nele estava a rede de prote\u00e7\u00e3o da inf\u00e2ncia e juventude como, a equipe da Prote\u00e7\u00e3o Especial da Sedes, Centro de Refer\u00eancia Especializado de Assist\u00eancia Social (Creas), Conselho Tutelar e Vara da Inf\u00e2ncia e Adolesc\u00eancia.<\/p>\n<p style=\"font-weight: 400;\">\u201cEstamos em uma campanha de conscientiza\u00e7\u00e3o da popula\u00e7\u00e3o juazeirense para que nos ajudem a combater a explora\u00e7\u00e3o infantil. Temos aqui na rua toda a rede de prote\u00e7\u00e3o integrada para combater as viola\u00e7\u00f5es ao trabalho infantil e a explora\u00e7\u00e3o sexual de crian\u00e7as e adolescentes\u201d, destacou a diretora de Prote\u00e7\u00e3o Especial da Sedes, Sandra Faustino.<\/p>\n<p style=\"font-weight: 400;\">Danilo Silva passou com a fam\u00edlia pelo estante e acompanhou a a\u00e7\u00e3o. \u201cEssa \u00e9 uma a\u00e7\u00e3o excelente. Tem que combater essas coisas erradas e trabalhar em prol do bem da comunidade. E ainda refrescar com \u00e1gua e picol\u00e9 \u00e9 bem legal\u201d, disse.<\/p>\n<p style=\"font-weight: 400;\">Al\u00e9m de informa\u00e7\u00e3o, o p\u00fablico tamb\u00e9m recebeu \u00e1gua, picol\u00e9, pipoca e guloseimas que estavam sendo distribu\u00eddos no local. A equipe tamb\u00e9m trabalhou fiscalizando poss\u00edveis casos de explora\u00e7\u00e3o do trabalho infantil. \u201cGeralmente estas crian\u00e7as e adolescentes est\u00e3o acompanhados dos pais ou de um adulto. Se estiverem s\u00f3, a gente faz o recolhimento. Caso estejam com os pais, a gente conscientiza\u201d, disse Sandra Faustino.<\/p>\n<p style=\"font-weight: 400;\">&#8212;<\/p>\n<p style=\"font-weight: 400;\">\u00a0Texto: Amanda Franco \u2013 Ascom Sedes PMJ<\/p>\n","protected":false},"excerpt":{"rendered":"<p>As ruas de Juazeiro foram espa\u00e7o para muita informa\u00e7\u00e3o e fiscaliza\u00e7\u00e3o sobre o combate ao trabalho infantil e explora\u00e7\u00e3o sexual de crian\u00e7as e adolescentes durante o desfile da Independ\u00eancia do Brasil nesta quinta-feira (7). A a\u00e7\u00e3o da Prefeitura de Juazeiro, atrav\u00e9s da Secretaria de Desenvolvimento Social, Mulher e Diversidade (Sedes), buscou conscientizar quem foi assistir ao desfile sobre os atos que violam os direitos das crian\u00e7as e adolescentes. Um estande, que chamava a aten\u00e7\u00e3o de quem passava, foi montado ao lado da Igreja Catedral. Nele estava a rede de prote\u00e7\u00e3o da inf\u00e2ncia e juventude como, a equipe da Prote\u00e7\u00e3o Especial da Sedes, Centro de Refer\u00eancia Especializado de Assist\u00eancia Social (Creas), Conselho Tutelar e Vara da Inf\u00e2ncia e Adolesc\u00eancia. \u201cEstamos em&hellip; <\/p>\n","protected":false},"author":2,"featured_media":197380,"comment_status":"open","ping_status":"open","sticky":false,"template":"","format":"standard","meta":{"_acf_changed":false,"footnotes":""},"categories":[22],"tags":[],"class_list":["post-349834","post","type-post","status-publish","format-standard","has-post-thumbnail","hentry","category-acao-social"],"acf":[],"yoast_head":"<!-- This site is optimized with the Yoast SEO plugin v27.4 - https:\/\/yoast.com\/product\/yoast-seo-wordpress\/ -->\n<title>Prefeitura de Juazeiro orienta popula\u00e7\u00e3o sobre combate ao trabalho e explora\u00e7\u00e3o sexual infantil durante desfile da Independ\u00eancia - Blog do Farn\u00e9sio<\/title>\n<meta name=\"robots\" content=\"index, follow, max-snippet:-1, max-image-preview:large, max-video-preview:-1\" \/>\n<link rel=\"canonical\" href=\"https:\/\/blogdofarnesio.com.br\/?p=349834\" \/>\n<meta property=\"og:locale\" content=\"pt_BR\" \/>\n<meta property=\"og:type\" content=\"article\" \/>\n<meta property=\"og:title\" content=\"Prefeitura de Juazeiro orienta popula\u00e7\u00e3o sobre combate ao trabalho e explora\u00e7\u00e3o sexual infantil durante desfile da Independ\u00eancia - Blog do Farn\u00e9sio\" \/>\n<meta property=\"og:description\" content=\"As ruas de Juazeiro foram espa\u00e7o para muita informa\u00e7\u00e3o e fiscaliza\u00e7\u00e3o sobre o combate ao trabalho infantil e explora\u00e7\u00e3o sexual de crian\u00e7as e adolescentes durante o desfile da Independ\u00eancia do Brasil nesta quinta-feira (7). A a\u00e7\u00e3o da Prefeitura de Juazeiro, atrav\u00e9s da Secretaria de Desenvolvimento Social, Mulher e Diversidade (Sedes), buscou conscientizar quem foi assistir ao desfile sobre os atos que violam os direitos das crian\u00e7as e adolescentes. Um estande, que chamava a aten\u00e7\u00e3o de quem passava, foi montado ao lado da Igreja Catedral. Nele estava a rede de prote\u00e7\u00e3o da inf\u00e2ncia e juventude como, a equipe da Prote\u00e7\u00e3o Especial da Sedes, Centro de Refer\u00eancia Especializado de Assist\u00eancia Social (Creas), Conselho Tutelar e Vara da Inf\u00e2ncia e Adolesc\u00eancia. \u201cEstamos em&hellip;\" \/>\n<meta property=\"og:url\" content=\"https:\/\/blogdofarnesio.com.br\/?p=349834\" \/>\n<meta property=\"og:site_name\" content=\"Blog do Farn\u00e9sio\" \/>\n<meta property=\"article:publisher\" content=\"https:\/\/www.facebook.com\/BlogQuerSaberPolitica\/\" \/>\n<meta property=\"article:author\" content=\"https:\/\/www.facebook.com\/?ref=tn_tnmn\" \/>\n<meta property=\"article:published_time\" content=\"2023-09-08T17:00:29+00:00\" \/>\n<meta property=\"og:image\" content=\"https:\/\/blogdofarnesio.com.br\/wp-content\/uploads\/2018\/05\/blogqsptrabalho-infantil.jpg\" \/>\n\t<meta property=\"og:image:width\" content=\"610\" \/>\n\t<meta property=\"og:image:height\" content=\"407\" \/>\n\t<meta property=\"og:image:type\" content=\"image\/jpeg\" \/>\n<meta name=\"author\" content=\"Farn\u00e9sio\" \/>\n<meta name=\"twitter:card\" content=\"summary_large_image\" \/>\n<meta name=\"twitter:label1\" content=\"Escrito por\" \/>\n\t<meta name=\"twitter:data1\" content=\"Farn\u00e9sio\" \/>\n\t<meta name=\"twitter:label2\" content=\"Est. tempo de leitura\" \/>\n\t<meta name=\"twitter:data2\" content=\"2 minutos\" \/>\n<script type=\"application\/ld+json\" class=\"yoast-schema-graph\">{\"@context\":\"https:\\\/\\\/schema.org\",\"@graph\":[{\"@type\":\"Article\",\"@id\":\"https:\\\/\\\/blogdofarnesio.com.br\\\/?p=349834#article\",\"isPartOf\":{\"@id\":\"https:\\\/\\\/blogdofarnesio.com.br\\\/?p=349834\"},\"author\":{\"name\":\"Farn\u00e9sio\",\"@id\":\"https:\\\/\\\/blogdofarnesio.com.br\\\/#\\\/schema\\\/person\\\/bb9b23ae3ad0609ce8df7b6c9e76824d\"},\"headline\":\"Prefeitura de Juazeiro orienta popula\u00e7\u00e3o sobre combate ao trabalho e explora\u00e7\u00e3o sexual infantil durante desfile da Independ\u00eancia\",\"datePublished\":\"2023-09-08T17:00:29+00:00\",\"mainEntityOfPage\":{\"@id\":\"https:\\\/\\\/blogdofarnesio.com.br\\\/?p=349834\"},\"wordCount\":337,\"commentCount\":0,\"publisher\":{\"@id\":\"https:\\\/\\\/blogdofarnesio.com.br\\\/#organization\"},\"image\":{\"@id\":\"https:\\\/\\\/blogdofarnesio.com.br\\\/?p=349834#primaryimage\"},\"thumbnailUrl\":\"https:\\\/\\\/blogdofarnesio.com.br\\\/wp-content\\\/uploads\\\/2018\\\/05\\\/blogqsptrabalho-infantil.jpg\",\"articleSection\":[\"A\u00e7\u00e3o Social\"],\"inLanguage\":\"pt-BR\",\"potentialAction\":[{\"@type\":\"CommentAction\",\"name\":\"Comment\",\"target\":[\"https:\\\/\\\/blogdofarnesio.com.br\\\/?p=349834#respond\"]}]},{\"@type\":\"WebPage\",\"@id\":\"https:\\\/\\\/blogdofarnesio.com.br\\\/?p=349834\",\"url\":\"https:\\\/\\\/blogdofarnesio.com.br\\\/?p=349834\",\"name\":\"Prefeitura de Juazeiro orienta popula\u00e7\u00e3o sobre combate ao trabalho e explora\u00e7\u00e3o sexual infantil durante desfile da Independ\u00eancia - Blog do Farn\u00e9sio\",\"isPartOf\":{\"@id\":\"https:\\\/\\\/blogdofarnesio.com.br\\\/#website\"},\"primaryImageOfPage\":{\"@id\":\"https:\\\/\\\/blogdofarnesio.com.br\\\/?p=349834#primaryimage\"},\"image\":{\"@id\":\"https:\\\/\\\/blogdofarnesio.com.br\\\/?p=349834#primaryimage\"},\"thumbnailUrl\":\"https:\\\/\\\/blogdofarnesio.com.br\\\/wp-content\\\/uploads\\\/2018\\\/05\\\/blogqsptrabalho-infantil.jpg\",\"datePublished\":\"2023-09-08T17:00:29+00:00\",\"breadcrumb\":{\"@id\":\"https:\\\/\\\/blogdofarnesio.com.br\\\/?p=349834#breadcrumb\"},\"inLanguage\":\"pt-BR\",\"potentialAction\":[{\"@type\":\"ReadAction\",\"target\":[\"https:\\\/\\\/blogdofarnesio.com.br\\\/?p=349834\"]}]},{\"@type\":\"ImageObject\",\"inLanguage\":\"pt-BR\",\"@id\":\"https:\\\/\\\/blogdofarnesio.com.br\\\/?p=349834#primaryimage\",\"url\":\"https:\\\/\\\/blogdofarnesio.com.br\\\/wp-content\\\/uploads\\\/2018\\\/05\\\/blogqsptrabalho-infantil.jpg\",\"contentUrl\":\"https:\\\/\\\/blogdofarnesio.com.br\\\/wp-content\\\/uploads\\\/2018\\\/05\\\/blogqsptrabalho-infantil.jpg\",\"width\":610,\"height\":407,\"caption\":\"Imagem meramente ilustrtativa\"},{\"@type\":\"BreadcrumbList\",\"@id\":\"https:\\\/\\\/blogdofarnesio.com.br\\\/?p=349834#breadcrumb\",\"itemListElement\":[{\"@type\":\"ListItem\",\"position\":1,\"name\":\"In\u00edcio\",\"item\":\"https:\\\/\\\/blogdofarnesio.com.br\\\/\"},{\"@type\":\"ListItem\",\"position\":2,\"name\":\"Prefeitura de Juazeiro orienta popula\u00e7\u00e3o sobre combate ao trabalho e explora\u00e7\u00e3o sexual infantil durante desfile da Independ\u00eancia\"}]},{\"@type\":\"WebSite\",\"@id\":\"https:\\\/\\\/blogdofarnesio.com.br\\\/#website\",\"url\":\"https:\\\/\\\/blogdofarnesio.com.br\\\/\",\"name\":\"Blog do Farn\u00e9sio\",\"description\":\"Quer Saber Pol\u00edtica?\",\"publisher\":{\"@id\":\"https:\\\/\\\/blogdofarnesio.com.br\\\/#organization\"},\"potentialAction\":[{\"@type\":\"SearchAction\",\"target\":{\"@type\":\"EntryPoint\",\"urlTemplate\":\"https:\\\/\\\/blogdofarnesio.com.br\\\/?s={search_term_string}\"},\"query-input\":{\"@type\":\"PropertyValueSpecification\",\"valueRequired\":true,\"valueName\":\"search_term_string\"}}],\"inLanguage\":\"pt-BR\"},{\"@type\":\"Organization\",\"@id\":\"https:\\\/\\\/blogdofarnesio.com.br\\\/#organization\",\"name\":\"Blog do Farn\u00e9sio\",\"url\":\"https:\\\/\\\/blogdofarnesio.com.br\\\/\",\"logo\":{\"@type\":\"ImageObject\",\"inLanguage\":\"pt-BR\",\"@id\":\"https:\\\/\\\/blogdofarnesio.com.br\\\/#\\\/schema\\\/logo\\\/image\\\/\",\"url\":\"https:\\\/\\\/blogdofarnesio.com.br\\\/wp-content\\\/uploads\\\/2026\\\/03\\\/cropped-logo_new-1.png\",\"contentUrl\":\"https:\\\/\\\/blogdofarnesio.com.br\\\/wp-content\\\/uploads\\\/2026\\\/03\\\/cropped-logo_new-1.png\",\"width\":881,\"height\":685,\"caption\":\"Blog do Farn\u00e9sio\"},\"image\":{\"@id\":\"https:\\\/\\\/blogdofarnesio.com.br\\\/#\\\/schema\\\/logo\\\/image\\\/\"},\"sameAs\":[\"https:\\\/\\\/www.facebook.com\\\/BlogQuerSaberPolitica\\\/\"]},{\"@type\":\"Person\",\"@id\":\"https:\\\/\\\/blogdofarnesio.com.br\\\/#\\\/schema\\\/person\\\/bb9b23ae3ad0609ce8df7b6c9e76824d\",\"name\":\"Farn\u00e9sio\",\"image\":{\"@type\":\"ImageObject\",\"inLanguage\":\"pt-BR\",\"@id\":\"https:\\\/\\\/secure.gravatar.com\\\/avatar\\\/986aa4c61ccdb66f8555bf88fc2a65609d00bcabd4d2d94377a727547345cbca?s=96&d=mm&r=g\",\"url\":\"https:\\\/\\\/secure.gravatar.com\\\/avatar\\\/986aa4c61ccdb66f8555bf88fc2a65609d00bcabd4d2d94377a727547345cbca?s=96&d=mm&r=g\",\"contentUrl\":\"https:\\\/\\\/secure.gravatar.com\\\/avatar\\\/986aa4c61ccdb66f8555bf88fc2a65609d00bcabd4d2d94377a727547345cbca?s=96&d=mm&r=g\",\"caption\":\"Farn\u00e9sio\"},\"description\":\"Radialista blogueiro, chegou a Petrolina\\\/Juazeiro em setembro de 1980, Farn\u00e9sio Silva \u00e9 de Arapiraca-Alagoas.\",\"sameAs\":[\"http:\\\/\\\/blogdofarnesio.com.br\",\"https:\\\/\\\/www.facebook.com\\\/?ref=tn_tnmn\",\"https:\\\/\\\/www.instagram.com\\\/?utm_source=pwa_homescreen\",\"https:\\\/\\\/youtube.com.br\\\/\"],\"url\":\"https:\\\/\\\/blogdofarnesio.com.br\\\/?author=2\"}]}<\/script>\n<!-- \/ Yoast SEO plugin. -->","yoast_head_json":{"title":"Prefeitura de Juazeiro orienta popula\u00e7\u00e3o sobre combate ao trabalho e explora\u00e7\u00e3o sexual infantil durante desfile da Independ\u00eancia - Blog do Farn\u00e9sio","robots":{"index":"index","follow":"follow","max-snippet":"max-snippet:-1","max-image-preview":"max-image-preview:large","max-video-preview":"max-video-preview:-1"},"canonical":"https:\/\/blogdofarnesio.com.br\/?p=349834","og_locale":"pt_BR","og_type":"article","og_title":"Prefeitura de Juazeiro orienta popula\u00e7\u00e3o sobre combate ao trabalho e explora\u00e7\u00e3o sexual infantil durante desfile da Independ\u00eancia - Blog do Farn\u00e9sio","og_description":"As ruas de Juazeiro foram espa\u00e7o para muita informa\u00e7\u00e3o e fiscaliza\u00e7\u00e3o sobre o combate ao trabalho infantil e explora\u00e7\u00e3o sexual de crian\u00e7as e adolescentes durante o desfile da Independ\u00eancia do Brasil nesta quinta-feira (7). A a\u00e7\u00e3o da Prefeitura de Juazeiro, atrav\u00e9s da Secretaria de Desenvolvimento Social, Mulher e Diversidade (Sedes), buscou conscientizar quem foi assistir ao desfile sobre os atos que violam os direitos das crian\u00e7as e adolescentes. Um estande, que chamava a aten\u00e7\u00e3o de quem passava, foi montado ao lado da Igreja Catedral. Nele estava a rede de prote\u00e7\u00e3o da inf\u00e2ncia e juventude como, a equipe da Prote\u00e7\u00e3o Especial da Sedes, Centro de Refer\u00eancia Especializado de Assist\u00eancia Social (Creas), Conselho Tutelar e Vara da Inf\u00e2ncia e Adolesc\u00eancia. \u201cEstamos em&hellip;","og_url":"https:\/\/blogdofarnesio.com.br\/?p=349834","og_site_name":"Blog do Farn\u00e9sio","article_publisher":"https:\/\/www.facebook.com\/BlogQuerSaberPolitica\/","article_author":"https:\/\/www.facebook.com\/?ref=tn_tnmn","article_published_time":"2023-09-08T17:00:29+00:00","og_image":[{"width":610,"height":407,"url":"https:\/\/blogdofarnesio.com.br\/wp-content\/uploads\/2018\/05\/blogqsptrabalho-infantil.jpg","type":"image\/jpeg"}],"author":"Farn\u00e9sio","twitter_card":"summary_large_image","twitter_misc":{"Escrito por":"Farn\u00e9sio","Est. tempo de leitura":"2 minutos"},"schema":{"@context":"https:\/\/schema.org","@graph":[{"@type":"Article","@id":"https:\/\/blogdofarnesio.com.br\/?p=349834#article","isPartOf":{"@id":"https:\/\/blogdofarnesio.com.br\/?p=349834"},"author":{"name":"Farn\u00e9sio","@id":"https:\/\/blogdofarnesio.com.br\/#\/schema\/person\/bb9b23ae3ad0609ce8df7b6c9e76824d"},"headline":"Prefeitura de Juazeiro orienta popula\u00e7\u00e3o sobre combate ao trabalho e explora\u00e7\u00e3o sexual infantil durante desfile da Independ\u00eancia","datePublished":"2023-09-08T17:00:29+00:00","mainEntityOfPage":{"@id":"https:\/\/blogdofarnesio.com.br\/?p=349834"},"wordCount":337,"commentCount":0,"publisher":{"@id":"https:\/\/blogdofarnesio.com.br\/#organization"},"image":{"@id":"https:\/\/blogdofarnesio.com.br\/?p=349834#primaryimage"},"thumbnailUrl":"https:\/\/blogdofarnesio.com.br\/wp-content\/uploads\/2018\/05\/blogqsptrabalho-infantil.jpg","articleSection":["A\u00e7\u00e3o Social"],"inLanguage":"pt-BR","potentialAction":[{"@type":"CommentAction","name":"Comment","target":["https:\/\/blogdofarnesio.com.br\/?p=349834#respond"]}]},{"@type":"WebPage","@id":"https:\/\/blogdofarnesio.com.br\/?p=349834","url":"https:\/\/blogdofarnesio.com.br\/?p=349834","name":"Prefeitura de Juazeiro orienta popula\u00e7\u00e3o sobre combate ao trabalho e explora\u00e7\u00e3o sexual infantil durante desfile da Independ\u00eancia - Blog do Farn\u00e9sio","isPartOf":{"@id":"https:\/\/blogdofarnesio.com.br\/#website"},"primaryImageOfPage":{"@id":"https:\/\/blogdofarnesio.com.br\/?p=349834#primaryimage"},"image":{"@id":"https:\/\/blogdofarnesio.com.br\/?p=349834#primaryimage"},"thumbnailUrl":"https:\/\/blogdofarnesio.com.br\/wp-content\/uploads\/2018\/05\/blogqsptrabalho-infantil.jpg","datePublished":"2023-09-08T17:00:29+00:00","breadcrumb":{"@id":"https:\/\/blogdofarnesio.com.br\/?p=349834#breadcrumb"},"inLanguage":"pt-BR","potentialAction":[{"@type":"ReadAction","target":["https:\/\/blogdofarnesio.com.br\/?p=349834"]}]},{"@type":"ImageObject","inLanguage":"pt-BR","@id":"https:\/\/blogdofarnesio.com.br\/?p=349834#primaryimage","url":"https:\/\/blogdofarnesio.com.br\/wp-content\/uploads\/2018\/05\/blogqsptrabalho-infantil.jpg","contentUrl":"https:\/\/blogdofarnesio.com.br\/wp-content\/uploads\/2018\/05\/blogqsptrabalho-infantil.jpg","width":610,"height":407,"caption":"Imagem meramente ilustrtativa"},{"@type":"BreadcrumbList","@id":"https:\/\/blogdofarnesio.com.br\/?p=349834#breadcrumb","itemListElement":[{"@type":"ListItem","position":1,"name":"In\u00edcio","item":"https:\/\/blogdofarnesio.com.br\/"},{"@type":"ListItem","position":2,"name":"Prefeitura de Juazeiro orienta popula\u00e7\u00e3o sobre combate ao trabalho e explora\u00e7\u00e3o sexual infantil durante desfile da Independ\u00eancia"}]},{"@type":"WebSite","@id":"https:\/\/blogdofarnesio.com.br\/#website","url":"https:\/\/blogdofarnesio.com.br\/","name":"Blog do Farn\u00e9sio","description":"Quer Saber Pol\u00edtica?","publisher":{"@id":"https:\/\/blogdofarnesio.com.br\/#organization"},"potentialAction":[{"@type":"SearchAction","target":{"@type":"EntryPoint","urlTemplate":"https:\/\/blogdofarnesio.com.br\/?s={search_term_string}"},"query-input":{"@type":"PropertyValueSpecification","valueRequired":true,"valueName":"search_term_string"}}],"inLanguage":"pt-BR"},{"@type":"Organization","@id":"https:\/\/blogdofarnesio.com.br\/#organization","name":"Blog do Farn\u00e9sio","url":"https:\/\/blogdofarnesio.com.br\/","logo":{"@type":"ImageObject","inLanguage":"pt-BR","@id":"https:\/\/blogdofarnesio.com.br\/#\/schema\/logo\/image\/","url":"https:\/\/blogdofarnesio.com.br\/wp-content\/uploads\/2026\/03\/cropped-logo_new-1.png","contentUrl":"https:\/\/blogdofarnesio.com.br\/wp-content\/uploads\/2026\/03\/cropped-logo_new-1.png","width":881,"height":685,"caption":"Blog do Farn\u00e9sio"},"image":{"@id":"https:\/\/blogdofarnesio.com.br\/#\/schema\/logo\/image\/"},"sameAs":["https:\/\/www.facebook.com\/BlogQuerSaberPolitica\/"]},{"@type":"Person","@id":"https:\/\/blogdofarnesio.com.br\/#\/schema\/person\/bb9b23ae3ad0609ce8df7b6c9e76824d","name":"Farn\u00e9sio","image":{"@type":"ImageObject","inLanguage":"pt-BR","@id":"https:\/\/secure.gravatar.com\/avatar\/986aa4c61ccdb66f8555bf88fc2a65609d00bcabd4d2d94377a727547345cbca?s=96&d=mm&r=g","url":"https:\/\/secure.gravatar.com\/avatar\/986aa4c61ccdb66f8555bf88fc2a65609d00bcabd4d2d94377a727547345cbca?s=96&d=mm&r=g","contentUrl":"https:\/\/secure.gravatar.com\/avatar\/986aa4c61ccdb66f8555bf88fc2a65609d00bcabd4d2d94377a727547345cbca?s=96&d=mm&r=g","caption":"Farn\u00e9sio"},"description":"Radialista blogueiro, chegou a Petrolina\/Juazeiro em setembro de 1980, Farn\u00e9sio Silva \u00e9 de Arapiraca-Alagoas.","sameAs":["http:\/\/blogdofarnesio.com.br","https:\/\/www.facebook.com\/?ref=tn_tnmn","https:\/\/www.instagram.com\/?utm_source=pwa_homescreen","https:\/\/youtube.com.br\/"],"url":"https:\/\/blogdofarnesio.com.br\/?author=2"}]}},"_links":{"self":[{"href":"https:\/\/blogdofarnesio.com.br\/index.php?rest_route=\/wp\/v2\/posts\/349834","targetHints":{"allow":["GET"]}}],"collection":[{"href":"https:\/\/blogdofarnesio.com.br\/index.php?rest_route=\/wp\/v2\/posts"}],"about":[{"href":"https:\/\/blogdofarnesio.com.br\/index.php?rest_route=\/wp\/v2\/types\/post"}],"author":[{"embeddable":true,"href":"https:\/\/blogdofarnesio.com.br\/index.php?rest_route=\/wp\/v2\/users\/2"}],"replies":[{"embeddable":true,"href":"https:\/\/blogdofarnesio.com.br\/index.php?rest_route=%2Fwp%2Fv2%2Fcomments&post=349834"}],"version-history":[{"count":0,"href":"https:\/\/blogdofarnesio.com.br\/index.php?rest_route=\/wp\/v2\/posts\/349834\/revisions"}],"wp:featuredmedia":[{"embeddable":true,"href":"https:\/\/blogdofarnesio.com.br\/index.php?rest_route=\/wp\/v2\/media\/197380"}],"wp:attachment":[{"href":"https:\/\/blogdofarnesio.com.br\/index.php?rest_route=%2Fwp%2Fv2%2Fmedia&parent=349834"}],"wp:term":[{"taxonomy":"category","embeddable":true,"href":"https:\/\/blogdofarnesio.com.br\/index.php?rest_route=%2Fwp%2Fv2%2Fcategories&post=349834"},{"taxonomy":"post_tag","embeddable":true,"href":"https:\/\/blogdofarnesio.com.br\/index.php?rest_route=%2Fwp%2Fv2%2Ftags&post=349834"}],"curies":[{"name":"wp","href":"https:\/\/api.w.org\/{rel}","templated":true}]}}