{"id":349827,"date":"2023-09-08T16:00:34","date_gmt":"2023-09-08T19:00:34","guid":{"rendered":"https:\/\/blogdofarnesio.com.br\/?p=349827"},"modified":"2023-09-08T10:22:47","modified_gmt":"2023-09-08T13:22:47","slug":"inscricoes-para-o-festival-sabores-de-juazeiro-2023-seguem-abertas-ate-amanha-09-de-setembro","status":"publish","type":"post","link":"https:\/\/blogdofarnesio.com.br\/?p=349827","title":{"rendered":"Inscri\u00e7\u00f5es para o Festival Sabores de Juazeiro 2023 seguem abertas at\u00e9 amanh\u00e3 09 de setembro"},"content":{"rendered":"<table role=\"presentation\" border=\"0\" width=\"100%\" cellspacing=\"0\" cellpadding=\"0\">\n<tbody>\n<tr>\n<td align=\"left\"><\/td>\n<\/tr>\n<tr>\n<td align=\"left\">\n<div>\n<p>Juazeiro, com sua rica tradi\u00e7\u00e3o agr\u00edcola e culin\u00e1ria, tem sido uma fonte inestim\u00e1vel de insumos que n\u00e3o s\u00f3 nutrem o Brasil, mas tamb\u00e9m s\u00e3o exportados para diversos cantos do globo. Esta capacidade \u00edmpar de atender tanto ao mercado dom\u00e9stico quanto ao internacional \u00e9 a inspira\u00e7\u00e3o por tr\u00e1s do tema deste ano.<\/p>\n<p>A cidade, reconhecida por ser o maior polo de fruticultura brasileira onde concentra em seu territ\u00f3rio boa parte dos produtores de frutas frescas entre as cidades que integram a regi\u00e3o do subm\u00e9dio S\u00e3o Francisco, respons\u00e1vel pela produ\u00e7\u00e3o de manga e uva que s\u00e3o exportadas, especialmente, para o mercado europeu e americano, acaba de abrir as inscri\u00e7\u00f5es para a 3\u00aa edi\u00e7\u00e3o do Festival Gastron\u00f4mico Sabores de Juazeiro em um convite para celebrar o rico potencial produtivo da cidade sob o evocativo tema: De Juazeiro para o Mundo.<\/p>\n<p>O evento acontecer\u00e1 nos restaurantes participantes entre os dias 23 de outubro a 12 de novembro, conta com a realiza\u00e7\u00e3o do Sebrae e da Artfully e correaliza\u00e7\u00e3o da Prefeitura Municipal de Juazeiro e tem inscri\u00e7\u00f5es gratuitas para as empresas sediadas no munic\u00edpio at\u00e9 dia 09 de setembro com cadastro atrav\u00e9s do link:\u00a0<a href=\"https:\/\/click.cse360.com.br\/Click\/AddCampaignEmailClick\/8e989087-ddf8-48e6-eb04-08db9284b468\/http%253a%252f%252fsaboresdejuazeiro.com.br%252finscricoes\/ecc81b22-56d0-406f-0450-08d7c5ff26d2\/blogqsp@gmail.com\/True\" target=\"_blank\" rel=\"noopener noreferrer\" data-saferedirecturl=\"https:\/\/www.google.com\/url?q=https:\/\/click.cse360.com.br\/Click\/AddCampaignEmailClick\/8e989087-ddf8-48e6-eb04-08db9284b468\/http%25253a%25252f%25252fsaboresdejuazeiro.com.br%25252finscricoes\/ecc81b22-56d0-406f-0450-08d7c5ff26d2\/blogqsp@gmail.com\/True&amp;source=gmail&amp;ust=1694203816165000&amp;usg=AOvVaw14wlwX7N2p_V1ykKe7pTk_\">saboresdejuazeiro.com.br\/<wbr \/>inscricoes<\/a><\/p>\n<p>O festival apresentou ao longo de suas 2 primeiras edi\u00e7\u00f5es 188 pratos, visando estimular o fortalecimento do setor gastron\u00f4mico local e promover o desenvolvimento sustent\u00e1vel atrav\u00e9s da integra\u00e7\u00e3o da cadeia produtiva de alimentos do campo com os estabelecimentos participantes.<\/p>\n<p>Como novidade para a edi\u00e7\u00e3o 2023 o Sabores de Juazeiro ter\u00e1 uma Mostra Cultural Pop-up mostrando um pouco dos ingredientes e personalidades que serviram de inspira\u00e7\u00e3o para as receitas disponibilizadas pelos restaurantes participantes.<\/p>\n<p>Fique por dentro:<\/p>\n<p>Evento: Festival Sabores de Juazeiro<\/p>\n<p>Data: de 23\/10 a 12\/11\/2023<\/p>\n<p>Local: Restaurantes participantes na cidade de Juazeiro \u2013 BA<\/p>\n<p>Realiza\u00e7\u00e3o: Sebrae e Artfully<\/p>\n<p>Correaliza\u00e7\u00e3o: Prefeitura de Juazeiro \u2013 BA<\/p>\n<p>Inscri\u00e7\u00f5es: at\u00e9 dia 09\/09\/2023 atrav\u00e9s do link:\u00a0<a href=\"https:\/\/click.cse360.com.br\/Click\/AddCampaignEmailClick\/8e989087-ddf8-48e6-eb04-08db9284b468\/http%253a%252f%252fsaboresdejuazeiro.com.br%252finscricoes\/ecc81b22-56d0-406f-0450-08d7c5ff26d2\/blogqsp@gmail.com\/True\" target=\"_blank\" rel=\"noopener noreferrer\" data-saferedirecturl=\"https:\/\/www.google.com\/url?q=https:\/\/click.cse360.com.br\/Click\/AddCampaignEmailClick\/8e989087-ddf8-48e6-eb04-08db9284b468\/http%25253a%25252f%25252fsaboresdejuazeiro.com.br%25252finscricoes\/ecc81b22-56d0-406f-0450-08d7c5ff26d2\/blogqsp@gmail.com\/True&amp;source=gmail&amp;ust=1694203816165000&amp;usg=AOvVaw14wlwX7N2p_V1ykKe7pTk_\">saboresdejuazeiro.com.br\/<wbr \/>inscricoes<\/a><\/p>\n<p>Instagram: @saboresdejuazeiro<\/p>\n<\/div>\n<\/td>\n<\/tr>\n<\/tbody>\n<\/table>\n","protected":false},"excerpt":{"rendered":"<p>Juazeiro, com sua rica tradi\u00e7\u00e3o agr\u00edcola e culin\u00e1ria, tem sido uma fonte inestim\u00e1vel de insumos que n\u00e3o s\u00f3 nutrem o Brasil, mas tamb\u00e9m s\u00e3o exportados para diversos cantos do globo. Esta capacidade \u00edmpar de atender tanto ao mercado dom\u00e9stico quanto ao internacional \u00e9 a inspira\u00e7\u00e3o por tr\u00e1s do tema deste ano. A cidade, reconhecida por ser o maior polo de fruticultura brasileira onde concentra em seu territ\u00f3rio boa parte dos produtores de frutas frescas entre as cidades que integram a regi\u00e3o do subm\u00e9dio S\u00e3o Francisco, respons\u00e1vel pela produ\u00e7\u00e3o de manga e uva que s\u00e3o exportadas, especialmente, para o mercado europeu e americano, acaba de abrir as inscri\u00e7\u00f5es para a 3\u00aa edi\u00e7\u00e3o do Festival Gastron\u00f4mico Sabores de Juazeiro em um convite&hellip; <\/p>\n","protected":false},"author":2,"featured_media":349828,"comment_status":"open","ping_status":"open","sticky":false,"template":"","format":"standard","meta":{"_acf_changed":false,"footnotes":""},"categories":[31],"tags":[],"class_list":["post-349827","post","type-post","status-publish","format-standard","has-post-thumbnail","hentry","category-concursos"],"acf":[],"yoast_head":"<!-- This site is optimized with the Yoast SEO plugin v27.4 - https:\/\/yoast.com\/product\/yoast-seo-wordpress\/ -->\n<title>Inscri\u00e7\u00f5es para o Festival Sabores de Juazeiro 2023 seguem abertas at\u00e9 amanh\u00e3 09 de setembro - Blog do Farn\u00e9sio<\/title>\n<meta name=\"robots\" content=\"index, follow, max-snippet:-1, max-image-preview:large, max-video-preview:-1\" \/>\n<link rel=\"canonical\" href=\"https:\/\/blogdofarnesio.com.br\/?p=349827\" \/>\n<meta property=\"og:locale\" content=\"pt_BR\" \/>\n<meta property=\"og:type\" content=\"article\" \/>\n<meta property=\"og:title\" content=\"Inscri\u00e7\u00f5es para o Festival Sabores de Juazeiro 2023 seguem abertas at\u00e9 amanh\u00e3 09 de setembro - Blog do Farn\u00e9sio\" \/>\n<meta property=\"og:description\" content=\"Juazeiro, com sua rica tradi\u00e7\u00e3o agr\u00edcola e culin\u00e1ria, tem sido uma fonte inestim\u00e1vel de insumos que n\u00e3o s\u00f3 nutrem o Brasil, mas tamb\u00e9m s\u00e3o exportados para diversos cantos do globo. Esta capacidade \u00edmpar de atender tanto ao mercado dom\u00e9stico quanto ao internacional \u00e9 a inspira\u00e7\u00e3o por tr\u00e1s do tema deste ano. A cidade, reconhecida por ser o maior polo de fruticultura brasileira onde concentra em seu territ\u00f3rio boa parte dos produtores de frutas frescas entre as cidades que integram a regi\u00e3o do subm\u00e9dio S\u00e3o Francisco, respons\u00e1vel pela produ\u00e7\u00e3o de manga e uva que s\u00e3o exportadas, especialmente, para o mercado europeu e americano, acaba de abrir as inscri\u00e7\u00f5es para a 3\u00aa edi\u00e7\u00e3o do Festival Gastron\u00f4mico Sabores de Juazeiro em um convite&hellip;\" \/>\n<meta property=\"og:url\" content=\"https:\/\/blogdofarnesio.com.br\/?p=349827\" \/>\n<meta property=\"og:site_name\" content=\"Blog do Farn\u00e9sio\" \/>\n<meta property=\"article:publisher\" content=\"https:\/\/www.facebook.com\/BlogQuerSaberPolitica\/\" \/>\n<meta property=\"article:author\" content=\"https:\/\/www.facebook.com\/?ref=tn_tnmn\" \/>\n<meta property=\"article:published_time\" content=\"2023-09-08T19:00:34+00:00\" \/>\n<meta property=\"og:image\" content=\"https:\/\/blogdofarnesio.com.br\/wp-content\/uploads\/2023\/09\/blogqspjua-festival-sabores-e1694118163601.jpg\" \/>\n\t<meta property=\"og:image:width\" content=\"620\" \/>\n\t<meta property=\"og:image:height\" content=\"413\" \/>\n\t<meta property=\"og:image:type\" content=\"image\/jpeg\" \/>\n<meta name=\"author\" content=\"Farn\u00e9sio\" \/>\n<meta name=\"twitter:card\" content=\"summary_large_image\" \/>\n<meta name=\"twitter:label1\" content=\"Escrito por\" \/>\n\t<meta name=\"twitter:data1\" content=\"Farn\u00e9sio\" \/>\n\t<meta name=\"twitter:label2\" content=\"Est. tempo de leitura\" \/>\n\t<meta name=\"twitter:data2\" content=\"2 minutos\" \/>\n<script type=\"application\/ld+json\" class=\"yoast-schema-graph\">{\"@context\":\"https:\\\/\\\/schema.org\",\"@graph\":[{\"@type\":\"Article\",\"@id\":\"https:\\\/\\\/blogdofarnesio.com.br\\\/?p=349827#article\",\"isPartOf\":{\"@id\":\"https:\\\/\\\/blogdofarnesio.com.br\\\/?p=349827\"},\"author\":{\"name\":\"Farn\u00e9sio\",\"@id\":\"https:\\\/\\\/blogdofarnesio.com.br\\\/#\\\/schema\\\/person\\\/bb9b23ae3ad0609ce8df7b6c9e76824d\"},\"headline\":\"Inscri\u00e7\u00f5es para o Festival Sabores de Juazeiro 2023 seguem abertas at\u00e9 amanh\u00e3 09 de setembro\",\"datePublished\":\"2023-09-08T19:00:34+00:00\",\"mainEntityOfPage\":{\"@id\":\"https:\\\/\\\/blogdofarnesio.com.br\\\/?p=349827\"},\"wordCount\":347,\"commentCount\":0,\"publisher\":{\"@id\":\"https:\\\/\\\/blogdofarnesio.com.br\\\/#organization\"},\"image\":{\"@id\":\"https:\\\/\\\/blogdofarnesio.com.br\\\/?p=349827#primaryimage\"},\"thumbnailUrl\":\"https:\\\/\\\/blogdofarnesio.com.br\\\/wp-content\\\/uploads\\\/2023\\\/09\\\/blogqspjua-festival-sabores-e1694118163601.jpg\",\"articleSection\":[\"Concursos\"],\"inLanguage\":\"pt-BR\",\"potentialAction\":[{\"@type\":\"CommentAction\",\"name\":\"Comment\",\"target\":[\"https:\\\/\\\/blogdofarnesio.com.br\\\/?p=349827#respond\"]}]},{\"@type\":\"WebPage\",\"@id\":\"https:\\\/\\\/blogdofarnesio.com.br\\\/?p=349827\",\"url\":\"https:\\\/\\\/blogdofarnesio.com.br\\\/?p=349827\",\"name\":\"Inscri\u00e7\u00f5es para o Festival Sabores de Juazeiro 2023 seguem abertas at\u00e9 amanh\u00e3 09 de setembro - Blog do Farn\u00e9sio\",\"isPartOf\":{\"@id\":\"https:\\\/\\\/blogdofarnesio.com.br\\\/#website\"},\"primaryImageOfPage\":{\"@id\":\"https:\\\/\\\/blogdofarnesio.com.br\\\/?p=349827#primaryimage\"},\"image\":{\"@id\":\"https:\\\/\\\/blogdofarnesio.com.br\\\/?p=349827#primaryimage\"},\"thumbnailUrl\":\"https:\\\/\\\/blogdofarnesio.com.br\\\/wp-content\\\/uploads\\\/2023\\\/09\\\/blogqspjua-festival-sabores-e1694118163601.jpg\",\"datePublished\":\"2023-09-08T19:00:34+00:00\",\"breadcrumb\":{\"@id\":\"https:\\\/\\\/blogdofarnesio.com.br\\\/?p=349827#breadcrumb\"},\"inLanguage\":\"pt-BR\",\"potentialAction\":[{\"@type\":\"ReadAction\",\"target\":[\"https:\\\/\\\/blogdofarnesio.com.br\\\/?p=349827\"]}]},{\"@type\":\"ImageObject\",\"inLanguage\":\"pt-BR\",\"@id\":\"https:\\\/\\\/blogdofarnesio.com.br\\\/?p=349827#primaryimage\",\"url\":\"https:\\\/\\\/blogdofarnesio.com.br\\\/wp-content\\\/uploads\\\/2023\\\/09\\\/blogqspjua-festival-sabores-e1694118163601.jpg\",\"contentUrl\":\"https:\\\/\\\/blogdofarnesio.com.br\\\/wp-content\\\/uploads\\\/2023\\\/09\\\/blogqspjua-festival-sabores-e1694118163601.jpg\",\"width\":620,\"height\":413},{\"@type\":\"BreadcrumbList\",\"@id\":\"https:\\\/\\\/blogdofarnesio.com.br\\\/?p=349827#breadcrumb\",\"itemListElement\":[{\"@type\":\"ListItem\",\"position\":1,\"name\":\"In\u00edcio\",\"item\":\"https:\\\/\\\/blogdofarnesio.com.br\\\/\"},{\"@type\":\"ListItem\",\"position\":2,\"name\":\"Inscri\u00e7\u00f5es para o Festival Sabores de Juazeiro 2023 seguem abertas at\u00e9 amanh\u00e3 09 de setembro\"}]},{\"@type\":\"WebSite\",\"@id\":\"https:\\\/\\\/blogdofarnesio.com.br\\\/#website\",\"url\":\"https:\\\/\\\/blogdofarnesio.com.br\\\/\",\"name\":\"Blog do Farn\u00e9sio\",\"description\":\"Quer Saber Pol\u00edtica?\",\"publisher\":{\"@id\":\"https:\\\/\\\/blogdofarnesio.com.br\\\/#organization\"},\"potentialAction\":[{\"@type\":\"SearchAction\",\"target\":{\"@type\":\"EntryPoint\",\"urlTemplate\":\"https:\\\/\\\/blogdofarnesio.com.br\\\/?s={search_term_string}\"},\"query-input\":{\"@type\":\"PropertyValueSpecification\",\"valueRequired\":true,\"valueName\":\"search_term_string\"}}],\"inLanguage\":\"pt-BR\"},{\"@type\":\"Organization\",\"@id\":\"https:\\\/\\\/blogdofarnesio.com.br\\\/#organization\",\"name\":\"Blog do Farn\u00e9sio\",\"url\":\"https:\\\/\\\/blogdofarnesio.com.br\\\/\",\"logo\":{\"@type\":\"ImageObject\",\"inLanguage\":\"pt-BR\",\"@id\":\"https:\\\/\\\/blogdofarnesio.com.br\\\/#\\\/schema\\\/logo\\\/image\\\/\",\"url\":\"https:\\\/\\\/blogdofarnesio.com.br\\\/wp-content\\\/uploads\\\/2026\\\/03\\\/cropped-logo_new-1.png\",\"contentUrl\":\"https:\\\/\\\/blogdofarnesio.com.br\\\/wp-content\\\/uploads\\\/2026\\\/03\\\/cropped-logo_new-1.png\",\"width\":881,\"height\":685,\"caption\":\"Blog do Farn\u00e9sio\"},\"image\":{\"@id\":\"https:\\\/\\\/blogdofarnesio.com.br\\\/#\\\/schema\\\/logo\\\/image\\\/\"},\"sameAs\":[\"https:\\\/\\\/www.facebook.com\\\/BlogQuerSaberPolitica\\\/\"]},{\"@type\":\"Person\",\"@id\":\"https:\\\/\\\/blogdofarnesio.com.br\\\/#\\\/schema\\\/person\\\/bb9b23ae3ad0609ce8df7b6c9e76824d\",\"name\":\"Farn\u00e9sio\",\"image\":{\"@type\":\"ImageObject\",\"inLanguage\":\"pt-BR\",\"@id\":\"https:\\\/\\\/secure.gravatar.com\\\/avatar\\\/986aa4c61ccdb66f8555bf88fc2a65609d00bcabd4d2d94377a727547345cbca?s=96&d=mm&r=g\",\"url\":\"https:\\\/\\\/secure.gravatar.com\\\/avatar\\\/986aa4c61ccdb66f8555bf88fc2a65609d00bcabd4d2d94377a727547345cbca?s=96&d=mm&r=g\",\"contentUrl\":\"https:\\\/\\\/secure.gravatar.com\\\/avatar\\\/986aa4c61ccdb66f8555bf88fc2a65609d00bcabd4d2d94377a727547345cbca?s=96&d=mm&r=g\",\"caption\":\"Farn\u00e9sio\"},\"description\":\"Radialista blogueiro, chegou a Petrolina\\\/Juazeiro em setembro de 1980, Farn\u00e9sio Silva \u00e9 de Arapiraca-Alagoas.\",\"sameAs\":[\"http:\\\/\\\/blogdofarnesio.com.br\",\"https:\\\/\\\/www.facebook.com\\\/?ref=tn_tnmn\",\"https:\\\/\\\/www.instagram.com\\\/?utm_source=pwa_homescreen\",\"https:\\\/\\\/youtube.com.br\\\/\"],\"url\":\"https:\\\/\\\/blogdofarnesio.com.br\\\/?author=2\"}]}<\/script>\n<!-- \/ Yoast SEO plugin. -->","yoast_head_json":{"title":"Inscri\u00e7\u00f5es para o Festival Sabores de Juazeiro 2023 seguem abertas at\u00e9 amanh\u00e3 09 de setembro - Blog do Farn\u00e9sio","robots":{"index":"index","follow":"follow","max-snippet":"max-snippet:-1","max-image-preview":"max-image-preview:large","max-video-preview":"max-video-preview:-1"},"canonical":"https:\/\/blogdofarnesio.com.br\/?p=349827","og_locale":"pt_BR","og_type":"article","og_title":"Inscri\u00e7\u00f5es para o Festival Sabores de Juazeiro 2023 seguem abertas at\u00e9 amanh\u00e3 09 de setembro - Blog do Farn\u00e9sio","og_description":"Juazeiro, com sua rica tradi\u00e7\u00e3o agr\u00edcola e culin\u00e1ria, tem sido uma fonte inestim\u00e1vel de insumos que n\u00e3o s\u00f3 nutrem o Brasil, mas tamb\u00e9m s\u00e3o exportados para diversos cantos do globo. Esta capacidade \u00edmpar de atender tanto ao mercado dom\u00e9stico quanto ao internacional \u00e9 a inspira\u00e7\u00e3o por tr\u00e1s do tema deste ano. A cidade, reconhecida por ser o maior polo de fruticultura brasileira onde concentra em seu territ\u00f3rio boa parte dos produtores de frutas frescas entre as cidades que integram a regi\u00e3o do subm\u00e9dio S\u00e3o Francisco, respons\u00e1vel pela produ\u00e7\u00e3o de manga e uva que s\u00e3o exportadas, especialmente, para o mercado europeu e americano, acaba de abrir as inscri\u00e7\u00f5es para a 3\u00aa edi\u00e7\u00e3o do Festival Gastron\u00f4mico Sabores de Juazeiro em um convite&hellip;","og_url":"https:\/\/blogdofarnesio.com.br\/?p=349827","og_site_name":"Blog do Farn\u00e9sio","article_publisher":"https:\/\/www.facebook.com\/BlogQuerSaberPolitica\/","article_author":"https:\/\/www.facebook.com\/?ref=tn_tnmn","article_published_time":"2023-09-08T19:00:34+00:00","og_image":[{"width":620,"height":413,"url":"https:\/\/blogdofarnesio.com.br\/wp-content\/uploads\/2023\/09\/blogqspjua-festival-sabores-e1694118163601.jpg","type":"image\/jpeg"}],"author":"Farn\u00e9sio","twitter_card":"summary_large_image","twitter_misc":{"Escrito por":"Farn\u00e9sio","Est. tempo de leitura":"2 minutos"},"schema":{"@context":"https:\/\/schema.org","@graph":[{"@type":"Article","@id":"https:\/\/blogdofarnesio.com.br\/?p=349827#article","isPartOf":{"@id":"https:\/\/blogdofarnesio.com.br\/?p=349827"},"author":{"name":"Farn\u00e9sio","@id":"https:\/\/blogdofarnesio.com.br\/#\/schema\/person\/bb9b23ae3ad0609ce8df7b6c9e76824d"},"headline":"Inscri\u00e7\u00f5es para o Festival Sabores de Juazeiro 2023 seguem abertas at\u00e9 amanh\u00e3 09 de setembro","datePublished":"2023-09-08T19:00:34+00:00","mainEntityOfPage":{"@id":"https:\/\/blogdofarnesio.com.br\/?p=349827"},"wordCount":347,"commentCount":0,"publisher":{"@id":"https:\/\/blogdofarnesio.com.br\/#organization"},"image":{"@id":"https:\/\/blogdofarnesio.com.br\/?p=349827#primaryimage"},"thumbnailUrl":"https:\/\/blogdofarnesio.com.br\/wp-content\/uploads\/2023\/09\/blogqspjua-festival-sabores-e1694118163601.jpg","articleSection":["Concursos"],"inLanguage":"pt-BR","potentialAction":[{"@type":"CommentAction","name":"Comment","target":["https:\/\/blogdofarnesio.com.br\/?p=349827#respond"]}]},{"@type":"WebPage","@id":"https:\/\/blogdofarnesio.com.br\/?p=349827","url":"https:\/\/blogdofarnesio.com.br\/?p=349827","name":"Inscri\u00e7\u00f5es para o Festival Sabores de Juazeiro 2023 seguem abertas at\u00e9 amanh\u00e3 09 de setembro - Blog do Farn\u00e9sio","isPartOf":{"@id":"https:\/\/blogdofarnesio.com.br\/#website"},"primaryImageOfPage":{"@id":"https:\/\/blogdofarnesio.com.br\/?p=349827#primaryimage"},"image":{"@id":"https:\/\/blogdofarnesio.com.br\/?p=349827#primaryimage"},"thumbnailUrl":"https:\/\/blogdofarnesio.com.br\/wp-content\/uploads\/2023\/09\/blogqspjua-festival-sabores-e1694118163601.jpg","datePublished":"2023-09-08T19:00:34+00:00","breadcrumb":{"@id":"https:\/\/blogdofarnesio.com.br\/?p=349827#breadcrumb"},"inLanguage":"pt-BR","potentialAction":[{"@type":"ReadAction","target":["https:\/\/blogdofarnesio.com.br\/?p=349827"]}]},{"@type":"ImageObject","inLanguage":"pt-BR","@id":"https:\/\/blogdofarnesio.com.br\/?p=349827#primaryimage","url":"https:\/\/blogdofarnesio.com.br\/wp-content\/uploads\/2023\/09\/blogqspjua-festival-sabores-e1694118163601.jpg","contentUrl":"https:\/\/blogdofarnesio.com.br\/wp-content\/uploads\/2023\/09\/blogqspjua-festival-sabores-e1694118163601.jpg","width":620,"height":413},{"@type":"BreadcrumbList","@id":"https:\/\/blogdofarnesio.com.br\/?p=349827#breadcrumb","itemListElement":[{"@type":"ListItem","position":1,"name":"In\u00edcio","item":"https:\/\/blogdofarnesio.com.br\/"},{"@type":"ListItem","position":2,"name":"Inscri\u00e7\u00f5es para o Festival Sabores de Juazeiro 2023 seguem abertas at\u00e9 amanh\u00e3 09 de setembro"}]},{"@type":"WebSite","@id":"https:\/\/blogdofarnesio.com.br\/#website","url":"https:\/\/blogdofarnesio.com.br\/","name":"Blog do Farn\u00e9sio","description":"Quer Saber Pol\u00edtica?","publisher":{"@id":"https:\/\/blogdofarnesio.com.br\/#organization"},"potentialAction":[{"@type":"SearchAction","target":{"@type":"EntryPoint","urlTemplate":"https:\/\/blogdofarnesio.com.br\/?s={search_term_string}"},"query-input":{"@type":"PropertyValueSpecification","valueRequired":true,"valueName":"search_term_string"}}],"inLanguage":"pt-BR"},{"@type":"Organization","@id":"https:\/\/blogdofarnesio.com.br\/#organization","name":"Blog do Farn\u00e9sio","url":"https:\/\/blogdofarnesio.com.br\/","logo":{"@type":"ImageObject","inLanguage":"pt-BR","@id":"https:\/\/blogdofarnesio.com.br\/#\/schema\/logo\/image\/","url":"https:\/\/blogdofarnesio.com.br\/wp-content\/uploads\/2026\/03\/cropped-logo_new-1.png","contentUrl":"https:\/\/blogdofarnesio.com.br\/wp-content\/uploads\/2026\/03\/cropped-logo_new-1.png","width":881,"height":685,"caption":"Blog do Farn\u00e9sio"},"image":{"@id":"https:\/\/blogdofarnesio.com.br\/#\/schema\/logo\/image\/"},"sameAs":["https:\/\/www.facebook.com\/BlogQuerSaberPolitica\/"]},{"@type":"Person","@id":"https:\/\/blogdofarnesio.com.br\/#\/schema\/person\/bb9b23ae3ad0609ce8df7b6c9e76824d","name":"Farn\u00e9sio","image":{"@type":"ImageObject","inLanguage":"pt-BR","@id":"https:\/\/secure.gravatar.com\/avatar\/986aa4c61ccdb66f8555bf88fc2a65609d00bcabd4d2d94377a727547345cbca?s=96&d=mm&r=g","url":"https:\/\/secure.gravatar.com\/avatar\/986aa4c61ccdb66f8555bf88fc2a65609d00bcabd4d2d94377a727547345cbca?s=96&d=mm&r=g","contentUrl":"https:\/\/secure.gravatar.com\/avatar\/986aa4c61ccdb66f8555bf88fc2a65609d00bcabd4d2d94377a727547345cbca?s=96&d=mm&r=g","caption":"Farn\u00e9sio"},"description":"Radialista blogueiro, chegou a Petrolina\/Juazeiro em setembro de 1980, Farn\u00e9sio Silva \u00e9 de Arapiraca-Alagoas.","sameAs":["http:\/\/blogdofarnesio.com.br","https:\/\/www.facebook.com\/?ref=tn_tnmn","https:\/\/www.instagram.com\/?utm_source=pwa_homescreen","https:\/\/youtube.com.br\/"],"url":"https:\/\/blogdofarnesio.com.br\/?author=2"}]}},"_links":{"self":[{"href":"https:\/\/blogdofarnesio.com.br\/index.php?rest_route=\/wp\/v2\/posts\/349827","targetHints":{"allow":["GET"]}}],"collection":[{"href":"https:\/\/blogdofarnesio.com.br\/index.php?rest_route=\/wp\/v2\/posts"}],"about":[{"href":"https:\/\/blogdofarnesio.com.br\/index.php?rest_route=\/wp\/v2\/types\/post"}],"author":[{"embeddable":true,"href":"https:\/\/blogdofarnesio.com.br\/index.php?rest_route=\/wp\/v2\/users\/2"}],"replies":[{"embeddable":true,"href":"https:\/\/blogdofarnesio.com.br\/index.php?rest_route=%2Fwp%2Fv2%2Fcomments&post=349827"}],"version-history":[{"count":0,"href":"https:\/\/blogdofarnesio.com.br\/index.php?rest_route=\/wp\/v2\/posts\/349827\/revisions"}],"wp:featuredmedia":[{"embeddable":true,"href":"https:\/\/blogdofarnesio.com.br\/index.php?rest_route=\/wp\/v2\/media\/349828"}],"wp:attachment":[{"href":"https:\/\/blogdofarnesio.com.br\/index.php?rest_route=%2Fwp%2Fv2%2Fmedia&parent=349827"}],"wp:term":[{"taxonomy":"category","embeddable":true,"href":"https:\/\/blogdofarnesio.com.br\/index.php?rest_route=%2Fwp%2Fv2%2Fcategories&post=349827"},{"taxonomy":"post_tag","embeddable":true,"href":"https:\/\/blogdofarnesio.com.br\/index.php?rest_route=%2Fwp%2Fv2%2Ftags&post=349827"}],"curies":[{"name":"wp","href":"https:\/\/api.w.org\/{rel}","templated":true}]}}