{"id":349762,"date":"2023-09-08T15:00:31","date_gmt":"2023-09-08T18:00:31","guid":{"rendered":"https:\/\/blogdofarnesio.com.br\/?p=349762"},"modified":"2023-09-08T10:15:07","modified_gmt":"2023-09-08T13:15:07","slug":"sento-se-inicia-programacao-da-campanha-setembro-amarelo","status":"publish","type":"post","link":"https:\/\/blogdofarnesio.com.br\/?p=349762","title":{"rendered":"Sento-S\u00e9 inicia programa\u00e7\u00e3o da campanha Setembro Amarelo"},"content":{"rendered":"<p style=\"font-weight: 400;\">A Prefeitura de Sento-S\u00e9, por meio da Secretaria Municipal de Sa\u00fade, iniciou quarta-feira (06), a programa\u00e7\u00e3o da campanha Setembro Amarelo, que neste ano ser\u00e1 marcada por uma s\u00e9rie de a\u00e7\u00f5es e atividades voltadas a toda popula\u00e7\u00e3o.<\/p>\n<p style=\"font-weight: 400;\">O objetivo \u00e9 intensificar o di\u00e1logo sobre suic\u00eddio e trabalhar a preven\u00e7\u00e3o a partir do debate e da difus\u00e3o da informa\u00e7\u00e3o. No primeiro dia de atividades, os pacientes e familiares atendidos pelo Centro de Aten\u00e7\u00e3o Psicossocial (Caps) participaram de uma sala de espera cheia de informa\u00e7\u00f5es promovida pela equipe do Caps e tamb\u00e9m integrantes do N\u00facleo de Apoio \u00e0 Sa\u00fade da Fam\u00edlia (NASF).<\/p>\n<p style=\"font-weight: 400;\"><img loading=\"lazy\" decoding=\"async\" class=\"aligncenter wp-image-349763 size-full\" src=\"https:\/\/blogdofarnesio.com.br\/wp-content\/uploads\/2023\/09\/WhatsApp-Image-2023-09-06-at-11.10.39-1.jpeg\" alt=\"\" width=\"750\" height=\"429\" srcset=\"https:\/\/blogdofarnesio.com.br\/wp-content\/uploads\/2023\/09\/WhatsApp-Image-2023-09-06-at-11.10.39-1.jpeg 750w, https:\/\/blogdofarnesio.com.br\/wp-content\/uploads\/2023\/09\/WhatsApp-Image-2023-09-06-at-11.10.39-1-300x172.jpeg 300w\" sizes=\"auto, (max-width: 750px) 100vw, 750px\" \/>A a\u00e7\u00e3o aconteceu na sede do Caps e contou com a participa\u00e7\u00e3o da psiquiatra Adenilsa Dias de Souza, da enfermeira e coordenadora do Caps, Thaiane Castro, do psic\u00f3logo, Rob\u00e9rio Mesquita e do profissional de Educa\u00e7\u00e3o F\u00edsica, Wallace Rodrigues. O grupo de profissionais realizou palestras de forma descontra\u00edda para conscientizar sobre o tema, ajudar a reconhecer os sintomas, e principalmente informar sobre como a alimenta\u00e7\u00e3o, a pr\u00e1tica da atividade f\u00edsica, colaboram na preven\u00e7\u00e3o e tratamento.<\/p>\n<p style=\"font-weight: 400;\">De acordo com Thaiane Castro, o encontro garantiu mais um momento de acolhimento e troca entre os participantes. \u201cO suic\u00eddio n\u00e3o pode ser observado por um \u00fanico prisma. \u00c9 uma situa\u00e7\u00e3o que deve ser analisada considerando m\u00faltiplos fatores, entre eles o conv\u00edvio social e a intera\u00e7\u00e3o com o trabalho. Por isso, abordamos o tema durante todo o ano e intensificamos a proposta na campanha Setembro Amarelo, como forma de atuar na preven\u00e7\u00e3o e estender a m\u00e3o a quem est\u00e1 em sofrimento\u201d, explicou Thaiane, destacando as a\u00e7\u00f5es voltadas a campanha \u201cv\u00e3o acontecer durante todo o m\u00eas com salas de espera sobre o tema, tanto na sede como no interior do munic\u00edpio\u201d, acrescentou.<\/p>\n<p style=\"font-weight: 400;\">A revendedora Jucileide Ribeiro Jatob\u00e1, foi ao Caps acompanhar a filha que faz tratamento na unidade e disse que j\u00e1 tinha ouvido falar da campanha, mas n\u00e3o tinha muitas informa\u00e7\u00f5es. \u201cEu j\u00e1 conhecia o tema, s\u00f3 n\u00e3o tinha participado de uma palestra t\u00e3o importante como essa hoje com profissionais de sa\u00fade. Aprendi muita coisa, principalmente sobre a import\u00e2ncia de cuidar da sa\u00fade mental e que existe toda uma rede de apoio dispon\u00edvel nas unidades de sa\u00fade\u201d, declarou.<\/p>\n<p style=\"font-weight: 400;\">Gardennia Garibalde\/Ascom PMSSE<br \/>\nFotos: Alex Antunes<\/p>\n","protected":false},"excerpt":{"rendered":"<p>A Prefeitura de Sento-S\u00e9, por meio da Secretaria Municipal de Sa\u00fade, iniciou quarta-feira (06), a programa\u00e7\u00e3o da campanha Setembro Amarelo, que neste ano ser\u00e1 marcada por uma s\u00e9rie de a\u00e7\u00f5es e atividades voltadas a toda popula\u00e7\u00e3o. O objetivo \u00e9 intensificar o di\u00e1logo sobre suic\u00eddio e trabalhar a preven\u00e7\u00e3o a partir do debate e da difus\u00e3o da informa\u00e7\u00e3o. No primeiro dia de atividades, os pacientes e familiares atendidos pelo Centro de Aten\u00e7\u00e3o Psicossocial (Caps) participaram de uma sala de espera cheia de informa\u00e7\u00f5es promovida pela equipe do Caps e tamb\u00e9m integrantes do N\u00facleo de Apoio \u00e0 Sa\u00fade da Fam\u00edlia (NASF). A a\u00e7\u00e3o aconteceu na sede do Caps e contou com a participa\u00e7\u00e3o da psiquiatra Adenilsa Dias de Souza, da enfermeira e&hellip; <\/p>\n","protected":false},"author":2,"featured_media":294956,"comment_status":"open","ping_status":"open","sticky":false,"template":"","format":"standard","meta":{"_acf_changed":false,"footnotes":""},"categories":[22],"tags":[],"class_list":["post-349762","post","type-post","status-publish","format-standard","has-post-thumbnail","hentry","category-acao-social"],"acf":[],"yoast_head":"<!-- This site is optimized with the Yoast SEO plugin v27.4 - https:\/\/yoast.com\/product\/yoast-seo-wordpress\/ -->\n<title>Sento-S\u00e9 inicia programa\u00e7\u00e3o da campanha Setembro Amarelo - Blog do Farn\u00e9sio<\/title>\n<meta name=\"robots\" content=\"index, follow, max-snippet:-1, max-image-preview:large, max-video-preview:-1\" \/>\n<link rel=\"canonical\" href=\"https:\/\/blogdofarnesio.com.br\/?p=349762\" \/>\n<meta property=\"og:locale\" content=\"pt_BR\" \/>\n<meta property=\"og:type\" content=\"article\" \/>\n<meta property=\"og:title\" content=\"Sento-S\u00e9 inicia programa\u00e7\u00e3o da campanha Setembro Amarelo - Blog do Farn\u00e9sio\" \/>\n<meta property=\"og:description\" content=\"A Prefeitura de Sento-S\u00e9, por meio da Secretaria Municipal de Sa\u00fade, iniciou quarta-feira (06), a programa\u00e7\u00e3o da campanha Setembro Amarelo, que neste ano ser\u00e1 marcada por uma s\u00e9rie de a\u00e7\u00f5es e atividades voltadas a toda popula\u00e7\u00e3o. O objetivo \u00e9 intensificar o di\u00e1logo sobre suic\u00eddio e trabalhar a preven\u00e7\u00e3o a partir do debate e da difus\u00e3o da informa\u00e7\u00e3o. No primeiro dia de atividades, os pacientes e familiares atendidos pelo Centro de Aten\u00e7\u00e3o Psicossocial (Caps) participaram de uma sala de espera cheia de informa\u00e7\u00f5es promovida pela equipe do Caps e tamb\u00e9m integrantes do N\u00facleo de Apoio \u00e0 Sa\u00fade da Fam\u00edlia (NASF). A a\u00e7\u00e3o aconteceu na sede do Caps e contou com a participa\u00e7\u00e3o da psiquiatra Adenilsa Dias de Souza, da enfermeira e&hellip;\" \/>\n<meta property=\"og:url\" content=\"https:\/\/blogdofarnesio.com.br\/?p=349762\" \/>\n<meta property=\"og:site_name\" content=\"Blog do Farn\u00e9sio\" \/>\n<meta property=\"article:publisher\" content=\"https:\/\/www.facebook.com\/BlogQuerSaberPolitica\/\" \/>\n<meta property=\"article:author\" content=\"https:\/\/www.facebook.com\/?ref=tn_tnmn\" \/>\n<meta property=\"article:published_time\" content=\"2023-09-08T18:00:31+00:00\" \/>\n<meta property=\"og:image\" content=\"https:\/\/blogdofarnesio.com.br\/wp-content\/uploads\/2021\/09\/SETEMBRO-AMARELO-e1631213750358.jpeg\" \/>\n\t<meta property=\"og:image:width\" content=\"580\" \/>\n\t<meta property=\"og:image:height\" content=\"457\" \/>\n\t<meta property=\"og:image:type\" content=\"image\/jpeg\" \/>\n<meta name=\"author\" content=\"Farn\u00e9sio\" \/>\n<meta name=\"twitter:card\" content=\"summary_large_image\" \/>\n<meta name=\"twitter:label1\" content=\"Escrito por\" \/>\n\t<meta name=\"twitter:data1\" content=\"Farn\u00e9sio\" \/>\n\t<meta name=\"twitter:label2\" content=\"Est. tempo de leitura\" \/>\n\t<meta name=\"twitter:data2\" content=\"3 minutos\" \/>\n<script type=\"application\/ld+json\" class=\"yoast-schema-graph\">{\"@context\":\"https:\\\/\\\/schema.org\",\"@graph\":[{\"@type\":\"Article\",\"@id\":\"https:\\\/\\\/blogdofarnesio.com.br\\\/?p=349762#article\",\"isPartOf\":{\"@id\":\"https:\\\/\\\/blogdofarnesio.com.br\\\/?p=349762\"},\"author\":{\"name\":\"Farn\u00e9sio\",\"@id\":\"https:\\\/\\\/blogdofarnesio.com.br\\\/#\\\/schema\\\/person\\\/bb9b23ae3ad0609ce8df7b6c9e76824d\"},\"headline\":\"Sento-S\u00e9 inicia programa\u00e7\u00e3o da campanha Setembro Amarelo\",\"datePublished\":\"2023-09-08T18:00:31+00:00\",\"mainEntityOfPage\":{\"@id\":\"https:\\\/\\\/blogdofarnesio.com.br\\\/?p=349762\"},\"wordCount\":420,\"commentCount\":0,\"publisher\":{\"@id\":\"https:\\\/\\\/blogdofarnesio.com.br\\\/#organization\"},\"image\":{\"@id\":\"https:\\\/\\\/blogdofarnesio.com.br\\\/?p=349762#primaryimage\"},\"thumbnailUrl\":\"https:\\\/\\\/blogdofarnesio.com.br\\\/wp-content\\\/uploads\\\/2021\\\/09\\\/SETEMBRO-AMARELO-e1631213750358.jpeg\",\"articleSection\":[\"A\u00e7\u00e3o Social\"],\"inLanguage\":\"pt-BR\",\"potentialAction\":[{\"@type\":\"CommentAction\",\"name\":\"Comment\",\"target\":[\"https:\\\/\\\/blogdofarnesio.com.br\\\/?p=349762#respond\"]}]},{\"@type\":\"WebPage\",\"@id\":\"https:\\\/\\\/blogdofarnesio.com.br\\\/?p=349762\",\"url\":\"https:\\\/\\\/blogdofarnesio.com.br\\\/?p=349762\",\"name\":\"Sento-S\u00e9 inicia programa\u00e7\u00e3o da campanha Setembro Amarelo - Blog do Farn\u00e9sio\",\"isPartOf\":{\"@id\":\"https:\\\/\\\/blogdofarnesio.com.br\\\/#website\"},\"primaryImageOfPage\":{\"@id\":\"https:\\\/\\\/blogdofarnesio.com.br\\\/?p=349762#primaryimage\"},\"image\":{\"@id\":\"https:\\\/\\\/blogdofarnesio.com.br\\\/?p=349762#primaryimage\"},\"thumbnailUrl\":\"https:\\\/\\\/blogdofarnesio.com.br\\\/wp-content\\\/uploads\\\/2021\\\/09\\\/SETEMBRO-AMARELO-e1631213750358.jpeg\",\"datePublished\":\"2023-09-08T18:00:31+00:00\",\"breadcrumb\":{\"@id\":\"https:\\\/\\\/blogdofarnesio.com.br\\\/?p=349762#breadcrumb\"},\"inLanguage\":\"pt-BR\",\"potentialAction\":[{\"@type\":\"ReadAction\",\"target\":[\"https:\\\/\\\/blogdofarnesio.com.br\\\/?p=349762\"]}]},{\"@type\":\"ImageObject\",\"inLanguage\":\"pt-BR\",\"@id\":\"https:\\\/\\\/blogdofarnesio.com.br\\\/?p=349762#primaryimage\",\"url\":\"https:\\\/\\\/blogdofarnesio.com.br\\\/wp-content\\\/uploads\\\/2021\\\/09\\\/SETEMBRO-AMARELO-e1631213750358.jpeg\",\"contentUrl\":\"https:\\\/\\\/blogdofarnesio.com.br\\\/wp-content\\\/uploads\\\/2021\\\/09\\\/SETEMBRO-AMARELO-e1631213750358.jpeg\",\"width\":580,\"height\":457},{\"@type\":\"BreadcrumbList\",\"@id\":\"https:\\\/\\\/blogdofarnesio.com.br\\\/?p=349762#breadcrumb\",\"itemListElement\":[{\"@type\":\"ListItem\",\"position\":1,\"name\":\"In\u00edcio\",\"item\":\"https:\\\/\\\/blogdofarnesio.com.br\\\/\"},{\"@type\":\"ListItem\",\"position\":2,\"name\":\"Sento-S\u00e9 inicia programa\u00e7\u00e3o da campanha Setembro Amarelo\"}]},{\"@type\":\"WebSite\",\"@id\":\"https:\\\/\\\/blogdofarnesio.com.br\\\/#website\",\"url\":\"https:\\\/\\\/blogdofarnesio.com.br\\\/\",\"name\":\"Blog do Farn\u00e9sio\",\"description\":\"Quer Saber Pol\u00edtica?\",\"publisher\":{\"@id\":\"https:\\\/\\\/blogdofarnesio.com.br\\\/#organization\"},\"potentialAction\":[{\"@type\":\"SearchAction\",\"target\":{\"@type\":\"EntryPoint\",\"urlTemplate\":\"https:\\\/\\\/blogdofarnesio.com.br\\\/?s={search_term_string}\"},\"query-input\":{\"@type\":\"PropertyValueSpecification\",\"valueRequired\":true,\"valueName\":\"search_term_string\"}}],\"inLanguage\":\"pt-BR\"},{\"@type\":\"Organization\",\"@id\":\"https:\\\/\\\/blogdofarnesio.com.br\\\/#organization\",\"name\":\"Blog do Farn\u00e9sio\",\"url\":\"https:\\\/\\\/blogdofarnesio.com.br\\\/\",\"logo\":{\"@type\":\"ImageObject\",\"inLanguage\":\"pt-BR\",\"@id\":\"https:\\\/\\\/blogdofarnesio.com.br\\\/#\\\/schema\\\/logo\\\/image\\\/\",\"url\":\"https:\\\/\\\/blogdofarnesio.com.br\\\/wp-content\\\/uploads\\\/2026\\\/03\\\/cropped-logo_new-1.png\",\"contentUrl\":\"https:\\\/\\\/blogdofarnesio.com.br\\\/wp-content\\\/uploads\\\/2026\\\/03\\\/cropped-logo_new-1.png\",\"width\":881,\"height\":685,\"caption\":\"Blog do Farn\u00e9sio\"},\"image\":{\"@id\":\"https:\\\/\\\/blogdofarnesio.com.br\\\/#\\\/schema\\\/logo\\\/image\\\/\"},\"sameAs\":[\"https:\\\/\\\/www.facebook.com\\\/BlogQuerSaberPolitica\\\/\"]},{\"@type\":\"Person\",\"@id\":\"https:\\\/\\\/blogdofarnesio.com.br\\\/#\\\/schema\\\/person\\\/bb9b23ae3ad0609ce8df7b6c9e76824d\",\"name\":\"Farn\u00e9sio\",\"image\":{\"@type\":\"ImageObject\",\"inLanguage\":\"pt-BR\",\"@id\":\"https:\\\/\\\/secure.gravatar.com\\\/avatar\\\/986aa4c61ccdb66f8555bf88fc2a65609d00bcabd4d2d94377a727547345cbca?s=96&d=mm&r=g\",\"url\":\"https:\\\/\\\/secure.gravatar.com\\\/avatar\\\/986aa4c61ccdb66f8555bf88fc2a65609d00bcabd4d2d94377a727547345cbca?s=96&d=mm&r=g\",\"contentUrl\":\"https:\\\/\\\/secure.gravatar.com\\\/avatar\\\/986aa4c61ccdb66f8555bf88fc2a65609d00bcabd4d2d94377a727547345cbca?s=96&d=mm&r=g\",\"caption\":\"Farn\u00e9sio\"},\"description\":\"Radialista blogueiro, chegou a Petrolina\\\/Juazeiro em setembro de 1980, Farn\u00e9sio Silva \u00e9 de Arapiraca-Alagoas.\",\"sameAs\":[\"http:\\\/\\\/blogdofarnesio.com.br\",\"https:\\\/\\\/www.facebook.com\\\/?ref=tn_tnmn\",\"https:\\\/\\\/www.instagram.com\\\/?utm_source=pwa_homescreen\",\"https:\\\/\\\/youtube.com.br\\\/\"],\"url\":\"https:\\\/\\\/blogdofarnesio.com.br\\\/?author=2\"}]}<\/script>\n<!-- \/ Yoast SEO plugin. -->","yoast_head_json":{"title":"Sento-S\u00e9 inicia programa\u00e7\u00e3o da campanha Setembro Amarelo - Blog do Farn\u00e9sio","robots":{"index":"index","follow":"follow","max-snippet":"max-snippet:-1","max-image-preview":"max-image-preview:large","max-video-preview":"max-video-preview:-1"},"canonical":"https:\/\/blogdofarnesio.com.br\/?p=349762","og_locale":"pt_BR","og_type":"article","og_title":"Sento-S\u00e9 inicia programa\u00e7\u00e3o da campanha Setembro Amarelo - Blog do Farn\u00e9sio","og_description":"A Prefeitura de Sento-S\u00e9, por meio da Secretaria Municipal de Sa\u00fade, iniciou quarta-feira (06), a programa\u00e7\u00e3o da campanha Setembro Amarelo, que neste ano ser\u00e1 marcada por uma s\u00e9rie de a\u00e7\u00f5es e atividades voltadas a toda popula\u00e7\u00e3o. O objetivo \u00e9 intensificar o di\u00e1logo sobre suic\u00eddio e trabalhar a preven\u00e7\u00e3o a partir do debate e da difus\u00e3o da informa\u00e7\u00e3o. No primeiro dia de atividades, os pacientes e familiares atendidos pelo Centro de Aten\u00e7\u00e3o Psicossocial (Caps) participaram de uma sala de espera cheia de informa\u00e7\u00f5es promovida pela equipe do Caps e tamb\u00e9m integrantes do N\u00facleo de Apoio \u00e0 Sa\u00fade da Fam\u00edlia (NASF). A a\u00e7\u00e3o aconteceu na sede do Caps e contou com a participa\u00e7\u00e3o da psiquiatra Adenilsa Dias de Souza, da enfermeira e&hellip;","og_url":"https:\/\/blogdofarnesio.com.br\/?p=349762","og_site_name":"Blog do Farn\u00e9sio","article_publisher":"https:\/\/www.facebook.com\/BlogQuerSaberPolitica\/","article_author":"https:\/\/www.facebook.com\/?ref=tn_tnmn","article_published_time":"2023-09-08T18:00:31+00:00","og_image":[{"width":580,"height":457,"url":"https:\/\/blogdofarnesio.com.br\/wp-content\/uploads\/2021\/09\/SETEMBRO-AMARELO-e1631213750358.jpeg","type":"image\/jpeg"}],"author":"Farn\u00e9sio","twitter_card":"summary_large_image","twitter_misc":{"Escrito por":"Farn\u00e9sio","Est. tempo de leitura":"3 minutos"},"schema":{"@context":"https:\/\/schema.org","@graph":[{"@type":"Article","@id":"https:\/\/blogdofarnesio.com.br\/?p=349762#article","isPartOf":{"@id":"https:\/\/blogdofarnesio.com.br\/?p=349762"},"author":{"name":"Farn\u00e9sio","@id":"https:\/\/blogdofarnesio.com.br\/#\/schema\/person\/bb9b23ae3ad0609ce8df7b6c9e76824d"},"headline":"Sento-S\u00e9 inicia programa\u00e7\u00e3o da campanha Setembro Amarelo","datePublished":"2023-09-08T18:00:31+00:00","mainEntityOfPage":{"@id":"https:\/\/blogdofarnesio.com.br\/?p=349762"},"wordCount":420,"commentCount":0,"publisher":{"@id":"https:\/\/blogdofarnesio.com.br\/#organization"},"image":{"@id":"https:\/\/blogdofarnesio.com.br\/?p=349762#primaryimage"},"thumbnailUrl":"https:\/\/blogdofarnesio.com.br\/wp-content\/uploads\/2021\/09\/SETEMBRO-AMARELO-e1631213750358.jpeg","articleSection":["A\u00e7\u00e3o Social"],"inLanguage":"pt-BR","potentialAction":[{"@type":"CommentAction","name":"Comment","target":["https:\/\/blogdofarnesio.com.br\/?p=349762#respond"]}]},{"@type":"WebPage","@id":"https:\/\/blogdofarnesio.com.br\/?p=349762","url":"https:\/\/blogdofarnesio.com.br\/?p=349762","name":"Sento-S\u00e9 inicia programa\u00e7\u00e3o da campanha Setembro Amarelo - Blog do Farn\u00e9sio","isPartOf":{"@id":"https:\/\/blogdofarnesio.com.br\/#website"},"primaryImageOfPage":{"@id":"https:\/\/blogdofarnesio.com.br\/?p=349762#primaryimage"},"image":{"@id":"https:\/\/blogdofarnesio.com.br\/?p=349762#primaryimage"},"thumbnailUrl":"https:\/\/blogdofarnesio.com.br\/wp-content\/uploads\/2021\/09\/SETEMBRO-AMARELO-e1631213750358.jpeg","datePublished":"2023-09-08T18:00:31+00:00","breadcrumb":{"@id":"https:\/\/blogdofarnesio.com.br\/?p=349762#breadcrumb"},"inLanguage":"pt-BR","potentialAction":[{"@type":"ReadAction","target":["https:\/\/blogdofarnesio.com.br\/?p=349762"]}]},{"@type":"ImageObject","inLanguage":"pt-BR","@id":"https:\/\/blogdofarnesio.com.br\/?p=349762#primaryimage","url":"https:\/\/blogdofarnesio.com.br\/wp-content\/uploads\/2021\/09\/SETEMBRO-AMARELO-e1631213750358.jpeg","contentUrl":"https:\/\/blogdofarnesio.com.br\/wp-content\/uploads\/2021\/09\/SETEMBRO-AMARELO-e1631213750358.jpeg","width":580,"height":457},{"@type":"BreadcrumbList","@id":"https:\/\/blogdofarnesio.com.br\/?p=349762#breadcrumb","itemListElement":[{"@type":"ListItem","position":1,"name":"In\u00edcio","item":"https:\/\/blogdofarnesio.com.br\/"},{"@type":"ListItem","position":2,"name":"Sento-S\u00e9 inicia programa\u00e7\u00e3o da campanha Setembro Amarelo"}]},{"@type":"WebSite","@id":"https:\/\/blogdofarnesio.com.br\/#website","url":"https:\/\/blogdofarnesio.com.br\/","name":"Blog do Farn\u00e9sio","description":"Quer Saber Pol\u00edtica?","publisher":{"@id":"https:\/\/blogdofarnesio.com.br\/#organization"},"potentialAction":[{"@type":"SearchAction","target":{"@type":"EntryPoint","urlTemplate":"https:\/\/blogdofarnesio.com.br\/?s={search_term_string}"},"query-input":{"@type":"PropertyValueSpecification","valueRequired":true,"valueName":"search_term_string"}}],"inLanguage":"pt-BR"},{"@type":"Organization","@id":"https:\/\/blogdofarnesio.com.br\/#organization","name":"Blog do Farn\u00e9sio","url":"https:\/\/blogdofarnesio.com.br\/","logo":{"@type":"ImageObject","inLanguage":"pt-BR","@id":"https:\/\/blogdofarnesio.com.br\/#\/schema\/logo\/image\/","url":"https:\/\/blogdofarnesio.com.br\/wp-content\/uploads\/2026\/03\/cropped-logo_new-1.png","contentUrl":"https:\/\/blogdofarnesio.com.br\/wp-content\/uploads\/2026\/03\/cropped-logo_new-1.png","width":881,"height":685,"caption":"Blog do Farn\u00e9sio"},"image":{"@id":"https:\/\/blogdofarnesio.com.br\/#\/schema\/logo\/image\/"},"sameAs":["https:\/\/www.facebook.com\/BlogQuerSaberPolitica\/"]},{"@type":"Person","@id":"https:\/\/blogdofarnesio.com.br\/#\/schema\/person\/bb9b23ae3ad0609ce8df7b6c9e76824d","name":"Farn\u00e9sio","image":{"@type":"ImageObject","inLanguage":"pt-BR","@id":"https:\/\/secure.gravatar.com\/avatar\/986aa4c61ccdb66f8555bf88fc2a65609d00bcabd4d2d94377a727547345cbca?s=96&d=mm&r=g","url":"https:\/\/secure.gravatar.com\/avatar\/986aa4c61ccdb66f8555bf88fc2a65609d00bcabd4d2d94377a727547345cbca?s=96&d=mm&r=g","contentUrl":"https:\/\/secure.gravatar.com\/avatar\/986aa4c61ccdb66f8555bf88fc2a65609d00bcabd4d2d94377a727547345cbca?s=96&d=mm&r=g","caption":"Farn\u00e9sio"},"description":"Radialista blogueiro, chegou a Petrolina\/Juazeiro em setembro de 1980, Farn\u00e9sio Silva \u00e9 de Arapiraca-Alagoas.","sameAs":["http:\/\/blogdofarnesio.com.br","https:\/\/www.facebook.com\/?ref=tn_tnmn","https:\/\/www.instagram.com\/?utm_source=pwa_homescreen","https:\/\/youtube.com.br\/"],"url":"https:\/\/blogdofarnesio.com.br\/?author=2"}]}},"_links":{"self":[{"href":"https:\/\/blogdofarnesio.com.br\/index.php?rest_route=\/wp\/v2\/posts\/349762","targetHints":{"allow":["GET"]}}],"collection":[{"href":"https:\/\/blogdofarnesio.com.br\/index.php?rest_route=\/wp\/v2\/posts"}],"about":[{"href":"https:\/\/blogdofarnesio.com.br\/index.php?rest_route=\/wp\/v2\/types\/post"}],"author":[{"embeddable":true,"href":"https:\/\/blogdofarnesio.com.br\/index.php?rest_route=\/wp\/v2\/users\/2"}],"replies":[{"embeddable":true,"href":"https:\/\/blogdofarnesio.com.br\/index.php?rest_route=%2Fwp%2Fv2%2Fcomments&post=349762"}],"version-history":[{"count":0,"href":"https:\/\/blogdofarnesio.com.br\/index.php?rest_route=\/wp\/v2\/posts\/349762\/revisions"}],"wp:featuredmedia":[{"embeddable":true,"href":"https:\/\/blogdofarnesio.com.br\/index.php?rest_route=\/wp\/v2\/media\/294956"}],"wp:attachment":[{"href":"https:\/\/blogdofarnesio.com.br\/index.php?rest_route=%2Fwp%2Fv2%2Fmedia&parent=349762"}],"wp:term":[{"taxonomy":"category","embeddable":true,"href":"https:\/\/blogdofarnesio.com.br\/index.php?rest_route=%2Fwp%2Fv2%2Fcategories&post=349762"},{"taxonomy":"post_tag","embeddable":true,"href":"https:\/\/blogdofarnesio.com.br\/index.php?rest_route=%2Fwp%2Fv2%2Ftags&post=349762"}],"curies":[{"name":"wp","href":"https:\/\/api.w.org\/{rel}","templated":true}]}}