{"id":349745,"date":"2023-09-10T10:03:35","date_gmt":"2023-09-10T13:03:35","guid":{"rendered":"https:\/\/blogdofarnesio.com.br\/?p=349745"},"modified":"2023-09-10T17:21:23","modified_gmt":"2023-09-10T20:21:23","slug":"npj-da-uniftc-amplia-acesso-a-justica-com-atendimentos-gratuitos-em-petrolina","status":"publish","type":"post","link":"https:\/\/blogdofarnesio.com.br\/?p=349745","title":{"rendered":"NPJ da UniFTC amplia acesso \u00e0 justi\u00e7a com atendimentos gratuitos em Petrolina"},"content":{"rendered":"<div><\/div>\n<div>Vagas abertas na \u00e1rea de Registro Civil, Direito de fam\u00edlia e Direito do Consumidor<\/div>\n<div>\n<table role=\"presentation\" border=\"0\" cellspacing=\"0\" cellpadding=\"0\" align=\"center\">\n<tbody>\n<tr>\n<td>\n<div class=\"m_5984367662938650519mj-column-per-100\">\n<table role=\"presentation\" border=\"0\" width=\"100%\" cellspacing=\"0\" cellpadding=\"0\">\n<tbody>\n<tr>\n<td>\n<table role=\"presentation\" border=\"0\" width=\"100%\" cellspacing=\"0\" cellpadding=\"0\">\n<tbody>\n<tr>\n<td align=\"left\">Para facilitar o acesso da comunidade ao sistema jur\u00eddico, o N\u00facleo de Pr\u00e1ticas Jur\u00eddicas (NPJ) da\u00a0<a href=\"https:\/\/click.cse360.com.br\/Click\/AddCampaignEmailClick\/1fbc2548-ae58-46a5-1942-08dba027ac4e\/https%253a%252f%252fwww.uniftc.edu.br%252funidades%252ffaculdade-em-petrolina\/ecc81b22-56d0-406f-0450-08d7c5ff26d2\/blogqsp@gmail.com\/True\" target=\"_blank\" rel=\"noopener noreferrer\" data-saferedirecturl=\"https:\/\/www.google.com\/url?q=https:\/\/click.cse360.com.br\/Click\/AddCampaignEmailClick\/1fbc2548-ae58-46a5-1942-08dba027ac4e\/https%25253a%25252f%25252fwww.uniftc.edu.br%25252funidades%25252ffaculdade-em-petrolina\/ecc81b22-56d0-406f-0450-08d7c5ff26d2\/blogqsp@gmail.com\/True&amp;source=gmail&amp;ust=1694110256279000&amp;usg=AOvVaw2Iptli8h8FBr2ze9-CRczW\">faculdade UniFTC Petrolina<\/a>\u00a0celebrou novo conv\u00eanio e ampliou os atendimentos gratuitos ofertados. Agora, o N\u00facleo funciona tamb\u00e9m em parceria com o Cart\u00f3rio de Registro Civil do Estado de Pernambuco.<\/p>\n<p>Com isso, demandas judiciais vinculadas \u00e0 atos de registro de nascimento, de casamento, de \u00f3bito, entre outros, tamb\u00e9m estar\u00e3o sendo disponibilizados. Continuam os servi\u00e7os jur\u00eddicos voltados para quest\u00f5es da \u00e1rea Civil, que envolvem fam\u00edlia, como casos de div\u00f3rcio, pens\u00e3o aliment\u00edcia, guarda dos filhos, por exemplo, e Direito do Consumidor.<\/p>\n<p><img decoding=\"async\" class=\"CToWUd a6T aligncenter\" style=\"font-family: inherit; font-size: inherit;\" tabindex=\"0\" title=\"\" src=\"https:\/\/ci4.googleusercontent.com\/proxy\/prd-s0ZUTDfa-4p0JQqN92_DoNS_1pJ4rhPCt0z7-6Yywsevf0YCw5odAjmaYWCJGyaDI--1D2q1A2jTtFRVHhTx_l8RPou78DzjbONSL6ILhJq1zv7oI9CqiOF1LboPJI1u0FInIgbS5PkKqKzItIZMZwoM5cgOeNyhsHV2rUDf0tjuLKN-3f746S4WbErFs6PhTTej=s0-d-e1-ft#https:\/\/cseprs3.s3.amazonaws.com\/email-editor-files\/90775542-6f4c-4526-e09b-08d8f466934d\/02db0ec0-6ca6-4735-9d22-a9543f99a9e8.jpeg\" alt=\"\" width=\"584\" height=\"auto\" data-bit=\"iit\" \/>Outra novidade, \u00e9 que o p\u00fablico teve ainda estendido os dias de assist\u00eancia durante a semana, que passou de tr\u00eas para cinco dias. O agendamento pode ser feito presencialmente ou pelo whatsapp (87) 98111-3994, de segunda a sexta, das 8h \u00e0s 12h. Para ter acesso ao NPJ, \u00e9 necess\u00e1rio ter renda de at\u00e9 um sal\u00e1rio m\u00ednimo e meio.<\/p>\n<p>As atividades s\u00e3o realizadas pelos estudantes do curso de\u00a0\u00a0<a href=\"https:\/\/click.cse360.com.br\/Click\/AddCampaignEmailClick\/1fbc2548-ae58-46a5-1942-08dba027ac4e\/https%253a%252f%252fwww.uniftc.edu.br%252fgraduacao%252fdireito\/ecc81b22-56d0-406f-0450-08d7c5ff26d2\/blogqsp@gmail.com\/True\" target=\"_blank\" rel=\"noopener noreferrer\" data-saferedirecturl=\"https:\/\/www.google.com\/url?q=https:\/\/click.cse360.com.br\/Click\/AddCampaignEmailClick\/1fbc2548-ae58-46a5-1942-08dba027ac4e\/https%25253a%25252f%25252fwww.uniftc.edu.br%25252fgraduacao%25252fdireito\/ecc81b22-56d0-406f-0450-08d7c5ff26d2\/blogqsp@gmail.com\/True&amp;source=gmail&amp;ust=1694110256279000&amp;usg=AOvVaw2PNKSaVBy5295lMgJnhNMf\">Direito<\/a>\u00a0e contam com a supervis\u00e3o de professores e por uma advogada (Dra. Joice Karla), componente do corpo t\u00e9cnico da institui\u00e7\u00e3o. Al\u00e9m do compromisso social, o NPJ da UniFTC ainda oferece uma viv\u00eancia pr\u00e1tica aos estudantes, do 7\u00ba ao 10\u00ba semestre.<\/p>\n<p>O N\u00facleo funciona tamb\u00e9m em parceria com a Defensoria P\u00fablica e o Tribunal de Justi\u00e7a, ambos do Estado de Pernambuco. \u201c\u00c9 uma oportunidade de\u00a0contribuir com a sociedade, ajudando na resolu\u00e7\u00e3o de demandas das classes menos favorecidas, bem como incentivar a atua\u00e7\u00e3o dos futuros profissionais fora dos muros da faculdade\u201d, destaca a coordenadora do NPJ da\u00a0\u00a0<a href=\"https:\/\/click.cse360.com.br\/Click\/AddCampaignEmailClick\/1fbc2548-ae58-46a5-1942-08dba027ac4e\/https%253a%252f%252fwww.uniftc.edu.br%252funidades%252ffaculdade-em-petrolina\/ecc81b22-56d0-406f-0450-08d7c5ff26d2\/blogqsp@gmail.com\/True\" target=\"_blank\" rel=\"noopener noreferrer\" data-saferedirecturl=\"https:\/\/www.google.com\/url?q=https:\/\/click.cse360.com.br\/Click\/AddCampaignEmailClick\/1fbc2548-ae58-46a5-1942-08dba027ac4e\/https%25253a%25252f%25252fwww.uniftc.edu.br%25252funidades%25252ffaculdade-em-petrolina\/ecc81b22-56d0-406f-0450-08d7c5ff26d2\/blogqsp@gmail.com\/True&amp;source=gmail&amp;ust=1694110256279000&amp;usg=AOvVaw2Iptli8h8FBr2ze9-CRczW\">UniFTC Petrolina<\/a>, Vict\u00f3ria Gon\u00e7alves.<\/p>\n<p><strong>\/\/Servi\u00e7o\/\/<\/strong><\/p>\n<p><strong>NPJ da UniFTC amplia acesso \u00e0 justi\u00e7a com atendimentos gratuitos em Petrolina<\/strong><\/p>\n<p><strong>Endere\u00e7o:\u00a0<\/strong>Rua dos Industri\u00e1rios, 36B, atr\u00e1s da Banca, Petrolina<\/p>\n<p><strong>Dia e hor\u00e1rio de atendimento:\u00a0<\/strong>segunda a sexta-feira, das 8h \u00e0s 12h.<\/p>\n<p><strong>Servi\u00e7os jur\u00eddicos:\u00a0<\/strong>Direito de fam\u00edlia, Registro Civil e Direito do Consumidor.<\/p>\n<p><strong>Agendamento:\u00a0<\/strong>presencial ou pelo whatsapp (87) 98111-3994<\/td>\n<\/tr>\n<\/tbody>\n<\/table>\n<\/td>\n<\/tr>\n<\/tbody>\n<\/table>\n<\/div>\n<\/td>\n<\/tr>\n<\/tbody>\n<\/table>\n<\/div>\n","protected":false},"excerpt":{"rendered":"<p>Vagas abertas na \u00e1rea de Registro Civil, Direito de fam\u00edlia e Direito do Consumidor Para facilitar o acesso da comunidade ao sistema jur\u00eddico, o N\u00facleo de Pr\u00e1ticas Jur\u00eddicas (NPJ) da\u00a0faculdade UniFTC Petrolina\u00a0celebrou novo conv\u00eanio e ampliou os atendimentos gratuitos ofertados. Agora, o N\u00facleo funciona tamb\u00e9m em parceria com o Cart\u00f3rio de Registro Civil do Estado de Pernambuco. Com isso, demandas judiciais vinculadas \u00e0 atos de registro de nascimento, de casamento, de \u00f3bito, entre outros, tamb\u00e9m estar\u00e3o sendo disponibilizados. Continuam os servi\u00e7os jur\u00eddicos voltados para quest\u00f5es da \u00e1rea Civil, que envolvem fam\u00edlia, como casos de div\u00f3rcio, pens\u00e3o aliment\u00edcia, guarda dos filhos, por exemplo, e Direito do Consumidor. Outra novidade, \u00e9 que o p\u00fablico teve ainda estendido os dias de assist\u00eancia durante&hellip; <\/p>\n","protected":false},"author":2,"featured_media":317603,"comment_status":"open","ping_status":"open","sticky":false,"template":"","format":"standard","meta":{"_acf_changed":false,"footnotes":""},"categories":[22],"tags":[],"class_list":["post-349745","post","type-post","status-publish","format-standard","has-post-thumbnail","hentry","category-acao-social"],"acf":[],"yoast_head":"<!-- This site is optimized with the Yoast SEO plugin v27.4 - https:\/\/yoast.com\/product\/yoast-seo-wordpress\/ -->\n<title>NPJ da UniFTC amplia acesso \u00e0 justi\u00e7a com atendimentos gratuitos em Petrolina - Blog do Farn\u00e9sio<\/title>\n<meta name=\"robots\" content=\"index, follow, max-snippet:-1, max-image-preview:large, max-video-preview:-1\" \/>\n<link rel=\"canonical\" href=\"https:\/\/blogdofarnesio.com.br\/?p=349745\" \/>\n<meta property=\"og:locale\" content=\"pt_BR\" \/>\n<meta property=\"og:type\" content=\"article\" \/>\n<meta property=\"og:title\" content=\"NPJ da UniFTC amplia acesso \u00e0 justi\u00e7a com atendimentos gratuitos em Petrolina - Blog do Farn\u00e9sio\" \/>\n<meta property=\"og:description\" content=\"Vagas abertas na \u00e1rea de Registro Civil, Direito de fam\u00edlia e Direito do Consumidor Para facilitar o acesso da comunidade ao sistema jur\u00eddico, o N\u00facleo de Pr\u00e1ticas Jur\u00eddicas (NPJ) da\u00a0faculdade UniFTC Petrolina\u00a0celebrou novo conv\u00eanio e ampliou os atendimentos gratuitos ofertados. Agora, o N\u00facleo funciona tamb\u00e9m em parceria com o Cart\u00f3rio de Registro Civil do Estado de Pernambuco. Com isso, demandas judiciais vinculadas \u00e0 atos de registro de nascimento, de casamento, de \u00f3bito, entre outros, tamb\u00e9m estar\u00e3o sendo disponibilizados. Continuam os servi\u00e7os jur\u00eddicos voltados para quest\u00f5es da \u00e1rea Civil, que envolvem fam\u00edlia, como casos de div\u00f3rcio, pens\u00e3o aliment\u00edcia, guarda dos filhos, por exemplo, e Direito do Consumidor. Outra novidade, \u00e9 que o p\u00fablico teve ainda estendido os dias de assist\u00eancia durante&hellip;\" \/>\n<meta property=\"og:url\" content=\"https:\/\/blogdofarnesio.com.br\/?p=349745\" \/>\n<meta property=\"og:site_name\" content=\"Blog do Farn\u00e9sio\" \/>\n<meta property=\"article:publisher\" content=\"https:\/\/www.facebook.com\/BlogQuerSaberPolitica\/\" \/>\n<meta property=\"article:author\" content=\"https:\/\/www.facebook.com\/?ref=tn_tnmn\" \/>\n<meta property=\"article:published_time\" content=\"2023-09-10T13:03:35+00:00\" \/>\n<meta property=\"article:modified_time\" content=\"2023-09-10T20:21:23+00:00\" \/>\n<meta property=\"og:image\" content=\"https:\/\/blogdofarnesio.com.br\/wp-content\/uploads\/2022\/07\/blogqspuniftc.-e1657573139235.jpg\" \/>\n\t<meta property=\"og:image:width\" content=\"624\" \/>\n\t<meta property=\"og:image:height\" content=\"351\" \/>\n\t<meta property=\"og:image:type\" content=\"image\/jpeg\" \/>\n<meta name=\"author\" content=\"Farn\u00e9sio\" \/>\n<meta name=\"twitter:card\" content=\"summary_large_image\" \/>\n<meta name=\"twitter:label1\" content=\"Escrito por\" \/>\n\t<meta name=\"twitter:data1\" content=\"Farn\u00e9sio\" \/>\n\t<meta name=\"twitter:label2\" content=\"Est. tempo de leitura\" \/>\n\t<meta name=\"twitter:data2\" content=\"3 minutos\" \/>\n<script type=\"application\/ld+json\" class=\"yoast-schema-graph\">{\"@context\":\"https:\\\/\\\/schema.org\",\"@graph\":[{\"@type\":\"Article\",\"@id\":\"https:\\\/\\\/blogdofarnesio.com.br\\\/?p=349745#article\",\"isPartOf\":{\"@id\":\"https:\\\/\\\/blogdofarnesio.com.br\\\/?p=349745\"},\"author\":{\"name\":\"Farn\u00e9sio\",\"@id\":\"https:\\\/\\\/blogdofarnesio.com.br\\\/#\\\/schema\\\/person\\\/bb9b23ae3ad0609ce8df7b6c9e76824d\"},\"headline\":\"NPJ da UniFTC amplia acesso \u00e0 justi\u00e7a com atendimentos gratuitos em Petrolina\",\"datePublished\":\"2023-09-10T13:03:35+00:00\",\"dateModified\":\"2023-09-10T20:21:23+00:00\",\"mainEntityOfPage\":{\"@id\":\"https:\\\/\\\/blogdofarnesio.com.br\\\/?p=349745\"},\"wordCount\":379,\"commentCount\":0,\"publisher\":{\"@id\":\"https:\\\/\\\/blogdofarnesio.com.br\\\/#organization\"},\"image\":{\"@id\":\"https:\\\/\\\/blogdofarnesio.com.br\\\/?p=349745#primaryimage\"},\"thumbnailUrl\":\"https:\\\/\\\/blogdofarnesio.com.br\\\/wp-content\\\/uploads\\\/2022\\\/07\\\/blogqspuniftc.-e1657573139235.jpg\",\"articleSection\":[\"A\u00e7\u00e3o Social\"],\"inLanguage\":\"pt-BR\",\"potentialAction\":[{\"@type\":\"CommentAction\",\"name\":\"Comment\",\"target\":[\"https:\\\/\\\/blogdofarnesio.com.br\\\/?p=349745#respond\"]}]},{\"@type\":\"WebPage\",\"@id\":\"https:\\\/\\\/blogdofarnesio.com.br\\\/?p=349745\",\"url\":\"https:\\\/\\\/blogdofarnesio.com.br\\\/?p=349745\",\"name\":\"NPJ da UniFTC amplia acesso \u00e0 justi\u00e7a com atendimentos gratuitos em Petrolina - Blog do Farn\u00e9sio\",\"isPartOf\":{\"@id\":\"https:\\\/\\\/blogdofarnesio.com.br\\\/#website\"},\"primaryImageOfPage\":{\"@id\":\"https:\\\/\\\/blogdofarnesio.com.br\\\/?p=349745#primaryimage\"},\"image\":{\"@id\":\"https:\\\/\\\/blogdofarnesio.com.br\\\/?p=349745#primaryimage\"},\"thumbnailUrl\":\"https:\\\/\\\/blogdofarnesio.com.br\\\/wp-content\\\/uploads\\\/2022\\\/07\\\/blogqspuniftc.-e1657573139235.jpg\",\"datePublished\":\"2023-09-10T13:03:35+00:00\",\"dateModified\":\"2023-09-10T20:21:23+00:00\",\"breadcrumb\":{\"@id\":\"https:\\\/\\\/blogdofarnesio.com.br\\\/?p=349745#breadcrumb\"},\"inLanguage\":\"pt-BR\",\"potentialAction\":[{\"@type\":\"ReadAction\",\"target\":[\"https:\\\/\\\/blogdofarnesio.com.br\\\/?p=349745\"]}]},{\"@type\":\"ImageObject\",\"inLanguage\":\"pt-BR\",\"@id\":\"https:\\\/\\\/blogdofarnesio.com.br\\\/?p=349745#primaryimage\",\"url\":\"https:\\\/\\\/blogdofarnesio.com.br\\\/wp-content\\\/uploads\\\/2022\\\/07\\\/blogqspuniftc.-e1657573139235.jpg\",\"contentUrl\":\"https:\\\/\\\/blogdofarnesio.com.br\\\/wp-content\\\/uploads\\\/2022\\\/07\\\/blogqspuniftc.-e1657573139235.jpg\",\"width\":624,\"height\":351},{\"@type\":\"BreadcrumbList\",\"@id\":\"https:\\\/\\\/blogdofarnesio.com.br\\\/?p=349745#breadcrumb\",\"itemListElement\":[{\"@type\":\"ListItem\",\"position\":1,\"name\":\"In\u00edcio\",\"item\":\"https:\\\/\\\/blogdofarnesio.com.br\\\/\"},{\"@type\":\"ListItem\",\"position\":2,\"name\":\"NPJ da UniFTC amplia acesso \u00e0 justi\u00e7a com atendimentos gratuitos em Petrolina\"}]},{\"@type\":\"WebSite\",\"@id\":\"https:\\\/\\\/blogdofarnesio.com.br\\\/#website\",\"url\":\"https:\\\/\\\/blogdofarnesio.com.br\\\/\",\"name\":\"Blog do Farn\u00e9sio\",\"description\":\"Quer Saber Pol\u00edtica?\",\"publisher\":{\"@id\":\"https:\\\/\\\/blogdofarnesio.com.br\\\/#organization\"},\"potentialAction\":[{\"@type\":\"SearchAction\",\"target\":{\"@type\":\"EntryPoint\",\"urlTemplate\":\"https:\\\/\\\/blogdofarnesio.com.br\\\/?s={search_term_string}\"},\"query-input\":{\"@type\":\"PropertyValueSpecification\",\"valueRequired\":true,\"valueName\":\"search_term_string\"}}],\"inLanguage\":\"pt-BR\"},{\"@type\":\"Organization\",\"@id\":\"https:\\\/\\\/blogdofarnesio.com.br\\\/#organization\",\"name\":\"Blog do Farn\u00e9sio\",\"url\":\"https:\\\/\\\/blogdofarnesio.com.br\\\/\",\"logo\":{\"@type\":\"ImageObject\",\"inLanguage\":\"pt-BR\",\"@id\":\"https:\\\/\\\/blogdofarnesio.com.br\\\/#\\\/schema\\\/logo\\\/image\\\/\",\"url\":\"https:\\\/\\\/blogdofarnesio.com.br\\\/wp-content\\\/uploads\\\/2026\\\/03\\\/cropped-logo_new-1.png\",\"contentUrl\":\"https:\\\/\\\/blogdofarnesio.com.br\\\/wp-content\\\/uploads\\\/2026\\\/03\\\/cropped-logo_new-1.png\",\"width\":881,\"height\":685,\"caption\":\"Blog do Farn\u00e9sio\"},\"image\":{\"@id\":\"https:\\\/\\\/blogdofarnesio.com.br\\\/#\\\/schema\\\/logo\\\/image\\\/\"},\"sameAs\":[\"https:\\\/\\\/www.facebook.com\\\/BlogQuerSaberPolitica\\\/\"]},{\"@type\":\"Person\",\"@id\":\"https:\\\/\\\/blogdofarnesio.com.br\\\/#\\\/schema\\\/person\\\/bb9b23ae3ad0609ce8df7b6c9e76824d\",\"name\":\"Farn\u00e9sio\",\"image\":{\"@type\":\"ImageObject\",\"inLanguage\":\"pt-BR\",\"@id\":\"https:\\\/\\\/secure.gravatar.com\\\/avatar\\\/986aa4c61ccdb66f8555bf88fc2a65609d00bcabd4d2d94377a727547345cbca?s=96&d=mm&r=g\",\"url\":\"https:\\\/\\\/secure.gravatar.com\\\/avatar\\\/986aa4c61ccdb66f8555bf88fc2a65609d00bcabd4d2d94377a727547345cbca?s=96&d=mm&r=g\",\"contentUrl\":\"https:\\\/\\\/secure.gravatar.com\\\/avatar\\\/986aa4c61ccdb66f8555bf88fc2a65609d00bcabd4d2d94377a727547345cbca?s=96&d=mm&r=g\",\"caption\":\"Farn\u00e9sio\"},\"description\":\"Radialista blogueiro, chegou a Petrolina\\\/Juazeiro em setembro de 1980, Farn\u00e9sio Silva \u00e9 de Arapiraca-Alagoas.\",\"sameAs\":[\"http:\\\/\\\/blogdofarnesio.com.br\",\"https:\\\/\\\/www.facebook.com\\\/?ref=tn_tnmn\",\"https:\\\/\\\/www.instagram.com\\\/?utm_source=pwa_homescreen\",\"https:\\\/\\\/youtube.com.br\\\/\"],\"url\":\"https:\\\/\\\/blogdofarnesio.com.br\\\/?author=2\"}]}<\/script>\n<!-- \/ Yoast SEO plugin. -->","yoast_head_json":{"title":"NPJ da UniFTC amplia acesso \u00e0 justi\u00e7a com atendimentos gratuitos em Petrolina - Blog do Farn\u00e9sio","robots":{"index":"index","follow":"follow","max-snippet":"max-snippet:-1","max-image-preview":"max-image-preview:large","max-video-preview":"max-video-preview:-1"},"canonical":"https:\/\/blogdofarnesio.com.br\/?p=349745","og_locale":"pt_BR","og_type":"article","og_title":"NPJ da UniFTC amplia acesso \u00e0 justi\u00e7a com atendimentos gratuitos em Petrolina - Blog do Farn\u00e9sio","og_description":"Vagas abertas na \u00e1rea de Registro Civil, Direito de fam\u00edlia e Direito do Consumidor Para facilitar o acesso da comunidade ao sistema jur\u00eddico, o N\u00facleo de Pr\u00e1ticas Jur\u00eddicas (NPJ) da\u00a0faculdade UniFTC Petrolina\u00a0celebrou novo conv\u00eanio e ampliou os atendimentos gratuitos ofertados. Agora, o N\u00facleo funciona tamb\u00e9m em parceria com o Cart\u00f3rio de Registro Civil do Estado de Pernambuco. Com isso, demandas judiciais vinculadas \u00e0 atos de registro de nascimento, de casamento, de \u00f3bito, entre outros, tamb\u00e9m estar\u00e3o sendo disponibilizados. Continuam os servi\u00e7os jur\u00eddicos voltados para quest\u00f5es da \u00e1rea Civil, que envolvem fam\u00edlia, como casos de div\u00f3rcio, pens\u00e3o aliment\u00edcia, guarda dos filhos, por exemplo, e Direito do Consumidor. Outra novidade, \u00e9 que o p\u00fablico teve ainda estendido os dias de assist\u00eancia durante&hellip;","og_url":"https:\/\/blogdofarnesio.com.br\/?p=349745","og_site_name":"Blog do Farn\u00e9sio","article_publisher":"https:\/\/www.facebook.com\/BlogQuerSaberPolitica\/","article_author":"https:\/\/www.facebook.com\/?ref=tn_tnmn","article_published_time":"2023-09-10T13:03:35+00:00","article_modified_time":"2023-09-10T20:21:23+00:00","og_image":[{"width":624,"height":351,"url":"https:\/\/blogdofarnesio.com.br\/wp-content\/uploads\/2022\/07\/blogqspuniftc.-e1657573139235.jpg","type":"image\/jpeg"}],"author":"Farn\u00e9sio","twitter_card":"summary_large_image","twitter_misc":{"Escrito por":"Farn\u00e9sio","Est. tempo de leitura":"3 minutos"},"schema":{"@context":"https:\/\/schema.org","@graph":[{"@type":"Article","@id":"https:\/\/blogdofarnesio.com.br\/?p=349745#article","isPartOf":{"@id":"https:\/\/blogdofarnesio.com.br\/?p=349745"},"author":{"name":"Farn\u00e9sio","@id":"https:\/\/blogdofarnesio.com.br\/#\/schema\/person\/bb9b23ae3ad0609ce8df7b6c9e76824d"},"headline":"NPJ da UniFTC amplia acesso \u00e0 justi\u00e7a com atendimentos gratuitos em Petrolina","datePublished":"2023-09-10T13:03:35+00:00","dateModified":"2023-09-10T20:21:23+00:00","mainEntityOfPage":{"@id":"https:\/\/blogdofarnesio.com.br\/?p=349745"},"wordCount":379,"commentCount":0,"publisher":{"@id":"https:\/\/blogdofarnesio.com.br\/#organization"},"image":{"@id":"https:\/\/blogdofarnesio.com.br\/?p=349745#primaryimage"},"thumbnailUrl":"https:\/\/blogdofarnesio.com.br\/wp-content\/uploads\/2022\/07\/blogqspuniftc.-e1657573139235.jpg","articleSection":["A\u00e7\u00e3o Social"],"inLanguage":"pt-BR","potentialAction":[{"@type":"CommentAction","name":"Comment","target":["https:\/\/blogdofarnesio.com.br\/?p=349745#respond"]}]},{"@type":"WebPage","@id":"https:\/\/blogdofarnesio.com.br\/?p=349745","url":"https:\/\/blogdofarnesio.com.br\/?p=349745","name":"NPJ da UniFTC amplia acesso \u00e0 justi\u00e7a com atendimentos gratuitos em Petrolina - Blog do Farn\u00e9sio","isPartOf":{"@id":"https:\/\/blogdofarnesio.com.br\/#website"},"primaryImageOfPage":{"@id":"https:\/\/blogdofarnesio.com.br\/?p=349745#primaryimage"},"image":{"@id":"https:\/\/blogdofarnesio.com.br\/?p=349745#primaryimage"},"thumbnailUrl":"https:\/\/blogdofarnesio.com.br\/wp-content\/uploads\/2022\/07\/blogqspuniftc.-e1657573139235.jpg","datePublished":"2023-09-10T13:03:35+00:00","dateModified":"2023-09-10T20:21:23+00:00","breadcrumb":{"@id":"https:\/\/blogdofarnesio.com.br\/?p=349745#breadcrumb"},"inLanguage":"pt-BR","potentialAction":[{"@type":"ReadAction","target":["https:\/\/blogdofarnesio.com.br\/?p=349745"]}]},{"@type":"ImageObject","inLanguage":"pt-BR","@id":"https:\/\/blogdofarnesio.com.br\/?p=349745#primaryimage","url":"https:\/\/blogdofarnesio.com.br\/wp-content\/uploads\/2022\/07\/blogqspuniftc.-e1657573139235.jpg","contentUrl":"https:\/\/blogdofarnesio.com.br\/wp-content\/uploads\/2022\/07\/blogqspuniftc.-e1657573139235.jpg","width":624,"height":351},{"@type":"BreadcrumbList","@id":"https:\/\/blogdofarnesio.com.br\/?p=349745#breadcrumb","itemListElement":[{"@type":"ListItem","position":1,"name":"In\u00edcio","item":"https:\/\/blogdofarnesio.com.br\/"},{"@type":"ListItem","position":2,"name":"NPJ da UniFTC amplia acesso \u00e0 justi\u00e7a com atendimentos gratuitos em Petrolina"}]},{"@type":"WebSite","@id":"https:\/\/blogdofarnesio.com.br\/#website","url":"https:\/\/blogdofarnesio.com.br\/","name":"Blog do Farn\u00e9sio","description":"Quer Saber Pol\u00edtica?","publisher":{"@id":"https:\/\/blogdofarnesio.com.br\/#organization"},"potentialAction":[{"@type":"SearchAction","target":{"@type":"EntryPoint","urlTemplate":"https:\/\/blogdofarnesio.com.br\/?s={search_term_string}"},"query-input":{"@type":"PropertyValueSpecification","valueRequired":true,"valueName":"search_term_string"}}],"inLanguage":"pt-BR"},{"@type":"Organization","@id":"https:\/\/blogdofarnesio.com.br\/#organization","name":"Blog do Farn\u00e9sio","url":"https:\/\/blogdofarnesio.com.br\/","logo":{"@type":"ImageObject","inLanguage":"pt-BR","@id":"https:\/\/blogdofarnesio.com.br\/#\/schema\/logo\/image\/","url":"https:\/\/blogdofarnesio.com.br\/wp-content\/uploads\/2026\/03\/cropped-logo_new-1.png","contentUrl":"https:\/\/blogdofarnesio.com.br\/wp-content\/uploads\/2026\/03\/cropped-logo_new-1.png","width":881,"height":685,"caption":"Blog do Farn\u00e9sio"},"image":{"@id":"https:\/\/blogdofarnesio.com.br\/#\/schema\/logo\/image\/"},"sameAs":["https:\/\/www.facebook.com\/BlogQuerSaberPolitica\/"]},{"@type":"Person","@id":"https:\/\/blogdofarnesio.com.br\/#\/schema\/person\/bb9b23ae3ad0609ce8df7b6c9e76824d","name":"Farn\u00e9sio","image":{"@type":"ImageObject","inLanguage":"pt-BR","@id":"https:\/\/secure.gravatar.com\/avatar\/986aa4c61ccdb66f8555bf88fc2a65609d00bcabd4d2d94377a727547345cbca?s=96&d=mm&r=g","url":"https:\/\/secure.gravatar.com\/avatar\/986aa4c61ccdb66f8555bf88fc2a65609d00bcabd4d2d94377a727547345cbca?s=96&d=mm&r=g","contentUrl":"https:\/\/secure.gravatar.com\/avatar\/986aa4c61ccdb66f8555bf88fc2a65609d00bcabd4d2d94377a727547345cbca?s=96&d=mm&r=g","caption":"Farn\u00e9sio"},"description":"Radialista blogueiro, chegou a Petrolina\/Juazeiro em setembro de 1980, Farn\u00e9sio Silva \u00e9 de Arapiraca-Alagoas.","sameAs":["http:\/\/blogdofarnesio.com.br","https:\/\/www.facebook.com\/?ref=tn_tnmn","https:\/\/www.instagram.com\/?utm_source=pwa_homescreen","https:\/\/youtube.com.br\/"],"url":"https:\/\/blogdofarnesio.com.br\/?author=2"}]}},"_links":{"self":[{"href":"https:\/\/blogdofarnesio.com.br\/index.php?rest_route=\/wp\/v2\/posts\/349745","targetHints":{"allow":["GET"]}}],"collection":[{"href":"https:\/\/blogdofarnesio.com.br\/index.php?rest_route=\/wp\/v2\/posts"}],"about":[{"href":"https:\/\/blogdofarnesio.com.br\/index.php?rest_route=\/wp\/v2\/types\/post"}],"author":[{"embeddable":true,"href":"https:\/\/blogdofarnesio.com.br\/index.php?rest_route=\/wp\/v2\/users\/2"}],"replies":[{"embeddable":true,"href":"https:\/\/blogdofarnesio.com.br\/index.php?rest_route=%2Fwp%2Fv2%2Fcomments&post=349745"}],"version-history":[{"count":0,"href":"https:\/\/blogdofarnesio.com.br\/index.php?rest_route=\/wp\/v2\/posts\/349745\/revisions"}],"wp:featuredmedia":[{"embeddable":true,"href":"https:\/\/blogdofarnesio.com.br\/index.php?rest_route=\/wp\/v2\/media\/317603"}],"wp:attachment":[{"href":"https:\/\/blogdofarnesio.com.br\/index.php?rest_route=%2Fwp%2Fv2%2Fmedia&parent=349745"}],"wp:term":[{"taxonomy":"category","embeddable":true,"href":"https:\/\/blogdofarnesio.com.br\/index.php?rest_route=%2Fwp%2Fv2%2Fcategories&post=349745"},{"taxonomy":"post_tag","embeddable":true,"href":"https:\/\/blogdofarnesio.com.br\/index.php?rest_route=%2Fwp%2Fv2%2Ftags&post=349745"}],"curies":[{"name":"wp","href":"https:\/\/api.w.org\/{rel}","templated":true}]}}