{"id":349642,"date":"2023-09-08T17:00:24","date_gmt":"2023-09-08T20:00:24","guid":{"rendered":"https:\/\/blogdofarnesio.com.br\/?p=349642"},"modified":"2023-09-08T10:52:38","modified_gmt":"2023-09-08T13:52:38","slug":"gestao-suzana-ramos-promove-resgate-de-bandas-e-fanfarras-municipais","status":"publish","type":"post","link":"https:\/\/blogdofarnesio.com.br\/?p=349642","title":{"rendered":"Gest\u00e3o Suzana Ramos promove resgate de Bandas e Fanfarras municipais"},"content":{"rendered":"<p dir=\"ltr\">Inclus\u00e3o social, civismo, fortalecimento dos v\u00ednculos comunit\u00e1rios s\u00e3o alguns dos benef\u00edcios gerados pelas tradicionais fanfarras e bandas marciais. A gest\u00e3o Suzana Ramos por reconhecer que as bandas e fanfarras de Juazeiro fazem parte da identidade cultural do munic\u00edpio v\u00eam investindo continuamente no fomento e manuten\u00e7\u00e3o desta tradi\u00e7\u00e3o.<\/p>\n<p dir=\"ltr\">A prefeita Suzana Ramos ressalta a import\u00e2ncia dos investimentos para a manuten\u00e7\u00e3o das fanfarras. \u201cAs fanfarras s\u00e3o um tesouro da cidade, o ano todo nossos jovens ensaiam, aprendem m\u00fasica, coreografias e d\u00e3o um show no desfile do 7 de setembro. \u00c9 muito importante abra\u00e7ar a juventude e incentivar a cultura, por isso j\u00e1 licitamos mais de 3 milh\u00f5es de reais em instrumentos paras as bandas e fanfarras das escolas municipais. Al\u00e9m do que j\u00e1 \u00e9 destinado para o fardamento e os transportes para garantir a presen\u00e7a e participa\u00e7\u00e3o de todas as comunidades\u201d, frisou Suzana Ramos.<\/p>\n<p dir=\"ltr\">Estr\u00e9ia<\/p>\n<p dir=\"ltr\">O trabalho da gest\u00e3o possibilitou a cria\u00e7\u00e3o de novas fanfarras como da Escola Municipal Caic Misael Aguilar, que far\u00e1 sua estreia no Desfile C\u00edvico Militar nesta quinta-feira (7).<\/p>\n<p>&nbsp;<\/p>\n<p dir=\"ltr\">O coordenador da fanfarra do Caic, Cleiton Diego, destaca que cada banda envolve diretamente 80 pessoas e mais de 120 indiretamente. \u201c\u00c9 muito bonito ver o envolvimento de toda a comunidade, alunos, funcion\u00e1rios e ex-alunos. Cada fanfarra tem coordenador, regente de sopro, regente de percuss\u00e3o e core\u00f3grafo. Ent\u00e3o os estudantes aprendem m\u00fasica, dan\u00e7a, arte, amor \u00e0 p\u00e1tria e isso melhora o desempenho do estudante, al\u00e9m de diminuir a evas\u00e3o escolar. Agrade\u00e7o a prefeita porque nos anos que n\u00e3o tivemos esse apoio n\u00f3s tivemos que recorrer a rifas, ajuda da comunidade e desfiles internos\u201d, falou Cleiton Diego.<\/p>\n<p>&nbsp;<\/p>\n<p dir=\"ltr\">Retorno<\/p>\n<p dir=\"ltr\">O desfile deste ano contar\u00e1 tamb\u00e9m com o retorno da tradicional fanfarra da Escola Municipal de Tempo Integral Paulo VI que ficou desativada por seis anos. Al\u00e9m desta fanfarra que est\u00e1 retornando as atividades e conta com a participa\u00e7\u00e3o de ex-alunos e funcion\u00e1rios, a escola tem outra formada apenas por alunos. Logo, os jovens t\u00eam mais uma oportunidade de entrar no mundo da cultura, aprender a trabalhar em grupo, ter disciplina e passar o bast\u00e3o ou a baqueta para os novatos.<\/p>\n<p dir=\"ltr\">O desfile<\/p>\n<p dir=\"ltr\">O desfile c\u00edvico-militar, com a participa\u00e7\u00e3o de 32 institui\u00e7\u00f5es, entre escolas, for\u00e7as armadas e institui\u00e7\u00f5es filantr\u00f3picas, ser\u00e1 iniciado \u00e0s 7h, com o hasteamento das bandeiras no Pa\u00e7o Municipal. Em seguida, a prefeita Suzana Ramos abrir\u00e1 oficialmente o desfile, que come\u00e7ar\u00e1 na Orla II e seguir\u00e1 pela Avenida Adolfo Viana at\u00e9 a Rua Oscar Ribeiro.<\/p>\n<p dir=\"ltr\">\u2014<\/p>\n<p dir=\"ltr\">Texto: Matheus Oliveira \u2013 Ascom\/PMJ<\/p>\n","protected":false},"excerpt":{"rendered":"<p>Inclus\u00e3o social, civismo, fortalecimento dos v\u00ednculos comunit\u00e1rios s\u00e3o alguns dos benef\u00edcios gerados pelas tradicionais fanfarras e bandas marciais. A gest\u00e3o Suzana Ramos por reconhecer que as bandas e fanfarras de Juazeiro fazem parte da identidade cultural do munic\u00edpio v\u00eam investindo continuamente no fomento e manuten\u00e7\u00e3o desta tradi\u00e7\u00e3o. A prefeita Suzana Ramos ressalta a import\u00e2ncia dos investimentos para a manuten\u00e7\u00e3o das fanfarras. \u201cAs fanfarras s\u00e3o um tesouro da cidade, o ano todo nossos jovens ensaiam, aprendem m\u00fasica, coreografias e d\u00e3o um show no desfile do 7 de setembro. \u00c9 muito importante abra\u00e7ar a juventude e incentivar a cultura, por isso j\u00e1 licitamos mais de 3 milh\u00f5es de reais em instrumentos paras as bandas e fanfarras das escolas municipais. Al\u00e9m do que&hellip; <\/p>\n","protected":false},"author":2,"featured_media":175956,"comment_status":"open","ping_status":"open","sticky":false,"template":"","format":"standard","meta":{"_acf_changed":false,"footnotes":""},"categories":[10],"tags":[],"class_list":["post-349642","post","type-post","status-publish","format-standard","has-post-thumbnail","hentry","category-cultura"],"acf":[],"yoast_head":"<!-- This site is optimized with the Yoast SEO plugin v27.4 - https:\/\/yoast.com\/product\/yoast-seo-wordpress\/ -->\n<title>Gest\u00e3o Suzana Ramos promove resgate de Bandas e Fanfarras municipais - Blog do Farn\u00e9sio<\/title>\n<meta name=\"robots\" content=\"index, follow, max-snippet:-1, max-image-preview:large, max-video-preview:-1\" \/>\n<link rel=\"canonical\" href=\"https:\/\/blogdofarnesio.com.br\/?p=349642\" \/>\n<meta property=\"og:locale\" content=\"pt_BR\" \/>\n<meta property=\"og:type\" content=\"article\" \/>\n<meta property=\"og:title\" content=\"Gest\u00e3o Suzana Ramos promove resgate de Bandas e Fanfarras municipais - Blog do Farn\u00e9sio\" \/>\n<meta property=\"og:description\" content=\"Inclus\u00e3o social, civismo, fortalecimento dos v\u00ednculos comunit\u00e1rios s\u00e3o alguns dos benef\u00edcios gerados pelas tradicionais fanfarras e bandas marciais. A gest\u00e3o Suzana Ramos por reconhecer que as bandas e fanfarras de Juazeiro fazem parte da identidade cultural do munic\u00edpio v\u00eam investindo continuamente no fomento e manuten\u00e7\u00e3o desta tradi\u00e7\u00e3o. A prefeita Suzana Ramos ressalta a import\u00e2ncia dos investimentos para a manuten\u00e7\u00e3o das fanfarras. \u201cAs fanfarras s\u00e3o um tesouro da cidade, o ano todo nossos jovens ensaiam, aprendem m\u00fasica, coreografias e d\u00e3o um show no desfile do 7 de setembro. \u00c9 muito importante abra\u00e7ar a juventude e incentivar a cultura, por isso j\u00e1 licitamos mais de 3 milh\u00f5es de reais em instrumentos paras as bandas e fanfarras das escolas municipais. Al\u00e9m do que&hellip;\" \/>\n<meta property=\"og:url\" content=\"https:\/\/blogdofarnesio.com.br\/?p=349642\" \/>\n<meta property=\"og:site_name\" content=\"Blog do Farn\u00e9sio\" \/>\n<meta property=\"article:publisher\" content=\"https:\/\/www.facebook.com\/BlogQuerSaberPolitica\/\" \/>\n<meta property=\"article:author\" content=\"https:\/\/www.facebook.com\/?ref=tn_tnmn\" \/>\n<meta property=\"article:published_time\" content=\"2023-09-08T20:00:24+00:00\" \/>\n<meta property=\"og:image\" content=\"https:\/\/blogdofarnesio.com.br\/wp-content\/uploads\/2017\/09\/blogqsp-desfile-7destembro-2017-7.jpg\" \/>\n\t<meta property=\"og:image:width\" content=\"640\" \/>\n\t<meta property=\"og:image:height\" content=\"360\" \/>\n\t<meta property=\"og:image:type\" content=\"image\/jpeg\" \/>\n<meta name=\"author\" content=\"Farn\u00e9sio\" \/>\n<meta name=\"twitter:card\" content=\"summary_large_image\" \/>\n<meta name=\"twitter:label1\" content=\"Escrito por\" \/>\n\t<meta name=\"twitter:data1\" content=\"Farn\u00e9sio\" \/>\n\t<meta name=\"twitter:label2\" content=\"Est. tempo de leitura\" \/>\n\t<meta name=\"twitter:data2\" content=\"3 minutos\" \/>\n<script type=\"application\/ld+json\" class=\"yoast-schema-graph\">{\"@context\":\"https:\\\/\\\/schema.org\",\"@graph\":[{\"@type\":\"Article\",\"@id\":\"https:\\\/\\\/blogdofarnesio.com.br\\\/?p=349642#article\",\"isPartOf\":{\"@id\":\"https:\\\/\\\/blogdofarnesio.com.br\\\/?p=349642\"},\"author\":{\"name\":\"Farn\u00e9sio\",\"@id\":\"https:\\\/\\\/blogdofarnesio.com.br\\\/#\\\/schema\\\/person\\\/bb9b23ae3ad0609ce8df7b6c9e76824d\"},\"headline\":\"Gest\u00e3o Suzana Ramos promove resgate de Bandas e Fanfarras municipais\",\"datePublished\":\"2023-09-08T20:00:24+00:00\",\"mainEntityOfPage\":{\"@id\":\"https:\\\/\\\/blogdofarnesio.com.br\\\/?p=349642\"},\"wordCount\":463,\"commentCount\":0,\"publisher\":{\"@id\":\"https:\\\/\\\/blogdofarnesio.com.br\\\/#organization\"},\"image\":{\"@id\":\"https:\\\/\\\/blogdofarnesio.com.br\\\/?p=349642#primaryimage\"},\"thumbnailUrl\":\"https:\\\/\\\/blogdofarnesio.com.br\\\/wp-content\\\/uploads\\\/2017\\\/09\\\/blogqsp-desfile-7destembro-2017-7.jpg\",\"articleSection\":[\"Cultura\"],\"inLanguage\":\"pt-BR\",\"potentialAction\":[{\"@type\":\"CommentAction\",\"name\":\"Comment\",\"target\":[\"https:\\\/\\\/blogdofarnesio.com.br\\\/?p=349642#respond\"]}]},{\"@type\":\"WebPage\",\"@id\":\"https:\\\/\\\/blogdofarnesio.com.br\\\/?p=349642\",\"url\":\"https:\\\/\\\/blogdofarnesio.com.br\\\/?p=349642\",\"name\":\"Gest\u00e3o Suzana Ramos promove resgate de Bandas e Fanfarras municipais - Blog do Farn\u00e9sio\",\"isPartOf\":{\"@id\":\"https:\\\/\\\/blogdofarnesio.com.br\\\/#website\"},\"primaryImageOfPage\":{\"@id\":\"https:\\\/\\\/blogdofarnesio.com.br\\\/?p=349642#primaryimage\"},\"image\":{\"@id\":\"https:\\\/\\\/blogdofarnesio.com.br\\\/?p=349642#primaryimage\"},\"thumbnailUrl\":\"https:\\\/\\\/blogdofarnesio.com.br\\\/wp-content\\\/uploads\\\/2017\\\/09\\\/blogqsp-desfile-7destembro-2017-7.jpg\",\"datePublished\":\"2023-09-08T20:00:24+00:00\",\"breadcrumb\":{\"@id\":\"https:\\\/\\\/blogdofarnesio.com.br\\\/?p=349642#breadcrumb\"},\"inLanguage\":\"pt-BR\",\"potentialAction\":[{\"@type\":\"ReadAction\",\"target\":[\"https:\\\/\\\/blogdofarnesio.com.br\\\/?p=349642\"]}]},{\"@type\":\"ImageObject\",\"inLanguage\":\"pt-BR\",\"@id\":\"https:\\\/\\\/blogdofarnesio.com.br\\\/?p=349642#primaryimage\",\"url\":\"https:\\\/\\\/blogdofarnesio.com.br\\\/wp-content\\\/uploads\\\/2017\\\/09\\\/blogqsp-desfile-7destembro-2017-7.jpg\",\"contentUrl\":\"https:\\\/\\\/blogdofarnesio.com.br\\\/wp-content\\\/uploads\\\/2017\\\/09\\\/blogqsp-desfile-7destembro-2017-7.jpg\",\"width\":640,\"height\":360},{\"@type\":\"BreadcrumbList\",\"@id\":\"https:\\\/\\\/blogdofarnesio.com.br\\\/?p=349642#breadcrumb\",\"itemListElement\":[{\"@type\":\"ListItem\",\"position\":1,\"name\":\"In\u00edcio\",\"item\":\"https:\\\/\\\/blogdofarnesio.com.br\\\/\"},{\"@type\":\"ListItem\",\"position\":2,\"name\":\"Gest\u00e3o Suzana Ramos promove resgate de Bandas e Fanfarras municipais\"}]},{\"@type\":\"WebSite\",\"@id\":\"https:\\\/\\\/blogdofarnesio.com.br\\\/#website\",\"url\":\"https:\\\/\\\/blogdofarnesio.com.br\\\/\",\"name\":\"Blog do Farn\u00e9sio\",\"description\":\"Quer Saber Pol\u00edtica?\",\"publisher\":{\"@id\":\"https:\\\/\\\/blogdofarnesio.com.br\\\/#organization\"},\"potentialAction\":[{\"@type\":\"SearchAction\",\"target\":{\"@type\":\"EntryPoint\",\"urlTemplate\":\"https:\\\/\\\/blogdofarnesio.com.br\\\/?s={search_term_string}\"},\"query-input\":{\"@type\":\"PropertyValueSpecification\",\"valueRequired\":true,\"valueName\":\"search_term_string\"}}],\"inLanguage\":\"pt-BR\"},{\"@type\":\"Organization\",\"@id\":\"https:\\\/\\\/blogdofarnesio.com.br\\\/#organization\",\"name\":\"Blog do Farn\u00e9sio\",\"url\":\"https:\\\/\\\/blogdofarnesio.com.br\\\/\",\"logo\":{\"@type\":\"ImageObject\",\"inLanguage\":\"pt-BR\",\"@id\":\"https:\\\/\\\/blogdofarnesio.com.br\\\/#\\\/schema\\\/logo\\\/image\\\/\",\"url\":\"https:\\\/\\\/blogdofarnesio.com.br\\\/wp-content\\\/uploads\\\/2026\\\/03\\\/cropped-logo_new-1.png\",\"contentUrl\":\"https:\\\/\\\/blogdofarnesio.com.br\\\/wp-content\\\/uploads\\\/2026\\\/03\\\/cropped-logo_new-1.png\",\"width\":881,\"height\":685,\"caption\":\"Blog do Farn\u00e9sio\"},\"image\":{\"@id\":\"https:\\\/\\\/blogdofarnesio.com.br\\\/#\\\/schema\\\/logo\\\/image\\\/\"},\"sameAs\":[\"https:\\\/\\\/www.facebook.com\\\/BlogQuerSaberPolitica\\\/\"]},{\"@type\":\"Person\",\"@id\":\"https:\\\/\\\/blogdofarnesio.com.br\\\/#\\\/schema\\\/person\\\/bb9b23ae3ad0609ce8df7b6c9e76824d\",\"name\":\"Farn\u00e9sio\",\"image\":{\"@type\":\"ImageObject\",\"inLanguage\":\"pt-BR\",\"@id\":\"https:\\\/\\\/secure.gravatar.com\\\/avatar\\\/986aa4c61ccdb66f8555bf88fc2a65609d00bcabd4d2d94377a727547345cbca?s=96&d=mm&r=g\",\"url\":\"https:\\\/\\\/secure.gravatar.com\\\/avatar\\\/986aa4c61ccdb66f8555bf88fc2a65609d00bcabd4d2d94377a727547345cbca?s=96&d=mm&r=g\",\"contentUrl\":\"https:\\\/\\\/secure.gravatar.com\\\/avatar\\\/986aa4c61ccdb66f8555bf88fc2a65609d00bcabd4d2d94377a727547345cbca?s=96&d=mm&r=g\",\"caption\":\"Farn\u00e9sio\"},\"description\":\"Radialista blogueiro, chegou a Petrolina\\\/Juazeiro em setembro de 1980, Farn\u00e9sio Silva \u00e9 de Arapiraca-Alagoas.\",\"sameAs\":[\"http:\\\/\\\/blogdofarnesio.com.br\",\"https:\\\/\\\/www.facebook.com\\\/?ref=tn_tnmn\",\"https:\\\/\\\/www.instagram.com\\\/?utm_source=pwa_homescreen\",\"https:\\\/\\\/youtube.com.br\\\/\"],\"url\":\"https:\\\/\\\/blogdofarnesio.com.br\\\/?author=2\"}]}<\/script>\n<!-- \/ Yoast SEO plugin. -->","yoast_head_json":{"title":"Gest\u00e3o Suzana Ramos promove resgate de Bandas e Fanfarras municipais - Blog do Farn\u00e9sio","robots":{"index":"index","follow":"follow","max-snippet":"max-snippet:-1","max-image-preview":"max-image-preview:large","max-video-preview":"max-video-preview:-1"},"canonical":"https:\/\/blogdofarnesio.com.br\/?p=349642","og_locale":"pt_BR","og_type":"article","og_title":"Gest\u00e3o Suzana Ramos promove resgate de Bandas e Fanfarras municipais - Blog do Farn\u00e9sio","og_description":"Inclus\u00e3o social, civismo, fortalecimento dos v\u00ednculos comunit\u00e1rios s\u00e3o alguns dos benef\u00edcios gerados pelas tradicionais fanfarras e bandas marciais. A gest\u00e3o Suzana Ramos por reconhecer que as bandas e fanfarras de Juazeiro fazem parte da identidade cultural do munic\u00edpio v\u00eam investindo continuamente no fomento e manuten\u00e7\u00e3o desta tradi\u00e7\u00e3o. A prefeita Suzana Ramos ressalta a import\u00e2ncia dos investimentos para a manuten\u00e7\u00e3o das fanfarras. \u201cAs fanfarras s\u00e3o um tesouro da cidade, o ano todo nossos jovens ensaiam, aprendem m\u00fasica, coreografias e d\u00e3o um show no desfile do 7 de setembro. \u00c9 muito importante abra\u00e7ar a juventude e incentivar a cultura, por isso j\u00e1 licitamos mais de 3 milh\u00f5es de reais em instrumentos paras as bandas e fanfarras das escolas municipais. Al\u00e9m do que&hellip;","og_url":"https:\/\/blogdofarnesio.com.br\/?p=349642","og_site_name":"Blog do Farn\u00e9sio","article_publisher":"https:\/\/www.facebook.com\/BlogQuerSaberPolitica\/","article_author":"https:\/\/www.facebook.com\/?ref=tn_tnmn","article_published_time":"2023-09-08T20:00:24+00:00","og_image":[{"width":640,"height":360,"url":"https:\/\/blogdofarnesio.com.br\/wp-content\/uploads\/2017\/09\/blogqsp-desfile-7destembro-2017-7.jpg","type":"image\/jpeg"}],"author":"Farn\u00e9sio","twitter_card":"summary_large_image","twitter_misc":{"Escrito por":"Farn\u00e9sio","Est. tempo de leitura":"3 minutos"},"schema":{"@context":"https:\/\/schema.org","@graph":[{"@type":"Article","@id":"https:\/\/blogdofarnesio.com.br\/?p=349642#article","isPartOf":{"@id":"https:\/\/blogdofarnesio.com.br\/?p=349642"},"author":{"name":"Farn\u00e9sio","@id":"https:\/\/blogdofarnesio.com.br\/#\/schema\/person\/bb9b23ae3ad0609ce8df7b6c9e76824d"},"headline":"Gest\u00e3o Suzana Ramos promove resgate de Bandas e Fanfarras municipais","datePublished":"2023-09-08T20:00:24+00:00","mainEntityOfPage":{"@id":"https:\/\/blogdofarnesio.com.br\/?p=349642"},"wordCount":463,"commentCount":0,"publisher":{"@id":"https:\/\/blogdofarnesio.com.br\/#organization"},"image":{"@id":"https:\/\/blogdofarnesio.com.br\/?p=349642#primaryimage"},"thumbnailUrl":"https:\/\/blogdofarnesio.com.br\/wp-content\/uploads\/2017\/09\/blogqsp-desfile-7destembro-2017-7.jpg","articleSection":["Cultura"],"inLanguage":"pt-BR","potentialAction":[{"@type":"CommentAction","name":"Comment","target":["https:\/\/blogdofarnesio.com.br\/?p=349642#respond"]}]},{"@type":"WebPage","@id":"https:\/\/blogdofarnesio.com.br\/?p=349642","url":"https:\/\/blogdofarnesio.com.br\/?p=349642","name":"Gest\u00e3o Suzana Ramos promove resgate de Bandas e Fanfarras municipais - Blog do Farn\u00e9sio","isPartOf":{"@id":"https:\/\/blogdofarnesio.com.br\/#website"},"primaryImageOfPage":{"@id":"https:\/\/blogdofarnesio.com.br\/?p=349642#primaryimage"},"image":{"@id":"https:\/\/blogdofarnesio.com.br\/?p=349642#primaryimage"},"thumbnailUrl":"https:\/\/blogdofarnesio.com.br\/wp-content\/uploads\/2017\/09\/blogqsp-desfile-7destembro-2017-7.jpg","datePublished":"2023-09-08T20:00:24+00:00","breadcrumb":{"@id":"https:\/\/blogdofarnesio.com.br\/?p=349642#breadcrumb"},"inLanguage":"pt-BR","potentialAction":[{"@type":"ReadAction","target":["https:\/\/blogdofarnesio.com.br\/?p=349642"]}]},{"@type":"ImageObject","inLanguage":"pt-BR","@id":"https:\/\/blogdofarnesio.com.br\/?p=349642#primaryimage","url":"https:\/\/blogdofarnesio.com.br\/wp-content\/uploads\/2017\/09\/blogqsp-desfile-7destembro-2017-7.jpg","contentUrl":"https:\/\/blogdofarnesio.com.br\/wp-content\/uploads\/2017\/09\/blogqsp-desfile-7destembro-2017-7.jpg","width":640,"height":360},{"@type":"BreadcrumbList","@id":"https:\/\/blogdofarnesio.com.br\/?p=349642#breadcrumb","itemListElement":[{"@type":"ListItem","position":1,"name":"In\u00edcio","item":"https:\/\/blogdofarnesio.com.br\/"},{"@type":"ListItem","position":2,"name":"Gest\u00e3o Suzana Ramos promove resgate de Bandas e Fanfarras municipais"}]},{"@type":"WebSite","@id":"https:\/\/blogdofarnesio.com.br\/#website","url":"https:\/\/blogdofarnesio.com.br\/","name":"Blog do Farn\u00e9sio","description":"Quer Saber Pol\u00edtica?","publisher":{"@id":"https:\/\/blogdofarnesio.com.br\/#organization"},"potentialAction":[{"@type":"SearchAction","target":{"@type":"EntryPoint","urlTemplate":"https:\/\/blogdofarnesio.com.br\/?s={search_term_string}"},"query-input":{"@type":"PropertyValueSpecification","valueRequired":true,"valueName":"search_term_string"}}],"inLanguage":"pt-BR"},{"@type":"Organization","@id":"https:\/\/blogdofarnesio.com.br\/#organization","name":"Blog do Farn\u00e9sio","url":"https:\/\/blogdofarnesio.com.br\/","logo":{"@type":"ImageObject","inLanguage":"pt-BR","@id":"https:\/\/blogdofarnesio.com.br\/#\/schema\/logo\/image\/","url":"https:\/\/blogdofarnesio.com.br\/wp-content\/uploads\/2026\/03\/cropped-logo_new-1.png","contentUrl":"https:\/\/blogdofarnesio.com.br\/wp-content\/uploads\/2026\/03\/cropped-logo_new-1.png","width":881,"height":685,"caption":"Blog do Farn\u00e9sio"},"image":{"@id":"https:\/\/blogdofarnesio.com.br\/#\/schema\/logo\/image\/"},"sameAs":["https:\/\/www.facebook.com\/BlogQuerSaberPolitica\/"]},{"@type":"Person","@id":"https:\/\/blogdofarnesio.com.br\/#\/schema\/person\/bb9b23ae3ad0609ce8df7b6c9e76824d","name":"Farn\u00e9sio","image":{"@type":"ImageObject","inLanguage":"pt-BR","@id":"https:\/\/secure.gravatar.com\/avatar\/986aa4c61ccdb66f8555bf88fc2a65609d00bcabd4d2d94377a727547345cbca?s=96&d=mm&r=g","url":"https:\/\/secure.gravatar.com\/avatar\/986aa4c61ccdb66f8555bf88fc2a65609d00bcabd4d2d94377a727547345cbca?s=96&d=mm&r=g","contentUrl":"https:\/\/secure.gravatar.com\/avatar\/986aa4c61ccdb66f8555bf88fc2a65609d00bcabd4d2d94377a727547345cbca?s=96&d=mm&r=g","caption":"Farn\u00e9sio"},"description":"Radialista blogueiro, chegou a Petrolina\/Juazeiro em setembro de 1980, Farn\u00e9sio Silva \u00e9 de Arapiraca-Alagoas.","sameAs":["http:\/\/blogdofarnesio.com.br","https:\/\/www.facebook.com\/?ref=tn_tnmn","https:\/\/www.instagram.com\/?utm_source=pwa_homescreen","https:\/\/youtube.com.br\/"],"url":"https:\/\/blogdofarnesio.com.br\/?author=2"}]}},"_links":{"self":[{"href":"https:\/\/blogdofarnesio.com.br\/index.php?rest_route=\/wp\/v2\/posts\/349642","targetHints":{"allow":["GET"]}}],"collection":[{"href":"https:\/\/blogdofarnesio.com.br\/index.php?rest_route=\/wp\/v2\/posts"}],"about":[{"href":"https:\/\/blogdofarnesio.com.br\/index.php?rest_route=\/wp\/v2\/types\/post"}],"author":[{"embeddable":true,"href":"https:\/\/blogdofarnesio.com.br\/index.php?rest_route=\/wp\/v2\/users\/2"}],"replies":[{"embeddable":true,"href":"https:\/\/blogdofarnesio.com.br\/index.php?rest_route=%2Fwp%2Fv2%2Fcomments&post=349642"}],"version-history":[{"count":0,"href":"https:\/\/blogdofarnesio.com.br\/index.php?rest_route=\/wp\/v2\/posts\/349642\/revisions"}],"wp:featuredmedia":[{"embeddable":true,"href":"https:\/\/blogdofarnesio.com.br\/index.php?rest_route=\/wp\/v2\/media\/175956"}],"wp:attachment":[{"href":"https:\/\/blogdofarnesio.com.br\/index.php?rest_route=%2Fwp%2Fv2%2Fmedia&parent=349642"}],"wp:term":[{"taxonomy":"category","embeddable":true,"href":"https:\/\/blogdofarnesio.com.br\/index.php?rest_route=%2Fwp%2Fv2%2Fcategories&post=349642"},{"taxonomy":"post_tag","embeddable":true,"href":"https:\/\/blogdofarnesio.com.br\/index.php?rest_route=%2Fwp%2Fv2%2Ftags&post=349642"}],"curies":[{"name":"wp","href":"https:\/\/api.w.org\/{rel}","templated":true}]}}