{"id":349524,"date":"2023-09-04T17:35:30","date_gmt":"2023-09-04T20:35:30","guid":{"rendered":"https:\/\/blogdofarnesio.com.br\/?p=349524"},"modified":"2023-09-04T16:24:56","modified_gmt":"2023-09-04T19:24:56","slug":"zo-diz-que-atentado-de-grileiros-em-campo-alegre-de-lourdes-e-nova-invasao-portuguesa-no-brasil","status":"publish","type":"post","link":"https:\/\/blogdofarnesio.com.br\/?p=349524","title":{"rendered":"Z\u00f3 diz que atentado de grileiros em Campo Alegre de Lourdes \u00e9 \u201cnova invas\u00e3o portuguesa\u201d no Brasil"},"content":{"rendered":"<div class=\"entry-header\"><\/div>\n<div class=\"row\">\n<div class=\"jeg_main_content col-md-8\">\n<div class=\"jeg_inner_content\">\n<div class=\"entry-content no-share\">\n<div class=\"content-inner \">\n<p>O deputado estadual pela Bahia, Z\u00f3 (PCdoB), emitiu nota sobre o atentado \u00e0 bala sofrido por tr\u00eas pessoas na madrugada do \u00faltimo s\u00e1bado (2), na cidade de Campo Alegre de Lourdes, norte do Estado. A Pol\u00edcia Civil (PC) investiga se os crimes est\u00e3o ligados a conflito de terra que envolve grileiros e posseiros de fundos de pastos. Para o parlamentar, o crime ocorrido na regi\u00e3o \u00e9 uma nova invas\u00e3o portuguesa no Brasil.<\/p>\n<p>Acompanhe:<\/p>\n<p>A divisa Territorial entre a Bahia e o Estado do Piau\u00ed vem passando por uma nova invas\u00e3o portuguesa. Seguindo a mesma l\u00f3gica violenta dos navegadores coordenados por Pedro \u00c1lvares Cabral, iniciada nos anos 1500, os Munic\u00edpios de Campo Alegre de Lourdes, na Bahia, e Caracol e Guaribas, no Piau\u00ed, v\u00eam sofrendo com invas\u00f5es de terra em \u00e1reas de \u201cFundo de Pasto\u201d por parte de empres\u00e1rio estrangeiro que burla a Lei, desmata a caatinga nativa, expulsa trabalhadores\/moradores que ocupam o territ\u00f3rio h\u00e1 centenas de anos, com \u201cdocumentos\u201d duvidosos, e isso tudo feito com a suspeita do aux\u00edlio de agente do poder p\u00fablico.<\/p>\n<p>O atentado ocorrido na manh\u00e3 deste s\u00e1bado, 2, quando um homem disparou arma de fogo contra dois moradores da comunidade de Angico dos Dias, em Campo Alegre de Lourdes (BA), e um colaborador da Comiss\u00e3o Pastoral da Terra (CPT), \u00e9 um acinte contra os povos tradicionais, aos Estados e \u00e0 Uni\u00e3o.<\/p>\n<p>J\u00e1 entrei em contato com o secret\u00e1rio de Seguran\u00e7a P\u00fablica pedindo provid\u00eancias contra o agente de seguran\u00e7a e prote\u00e7\u00e3o para a comunidade, bem como o secret\u00e1rio de Desenvolvimento Rural para que a Coordena\u00e7\u00e3o de Desenvolvimento Agr\u00e1rio (CDA), atrav\u00e9s da Coordena\u00e7\u00e3o de A\u00e7\u00e3o Fundi\u00e1ria, agilize na Regulariza\u00e7\u00e3o Fundi\u00e1ria e as pessoas possam ter, em definitivo, os seus t\u00edtulos de posse.<\/p>\n<p>Tamb\u00e9m j\u00e1 entrei em contato com o deputado federal Daniel Almeida para que denuncie em n\u00edvel nacional a nova invas\u00e3o portuguesa, desta vez ocorrida no Norte da Bahia e Sul do Piau\u00ed.<\/p>\n<p>Crimes desta modalidade est\u00e3o acontecendo em outras regi\u00f5es do Estado, como no Oeste baiano. Deste modo, me solidarizo com as pessoas atingidas, com os moradores de Angico dos Dias e reafirmo: este crime n\u00e3o pode e n\u00e3o vai ficar impune.<\/p>\n<p>Z\u00f3\/Deputado Estadual pela Bahia<\/p>\n<\/div>\n<\/div>\n<\/div>\n<\/div>\n<\/div>\n","protected":false},"excerpt":{"rendered":"<p>O deputado estadual pela Bahia, Z\u00f3 (PCdoB), emitiu nota sobre o atentado \u00e0 bala sofrido por tr\u00eas pessoas na madrugada do \u00faltimo s\u00e1bado (2), na cidade de Campo Alegre de Lourdes, norte do Estado. A Pol\u00edcia Civil (PC) investiga se os crimes est\u00e3o ligados a conflito de terra que envolve grileiros e posseiros de fundos de pastos. Para o parlamentar, o crime ocorrido na regi\u00e3o \u00e9 uma nova invas\u00e3o portuguesa no Brasil. Acompanhe: A divisa Territorial entre a Bahia e o Estado do Piau\u00ed vem passando por uma nova invas\u00e3o portuguesa. Seguindo a mesma l\u00f3gica violenta dos navegadores coordenados por Pedro \u00c1lvares Cabral, iniciada nos anos 1500, os Munic\u00edpios de Campo Alegre de Lourdes, na Bahia, e Caracol e Guaribas,&hellip; <\/p>\n","protected":false},"author":2,"featured_media":349525,"comment_status":"open","ping_status":"open","sticky":false,"template":"","format":"standard","meta":{"_acf_changed":false,"footnotes":""},"categories":[1],"tags":[],"class_list":["post-349524","post","type-post","status-publish","format-standard","has-post-thumbnail","hentry","category-politica"],"acf":[],"yoast_head":"<!-- This site is optimized with the Yoast SEO plugin v27.4 - https:\/\/yoast.com\/product\/yoast-seo-wordpress\/ -->\n<title>Z\u00f3 diz que atentado de grileiros em Campo Alegre de Lourdes \u00e9 \u201cnova invas\u00e3o portuguesa\u201d no Brasil - Blog do Farn\u00e9sio<\/title>\n<meta name=\"robots\" content=\"index, follow, max-snippet:-1, max-image-preview:large, max-video-preview:-1\" \/>\n<link rel=\"canonical\" href=\"https:\/\/blogdofarnesio.com.br\/?p=349524\" \/>\n<meta property=\"og:locale\" content=\"pt_BR\" \/>\n<meta property=\"og:type\" content=\"article\" \/>\n<meta property=\"og:title\" content=\"Z\u00f3 diz que atentado de grileiros em Campo Alegre de Lourdes \u00e9 \u201cnova invas\u00e3o portuguesa\u201d no Brasil - Blog do Farn\u00e9sio\" \/>\n<meta property=\"og:description\" content=\"O deputado estadual pela Bahia, Z\u00f3 (PCdoB), emitiu nota sobre o atentado \u00e0 bala sofrido por tr\u00eas pessoas na madrugada do \u00faltimo s\u00e1bado (2), na cidade de Campo Alegre de Lourdes, norte do Estado. A Pol\u00edcia Civil (PC) investiga se os crimes est\u00e3o ligados a conflito de terra que envolve grileiros e posseiros de fundos de pastos. Para o parlamentar, o crime ocorrido na regi\u00e3o \u00e9 uma nova invas\u00e3o portuguesa no Brasil. Acompanhe: A divisa Territorial entre a Bahia e o Estado do Piau\u00ed vem passando por uma nova invas\u00e3o portuguesa. Seguindo a mesma l\u00f3gica violenta dos navegadores coordenados por Pedro \u00c1lvares Cabral, iniciada nos anos 1500, os Munic\u00edpios de Campo Alegre de Lourdes, na Bahia, e Caracol e Guaribas,&hellip;\" \/>\n<meta property=\"og:url\" content=\"https:\/\/blogdofarnesio.com.br\/?p=349524\" \/>\n<meta property=\"og:site_name\" content=\"Blog do Farn\u00e9sio\" \/>\n<meta property=\"article:publisher\" content=\"https:\/\/www.facebook.com\/BlogQuerSaberPolitica\/\" \/>\n<meta property=\"article:author\" content=\"https:\/\/www.facebook.com\/?ref=tn_tnmn\" \/>\n<meta property=\"article:published_time\" content=\"2023-09-04T20:35:30+00:00\" \/>\n<meta property=\"og:image\" content=\"https:\/\/blogdofarnesio.com.br\/wp-content\/uploads\/2023\/09\/blogqsp-dep-zo-750x375-1.jpg\" \/>\n\t<meta property=\"og:image:width\" content=\"750\" \/>\n\t<meta property=\"og:image:height\" content=\"375\" \/>\n\t<meta property=\"og:image:type\" content=\"image\/jpeg\" \/>\n<meta name=\"author\" content=\"Farn\u00e9sio\" \/>\n<meta name=\"twitter:card\" content=\"summary_large_image\" \/>\n<meta name=\"twitter:label1\" content=\"Escrito por\" \/>\n\t<meta name=\"twitter:data1\" content=\"Farn\u00e9sio\" \/>\n\t<meta name=\"twitter:label2\" content=\"Est. tempo de leitura\" \/>\n\t<meta name=\"twitter:data2\" content=\"2 minutos\" \/>\n<script type=\"application\/ld+json\" class=\"yoast-schema-graph\">{\"@context\":\"https:\\\/\\\/schema.org\",\"@graph\":[{\"@type\":\"Article\",\"@id\":\"https:\\\/\\\/blogdofarnesio.com.br\\\/?p=349524#article\",\"isPartOf\":{\"@id\":\"https:\\\/\\\/blogdofarnesio.com.br\\\/?p=349524\"},\"author\":{\"name\":\"Farn\u00e9sio\",\"@id\":\"https:\\\/\\\/blogdofarnesio.com.br\\\/#\\\/schema\\\/person\\\/bb9b23ae3ad0609ce8df7b6c9e76824d\"},\"headline\":\"Z\u00f3 diz que atentado de grileiros em Campo Alegre de Lourdes \u00e9 \u201cnova invas\u00e3o portuguesa\u201d no Brasil\",\"datePublished\":\"2023-09-04T20:35:30+00:00\",\"mainEntityOfPage\":{\"@id\":\"https:\\\/\\\/blogdofarnesio.com.br\\\/?p=349524\"},\"wordCount\":413,\"commentCount\":0,\"publisher\":{\"@id\":\"https:\\\/\\\/blogdofarnesio.com.br\\\/#organization\"},\"image\":{\"@id\":\"https:\\\/\\\/blogdofarnesio.com.br\\\/?p=349524#primaryimage\"},\"thumbnailUrl\":\"https:\\\/\\\/blogdofarnesio.com.br\\\/wp-content\\\/uploads\\\/2023\\\/09\\\/blogqsp-dep-zo-750x375-1.jpg\",\"articleSection\":[\"Pol\u00edtica\"],\"inLanguage\":\"pt-BR\",\"potentialAction\":[{\"@type\":\"CommentAction\",\"name\":\"Comment\",\"target\":[\"https:\\\/\\\/blogdofarnesio.com.br\\\/?p=349524#respond\"]}]},{\"@type\":\"WebPage\",\"@id\":\"https:\\\/\\\/blogdofarnesio.com.br\\\/?p=349524\",\"url\":\"https:\\\/\\\/blogdofarnesio.com.br\\\/?p=349524\",\"name\":\"Z\u00f3 diz que atentado de grileiros em Campo Alegre de Lourdes \u00e9 \u201cnova invas\u00e3o portuguesa\u201d no Brasil - Blog do Farn\u00e9sio\",\"isPartOf\":{\"@id\":\"https:\\\/\\\/blogdofarnesio.com.br\\\/#website\"},\"primaryImageOfPage\":{\"@id\":\"https:\\\/\\\/blogdofarnesio.com.br\\\/?p=349524#primaryimage\"},\"image\":{\"@id\":\"https:\\\/\\\/blogdofarnesio.com.br\\\/?p=349524#primaryimage\"},\"thumbnailUrl\":\"https:\\\/\\\/blogdofarnesio.com.br\\\/wp-content\\\/uploads\\\/2023\\\/09\\\/blogqsp-dep-zo-750x375-1.jpg\",\"datePublished\":\"2023-09-04T20:35:30+00:00\",\"breadcrumb\":{\"@id\":\"https:\\\/\\\/blogdofarnesio.com.br\\\/?p=349524#breadcrumb\"},\"inLanguage\":\"pt-BR\",\"potentialAction\":[{\"@type\":\"ReadAction\",\"target\":[\"https:\\\/\\\/blogdofarnesio.com.br\\\/?p=349524\"]}]},{\"@type\":\"ImageObject\",\"inLanguage\":\"pt-BR\",\"@id\":\"https:\\\/\\\/blogdofarnesio.com.br\\\/?p=349524#primaryimage\",\"url\":\"https:\\\/\\\/blogdofarnesio.com.br\\\/wp-content\\\/uploads\\\/2023\\\/09\\\/blogqsp-dep-zo-750x375-1.jpg\",\"contentUrl\":\"https:\\\/\\\/blogdofarnesio.com.br\\\/wp-content\\\/uploads\\\/2023\\\/09\\\/blogqsp-dep-zo-750x375-1.jpg\",\"width\":750,\"height\":375},{\"@type\":\"BreadcrumbList\",\"@id\":\"https:\\\/\\\/blogdofarnesio.com.br\\\/?p=349524#breadcrumb\",\"itemListElement\":[{\"@type\":\"ListItem\",\"position\":1,\"name\":\"In\u00edcio\",\"item\":\"https:\\\/\\\/blogdofarnesio.com.br\\\/\"},{\"@type\":\"ListItem\",\"position\":2,\"name\":\"Z\u00f3 diz que atentado de grileiros em Campo Alegre de Lourdes \u00e9 \u201cnova invas\u00e3o portuguesa\u201d no Brasil\"}]},{\"@type\":\"WebSite\",\"@id\":\"https:\\\/\\\/blogdofarnesio.com.br\\\/#website\",\"url\":\"https:\\\/\\\/blogdofarnesio.com.br\\\/\",\"name\":\"Blog do Farn\u00e9sio\",\"description\":\"Quer Saber Pol\u00edtica?\",\"publisher\":{\"@id\":\"https:\\\/\\\/blogdofarnesio.com.br\\\/#organization\"},\"potentialAction\":[{\"@type\":\"SearchAction\",\"target\":{\"@type\":\"EntryPoint\",\"urlTemplate\":\"https:\\\/\\\/blogdofarnesio.com.br\\\/?s={search_term_string}\"},\"query-input\":{\"@type\":\"PropertyValueSpecification\",\"valueRequired\":true,\"valueName\":\"search_term_string\"}}],\"inLanguage\":\"pt-BR\"},{\"@type\":\"Organization\",\"@id\":\"https:\\\/\\\/blogdofarnesio.com.br\\\/#organization\",\"name\":\"Blog do Farn\u00e9sio\",\"url\":\"https:\\\/\\\/blogdofarnesio.com.br\\\/\",\"logo\":{\"@type\":\"ImageObject\",\"inLanguage\":\"pt-BR\",\"@id\":\"https:\\\/\\\/blogdofarnesio.com.br\\\/#\\\/schema\\\/logo\\\/image\\\/\",\"url\":\"https:\\\/\\\/blogdofarnesio.com.br\\\/wp-content\\\/uploads\\\/2026\\\/03\\\/cropped-logo_new-1.png\",\"contentUrl\":\"https:\\\/\\\/blogdofarnesio.com.br\\\/wp-content\\\/uploads\\\/2026\\\/03\\\/cropped-logo_new-1.png\",\"width\":881,\"height\":685,\"caption\":\"Blog do Farn\u00e9sio\"},\"image\":{\"@id\":\"https:\\\/\\\/blogdofarnesio.com.br\\\/#\\\/schema\\\/logo\\\/image\\\/\"},\"sameAs\":[\"https:\\\/\\\/www.facebook.com\\\/BlogQuerSaberPolitica\\\/\"]},{\"@type\":\"Person\",\"@id\":\"https:\\\/\\\/blogdofarnesio.com.br\\\/#\\\/schema\\\/person\\\/bb9b23ae3ad0609ce8df7b6c9e76824d\",\"name\":\"Farn\u00e9sio\",\"image\":{\"@type\":\"ImageObject\",\"inLanguage\":\"pt-BR\",\"@id\":\"https:\\\/\\\/secure.gravatar.com\\\/avatar\\\/986aa4c61ccdb66f8555bf88fc2a65609d00bcabd4d2d94377a727547345cbca?s=96&d=mm&r=g\",\"url\":\"https:\\\/\\\/secure.gravatar.com\\\/avatar\\\/986aa4c61ccdb66f8555bf88fc2a65609d00bcabd4d2d94377a727547345cbca?s=96&d=mm&r=g\",\"contentUrl\":\"https:\\\/\\\/secure.gravatar.com\\\/avatar\\\/986aa4c61ccdb66f8555bf88fc2a65609d00bcabd4d2d94377a727547345cbca?s=96&d=mm&r=g\",\"caption\":\"Farn\u00e9sio\"},\"description\":\"Radialista blogueiro, chegou a Petrolina\\\/Juazeiro em setembro de 1980, Farn\u00e9sio Silva \u00e9 de Arapiraca-Alagoas.\",\"sameAs\":[\"http:\\\/\\\/blogdofarnesio.com.br\",\"https:\\\/\\\/www.facebook.com\\\/?ref=tn_tnmn\",\"https:\\\/\\\/www.instagram.com\\\/?utm_source=pwa_homescreen\",\"https:\\\/\\\/youtube.com.br\\\/\"],\"url\":\"https:\\\/\\\/blogdofarnesio.com.br\\\/?author=2\"}]}<\/script>\n<!-- \/ Yoast SEO plugin. -->","yoast_head_json":{"title":"Z\u00f3 diz que atentado de grileiros em Campo Alegre de Lourdes \u00e9 \u201cnova invas\u00e3o portuguesa\u201d no Brasil - Blog do Farn\u00e9sio","robots":{"index":"index","follow":"follow","max-snippet":"max-snippet:-1","max-image-preview":"max-image-preview:large","max-video-preview":"max-video-preview:-1"},"canonical":"https:\/\/blogdofarnesio.com.br\/?p=349524","og_locale":"pt_BR","og_type":"article","og_title":"Z\u00f3 diz que atentado de grileiros em Campo Alegre de Lourdes \u00e9 \u201cnova invas\u00e3o portuguesa\u201d no Brasil - Blog do Farn\u00e9sio","og_description":"O deputado estadual pela Bahia, Z\u00f3 (PCdoB), emitiu nota sobre o atentado \u00e0 bala sofrido por tr\u00eas pessoas na madrugada do \u00faltimo s\u00e1bado (2), na cidade de Campo Alegre de Lourdes, norte do Estado. A Pol\u00edcia Civil (PC) investiga se os crimes est\u00e3o ligados a conflito de terra que envolve grileiros e posseiros de fundos de pastos. Para o parlamentar, o crime ocorrido na regi\u00e3o \u00e9 uma nova invas\u00e3o portuguesa no Brasil. Acompanhe: A divisa Territorial entre a Bahia e o Estado do Piau\u00ed vem passando por uma nova invas\u00e3o portuguesa. Seguindo a mesma l\u00f3gica violenta dos navegadores coordenados por Pedro \u00c1lvares Cabral, iniciada nos anos 1500, os Munic\u00edpios de Campo Alegre de Lourdes, na Bahia, e Caracol e Guaribas,&hellip;","og_url":"https:\/\/blogdofarnesio.com.br\/?p=349524","og_site_name":"Blog do Farn\u00e9sio","article_publisher":"https:\/\/www.facebook.com\/BlogQuerSaberPolitica\/","article_author":"https:\/\/www.facebook.com\/?ref=tn_tnmn","article_published_time":"2023-09-04T20:35:30+00:00","og_image":[{"width":750,"height":375,"url":"https:\/\/blogdofarnesio.com.br\/wp-content\/uploads\/2023\/09\/blogqsp-dep-zo-750x375-1.jpg","type":"image\/jpeg"}],"author":"Farn\u00e9sio","twitter_card":"summary_large_image","twitter_misc":{"Escrito por":"Farn\u00e9sio","Est. tempo de leitura":"2 minutos"},"schema":{"@context":"https:\/\/schema.org","@graph":[{"@type":"Article","@id":"https:\/\/blogdofarnesio.com.br\/?p=349524#article","isPartOf":{"@id":"https:\/\/blogdofarnesio.com.br\/?p=349524"},"author":{"name":"Farn\u00e9sio","@id":"https:\/\/blogdofarnesio.com.br\/#\/schema\/person\/bb9b23ae3ad0609ce8df7b6c9e76824d"},"headline":"Z\u00f3 diz que atentado de grileiros em Campo Alegre de Lourdes \u00e9 \u201cnova invas\u00e3o portuguesa\u201d no Brasil","datePublished":"2023-09-04T20:35:30+00:00","mainEntityOfPage":{"@id":"https:\/\/blogdofarnesio.com.br\/?p=349524"},"wordCount":413,"commentCount":0,"publisher":{"@id":"https:\/\/blogdofarnesio.com.br\/#organization"},"image":{"@id":"https:\/\/blogdofarnesio.com.br\/?p=349524#primaryimage"},"thumbnailUrl":"https:\/\/blogdofarnesio.com.br\/wp-content\/uploads\/2023\/09\/blogqsp-dep-zo-750x375-1.jpg","articleSection":["Pol\u00edtica"],"inLanguage":"pt-BR","potentialAction":[{"@type":"CommentAction","name":"Comment","target":["https:\/\/blogdofarnesio.com.br\/?p=349524#respond"]}]},{"@type":"WebPage","@id":"https:\/\/blogdofarnesio.com.br\/?p=349524","url":"https:\/\/blogdofarnesio.com.br\/?p=349524","name":"Z\u00f3 diz que atentado de grileiros em Campo Alegre de Lourdes \u00e9 \u201cnova invas\u00e3o portuguesa\u201d no Brasil - Blog do Farn\u00e9sio","isPartOf":{"@id":"https:\/\/blogdofarnesio.com.br\/#website"},"primaryImageOfPage":{"@id":"https:\/\/blogdofarnesio.com.br\/?p=349524#primaryimage"},"image":{"@id":"https:\/\/blogdofarnesio.com.br\/?p=349524#primaryimage"},"thumbnailUrl":"https:\/\/blogdofarnesio.com.br\/wp-content\/uploads\/2023\/09\/blogqsp-dep-zo-750x375-1.jpg","datePublished":"2023-09-04T20:35:30+00:00","breadcrumb":{"@id":"https:\/\/blogdofarnesio.com.br\/?p=349524#breadcrumb"},"inLanguage":"pt-BR","potentialAction":[{"@type":"ReadAction","target":["https:\/\/blogdofarnesio.com.br\/?p=349524"]}]},{"@type":"ImageObject","inLanguage":"pt-BR","@id":"https:\/\/blogdofarnesio.com.br\/?p=349524#primaryimage","url":"https:\/\/blogdofarnesio.com.br\/wp-content\/uploads\/2023\/09\/blogqsp-dep-zo-750x375-1.jpg","contentUrl":"https:\/\/blogdofarnesio.com.br\/wp-content\/uploads\/2023\/09\/blogqsp-dep-zo-750x375-1.jpg","width":750,"height":375},{"@type":"BreadcrumbList","@id":"https:\/\/blogdofarnesio.com.br\/?p=349524#breadcrumb","itemListElement":[{"@type":"ListItem","position":1,"name":"In\u00edcio","item":"https:\/\/blogdofarnesio.com.br\/"},{"@type":"ListItem","position":2,"name":"Z\u00f3 diz que atentado de grileiros em Campo Alegre de Lourdes \u00e9 \u201cnova invas\u00e3o portuguesa\u201d no Brasil"}]},{"@type":"WebSite","@id":"https:\/\/blogdofarnesio.com.br\/#website","url":"https:\/\/blogdofarnesio.com.br\/","name":"Blog do Farn\u00e9sio","description":"Quer Saber Pol\u00edtica?","publisher":{"@id":"https:\/\/blogdofarnesio.com.br\/#organization"},"potentialAction":[{"@type":"SearchAction","target":{"@type":"EntryPoint","urlTemplate":"https:\/\/blogdofarnesio.com.br\/?s={search_term_string}"},"query-input":{"@type":"PropertyValueSpecification","valueRequired":true,"valueName":"search_term_string"}}],"inLanguage":"pt-BR"},{"@type":"Organization","@id":"https:\/\/blogdofarnesio.com.br\/#organization","name":"Blog do Farn\u00e9sio","url":"https:\/\/blogdofarnesio.com.br\/","logo":{"@type":"ImageObject","inLanguage":"pt-BR","@id":"https:\/\/blogdofarnesio.com.br\/#\/schema\/logo\/image\/","url":"https:\/\/blogdofarnesio.com.br\/wp-content\/uploads\/2026\/03\/cropped-logo_new-1.png","contentUrl":"https:\/\/blogdofarnesio.com.br\/wp-content\/uploads\/2026\/03\/cropped-logo_new-1.png","width":881,"height":685,"caption":"Blog do Farn\u00e9sio"},"image":{"@id":"https:\/\/blogdofarnesio.com.br\/#\/schema\/logo\/image\/"},"sameAs":["https:\/\/www.facebook.com\/BlogQuerSaberPolitica\/"]},{"@type":"Person","@id":"https:\/\/blogdofarnesio.com.br\/#\/schema\/person\/bb9b23ae3ad0609ce8df7b6c9e76824d","name":"Farn\u00e9sio","image":{"@type":"ImageObject","inLanguage":"pt-BR","@id":"https:\/\/secure.gravatar.com\/avatar\/986aa4c61ccdb66f8555bf88fc2a65609d00bcabd4d2d94377a727547345cbca?s=96&d=mm&r=g","url":"https:\/\/secure.gravatar.com\/avatar\/986aa4c61ccdb66f8555bf88fc2a65609d00bcabd4d2d94377a727547345cbca?s=96&d=mm&r=g","contentUrl":"https:\/\/secure.gravatar.com\/avatar\/986aa4c61ccdb66f8555bf88fc2a65609d00bcabd4d2d94377a727547345cbca?s=96&d=mm&r=g","caption":"Farn\u00e9sio"},"description":"Radialista blogueiro, chegou a Petrolina\/Juazeiro em setembro de 1980, Farn\u00e9sio Silva \u00e9 de Arapiraca-Alagoas.","sameAs":["http:\/\/blogdofarnesio.com.br","https:\/\/www.facebook.com\/?ref=tn_tnmn","https:\/\/www.instagram.com\/?utm_source=pwa_homescreen","https:\/\/youtube.com.br\/"],"url":"https:\/\/blogdofarnesio.com.br\/?author=2"}]}},"_links":{"self":[{"href":"https:\/\/blogdofarnesio.com.br\/index.php?rest_route=\/wp\/v2\/posts\/349524","targetHints":{"allow":["GET"]}}],"collection":[{"href":"https:\/\/blogdofarnesio.com.br\/index.php?rest_route=\/wp\/v2\/posts"}],"about":[{"href":"https:\/\/blogdofarnesio.com.br\/index.php?rest_route=\/wp\/v2\/types\/post"}],"author":[{"embeddable":true,"href":"https:\/\/blogdofarnesio.com.br\/index.php?rest_route=\/wp\/v2\/users\/2"}],"replies":[{"embeddable":true,"href":"https:\/\/blogdofarnesio.com.br\/index.php?rest_route=%2Fwp%2Fv2%2Fcomments&post=349524"}],"version-history":[{"count":0,"href":"https:\/\/blogdofarnesio.com.br\/index.php?rest_route=\/wp\/v2\/posts\/349524\/revisions"}],"wp:featuredmedia":[{"embeddable":true,"href":"https:\/\/blogdofarnesio.com.br\/index.php?rest_route=\/wp\/v2\/media\/349525"}],"wp:attachment":[{"href":"https:\/\/blogdofarnesio.com.br\/index.php?rest_route=%2Fwp%2Fv2%2Fmedia&parent=349524"}],"wp:term":[{"taxonomy":"category","embeddable":true,"href":"https:\/\/blogdofarnesio.com.br\/index.php?rest_route=%2Fwp%2Fv2%2Fcategories&post=349524"},{"taxonomy":"post_tag","embeddable":true,"href":"https:\/\/blogdofarnesio.com.br\/index.php?rest_route=%2Fwp%2Fv2%2Ftags&post=349524"}],"curies":[{"name":"wp","href":"https:\/\/api.w.org\/{rel}","templated":true}]}}