{"id":349521,"date":"2023-09-04T17:05:02","date_gmt":"2023-09-04T20:05:02","guid":{"rendered":"https:\/\/blogdofarnesio.com.br\/?p=349521"},"modified":"2023-09-04T16:19:05","modified_gmt":"2023-09-04T19:19:05","slug":"o-caso-da-deputada-estadual-do-pt-de-pernambuco-ameacada-de-estupro","status":"publish","type":"post","link":"https:\/\/blogdofarnesio.com.br\/?p=349521","title":{"rendered":"O caso da Deputada estadual do PT de Pernambuco amea\u00e7ada de estupro"},"content":{"rendered":"<header>\n<div class=\"details-bar\">\n<div class=\"author-time\">\n<div class=\"place-and-time\">\n<div class=\"place\">Brasil de Fato | Recife (PE) |<\/div>\n<\/div>\n<\/div>\n<\/div>\n<\/header>\n<div class=\"content\">\n<div class=\"text-content\">\n<p>A deputada estadual\u00a0<strong>Rosa Amorim\u00a0<\/strong>protocolou um boletim de ocorr\u00eancia (BO) ap\u00f3s receber, no \u00faltimo m\u00eas de agosto, uma mensagem no seu e-mail institucional com amea\u00e7as de <strong>estupro corretivo<\/strong> como forma de \u201ccura l\u00e9sbica\u201d. O autor do e-mail insinua tamb\u00e9m que sabe dados pessoais da parlamentar, como seu endere\u00e7o e a mensagem, com conte\u00fado lesbof\u00f3bico, trata a homossexualidade como doen\u00e7a a ser curada. A amea\u00e7a aconteceu justamente no m\u00eas da visibilidade l\u00e9sbica.<\/p>\n<p>Para Rosa, a amea\u00e7a representa uma tentativa de interferir na sua atua\u00e7\u00e3o parlamentar e tamb\u00e9m de outras mulheres que t\u00eam sofrido amea\u00e7as como esta. \u201cDiversas deputadas em todo o pa\u00eds vem recebendo amea\u00e7as assim como a que eu recebi, o que demonstra resqu\u00edcios da pol\u00edtica de \u00f3dio que vem sendo praticada desde o governo Bolsonaro\u201d, afirma Rosa, que completa: \u201cN\u00e3o v\u00e3o nos impedir de sermos quem somos ou lutar pelos nossos direitos e nem de toda a comunidade LGBTQIAPN+\u201d.<\/p>\n<p class=\"ckeditor-img-caption\"><img decoding=\"async\" src=\"https:\/\/images02.brasildefato.com.br\/b7a496dcf7cbca3fb2c94e45fb55e3e7.jpeg\" \/><br \/>\nMulher, jovem, negra e l\u00e9sbica, Rosa cumpre seu primeiro mandato na ALEPE\u00a0\/ Arquivo pessoal<\/p>\n<p>O caso n\u00e3o \u00e9 isolado. tamb\u00e9m em agosto (20), a vereadora de Belo Horizonte (MG) <a href=\"https:\/\/www.brasildefato.com.br\/2022\/06\/25\/artigo-somos-as-sementes-que-germinaram-de-marielle-franco\" target=\"_blank\" rel=\"noopener\">\u00a0Iza Louren\u00e7a<\/a>\u00a0(PSOL)\u00a0lan\u00e7ou nota denunciando\u00a0amea\u00e7as de estupro corretivo\u00a0que vem sofrendo desde a \u00faltima semana. Segundo a parlamentar, ela\u00a0e sua filha de tr\u00eas anos foram amea\u00e7adas por meio de mensagens em seus e-mails institucionais desde a \u00faltima sexta (18). No \u00faltimo dia 12 de agosto, a deputada estadual do Rio de Janeiro\u00a0<a href=\"https:\/\/www.brasildefato.com.br\/2023\/08\/13\/rio-de-janeiro-deputada-estadual-marina-do-mst-e-atacada-por-bolsonaristas-em-nova-friburgo\" target=\"_blank\" rel=\"noopener\">Marina do MST<\/a>\u00a0(PT) foi\u00a0atacada por bolsonaristas durante atividade do mandato em\u00a0Nova Friburgo (RJ)<\/p>\n<\/div>\n<\/div>\n","protected":false},"excerpt":{"rendered":"<p>Brasil de Fato | Recife (PE) | A deputada estadual\u00a0Rosa Amorim\u00a0protocolou um boletim de ocorr\u00eancia (BO) ap\u00f3s receber, no \u00faltimo m\u00eas de agosto, uma mensagem no seu e-mail institucional com amea\u00e7as de estupro corretivo como forma de \u201ccura l\u00e9sbica\u201d. O autor do e-mail insinua tamb\u00e9m que sabe dados pessoais da parlamentar, como seu endere\u00e7o e a mensagem, com conte\u00fado lesbof\u00f3bico, trata a homossexualidade como doen\u00e7a a ser curada. A amea\u00e7a aconteceu justamente no m\u00eas da visibilidade l\u00e9sbica. Para Rosa, a amea\u00e7a representa uma tentativa de interferir na sua atua\u00e7\u00e3o parlamentar e tamb\u00e9m de outras mulheres que t\u00eam sofrido amea\u00e7as como esta. \u201cDiversas deputadas em todo o pa\u00eds vem recebendo amea\u00e7as assim como a que eu recebi, o que demonstra resqu\u00edcios&hellip; <\/p>\n","protected":false},"author":2,"featured_media":349522,"comment_status":"open","ping_status":"open","sticky":false,"template":"","format":"standard","meta":{"_acf_changed":false,"footnotes":""},"categories":[9,1],"tags":[],"class_list":["post-349521","post","type-post","status-publish","format-standard","has-post-thumbnail","hentry","category-policia","category-politica"],"acf":[],"yoast_head":"<!-- This site is optimized with the Yoast SEO plugin v27.4 - https:\/\/yoast.com\/product\/yoast-seo-wordpress\/ -->\n<title>O caso da Deputada estadual do PT de Pernambuco amea\u00e7ada de estupro - Blog do Farn\u00e9sio<\/title>\n<meta name=\"robots\" content=\"index, follow, max-snippet:-1, max-image-preview:large, max-video-preview:-1\" \/>\n<link rel=\"canonical\" href=\"https:\/\/blogdofarnesio.com.br\/?p=349521\" \/>\n<meta property=\"og:locale\" content=\"pt_BR\" \/>\n<meta property=\"og:type\" content=\"article\" \/>\n<meta property=\"og:title\" content=\"O caso da Deputada estadual do PT de Pernambuco amea\u00e7ada de estupro - Blog do Farn\u00e9sio\" \/>\n<meta property=\"og:description\" content=\"Brasil de Fato | Recife (PE) | A deputada estadual\u00a0Rosa Amorim\u00a0protocolou um boletim de ocorr\u00eancia (BO) ap\u00f3s receber, no \u00faltimo m\u00eas de agosto, uma mensagem no seu e-mail institucional com amea\u00e7as de estupro corretivo como forma de \u201ccura l\u00e9sbica\u201d. O autor do e-mail insinua tamb\u00e9m que sabe dados pessoais da parlamentar, como seu endere\u00e7o e a mensagem, com conte\u00fado lesbof\u00f3bico, trata a homossexualidade como doen\u00e7a a ser curada. A amea\u00e7a aconteceu justamente no m\u00eas da visibilidade l\u00e9sbica. Para Rosa, a amea\u00e7a representa uma tentativa de interferir na sua atua\u00e7\u00e3o parlamentar e tamb\u00e9m de outras mulheres que t\u00eam sofrido amea\u00e7as como esta. \u201cDiversas deputadas em todo o pa\u00eds vem recebendo amea\u00e7as assim como a que eu recebi, o que demonstra resqu\u00edcios&hellip;\" \/>\n<meta property=\"og:url\" content=\"https:\/\/blogdofarnesio.com.br\/?p=349521\" \/>\n<meta property=\"og:site_name\" content=\"Blog do Farn\u00e9sio\" \/>\n<meta property=\"article:publisher\" content=\"https:\/\/www.facebook.com\/BlogQuerSaberPolitica\/\" \/>\n<meta property=\"article:author\" content=\"https:\/\/www.facebook.com\/?ref=tn_tnmn\" \/>\n<meta property=\"article:published_time\" content=\"2023-09-04T20:05:02+00:00\" \/>\n<meta property=\"og:image\" content=\"https:\/\/blogdofarnesio.com.br\/wp-content\/uploads\/2023\/09\/blogqspalepe-dep-rosa-amorim-PT.jpeg\" \/>\n\t<meta property=\"og:image:width\" content=\"800\" \/>\n\t<meta property=\"og:image:height\" content=\"533\" \/>\n\t<meta property=\"og:image:type\" content=\"image\/jpeg\" \/>\n<meta name=\"author\" content=\"Farn\u00e9sio\" \/>\n<meta name=\"twitter:card\" content=\"summary_large_image\" \/>\n<meta name=\"twitter:label1\" content=\"Escrito por\" \/>\n\t<meta name=\"twitter:data1\" content=\"Farn\u00e9sio\" \/>\n\t<meta name=\"twitter:label2\" content=\"Est. tempo de leitura\" \/>\n\t<meta name=\"twitter:data2\" content=\"2 minutos\" \/>\n<script type=\"application\/ld+json\" class=\"yoast-schema-graph\">{\"@context\":\"https:\\\/\\\/schema.org\",\"@graph\":[{\"@type\":\"Article\",\"@id\":\"https:\\\/\\\/blogdofarnesio.com.br\\\/?p=349521#article\",\"isPartOf\":{\"@id\":\"https:\\\/\\\/blogdofarnesio.com.br\\\/?p=349521\"},\"author\":{\"name\":\"Farn\u00e9sio\",\"@id\":\"https:\\\/\\\/blogdofarnesio.com.br\\\/#\\\/schema\\\/person\\\/bb9b23ae3ad0609ce8df7b6c9e76824d\"},\"headline\":\"O caso da Deputada estadual do PT de Pernambuco amea\u00e7ada de estupro\",\"datePublished\":\"2023-09-04T20:05:02+00:00\",\"mainEntityOfPage\":{\"@id\":\"https:\\\/\\\/blogdofarnesio.com.br\\\/?p=349521\"},\"wordCount\":297,\"commentCount\":0,\"publisher\":{\"@id\":\"https:\\\/\\\/blogdofarnesio.com.br\\\/#organization\"},\"image\":{\"@id\":\"https:\\\/\\\/blogdofarnesio.com.br\\\/?p=349521#primaryimage\"},\"thumbnailUrl\":\"https:\\\/\\\/blogdofarnesio.com.br\\\/wp-content\\\/uploads\\\/2023\\\/09\\\/blogqspalepe-dep-rosa-amorim-PT.jpeg\",\"articleSection\":[\"Pol\u00edcia\",\"Pol\u00edtica\"],\"inLanguage\":\"pt-BR\",\"potentialAction\":[{\"@type\":\"CommentAction\",\"name\":\"Comment\",\"target\":[\"https:\\\/\\\/blogdofarnesio.com.br\\\/?p=349521#respond\"]}]},{\"@type\":\"WebPage\",\"@id\":\"https:\\\/\\\/blogdofarnesio.com.br\\\/?p=349521\",\"url\":\"https:\\\/\\\/blogdofarnesio.com.br\\\/?p=349521\",\"name\":\"O caso da Deputada estadual do PT de Pernambuco amea\u00e7ada de estupro - Blog do Farn\u00e9sio\",\"isPartOf\":{\"@id\":\"https:\\\/\\\/blogdofarnesio.com.br\\\/#website\"},\"primaryImageOfPage\":{\"@id\":\"https:\\\/\\\/blogdofarnesio.com.br\\\/?p=349521#primaryimage\"},\"image\":{\"@id\":\"https:\\\/\\\/blogdofarnesio.com.br\\\/?p=349521#primaryimage\"},\"thumbnailUrl\":\"https:\\\/\\\/blogdofarnesio.com.br\\\/wp-content\\\/uploads\\\/2023\\\/09\\\/blogqspalepe-dep-rosa-amorim-PT.jpeg\",\"datePublished\":\"2023-09-04T20:05:02+00:00\",\"breadcrumb\":{\"@id\":\"https:\\\/\\\/blogdofarnesio.com.br\\\/?p=349521#breadcrumb\"},\"inLanguage\":\"pt-BR\",\"potentialAction\":[{\"@type\":\"ReadAction\",\"target\":[\"https:\\\/\\\/blogdofarnesio.com.br\\\/?p=349521\"]}]},{\"@type\":\"ImageObject\",\"inLanguage\":\"pt-BR\",\"@id\":\"https:\\\/\\\/blogdofarnesio.com.br\\\/?p=349521#primaryimage\",\"url\":\"https:\\\/\\\/blogdofarnesio.com.br\\\/wp-content\\\/uploads\\\/2023\\\/09\\\/blogqspalepe-dep-rosa-amorim-PT.jpeg\",\"contentUrl\":\"https:\\\/\\\/blogdofarnesio.com.br\\\/wp-content\\\/uploads\\\/2023\\\/09\\\/blogqspalepe-dep-rosa-amorim-PT.jpeg\",\"width\":800,\"height\":533,\"caption\":\"O autor do e-mail insinua tamb\u00e9m que sabe dados pessoais da parlamentar Rosa Amorim - Roberto Soares\\\/ALEPE\"},{\"@type\":\"BreadcrumbList\",\"@id\":\"https:\\\/\\\/blogdofarnesio.com.br\\\/?p=349521#breadcrumb\",\"itemListElement\":[{\"@type\":\"ListItem\",\"position\":1,\"name\":\"In\u00edcio\",\"item\":\"https:\\\/\\\/blogdofarnesio.com.br\\\/\"},{\"@type\":\"ListItem\",\"position\":2,\"name\":\"O caso da Deputada estadual do PT de Pernambuco amea\u00e7ada de estupro\"}]},{\"@type\":\"WebSite\",\"@id\":\"https:\\\/\\\/blogdofarnesio.com.br\\\/#website\",\"url\":\"https:\\\/\\\/blogdofarnesio.com.br\\\/\",\"name\":\"Blog do Farn\u00e9sio\",\"description\":\"Quer Saber Pol\u00edtica?\",\"publisher\":{\"@id\":\"https:\\\/\\\/blogdofarnesio.com.br\\\/#organization\"},\"potentialAction\":[{\"@type\":\"SearchAction\",\"target\":{\"@type\":\"EntryPoint\",\"urlTemplate\":\"https:\\\/\\\/blogdofarnesio.com.br\\\/?s={search_term_string}\"},\"query-input\":{\"@type\":\"PropertyValueSpecification\",\"valueRequired\":true,\"valueName\":\"search_term_string\"}}],\"inLanguage\":\"pt-BR\"},{\"@type\":\"Organization\",\"@id\":\"https:\\\/\\\/blogdofarnesio.com.br\\\/#organization\",\"name\":\"Blog do Farn\u00e9sio\",\"url\":\"https:\\\/\\\/blogdofarnesio.com.br\\\/\",\"logo\":{\"@type\":\"ImageObject\",\"inLanguage\":\"pt-BR\",\"@id\":\"https:\\\/\\\/blogdofarnesio.com.br\\\/#\\\/schema\\\/logo\\\/image\\\/\",\"url\":\"https:\\\/\\\/blogdofarnesio.com.br\\\/wp-content\\\/uploads\\\/2026\\\/03\\\/cropped-logo_new-1.png\",\"contentUrl\":\"https:\\\/\\\/blogdofarnesio.com.br\\\/wp-content\\\/uploads\\\/2026\\\/03\\\/cropped-logo_new-1.png\",\"width\":881,\"height\":685,\"caption\":\"Blog do Farn\u00e9sio\"},\"image\":{\"@id\":\"https:\\\/\\\/blogdofarnesio.com.br\\\/#\\\/schema\\\/logo\\\/image\\\/\"},\"sameAs\":[\"https:\\\/\\\/www.facebook.com\\\/BlogQuerSaberPolitica\\\/\"]},{\"@type\":\"Person\",\"@id\":\"https:\\\/\\\/blogdofarnesio.com.br\\\/#\\\/schema\\\/person\\\/bb9b23ae3ad0609ce8df7b6c9e76824d\",\"name\":\"Farn\u00e9sio\",\"image\":{\"@type\":\"ImageObject\",\"inLanguage\":\"pt-BR\",\"@id\":\"https:\\\/\\\/secure.gravatar.com\\\/avatar\\\/986aa4c61ccdb66f8555bf88fc2a65609d00bcabd4d2d94377a727547345cbca?s=96&d=mm&r=g\",\"url\":\"https:\\\/\\\/secure.gravatar.com\\\/avatar\\\/986aa4c61ccdb66f8555bf88fc2a65609d00bcabd4d2d94377a727547345cbca?s=96&d=mm&r=g\",\"contentUrl\":\"https:\\\/\\\/secure.gravatar.com\\\/avatar\\\/986aa4c61ccdb66f8555bf88fc2a65609d00bcabd4d2d94377a727547345cbca?s=96&d=mm&r=g\",\"caption\":\"Farn\u00e9sio\"},\"description\":\"Radialista blogueiro, chegou a Petrolina\\\/Juazeiro em setembro de 1980, Farn\u00e9sio Silva \u00e9 de Arapiraca-Alagoas.\",\"sameAs\":[\"http:\\\/\\\/blogdofarnesio.com.br\",\"https:\\\/\\\/www.facebook.com\\\/?ref=tn_tnmn\",\"https:\\\/\\\/www.instagram.com\\\/?utm_source=pwa_homescreen\",\"https:\\\/\\\/youtube.com.br\\\/\"],\"url\":\"https:\\\/\\\/blogdofarnesio.com.br\\\/?author=2\"}]}<\/script>\n<!-- \/ Yoast SEO plugin. -->","yoast_head_json":{"title":"O caso da Deputada estadual do PT de Pernambuco amea\u00e7ada de estupro - Blog do Farn\u00e9sio","robots":{"index":"index","follow":"follow","max-snippet":"max-snippet:-1","max-image-preview":"max-image-preview:large","max-video-preview":"max-video-preview:-1"},"canonical":"https:\/\/blogdofarnesio.com.br\/?p=349521","og_locale":"pt_BR","og_type":"article","og_title":"O caso da Deputada estadual do PT de Pernambuco amea\u00e7ada de estupro - Blog do Farn\u00e9sio","og_description":"Brasil de Fato | Recife (PE) | A deputada estadual\u00a0Rosa Amorim\u00a0protocolou um boletim de ocorr\u00eancia (BO) ap\u00f3s receber, no \u00faltimo m\u00eas de agosto, uma mensagem no seu e-mail institucional com amea\u00e7as de estupro corretivo como forma de \u201ccura l\u00e9sbica\u201d. O autor do e-mail insinua tamb\u00e9m que sabe dados pessoais da parlamentar, como seu endere\u00e7o e a mensagem, com conte\u00fado lesbof\u00f3bico, trata a homossexualidade como doen\u00e7a a ser curada. A amea\u00e7a aconteceu justamente no m\u00eas da visibilidade l\u00e9sbica. Para Rosa, a amea\u00e7a representa uma tentativa de interferir na sua atua\u00e7\u00e3o parlamentar e tamb\u00e9m de outras mulheres que t\u00eam sofrido amea\u00e7as como esta. \u201cDiversas deputadas em todo o pa\u00eds vem recebendo amea\u00e7as assim como a que eu recebi, o que demonstra resqu\u00edcios&hellip;","og_url":"https:\/\/blogdofarnesio.com.br\/?p=349521","og_site_name":"Blog do Farn\u00e9sio","article_publisher":"https:\/\/www.facebook.com\/BlogQuerSaberPolitica\/","article_author":"https:\/\/www.facebook.com\/?ref=tn_tnmn","article_published_time":"2023-09-04T20:05:02+00:00","og_image":[{"width":800,"height":533,"url":"https:\/\/blogdofarnesio.com.br\/wp-content\/uploads\/2023\/09\/blogqspalepe-dep-rosa-amorim-PT.jpeg","type":"image\/jpeg"}],"author":"Farn\u00e9sio","twitter_card":"summary_large_image","twitter_misc":{"Escrito por":"Farn\u00e9sio","Est. tempo de leitura":"2 minutos"},"schema":{"@context":"https:\/\/schema.org","@graph":[{"@type":"Article","@id":"https:\/\/blogdofarnesio.com.br\/?p=349521#article","isPartOf":{"@id":"https:\/\/blogdofarnesio.com.br\/?p=349521"},"author":{"name":"Farn\u00e9sio","@id":"https:\/\/blogdofarnesio.com.br\/#\/schema\/person\/bb9b23ae3ad0609ce8df7b6c9e76824d"},"headline":"O caso da Deputada estadual do PT de Pernambuco amea\u00e7ada de estupro","datePublished":"2023-09-04T20:05:02+00:00","mainEntityOfPage":{"@id":"https:\/\/blogdofarnesio.com.br\/?p=349521"},"wordCount":297,"commentCount":0,"publisher":{"@id":"https:\/\/blogdofarnesio.com.br\/#organization"},"image":{"@id":"https:\/\/blogdofarnesio.com.br\/?p=349521#primaryimage"},"thumbnailUrl":"https:\/\/blogdofarnesio.com.br\/wp-content\/uploads\/2023\/09\/blogqspalepe-dep-rosa-amorim-PT.jpeg","articleSection":["Pol\u00edcia","Pol\u00edtica"],"inLanguage":"pt-BR","potentialAction":[{"@type":"CommentAction","name":"Comment","target":["https:\/\/blogdofarnesio.com.br\/?p=349521#respond"]}]},{"@type":"WebPage","@id":"https:\/\/blogdofarnesio.com.br\/?p=349521","url":"https:\/\/blogdofarnesio.com.br\/?p=349521","name":"O caso da Deputada estadual do PT de Pernambuco amea\u00e7ada de estupro - Blog do Farn\u00e9sio","isPartOf":{"@id":"https:\/\/blogdofarnesio.com.br\/#website"},"primaryImageOfPage":{"@id":"https:\/\/blogdofarnesio.com.br\/?p=349521#primaryimage"},"image":{"@id":"https:\/\/blogdofarnesio.com.br\/?p=349521#primaryimage"},"thumbnailUrl":"https:\/\/blogdofarnesio.com.br\/wp-content\/uploads\/2023\/09\/blogqspalepe-dep-rosa-amorim-PT.jpeg","datePublished":"2023-09-04T20:05:02+00:00","breadcrumb":{"@id":"https:\/\/blogdofarnesio.com.br\/?p=349521#breadcrumb"},"inLanguage":"pt-BR","potentialAction":[{"@type":"ReadAction","target":["https:\/\/blogdofarnesio.com.br\/?p=349521"]}]},{"@type":"ImageObject","inLanguage":"pt-BR","@id":"https:\/\/blogdofarnesio.com.br\/?p=349521#primaryimage","url":"https:\/\/blogdofarnesio.com.br\/wp-content\/uploads\/2023\/09\/blogqspalepe-dep-rosa-amorim-PT.jpeg","contentUrl":"https:\/\/blogdofarnesio.com.br\/wp-content\/uploads\/2023\/09\/blogqspalepe-dep-rosa-amorim-PT.jpeg","width":800,"height":533,"caption":"O autor do e-mail insinua tamb\u00e9m que sabe dados pessoais da parlamentar Rosa Amorim - Roberto Soares\/ALEPE"},{"@type":"BreadcrumbList","@id":"https:\/\/blogdofarnesio.com.br\/?p=349521#breadcrumb","itemListElement":[{"@type":"ListItem","position":1,"name":"In\u00edcio","item":"https:\/\/blogdofarnesio.com.br\/"},{"@type":"ListItem","position":2,"name":"O caso da Deputada estadual do PT de Pernambuco amea\u00e7ada de estupro"}]},{"@type":"WebSite","@id":"https:\/\/blogdofarnesio.com.br\/#website","url":"https:\/\/blogdofarnesio.com.br\/","name":"Blog do Farn\u00e9sio","description":"Quer Saber Pol\u00edtica?","publisher":{"@id":"https:\/\/blogdofarnesio.com.br\/#organization"},"potentialAction":[{"@type":"SearchAction","target":{"@type":"EntryPoint","urlTemplate":"https:\/\/blogdofarnesio.com.br\/?s={search_term_string}"},"query-input":{"@type":"PropertyValueSpecification","valueRequired":true,"valueName":"search_term_string"}}],"inLanguage":"pt-BR"},{"@type":"Organization","@id":"https:\/\/blogdofarnesio.com.br\/#organization","name":"Blog do Farn\u00e9sio","url":"https:\/\/blogdofarnesio.com.br\/","logo":{"@type":"ImageObject","inLanguage":"pt-BR","@id":"https:\/\/blogdofarnesio.com.br\/#\/schema\/logo\/image\/","url":"https:\/\/blogdofarnesio.com.br\/wp-content\/uploads\/2026\/03\/cropped-logo_new-1.png","contentUrl":"https:\/\/blogdofarnesio.com.br\/wp-content\/uploads\/2026\/03\/cropped-logo_new-1.png","width":881,"height":685,"caption":"Blog do Farn\u00e9sio"},"image":{"@id":"https:\/\/blogdofarnesio.com.br\/#\/schema\/logo\/image\/"},"sameAs":["https:\/\/www.facebook.com\/BlogQuerSaberPolitica\/"]},{"@type":"Person","@id":"https:\/\/blogdofarnesio.com.br\/#\/schema\/person\/bb9b23ae3ad0609ce8df7b6c9e76824d","name":"Farn\u00e9sio","image":{"@type":"ImageObject","inLanguage":"pt-BR","@id":"https:\/\/secure.gravatar.com\/avatar\/986aa4c61ccdb66f8555bf88fc2a65609d00bcabd4d2d94377a727547345cbca?s=96&d=mm&r=g","url":"https:\/\/secure.gravatar.com\/avatar\/986aa4c61ccdb66f8555bf88fc2a65609d00bcabd4d2d94377a727547345cbca?s=96&d=mm&r=g","contentUrl":"https:\/\/secure.gravatar.com\/avatar\/986aa4c61ccdb66f8555bf88fc2a65609d00bcabd4d2d94377a727547345cbca?s=96&d=mm&r=g","caption":"Farn\u00e9sio"},"description":"Radialista blogueiro, chegou a Petrolina\/Juazeiro em setembro de 1980, Farn\u00e9sio Silva \u00e9 de Arapiraca-Alagoas.","sameAs":["http:\/\/blogdofarnesio.com.br","https:\/\/www.facebook.com\/?ref=tn_tnmn","https:\/\/www.instagram.com\/?utm_source=pwa_homescreen","https:\/\/youtube.com.br\/"],"url":"https:\/\/blogdofarnesio.com.br\/?author=2"}]}},"_links":{"self":[{"href":"https:\/\/blogdofarnesio.com.br\/index.php?rest_route=\/wp\/v2\/posts\/349521","targetHints":{"allow":["GET"]}}],"collection":[{"href":"https:\/\/blogdofarnesio.com.br\/index.php?rest_route=\/wp\/v2\/posts"}],"about":[{"href":"https:\/\/blogdofarnesio.com.br\/index.php?rest_route=\/wp\/v2\/types\/post"}],"author":[{"embeddable":true,"href":"https:\/\/blogdofarnesio.com.br\/index.php?rest_route=\/wp\/v2\/users\/2"}],"replies":[{"embeddable":true,"href":"https:\/\/blogdofarnesio.com.br\/index.php?rest_route=%2Fwp%2Fv2%2Fcomments&post=349521"}],"version-history":[{"count":0,"href":"https:\/\/blogdofarnesio.com.br\/index.php?rest_route=\/wp\/v2\/posts\/349521\/revisions"}],"wp:featuredmedia":[{"embeddable":true,"href":"https:\/\/blogdofarnesio.com.br\/index.php?rest_route=\/wp\/v2\/media\/349522"}],"wp:attachment":[{"href":"https:\/\/blogdofarnesio.com.br\/index.php?rest_route=%2Fwp%2Fv2%2Fmedia&parent=349521"}],"wp:term":[{"taxonomy":"category","embeddable":true,"href":"https:\/\/blogdofarnesio.com.br\/index.php?rest_route=%2Fwp%2Fv2%2Fcategories&post=349521"},{"taxonomy":"post_tag","embeddable":true,"href":"https:\/\/blogdofarnesio.com.br\/index.php?rest_route=%2Fwp%2Fv2%2Ftags&post=349521"}],"curies":[{"name":"wp","href":"https:\/\/api.w.org\/{rel}","templated":true}]}}