{"id":349518,"date":"2023-09-04T16:44:56","date_gmt":"2023-09-04T19:44:56","guid":{"rendered":"https:\/\/blogdofarnesio.com.br\/?p=349518"},"modified":"2023-09-04T16:05:50","modified_gmt":"2023-09-04T19:05:50","slug":"procon-de-juazeiro-da-dicas-para-contratar-seguro-de-automoveis","status":"publish","type":"post","link":"https:\/\/blogdofarnesio.com.br\/?p=349518","title":{"rendered":"Procon de Juazeiro d\u00e1 dicas para contratar seguro de autom\u00f3veis"},"content":{"rendered":"<p>Para quem tem autom\u00f3vel, a contrata\u00e7\u00e3o de um seguro garante tranquilidade. Seu prop\u00f3sito \u00e9 compensar o cliente por um preju\u00edzo em caso de um algum evento, apropriadamente chamado de sinistro: roubo, acidente de tr\u00e2nsito ou mesmo um vendaval ou uma enchente. Por isso, antes de assinar um contrato, o consumidor deve ficar atento a alguns detalhes.<\/p>\n<p>Por isso, o Procon, \u00f3rg\u00e3o vinculado \u00e0 Procuradoria Geral do Munic\u00edpio (PGM) da Prefeitura de Juazeiro, destaca algumas orienta\u00e7\u00f5es fundamentais para os consumidores que est\u00e3o em busca de contratar seguros para seus ve\u00edculos.<\/p>\n<p>De acordo com o coordenador do Procon, Carlos Macedo, o consumidor deve se informar sobre todos os detalhes do contrato, pois h\u00e1 muitas diferen\u00e7as entre eles. \u201cO consumidor deve ficar atento \u00e0 data de in\u00edcio da cobertura, ao valor da franquia, se h\u00e1 carro reserva em caso de roubo ou avaria, servi\u00e7os de guincho, se h\u00e1 cobertura em caso de danos contra terceiros e danos por fen\u00f4menos da natureza, como enchente\u201d, informa o coordenador.<\/p>\n<p><b>Aqui est\u00e3o algumas dicas valiosas do Procon:<br \/>\n<\/b><br \/>\n<b>Verifique o Cadastro na Susep:<\/b>\u00a0Antes de assinar qualquer contrato, \u00e9 essencial confirmar se tanto o corretor quanto a seguradora est\u00e3o devidamente cadastrados na Superintend\u00eancia de Supervis\u00e3o de Seguros Privados (Susep). Embora optar por um corretor confi\u00e1vel seja recomendado, a leitura atenta da proposta e das condi\u00e7\u00f5es contratuais \u00e9 imprescind\u00edvel.<\/p>\n<p><b>Compare as Propostas:\u00a0<\/b>N\u00e3o hesite em comparar diferentes propostas de seguro. Analisar pre\u00e7os, coberturas, exclus\u00f5es e benef\u00edcios como carro reserva \u00e9 crucial. A liberdade das empresas para determinar pr\u00eamios, franquias e b\u00f4nus permite aos consumidores uma sele\u00e7\u00e3o mais informada ao considerar recomenda\u00e7\u00f5es de diversas corretoras ou seguradoras.<\/p>\n<p><b>Aten\u00e7\u00e3o \u00e0s Coberturas e Exclus\u00f5es:<\/b>\u00a0Certifique-se de compreender as coberturas inclu\u00eddas e as situa\u00e7\u00f5es exclu\u00eddas do seguro. \u00c9 importante saber se eventos naturais como enchentes e quedas de \u00e1rvores est\u00e3o cobertos. Caso contr\u00e1rio, a possibilidade de negocia\u00e7\u00e3o existe.<\/p>\n<p><b>Prazo de Manifesta\u00e7\u00e3o da Seguradora:\u00a0<\/b>A seguradora tem um prazo de 15 dias para responder \u00e0 proposta ap\u00f3s o recebimento. Se a resposta for negativa, o reembolso do valor pago \u00e9 necess\u00e1rio at\u00e9 que a recusa seja efetiva. A data indicada na oferta do seguro \u00e9 o in\u00edcio da cobertura, e a precis\u00e3o da data de assinatura do contrato \u00e9 fundamental para evitar complica\u00e7\u00f5es.<\/p>\n<p><b>Preenchimento Preciso do Question\u00e1rio:<\/b>\u00a0No momento de preencher o question\u00e1rio de avalia\u00e7\u00e3o de risco, detalhes como idade, sexo, local de estacionamento, entre outros, influenciam no desconto do pr\u00eamio do seguro. O consumidor deve fornecer informa\u00e7\u00f5es precisas para garantir a veracidade dos dados.<\/p>\n<p><b>Pagamento Seguro:\u00a0<\/b>Ao efetuar o pagamento do pr\u00eamio de seguro, confirme que o boleto ou PIX est\u00e1 em nome da seguradora e apresenta o CNPJ correto. A manuten\u00e7\u00e3o dos recibos de pagamento \u00e9 essencial para a documenta\u00e7\u00e3o.<\/p>\n<p><b>Troca de Ve\u00edculo Durante o Contrato:\u00a0<\/b>Se ocorrer uma troca de ve\u00edculo durante o contrato, o consumidor pode precisar complementar ou receber um reembolso proporcional, dependendo da diferen\u00e7a de valor.<\/p>\n<p><b>Prazo de Liquida\u00e7\u00e3o da Indeniza\u00e7\u00e3o:\u00a0<\/b>A seguradora tem at\u00e9 30 dias, a partir do registro do sinistro, para liquidar a indeniza\u00e7\u00e3o ao segurado.<\/p>\n<p><b>Renova\u00e7\u00e3o de Contratos:<\/b>\u00a0Esteja atento \u00e0s datas de renova\u00e7\u00e3o dos contratos. Em caso de sinistro sem renova\u00e7\u00e3o, a seguradora n\u00e3o ter\u00e1 responsabilidade.<\/p>\n<p>\u2014<br \/>\nTexto: Gabriel Filliph\u00a0&#8211;\u00a0Ascom\u00a0PMJ<\/p>\n","protected":false},"excerpt":{"rendered":"<p>Para quem tem autom\u00f3vel, a contrata\u00e7\u00e3o de um seguro garante tranquilidade. Seu prop\u00f3sito \u00e9 compensar o cliente por um preju\u00edzo em caso de um algum evento, apropriadamente chamado de sinistro: roubo, acidente de tr\u00e2nsito ou mesmo um vendaval ou uma enchente. Por isso, antes de assinar um contrato, o consumidor deve ficar atento a alguns detalhes. Por isso, o Procon, \u00f3rg\u00e3o vinculado \u00e0 Procuradoria Geral do Munic\u00edpio (PGM) da Prefeitura de Juazeiro, destaca algumas orienta\u00e7\u00f5es fundamentais para os consumidores que est\u00e3o em busca de contratar seguros para seus ve\u00edculos. De acordo com o coordenador do Procon, Carlos Macedo, o consumidor deve se informar sobre todos os detalhes do contrato, pois h\u00e1 muitas diferen\u00e7as entre eles. \u201cO consumidor deve ficar atento&hellip; <\/p>\n","protected":false},"author":2,"featured_media":349519,"comment_status":"open","ping_status":"open","sticky":false,"template":"","format":"standard","meta":{"_acf_changed":false,"footnotes":""},"categories":[20],"tags":[],"class_list":["post-349518","post","type-post","status-publish","format-standard","has-post-thumbnail","hentry","category-economia"],"acf":[],"yoast_head":"<!-- This site is optimized with the Yoast SEO plugin v27.4 - https:\/\/yoast.com\/product\/yoast-seo-wordpress\/ -->\n<title>Procon de Juazeiro d\u00e1 dicas para contratar seguro de autom\u00f3veis - Blog do Farn\u00e9sio<\/title>\n<meta name=\"robots\" content=\"index, follow, max-snippet:-1, max-image-preview:large, max-video-preview:-1\" \/>\n<link rel=\"canonical\" href=\"https:\/\/blogdofarnesio.com.br\/?p=349518\" \/>\n<meta property=\"og:locale\" content=\"pt_BR\" \/>\n<meta property=\"og:type\" content=\"article\" \/>\n<meta property=\"og:title\" content=\"Procon de Juazeiro d\u00e1 dicas para contratar seguro de autom\u00f3veis - Blog do Farn\u00e9sio\" \/>\n<meta property=\"og:description\" content=\"Para quem tem autom\u00f3vel, a contrata\u00e7\u00e3o de um seguro garante tranquilidade. Seu prop\u00f3sito \u00e9 compensar o cliente por um preju\u00edzo em caso de um algum evento, apropriadamente chamado de sinistro: roubo, acidente de tr\u00e2nsito ou mesmo um vendaval ou uma enchente. Por isso, antes de assinar um contrato, o consumidor deve ficar atento a alguns detalhes. Por isso, o Procon, \u00f3rg\u00e3o vinculado \u00e0 Procuradoria Geral do Munic\u00edpio (PGM) da Prefeitura de Juazeiro, destaca algumas orienta\u00e7\u00f5es fundamentais para os consumidores que est\u00e3o em busca de contratar seguros para seus ve\u00edculos. De acordo com o coordenador do Procon, Carlos Macedo, o consumidor deve se informar sobre todos os detalhes do contrato, pois h\u00e1 muitas diferen\u00e7as entre eles. \u201cO consumidor deve ficar atento&hellip;\" \/>\n<meta property=\"og:url\" content=\"https:\/\/blogdofarnesio.com.br\/?p=349518\" \/>\n<meta property=\"og:site_name\" content=\"Blog do Farn\u00e9sio\" \/>\n<meta property=\"article:publisher\" content=\"https:\/\/www.facebook.com\/BlogQuerSaberPolitica\/\" \/>\n<meta property=\"article:author\" content=\"https:\/\/www.facebook.com\/?ref=tn_tnmn\" \/>\n<meta property=\"article:published_time\" content=\"2023-09-04T19:44:56+00:00\" \/>\n<meta property=\"og:image\" content=\"https:\/\/blogdofarnesio.com.br\/wp-content\/uploads\/2023\/09\/Imagem-do-WhatsApp-de-2023-09-04-as-10.38.04-e1693854327472.jpg\" \/>\n\t<meta property=\"og:image:width\" content=\"580\" \/>\n\t<meta property=\"og:image:height\" content=\"476\" \/>\n\t<meta property=\"og:image:type\" content=\"image\/jpeg\" \/>\n<meta name=\"author\" content=\"Farn\u00e9sio\" \/>\n<meta name=\"twitter:card\" content=\"summary_large_image\" \/>\n<meta name=\"twitter:label1\" content=\"Escrito por\" \/>\n\t<meta name=\"twitter:data1\" content=\"Farn\u00e9sio\" \/>\n\t<meta name=\"twitter:label2\" content=\"Est. tempo de leitura\" \/>\n\t<meta name=\"twitter:data2\" content=\"3 minutos\" \/>\n<script type=\"application\/ld+json\" class=\"yoast-schema-graph\">{\"@context\":\"https:\\\/\\\/schema.org\",\"@graph\":[{\"@type\":\"Article\",\"@id\":\"https:\\\/\\\/blogdofarnesio.com.br\\\/?p=349518#article\",\"isPartOf\":{\"@id\":\"https:\\\/\\\/blogdofarnesio.com.br\\\/?p=349518\"},\"author\":{\"name\":\"Farn\u00e9sio\",\"@id\":\"https:\\\/\\\/blogdofarnesio.com.br\\\/#\\\/schema\\\/person\\\/bb9b23ae3ad0609ce8df7b6c9e76824d\"},\"headline\":\"Procon de Juazeiro d\u00e1 dicas para contratar seguro de autom\u00f3veis\",\"datePublished\":\"2023-09-04T19:44:56+00:00\",\"mainEntityOfPage\":{\"@id\":\"https:\\\/\\\/blogdofarnesio.com.br\\\/?p=349518\"},\"wordCount\":587,\"commentCount\":0,\"publisher\":{\"@id\":\"https:\\\/\\\/blogdofarnesio.com.br\\\/#organization\"},\"image\":{\"@id\":\"https:\\\/\\\/blogdofarnesio.com.br\\\/?p=349518#primaryimage\"},\"thumbnailUrl\":\"https:\\\/\\\/blogdofarnesio.com.br\\\/wp-content\\\/uploads\\\/2023\\\/09\\\/Imagem-do-WhatsApp-de-2023-09-04-as-10.38.04-e1693854327472.jpg\",\"articleSection\":[\"Economia\"],\"inLanguage\":\"pt-BR\",\"potentialAction\":[{\"@type\":\"CommentAction\",\"name\":\"Comment\",\"target\":[\"https:\\\/\\\/blogdofarnesio.com.br\\\/?p=349518#respond\"]}]},{\"@type\":\"WebPage\",\"@id\":\"https:\\\/\\\/blogdofarnesio.com.br\\\/?p=349518\",\"url\":\"https:\\\/\\\/blogdofarnesio.com.br\\\/?p=349518\",\"name\":\"Procon de Juazeiro d\u00e1 dicas para contratar seguro de autom\u00f3veis - Blog do Farn\u00e9sio\",\"isPartOf\":{\"@id\":\"https:\\\/\\\/blogdofarnesio.com.br\\\/#website\"},\"primaryImageOfPage\":{\"@id\":\"https:\\\/\\\/blogdofarnesio.com.br\\\/?p=349518#primaryimage\"},\"image\":{\"@id\":\"https:\\\/\\\/blogdofarnesio.com.br\\\/?p=349518#primaryimage\"},\"thumbnailUrl\":\"https:\\\/\\\/blogdofarnesio.com.br\\\/wp-content\\\/uploads\\\/2023\\\/09\\\/Imagem-do-WhatsApp-de-2023-09-04-as-10.38.04-e1693854327472.jpg\",\"datePublished\":\"2023-09-04T19:44:56+00:00\",\"breadcrumb\":{\"@id\":\"https:\\\/\\\/blogdofarnesio.com.br\\\/?p=349518#breadcrumb\"},\"inLanguage\":\"pt-BR\",\"potentialAction\":[{\"@type\":\"ReadAction\",\"target\":[\"https:\\\/\\\/blogdofarnesio.com.br\\\/?p=349518\"]}]},{\"@type\":\"ImageObject\",\"inLanguage\":\"pt-BR\",\"@id\":\"https:\\\/\\\/blogdofarnesio.com.br\\\/?p=349518#primaryimage\",\"url\":\"https:\\\/\\\/blogdofarnesio.com.br\\\/wp-content\\\/uploads\\\/2023\\\/09\\\/Imagem-do-WhatsApp-de-2023-09-04-as-10.38.04-e1693854327472.jpg\",\"contentUrl\":\"https:\\\/\\\/blogdofarnesio.com.br\\\/wp-content\\\/uploads\\\/2023\\\/09\\\/Imagem-do-WhatsApp-de-2023-09-04-as-10.38.04-e1693854327472.jpg\",\"width\":580,\"height\":476},{\"@type\":\"BreadcrumbList\",\"@id\":\"https:\\\/\\\/blogdofarnesio.com.br\\\/?p=349518#breadcrumb\",\"itemListElement\":[{\"@type\":\"ListItem\",\"position\":1,\"name\":\"In\u00edcio\",\"item\":\"https:\\\/\\\/blogdofarnesio.com.br\\\/\"},{\"@type\":\"ListItem\",\"position\":2,\"name\":\"Procon de Juazeiro d\u00e1 dicas para contratar seguro de autom\u00f3veis\"}]},{\"@type\":\"WebSite\",\"@id\":\"https:\\\/\\\/blogdofarnesio.com.br\\\/#website\",\"url\":\"https:\\\/\\\/blogdofarnesio.com.br\\\/\",\"name\":\"Blog do Farn\u00e9sio\",\"description\":\"Quer Saber Pol\u00edtica?\",\"publisher\":{\"@id\":\"https:\\\/\\\/blogdofarnesio.com.br\\\/#organization\"},\"potentialAction\":[{\"@type\":\"SearchAction\",\"target\":{\"@type\":\"EntryPoint\",\"urlTemplate\":\"https:\\\/\\\/blogdofarnesio.com.br\\\/?s={search_term_string}\"},\"query-input\":{\"@type\":\"PropertyValueSpecification\",\"valueRequired\":true,\"valueName\":\"search_term_string\"}}],\"inLanguage\":\"pt-BR\"},{\"@type\":\"Organization\",\"@id\":\"https:\\\/\\\/blogdofarnesio.com.br\\\/#organization\",\"name\":\"Blog do Farn\u00e9sio\",\"url\":\"https:\\\/\\\/blogdofarnesio.com.br\\\/\",\"logo\":{\"@type\":\"ImageObject\",\"inLanguage\":\"pt-BR\",\"@id\":\"https:\\\/\\\/blogdofarnesio.com.br\\\/#\\\/schema\\\/logo\\\/image\\\/\",\"url\":\"https:\\\/\\\/blogdofarnesio.com.br\\\/wp-content\\\/uploads\\\/2026\\\/03\\\/cropped-logo_new-1.png\",\"contentUrl\":\"https:\\\/\\\/blogdofarnesio.com.br\\\/wp-content\\\/uploads\\\/2026\\\/03\\\/cropped-logo_new-1.png\",\"width\":881,\"height\":685,\"caption\":\"Blog do Farn\u00e9sio\"},\"image\":{\"@id\":\"https:\\\/\\\/blogdofarnesio.com.br\\\/#\\\/schema\\\/logo\\\/image\\\/\"},\"sameAs\":[\"https:\\\/\\\/www.facebook.com\\\/BlogQuerSaberPolitica\\\/\"]},{\"@type\":\"Person\",\"@id\":\"https:\\\/\\\/blogdofarnesio.com.br\\\/#\\\/schema\\\/person\\\/bb9b23ae3ad0609ce8df7b6c9e76824d\",\"name\":\"Farn\u00e9sio\",\"image\":{\"@type\":\"ImageObject\",\"inLanguage\":\"pt-BR\",\"@id\":\"https:\\\/\\\/secure.gravatar.com\\\/avatar\\\/986aa4c61ccdb66f8555bf88fc2a65609d00bcabd4d2d94377a727547345cbca?s=96&d=mm&r=g\",\"url\":\"https:\\\/\\\/secure.gravatar.com\\\/avatar\\\/986aa4c61ccdb66f8555bf88fc2a65609d00bcabd4d2d94377a727547345cbca?s=96&d=mm&r=g\",\"contentUrl\":\"https:\\\/\\\/secure.gravatar.com\\\/avatar\\\/986aa4c61ccdb66f8555bf88fc2a65609d00bcabd4d2d94377a727547345cbca?s=96&d=mm&r=g\",\"caption\":\"Farn\u00e9sio\"},\"description\":\"Radialista blogueiro, chegou a Petrolina\\\/Juazeiro em setembro de 1980, Farn\u00e9sio Silva \u00e9 de Arapiraca-Alagoas.\",\"sameAs\":[\"http:\\\/\\\/blogdofarnesio.com.br\",\"https:\\\/\\\/www.facebook.com\\\/?ref=tn_tnmn\",\"https:\\\/\\\/www.instagram.com\\\/?utm_source=pwa_homescreen\",\"https:\\\/\\\/youtube.com.br\\\/\"],\"url\":\"https:\\\/\\\/blogdofarnesio.com.br\\\/?author=2\"}]}<\/script>\n<!-- \/ Yoast SEO plugin. -->","yoast_head_json":{"title":"Procon de Juazeiro d\u00e1 dicas para contratar seguro de autom\u00f3veis - Blog do Farn\u00e9sio","robots":{"index":"index","follow":"follow","max-snippet":"max-snippet:-1","max-image-preview":"max-image-preview:large","max-video-preview":"max-video-preview:-1"},"canonical":"https:\/\/blogdofarnesio.com.br\/?p=349518","og_locale":"pt_BR","og_type":"article","og_title":"Procon de Juazeiro d\u00e1 dicas para contratar seguro de autom\u00f3veis - Blog do Farn\u00e9sio","og_description":"Para quem tem autom\u00f3vel, a contrata\u00e7\u00e3o de um seguro garante tranquilidade. Seu prop\u00f3sito \u00e9 compensar o cliente por um preju\u00edzo em caso de um algum evento, apropriadamente chamado de sinistro: roubo, acidente de tr\u00e2nsito ou mesmo um vendaval ou uma enchente. Por isso, antes de assinar um contrato, o consumidor deve ficar atento a alguns detalhes. Por isso, o Procon, \u00f3rg\u00e3o vinculado \u00e0 Procuradoria Geral do Munic\u00edpio (PGM) da Prefeitura de Juazeiro, destaca algumas orienta\u00e7\u00f5es fundamentais para os consumidores que est\u00e3o em busca de contratar seguros para seus ve\u00edculos. De acordo com o coordenador do Procon, Carlos Macedo, o consumidor deve se informar sobre todos os detalhes do contrato, pois h\u00e1 muitas diferen\u00e7as entre eles. \u201cO consumidor deve ficar atento&hellip;","og_url":"https:\/\/blogdofarnesio.com.br\/?p=349518","og_site_name":"Blog do Farn\u00e9sio","article_publisher":"https:\/\/www.facebook.com\/BlogQuerSaberPolitica\/","article_author":"https:\/\/www.facebook.com\/?ref=tn_tnmn","article_published_time":"2023-09-04T19:44:56+00:00","og_image":[{"width":580,"height":476,"url":"https:\/\/blogdofarnesio.com.br\/wp-content\/uploads\/2023\/09\/Imagem-do-WhatsApp-de-2023-09-04-as-10.38.04-e1693854327472.jpg","type":"image\/jpeg"}],"author":"Farn\u00e9sio","twitter_card":"summary_large_image","twitter_misc":{"Escrito por":"Farn\u00e9sio","Est. tempo de leitura":"3 minutos"},"schema":{"@context":"https:\/\/schema.org","@graph":[{"@type":"Article","@id":"https:\/\/blogdofarnesio.com.br\/?p=349518#article","isPartOf":{"@id":"https:\/\/blogdofarnesio.com.br\/?p=349518"},"author":{"name":"Farn\u00e9sio","@id":"https:\/\/blogdofarnesio.com.br\/#\/schema\/person\/bb9b23ae3ad0609ce8df7b6c9e76824d"},"headline":"Procon de Juazeiro d\u00e1 dicas para contratar seguro de autom\u00f3veis","datePublished":"2023-09-04T19:44:56+00:00","mainEntityOfPage":{"@id":"https:\/\/blogdofarnesio.com.br\/?p=349518"},"wordCount":587,"commentCount":0,"publisher":{"@id":"https:\/\/blogdofarnesio.com.br\/#organization"},"image":{"@id":"https:\/\/blogdofarnesio.com.br\/?p=349518#primaryimage"},"thumbnailUrl":"https:\/\/blogdofarnesio.com.br\/wp-content\/uploads\/2023\/09\/Imagem-do-WhatsApp-de-2023-09-04-as-10.38.04-e1693854327472.jpg","articleSection":["Economia"],"inLanguage":"pt-BR","potentialAction":[{"@type":"CommentAction","name":"Comment","target":["https:\/\/blogdofarnesio.com.br\/?p=349518#respond"]}]},{"@type":"WebPage","@id":"https:\/\/blogdofarnesio.com.br\/?p=349518","url":"https:\/\/blogdofarnesio.com.br\/?p=349518","name":"Procon de Juazeiro d\u00e1 dicas para contratar seguro de autom\u00f3veis - Blog do Farn\u00e9sio","isPartOf":{"@id":"https:\/\/blogdofarnesio.com.br\/#website"},"primaryImageOfPage":{"@id":"https:\/\/blogdofarnesio.com.br\/?p=349518#primaryimage"},"image":{"@id":"https:\/\/blogdofarnesio.com.br\/?p=349518#primaryimage"},"thumbnailUrl":"https:\/\/blogdofarnesio.com.br\/wp-content\/uploads\/2023\/09\/Imagem-do-WhatsApp-de-2023-09-04-as-10.38.04-e1693854327472.jpg","datePublished":"2023-09-04T19:44:56+00:00","breadcrumb":{"@id":"https:\/\/blogdofarnesio.com.br\/?p=349518#breadcrumb"},"inLanguage":"pt-BR","potentialAction":[{"@type":"ReadAction","target":["https:\/\/blogdofarnesio.com.br\/?p=349518"]}]},{"@type":"ImageObject","inLanguage":"pt-BR","@id":"https:\/\/blogdofarnesio.com.br\/?p=349518#primaryimage","url":"https:\/\/blogdofarnesio.com.br\/wp-content\/uploads\/2023\/09\/Imagem-do-WhatsApp-de-2023-09-04-as-10.38.04-e1693854327472.jpg","contentUrl":"https:\/\/blogdofarnesio.com.br\/wp-content\/uploads\/2023\/09\/Imagem-do-WhatsApp-de-2023-09-04-as-10.38.04-e1693854327472.jpg","width":580,"height":476},{"@type":"BreadcrumbList","@id":"https:\/\/blogdofarnesio.com.br\/?p=349518#breadcrumb","itemListElement":[{"@type":"ListItem","position":1,"name":"In\u00edcio","item":"https:\/\/blogdofarnesio.com.br\/"},{"@type":"ListItem","position":2,"name":"Procon de Juazeiro d\u00e1 dicas para contratar seguro de autom\u00f3veis"}]},{"@type":"WebSite","@id":"https:\/\/blogdofarnesio.com.br\/#website","url":"https:\/\/blogdofarnesio.com.br\/","name":"Blog do Farn\u00e9sio","description":"Quer Saber Pol\u00edtica?","publisher":{"@id":"https:\/\/blogdofarnesio.com.br\/#organization"},"potentialAction":[{"@type":"SearchAction","target":{"@type":"EntryPoint","urlTemplate":"https:\/\/blogdofarnesio.com.br\/?s={search_term_string}"},"query-input":{"@type":"PropertyValueSpecification","valueRequired":true,"valueName":"search_term_string"}}],"inLanguage":"pt-BR"},{"@type":"Organization","@id":"https:\/\/blogdofarnesio.com.br\/#organization","name":"Blog do Farn\u00e9sio","url":"https:\/\/blogdofarnesio.com.br\/","logo":{"@type":"ImageObject","inLanguage":"pt-BR","@id":"https:\/\/blogdofarnesio.com.br\/#\/schema\/logo\/image\/","url":"https:\/\/blogdofarnesio.com.br\/wp-content\/uploads\/2026\/03\/cropped-logo_new-1.png","contentUrl":"https:\/\/blogdofarnesio.com.br\/wp-content\/uploads\/2026\/03\/cropped-logo_new-1.png","width":881,"height":685,"caption":"Blog do Farn\u00e9sio"},"image":{"@id":"https:\/\/blogdofarnesio.com.br\/#\/schema\/logo\/image\/"},"sameAs":["https:\/\/www.facebook.com\/BlogQuerSaberPolitica\/"]},{"@type":"Person","@id":"https:\/\/blogdofarnesio.com.br\/#\/schema\/person\/bb9b23ae3ad0609ce8df7b6c9e76824d","name":"Farn\u00e9sio","image":{"@type":"ImageObject","inLanguage":"pt-BR","@id":"https:\/\/secure.gravatar.com\/avatar\/986aa4c61ccdb66f8555bf88fc2a65609d00bcabd4d2d94377a727547345cbca?s=96&d=mm&r=g","url":"https:\/\/secure.gravatar.com\/avatar\/986aa4c61ccdb66f8555bf88fc2a65609d00bcabd4d2d94377a727547345cbca?s=96&d=mm&r=g","contentUrl":"https:\/\/secure.gravatar.com\/avatar\/986aa4c61ccdb66f8555bf88fc2a65609d00bcabd4d2d94377a727547345cbca?s=96&d=mm&r=g","caption":"Farn\u00e9sio"},"description":"Radialista blogueiro, chegou a Petrolina\/Juazeiro em setembro de 1980, Farn\u00e9sio Silva \u00e9 de Arapiraca-Alagoas.","sameAs":["http:\/\/blogdofarnesio.com.br","https:\/\/www.facebook.com\/?ref=tn_tnmn","https:\/\/www.instagram.com\/?utm_source=pwa_homescreen","https:\/\/youtube.com.br\/"],"url":"https:\/\/blogdofarnesio.com.br\/?author=2"}]}},"_links":{"self":[{"href":"https:\/\/blogdofarnesio.com.br\/index.php?rest_route=\/wp\/v2\/posts\/349518","targetHints":{"allow":["GET"]}}],"collection":[{"href":"https:\/\/blogdofarnesio.com.br\/index.php?rest_route=\/wp\/v2\/posts"}],"about":[{"href":"https:\/\/blogdofarnesio.com.br\/index.php?rest_route=\/wp\/v2\/types\/post"}],"author":[{"embeddable":true,"href":"https:\/\/blogdofarnesio.com.br\/index.php?rest_route=\/wp\/v2\/users\/2"}],"replies":[{"embeddable":true,"href":"https:\/\/blogdofarnesio.com.br\/index.php?rest_route=%2Fwp%2Fv2%2Fcomments&post=349518"}],"version-history":[{"count":0,"href":"https:\/\/blogdofarnesio.com.br\/index.php?rest_route=\/wp\/v2\/posts\/349518\/revisions"}],"wp:featuredmedia":[{"embeddable":true,"href":"https:\/\/blogdofarnesio.com.br\/index.php?rest_route=\/wp\/v2\/media\/349519"}],"wp:attachment":[{"href":"https:\/\/blogdofarnesio.com.br\/index.php?rest_route=%2Fwp%2Fv2%2Fmedia&parent=349518"}],"wp:term":[{"taxonomy":"category","embeddable":true,"href":"https:\/\/blogdofarnesio.com.br\/index.php?rest_route=%2Fwp%2Fv2%2Fcategories&post=349518"},{"taxonomy":"post_tag","embeddable":true,"href":"https:\/\/blogdofarnesio.com.br\/index.php?rest_route=%2Fwp%2Fv2%2Ftags&post=349518"}],"curies":[{"name":"wp","href":"https:\/\/api.w.org\/{rel}","templated":true}]}}