{"id":349516,"date":"2023-09-04T16:24:03","date_gmt":"2023-09-04T19:24:03","guid":{"rendered":"https:\/\/blogdofarnesio.com.br\/?p=349516"},"modified":"2023-09-04T16:01:07","modified_gmt":"2023-09-04T19:01:07","slug":"roberto-carlos-propoe-lei-para-defender-vigilantes-baianos","status":"publish","type":"post","link":"https:\/\/blogdofarnesio.com.br\/?p=349516","title":{"rendered":"Roberto Carlos prop\u00f5e Lei para defender vigilantes baianos"},"content":{"rendered":"<div id=\":rk\" class=\"ii gt\">\n<div id=\":rj\" class=\"a3s aiL \">\n<div dir=\"ltr\">\n<p><span>Em prol da seguran\u00e7a e do bem-estar dos vigilantes baianos, o deputado estadual Roberto Carlos apresentou um Projeto de Lei na Assembleia Legislativa do Estado, que visa proibir qualquer forma de constrangimento ou embara\u00e7o aos profissionais da seguran\u00e7a privada enquanto exercem suas fun\u00e7\u00f5es. <\/span><\/p>\n<p><span>Com um hist\u00f3rico de viol\u00eancia enfrentado pelos vigilantes no desempenho de suas atividades, a Bahia est\u00e1 determinada a assegurar que esses her\u00f3is da seguran\u00e7a sejam tratados com o respeito que merecem.<\/span><\/p>\n<p><span>&#8220;A rotina dos vigilantes exp\u00f5e os profissionais que atuam na seguran\u00e7a privada aos mais profundos gargalos da seguran\u00e7a p\u00fablica, uma vez que esse \u00e9 um setor de alto risco e os profissionais que trabalham nessa \u00e1rea est\u00e3o ainda mais vulner\u00e1veis \u00e0 viol\u00eancia&#8221;, enfatizou o deputado Roberto Carlos.<\/span><\/p>\n<p><span>De acordo com o Parlamentar, muitos profissionais n\u00e3o s\u00e3o respeitados no exerc\u00edcio de sua profiss\u00e3o e grande \u00e9 o n\u00famero dos que sofrem com sintomas de depress\u00e3o e s\u00edndrome do p\u00e2nico. Exatamente por isso, essa lei \u00e9 urgente para assegurar que o vigilante possa ter liberdade durante a pr\u00e1tica profissional e que haja puni\u00e7\u00e3o administrativa \u00e0queles que causam constrangimento ou embara\u00e7o a esta atividade.<\/span><\/p>\n<p><span>O Projeto de Lei apresentado pelo deputado busca proteger os vigilantes, reconhecendo os desafios \u00fanicos que eles enfrentam em seu trabalho. A Bahia est\u00e1 mobilizada para garantir que esses profissionais possam desempenhar suas fun\u00e7\u00f5es com dignidade e seguran\u00e7a.<\/span><\/p>\n<\/div>\n<div class=\"yj6qo\"><\/div>\n<div class=\"adL\"><\/div>\n<\/div>\n<\/div>\n<div id=\":sh\" class=\"hq gt\"><\/div>\n","protected":false},"excerpt":{"rendered":"<p>Em prol da seguran\u00e7a e do bem-estar dos vigilantes baianos, o deputado estadual Roberto Carlos apresentou um Projeto de Lei na Assembleia Legislativa do Estado, que visa proibir qualquer forma de constrangimento ou embara\u00e7o aos profissionais da seguran\u00e7a privada enquanto exercem suas fun\u00e7\u00f5es. Com um hist\u00f3rico de viol\u00eancia enfrentado pelos vigilantes no desempenho de suas atividades, a Bahia est\u00e1 determinada a assegurar que esses her\u00f3is da seguran\u00e7a sejam tratados com o respeito que merecem. &#8220;A rotina dos vigilantes exp\u00f5e os profissionais que atuam na seguran\u00e7a privada aos mais profundos gargalos da seguran\u00e7a p\u00fablica, uma vez que esse \u00e9 um setor de alto risco e os profissionais que trabalham nessa \u00e1rea est\u00e3o ainda mais vulner\u00e1veis \u00e0 viol\u00eancia&#8221;, enfatizou o deputado Roberto&hellip; <\/p>\n","protected":false},"author":2,"featured_media":336249,"comment_status":"open","ping_status":"open","sticky":false,"template":"","format":"standard","meta":{"_acf_changed":false,"footnotes":""},"categories":[1],"tags":[],"class_list":["post-349516","post","type-post","status-publish","format-standard","has-post-thumbnail","hentry","category-politica"],"acf":[],"yoast_head":"<!-- This site is optimized with the Yoast SEO plugin v27.4 - https:\/\/yoast.com\/product\/yoast-seo-wordpress\/ -->\n<title>Roberto Carlos prop\u00f5e Lei para defender vigilantes baianos - Blog do Farn\u00e9sio<\/title>\n<meta name=\"robots\" content=\"index, follow, max-snippet:-1, max-image-preview:large, max-video-preview:-1\" \/>\n<link rel=\"canonical\" href=\"https:\/\/blogdofarnesio.com.br\/?p=349516\" \/>\n<meta property=\"og:locale\" content=\"pt_BR\" \/>\n<meta property=\"og:type\" content=\"article\" \/>\n<meta property=\"og:title\" content=\"Roberto Carlos prop\u00f5e Lei para defender vigilantes baianos - Blog do Farn\u00e9sio\" \/>\n<meta property=\"og:description\" content=\"Em prol da seguran\u00e7a e do bem-estar dos vigilantes baianos, o deputado estadual Roberto Carlos apresentou um Projeto de Lei na Assembleia Legislativa do Estado, que visa proibir qualquer forma de constrangimento ou embara\u00e7o aos profissionais da seguran\u00e7a privada enquanto exercem suas fun\u00e7\u00f5es. Com um hist\u00f3rico de viol\u00eancia enfrentado pelos vigilantes no desempenho de suas atividades, a Bahia est\u00e1 determinada a assegurar que esses her\u00f3is da seguran\u00e7a sejam tratados com o respeito que merecem. &#8220;A rotina dos vigilantes exp\u00f5e os profissionais que atuam na seguran\u00e7a privada aos mais profundos gargalos da seguran\u00e7a p\u00fablica, uma vez que esse \u00e9 um setor de alto risco e os profissionais que trabalham nessa \u00e1rea est\u00e3o ainda mais vulner\u00e1veis \u00e0 viol\u00eancia&#8221;, enfatizou o deputado Roberto&hellip;\" \/>\n<meta property=\"og:url\" content=\"https:\/\/blogdofarnesio.com.br\/?p=349516\" \/>\n<meta property=\"og:site_name\" content=\"Blog do Farn\u00e9sio\" \/>\n<meta property=\"article:publisher\" content=\"https:\/\/www.facebook.com\/BlogQuerSaberPolitica\/\" \/>\n<meta property=\"article:author\" content=\"https:\/\/www.facebook.com\/?ref=tn_tnmn\" \/>\n<meta property=\"article:published_time\" content=\"2023-09-04T19:24:03+00:00\" \/>\n<meta property=\"og:image\" content=\"https:\/\/blogdofarnesio.com.br\/wp-content\/uploads\/2023\/03\/blogqspdep-rcarlos-e1687952576269.jpg\" \/>\n\t<meta property=\"og:image:width\" content=\"620\" \/>\n\t<meta property=\"og:image:height\" content=\"413\" \/>\n\t<meta property=\"og:image:type\" content=\"image\/jpeg\" \/>\n<meta name=\"author\" content=\"Farn\u00e9sio\" \/>\n<meta name=\"twitter:card\" content=\"summary_large_image\" \/>\n<meta name=\"twitter:label1\" content=\"Escrito por\" \/>\n\t<meta name=\"twitter:data1\" content=\"Farn\u00e9sio\" \/>\n\t<meta name=\"twitter:label2\" content=\"Est. tempo de leitura\" \/>\n\t<meta name=\"twitter:data2\" content=\"2 minutos\" \/>\n<script type=\"application\/ld+json\" class=\"yoast-schema-graph\">{\"@context\":\"https:\\\/\\\/schema.org\",\"@graph\":[{\"@type\":\"Article\",\"@id\":\"https:\\\/\\\/blogdofarnesio.com.br\\\/?p=349516#article\",\"isPartOf\":{\"@id\":\"https:\\\/\\\/blogdofarnesio.com.br\\\/?p=349516\"},\"author\":{\"name\":\"Farn\u00e9sio\",\"@id\":\"https:\\\/\\\/blogdofarnesio.com.br\\\/#\\\/schema\\\/person\\\/bb9b23ae3ad0609ce8df7b6c9e76824d\"},\"headline\":\"Roberto Carlos prop\u00f5e Lei para defender vigilantes baianos\",\"datePublished\":\"2023-09-04T19:24:03+00:00\",\"mainEntityOfPage\":{\"@id\":\"https:\\\/\\\/blogdofarnesio.com.br\\\/?p=349516\"},\"wordCount\":256,\"commentCount\":0,\"publisher\":{\"@id\":\"https:\\\/\\\/blogdofarnesio.com.br\\\/#organization\"},\"image\":{\"@id\":\"https:\\\/\\\/blogdofarnesio.com.br\\\/?p=349516#primaryimage\"},\"thumbnailUrl\":\"https:\\\/\\\/blogdofarnesio.com.br\\\/wp-content\\\/uploads\\\/2023\\\/03\\\/blogqspdep-rcarlos-e1687952576269.jpg\",\"articleSection\":[\"Pol\u00edtica\"],\"inLanguage\":\"pt-BR\",\"potentialAction\":[{\"@type\":\"CommentAction\",\"name\":\"Comment\",\"target\":[\"https:\\\/\\\/blogdofarnesio.com.br\\\/?p=349516#respond\"]}]},{\"@type\":\"WebPage\",\"@id\":\"https:\\\/\\\/blogdofarnesio.com.br\\\/?p=349516\",\"url\":\"https:\\\/\\\/blogdofarnesio.com.br\\\/?p=349516\",\"name\":\"Roberto Carlos prop\u00f5e Lei para defender vigilantes baianos - Blog do Farn\u00e9sio\",\"isPartOf\":{\"@id\":\"https:\\\/\\\/blogdofarnesio.com.br\\\/#website\"},\"primaryImageOfPage\":{\"@id\":\"https:\\\/\\\/blogdofarnesio.com.br\\\/?p=349516#primaryimage\"},\"image\":{\"@id\":\"https:\\\/\\\/blogdofarnesio.com.br\\\/?p=349516#primaryimage\"},\"thumbnailUrl\":\"https:\\\/\\\/blogdofarnesio.com.br\\\/wp-content\\\/uploads\\\/2023\\\/03\\\/blogqspdep-rcarlos-e1687952576269.jpg\",\"datePublished\":\"2023-09-04T19:24:03+00:00\",\"breadcrumb\":{\"@id\":\"https:\\\/\\\/blogdofarnesio.com.br\\\/?p=349516#breadcrumb\"},\"inLanguage\":\"pt-BR\",\"potentialAction\":[{\"@type\":\"ReadAction\",\"target\":[\"https:\\\/\\\/blogdofarnesio.com.br\\\/?p=349516\"]}]},{\"@type\":\"ImageObject\",\"inLanguage\":\"pt-BR\",\"@id\":\"https:\\\/\\\/blogdofarnesio.com.br\\\/?p=349516#primaryimage\",\"url\":\"https:\\\/\\\/blogdofarnesio.com.br\\\/wp-content\\\/uploads\\\/2023\\\/03\\\/blogqspdep-rcarlos-e1687952576269.jpg\",\"contentUrl\":\"https:\\\/\\\/blogdofarnesio.com.br\\\/wp-content\\\/uploads\\\/2023\\\/03\\\/blogqspdep-rcarlos-e1687952576269.jpg\",\"width\":620,\"height\":413},{\"@type\":\"BreadcrumbList\",\"@id\":\"https:\\\/\\\/blogdofarnesio.com.br\\\/?p=349516#breadcrumb\",\"itemListElement\":[{\"@type\":\"ListItem\",\"position\":1,\"name\":\"In\u00edcio\",\"item\":\"https:\\\/\\\/blogdofarnesio.com.br\\\/\"},{\"@type\":\"ListItem\",\"position\":2,\"name\":\"Roberto Carlos prop\u00f5e Lei para defender vigilantes baianos\"}]},{\"@type\":\"WebSite\",\"@id\":\"https:\\\/\\\/blogdofarnesio.com.br\\\/#website\",\"url\":\"https:\\\/\\\/blogdofarnesio.com.br\\\/\",\"name\":\"Blog do Farn\u00e9sio\",\"description\":\"Quer Saber Pol\u00edtica?\",\"publisher\":{\"@id\":\"https:\\\/\\\/blogdofarnesio.com.br\\\/#organization\"},\"potentialAction\":[{\"@type\":\"SearchAction\",\"target\":{\"@type\":\"EntryPoint\",\"urlTemplate\":\"https:\\\/\\\/blogdofarnesio.com.br\\\/?s={search_term_string}\"},\"query-input\":{\"@type\":\"PropertyValueSpecification\",\"valueRequired\":true,\"valueName\":\"search_term_string\"}}],\"inLanguage\":\"pt-BR\"},{\"@type\":\"Organization\",\"@id\":\"https:\\\/\\\/blogdofarnesio.com.br\\\/#organization\",\"name\":\"Blog do Farn\u00e9sio\",\"url\":\"https:\\\/\\\/blogdofarnesio.com.br\\\/\",\"logo\":{\"@type\":\"ImageObject\",\"inLanguage\":\"pt-BR\",\"@id\":\"https:\\\/\\\/blogdofarnesio.com.br\\\/#\\\/schema\\\/logo\\\/image\\\/\",\"url\":\"https:\\\/\\\/blogdofarnesio.com.br\\\/wp-content\\\/uploads\\\/2026\\\/03\\\/cropped-logo_new-1.png\",\"contentUrl\":\"https:\\\/\\\/blogdofarnesio.com.br\\\/wp-content\\\/uploads\\\/2026\\\/03\\\/cropped-logo_new-1.png\",\"width\":881,\"height\":685,\"caption\":\"Blog do Farn\u00e9sio\"},\"image\":{\"@id\":\"https:\\\/\\\/blogdofarnesio.com.br\\\/#\\\/schema\\\/logo\\\/image\\\/\"},\"sameAs\":[\"https:\\\/\\\/www.facebook.com\\\/BlogQuerSaberPolitica\\\/\"]},{\"@type\":\"Person\",\"@id\":\"https:\\\/\\\/blogdofarnesio.com.br\\\/#\\\/schema\\\/person\\\/bb9b23ae3ad0609ce8df7b6c9e76824d\",\"name\":\"Farn\u00e9sio\",\"image\":{\"@type\":\"ImageObject\",\"inLanguage\":\"pt-BR\",\"@id\":\"https:\\\/\\\/secure.gravatar.com\\\/avatar\\\/986aa4c61ccdb66f8555bf88fc2a65609d00bcabd4d2d94377a727547345cbca?s=96&d=mm&r=g\",\"url\":\"https:\\\/\\\/secure.gravatar.com\\\/avatar\\\/986aa4c61ccdb66f8555bf88fc2a65609d00bcabd4d2d94377a727547345cbca?s=96&d=mm&r=g\",\"contentUrl\":\"https:\\\/\\\/secure.gravatar.com\\\/avatar\\\/986aa4c61ccdb66f8555bf88fc2a65609d00bcabd4d2d94377a727547345cbca?s=96&d=mm&r=g\",\"caption\":\"Farn\u00e9sio\"},\"description\":\"Radialista blogueiro, chegou a Petrolina\\\/Juazeiro em setembro de 1980, Farn\u00e9sio Silva \u00e9 de Arapiraca-Alagoas.\",\"sameAs\":[\"http:\\\/\\\/blogdofarnesio.com.br\",\"https:\\\/\\\/www.facebook.com\\\/?ref=tn_tnmn\",\"https:\\\/\\\/www.instagram.com\\\/?utm_source=pwa_homescreen\",\"https:\\\/\\\/youtube.com.br\\\/\"],\"url\":\"https:\\\/\\\/blogdofarnesio.com.br\\\/?author=2\"}]}<\/script>\n<!-- \/ Yoast SEO plugin. -->","yoast_head_json":{"title":"Roberto Carlos prop\u00f5e Lei para defender vigilantes baianos - Blog do Farn\u00e9sio","robots":{"index":"index","follow":"follow","max-snippet":"max-snippet:-1","max-image-preview":"max-image-preview:large","max-video-preview":"max-video-preview:-1"},"canonical":"https:\/\/blogdofarnesio.com.br\/?p=349516","og_locale":"pt_BR","og_type":"article","og_title":"Roberto Carlos prop\u00f5e Lei para defender vigilantes baianos - Blog do Farn\u00e9sio","og_description":"Em prol da seguran\u00e7a e do bem-estar dos vigilantes baianos, o deputado estadual Roberto Carlos apresentou um Projeto de Lei na Assembleia Legislativa do Estado, que visa proibir qualquer forma de constrangimento ou embara\u00e7o aos profissionais da seguran\u00e7a privada enquanto exercem suas fun\u00e7\u00f5es. Com um hist\u00f3rico de viol\u00eancia enfrentado pelos vigilantes no desempenho de suas atividades, a Bahia est\u00e1 determinada a assegurar que esses her\u00f3is da seguran\u00e7a sejam tratados com o respeito que merecem. &#8220;A rotina dos vigilantes exp\u00f5e os profissionais que atuam na seguran\u00e7a privada aos mais profundos gargalos da seguran\u00e7a p\u00fablica, uma vez que esse \u00e9 um setor de alto risco e os profissionais que trabalham nessa \u00e1rea est\u00e3o ainda mais vulner\u00e1veis \u00e0 viol\u00eancia&#8221;, enfatizou o deputado Roberto&hellip;","og_url":"https:\/\/blogdofarnesio.com.br\/?p=349516","og_site_name":"Blog do Farn\u00e9sio","article_publisher":"https:\/\/www.facebook.com\/BlogQuerSaberPolitica\/","article_author":"https:\/\/www.facebook.com\/?ref=tn_tnmn","article_published_time":"2023-09-04T19:24:03+00:00","og_image":[{"width":620,"height":413,"url":"https:\/\/blogdofarnesio.com.br\/wp-content\/uploads\/2023\/03\/blogqspdep-rcarlos-e1687952576269.jpg","type":"image\/jpeg"}],"author":"Farn\u00e9sio","twitter_card":"summary_large_image","twitter_misc":{"Escrito por":"Farn\u00e9sio","Est. tempo de leitura":"2 minutos"},"schema":{"@context":"https:\/\/schema.org","@graph":[{"@type":"Article","@id":"https:\/\/blogdofarnesio.com.br\/?p=349516#article","isPartOf":{"@id":"https:\/\/blogdofarnesio.com.br\/?p=349516"},"author":{"name":"Farn\u00e9sio","@id":"https:\/\/blogdofarnesio.com.br\/#\/schema\/person\/bb9b23ae3ad0609ce8df7b6c9e76824d"},"headline":"Roberto Carlos prop\u00f5e Lei para defender vigilantes baianos","datePublished":"2023-09-04T19:24:03+00:00","mainEntityOfPage":{"@id":"https:\/\/blogdofarnesio.com.br\/?p=349516"},"wordCount":256,"commentCount":0,"publisher":{"@id":"https:\/\/blogdofarnesio.com.br\/#organization"},"image":{"@id":"https:\/\/blogdofarnesio.com.br\/?p=349516#primaryimage"},"thumbnailUrl":"https:\/\/blogdofarnesio.com.br\/wp-content\/uploads\/2023\/03\/blogqspdep-rcarlos-e1687952576269.jpg","articleSection":["Pol\u00edtica"],"inLanguage":"pt-BR","potentialAction":[{"@type":"CommentAction","name":"Comment","target":["https:\/\/blogdofarnesio.com.br\/?p=349516#respond"]}]},{"@type":"WebPage","@id":"https:\/\/blogdofarnesio.com.br\/?p=349516","url":"https:\/\/blogdofarnesio.com.br\/?p=349516","name":"Roberto Carlos prop\u00f5e Lei para defender vigilantes baianos - Blog do Farn\u00e9sio","isPartOf":{"@id":"https:\/\/blogdofarnesio.com.br\/#website"},"primaryImageOfPage":{"@id":"https:\/\/blogdofarnesio.com.br\/?p=349516#primaryimage"},"image":{"@id":"https:\/\/blogdofarnesio.com.br\/?p=349516#primaryimage"},"thumbnailUrl":"https:\/\/blogdofarnesio.com.br\/wp-content\/uploads\/2023\/03\/blogqspdep-rcarlos-e1687952576269.jpg","datePublished":"2023-09-04T19:24:03+00:00","breadcrumb":{"@id":"https:\/\/blogdofarnesio.com.br\/?p=349516#breadcrumb"},"inLanguage":"pt-BR","potentialAction":[{"@type":"ReadAction","target":["https:\/\/blogdofarnesio.com.br\/?p=349516"]}]},{"@type":"ImageObject","inLanguage":"pt-BR","@id":"https:\/\/blogdofarnesio.com.br\/?p=349516#primaryimage","url":"https:\/\/blogdofarnesio.com.br\/wp-content\/uploads\/2023\/03\/blogqspdep-rcarlos-e1687952576269.jpg","contentUrl":"https:\/\/blogdofarnesio.com.br\/wp-content\/uploads\/2023\/03\/blogqspdep-rcarlos-e1687952576269.jpg","width":620,"height":413},{"@type":"BreadcrumbList","@id":"https:\/\/blogdofarnesio.com.br\/?p=349516#breadcrumb","itemListElement":[{"@type":"ListItem","position":1,"name":"In\u00edcio","item":"https:\/\/blogdofarnesio.com.br\/"},{"@type":"ListItem","position":2,"name":"Roberto Carlos prop\u00f5e Lei para defender vigilantes baianos"}]},{"@type":"WebSite","@id":"https:\/\/blogdofarnesio.com.br\/#website","url":"https:\/\/blogdofarnesio.com.br\/","name":"Blog do Farn\u00e9sio","description":"Quer Saber Pol\u00edtica?","publisher":{"@id":"https:\/\/blogdofarnesio.com.br\/#organization"},"potentialAction":[{"@type":"SearchAction","target":{"@type":"EntryPoint","urlTemplate":"https:\/\/blogdofarnesio.com.br\/?s={search_term_string}"},"query-input":{"@type":"PropertyValueSpecification","valueRequired":true,"valueName":"search_term_string"}}],"inLanguage":"pt-BR"},{"@type":"Organization","@id":"https:\/\/blogdofarnesio.com.br\/#organization","name":"Blog do Farn\u00e9sio","url":"https:\/\/blogdofarnesio.com.br\/","logo":{"@type":"ImageObject","inLanguage":"pt-BR","@id":"https:\/\/blogdofarnesio.com.br\/#\/schema\/logo\/image\/","url":"https:\/\/blogdofarnesio.com.br\/wp-content\/uploads\/2026\/03\/cropped-logo_new-1.png","contentUrl":"https:\/\/blogdofarnesio.com.br\/wp-content\/uploads\/2026\/03\/cropped-logo_new-1.png","width":881,"height":685,"caption":"Blog do Farn\u00e9sio"},"image":{"@id":"https:\/\/blogdofarnesio.com.br\/#\/schema\/logo\/image\/"},"sameAs":["https:\/\/www.facebook.com\/BlogQuerSaberPolitica\/"]},{"@type":"Person","@id":"https:\/\/blogdofarnesio.com.br\/#\/schema\/person\/bb9b23ae3ad0609ce8df7b6c9e76824d","name":"Farn\u00e9sio","image":{"@type":"ImageObject","inLanguage":"pt-BR","@id":"https:\/\/secure.gravatar.com\/avatar\/986aa4c61ccdb66f8555bf88fc2a65609d00bcabd4d2d94377a727547345cbca?s=96&d=mm&r=g","url":"https:\/\/secure.gravatar.com\/avatar\/986aa4c61ccdb66f8555bf88fc2a65609d00bcabd4d2d94377a727547345cbca?s=96&d=mm&r=g","contentUrl":"https:\/\/secure.gravatar.com\/avatar\/986aa4c61ccdb66f8555bf88fc2a65609d00bcabd4d2d94377a727547345cbca?s=96&d=mm&r=g","caption":"Farn\u00e9sio"},"description":"Radialista blogueiro, chegou a Petrolina\/Juazeiro em setembro de 1980, Farn\u00e9sio Silva \u00e9 de Arapiraca-Alagoas.","sameAs":["http:\/\/blogdofarnesio.com.br","https:\/\/www.facebook.com\/?ref=tn_tnmn","https:\/\/www.instagram.com\/?utm_source=pwa_homescreen","https:\/\/youtube.com.br\/"],"url":"https:\/\/blogdofarnesio.com.br\/?author=2"}]}},"_links":{"self":[{"href":"https:\/\/blogdofarnesio.com.br\/index.php?rest_route=\/wp\/v2\/posts\/349516","targetHints":{"allow":["GET"]}}],"collection":[{"href":"https:\/\/blogdofarnesio.com.br\/index.php?rest_route=\/wp\/v2\/posts"}],"about":[{"href":"https:\/\/blogdofarnesio.com.br\/index.php?rest_route=\/wp\/v2\/types\/post"}],"author":[{"embeddable":true,"href":"https:\/\/blogdofarnesio.com.br\/index.php?rest_route=\/wp\/v2\/users\/2"}],"replies":[{"embeddable":true,"href":"https:\/\/blogdofarnesio.com.br\/index.php?rest_route=%2Fwp%2Fv2%2Fcomments&post=349516"}],"version-history":[{"count":0,"href":"https:\/\/blogdofarnesio.com.br\/index.php?rest_route=\/wp\/v2\/posts\/349516\/revisions"}],"wp:featuredmedia":[{"embeddable":true,"href":"https:\/\/blogdofarnesio.com.br\/index.php?rest_route=\/wp\/v2\/media\/336249"}],"wp:attachment":[{"href":"https:\/\/blogdofarnesio.com.br\/index.php?rest_route=%2Fwp%2Fv2%2Fmedia&parent=349516"}],"wp:term":[{"taxonomy":"category","embeddable":true,"href":"https:\/\/blogdofarnesio.com.br\/index.php?rest_route=%2Fwp%2Fv2%2Fcategories&post=349516"},{"taxonomy":"post_tag","embeddable":true,"href":"https:\/\/blogdofarnesio.com.br\/index.php?rest_route=%2Fwp%2Fv2%2Ftags&post=349516"}],"curies":[{"name":"wp","href":"https:\/\/api.w.org\/{rel}","templated":true}]}}