{"id":349495,"date":"2023-09-04T12:03:33","date_gmt":"2023-09-04T15:03:33","guid":{"rendered":"https:\/\/blogdofarnesio.com.br\/?p=349495"},"modified":"2023-09-04T12:08:15","modified_gmt":"2023-09-04T15:08:15","slug":"pesquisa-aponta-ampla-vantagem-de-isaac-carvalho-sobre-suzana-ramos","status":"publish","type":"post","link":"https:\/\/blogdofarnesio.com.br\/2023\/09\/pesquisa-aponta-ampla-vantagem-de-isaac-carvalho-sobre-suzana-ramos\/","title":{"rendered":"Pesquisa aponta ampla vantagem de Isaac Carvalho sobre Suzana Ramos"},"content":{"rendered":"<div dir=\"auto\"><\/div>\n<div dir=\"auto\">Pesquisa de opini\u00e3o do Instituto M\u00faltipla aponta o ex-prefeito de juazeiro, Isaac Carvalho (PT), com ampla vantagem sobre a atual prefeita, Suzana Ramos (PSDB), na primeira pesquisa de inten\u00e7\u00e3o sobre a elei\u00e7\u00e3o para prefeito em 2024.<\/div>\n<div dir=\"auto\"><\/div>\n<div dir=\"auto\">Al\u00e9m de estar atr\u00e1s na inten\u00e7\u00e3o de votos, Suzana tem uma rejei\u00e7\u00e3o muito maior do que a de Isaac, faltando um ano e um m\u00eas para a elei\u00e7\u00e3o.<\/div>\n<div dir=\"auto\"><\/div>\n<div dir=\"auto\">Desaprova\u00e7\u00e3o de Suzana atinge 59%. O \u00f3timo\/bom da atual prefeita soma apenas 15%.<\/div>\n<div dir=\"auto\"><\/div>\n<div dir=\"auto\">A avalia\u00e7\u00e3o qualitativa da gest\u00e3o Suzana \u00e9 outro destaque negativo. A desaprova\u00e7\u00e3o da gest\u00e3o de Suzana tamb\u00e9m chama aten\u00e7\u00e3o, revelando grande insatisfa\u00e7\u00e3o da popula\u00e7\u00e3o em rela\u00e7\u00e3o \u00e0 gestora e ao governo dela.<\/div>\n<div dir=\"auto\"><\/div>\n<div dir=\"auto\">A pesquisa foi realizada entre os dias 23 e 25 de agosto, na sede e no interior do Munic\u00edpio.<\/div>\n<div dir=\"auto\"><\/div>\n<div dir=\"auto\"><\/div>\n<div dir=\"auto\"><a href=\"https:\/\/blogdofarnesio.com.br\/wp-content\/uploads\/2023\/09\/Divulgacao-Juazeiro.pdf\">Veja os n\u00fameros clickando aqui;\u00a0 Divulga\u00e7\u00e3o Juazeiro<\/a><\/div>\n<div dir=\"auto\"><\/div>\n<div dir=\"auto\">Ascom Isaac Carvalho<\/div>\n","protected":false},"excerpt":{"rendered":"<p>Pesquisa de opini\u00e3o do Instituto M\u00faltipla aponta o ex-prefeito de juazeiro, Isaac Carvalho (PT), com ampla vantagem sobre a atual prefeita, Suzana Ramos (PSDB), na primeira pesquisa de inten\u00e7\u00e3o sobre a elei\u00e7\u00e3o para prefeito em 2024. Al\u00e9m de estar atr\u00e1s na inten\u00e7\u00e3o de votos, Suzana tem uma rejei\u00e7\u00e3o muito maior do que a de Isaac, faltando um ano e um m\u00eas para a elei\u00e7\u00e3o. Desaprova\u00e7\u00e3o de Suzana atinge 59%. O \u00f3timo\/bom da atual prefeita soma apenas 15%. A avalia\u00e7\u00e3o qualitativa da gest\u00e3o Suzana \u00e9 outro destaque negativo. A desaprova\u00e7\u00e3o da gest\u00e3o de Suzana tamb\u00e9m chama aten\u00e7\u00e3o, revelando grande insatisfa\u00e7\u00e3o da popula\u00e7\u00e3o em rela\u00e7\u00e3o \u00e0 gestora e ao governo dela. A pesquisa foi realizada entre os dias 23 e 25 de&hellip; <\/p>\n","protected":false},"author":2,"featured_media":258100,"comment_status":"open","ping_status":"open","sticky":false,"template":"","format":"standard","meta":{"_acf_changed":false,"footnotes":""},"categories":[34],"tags":[],"class_list":["post-349495","post","type-post","status-publish","format-standard","has-post-thumbnail","hentry","category-eleicoes"],"acf":[],"yoast_head":"<!-- This site is optimized with the Yoast SEO plugin v27.5 - https:\/\/yoast.com\/product\/yoast-seo-wordpress\/ -->\n<title>Pesquisa aponta ampla vantagem de Isaac Carvalho sobre Suzana Ramos - Blog do Farn\u00e9sio<\/title>\n<meta name=\"robots\" content=\"index, follow, max-snippet:-1, max-image-preview:large, max-video-preview:-1\" \/>\n<link rel=\"canonical\" href=\"https:\/\/blogdofarnesio.com.br\/2023\/09\/pesquisa-aponta-ampla-vantagem-de-isaac-carvalho-sobre-suzana-ramos\/\" \/>\n<meta property=\"og:locale\" content=\"pt_BR\" \/>\n<meta property=\"og:type\" content=\"article\" \/>\n<meta property=\"og:title\" content=\"Pesquisa aponta ampla vantagem de Isaac Carvalho sobre Suzana Ramos - Blog do Farn\u00e9sio\" \/>\n<meta property=\"og:description\" content=\"Pesquisa de opini\u00e3o do Instituto M\u00faltipla aponta o ex-prefeito de juazeiro, Isaac Carvalho (PT), com ampla vantagem sobre a atual prefeita, Suzana Ramos (PSDB), na primeira pesquisa de inten\u00e7\u00e3o sobre a elei\u00e7\u00e3o para prefeito em 2024. Al\u00e9m de estar atr\u00e1s na inten\u00e7\u00e3o de votos, Suzana tem uma rejei\u00e7\u00e3o muito maior do que a de Isaac, faltando um ano e um m\u00eas para a elei\u00e7\u00e3o. Desaprova\u00e7\u00e3o de Suzana atinge 59%. O \u00f3timo\/bom da atual prefeita soma apenas 15%. A avalia\u00e7\u00e3o qualitativa da gest\u00e3o Suzana \u00e9 outro destaque negativo. A desaprova\u00e7\u00e3o da gest\u00e3o de Suzana tamb\u00e9m chama aten\u00e7\u00e3o, revelando grande insatisfa\u00e7\u00e3o da popula\u00e7\u00e3o em rela\u00e7\u00e3o \u00e0 gestora e ao governo dela. A pesquisa foi realizada entre os dias 23 e 25 de&hellip;\" \/>\n<meta property=\"og:url\" content=\"https:\/\/blogdofarnesio.com.br\/2023\/09\/pesquisa-aponta-ampla-vantagem-de-isaac-carvalho-sobre-suzana-ramos\/\" \/>\n<meta property=\"og:site_name\" content=\"Blog do Farn\u00e9sio\" \/>\n<meta property=\"article:publisher\" content=\"https:\/\/www.facebook.com\/BlogQuerSaberPolitica\/\" \/>\n<meta property=\"article:author\" content=\"https:\/\/www.facebook.com\/?ref=tn_tnmn\" \/>\n<meta property=\"article:published_time\" content=\"2023-09-04T15:03:33+00:00\" \/>\n<meta property=\"article:modified_time\" content=\"2023-09-04T15:08:15+00:00\" \/>\n<meta property=\"og:image\" content=\"https:\/\/blogdofarnesio.com.br\/wp-content\/uploads\/2020\/05\/blogqspmarca-elei\u00e7\u00f5es-2020-e1633031683145.jpg\" \/>\n\t<meta property=\"og:image:width\" content=\"600\" \/>\n\t<meta property=\"og:image:height\" content=\"265\" \/>\n\t<meta property=\"og:image:type\" content=\"image\/jpeg\" \/>\n<meta name=\"author\" content=\"Farn\u00e9sio\" \/>\n<meta name=\"twitter:card\" content=\"summary_large_image\" \/>\n<meta name=\"twitter:label1\" content=\"Escrito por\" \/>\n\t<meta name=\"twitter:data1\" content=\"Farn\u00e9sio\" \/>\n\t<meta name=\"twitter:label2\" content=\"Est. tempo de leitura\" \/>\n\t<meta name=\"twitter:data2\" content=\"1 minuto\" \/>\n<script type=\"application\/ld+json\" class=\"yoast-schema-graph\">{\"@context\":\"https:\\\/\\\/schema.org\",\"@graph\":[{\"@type\":\"Article\",\"@id\":\"https:\\\/\\\/blogdofarnesio.com.br\\\/2023\\\/09\\\/pesquisa-aponta-ampla-vantagem-de-isaac-carvalho-sobre-suzana-ramos\\\/#article\",\"isPartOf\":{\"@id\":\"https:\\\/\\\/blogdofarnesio.com.br\\\/2023\\\/09\\\/pesquisa-aponta-ampla-vantagem-de-isaac-carvalho-sobre-suzana-ramos\\\/\"},\"author\":{\"name\":\"Farn\u00e9sio\",\"@id\":\"https:\\\/\\\/blogdofarnesio.com.br\\\/#\\\/schema\\\/person\\\/bb9b23ae3ad0609ce8df7b6c9e76824d\"},\"headline\":\"Pesquisa aponta ampla vantagem de Isaac Carvalho sobre Suzana Ramos\",\"datePublished\":\"2023-09-04T15:03:33+00:00\",\"dateModified\":\"2023-09-04T15:08:15+00:00\",\"mainEntityOfPage\":{\"@id\":\"https:\\\/\\\/blogdofarnesio.com.br\\\/2023\\\/09\\\/pesquisa-aponta-ampla-vantagem-de-isaac-carvalho-sobre-suzana-ramos\\\/\"},\"wordCount\":165,\"commentCount\":0,\"publisher\":{\"@id\":\"https:\\\/\\\/blogdofarnesio.com.br\\\/#organization\"},\"image\":{\"@id\":\"https:\\\/\\\/blogdofarnesio.com.br\\\/2023\\\/09\\\/pesquisa-aponta-ampla-vantagem-de-isaac-carvalho-sobre-suzana-ramos\\\/#primaryimage\"},\"thumbnailUrl\":\"https:\\\/\\\/blogdofarnesio.com.br\\\/wp-content\\\/uploads\\\/2020\\\/05\\\/blogqspmarca-elei\u00e7\u00f5es-2020-e1633031683145.jpg\",\"articleSection\":[\"Elei\u00e7\u00f5es\"],\"inLanguage\":\"pt-BR\",\"potentialAction\":[{\"@type\":\"CommentAction\",\"name\":\"Comment\",\"target\":[\"https:\\\/\\\/blogdofarnesio.com.br\\\/2023\\\/09\\\/pesquisa-aponta-ampla-vantagem-de-isaac-carvalho-sobre-suzana-ramos\\\/#respond\"]}]},{\"@type\":\"WebPage\",\"@id\":\"https:\\\/\\\/blogdofarnesio.com.br\\\/2023\\\/09\\\/pesquisa-aponta-ampla-vantagem-de-isaac-carvalho-sobre-suzana-ramos\\\/\",\"url\":\"https:\\\/\\\/blogdofarnesio.com.br\\\/2023\\\/09\\\/pesquisa-aponta-ampla-vantagem-de-isaac-carvalho-sobre-suzana-ramos\\\/\",\"name\":\"Pesquisa aponta ampla vantagem de Isaac Carvalho sobre Suzana Ramos - Blog do Farn\u00e9sio\",\"isPartOf\":{\"@id\":\"https:\\\/\\\/blogdofarnesio.com.br\\\/#website\"},\"primaryImageOfPage\":{\"@id\":\"https:\\\/\\\/blogdofarnesio.com.br\\\/2023\\\/09\\\/pesquisa-aponta-ampla-vantagem-de-isaac-carvalho-sobre-suzana-ramos\\\/#primaryimage\"},\"image\":{\"@id\":\"https:\\\/\\\/blogdofarnesio.com.br\\\/2023\\\/09\\\/pesquisa-aponta-ampla-vantagem-de-isaac-carvalho-sobre-suzana-ramos\\\/#primaryimage\"},\"thumbnailUrl\":\"https:\\\/\\\/blogdofarnesio.com.br\\\/wp-content\\\/uploads\\\/2020\\\/05\\\/blogqspmarca-elei\u00e7\u00f5es-2020-e1633031683145.jpg\",\"datePublished\":\"2023-09-04T15:03:33+00:00\",\"dateModified\":\"2023-09-04T15:08:15+00:00\",\"breadcrumb\":{\"@id\":\"https:\\\/\\\/blogdofarnesio.com.br\\\/2023\\\/09\\\/pesquisa-aponta-ampla-vantagem-de-isaac-carvalho-sobre-suzana-ramos\\\/#breadcrumb\"},\"inLanguage\":\"pt-BR\",\"potentialAction\":[{\"@type\":\"ReadAction\",\"target\":[\"https:\\\/\\\/blogdofarnesio.com.br\\\/2023\\\/09\\\/pesquisa-aponta-ampla-vantagem-de-isaac-carvalho-sobre-suzana-ramos\\\/\"]}]},{\"@type\":\"ImageObject\",\"inLanguage\":\"pt-BR\",\"@id\":\"https:\\\/\\\/blogdofarnesio.com.br\\\/2023\\\/09\\\/pesquisa-aponta-ampla-vantagem-de-isaac-carvalho-sobre-suzana-ramos\\\/#primaryimage\",\"url\":\"https:\\\/\\\/blogdofarnesio.com.br\\\/wp-content\\\/uploads\\\/2020\\\/05\\\/blogqspmarca-elei\u00e7\u00f5es-2020-e1633031683145.jpg\",\"contentUrl\":\"https:\\\/\\\/blogdofarnesio.com.br\\\/wp-content\\\/uploads\\\/2020\\\/05\\\/blogqspmarca-elei\u00e7\u00f5es-2020-e1633031683145.jpg\",\"width\":600,\"height\":265},{\"@type\":\"BreadcrumbList\",\"@id\":\"https:\\\/\\\/blogdofarnesio.com.br\\\/2023\\\/09\\\/pesquisa-aponta-ampla-vantagem-de-isaac-carvalho-sobre-suzana-ramos\\\/#breadcrumb\",\"itemListElement\":[{\"@type\":\"ListItem\",\"position\":1,\"name\":\"In\u00edcio\",\"item\":\"https:\\\/\\\/blogdofarnesio.com.br\\\/\"},{\"@type\":\"ListItem\",\"position\":2,\"name\":\"Pesquisa aponta ampla vantagem de Isaac Carvalho sobre Suzana Ramos\"}]},{\"@type\":\"WebSite\",\"@id\":\"https:\\\/\\\/blogdofarnesio.com.br\\\/#website\",\"url\":\"https:\\\/\\\/blogdofarnesio.com.br\\\/\",\"name\":\"Blog do Farn\u00e9sio\",\"description\":\"Quer Saber Pol\u00edtica?\",\"publisher\":{\"@id\":\"https:\\\/\\\/blogdofarnesio.com.br\\\/#organization\"},\"potentialAction\":[{\"@type\":\"SearchAction\",\"target\":{\"@type\":\"EntryPoint\",\"urlTemplate\":\"https:\\\/\\\/blogdofarnesio.com.br\\\/?s={search_term_string}\"},\"query-input\":{\"@type\":\"PropertyValueSpecification\",\"valueRequired\":true,\"valueName\":\"search_term_string\"}}],\"inLanguage\":\"pt-BR\"},{\"@type\":\"Organization\",\"@id\":\"https:\\\/\\\/blogdofarnesio.com.br\\\/#organization\",\"name\":\"Blog do Farn\u00e9sio\",\"url\":\"https:\\\/\\\/blogdofarnesio.com.br\\\/\",\"logo\":{\"@type\":\"ImageObject\",\"inLanguage\":\"pt-BR\",\"@id\":\"https:\\\/\\\/blogdofarnesio.com.br\\\/#\\\/schema\\\/logo\\\/image\\\/\",\"url\":\"https:\\\/\\\/blogdofarnesio.com.br\\\/wp-content\\\/uploads\\\/2026\\\/03\\\/cropped-logo_new-1.png\",\"contentUrl\":\"https:\\\/\\\/blogdofarnesio.com.br\\\/wp-content\\\/uploads\\\/2026\\\/03\\\/cropped-logo_new-1.png\",\"width\":881,\"height\":685,\"caption\":\"Blog do Farn\u00e9sio\"},\"image\":{\"@id\":\"https:\\\/\\\/blogdofarnesio.com.br\\\/#\\\/schema\\\/logo\\\/image\\\/\"},\"sameAs\":[\"https:\\\/\\\/www.facebook.com\\\/BlogQuerSaberPolitica\\\/\"]},{\"@type\":\"Person\",\"@id\":\"https:\\\/\\\/blogdofarnesio.com.br\\\/#\\\/schema\\\/person\\\/bb9b23ae3ad0609ce8df7b6c9e76824d\",\"name\":\"Farn\u00e9sio\",\"image\":{\"@type\":\"ImageObject\",\"inLanguage\":\"pt-BR\",\"@id\":\"https:\\\/\\\/secure.gravatar.com\\\/avatar\\\/986aa4c61ccdb66f8555bf88fc2a65609d00bcabd4d2d94377a727547345cbca?s=96&d=mm&r=g\",\"url\":\"https:\\\/\\\/secure.gravatar.com\\\/avatar\\\/986aa4c61ccdb66f8555bf88fc2a65609d00bcabd4d2d94377a727547345cbca?s=96&d=mm&r=g\",\"contentUrl\":\"https:\\\/\\\/secure.gravatar.com\\\/avatar\\\/986aa4c61ccdb66f8555bf88fc2a65609d00bcabd4d2d94377a727547345cbca?s=96&d=mm&r=g\",\"caption\":\"Farn\u00e9sio\"},\"description\":\"Radialista blogueiro, chegou a Petrolina\\\/Juazeiro em setembro de 1980, Farn\u00e9sio Silva \u00e9 de Arapiraca-Alagoas.\",\"sameAs\":[\"http:\\\/\\\/blogdofarnesio.com.br\",\"https:\\\/\\\/www.facebook.com\\\/?ref=tn_tnmn\",\"https:\\\/\\\/www.instagram.com\\\/?utm_source=pwa_homescreen\",\"https:\\\/\\\/youtube.com.br\\\/\"],\"url\":\"https:\\\/\\\/blogdofarnesio.com.br\\\/author\\\/farnesio-2\\\/\"}]}<\/script>\n<!-- \/ Yoast SEO plugin. -->","yoast_head_json":{"title":"Pesquisa aponta ampla vantagem de Isaac Carvalho sobre Suzana Ramos - Blog do Farn\u00e9sio","robots":{"index":"index","follow":"follow","max-snippet":"max-snippet:-1","max-image-preview":"max-image-preview:large","max-video-preview":"max-video-preview:-1"},"canonical":"https:\/\/blogdofarnesio.com.br\/2023\/09\/pesquisa-aponta-ampla-vantagem-de-isaac-carvalho-sobre-suzana-ramos\/","og_locale":"pt_BR","og_type":"article","og_title":"Pesquisa aponta ampla vantagem de Isaac Carvalho sobre Suzana Ramos - Blog do Farn\u00e9sio","og_description":"Pesquisa de opini\u00e3o do Instituto M\u00faltipla aponta o ex-prefeito de juazeiro, Isaac Carvalho (PT), com ampla vantagem sobre a atual prefeita, Suzana Ramos (PSDB), na primeira pesquisa de inten\u00e7\u00e3o sobre a elei\u00e7\u00e3o para prefeito em 2024. Al\u00e9m de estar atr\u00e1s na inten\u00e7\u00e3o de votos, Suzana tem uma rejei\u00e7\u00e3o muito maior do que a de Isaac, faltando um ano e um m\u00eas para a elei\u00e7\u00e3o. Desaprova\u00e7\u00e3o de Suzana atinge 59%. O \u00f3timo\/bom da atual prefeita soma apenas 15%. A avalia\u00e7\u00e3o qualitativa da gest\u00e3o Suzana \u00e9 outro destaque negativo. A desaprova\u00e7\u00e3o da gest\u00e3o de Suzana tamb\u00e9m chama aten\u00e7\u00e3o, revelando grande insatisfa\u00e7\u00e3o da popula\u00e7\u00e3o em rela\u00e7\u00e3o \u00e0 gestora e ao governo dela. A pesquisa foi realizada entre os dias 23 e 25 de&hellip;","og_url":"https:\/\/blogdofarnesio.com.br\/2023\/09\/pesquisa-aponta-ampla-vantagem-de-isaac-carvalho-sobre-suzana-ramos\/","og_site_name":"Blog do Farn\u00e9sio","article_publisher":"https:\/\/www.facebook.com\/BlogQuerSaberPolitica\/","article_author":"https:\/\/www.facebook.com\/?ref=tn_tnmn","article_published_time":"2023-09-04T15:03:33+00:00","article_modified_time":"2023-09-04T15:08:15+00:00","og_image":[{"width":600,"height":265,"url":"https:\/\/blogdofarnesio.com.br\/wp-content\/uploads\/2020\/05\/blogqspmarca-elei\u00e7\u00f5es-2020-e1633031683145.jpg","type":"image\/jpeg"}],"author":"Farn\u00e9sio","twitter_card":"summary_large_image","twitter_misc":{"Escrito por":"Farn\u00e9sio","Est. tempo de leitura":"1 minuto"},"schema":{"@context":"https:\/\/schema.org","@graph":[{"@type":"Article","@id":"https:\/\/blogdofarnesio.com.br\/2023\/09\/pesquisa-aponta-ampla-vantagem-de-isaac-carvalho-sobre-suzana-ramos\/#article","isPartOf":{"@id":"https:\/\/blogdofarnesio.com.br\/2023\/09\/pesquisa-aponta-ampla-vantagem-de-isaac-carvalho-sobre-suzana-ramos\/"},"author":{"name":"Farn\u00e9sio","@id":"https:\/\/blogdofarnesio.com.br\/#\/schema\/person\/bb9b23ae3ad0609ce8df7b6c9e76824d"},"headline":"Pesquisa aponta ampla vantagem de Isaac Carvalho sobre Suzana Ramos","datePublished":"2023-09-04T15:03:33+00:00","dateModified":"2023-09-04T15:08:15+00:00","mainEntityOfPage":{"@id":"https:\/\/blogdofarnesio.com.br\/2023\/09\/pesquisa-aponta-ampla-vantagem-de-isaac-carvalho-sobre-suzana-ramos\/"},"wordCount":165,"commentCount":0,"publisher":{"@id":"https:\/\/blogdofarnesio.com.br\/#organization"},"image":{"@id":"https:\/\/blogdofarnesio.com.br\/2023\/09\/pesquisa-aponta-ampla-vantagem-de-isaac-carvalho-sobre-suzana-ramos\/#primaryimage"},"thumbnailUrl":"https:\/\/blogdofarnesio.com.br\/wp-content\/uploads\/2020\/05\/blogqspmarca-elei\u00e7\u00f5es-2020-e1633031683145.jpg","articleSection":["Elei\u00e7\u00f5es"],"inLanguage":"pt-BR","potentialAction":[{"@type":"CommentAction","name":"Comment","target":["https:\/\/blogdofarnesio.com.br\/2023\/09\/pesquisa-aponta-ampla-vantagem-de-isaac-carvalho-sobre-suzana-ramos\/#respond"]}]},{"@type":"WebPage","@id":"https:\/\/blogdofarnesio.com.br\/2023\/09\/pesquisa-aponta-ampla-vantagem-de-isaac-carvalho-sobre-suzana-ramos\/","url":"https:\/\/blogdofarnesio.com.br\/2023\/09\/pesquisa-aponta-ampla-vantagem-de-isaac-carvalho-sobre-suzana-ramos\/","name":"Pesquisa aponta ampla vantagem de Isaac Carvalho sobre Suzana Ramos - Blog do Farn\u00e9sio","isPartOf":{"@id":"https:\/\/blogdofarnesio.com.br\/#website"},"primaryImageOfPage":{"@id":"https:\/\/blogdofarnesio.com.br\/2023\/09\/pesquisa-aponta-ampla-vantagem-de-isaac-carvalho-sobre-suzana-ramos\/#primaryimage"},"image":{"@id":"https:\/\/blogdofarnesio.com.br\/2023\/09\/pesquisa-aponta-ampla-vantagem-de-isaac-carvalho-sobre-suzana-ramos\/#primaryimage"},"thumbnailUrl":"https:\/\/blogdofarnesio.com.br\/wp-content\/uploads\/2020\/05\/blogqspmarca-elei\u00e7\u00f5es-2020-e1633031683145.jpg","datePublished":"2023-09-04T15:03:33+00:00","dateModified":"2023-09-04T15:08:15+00:00","breadcrumb":{"@id":"https:\/\/blogdofarnesio.com.br\/2023\/09\/pesquisa-aponta-ampla-vantagem-de-isaac-carvalho-sobre-suzana-ramos\/#breadcrumb"},"inLanguage":"pt-BR","potentialAction":[{"@type":"ReadAction","target":["https:\/\/blogdofarnesio.com.br\/2023\/09\/pesquisa-aponta-ampla-vantagem-de-isaac-carvalho-sobre-suzana-ramos\/"]}]},{"@type":"ImageObject","inLanguage":"pt-BR","@id":"https:\/\/blogdofarnesio.com.br\/2023\/09\/pesquisa-aponta-ampla-vantagem-de-isaac-carvalho-sobre-suzana-ramos\/#primaryimage","url":"https:\/\/blogdofarnesio.com.br\/wp-content\/uploads\/2020\/05\/blogqspmarca-elei\u00e7\u00f5es-2020-e1633031683145.jpg","contentUrl":"https:\/\/blogdofarnesio.com.br\/wp-content\/uploads\/2020\/05\/blogqspmarca-elei\u00e7\u00f5es-2020-e1633031683145.jpg","width":600,"height":265},{"@type":"BreadcrumbList","@id":"https:\/\/blogdofarnesio.com.br\/2023\/09\/pesquisa-aponta-ampla-vantagem-de-isaac-carvalho-sobre-suzana-ramos\/#breadcrumb","itemListElement":[{"@type":"ListItem","position":1,"name":"In\u00edcio","item":"https:\/\/blogdofarnesio.com.br\/"},{"@type":"ListItem","position":2,"name":"Pesquisa aponta ampla vantagem de Isaac Carvalho sobre Suzana Ramos"}]},{"@type":"WebSite","@id":"https:\/\/blogdofarnesio.com.br\/#website","url":"https:\/\/blogdofarnesio.com.br\/","name":"Blog do Farn\u00e9sio","description":"Quer Saber Pol\u00edtica?","publisher":{"@id":"https:\/\/blogdofarnesio.com.br\/#organization"},"potentialAction":[{"@type":"SearchAction","target":{"@type":"EntryPoint","urlTemplate":"https:\/\/blogdofarnesio.com.br\/?s={search_term_string}"},"query-input":{"@type":"PropertyValueSpecification","valueRequired":true,"valueName":"search_term_string"}}],"inLanguage":"pt-BR"},{"@type":"Organization","@id":"https:\/\/blogdofarnesio.com.br\/#organization","name":"Blog do Farn\u00e9sio","url":"https:\/\/blogdofarnesio.com.br\/","logo":{"@type":"ImageObject","inLanguage":"pt-BR","@id":"https:\/\/blogdofarnesio.com.br\/#\/schema\/logo\/image\/","url":"https:\/\/blogdofarnesio.com.br\/wp-content\/uploads\/2026\/03\/cropped-logo_new-1.png","contentUrl":"https:\/\/blogdofarnesio.com.br\/wp-content\/uploads\/2026\/03\/cropped-logo_new-1.png","width":881,"height":685,"caption":"Blog do Farn\u00e9sio"},"image":{"@id":"https:\/\/blogdofarnesio.com.br\/#\/schema\/logo\/image\/"},"sameAs":["https:\/\/www.facebook.com\/BlogQuerSaberPolitica\/"]},{"@type":"Person","@id":"https:\/\/blogdofarnesio.com.br\/#\/schema\/person\/bb9b23ae3ad0609ce8df7b6c9e76824d","name":"Farn\u00e9sio","image":{"@type":"ImageObject","inLanguage":"pt-BR","@id":"https:\/\/secure.gravatar.com\/avatar\/986aa4c61ccdb66f8555bf88fc2a65609d00bcabd4d2d94377a727547345cbca?s=96&d=mm&r=g","url":"https:\/\/secure.gravatar.com\/avatar\/986aa4c61ccdb66f8555bf88fc2a65609d00bcabd4d2d94377a727547345cbca?s=96&d=mm&r=g","contentUrl":"https:\/\/secure.gravatar.com\/avatar\/986aa4c61ccdb66f8555bf88fc2a65609d00bcabd4d2d94377a727547345cbca?s=96&d=mm&r=g","caption":"Farn\u00e9sio"},"description":"Radialista blogueiro, chegou a Petrolina\/Juazeiro em setembro de 1980, Farn\u00e9sio Silva \u00e9 de Arapiraca-Alagoas.","sameAs":["http:\/\/blogdofarnesio.com.br","https:\/\/www.facebook.com\/?ref=tn_tnmn","https:\/\/www.instagram.com\/?utm_source=pwa_homescreen","https:\/\/youtube.com.br\/"],"url":"https:\/\/blogdofarnesio.com.br\/author\/farnesio-2\/"}]}},"_links":{"self":[{"href":"https:\/\/blogdofarnesio.com.br\/wp-json\/wp\/v2\/posts\/349495","targetHints":{"allow":["GET"]}}],"collection":[{"href":"https:\/\/blogdofarnesio.com.br\/wp-json\/wp\/v2\/posts"}],"about":[{"href":"https:\/\/blogdofarnesio.com.br\/wp-json\/wp\/v2\/types\/post"}],"author":[{"embeddable":true,"href":"https:\/\/blogdofarnesio.com.br\/wp-json\/wp\/v2\/users\/2"}],"replies":[{"embeddable":true,"href":"https:\/\/blogdofarnesio.com.br\/wp-json\/wp\/v2\/comments?post=349495"}],"version-history":[{"count":0,"href":"https:\/\/blogdofarnesio.com.br\/wp-json\/wp\/v2\/posts\/349495\/revisions"}],"wp:featuredmedia":[{"embeddable":true,"href":"https:\/\/blogdofarnesio.com.br\/wp-json\/wp\/v2\/media\/258100"}],"wp:attachment":[{"href":"https:\/\/blogdofarnesio.com.br\/wp-json\/wp\/v2\/media?parent=349495"}],"wp:term":[{"taxonomy":"category","embeddable":true,"href":"https:\/\/blogdofarnesio.com.br\/wp-json\/wp\/v2\/categories?post=349495"},{"taxonomy":"post_tag","embeddable":true,"href":"https:\/\/blogdofarnesio.com.br\/wp-json\/wp\/v2\/tags?post=349495"}],"curies":[{"name":"wp","href":"https:\/\/api.w.org\/{rel}","templated":true}]}}