{"id":349492,"date":"2023-09-04T15:23:25","date_gmt":"2023-09-04T18:23:25","guid":{"rendered":"https:\/\/blogdofarnesio.com.br\/?p=349492"},"modified":"2023-09-04T12:05:39","modified_gmt":"2023-09-04T15:05:39","slug":"vagas-de-emprego-disponiveis-em-petrolina-araripina-e-salgueiro-nesta-segunda-feira-4","status":"publish","type":"post","link":"https:\/\/blogdofarnesio.com.br\/?p=349492","title":{"rendered":"vagas de emprego dispon\u00edveis em Petrolina, Araripina e Salgueiro nesta segunda-feira (4)"},"content":{"rendered":"<div class=\"mc-article-header\">\n<div class=\"row content-head non-featured \">\n<div class=\"title\" data-block-type=\"title\" data-block-id=\"0\">\n<h1 class=\"content-head__title\"><span style=\"font-size: 16px;\">Por g1 Petrolina\u00a0 &#8211;\u00a0\u00a0<\/span><\/h1>\n<\/div>\n<\/div>\n<\/div>\n<div class=\"mc-article-body\">\n<article>\n<div id=\"chunk-2u1c\">\n<div class=\"mc-column content-text active-extra-styles \" data-block-type=\"unstyled\" data-block-weight=\"36\" data-block-id=\"3\">\n<p class=\"content-text__container \" data-track-category=\"Link no Texto\" data-track-links=\"\">A Ag\u00eancia de Trabalho de Pernambuco divulgou as vagas de emprego disponibilizadas paras o munic\u00edpios de\u00a0<a class=\"\" href=\"https:\/\/g1.globo.com\/pe\/petrolina-regiao\/cidade\/petrolina\/\">Petrolina<\/a>,\u00a0<a class=\"\" href=\"https:\/\/g1.globo.com\/pe\/petrolina-regiao\/cidade\/araripina\/\">Araripina<\/a>\u00a0e\u00a0<a class=\"\" href=\"https:\/\/g1.globo.com\/pe\/petrolina-regiao\/cidade\/salgueiro\/\">Salgueiro<\/a>\u00a0, no Sert\u00e3o de Pernambuco, nesta segunda-feira (4). As oportunidades s\u00e3o atualizadas diariamente pelo\u00a0<a class=\"\" href=\"https:\/\/g1.globo.com\/pe\/petrolina-regiao\/\">g1<\/a>\u00a0<a class=\"\" href=\"https:\/\/g1.globo.com\/pe\/petrolina-regiao\/cidade\/petrolina\/\">Petrolina<\/a>.<\/p>\n<\/div>\n<\/div>\n<div class=\"wall protected-content\">\n<div id=\"chunk-73fpq\">\n<div class=\"mc-column content-text active-extra-styles \" data-block-type=\"unstyled\" data-block-weight=\"45\" data-block-id=\"4\">\n<p class=\"content-text__container \" data-track-category=\"Link no Texto\" data-track-links=\"\">Os interessados nas oportunidades podem entrar em contato com a Sedepe atrav\u00e9s da internet. O atendimento na ag\u00eancia de\u00a0<a class=\"\" href=\"https:\/\/g1.globo.com\/pe\/petrolina-regiao\/cidade\/salgueiro\/\">Salgueiro<\/a>\u00a0\u00e9 feito a partir de um agendamento pr\u00e9vio, feito<a class=\"\" href=\"https:\/\/www.seteq.pe.gov.br\/index.php?option=com_content&amp;view=article&amp;id=7507\" target=\"_blank\" rel=\"noopener\">\u00a0pelo site da secretaria<\/a>. Em\u00a0<a class=\"\" href=\"https:\/\/g1.globo.com\/pe\/petrolina-regiao\/cidade\/petrolina\/\">Petrolina<\/a>\u00a0e\u00a0<a class=\"\" href=\"https:\/\/g1.globo.com\/pe\/petrolina-regiao\/cidade\/araripina\/\">Araripina<\/a> basta ir at\u00e9 a Ag\u00eancia de Trabalho.<\/p>\n<\/div>\n<\/div>\n<div id=\"chunk-5vnc4\">\n<div class=\"mc-column content-text active-extra-styles\" data-block-type=\"raw\" data-block-weight=\"1\" data-block-id=\"5\">\n<div class=\"content-intertitle\">\n<h2><a class=\"\" href=\"https:\/\/g1.globo.com\/pe\/petrolina-regiao\/cidade\/petrolina\/\">Petrolina<\/a><\/h2>\n<\/div>\n<\/div>\n<\/div>\n<div id=\"chunk-9jnsg\">\n<div class=\"mc-column content-text active-extra-styles \" data-block-type=\"unstyled\" data-block-weight=\"5\" data-block-id=\"6\">\n<p class=\"content-text__container \" data-track-category=\"Link no Texto\" data-track-links=\"\"><strong>Contato: (87) 3866 &#8211; 6540<\/strong><\/p>\n<\/div>\n<\/div>\n<div id=\"chunk-8pm73\">\n<div class=\"row medium-uncollapsed content-text\" data-block-type=\"table-plugin\" data-block-id=\"7\">\n<div class=\"column medium-centered medium-22 large-20\">\n<div class=\"show-table content-media content-media--normal\">\n<p class=\"mc-column show-table__title\">Vagas dispon\u00edveis<\/p>\n<div class=\"show-table__centralized\">\n<div class=\"show-table__container\">\n<table class=\"show-table__content show-table__content--highlight-top \">\n<tbody>\n<tr>\n<td>Vagas<\/td>\n<td>Fun\u00e7\u00e3o<\/td>\n<td>Escolaridade<\/td>\n<td>Experi\u00eancia<\/td>\n<td>Sal\u00e1rio<\/td>\n<td>Observa\u00e7\u00f5es<\/td>\n<\/tr>\n<tr>\n<td>01<\/td>\n<td>Ajudante de Obras<\/td>\n<td>M\u00e9dio Incompleto<\/td>\n<td>6 Meses<\/td>\n<td>R$ 1.546,60<\/td>\n<td>*Vagas Exclusivas para Pessoas com Defici\u00eancia<\/td>\n<\/tr>\n<tr>\n<td>01<\/td>\n<td>Auxiliar Administrativo<\/td>\n<td>Superior Incompleto (Administra\u00e7\u00e3o)<\/td>\n<td>6 Meses<\/td>\n<td>R$ 1.320,00<\/td>\n<td>*Vagas Exclusivas para Pessoas com Defici\u00eancia<\/td>\n<\/tr>\n<tr>\n<td>01<\/td>\n<td>Auxiliar de Escrit\u00f3rio<\/td>\n<td>M\u00e9dio Completo<\/td>\n<td>N\u00e3o Exigida<\/td>\n<td>N\u00e3o Informado<\/td>\n<td><\/td>\n<\/tr>\n<tr>\n<td>01<\/td>\n<td>Auxiliar de Encanador<\/td>\n<td>M\u00e9dio Incompleto<\/td>\n<td>6 Meses<\/td>\n<td>R$ 1.546,60<\/td>\n<td>*Vagas Exclusivas para Pessoas com Defici\u00eancia<\/td>\n<\/tr>\n<tr>\n<td>02<\/td>\n<td>Auxiliar de Limpeza<\/td>\n<td>Fundamental Completo<\/td>\n<td>6 Meses<\/td>\n<td>R$ 1.320,00<\/td>\n<td><\/td>\n<\/tr>\n<tr>\n<td>20<\/td>\n<td>Consultor de Vendas<\/td>\n<td>M\u00e9dio Completo<\/td>\n<td>6 Meses<\/td>\n<td>N\u00e3o informado<\/td>\n<td><\/td>\n<\/tr>\n<tr>\n<td>01<\/td>\n<td>Operador de m\u00e1quina de desdobramento de m\u00e1rmores<\/td>\n<td>Fundamental Incompleto<\/td>\n<td>6 Meses CTPS<\/td>\n<td>N\u00e3o informado<\/td>\n<td><\/td>\n<\/tr>\n<tr>\n<td>01<\/td>\n<td>Pizzaiolo<\/td>\n<td>Fundamental Incompleto<\/td>\n<td>6 Meses CTPS<\/td>\n<td>R$ 1.500,00<\/td>\n<td><\/td>\n<\/tr>\n<tr>\n<td>15<\/td>\n<td>Trabalhador Rural<\/td>\n<td>Fundamental Incompleto<\/td>\n<td>N\u00e3o Exigida<\/td>\n<td>R$ 1.354,00<\/td>\n<td>*Vagas Exclusivas para Pessoas com Defici\u00eancia<\/td>\n<\/tr>\n<\/tbody>\n<\/table>\n<\/div>\n<div class=\"show-table__footer\"><\/div>\n<\/div>\n<\/div>\n<\/div>\n<\/div>\n<\/div>\n<div id=\"chunk-et4an\">\n<div class=\"content-ads content-ads--reveal\" data-block-type=\"ads\" data-block-id=\"8\">\n<div id=\"banner_materia2\" class=\"tag-manager-publicidade-container mc-has-reveal mc-has-ad-lazyload tag-manager-publicidade-banner_materia2 tag-manager-publicidade-container--carregado tag-manager-publicidade-container--visivel\" data-id=\"banner_materia2\" data-google-query-id=\"CKqhwqKakYEDFQMxNQodm0kIPA\">\n<div id=\"google_ads_iframe_\/95377733\/tvg_G1\/Sua_Regiao&gt;Nordeste&gt;Pernambuco_(Petrolina)_4__container__\" style=\"box-sizing: inherit; margin: auto; padding: 0px; border: 0pt none; font: inherit; vertical-align: baseline; max-width: 100%; text-align: center; width: 970px; height: 250px;\"><iframe id=\"google_ads_iframe_\/95377733\/tvg_G1\/Sua_Regiao&gt;Nordeste&gt;Pernambuco_(Petrolina)_4\" style=\"box-sizing: inherit; margin: 0px; padding: 0px; border: 0px; font: inherit; vertical-align: bottom;\" tabindex=\"0\" title=\"3rd party ad content\" role=\"region\" name=\"google_ads_iframe_\/95377733\/tvg_G1\/Sua_Regiao&gt;Nordeste&gt;Pernambuco_(Petrolina)_4\" width=\"970\" height=\"250\" frameborder=\"0\" marginwidth=\"0\" marginheight=\"0\" scrolling=\"no\" aria-label=\"Advertisement\" data-load-complete=\"true\" data-google-container-id=\"6\" data-mce-fragment=\"1\"><\/iframe><\/div>\n<\/div>\n<\/div>\n<\/div>\n<div id=\"chunk-fmhgc\">\n<div class=\"mc-column content-text active-extra-styles\" data-block-type=\"raw\" data-block-weight=\"1\" data-block-id=\"9\">\n<div class=\"content-intertitle\">\n<h2><a class=\"\" href=\"https:\/\/g1.globo.com\/pe\/petrolina-regiao\/cidade\/salgueiro\/\">Salgueiro<\/a><\/h2>\n<\/div>\n<p>&nbsp;<\/p>\n<\/div>\n<\/div>\n<div id=\"chunk-f44mh\">\n<div class=\"mc-column content-text active-extra-styles \" data-block-type=\"unstyled\" data-block-weight=\"5\" data-block-id=\"10\">\n<p class=\"content-text__container \" data-track-category=\"Link no Texto\" data-track-links=\"\"><strong>Contato: (87) 3871 &#8211; 8467<\/strong><\/p>\n<\/div>\n<\/div>\n<div id=\"chunk-8sf7\">\n<div class=\"row medium-uncollapsed content-text\" data-block-type=\"table-plugin\" data-block-id=\"11\">\n<div class=\"column medium-centered medium-22 large-20\">\n<div class=\"show-table content-media content-media--normal\">\n<p class=\"mc-column show-table__title\">Vagas dispon\u00edveis<\/p>\n<div class=\"show-table__centralized\">\n<div class=\"show-table__container\">\n<table class=\"show-table__content show-table__content--highlight-top \">\n<tbody>\n<tr>\n<td>Vagas<\/td>\n<td>Fun\u00e7\u00e3o<\/td>\n<td>Escolaridade<\/td>\n<td>Experi\u00eancia<\/td>\n<td>Sal\u00e1rio<\/td>\n<td>Observa\u00e7\u00f5es<\/td>\n<\/tr>\n<tr>\n<td>06<\/td>\n<td>Ajudante de carga e descarga de mercadoria<\/td>\n<td>Fundamental Completo<\/td>\n<td>6 Meses CTPS<\/td>\n<td>N\u00e3o informado<\/td>\n<td><\/td>\n<\/tr>\n<tr>\n<td>03<\/td>\n<td>Auxiliar de log\u00edstica<\/td>\n<td>M\u00e9dio Completo<\/td>\n<td>6 Meses<\/td>\n<td>N\u00e3o informado<\/td>\n<td><\/td>\n<\/tr>\n<tr>\n<td>02<\/td>\n<td>Bi\u00f3logo<\/td>\n<td>Superior Completo<\/td>\n<td>6 Meses<\/td>\n<td>N\u00e3o informado<\/td>\n<td><\/td>\n<\/tr>\n<tr>\n<td>02<\/td>\n<td>Cuidador de Idosos<\/td>\n<td>M\u00e9dio Completo<\/td>\n<td>6 Meses<\/td>\n<td>N\u00e3o informado<\/td>\n<td><\/td>\n<\/tr>\n<tr>\n<td>01<\/td>\n<td>M\u00e9dico Veterin\u00e1rio<\/td>\n<td>Superior Completo<\/td>\n<td>6 Meses<\/td>\n<td>N\u00e3o informado<\/td>\n<td><\/td>\n<\/tr>\n<tr>\n<td>04<\/td>\n<td>Motorista entregador<\/td>\n<td>M\u00e9dio Completo<\/td>\n<td>6 Meses CTPS<\/td>\n<td>N\u00e3o informado<\/td>\n<td><\/td>\n<\/tr>\n<tr>\n<td>01<\/td>\n<td>Supervisor de opera\u00e7\u00f5es log\u00edsticas<\/td>\n<td>M\u00e9dio Completo<\/td>\n<td>6 Meses<\/td>\n<td>N\u00e3o informado<\/td>\n<td><\/td>\n<\/tr>\n<tr>\n<td>01<\/td>\n<td>T\u00e9cnico Ambiental<\/td>\n<td>Superior Completo<\/td>\n<td>6 Meses<\/td>\n<td>N\u00e3o informado<\/td>\n<td><\/td>\n<\/tr>\n<\/tbody>\n<\/table>\n<\/div>\n<div class=\"show-table__footer\"><\/div>\n<\/div>\n<\/div>\n<\/div>\n<\/div>\n<\/div>\n<div id=\"chunk-d5r7a\">\n<div class=\"mc-column content-text active-extra-styles\" data-block-type=\"raw\" data-block-weight=\"1\" data-block-id=\"12\">\n<div class=\"content-intertitle\">\n<h2><a class=\"\" href=\"https:\/\/g1.globo.com\/pe\/petrolina-regiao\/cidade\/araripina\/\"><strong>Araripina<\/strong><\/a><\/h2>\n<\/div>\n<p>&nbsp;<\/p>\n<\/div>\n<\/div>\n<div id=\"chunk-51mqe\">\n<div class=\"mc-column content-text active-extra-styles \" data-block-type=\"unstyled\" data-block-weight=\"5\" data-block-id=\"13\">\n<p class=\"content-text__container \" data-track-category=\"Link no Texto\" data-track-links=\"\"><strong>Contato: (87) 3873 &#8211; 8381<\/strong><\/p>\n<\/div>\n<\/div>\n<div id=\"chunk-f2is9\">\n<div class=\"row medium-uncollapsed content-text\" data-block-type=\"table-plugin\" data-block-id=\"14\">\n<div class=\"column medium-centered medium-22 large-20\">\n<div class=\"show-table content-media content-media--normal\">\n<p class=\"mc-column show-table__title\">Vagas dispon\u00edveis<\/p>\n<div class=\"show-table__centralized\">\n<div class=\"show-table__container\">\n<table class=\"show-table__content show-table__content--highlight-top \">\n<tbody>\n<tr>\n<td>Vagas<\/td>\n<td>Fun\u00e7\u00e3o<\/td>\n<td>Escolaridade<\/td>\n<td>Experi\u00eancia<\/td>\n<td>Sal\u00e1rio<\/td>\n<td>Observa\u00e7\u00e3o<\/td>\n<\/tr>\n<tr>\n<td>01<\/td>\n<td>Ajudante de obras<\/td>\n<td>Fundamental Incompleto<\/td>\n<td>6 Meses CTPS<\/td>\n<td>N\u00e3o Informado<\/td>\n<td><\/td>\n<\/tr>\n<tr>\n<td>02<\/td>\n<td>Entregador de g\u00e1s<\/td>\n<td>M\u00e9dio Completo<\/td>\n<td>6 Meses CTPS<\/td>\n<td>N\u00e3o Informado<\/td>\n<td><\/td>\n<\/tr>\n<tr>\n<td>02<\/td>\n<td>Manicure\/Pedicure<\/td>\n<td>Fundamental Completo<\/td>\n<td>6 Meses<\/td>\n<td>N\u00e3o Informado<\/td>\n<td><\/td>\n<\/tr>\n<tr>\n<td>01<\/td>\n<td>Pedreiro<\/td>\n<td>Fundamental Incompleto<\/td>\n<td>6 Meses CTPS<\/td>\n<td>N\u00e3o Informado<\/td>\n<td><\/td>\n<\/tr>\n<tr>\n<td>02<\/td>\n<td>Vendedor Pracista<\/td>\n<td>M\u00e9dio Completo<\/td>\n<td>6 Meses<\/td>\n<td>N\u00e3o Informado<\/td>\n<td><\/td>\n<\/tr>\n<\/tbody>\n<\/table>\n<\/div>\n<\/div>\n<\/div>\n<\/div>\n<\/div>\n<\/div>\n<\/div>\n<\/article>\n<\/div>\n","protected":false},"excerpt":{"rendered":"<p>Por g1 Petrolina\u00a0 &#8211;\u00a0\u00a0 A Ag\u00eancia de Trabalho de Pernambuco divulgou as vagas de emprego disponibilizadas paras o munic\u00edpios de\u00a0Petrolina,\u00a0Araripina\u00a0e\u00a0Salgueiro\u00a0, no Sert\u00e3o de Pernambuco, nesta segunda-feira (4). As oportunidades s\u00e3o atualizadas diariamente pelo\u00a0g1\u00a0Petrolina. Os interessados nas oportunidades podem entrar em contato com a Sedepe atrav\u00e9s da internet. O atendimento na ag\u00eancia de\u00a0Salgueiro\u00a0\u00e9 feito a partir de um agendamento pr\u00e9vio, feito\u00a0pelo site da secretaria. Em\u00a0Petrolina\u00a0e\u00a0Araripina basta ir at\u00e9 a Ag\u00eancia de Trabalho. Petrolina Contato: (87) 3866 &#8211; 6540 Vagas dispon\u00edveis Vagas Fun\u00e7\u00e3o Escolaridade Experi\u00eancia Sal\u00e1rio Observa\u00e7\u00f5es 01 Ajudante de Obras M\u00e9dio Incompleto 6 Meses R$ 1.546,60 *Vagas Exclusivas para Pessoas com Defici\u00eancia 01 Auxiliar Administrativo Superior Incompleto (Administra\u00e7\u00e3o) 6 Meses R$ 1.320,00 *Vagas Exclusivas para Pessoas com Defici\u00eancia 01 Auxiliar de&hellip; <\/p>\n","protected":false},"author":2,"featured_media":268413,"comment_status":"open","ping_status":"open","sticky":false,"template":"","format":"standard","meta":{"_acf_changed":false,"footnotes":""},"categories":[20],"tags":[],"class_list":["post-349492","post","type-post","status-publish","format-standard","has-post-thumbnail","hentry","category-economia"],"acf":[],"yoast_head":"<!-- This site is optimized with the Yoast SEO plugin v27.4 - https:\/\/yoast.com\/product\/yoast-seo-wordpress\/ -->\n<title>vagas de emprego dispon\u00edveis em Petrolina, Araripina e Salgueiro nesta segunda-feira (4) - Blog do Farn\u00e9sio<\/title>\n<meta name=\"robots\" content=\"index, follow, max-snippet:-1, max-image-preview:large, max-video-preview:-1\" \/>\n<link rel=\"canonical\" href=\"https:\/\/blogdofarnesio.com.br\/?p=349492\" \/>\n<meta property=\"og:locale\" content=\"pt_BR\" \/>\n<meta property=\"og:type\" content=\"article\" \/>\n<meta property=\"og:title\" content=\"vagas de emprego dispon\u00edveis em Petrolina, Araripina e Salgueiro nesta segunda-feira (4) - Blog do Farn\u00e9sio\" \/>\n<meta property=\"og:description\" content=\"Por g1 Petrolina\u00a0 &#8211;\u00a0\u00a0 A Ag\u00eancia de Trabalho de Pernambuco divulgou as vagas de emprego disponibilizadas paras o munic\u00edpios de\u00a0Petrolina,\u00a0Araripina\u00a0e\u00a0Salgueiro\u00a0, no Sert\u00e3o de Pernambuco, nesta segunda-feira (4). As oportunidades s\u00e3o atualizadas diariamente pelo\u00a0g1\u00a0Petrolina. Os interessados nas oportunidades podem entrar em contato com a Sedepe atrav\u00e9s da internet. O atendimento na ag\u00eancia de\u00a0Salgueiro\u00a0\u00e9 feito a partir de um agendamento pr\u00e9vio, feito\u00a0pelo site da secretaria. Em\u00a0Petrolina\u00a0e\u00a0Araripina basta ir at\u00e9 a Ag\u00eancia de Trabalho. Petrolina Contato: (87) 3866 &#8211; 6540 Vagas dispon\u00edveis Vagas Fun\u00e7\u00e3o Escolaridade Experi\u00eancia Sal\u00e1rio Observa\u00e7\u00f5es 01 Ajudante de Obras M\u00e9dio Incompleto 6 Meses R$ 1.546,60 *Vagas Exclusivas para Pessoas com Defici\u00eancia 01 Auxiliar Administrativo Superior Incompleto (Administra\u00e7\u00e3o) 6 Meses R$ 1.320,00 *Vagas Exclusivas para Pessoas com Defici\u00eancia 01 Auxiliar de&hellip;\" \/>\n<meta property=\"og:url\" content=\"https:\/\/blogdofarnesio.com.br\/?p=349492\" \/>\n<meta property=\"og:site_name\" content=\"Blog do Farn\u00e9sio\" \/>\n<meta property=\"article:publisher\" content=\"https:\/\/www.facebook.com\/BlogQuerSaberPolitica\/\" \/>\n<meta property=\"article:author\" content=\"https:\/\/www.facebook.com\/?ref=tn_tnmn\" \/>\n<meta property=\"article:published_time\" content=\"2023-09-04T18:23:25+00:00\" \/>\n<meta property=\"og:image\" content=\"https:\/\/blogdofarnesio.com.br\/wp-content\/uploads\/2020\/09\/blogqsp-vagas-empregook.jpg\" \/>\n\t<meta property=\"og:image:width\" content=\"500\" \/>\n\t<meta property=\"og:image:height\" content=\"302\" \/>\n\t<meta property=\"og:image:type\" content=\"image\/jpeg\" \/>\n<meta name=\"author\" content=\"Farn\u00e9sio\" \/>\n<meta name=\"twitter:card\" content=\"summary_large_image\" \/>\n<meta name=\"twitter:label1\" content=\"Escrito por\" \/>\n\t<meta name=\"twitter:data1\" content=\"Farn\u00e9sio\" \/>\n\t<meta name=\"twitter:label2\" content=\"Est. tempo de leitura\" \/>\n\t<meta name=\"twitter:data2\" content=\"3 minutos\" \/>\n<script type=\"application\/ld+json\" class=\"yoast-schema-graph\">{\"@context\":\"https:\\\/\\\/schema.org\",\"@graph\":[{\"@type\":\"Article\",\"@id\":\"https:\\\/\\\/blogdofarnesio.com.br\\\/?p=349492#article\",\"isPartOf\":{\"@id\":\"https:\\\/\\\/blogdofarnesio.com.br\\\/?p=349492\"},\"author\":{\"name\":\"Farn\u00e9sio\",\"@id\":\"https:\\\/\\\/blogdofarnesio.com.br\\\/#\\\/schema\\\/person\\\/bb9b23ae3ad0609ce8df7b6c9e76824d\"},\"headline\":\"vagas de emprego dispon\u00edveis em Petrolina, Araripina e Salgueiro nesta segunda-feira (4)\",\"datePublished\":\"2023-09-04T18:23:25+00:00\",\"mainEntityOfPage\":{\"@id\":\"https:\\\/\\\/blogdofarnesio.com.br\\\/?p=349492\"},\"wordCount\":395,\"commentCount\":0,\"publisher\":{\"@id\":\"https:\\\/\\\/blogdofarnesio.com.br\\\/#organization\"},\"image\":{\"@id\":\"https:\\\/\\\/blogdofarnesio.com.br\\\/?p=349492#primaryimage\"},\"thumbnailUrl\":\"https:\\\/\\\/blogdofarnesio.com.br\\\/wp-content\\\/uploads\\\/2020\\\/09\\\/blogqsp-vagas-empregook.jpg\",\"articleSection\":[\"Economia\"],\"inLanguage\":\"pt-BR\",\"potentialAction\":[{\"@type\":\"CommentAction\",\"name\":\"Comment\",\"target\":[\"https:\\\/\\\/blogdofarnesio.com.br\\\/?p=349492#respond\"]}]},{\"@type\":\"WebPage\",\"@id\":\"https:\\\/\\\/blogdofarnesio.com.br\\\/?p=349492\",\"url\":\"https:\\\/\\\/blogdofarnesio.com.br\\\/?p=349492\",\"name\":\"vagas de emprego dispon\u00edveis em Petrolina, Araripina e Salgueiro nesta segunda-feira (4) - Blog do Farn\u00e9sio\",\"isPartOf\":{\"@id\":\"https:\\\/\\\/blogdofarnesio.com.br\\\/#website\"},\"primaryImageOfPage\":{\"@id\":\"https:\\\/\\\/blogdofarnesio.com.br\\\/?p=349492#primaryimage\"},\"image\":{\"@id\":\"https:\\\/\\\/blogdofarnesio.com.br\\\/?p=349492#primaryimage\"},\"thumbnailUrl\":\"https:\\\/\\\/blogdofarnesio.com.br\\\/wp-content\\\/uploads\\\/2020\\\/09\\\/blogqsp-vagas-empregook.jpg\",\"datePublished\":\"2023-09-04T18:23:25+00:00\",\"breadcrumb\":{\"@id\":\"https:\\\/\\\/blogdofarnesio.com.br\\\/?p=349492#breadcrumb\"},\"inLanguage\":\"pt-BR\",\"potentialAction\":[{\"@type\":\"ReadAction\",\"target\":[\"https:\\\/\\\/blogdofarnesio.com.br\\\/?p=349492\"]}]},{\"@type\":\"ImageObject\",\"inLanguage\":\"pt-BR\",\"@id\":\"https:\\\/\\\/blogdofarnesio.com.br\\\/?p=349492#primaryimage\",\"url\":\"https:\\\/\\\/blogdofarnesio.com.br\\\/wp-content\\\/uploads\\\/2020\\\/09\\\/blogqsp-vagas-empregook.jpg\",\"contentUrl\":\"https:\\\/\\\/blogdofarnesio.com.br\\\/wp-content\\\/uploads\\\/2020\\\/09\\\/blogqsp-vagas-empregook.jpg\",\"width\":500,\"height\":302},{\"@type\":\"BreadcrumbList\",\"@id\":\"https:\\\/\\\/blogdofarnesio.com.br\\\/?p=349492#breadcrumb\",\"itemListElement\":[{\"@type\":\"ListItem\",\"position\":1,\"name\":\"In\u00edcio\",\"item\":\"https:\\\/\\\/blogdofarnesio.com.br\\\/\"},{\"@type\":\"ListItem\",\"position\":2,\"name\":\"vagas de emprego dispon\u00edveis em Petrolina, Araripina e Salgueiro nesta segunda-feira (4)\"}]},{\"@type\":\"WebSite\",\"@id\":\"https:\\\/\\\/blogdofarnesio.com.br\\\/#website\",\"url\":\"https:\\\/\\\/blogdofarnesio.com.br\\\/\",\"name\":\"Blog do Farn\u00e9sio\",\"description\":\"Quer Saber Pol\u00edtica?\",\"publisher\":{\"@id\":\"https:\\\/\\\/blogdofarnesio.com.br\\\/#organization\"},\"potentialAction\":[{\"@type\":\"SearchAction\",\"target\":{\"@type\":\"EntryPoint\",\"urlTemplate\":\"https:\\\/\\\/blogdofarnesio.com.br\\\/?s={search_term_string}\"},\"query-input\":{\"@type\":\"PropertyValueSpecification\",\"valueRequired\":true,\"valueName\":\"search_term_string\"}}],\"inLanguage\":\"pt-BR\"},{\"@type\":\"Organization\",\"@id\":\"https:\\\/\\\/blogdofarnesio.com.br\\\/#organization\",\"name\":\"Blog do Farn\u00e9sio\",\"url\":\"https:\\\/\\\/blogdofarnesio.com.br\\\/\",\"logo\":{\"@type\":\"ImageObject\",\"inLanguage\":\"pt-BR\",\"@id\":\"https:\\\/\\\/blogdofarnesio.com.br\\\/#\\\/schema\\\/logo\\\/image\\\/\",\"url\":\"https:\\\/\\\/blogdofarnesio.com.br\\\/wp-content\\\/uploads\\\/2026\\\/03\\\/cropped-logo_new-1.png\",\"contentUrl\":\"https:\\\/\\\/blogdofarnesio.com.br\\\/wp-content\\\/uploads\\\/2026\\\/03\\\/cropped-logo_new-1.png\",\"width\":881,\"height\":685,\"caption\":\"Blog do Farn\u00e9sio\"},\"image\":{\"@id\":\"https:\\\/\\\/blogdofarnesio.com.br\\\/#\\\/schema\\\/logo\\\/image\\\/\"},\"sameAs\":[\"https:\\\/\\\/www.facebook.com\\\/BlogQuerSaberPolitica\\\/\"]},{\"@type\":\"Person\",\"@id\":\"https:\\\/\\\/blogdofarnesio.com.br\\\/#\\\/schema\\\/person\\\/bb9b23ae3ad0609ce8df7b6c9e76824d\",\"name\":\"Farn\u00e9sio\",\"image\":{\"@type\":\"ImageObject\",\"inLanguage\":\"pt-BR\",\"@id\":\"https:\\\/\\\/secure.gravatar.com\\\/avatar\\\/986aa4c61ccdb66f8555bf88fc2a65609d00bcabd4d2d94377a727547345cbca?s=96&d=mm&r=g\",\"url\":\"https:\\\/\\\/secure.gravatar.com\\\/avatar\\\/986aa4c61ccdb66f8555bf88fc2a65609d00bcabd4d2d94377a727547345cbca?s=96&d=mm&r=g\",\"contentUrl\":\"https:\\\/\\\/secure.gravatar.com\\\/avatar\\\/986aa4c61ccdb66f8555bf88fc2a65609d00bcabd4d2d94377a727547345cbca?s=96&d=mm&r=g\",\"caption\":\"Farn\u00e9sio\"},\"description\":\"Radialista blogueiro, chegou a Petrolina\\\/Juazeiro em setembro de 1980, Farn\u00e9sio Silva \u00e9 de Arapiraca-Alagoas.\",\"sameAs\":[\"http:\\\/\\\/blogdofarnesio.com.br\",\"https:\\\/\\\/www.facebook.com\\\/?ref=tn_tnmn\",\"https:\\\/\\\/www.instagram.com\\\/?utm_source=pwa_homescreen\",\"https:\\\/\\\/youtube.com.br\\\/\"],\"url\":\"https:\\\/\\\/blogdofarnesio.com.br\\\/?author=2\"}]}<\/script>\n<!-- \/ Yoast SEO plugin. -->","yoast_head_json":{"title":"vagas de emprego dispon\u00edveis em Petrolina, Araripina e Salgueiro nesta segunda-feira (4) - Blog do Farn\u00e9sio","robots":{"index":"index","follow":"follow","max-snippet":"max-snippet:-1","max-image-preview":"max-image-preview:large","max-video-preview":"max-video-preview:-1"},"canonical":"https:\/\/blogdofarnesio.com.br\/?p=349492","og_locale":"pt_BR","og_type":"article","og_title":"vagas de emprego dispon\u00edveis em Petrolina, Araripina e Salgueiro nesta segunda-feira (4) - Blog do Farn\u00e9sio","og_description":"Por g1 Petrolina\u00a0 &#8211;\u00a0\u00a0 A Ag\u00eancia de Trabalho de Pernambuco divulgou as vagas de emprego disponibilizadas paras o munic\u00edpios de\u00a0Petrolina,\u00a0Araripina\u00a0e\u00a0Salgueiro\u00a0, no Sert\u00e3o de Pernambuco, nesta segunda-feira (4). As oportunidades s\u00e3o atualizadas diariamente pelo\u00a0g1\u00a0Petrolina. Os interessados nas oportunidades podem entrar em contato com a Sedepe atrav\u00e9s da internet. O atendimento na ag\u00eancia de\u00a0Salgueiro\u00a0\u00e9 feito a partir de um agendamento pr\u00e9vio, feito\u00a0pelo site da secretaria. Em\u00a0Petrolina\u00a0e\u00a0Araripina basta ir at\u00e9 a Ag\u00eancia de Trabalho. Petrolina Contato: (87) 3866 &#8211; 6540 Vagas dispon\u00edveis Vagas Fun\u00e7\u00e3o Escolaridade Experi\u00eancia Sal\u00e1rio Observa\u00e7\u00f5es 01 Ajudante de Obras M\u00e9dio Incompleto 6 Meses R$ 1.546,60 *Vagas Exclusivas para Pessoas com Defici\u00eancia 01 Auxiliar Administrativo Superior Incompleto (Administra\u00e7\u00e3o) 6 Meses R$ 1.320,00 *Vagas Exclusivas para Pessoas com Defici\u00eancia 01 Auxiliar de&hellip;","og_url":"https:\/\/blogdofarnesio.com.br\/?p=349492","og_site_name":"Blog do Farn\u00e9sio","article_publisher":"https:\/\/www.facebook.com\/BlogQuerSaberPolitica\/","article_author":"https:\/\/www.facebook.com\/?ref=tn_tnmn","article_published_time":"2023-09-04T18:23:25+00:00","og_image":[{"width":500,"height":302,"url":"https:\/\/blogdofarnesio.com.br\/wp-content\/uploads\/2020\/09\/blogqsp-vagas-empregook.jpg","type":"image\/jpeg"}],"author":"Farn\u00e9sio","twitter_card":"summary_large_image","twitter_misc":{"Escrito por":"Farn\u00e9sio","Est. tempo de leitura":"3 minutos"},"schema":{"@context":"https:\/\/schema.org","@graph":[{"@type":"Article","@id":"https:\/\/blogdofarnesio.com.br\/?p=349492#article","isPartOf":{"@id":"https:\/\/blogdofarnesio.com.br\/?p=349492"},"author":{"name":"Farn\u00e9sio","@id":"https:\/\/blogdofarnesio.com.br\/#\/schema\/person\/bb9b23ae3ad0609ce8df7b6c9e76824d"},"headline":"vagas de emprego dispon\u00edveis em Petrolina, Araripina e Salgueiro nesta segunda-feira (4)","datePublished":"2023-09-04T18:23:25+00:00","mainEntityOfPage":{"@id":"https:\/\/blogdofarnesio.com.br\/?p=349492"},"wordCount":395,"commentCount":0,"publisher":{"@id":"https:\/\/blogdofarnesio.com.br\/#organization"},"image":{"@id":"https:\/\/blogdofarnesio.com.br\/?p=349492#primaryimage"},"thumbnailUrl":"https:\/\/blogdofarnesio.com.br\/wp-content\/uploads\/2020\/09\/blogqsp-vagas-empregook.jpg","articleSection":["Economia"],"inLanguage":"pt-BR","potentialAction":[{"@type":"CommentAction","name":"Comment","target":["https:\/\/blogdofarnesio.com.br\/?p=349492#respond"]}]},{"@type":"WebPage","@id":"https:\/\/blogdofarnesio.com.br\/?p=349492","url":"https:\/\/blogdofarnesio.com.br\/?p=349492","name":"vagas de emprego dispon\u00edveis em Petrolina, Araripina e Salgueiro nesta segunda-feira (4) - Blog do Farn\u00e9sio","isPartOf":{"@id":"https:\/\/blogdofarnesio.com.br\/#website"},"primaryImageOfPage":{"@id":"https:\/\/blogdofarnesio.com.br\/?p=349492#primaryimage"},"image":{"@id":"https:\/\/blogdofarnesio.com.br\/?p=349492#primaryimage"},"thumbnailUrl":"https:\/\/blogdofarnesio.com.br\/wp-content\/uploads\/2020\/09\/blogqsp-vagas-empregook.jpg","datePublished":"2023-09-04T18:23:25+00:00","breadcrumb":{"@id":"https:\/\/blogdofarnesio.com.br\/?p=349492#breadcrumb"},"inLanguage":"pt-BR","potentialAction":[{"@type":"ReadAction","target":["https:\/\/blogdofarnesio.com.br\/?p=349492"]}]},{"@type":"ImageObject","inLanguage":"pt-BR","@id":"https:\/\/blogdofarnesio.com.br\/?p=349492#primaryimage","url":"https:\/\/blogdofarnesio.com.br\/wp-content\/uploads\/2020\/09\/blogqsp-vagas-empregook.jpg","contentUrl":"https:\/\/blogdofarnesio.com.br\/wp-content\/uploads\/2020\/09\/blogqsp-vagas-empregook.jpg","width":500,"height":302},{"@type":"BreadcrumbList","@id":"https:\/\/blogdofarnesio.com.br\/?p=349492#breadcrumb","itemListElement":[{"@type":"ListItem","position":1,"name":"In\u00edcio","item":"https:\/\/blogdofarnesio.com.br\/"},{"@type":"ListItem","position":2,"name":"vagas de emprego dispon\u00edveis em Petrolina, Araripina e Salgueiro nesta segunda-feira (4)"}]},{"@type":"WebSite","@id":"https:\/\/blogdofarnesio.com.br\/#website","url":"https:\/\/blogdofarnesio.com.br\/","name":"Blog do Farn\u00e9sio","description":"Quer Saber Pol\u00edtica?","publisher":{"@id":"https:\/\/blogdofarnesio.com.br\/#organization"},"potentialAction":[{"@type":"SearchAction","target":{"@type":"EntryPoint","urlTemplate":"https:\/\/blogdofarnesio.com.br\/?s={search_term_string}"},"query-input":{"@type":"PropertyValueSpecification","valueRequired":true,"valueName":"search_term_string"}}],"inLanguage":"pt-BR"},{"@type":"Organization","@id":"https:\/\/blogdofarnesio.com.br\/#organization","name":"Blog do Farn\u00e9sio","url":"https:\/\/blogdofarnesio.com.br\/","logo":{"@type":"ImageObject","inLanguage":"pt-BR","@id":"https:\/\/blogdofarnesio.com.br\/#\/schema\/logo\/image\/","url":"https:\/\/blogdofarnesio.com.br\/wp-content\/uploads\/2026\/03\/cropped-logo_new-1.png","contentUrl":"https:\/\/blogdofarnesio.com.br\/wp-content\/uploads\/2026\/03\/cropped-logo_new-1.png","width":881,"height":685,"caption":"Blog do Farn\u00e9sio"},"image":{"@id":"https:\/\/blogdofarnesio.com.br\/#\/schema\/logo\/image\/"},"sameAs":["https:\/\/www.facebook.com\/BlogQuerSaberPolitica\/"]},{"@type":"Person","@id":"https:\/\/blogdofarnesio.com.br\/#\/schema\/person\/bb9b23ae3ad0609ce8df7b6c9e76824d","name":"Farn\u00e9sio","image":{"@type":"ImageObject","inLanguage":"pt-BR","@id":"https:\/\/secure.gravatar.com\/avatar\/986aa4c61ccdb66f8555bf88fc2a65609d00bcabd4d2d94377a727547345cbca?s=96&d=mm&r=g","url":"https:\/\/secure.gravatar.com\/avatar\/986aa4c61ccdb66f8555bf88fc2a65609d00bcabd4d2d94377a727547345cbca?s=96&d=mm&r=g","contentUrl":"https:\/\/secure.gravatar.com\/avatar\/986aa4c61ccdb66f8555bf88fc2a65609d00bcabd4d2d94377a727547345cbca?s=96&d=mm&r=g","caption":"Farn\u00e9sio"},"description":"Radialista blogueiro, chegou a Petrolina\/Juazeiro em setembro de 1980, Farn\u00e9sio Silva \u00e9 de Arapiraca-Alagoas.","sameAs":["http:\/\/blogdofarnesio.com.br","https:\/\/www.facebook.com\/?ref=tn_tnmn","https:\/\/www.instagram.com\/?utm_source=pwa_homescreen","https:\/\/youtube.com.br\/"],"url":"https:\/\/blogdofarnesio.com.br\/?author=2"}]}},"_links":{"self":[{"href":"https:\/\/blogdofarnesio.com.br\/index.php?rest_route=\/wp\/v2\/posts\/349492","targetHints":{"allow":["GET"]}}],"collection":[{"href":"https:\/\/blogdofarnesio.com.br\/index.php?rest_route=\/wp\/v2\/posts"}],"about":[{"href":"https:\/\/blogdofarnesio.com.br\/index.php?rest_route=\/wp\/v2\/types\/post"}],"author":[{"embeddable":true,"href":"https:\/\/blogdofarnesio.com.br\/index.php?rest_route=\/wp\/v2\/users\/2"}],"replies":[{"embeddable":true,"href":"https:\/\/blogdofarnesio.com.br\/index.php?rest_route=%2Fwp%2Fv2%2Fcomments&post=349492"}],"version-history":[{"count":0,"href":"https:\/\/blogdofarnesio.com.br\/index.php?rest_route=\/wp\/v2\/posts\/349492\/revisions"}],"wp:featuredmedia":[{"embeddable":true,"href":"https:\/\/blogdofarnesio.com.br\/index.php?rest_route=\/wp\/v2\/media\/268413"}],"wp:attachment":[{"href":"https:\/\/blogdofarnesio.com.br\/index.php?rest_route=%2Fwp%2Fv2%2Fmedia&parent=349492"}],"wp:term":[{"taxonomy":"category","embeddable":true,"href":"https:\/\/blogdofarnesio.com.br\/index.php?rest_route=%2Fwp%2Fv2%2Fcategories&post=349492"},{"taxonomy":"post_tag","embeddable":true,"href":"https:\/\/blogdofarnesio.com.br\/index.php?rest_route=%2Fwp%2Fv2%2Ftags&post=349492"}],"curies":[{"name":"wp","href":"https:\/\/api.w.org\/{rel}","templated":true}]}}