{"id":349490,"date":"2023-09-04T14:22:27","date_gmt":"2023-09-04T17:22:27","guid":{"rendered":"https:\/\/blogdofarnesio.com.br\/?p=349490"},"modified":"2023-09-04T11:45:35","modified_gmt":"2023-09-04T14:45:35","slug":"setembro-verde-a-organizacao-de-procura-de-orgaos-do-hospital-dom-malan-em-petrolina-faz-campanha-de-conscientizacao-de-doacao","status":"publish","type":"post","link":"https:\/\/blogdofarnesio.com.br\/?p=349490","title":{"rendered":"Setembro Verde: a Organiza\u00e7\u00e3o de Procura de \u00d3rg\u00e3os do Hospital Dom Malan em Petrolina, faz campanha de conscientiza\u00e7\u00e3o de doa\u00e7\u00e3o"},"content":{"rendered":"<p>Setembro \u00e9 o m\u00eas de conscientiza\u00e7\u00e3o da import\u00e2ncia da doa\u00e7\u00e3o de \u00f3rg\u00e3os e tecidos no Brasil. Em Petrolina, a Organiza\u00e7\u00e3o de Procura de \u00d3rg\u00e3os (OPO), funciona no Hospital Dom Malan (HDM ISMEP).\u00a0 O munic\u00edpio abriga a macrorregional Sert\u00e3o e tem sua abrang\u00eancia em unidades de sa\u00fade com emerg\u00eancias e unidades de terapia intensiva, como o pr\u00f3prio HDM ISMEP, Hospital Universit\u00e1rio, Hospital Neuroc\u00e1rdio, HGU, Hospital Memorial e Hospital Unimed.<\/p>\n<p>A OPO do Dom Malan busca conscientizar a popula\u00e7\u00e3o levando informa\u00e7\u00f5es sobre a doa\u00e7\u00e3o de \u00f3rg\u00e3os e tecidos. \u201c<em>Nossa equipe realiza diariamente busca-ativa, acolhimento familiar, manuten\u00e7\u00e3o do potencial doador, acompanhamento e fiscaliza\u00e7\u00e3o do protocolo de morte encef\u00e1lica, organiza\u00e7\u00e3o da log\u00edstica para capta\u00e7\u00e3o, e educa\u00e7\u00e3o em sa\u00fade<\/em>\u201d explica a integrante da OPO do Hospital Dom Malan ISMEP, Jana\u00edna Carvalho.<\/p>\n<p>&nbsp;<\/p>\n<p><strong>Doa\u00e7\u00f5es em 2023<\/strong><\/p>\n<p>Este ano, entre janeiro e agosto, a OPO recebeu 10 doa\u00e7\u00f5es efetivadas de \u00f3rg\u00e3os m\u00faltiplos, entre eles cora\u00e7\u00e3o, rins e f\u00edgado, totalizando em m\u00e9dia 26 \u00f3rg\u00e3os s\u00f3lidos vi\u00e1veis para transplante.\u00a0<em>\u201cEstamos observando que a recupera\u00e7\u00e3o das taxas de doa\u00e7\u00e3o e transplante no p\u00f3s-pandemia de covid-19 est\u00e1 muito lenta no pa\u00eds e n\u00e3o conseguimos retornar aos n\u00edveis obtidos em 2019, por\u00e9m seguem em ascens\u00e3o,<\/em>\u00a0\u201d ressalta Jana\u00edna.<\/p>\n<p>Em Petrolina n\u00e3o s\u00e3o realizados transplantes. A OPO HDM funciona apenas como centro captador, que encaminha os \u00f3rg\u00e3os captados para Recife ou outros estados, caso n\u00e3o haja receptores compat\u00edveis em Pernambuco.<\/p>\n<p>No Brasil, segundo a Associa\u00e7\u00e3o Brasileira DD Transplantes De \u00d3rg\u00e3os (ABTO) os \u00f3rg\u00e3os\/tecidos mais doados e necess\u00e1rios para transplantes s\u00e3o: c\u00f3rneas, seguidos em ordem por rins, f\u00edgado, cora\u00e7\u00e3o, p\u00e2ncreas e pulm\u00e3o.<\/p>\n<p>&nbsp;<\/p>\n<p><strong>OPO<\/strong><\/p>\n<p>A Organiza\u00e7\u00e3o de Procura de \u00d3rg\u00e3os (OPO), regulamentada pela portaria n\u00ba 2.601 de 21 de outubro de 2009, tem o papel de coordena\u00e7\u00e3o respons\u00e1vel por organizar e apoiar, de acordo com o sistema nacional de transplantes, as atividades relacionadas ao processo de doa\u00e7\u00e3o de \u00f3rg\u00e3os e tecidos, a manuten\u00e7\u00e3o de poss\u00edvel doador, a identifica\u00e7\u00e3o e a busca de solu\u00e7\u00f5es para as fragilidades do processo, a constru\u00e7\u00e3o de parcerias, o desenvolvimento de atividades de trabalho e a capacita\u00e7\u00e3o para identifica\u00e7\u00e3o e efetiva\u00e7\u00e3o da doa\u00e7\u00e3o de \u00f3rg\u00e3os ou tecidos.<\/p>\n<p>\u00c9 a OPO que deve articular-se com as equipes m\u00e9dicas dos diversos hospitais, especialmente as das unidades de tratamento intensivo e urg\u00eancia e emerg\u00eancia, no sentido de identificar os potenciais doadores e estimular seu adequado suporte para fins de doa\u00e7\u00e3o.<\/p>\n<p><strong>\u00a0<\/strong><\/p>\n<p><strong>Lei de Doa\u00e7\u00e3o<\/strong><\/p>\n<p><strong>Em\u00a0<\/strong>\u00a02001 com a lei n\u00ba 10211, a doa\u00e7\u00e3o passou a ser consentida, no qual \u00e9 obrigat\u00f3ria a autoriza\u00e7\u00e3o dos familiares para a retirada de \u00f3rg\u00e3os para fins de transplante.\u00a0 Em 1997 conforme a lei n\u00ba 9434, \u00a0a doa\u00e7\u00e3o de \u00f3rg\u00e3os era presumida no qual era inserida a informa\u00e7\u00e3o em documento oficial (RG, CNH) sem ser necess\u00e1rio autoriza\u00e7\u00e3o familiar.<\/p>\n<p><strong>\u00a0<\/strong><\/p>\n<p><strong>Lista de Transplantes<\/strong><\/p>\n<p>A lista para transplantes \u00e9 \u00fanica e vale tanto para os pacientes do SUS quanto para os da rede privada. A lista de espera por um \u00f3rg\u00e3o funciona baseada em crit\u00e9rios t\u00e9cnicos, em que a tipagem sangu\u00ednea, compatibilidade de peso e altura, compatibilidade gen\u00e9tica e crit\u00e9rios de gravidade distintos para cada \u00f3rg\u00e3o determinam a ordem de pacientes a serem transplantados. Quando os crit\u00e9rios t\u00e9cnicos s\u00e3o semelhantes, a ordem cronol\u00f3gica de cadastro, ou seja, a ordem de chegada, funciona como crit\u00e9rio de desempate. Pacientes em estado cr\u00edtico s\u00e3o atendidos com prioridade, em raz\u00e3o de sua condi\u00e7\u00e3o cl\u00ednica.<\/p>\n<p>&nbsp;<\/p>\n<p>Assessoria de Comunica\u00e7\u00e3o do HDM ISMEP<\/p>\n","protected":false},"excerpt":{"rendered":"<p>Setembro \u00e9 o m\u00eas de conscientiza\u00e7\u00e3o da import\u00e2ncia da doa\u00e7\u00e3o de \u00f3rg\u00e3os e tecidos no Brasil. Em Petrolina, a Organiza\u00e7\u00e3o de Procura de \u00d3rg\u00e3os (OPO), funciona no Hospital Dom Malan (HDM ISMEP).\u00a0 O munic\u00edpio abriga a macrorregional Sert\u00e3o e tem sua abrang\u00eancia em unidades de sa\u00fade com emerg\u00eancias e unidades de terapia intensiva, como o pr\u00f3prio HDM ISMEP, Hospital Universit\u00e1rio, Hospital Neuroc\u00e1rdio, HGU, Hospital Memorial e Hospital Unimed. A OPO do Dom Malan busca conscientizar a popula\u00e7\u00e3o levando informa\u00e7\u00f5es sobre a doa\u00e7\u00e3o de \u00f3rg\u00e3os e tecidos. \u201cNossa equipe realiza diariamente busca-ativa, acolhimento familiar, manuten\u00e7\u00e3o do potencial doador, acompanhamento e fiscaliza\u00e7\u00e3o do protocolo de morte encef\u00e1lica, organiza\u00e7\u00e3o da log\u00edstica para capta\u00e7\u00e3o, e educa\u00e7\u00e3o em sa\u00fade\u201d explica a integrante da OPO do&hellip; <\/p>\n","protected":false},"author":2,"featured_media":284450,"comment_status":"open","ping_status":"open","sticky":false,"template":"","format":"standard","meta":{"_acf_changed":false,"footnotes":""},"categories":[4],"tags":[],"class_list":["post-349490","post","type-post","status-publish","format-standard","has-post-thumbnail","hentry","category-saude"],"acf":[],"yoast_head":"<!-- This site is optimized with the Yoast SEO plugin v27.4 - https:\/\/yoast.com\/product\/yoast-seo-wordpress\/ -->\n<title>Setembro Verde: a Organiza\u00e7\u00e3o de Procura de \u00d3rg\u00e3os do Hospital Dom Malan em Petrolina, faz campanha de conscientiza\u00e7\u00e3o de doa\u00e7\u00e3o - Blog do Farn\u00e9sio<\/title>\n<meta name=\"robots\" content=\"index, follow, max-snippet:-1, max-image-preview:large, max-video-preview:-1\" \/>\n<link rel=\"canonical\" href=\"https:\/\/blogdofarnesio.com.br\/?p=349490\" \/>\n<meta property=\"og:locale\" content=\"pt_BR\" \/>\n<meta property=\"og:type\" content=\"article\" \/>\n<meta property=\"og:title\" content=\"Setembro Verde: a Organiza\u00e7\u00e3o de Procura de \u00d3rg\u00e3os do Hospital Dom Malan em Petrolina, faz campanha de conscientiza\u00e7\u00e3o de doa\u00e7\u00e3o - Blog do Farn\u00e9sio\" \/>\n<meta property=\"og:description\" content=\"Setembro \u00e9 o m\u00eas de conscientiza\u00e7\u00e3o da import\u00e2ncia da doa\u00e7\u00e3o de \u00f3rg\u00e3os e tecidos no Brasil. Em Petrolina, a Organiza\u00e7\u00e3o de Procura de \u00d3rg\u00e3os (OPO), funciona no Hospital Dom Malan (HDM ISMEP).\u00a0 O munic\u00edpio abriga a macrorregional Sert\u00e3o e tem sua abrang\u00eancia em unidades de sa\u00fade com emerg\u00eancias e unidades de terapia intensiva, como o pr\u00f3prio HDM ISMEP, Hospital Universit\u00e1rio, Hospital Neuroc\u00e1rdio, HGU, Hospital Memorial e Hospital Unimed. A OPO do Dom Malan busca conscientizar a popula\u00e7\u00e3o levando informa\u00e7\u00f5es sobre a doa\u00e7\u00e3o de \u00f3rg\u00e3os e tecidos. \u201cNossa equipe realiza diariamente busca-ativa, acolhimento familiar, manuten\u00e7\u00e3o do potencial doador, acompanhamento e fiscaliza\u00e7\u00e3o do protocolo de morte encef\u00e1lica, organiza\u00e7\u00e3o da log\u00edstica para capta\u00e7\u00e3o, e educa\u00e7\u00e3o em sa\u00fade\u201d explica a integrante da OPO do&hellip;\" \/>\n<meta property=\"og:url\" content=\"https:\/\/blogdofarnesio.com.br\/?p=349490\" \/>\n<meta property=\"og:site_name\" content=\"Blog do Farn\u00e9sio\" \/>\n<meta property=\"article:publisher\" content=\"https:\/\/www.facebook.com\/BlogQuerSaberPolitica\/\" \/>\n<meta property=\"article:author\" content=\"https:\/\/www.facebook.com\/?ref=tn_tnmn\" \/>\n<meta property=\"article:published_time\" content=\"2023-09-04T17:22:27+00:00\" \/>\n<meta property=\"og:image\" content=\"https:\/\/blogdofarnesio.com.br\/wp-content\/uploads\/2021\/04\/Abril-Verde-4-e1619731269880.jpeg\" \/>\n\t<meta property=\"og:image:width\" content=\"724\" \/>\n\t<meta property=\"og:image:height\" content=\"482\" \/>\n\t<meta property=\"og:image:type\" content=\"image\/jpeg\" \/>\n<meta name=\"author\" content=\"Farn\u00e9sio\" \/>\n<meta name=\"twitter:card\" content=\"summary_large_image\" \/>\n<meta name=\"twitter:label1\" content=\"Escrito por\" \/>\n\t<meta name=\"twitter:data1\" content=\"Farn\u00e9sio\" \/>\n\t<meta name=\"twitter:label2\" content=\"Est. tempo de leitura\" \/>\n\t<meta name=\"twitter:data2\" content=\"4 minutos\" \/>\n<script type=\"application\/ld+json\" class=\"yoast-schema-graph\">{\"@context\":\"https:\\\/\\\/schema.org\",\"@graph\":[{\"@type\":\"Article\",\"@id\":\"https:\\\/\\\/blogdofarnesio.com.br\\\/?p=349490#article\",\"isPartOf\":{\"@id\":\"https:\\\/\\\/blogdofarnesio.com.br\\\/?p=349490\"},\"author\":{\"name\":\"Farn\u00e9sio\",\"@id\":\"https:\\\/\\\/blogdofarnesio.com.br\\\/#\\\/schema\\\/person\\\/bb9b23ae3ad0609ce8df7b6c9e76824d\"},\"headline\":\"Setembro Verde: a Organiza\u00e7\u00e3o de Procura de \u00d3rg\u00e3os do Hospital Dom Malan em Petrolina, faz campanha de conscientiza\u00e7\u00e3o de doa\u00e7\u00e3o\",\"datePublished\":\"2023-09-04T17:22:27+00:00\",\"mainEntityOfPage\":{\"@id\":\"https:\\\/\\\/blogdofarnesio.com.br\\\/?p=349490\"},\"wordCount\":674,\"commentCount\":0,\"publisher\":{\"@id\":\"https:\\\/\\\/blogdofarnesio.com.br\\\/#organization\"},\"image\":{\"@id\":\"https:\\\/\\\/blogdofarnesio.com.br\\\/?p=349490#primaryimage\"},\"thumbnailUrl\":\"https:\\\/\\\/blogdofarnesio.com.br\\\/wp-content\\\/uploads\\\/2021\\\/04\\\/Abril-Verde-4-e1619731269880.jpeg\",\"articleSection\":[\"Sa\u00fade\"],\"inLanguage\":\"pt-BR\",\"potentialAction\":[{\"@type\":\"CommentAction\",\"name\":\"Comment\",\"target\":[\"https:\\\/\\\/blogdofarnesio.com.br\\\/?p=349490#respond\"]}]},{\"@type\":\"WebPage\",\"@id\":\"https:\\\/\\\/blogdofarnesio.com.br\\\/?p=349490\",\"url\":\"https:\\\/\\\/blogdofarnesio.com.br\\\/?p=349490\",\"name\":\"Setembro Verde: a Organiza\u00e7\u00e3o de Procura de \u00d3rg\u00e3os do Hospital Dom Malan em Petrolina, faz campanha de conscientiza\u00e7\u00e3o de doa\u00e7\u00e3o - Blog do Farn\u00e9sio\",\"isPartOf\":{\"@id\":\"https:\\\/\\\/blogdofarnesio.com.br\\\/#website\"},\"primaryImageOfPage\":{\"@id\":\"https:\\\/\\\/blogdofarnesio.com.br\\\/?p=349490#primaryimage\"},\"image\":{\"@id\":\"https:\\\/\\\/blogdofarnesio.com.br\\\/?p=349490#primaryimage\"},\"thumbnailUrl\":\"https:\\\/\\\/blogdofarnesio.com.br\\\/wp-content\\\/uploads\\\/2021\\\/04\\\/Abril-Verde-4-e1619731269880.jpeg\",\"datePublished\":\"2023-09-04T17:22:27+00:00\",\"breadcrumb\":{\"@id\":\"https:\\\/\\\/blogdofarnesio.com.br\\\/?p=349490#breadcrumb\"},\"inLanguage\":\"pt-BR\",\"potentialAction\":[{\"@type\":\"ReadAction\",\"target\":[\"https:\\\/\\\/blogdofarnesio.com.br\\\/?p=349490\"]}]},{\"@type\":\"ImageObject\",\"inLanguage\":\"pt-BR\",\"@id\":\"https:\\\/\\\/blogdofarnesio.com.br\\\/?p=349490#primaryimage\",\"url\":\"https:\\\/\\\/blogdofarnesio.com.br\\\/wp-content\\\/uploads\\\/2021\\\/04\\\/Abril-Verde-4-e1619731269880.jpeg\",\"contentUrl\":\"https:\\\/\\\/blogdofarnesio.com.br\\\/wp-content\\\/uploads\\\/2021\\\/04\\\/Abril-Verde-4-e1619731269880.jpeg\",\"width\":724,\"height\":482},{\"@type\":\"BreadcrumbList\",\"@id\":\"https:\\\/\\\/blogdofarnesio.com.br\\\/?p=349490#breadcrumb\",\"itemListElement\":[{\"@type\":\"ListItem\",\"position\":1,\"name\":\"In\u00edcio\",\"item\":\"https:\\\/\\\/blogdofarnesio.com.br\\\/\"},{\"@type\":\"ListItem\",\"position\":2,\"name\":\"Setembro Verde: a Organiza\u00e7\u00e3o de Procura de \u00d3rg\u00e3os do Hospital Dom Malan em Petrolina, faz campanha de conscientiza\u00e7\u00e3o de doa\u00e7\u00e3o\"}]},{\"@type\":\"WebSite\",\"@id\":\"https:\\\/\\\/blogdofarnesio.com.br\\\/#website\",\"url\":\"https:\\\/\\\/blogdofarnesio.com.br\\\/\",\"name\":\"Blog do Farn\u00e9sio\",\"description\":\"Quer Saber Pol\u00edtica?\",\"publisher\":{\"@id\":\"https:\\\/\\\/blogdofarnesio.com.br\\\/#organization\"},\"potentialAction\":[{\"@type\":\"SearchAction\",\"target\":{\"@type\":\"EntryPoint\",\"urlTemplate\":\"https:\\\/\\\/blogdofarnesio.com.br\\\/?s={search_term_string}\"},\"query-input\":{\"@type\":\"PropertyValueSpecification\",\"valueRequired\":true,\"valueName\":\"search_term_string\"}}],\"inLanguage\":\"pt-BR\"},{\"@type\":\"Organization\",\"@id\":\"https:\\\/\\\/blogdofarnesio.com.br\\\/#organization\",\"name\":\"Blog do Farn\u00e9sio\",\"url\":\"https:\\\/\\\/blogdofarnesio.com.br\\\/\",\"logo\":{\"@type\":\"ImageObject\",\"inLanguage\":\"pt-BR\",\"@id\":\"https:\\\/\\\/blogdofarnesio.com.br\\\/#\\\/schema\\\/logo\\\/image\\\/\",\"url\":\"https:\\\/\\\/blogdofarnesio.com.br\\\/wp-content\\\/uploads\\\/2026\\\/03\\\/cropped-logo_new-1.png\",\"contentUrl\":\"https:\\\/\\\/blogdofarnesio.com.br\\\/wp-content\\\/uploads\\\/2026\\\/03\\\/cropped-logo_new-1.png\",\"width\":881,\"height\":685,\"caption\":\"Blog do Farn\u00e9sio\"},\"image\":{\"@id\":\"https:\\\/\\\/blogdofarnesio.com.br\\\/#\\\/schema\\\/logo\\\/image\\\/\"},\"sameAs\":[\"https:\\\/\\\/www.facebook.com\\\/BlogQuerSaberPolitica\\\/\"]},{\"@type\":\"Person\",\"@id\":\"https:\\\/\\\/blogdofarnesio.com.br\\\/#\\\/schema\\\/person\\\/bb9b23ae3ad0609ce8df7b6c9e76824d\",\"name\":\"Farn\u00e9sio\",\"image\":{\"@type\":\"ImageObject\",\"inLanguage\":\"pt-BR\",\"@id\":\"https:\\\/\\\/secure.gravatar.com\\\/avatar\\\/986aa4c61ccdb66f8555bf88fc2a65609d00bcabd4d2d94377a727547345cbca?s=96&d=mm&r=g\",\"url\":\"https:\\\/\\\/secure.gravatar.com\\\/avatar\\\/986aa4c61ccdb66f8555bf88fc2a65609d00bcabd4d2d94377a727547345cbca?s=96&d=mm&r=g\",\"contentUrl\":\"https:\\\/\\\/secure.gravatar.com\\\/avatar\\\/986aa4c61ccdb66f8555bf88fc2a65609d00bcabd4d2d94377a727547345cbca?s=96&d=mm&r=g\",\"caption\":\"Farn\u00e9sio\"},\"description\":\"Radialista blogueiro, chegou a Petrolina\\\/Juazeiro em setembro de 1980, Farn\u00e9sio Silva \u00e9 de Arapiraca-Alagoas.\",\"sameAs\":[\"http:\\\/\\\/blogdofarnesio.com.br\",\"https:\\\/\\\/www.facebook.com\\\/?ref=tn_tnmn\",\"https:\\\/\\\/www.instagram.com\\\/?utm_source=pwa_homescreen\",\"https:\\\/\\\/youtube.com.br\\\/\"],\"url\":\"https:\\\/\\\/blogdofarnesio.com.br\\\/?author=2\"}]}<\/script>\n<!-- \/ Yoast SEO plugin. -->","yoast_head_json":{"title":"Setembro Verde: a Organiza\u00e7\u00e3o de Procura de \u00d3rg\u00e3os do Hospital Dom Malan em Petrolina, faz campanha de conscientiza\u00e7\u00e3o de doa\u00e7\u00e3o - Blog do Farn\u00e9sio","robots":{"index":"index","follow":"follow","max-snippet":"max-snippet:-1","max-image-preview":"max-image-preview:large","max-video-preview":"max-video-preview:-1"},"canonical":"https:\/\/blogdofarnesio.com.br\/?p=349490","og_locale":"pt_BR","og_type":"article","og_title":"Setembro Verde: a Organiza\u00e7\u00e3o de Procura de \u00d3rg\u00e3os do Hospital Dom Malan em Petrolina, faz campanha de conscientiza\u00e7\u00e3o de doa\u00e7\u00e3o - Blog do Farn\u00e9sio","og_description":"Setembro \u00e9 o m\u00eas de conscientiza\u00e7\u00e3o da import\u00e2ncia da doa\u00e7\u00e3o de \u00f3rg\u00e3os e tecidos no Brasil. Em Petrolina, a Organiza\u00e7\u00e3o de Procura de \u00d3rg\u00e3os (OPO), funciona no Hospital Dom Malan (HDM ISMEP).\u00a0 O munic\u00edpio abriga a macrorregional Sert\u00e3o e tem sua abrang\u00eancia em unidades de sa\u00fade com emerg\u00eancias e unidades de terapia intensiva, como o pr\u00f3prio HDM ISMEP, Hospital Universit\u00e1rio, Hospital Neuroc\u00e1rdio, HGU, Hospital Memorial e Hospital Unimed. A OPO do Dom Malan busca conscientizar a popula\u00e7\u00e3o levando informa\u00e7\u00f5es sobre a doa\u00e7\u00e3o de \u00f3rg\u00e3os e tecidos. \u201cNossa equipe realiza diariamente busca-ativa, acolhimento familiar, manuten\u00e7\u00e3o do potencial doador, acompanhamento e fiscaliza\u00e7\u00e3o do protocolo de morte encef\u00e1lica, organiza\u00e7\u00e3o da log\u00edstica para capta\u00e7\u00e3o, e educa\u00e7\u00e3o em sa\u00fade\u201d explica a integrante da OPO do&hellip;","og_url":"https:\/\/blogdofarnesio.com.br\/?p=349490","og_site_name":"Blog do Farn\u00e9sio","article_publisher":"https:\/\/www.facebook.com\/BlogQuerSaberPolitica\/","article_author":"https:\/\/www.facebook.com\/?ref=tn_tnmn","article_published_time":"2023-09-04T17:22:27+00:00","og_image":[{"width":724,"height":482,"url":"https:\/\/blogdofarnesio.com.br\/wp-content\/uploads\/2021\/04\/Abril-Verde-4-e1619731269880.jpeg","type":"image\/jpeg"}],"author":"Farn\u00e9sio","twitter_card":"summary_large_image","twitter_misc":{"Escrito por":"Farn\u00e9sio","Est. tempo de leitura":"4 minutos"},"schema":{"@context":"https:\/\/schema.org","@graph":[{"@type":"Article","@id":"https:\/\/blogdofarnesio.com.br\/?p=349490#article","isPartOf":{"@id":"https:\/\/blogdofarnesio.com.br\/?p=349490"},"author":{"name":"Farn\u00e9sio","@id":"https:\/\/blogdofarnesio.com.br\/#\/schema\/person\/bb9b23ae3ad0609ce8df7b6c9e76824d"},"headline":"Setembro Verde: a Organiza\u00e7\u00e3o de Procura de \u00d3rg\u00e3os do Hospital Dom Malan em Petrolina, faz campanha de conscientiza\u00e7\u00e3o de doa\u00e7\u00e3o","datePublished":"2023-09-04T17:22:27+00:00","mainEntityOfPage":{"@id":"https:\/\/blogdofarnesio.com.br\/?p=349490"},"wordCount":674,"commentCount":0,"publisher":{"@id":"https:\/\/blogdofarnesio.com.br\/#organization"},"image":{"@id":"https:\/\/blogdofarnesio.com.br\/?p=349490#primaryimage"},"thumbnailUrl":"https:\/\/blogdofarnesio.com.br\/wp-content\/uploads\/2021\/04\/Abril-Verde-4-e1619731269880.jpeg","articleSection":["Sa\u00fade"],"inLanguage":"pt-BR","potentialAction":[{"@type":"CommentAction","name":"Comment","target":["https:\/\/blogdofarnesio.com.br\/?p=349490#respond"]}]},{"@type":"WebPage","@id":"https:\/\/blogdofarnesio.com.br\/?p=349490","url":"https:\/\/blogdofarnesio.com.br\/?p=349490","name":"Setembro Verde: a Organiza\u00e7\u00e3o de Procura de \u00d3rg\u00e3os do Hospital Dom Malan em Petrolina, faz campanha de conscientiza\u00e7\u00e3o de doa\u00e7\u00e3o - Blog do Farn\u00e9sio","isPartOf":{"@id":"https:\/\/blogdofarnesio.com.br\/#website"},"primaryImageOfPage":{"@id":"https:\/\/blogdofarnesio.com.br\/?p=349490#primaryimage"},"image":{"@id":"https:\/\/blogdofarnesio.com.br\/?p=349490#primaryimage"},"thumbnailUrl":"https:\/\/blogdofarnesio.com.br\/wp-content\/uploads\/2021\/04\/Abril-Verde-4-e1619731269880.jpeg","datePublished":"2023-09-04T17:22:27+00:00","breadcrumb":{"@id":"https:\/\/blogdofarnesio.com.br\/?p=349490#breadcrumb"},"inLanguage":"pt-BR","potentialAction":[{"@type":"ReadAction","target":["https:\/\/blogdofarnesio.com.br\/?p=349490"]}]},{"@type":"ImageObject","inLanguage":"pt-BR","@id":"https:\/\/blogdofarnesio.com.br\/?p=349490#primaryimage","url":"https:\/\/blogdofarnesio.com.br\/wp-content\/uploads\/2021\/04\/Abril-Verde-4-e1619731269880.jpeg","contentUrl":"https:\/\/blogdofarnesio.com.br\/wp-content\/uploads\/2021\/04\/Abril-Verde-4-e1619731269880.jpeg","width":724,"height":482},{"@type":"BreadcrumbList","@id":"https:\/\/blogdofarnesio.com.br\/?p=349490#breadcrumb","itemListElement":[{"@type":"ListItem","position":1,"name":"In\u00edcio","item":"https:\/\/blogdofarnesio.com.br\/"},{"@type":"ListItem","position":2,"name":"Setembro Verde: a Organiza\u00e7\u00e3o de Procura de \u00d3rg\u00e3os do Hospital Dom Malan em Petrolina, faz campanha de conscientiza\u00e7\u00e3o de doa\u00e7\u00e3o"}]},{"@type":"WebSite","@id":"https:\/\/blogdofarnesio.com.br\/#website","url":"https:\/\/blogdofarnesio.com.br\/","name":"Blog do Farn\u00e9sio","description":"Quer Saber Pol\u00edtica?","publisher":{"@id":"https:\/\/blogdofarnesio.com.br\/#organization"},"potentialAction":[{"@type":"SearchAction","target":{"@type":"EntryPoint","urlTemplate":"https:\/\/blogdofarnesio.com.br\/?s={search_term_string}"},"query-input":{"@type":"PropertyValueSpecification","valueRequired":true,"valueName":"search_term_string"}}],"inLanguage":"pt-BR"},{"@type":"Organization","@id":"https:\/\/blogdofarnesio.com.br\/#organization","name":"Blog do Farn\u00e9sio","url":"https:\/\/blogdofarnesio.com.br\/","logo":{"@type":"ImageObject","inLanguage":"pt-BR","@id":"https:\/\/blogdofarnesio.com.br\/#\/schema\/logo\/image\/","url":"https:\/\/blogdofarnesio.com.br\/wp-content\/uploads\/2026\/03\/cropped-logo_new-1.png","contentUrl":"https:\/\/blogdofarnesio.com.br\/wp-content\/uploads\/2026\/03\/cropped-logo_new-1.png","width":881,"height":685,"caption":"Blog do Farn\u00e9sio"},"image":{"@id":"https:\/\/blogdofarnesio.com.br\/#\/schema\/logo\/image\/"},"sameAs":["https:\/\/www.facebook.com\/BlogQuerSaberPolitica\/"]},{"@type":"Person","@id":"https:\/\/blogdofarnesio.com.br\/#\/schema\/person\/bb9b23ae3ad0609ce8df7b6c9e76824d","name":"Farn\u00e9sio","image":{"@type":"ImageObject","inLanguage":"pt-BR","@id":"https:\/\/secure.gravatar.com\/avatar\/986aa4c61ccdb66f8555bf88fc2a65609d00bcabd4d2d94377a727547345cbca?s=96&d=mm&r=g","url":"https:\/\/secure.gravatar.com\/avatar\/986aa4c61ccdb66f8555bf88fc2a65609d00bcabd4d2d94377a727547345cbca?s=96&d=mm&r=g","contentUrl":"https:\/\/secure.gravatar.com\/avatar\/986aa4c61ccdb66f8555bf88fc2a65609d00bcabd4d2d94377a727547345cbca?s=96&d=mm&r=g","caption":"Farn\u00e9sio"},"description":"Radialista blogueiro, chegou a Petrolina\/Juazeiro em setembro de 1980, Farn\u00e9sio Silva \u00e9 de Arapiraca-Alagoas.","sameAs":["http:\/\/blogdofarnesio.com.br","https:\/\/www.facebook.com\/?ref=tn_tnmn","https:\/\/www.instagram.com\/?utm_source=pwa_homescreen","https:\/\/youtube.com.br\/"],"url":"https:\/\/blogdofarnesio.com.br\/?author=2"}]}},"_links":{"self":[{"href":"https:\/\/blogdofarnesio.com.br\/index.php?rest_route=\/wp\/v2\/posts\/349490","targetHints":{"allow":["GET"]}}],"collection":[{"href":"https:\/\/blogdofarnesio.com.br\/index.php?rest_route=\/wp\/v2\/posts"}],"about":[{"href":"https:\/\/blogdofarnesio.com.br\/index.php?rest_route=\/wp\/v2\/types\/post"}],"author":[{"embeddable":true,"href":"https:\/\/blogdofarnesio.com.br\/index.php?rest_route=\/wp\/v2\/users\/2"}],"replies":[{"embeddable":true,"href":"https:\/\/blogdofarnesio.com.br\/index.php?rest_route=%2Fwp%2Fv2%2Fcomments&post=349490"}],"version-history":[{"count":0,"href":"https:\/\/blogdofarnesio.com.br\/index.php?rest_route=\/wp\/v2\/posts\/349490\/revisions"}],"wp:featuredmedia":[{"embeddable":true,"href":"https:\/\/blogdofarnesio.com.br\/index.php?rest_route=\/wp\/v2\/media\/284450"}],"wp:attachment":[{"href":"https:\/\/blogdofarnesio.com.br\/index.php?rest_route=%2Fwp%2Fv2%2Fmedia&parent=349490"}],"wp:term":[{"taxonomy":"category","embeddable":true,"href":"https:\/\/blogdofarnesio.com.br\/index.php?rest_route=%2Fwp%2Fv2%2Fcategories&post=349490"},{"taxonomy":"post_tag","embeddable":true,"href":"https:\/\/blogdofarnesio.com.br\/index.php?rest_route=%2Fwp%2Fv2%2Ftags&post=349490"}],"curies":[{"name":"wp","href":"https:\/\/api.w.org\/{rel}","templated":true}]}}