{"id":349481,"date":"2023-09-04T11:22:48","date_gmt":"2023-09-04T14:22:48","guid":{"rendered":"https:\/\/blogdofarnesio.com.br\/?p=349481"},"modified":"2023-09-04T11:22:48","modified_gmt":"2023-09-04T14:22:48","slug":"semana-do-7-de-setembro-em-brasilia-tera-desfile-pronunciamento-de-lula-e-lira-tentando-votar-desenrola-e-projeto-das-apostas","status":"publish","type":"post","link":"https:\/\/blogdofarnesio.com.br\/?p=349481","title":{"rendered":"Semana do 7 de Setembro em Bras\u00edlia ter\u00e1 desfile, pronunciamento de Lula e Lira tentando votar Desenrola e projeto das apostas"},"content":{"rendered":"<div class=\"sc-8a384deb-0 gcFtGo\">\n<div class=\"sc-8a384deb-4 ebUzRt\">Por Edu Mota\/BN\u00a0 &#8211;<\/div>\n<\/div>\n<div class=\"sc-c22b9e79-1 ouagm\">\n<div class=\"sc-c22b9e79-3 gGKeEu\">\n<p>Na Semana da P\u00e1tria, que culmina com o tradicional desfile da Independ\u00eancia no feriado de 7 de setembro, os tr\u00eas poderes t\u00eam perspectiva de dias esvaziados, apesar de estarem marcadas sess\u00f5es de vota\u00e7\u00e3o na C\u00e2mara e Senado\u00a0e julgamentos no STF. Tamb\u00e9m continua sendo aguardado o an\u00fancio da decis\u00e3o do presidente Luiz In\u00e1cio Lula da Silva (PT) sobre a reforma ministerial, que ir\u00e1 levar para dentro do governo partidos como o PP e o Republicanos.<\/p>\n<p>Al\u00e9m das poss\u00edveis mudan\u00e7as no Minist\u00e9rio do Desenvolvimento Social e da cria\u00e7\u00e3o do Minist\u00e9rio da Pequena e M\u00e9dia Empresa, tamb\u00e9m podem ser anunciadas movimenta\u00e7\u00f5es no comando da Caixa Econ\u00f4mica Federal, e nos minist\u00e9rios de Ci\u00eancia e Tecnologia, Portos e Aeroportos e Esportes. Entretanto, com o desfile do 7 de Setembro e posterior viagem de Lula \u00e0 \u00cdndia, a expectativa em Bras\u00edlia \u00e9 de que dificilmente a reforma sair\u00e1 nesta semana.<\/p>\n<p>Confira abaixo um resumo da agenda dos tr\u00eas poderes em Bras\u00edlia.<\/p>\n<p>PODER EXECUTIVO<\/p>\n<p>As mudan\u00e7as ministeriais prometidas pelo presidente Lula ao Centr\u00e3o j\u00e1 se arrastam h\u00e1 dois meses, e tiveram diversas datas para serem finalizadas. Havia alguma expectativa de que o an\u00fancio das mudan\u00e7as na Esplanada dos Minist\u00e9rios acontecesse nesta semana, mas a possibilidade \u00e9 pequena, diante do natural esvaziamento de Bras\u00edlia com um feriado na quinta.<\/p>\n<p>Nesta segunda-feira (04), o presidente Lula tem um encontro com o Advogado-Geral da Uni\u00e3o, Jorge Messias. O Advogado-Geral est\u00e1 no topo da lista de poss\u00edveis indicados pelo presidente para a vaga da ministra Rosa Weber, que se aposentar\u00e1 do Supremo Tribunal Federal no in\u00edcio do m\u00eas de outubro. Lula j\u00e1 disse publicamente, entretanto, que n\u00e3o anunciar\u00e1 o nome do seu escolhido para o STF antes da sa\u00edda da ministra.<\/p>\n<p>Na ter\u00e7a (05) Lula deve fazer mais uma live do programa \u201cConversa com o Presidente\u201d, e na quarta (06), ele far\u00e1 um pronunciamento em cadeia nacional de r\u00e1dio e televis\u00e3o. Lula deve convocar a popula\u00e7\u00e3o a comemorar a data sem divis\u00f5es pol\u00edticas e ideol\u00f3gicas.<\/p>\n<p>Na quinta (07), o presidente participar\u00e1 do tradicional desfile da Independ\u00eancia, que ser\u00e1 realizado das 9h \u00e0s 11h, na Esplanada dos Minist\u00e9rios, em Bras\u00edlia (DF). O presidente chegar\u00e1 em um carro aberto. O governo tem a expectativa de reunir cerca de 30 mil pessoas para o desfile. Depois do desfile, haver\u00e1 uma homenagem \u00e0s For\u00e7as Armadas diante do Museu Nacional da Rep\u00fablica.<\/p>\n<p>Depois do desfile, ainda na quinta, o presidente Lula embarcar\u00e1 para Nova Delhi, na \u00cdndia. Lula participar\u00e1 do encontro do G20. O evento do G20 \u00e9 importante porque o Brasil ocupar\u00e1 a presid\u00eancia do grupo de 1\u00ba de dezembro deste ano at\u00e9 30 de novembro de 2024. O presidente Lula s\u00f3 retornar\u00e1 ao Brasil na pr\u00f3xima segunda-feira (11).<\/p>\n<p>PODER LEGISLATIVO<\/p>\n<p>Apesar do feriado, que naturalmente esvazia os trabalhos no Congresso Nacional, o presidente da C\u00e2mara, Arthur Lira (PP-AL), editou um ato obrigando os deputados a estarem presentes na C\u00e2mara j\u00e1 nesta segunda (04). Nas segundas e sextas-feiras, os deputados podem marcar presen\u00e7a de forma remota, mas Lira alterou a regra para determinar que nesta segunda, excepcionalmente, ela ocorra de forma presencial.<\/p>\n<p>A medida tomada por Lira tem como objetivo garantir o qu\u00f3rum de parlamentares para tentar votar o projeto de lei que limita a taxa de juros do rotativo do cart\u00e3o de cr\u00e9dito. O presidente da C\u00e2mara tamb\u00e9m quer pautar a vota\u00e7\u00e3o da proposta que imp\u00f5e regras \u00e0s apostas esportivas online, e h\u00e1 ainda a perspectiva da an\u00e1lise de medidas provis\u00f3rias\u00a0pr\u00f3ximas de vencimento, como a que criou o programa Desenrola Brasil.<\/p>\n<p>No Senado, o presidente Rodrigo Pacheco (PSD-MG) marcou sess\u00f5es deliberativas no Plen\u00e1rio, mas em formato semipresencial, no qual os senadores podem votar remotamente. Na ter\u00e7a (05), est\u00e3o na pauta projetos como o que altera a lei para possibilitar ao doador de recursos aos Fundos dos Direitos da Crian\u00e7a e do Adolescente a indica\u00e7\u00e3o da destina\u00e7\u00e3o desses recursos, e o que altera o C\u00f3digo Penal para determinar a perda, em favor da Uni\u00e3o, de im\u00f3vel utilizado como cativeiro no crime de sequestro e c\u00e1rcere privado e no de extors\u00e3o mediante sequestro, quando o propriet\u00e1rio tiver participado do crime.<\/p>\n<p>J\u00e1 na sess\u00e3o deliberativa semipresencial de quarta (06), apenas dois projetos est\u00e3o em pauta. O que inscreve o nome do Padre C\u00edcero Rom\u00e3o Batista no Livro dos Her\u00f3is e Hero\u00ednas da P\u00e1tria, e o PDL do Acordo entre o governo brasileiro e a Rep\u00fablica de San Marino para o Interc\u00e2mbio de Informa\u00e7\u00f5es sobre Mat\u00e9ria Tribut\u00e1ria.<\/p>\n<p>A CPMI do 8 de janeiro n\u00e3o tem reuni\u00f5es marcadas para esta semana, e s\u00f3 retomar\u00e1 os trabalhos no dia 12 de setembro. A CPI na C\u00e2mara dos Deputados destinada a investigar a atua\u00e7\u00e3o do MST promove uma audi\u00eancia p\u00fablica nesta segunda, para discutir a realiza\u00e7\u00e3o de feiras agr\u00e1rias por movimentos sociais do campo. Foram convidados para debater o assunto o diretor-presidente e o gerente-executivo do Instituto de Terras e Reforma Agr\u00e1ria de Alagoas, respectivamente, Jaime Messias Silva e Jos\u00e9 Rodrigo Marques Quaresma.<\/p>\n<p>No Senado, nesta segunda, ser\u00e1 instalada a Comiss\u00e3o de Juristas respons\u00e1vel pela revis\u00e3o e atualiza\u00e7\u00e3o do C\u00f3digo Civil. Presidida pelo ministro do Superior Tribunal de Justi\u00e7a e corregedor nacional de Justi\u00e7a, Lu\u00eds Felipe Salom\u00e3o, a comiss\u00e3o ir\u00e1 apresentar, no prazo de 180 dias, anteprojeto de Lei para revis\u00e3o e atualiza\u00e7\u00e3o da Lei n\u00ba 10.406, de 10 de janeiro de 2002, do C\u00f3digo Civil.<\/p>\n<p>PODER JUDICI\u00c1RIO<\/p>\n<p>A presidente do Supremo Tribunal Federal, ministra Rosa Weber, agendou sess\u00f5es plen\u00e1rias para ter\u00e7a e quarta, mas nesta semana n\u00e3o ser\u00e1 retomado o julgamento sobre o marco temporal para a demarca\u00e7\u00e3o de terras ind\u00edgenas. At\u00e9 o momento, quatro ministros &#8211; Edson Fachin (relator), Alexandre de Moraes, Cristiano Zanin e Lu\u00eds Roberto Barroso \u2013 foram contr\u00e1rios \u00e0 demarca\u00e7\u00e3o do dia 05\/10\/1988 como marco do direito \u00e0 terra pelas comunidades ind\u00edgenas. J\u00e1 os ministros Nunes Marques e Andr\u00e9 Mendon\u00e7a entendem que a data deve ser fixada como marco temporal da ocupa\u00e7\u00e3o.<\/p>\n<p>A pauta de julgamentos para esta semana envolve processos com menor grau de pol\u00eamica, como o recurso extraordin\u00e1rio que envolve a discuss\u00e3o acerca da representatividade sindical de micro e pequenas ind\u00fastrias artesanais. Tamb\u00e9m est\u00e1 em pauta o recurso extraordin\u00e1rio em que se discute o reconhecimento de direito \u00e0 nomea\u00e7\u00e3o de candidato preterido, quando ajuizada a a\u00e7\u00e3o ap\u00f3s o prazo de validade do concurso.<\/p>\n<p>No TSE, se encerram nesta semana, na pr\u00f3xima sexta (8), as inscri\u00e7\u00f5es para a s\u00e9tima edi\u00e7\u00e3o do Teste P\u00fablico de Seguran\u00e7a da Urna (TPS). O Tribunal Superior Eleitoral (TSE) busca investigadoras e investigadores, individualmente ou em grupos, maiores de 18 anos e interessados em identificar eventuais vulnerabilidades ou falhas relacionadas \u00e0 viola\u00e7\u00e3o da integridade ou do anonimato dos votos, al\u00e9m da respectiva sugest\u00e3o de melhoria.\n<\/p><\/div>\n<\/div>\n","protected":false},"excerpt":{"rendered":"<p>Por Edu Mota\/BN\u00a0 &#8211; Na Semana da P\u00e1tria, que culmina com o tradicional desfile da Independ\u00eancia no feriado de 7 de setembro, os tr\u00eas poderes t\u00eam perspectiva de dias esvaziados, apesar de estarem marcadas sess\u00f5es de vota\u00e7\u00e3o na C\u00e2mara e Senado\u00a0e julgamentos no STF. Tamb\u00e9m continua sendo aguardado o an\u00fancio da decis\u00e3o do presidente Luiz In\u00e1cio Lula da Silva (PT) sobre a reforma ministerial, que ir\u00e1 levar para dentro do governo partidos como o PP e o Republicanos. Al\u00e9m das poss\u00edveis mudan\u00e7as no Minist\u00e9rio do Desenvolvimento Social e da cria\u00e7\u00e3o do Minist\u00e9rio da Pequena e M\u00e9dia Empresa, tamb\u00e9m podem ser anunciadas movimenta\u00e7\u00f5es no comando da Caixa Econ\u00f4mica Federal, e nos minist\u00e9rios de Ci\u00eancia e Tecnologia, Portos e Aeroportos e Esportes.&hellip; <\/p>\n","protected":false},"author":2,"featured_media":148082,"comment_status":"open","ping_status":"open","sticky":false,"template":"","format":"standard","meta":{"_acf_changed":false,"footnotes":""},"categories":[1],"tags":[],"class_list":["post-349481","post","type-post","status-publish","format-standard","has-post-thumbnail","hentry","category-politica"],"acf":[],"yoast_head":"<!-- This site is optimized with the Yoast SEO plugin v27.4 - https:\/\/yoast.com\/product\/yoast-seo-wordpress\/ -->\n<title>Semana do 7 de Setembro em Bras\u00edlia ter\u00e1 desfile, pronunciamento de Lula e Lira tentando votar Desenrola e projeto das apostas - Blog do Farn\u00e9sio<\/title>\n<meta name=\"robots\" content=\"index, follow, max-snippet:-1, max-image-preview:large, max-video-preview:-1\" \/>\n<link rel=\"canonical\" href=\"https:\/\/blogdofarnesio.com.br\/?p=349481\" \/>\n<meta property=\"og:locale\" content=\"pt_BR\" \/>\n<meta property=\"og:type\" content=\"article\" \/>\n<meta property=\"og:title\" content=\"Semana do 7 de Setembro em Bras\u00edlia ter\u00e1 desfile, pronunciamento de Lula e Lira tentando votar Desenrola e projeto das apostas - Blog do Farn\u00e9sio\" \/>\n<meta property=\"og:description\" content=\"Por Edu Mota\/BN\u00a0 &#8211; Na Semana da P\u00e1tria, que culmina com o tradicional desfile da Independ\u00eancia no feriado de 7 de setembro, os tr\u00eas poderes t\u00eam perspectiva de dias esvaziados, apesar de estarem marcadas sess\u00f5es de vota\u00e7\u00e3o na C\u00e2mara e Senado\u00a0e julgamentos no STF. Tamb\u00e9m continua sendo aguardado o an\u00fancio da decis\u00e3o do presidente Luiz In\u00e1cio Lula da Silva (PT) sobre a reforma ministerial, que ir\u00e1 levar para dentro do governo partidos como o PP e o Republicanos. Al\u00e9m das poss\u00edveis mudan\u00e7as no Minist\u00e9rio do Desenvolvimento Social e da cria\u00e7\u00e3o do Minist\u00e9rio da Pequena e M\u00e9dia Empresa, tamb\u00e9m podem ser anunciadas movimenta\u00e7\u00f5es no comando da Caixa Econ\u00f4mica Federal, e nos minist\u00e9rios de Ci\u00eancia e Tecnologia, Portos e Aeroportos e Esportes.&hellip;\" \/>\n<meta property=\"og:url\" content=\"https:\/\/blogdofarnesio.com.br\/?p=349481\" \/>\n<meta property=\"og:site_name\" content=\"Blog do Farn\u00e9sio\" \/>\n<meta property=\"article:publisher\" content=\"https:\/\/www.facebook.com\/BlogQuerSaberPolitica\/\" \/>\n<meta property=\"article:author\" content=\"https:\/\/www.facebook.com\/?ref=tn_tnmn\" \/>\n<meta property=\"article:published_time\" content=\"2023-09-04T14:22:48+00:00\" \/>\n<meta property=\"og:image\" content=\"https:\/\/blogdofarnesio.com.br\/wp-content\/uploads\/2016\/09\/blogqsp-desfile-7desetembro-juazeiro-1.jpg\" \/>\n\t<meta property=\"og:image:width\" content=\"448\" \/>\n\t<meta property=\"og:image:height\" content=\"252\" \/>\n\t<meta property=\"og:image:type\" content=\"image\/jpeg\" \/>\n<meta name=\"author\" content=\"Farn\u00e9sio\" \/>\n<meta name=\"twitter:card\" content=\"summary_large_image\" \/>\n<meta name=\"twitter:label1\" content=\"Escrito por\" \/>\n\t<meta name=\"twitter:data1\" content=\"Farn\u00e9sio\" \/>\n\t<meta name=\"twitter:label2\" content=\"Est. tempo de leitura\" \/>\n\t<meta name=\"twitter:data2\" content=\"7 minutos\" \/>\n<script type=\"application\/ld+json\" class=\"yoast-schema-graph\">{\"@context\":\"https:\\\/\\\/schema.org\",\"@graph\":[{\"@type\":\"Article\",\"@id\":\"https:\\\/\\\/blogdofarnesio.com.br\\\/?p=349481#article\",\"isPartOf\":{\"@id\":\"https:\\\/\\\/blogdofarnesio.com.br\\\/?p=349481\"},\"author\":{\"name\":\"Farn\u00e9sio\",\"@id\":\"https:\\\/\\\/blogdofarnesio.com.br\\\/#\\\/schema\\\/person\\\/bb9b23ae3ad0609ce8df7b6c9e76824d\"},\"headline\":\"Semana do 7 de Setembro em Bras\u00edlia ter\u00e1 desfile, pronunciamento de Lula e Lira tentando votar Desenrola e projeto das apostas\",\"datePublished\":\"2023-09-04T14:22:48+00:00\",\"mainEntityOfPage\":{\"@id\":\"https:\\\/\\\/blogdofarnesio.com.br\\\/?p=349481\"},\"wordCount\":1233,\"commentCount\":0,\"publisher\":{\"@id\":\"https:\\\/\\\/blogdofarnesio.com.br\\\/#organization\"},\"image\":{\"@id\":\"https:\\\/\\\/blogdofarnesio.com.br\\\/?p=349481#primaryimage\"},\"thumbnailUrl\":\"https:\\\/\\\/blogdofarnesio.com.br\\\/wp-content\\\/uploads\\\/2016\\\/09\\\/blogqsp-desfile-7desetembro-juazeiro-1.jpg\",\"articleSection\":[\"Pol\u00edtica\"],\"inLanguage\":\"pt-BR\",\"potentialAction\":[{\"@type\":\"CommentAction\",\"name\":\"Comment\",\"target\":[\"https:\\\/\\\/blogdofarnesio.com.br\\\/?p=349481#respond\"]}]},{\"@type\":\"WebPage\",\"@id\":\"https:\\\/\\\/blogdofarnesio.com.br\\\/?p=349481\",\"url\":\"https:\\\/\\\/blogdofarnesio.com.br\\\/?p=349481\",\"name\":\"Semana do 7 de Setembro em Bras\u00edlia ter\u00e1 desfile, pronunciamento de Lula e Lira tentando votar Desenrola e projeto das apostas - Blog do Farn\u00e9sio\",\"isPartOf\":{\"@id\":\"https:\\\/\\\/blogdofarnesio.com.br\\\/#website\"},\"primaryImageOfPage\":{\"@id\":\"https:\\\/\\\/blogdofarnesio.com.br\\\/?p=349481#primaryimage\"},\"image\":{\"@id\":\"https:\\\/\\\/blogdofarnesio.com.br\\\/?p=349481#primaryimage\"},\"thumbnailUrl\":\"https:\\\/\\\/blogdofarnesio.com.br\\\/wp-content\\\/uploads\\\/2016\\\/09\\\/blogqsp-desfile-7desetembro-juazeiro-1.jpg\",\"datePublished\":\"2023-09-04T14:22:48+00:00\",\"breadcrumb\":{\"@id\":\"https:\\\/\\\/blogdofarnesio.com.br\\\/?p=349481#breadcrumb\"},\"inLanguage\":\"pt-BR\",\"potentialAction\":[{\"@type\":\"ReadAction\",\"target\":[\"https:\\\/\\\/blogdofarnesio.com.br\\\/?p=349481\"]}]},{\"@type\":\"ImageObject\",\"inLanguage\":\"pt-BR\",\"@id\":\"https:\\\/\\\/blogdofarnesio.com.br\\\/?p=349481#primaryimage\",\"url\":\"https:\\\/\\\/blogdofarnesio.com.br\\\/wp-content\\\/uploads\\\/2016\\\/09\\\/blogqsp-desfile-7desetembro-juazeiro-1.jpg\",\"contentUrl\":\"https:\\\/\\\/blogdofarnesio.com.br\\\/wp-content\\\/uploads\\\/2016\\\/09\\\/blogqsp-desfile-7desetembro-juazeiro-1.jpg\",\"width\":448,\"height\":252},{\"@type\":\"BreadcrumbList\",\"@id\":\"https:\\\/\\\/blogdofarnesio.com.br\\\/?p=349481#breadcrumb\",\"itemListElement\":[{\"@type\":\"ListItem\",\"position\":1,\"name\":\"In\u00edcio\",\"item\":\"https:\\\/\\\/blogdofarnesio.com.br\\\/\"},{\"@type\":\"ListItem\",\"position\":2,\"name\":\"Semana do 7 de Setembro em Bras\u00edlia ter\u00e1 desfile, pronunciamento de Lula e Lira tentando votar Desenrola e projeto das apostas\"}]},{\"@type\":\"WebSite\",\"@id\":\"https:\\\/\\\/blogdofarnesio.com.br\\\/#website\",\"url\":\"https:\\\/\\\/blogdofarnesio.com.br\\\/\",\"name\":\"Blog do Farn\u00e9sio\",\"description\":\"Quer Saber Pol\u00edtica?\",\"publisher\":{\"@id\":\"https:\\\/\\\/blogdofarnesio.com.br\\\/#organization\"},\"potentialAction\":[{\"@type\":\"SearchAction\",\"target\":{\"@type\":\"EntryPoint\",\"urlTemplate\":\"https:\\\/\\\/blogdofarnesio.com.br\\\/?s={search_term_string}\"},\"query-input\":{\"@type\":\"PropertyValueSpecification\",\"valueRequired\":true,\"valueName\":\"search_term_string\"}}],\"inLanguage\":\"pt-BR\"},{\"@type\":\"Organization\",\"@id\":\"https:\\\/\\\/blogdofarnesio.com.br\\\/#organization\",\"name\":\"Blog do Farn\u00e9sio\",\"url\":\"https:\\\/\\\/blogdofarnesio.com.br\\\/\",\"logo\":{\"@type\":\"ImageObject\",\"inLanguage\":\"pt-BR\",\"@id\":\"https:\\\/\\\/blogdofarnesio.com.br\\\/#\\\/schema\\\/logo\\\/image\\\/\",\"url\":\"https:\\\/\\\/blogdofarnesio.com.br\\\/wp-content\\\/uploads\\\/2026\\\/03\\\/cropped-logo_new-1.png\",\"contentUrl\":\"https:\\\/\\\/blogdofarnesio.com.br\\\/wp-content\\\/uploads\\\/2026\\\/03\\\/cropped-logo_new-1.png\",\"width\":881,\"height\":685,\"caption\":\"Blog do Farn\u00e9sio\"},\"image\":{\"@id\":\"https:\\\/\\\/blogdofarnesio.com.br\\\/#\\\/schema\\\/logo\\\/image\\\/\"},\"sameAs\":[\"https:\\\/\\\/www.facebook.com\\\/BlogQuerSaberPolitica\\\/\"]},{\"@type\":\"Person\",\"@id\":\"https:\\\/\\\/blogdofarnesio.com.br\\\/#\\\/schema\\\/person\\\/bb9b23ae3ad0609ce8df7b6c9e76824d\",\"name\":\"Farn\u00e9sio\",\"image\":{\"@type\":\"ImageObject\",\"inLanguage\":\"pt-BR\",\"@id\":\"https:\\\/\\\/secure.gravatar.com\\\/avatar\\\/986aa4c61ccdb66f8555bf88fc2a65609d00bcabd4d2d94377a727547345cbca?s=96&d=mm&r=g\",\"url\":\"https:\\\/\\\/secure.gravatar.com\\\/avatar\\\/986aa4c61ccdb66f8555bf88fc2a65609d00bcabd4d2d94377a727547345cbca?s=96&d=mm&r=g\",\"contentUrl\":\"https:\\\/\\\/secure.gravatar.com\\\/avatar\\\/986aa4c61ccdb66f8555bf88fc2a65609d00bcabd4d2d94377a727547345cbca?s=96&d=mm&r=g\",\"caption\":\"Farn\u00e9sio\"},\"description\":\"Radialista blogueiro, chegou a Petrolina\\\/Juazeiro em setembro de 1980, Farn\u00e9sio Silva \u00e9 de Arapiraca-Alagoas.\",\"sameAs\":[\"http:\\\/\\\/blogdofarnesio.com.br\",\"https:\\\/\\\/www.facebook.com\\\/?ref=tn_tnmn\",\"https:\\\/\\\/www.instagram.com\\\/?utm_source=pwa_homescreen\",\"https:\\\/\\\/youtube.com.br\\\/\"],\"url\":\"https:\\\/\\\/blogdofarnesio.com.br\\\/?author=2\"}]}<\/script>\n<!-- \/ Yoast SEO plugin. -->","yoast_head_json":{"title":"Semana do 7 de Setembro em Bras\u00edlia ter\u00e1 desfile, pronunciamento de Lula e Lira tentando votar Desenrola e projeto das apostas - Blog do Farn\u00e9sio","robots":{"index":"index","follow":"follow","max-snippet":"max-snippet:-1","max-image-preview":"max-image-preview:large","max-video-preview":"max-video-preview:-1"},"canonical":"https:\/\/blogdofarnesio.com.br\/?p=349481","og_locale":"pt_BR","og_type":"article","og_title":"Semana do 7 de Setembro em Bras\u00edlia ter\u00e1 desfile, pronunciamento de Lula e Lira tentando votar Desenrola e projeto das apostas - Blog do Farn\u00e9sio","og_description":"Por Edu Mota\/BN\u00a0 &#8211; Na Semana da P\u00e1tria, que culmina com o tradicional desfile da Independ\u00eancia no feriado de 7 de setembro, os tr\u00eas poderes t\u00eam perspectiva de dias esvaziados, apesar de estarem marcadas sess\u00f5es de vota\u00e7\u00e3o na C\u00e2mara e Senado\u00a0e julgamentos no STF. Tamb\u00e9m continua sendo aguardado o an\u00fancio da decis\u00e3o do presidente Luiz In\u00e1cio Lula da Silva (PT) sobre a reforma ministerial, que ir\u00e1 levar para dentro do governo partidos como o PP e o Republicanos. Al\u00e9m das poss\u00edveis mudan\u00e7as no Minist\u00e9rio do Desenvolvimento Social e da cria\u00e7\u00e3o do Minist\u00e9rio da Pequena e M\u00e9dia Empresa, tamb\u00e9m podem ser anunciadas movimenta\u00e7\u00f5es no comando da Caixa Econ\u00f4mica Federal, e nos minist\u00e9rios de Ci\u00eancia e Tecnologia, Portos e Aeroportos e Esportes.&hellip;","og_url":"https:\/\/blogdofarnesio.com.br\/?p=349481","og_site_name":"Blog do Farn\u00e9sio","article_publisher":"https:\/\/www.facebook.com\/BlogQuerSaberPolitica\/","article_author":"https:\/\/www.facebook.com\/?ref=tn_tnmn","article_published_time":"2023-09-04T14:22:48+00:00","og_image":[{"width":448,"height":252,"url":"https:\/\/blogdofarnesio.com.br\/wp-content\/uploads\/2016\/09\/blogqsp-desfile-7desetembro-juazeiro-1.jpg","type":"image\/jpeg"}],"author":"Farn\u00e9sio","twitter_card":"summary_large_image","twitter_misc":{"Escrito por":"Farn\u00e9sio","Est. tempo de leitura":"7 minutos"},"schema":{"@context":"https:\/\/schema.org","@graph":[{"@type":"Article","@id":"https:\/\/blogdofarnesio.com.br\/?p=349481#article","isPartOf":{"@id":"https:\/\/blogdofarnesio.com.br\/?p=349481"},"author":{"name":"Farn\u00e9sio","@id":"https:\/\/blogdofarnesio.com.br\/#\/schema\/person\/bb9b23ae3ad0609ce8df7b6c9e76824d"},"headline":"Semana do 7 de Setembro em Bras\u00edlia ter\u00e1 desfile, pronunciamento de Lula e Lira tentando votar Desenrola e projeto das apostas","datePublished":"2023-09-04T14:22:48+00:00","mainEntityOfPage":{"@id":"https:\/\/blogdofarnesio.com.br\/?p=349481"},"wordCount":1233,"commentCount":0,"publisher":{"@id":"https:\/\/blogdofarnesio.com.br\/#organization"},"image":{"@id":"https:\/\/blogdofarnesio.com.br\/?p=349481#primaryimage"},"thumbnailUrl":"https:\/\/blogdofarnesio.com.br\/wp-content\/uploads\/2016\/09\/blogqsp-desfile-7desetembro-juazeiro-1.jpg","articleSection":["Pol\u00edtica"],"inLanguage":"pt-BR","potentialAction":[{"@type":"CommentAction","name":"Comment","target":["https:\/\/blogdofarnesio.com.br\/?p=349481#respond"]}]},{"@type":"WebPage","@id":"https:\/\/blogdofarnesio.com.br\/?p=349481","url":"https:\/\/blogdofarnesio.com.br\/?p=349481","name":"Semana do 7 de Setembro em Bras\u00edlia ter\u00e1 desfile, pronunciamento de Lula e Lira tentando votar Desenrola e projeto das apostas - Blog do Farn\u00e9sio","isPartOf":{"@id":"https:\/\/blogdofarnesio.com.br\/#website"},"primaryImageOfPage":{"@id":"https:\/\/blogdofarnesio.com.br\/?p=349481#primaryimage"},"image":{"@id":"https:\/\/blogdofarnesio.com.br\/?p=349481#primaryimage"},"thumbnailUrl":"https:\/\/blogdofarnesio.com.br\/wp-content\/uploads\/2016\/09\/blogqsp-desfile-7desetembro-juazeiro-1.jpg","datePublished":"2023-09-04T14:22:48+00:00","breadcrumb":{"@id":"https:\/\/blogdofarnesio.com.br\/?p=349481#breadcrumb"},"inLanguage":"pt-BR","potentialAction":[{"@type":"ReadAction","target":["https:\/\/blogdofarnesio.com.br\/?p=349481"]}]},{"@type":"ImageObject","inLanguage":"pt-BR","@id":"https:\/\/blogdofarnesio.com.br\/?p=349481#primaryimage","url":"https:\/\/blogdofarnesio.com.br\/wp-content\/uploads\/2016\/09\/blogqsp-desfile-7desetembro-juazeiro-1.jpg","contentUrl":"https:\/\/blogdofarnesio.com.br\/wp-content\/uploads\/2016\/09\/blogqsp-desfile-7desetembro-juazeiro-1.jpg","width":448,"height":252},{"@type":"BreadcrumbList","@id":"https:\/\/blogdofarnesio.com.br\/?p=349481#breadcrumb","itemListElement":[{"@type":"ListItem","position":1,"name":"In\u00edcio","item":"https:\/\/blogdofarnesio.com.br\/"},{"@type":"ListItem","position":2,"name":"Semana do 7 de Setembro em Bras\u00edlia ter\u00e1 desfile, pronunciamento de Lula e Lira tentando votar Desenrola e projeto das apostas"}]},{"@type":"WebSite","@id":"https:\/\/blogdofarnesio.com.br\/#website","url":"https:\/\/blogdofarnesio.com.br\/","name":"Blog do Farn\u00e9sio","description":"Quer Saber Pol\u00edtica?","publisher":{"@id":"https:\/\/blogdofarnesio.com.br\/#organization"},"potentialAction":[{"@type":"SearchAction","target":{"@type":"EntryPoint","urlTemplate":"https:\/\/blogdofarnesio.com.br\/?s={search_term_string}"},"query-input":{"@type":"PropertyValueSpecification","valueRequired":true,"valueName":"search_term_string"}}],"inLanguage":"pt-BR"},{"@type":"Organization","@id":"https:\/\/blogdofarnesio.com.br\/#organization","name":"Blog do Farn\u00e9sio","url":"https:\/\/blogdofarnesio.com.br\/","logo":{"@type":"ImageObject","inLanguage":"pt-BR","@id":"https:\/\/blogdofarnesio.com.br\/#\/schema\/logo\/image\/","url":"https:\/\/blogdofarnesio.com.br\/wp-content\/uploads\/2026\/03\/cropped-logo_new-1.png","contentUrl":"https:\/\/blogdofarnesio.com.br\/wp-content\/uploads\/2026\/03\/cropped-logo_new-1.png","width":881,"height":685,"caption":"Blog do Farn\u00e9sio"},"image":{"@id":"https:\/\/blogdofarnesio.com.br\/#\/schema\/logo\/image\/"},"sameAs":["https:\/\/www.facebook.com\/BlogQuerSaberPolitica\/"]},{"@type":"Person","@id":"https:\/\/blogdofarnesio.com.br\/#\/schema\/person\/bb9b23ae3ad0609ce8df7b6c9e76824d","name":"Farn\u00e9sio","image":{"@type":"ImageObject","inLanguage":"pt-BR","@id":"https:\/\/secure.gravatar.com\/avatar\/986aa4c61ccdb66f8555bf88fc2a65609d00bcabd4d2d94377a727547345cbca?s=96&d=mm&r=g","url":"https:\/\/secure.gravatar.com\/avatar\/986aa4c61ccdb66f8555bf88fc2a65609d00bcabd4d2d94377a727547345cbca?s=96&d=mm&r=g","contentUrl":"https:\/\/secure.gravatar.com\/avatar\/986aa4c61ccdb66f8555bf88fc2a65609d00bcabd4d2d94377a727547345cbca?s=96&d=mm&r=g","caption":"Farn\u00e9sio"},"description":"Radialista blogueiro, chegou a Petrolina\/Juazeiro em setembro de 1980, Farn\u00e9sio Silva \u00e9 de Arapiraca-Alagoas.","sameAs":["http:\/\/blogdofarnesio.com.br","https:\/\/www.facebook.com\/?ref=tn_tnmn","https:\/\/www.instagram.com\/?utm_source=pwa_homescreen","https:\/\/youtube.com.br\/"],"url":"https:\/\/blogdofarnesio.com.br\/?author=2"}]}},"_links":{"self":[{"href":"https:\/\/blogdofarnesio.com.br\/index.php?rest_route=\/wp\/v2\/posts\/349481","targetHints":{"allow":["GET"]}}],"collection":[{"href":"https:\/\/blogdofarnesio.com.br\/index.php?rest_route=\/wp\/v2\/posts"}],"about":[{"href":"https:\/\/blogdofarnesio.com.br\/index.php?rest_route=\/wp\/v2\/types\/post"}],"author":[{"embeddable":true,"href":"https:\/\/blogdofarnesio.com.br\/index.php?rest_route=\/wp\/v2\/users\/2"}],"replies":[{"embeddable":true,"href":"https:\/\/blogdofarnesio.com.br\/index.php?rest_route=%2Fwp%2Fv2%2Fcomments&post=349481"}],"version-history":[{"count":0,"href":"https:\/\/blogdofarnesio.com.br\/index.php?rest_route=\/wp\/v2\/posts\/349481\/revisions"}],"wp:featuredmedia":[{"embeddable":true,"href":"https:\/\/blogdofarnesio.com.br\/index.php?rest_route=\/wp\/v2\/media\/148082"}],"wp:attachment":[{"href":"https:\/\/blogdofarnesio.com.br\/index.php?rest_route=%2Fwp%2Fv2%2Fmedia&parent=349481"}],"wp:term":[{"taxonomy":"category","embeddable":true,"href":"https:\/\/blogdofarnesio.com.br\/index.php?rest_route=%2Fwp%2Fv2%2Fcategories&post=349481"},{"taxonomy":"post_tag","embeddable":true,"href":"https:\/\/blogdofarnesio.com.br\/index.php?rest_route=%2Fwp%2Fv2%2Ftags&post=349481"}],"curies":[{"name":"wp","href":"https:\/\/api.w.org\/{rel}","templated":true}]}}