{"id":349476,"date":"2023-09-04T15:03:55","date_gmt":"2023-09-04T18:03:55","guid":{"rendered":"https:\/\/blogdofarnesio.com.br\/?p=349476"},"modified":"2023-09-04T12:04:49","modified_gmt":"2023-09-04T15:04:49","slug":"programacao-do-aniversario-de-95-anos-de-araripina-tem-eventos-culturais-e-esportivos-a-partir-de-hoje-04","status":"publish","type":"post","link":"https:\/\/blogdofarnesio.com.br\/?p=349476","title":{"rendered":"Programa\u00e7\u00e3o do anivers\u00e1rio de 95 anos de Araripina tem eventos culturais e esportivos a partir de hoje (04)"},"content":{"rendered":"<div class=\"mc-article-header\">\n<div class=\"row content-head non-featured \">\n<div class=\"title\" data-block-type=\"title\" data-block-id=\"0\">\n<h1 class=\"content-head__title\"><span style=\"font-size: 16px; font-weight: 400;\">Por g1\u00a0 &#8211;\u00a0\u00a0<\/span><\/h1>\n<\/div>\n<div class=\"medium-centered subtitle\">\n<h2 class=\"content-head__subtitle\"><em>O munic\u00edpio completa anivers\u00e1rio de emancipa\u00e7\u00e3o pol\u00edtica no dia 11 de setembro, mas as comemora\u00e7\u00f5es come\u00e7am nessa segunda-feira (4).<\/em><\/h2>\n<\/div>\n<\/div>\n<\/div>\n<div class=\"mc-article-body\">\n<article>\n<div id=\"chunk-4hbbk\">\n<div class=\"mc-column content-text active-extra-styles \" data-block-type=\"unstyled\" data-block-weight=\"49\" data-block-id=\"3\">\n<p class=\"content-text__container \" data-track-category=\"Link no Texto\" data-track-links=\"\">A prefeitura de\u00a0<a class=\"\" href=\"https:\/\/g1.globo.com\/pe\/petrolina-regiao\/cidade\/araripina\/\">Araripina<\/a>, no sert\u00e3o de Pernambuco, divulgou a programa\u00e7\u00e3o do anivers\u00e1rio de 95 anos de emancipa\u00e7\u00e3o pol\u00edtica do munic\u00edpio, que ser\u00e1 comemorado no pr\u00f3ximo dia 11 de setembro. Ser\u00e1 uma semana de eventos culturais e esportivos, al\u00e9m de entrega de obras. As celebra\u00e7\u00f5es come\u00e7am nesta segunda-feira (4).<\/p>\n<\/div>\n<\/div>\n<div class=\"wall protected-content\">\n<div id=\"chunk-1fu6s\">\n<div class=\"mc-column content-text active-extra-styles \" data-block-type=\"unstyled\" data-block-weight=\"76\" data-block-id=\"4\">\n<p class=\"content-text__container \" data-track-category=\"Link no Texto\" data-track-links=\"\">Na quinta-feira (7), feriado da Independ\u00eancia do Brasil, a partir das 7h, tem a tradicional alvorada e o hasteamento dos pavilh\u00f5es na sede da prefeitura, com a presen\u00e7a das Lojas Ma\u00e7\u00f4nicas. No per\u00edodo da tarde, \u00e0s 15h, uma grande cavalgada em homenagem a Joaquim Afonso ser\u00e1 organizada, com concentra\u00e7\u00e3o marcada em frente ao Chapad\u00e3o do Araripe. A sexta-feira (8) ser\u00e1 marcada pela inaugura\u00e7\u00e3o da Pra\u00e7a Dom Campelo de Arag\u00e3o, popularmente conhecida como Pra\u00e7a do Hospital.<\/p>\n<\/div>\n<\/div>\n<div id=\"chunk-5s14c\">\n<div class=\"mc-column content-text active-extra-styles \" data-block-type=\"unstyled\" data-block-weight=\"46\" data-block-id=\"6\">\n<p class=\"content-text__container \" data-track-category=\"Link no Texto\" data-track-links=\"\">O final de semana ser\u00e1 de muito esporte. No s\u00e1bado (9) e domingo (10) ser\u00e1 realizado o Torneio de Handebol de Araripina, na Quadra da Aeda. Ainda no domingo, tem a final da Copa Araripina de Futebol, no Chapad\u00e3o do Araripe, \u00e0s 13h.<\/p>\n<\/div>\n<\/div>\n<div id=\"chunk-almk6\">\n<div class=\"mc-column content-text active-extra-styles \" data-block-type=\"unstyled\" data-block-weight=\"28\" data-block-id=\"7\">\n<p class=\"content-text__container \" data-track-category=\"Link no Texto\" data-track-links=\"\">Na noite do s\u00e1bado, a partir das 18h, o Festival de Bandas e Fanfarras tomar\u00e1 conta da Avenida Ant\u00f4nio de Barros Muniz, em frente ao Centro Paroquial.<\/p>\n<\/div>\n<\/div>\n<div id=\"chunk-foj83\">\n<div class=\"mc-column content-text active-extra-styles \" data-block-type=\"unstyled\" data-block-weight=\"49\" data-block-id=\"8\">\n<p class=\"content-text__container \" data-track-category=\"Link no Texto\" data-track-links=\"\">O dia do anivers\u00e1rio do munic\u00edpio, na segunda-feira (11), come\u00e7ar\u00e1 com o tradicional Desfile C\u00edvico. A noite a anima\u00e7\u00e3o \u00e9 no Parque Tr\u00eas Vaqueiros, onde a partir das 21h, os shows de Marcelo &amp; Rayane, Nadson Ferinha; e Iguinho &amp; Lulinha prometem agitar a popula\u00e7\u00e3o local e visitantes.<\/p>\n<\/div>\n<\/div>\n<\/div>\n<\/article>\n<\/div>\n","protected":false},"excerpt":{"rendered":"<p>Por g1\u00a0 &#8211;\u00a0\u00a0 O munic\u00edpio completa anivers\u00e1rio de emancipa\u00e7\u00e3o pol\u00edtica no dia 11 de setembro, mas as comemora\u00e7\u00f5es come\u00e7am nessa segunda-feira (4). A prefeitura de\u00a0Araripina, no sert\u00e3o de Pernambuco, divulgou a programa\u00e7\u00e3o do anivers\u00e1rio de 95 anos de emancipa\u00e7\u00e3o pol\u00edtica do munic\u00edpio, que ser\u00e1 comemorado no pr\u00f3ximo dia 11 de setembro. Ser\u00e1 uma semana de eventos culturais e esportivos, al\u00e9m de entrega de obras. As celebra\u00e7\u00f5es come\u00e7am nesta segunda-feira (4). Na quinta-feira (7), feriado da Independ\u00eancia do Brasil, a partir das 7h, tem a tradicional alvorada e o hasteamento dos pavilh\u00f5es na sede da prefeitura, com a presen\u00e7a das Lojas Ma\u00e7\u00f4nicas. No per\u00edodo da tarde, \u00e0s 15h, uma grande cavalgada em homenagem a Joaquim Afonso ser\u00e1 organizada, com concentra\u00e7\u00e3o marcada&hellip; <\/p>\n","protected":false},"author":2,"featured_media":349477,"comment_status":"open","ping_status":"open","sticky":false,"template":"","format":"standard","meta":{"_acf_changed":false,"footnotes":""},"categories":[31,12],"tags":[],"class_list":["post-349476","post","type-post","status-publish","format-standard","has-post-thumbnail","hentry","category-concursos","category-confraternizacoes"],"acf":[],"yoast_head":"<!-- This site is optimized with the Yoast SEO plugin v27.4 - https:\/\/yoast.com\/product\/yoast-seo-wordpress\/ -->\n<title>Programa\u00e7\u00e3o do anivers\u00e1rio de 95 anos de Araripina tem eventos culturais e esportivos a partir de hoje (04) - Blog do Farn\u00e9sio<\/title>\n<meta name=\"robots\" content=\"index, follow, max-snippet:-1, max-image-preview:large, max-video-preview:-1\" \/>\n<link rel=\"canonical\" href=\"https:\/\/blogdofarnesio.com.br\/?p=349476\" \/>\n<meta property=\"og:locale\" content=\"pt_BR\" \/>\n<meta property=\"og:type\" content=\"article\" \/>\n<meta property=\"og:title\" content=\"Programa\u00e7\u00e3o do anivers\u00e1rio de 95 anos de Araripina tem eventos culturais e esportivos a partir de hoje (04) - Blog do Farn\u00e9sio\" \/>\n<meta property=\"og:description\" content=\"Por g1\u00a0 &#8211;\u00a0\u00a0 O munic\u00edpio completa anivers\u00e1rio de emancipa\u00e7\u00e3o pol\u00edtica no dia 11 de setembro, mas as comemora\u00e7\u00f5es come\u00e7am nessa segunda-feira (4). A prefeitura de\u00a0Araripina, no sert\u00e3o de Pernambuco, divulgou a programa\u00e7\u00e3o do anivers\u00e1rio de 95 anos de emancipa\u00e7\u00e3o pol\u00edtica do munic\u00edpio, que ser\u00e1 comemorado no pr\u00f3ximo dia 11 de setembro. Ser\u00e1 uma semana de eventos culturais e esportivos, al\u00e9m de entrega de obras. As celebra\u00e7\u00f5es come\u00e7am nesta segunda-feira (4). Na quinta-feira (7), feriado da Independ\u00eancia do Brasil, a partir das 7h, tem a tradicional alvorada e o hasteamento dos pavilh\u00f5es na sede da prefeitura, com a presen\u00e7a das Lojas Ma\u00e7\u00f4nicas. No per\u00edodo da tarde, \u00e0s 15h, uma grande cavalgada em homenagem a Joaquim Afonso ser\u00e1 organizada, com concentra\u00e7\u00e3o marcada&hellip;\" \/>\n<meta property=\"og:url\" content=\"https:\/\/blogdofarnesio.com.br\/?p=349476\" \/>\n<meta property=\"og:site_name\" content=\"Blog do Farn\u00e9sio\" \/>\n<meta property=\"article:publisher\" content=\"https:\/\/www.facebook.com\/BlogQuerSaberPolitica\/\" \/>\n<meta property=\"article:author\" content=\"https:\/\/www.facebook.com\/?ref=tn_tnmn\" \/>\n<meta property=\"article:published_time\" content=\"2023-09-04T18:03:55+00:00\" \/>\n<meta property=\"og:image\" content=\"https:\/\/blogdofarnesio.com.br\/wp-content\/uploads\/2023\/09\/blogqsp-matriz-araripina-e1693776359930.webp\" \/>\n\t<meta property=\"og:image:width\" content=\"584\" \/>\n\t<meta property=\"og:image:height\" content=\"418\" \/>\n\t<meta property=\"og:image:type\" content=\"image\/webp\" \/>\n<meta name=\"author\" content=\"Farn\u00e9sio\" \/>\n<meta name=\"twitter:card\" content=\"summary_large_image\" \/>\n<meta name=\"twitter:label1\" content=\"Escrito por\" \/>\n\t<meta name=\"twitter:data1\" content=\"Farn\u00e9sio\" \/>\n\t<meta name=\"twitter:label2\" content=\"Est. tempo de leitura\" \/>\n\t<meta name=\"twitter:data2\" content=\"2 minutos\" \/>\n<script type=\"application\/ld+json\" class=\"yoast-schema-graph\">{\"@context\":\"https:\\\/\\\/schema.org\",\"@graph\":[{\"@type\":\"Article\",\"@id\":\"https:\\\/\\\/blogdofarnesio.com.br\\\/?p=349476#article\",\"isPartOf\":{\"@id\":\"https:\\\/\\\/blogdofarnesio.com.br\\\/?p=349476\"},\"author\":{\"name\":\"Farn\u00e9sio\",\"@id\":\"https:\\\/\\\/blogdofarnesio.com.br\\\/#\\\/schema\\\/person\\\/bb9b23ae3ad0609ce8df7b6c9e76824d\"},\"headline\":\"Programa\u00e7\u00e3o do anivers\u00e1rio de 95 anos de Araripina tem eventos culturais e esportivos a partir de hoje (04)\",\"datePublished\":\"2023-09-04T18:03:55+00:00\",\"mainEntityOfPage\":{\"@id\":\"https:\\\/\\\/blogdofarnesio.com.br\\\/?p=349476\"},\"wordCount\":309,\"commentCount\":0,\"publisher\":{\"@id\":\"https:\\\/\\\/blogdofarnesio.com.br\\\/#organization\"},\"image\":{\"@id\":\"https:\\\/\\\/blogdofarnesio.com.br\\\/?p=349476#primaryimage\"},\"thumbnailUrl\":\"https:\\\/\\\/blogdofarnesio.com.br\\\/wp-content\\\/uploads\\\/2023\\\/09\\\/blogqsp-matriz-araripina-e1693776359930.webp\",\"articleSection\":[\"Concursos\",\"Confraterniza\u00e7\u00f5es\"],\"inLanguage\":\"pt-BR\",\"potentialAction\":[{\"@type\":\"CommentAction\",\"name\":\"Comment\",\"target\":[\"https:\\\/\\\/blogdofarnesio.com.br\\\/?p=349476#respond\"]}]},{\"@type\":\"WebPage\",\"@id\":\"https:\\\/\\\/blogdofarnesio.com.br\\\/?p=349476\",\"url\":\"https:\\\/\\\/blogdofarnesio.com.br\\\/?p=349476\",\"name\":\"Programa\u00e7\u00e3o do anivers\u00e1rio de 95 anos de Araripina tem eventos culturais e esportivos a partir de hoje (04) - Blog do Farn\u00e9sio\",\"isPartOf\":{\"@id\":\"https:\\\/\\\/blogdofarnesio.com.br\\\/#website\"},\"primaryImageOfPage\":{\"@id\":\"https:\\\/\\\/blogdofarnesio.com.br\\\/?p=349476#primaryimage\"},\"image\":{\"@id\":\"https:\\\/\\\/blogdofarnesio.com.br\\\/?p=349476#primaryimage\"},\"thumbnailUrl\":\"https:\\\/\\\/blogdofarnesio.com.br\\\/wp-content\\\/uploads\\\/2023\\\/09\\\/blogqsp-matriz-araripina-e1693776359930.webp\",\"datePublished\":\"2023-09-04T18:03:55+00:00\",\"breadcrumb\":{\"@id\":\"https:\\\/\\\/blogdofarnesio.com.br\\\/?p=349476#breadcrumb\"},\"inLanguage\":\"pt-BR\",\"potentialAction\":[{\"@type\":\"ReadAction\",\"target\":[\"https:\\\/\\\/blogdofarnesio.com.br\\\/?p=349476\"]}]},{\"@type\":\"ImageObject\",\"inLanguage\":\"pt-BR\",\"@id\":\"https:\\\/\\\/blogdofarnesio.com.br\\\/?p=349476#primaryimage\",\"url\":\"https:\\\/\\\/blogdofarnesio.com.br\\\/wp-content\\\/uploads\\\/2023\\\/09\\\/blogqsp-matriz-araripina-e1693776359930.webp\",\"contentUrl\":\"https:\\\/\\\/blogdofarnesio.com.br\\\/wp-content\\\/uploads\\\/2023\\\/09\\\/blogqsp-matriz-araripina-e1693776359930.webp\",\"width\":584,\"height\":418},{\"@type\":\"BreadcrumbList\",\"@id\":\"https:\\\/\\\/blogdofarnesio.com.br\\\/?p=349476#breadcrumb\",\"itemListElement\":[{\"@type\":\"ListItem\",\"position\":1,\"name\":\"In\u00edcio\",\"item\":\"https:\\\/\\\/blogdofarnesio.com.br\\\/\"},{\"@type\":\"ListItem\",\"position\":2,\"name\":\"Programa\u00e7\u00e3o do anivers\u00e1rio de 95 anos de Araripina tem eventos culturais e esportivos a partir de hoje (04)\"}]},{\"@type\":\"WebSite\",\"@id\":\"https:\\\/\\\/blogdofarnesio.com.br\\\/#website\",\"url\":\"https:\\\/\\\/blogdofarnesio.com.br\\\/\",\"name\":\"Blog do Farn\u00e9sio\",\"description\":\"Quer Saber Pol\u00edtica?\",\"publisher\":{\"@id\":\"https:\\\/\\\/blogdofarnesio.com.br\\\/#organization\"},\"potentialAction\":[{\"@type\":\"SearchAction\",\"target\":{\"@type\":\"EntryPoint\",\"urlTemplate\":\"https:\\\/\\\/blogdofarnesio.com.br\\\/?s={search_term_string}\"},\"query-input\":{\"@type\":\"PropertyValueSpecification\",\"valueRequired\":true,\"valueName\":\"search_term_string\"}}],\"inLanguage\":\"pt-BR\"},{\"@type\":\"Organization\",\"@id\":\"https:\\\/\\\/blogdofarnesio.com.br\\\/#organization\",\"name\":\"Blog do Farn\u00e9sio\",\"url\":\"https:\\\/\\\/blogdofarnesio.com.br\\\/\",\"logo\":{\"@type\":\"ImageObject\",\"inLanguage\":\"pt-BR\",\"@id\":\"https:\\\/\\\/blogdofarnesio.com.br\\\/#\\\/schema\\\/logo\\\/image\\\/\",\"url\":\"https:\\\/\\\/blogdofarnesio.com.br\\\/wp-content\\\/uploads\\\/2026\\\/03\\\/cropped-logo_new-1.png\",\"contentUrl\":\"https:\\\/\\\/blogdofarnesio.com.br\\\/wp-content\\\/uploads\\\/2026\\\/03\\\/cropped-logo_new-1.png\",\"width\":881,\"height\":685,\"caption\":\"Blog do Farn\u00e9sio\"},\"image\":{\"@id\":\"https:\\\/\\\/blogdofarnesio.com.br\\\/#\\\/schema\\\/logo\\\/image\\\/\"},\"sameAs\":[\"https:\\\/\\\/www.facebook.com\\\/BlogQuerSaberPolitica\\\/\"]},{\"@type\":\"Person\",\"@id\":\"https:\\\/\\\/blogdofarnesio.com.br\\\/#\\\/schema\\\/person\\\/bb9b23ae3ad0609ce8df7b6c9e76824d\",\"name\":\"Farn\u00e9sio\",\"image\":{\"@type\":\"ImageObject\",\"inLanguage\":\"pt-BR\",\"@id\":\"https:\\\/\\\/secure.gravatar.com\\\/avatar\\\/986aa4c61ccdb66f8555bf88fc2a65609d00bcabd4d2d94377a727547345cbca?s=96&d=mm&r=g\",\"url\":\"https:\\\/\\\/secure.gravatar.com\\\/avatar\\\/986aa4c61ccdb66f8555bf88fc2a65609d00bcabd4d2d94377a727547345cbca?s=96&d=mm&r=g\",\"contentUrl\":\"https:\\\/\\\/secure.gravatar.com\\\/avatar\\\/986aa4c61ccdb66f8555bf88fc2a65609d00bcabd4d2d94377a727547345cbca?s=96&d=mm&r=g\",\"caption\":\"Farn\u00e9sio\"},\"description\":\"Radialista blogueiro, chegou a Petrolina\\\/Juazeiro em setembro de 1980, Farn\u00e9sio Silva \u00e9 de Arapiraca-Alagoas.\",\"sameAs\":[\"http:\\\/\\\/blogdofarnesio.com.br\",\"https:\\\/\\\/www.facebook.com\\\/?ref=tn_tnmn\",\"https:\\\/\\\/www.instagram.com\\\/?utm_source=pwa_homescreen\",\"https:\\\/\\\/youtube.com.br\\\/\"],\"url\":\"https:\\\/\\\/blogdofarnesio.com.br\\\/?author=2\"}]}<\/script>\n<!-- \/ Yoast SEO plugin. -->","yoast_head_json":{"title":"Programa\u00e7\u00e3o do anivers\u00e1rio de 95 anos de Araripina tem eventos culturais e esportivos a partir de hoje (04) - Blog do Farn\u00e9sio","robots":{"index":"index","follow":"follow","max-snippet":"max-snippet:-1","max-image-preview":"max-image-preview:large","max-video-preview":"max-video-preview:-1"},"canonical":"https:\/\/blogdofarnesio.com.br\/?p=349476","og_locale":"pt_BR","og_type":"article","og_title":"Programa\u00e7\u00e3o do anivers\u00e1rio de 95 anos de Araripina tem eventos culturais e esportivos a partir de hoje (04) - Blog do Farn\u00e9sio","og_description":"Por g1\u00a0 &#8211;\u00a0\u00a0 O munic\u00edpio completa anivers\u00e1rio de emancipa\u00e7\u00e3o pol\u00edtica no dia 11 de setembro, mas as comemora\u00e7\u00f5es come\u00e7am nessa segunda-feira (4). A prefeitura de\u00a0Araripina, no sert\u00e3o de Pernambuco, divulgou a programa\u00e7\u00e3o do anivers\u00e1rio de 95 anos de emancipa\u00e7\u00e3o pol\u00edtica do munic\u00edpio, que ser\u00e1 comemorado no pr\u00f3ximo dia 11 de setembro. Ser\u00e1 uma semana de eventos culturais e esportivos, al\u00e9m de entrega de obras. As celebra\u00e7\u00f5es come\u00e7am nesta segunda-feira (4). Na quinta-feira (7), feriado da Independ\u00eancia do Brasil, a partir das 7h, tem a tradicional alvorada e o hasteamento dos pavilh\u00f5es na sede da prefeitura, com a presen\u00e7a das Lojas Ma\u00e7\u00f4nicas. No per\u00edodo da tarde, \u00e0s 15h, uma grande cavalgada em homenagem a Joaquim Afonso ser\u00e1 organizada, com concentra\u00e7\u00e3o marcada&hellip;","og_url":"https:\/\/blogdofarnesio.com.br\/?p=349476","og_site_name":"Blog do Farn\u00e9sio","article_publisher":"https:\/\/www.facebook.com\/BlogQuerSaberPolitica\/","article_author":"https:\/\/www.facebook.com\/?ref=tn_tnmn","article_published_time":"2023-09-04T18:03:55+00:00","og_image":[{"width":584,"height":418,"url":"https:\/\/blogdofarnesio.com.br\/wp-content\/uploads\/2023\/09\/blogqsp-matriz-araripina-e1693776359930.webp","type":"image\/webp"}],"author":"Farn\u00e9sio","twitter_card":"summary_large_image","twitter_misc":{"Escrito por":"Farn\u00e9sio","Est. tempo de leitura":"2 minutos"},"schema":{"@context":"https:\/\/schema.org","@graph":[{"@type":"Article","@id":"https:\/\/blogdofarnesio.com.br\/?p=349476#article","isPartOf":{"@id":"https:\/\/blogdofarnesio.com.br\/?p=349476"},"author":{"name":"Farn\u00e9sio","@id":"https:\/\/blogdofarnesio.com.br\/#\/schema\/person\/bb9b23ae3ad0609ce8df7b6c9e76824d"},"headline":"Programa\u00e7\u00e3o do anivers\u00e1rio de 95 anos de Araripina tem eventos culturais e esportivos a partir de hoje (04)","datePublished":"2023-09-04T18:03:55+00:00","mainEntityOfPage":{"@id":"https:\/\/blogdofarnesio.com.br\/?p=349476"},"wordCount":309,"commentCount":0,"publisher":{"@id":"https:\/\/blogdofarnesio.com.br\/#organization"},"image":{"@id":"https:\/\/blogdofarnesio.com.br\/?p=349476#primaryimage"},"thumbnailUrl":"https:\/\/blogdofarnesio.com.br\/wp-content\/uploads\/2023\/09\/blogqsp-matriz-araripina-e1693776359930.webp","articleSection":["Concursos","Confraterniza\u00e7\u00f5es"],"inLanguage":"pt-BR","potentialAction":[{"@type":"CommentAction","name":"Comment","target":["https:\/\/blogdofarnesio.com.br\/?p=349476#respond"]}]},{"@type":"WebPage","@id":"https:\/\/blogdofarnesio.com.br\/?p=349476","url":"https:\/\/blogdofarnesio.com.br\/?p=349476","name":"Programa\u00e7\u00e3o do anivers\u00e1rio de 95 anos de Araripina tem eventos culturais e esportivos a partir de hoje (04) - Blog do Farn\u00e9sio","isPartOf":{"@id":"https:\/\/blogdofarnesio.com.br\/#website"},"primaryImageOfPage":{"@id":"https:\/\/blogdofarnesio.com.br\/?p=349476#primaryimage"},"image":{"@id":"https:\/\/blogdofarnesio.com.br\/?p=349476#primaryimage"},"thumbnailUrl":"https:\/\/blogdofarnesio.com.br\/wp-content\/uploads\/2023\/09\/blogqsp-matriz-araripina-e1693776359930.webp","datePublished":"2023-09-04T18:03:55+00:00","breadcrumb":{"@id":"https:\/\/blogdofarnesio.com.br\/?p=349476#breadcrumb"},"inLanguage":"pt-BR","potentialAction":[{"@type":"ReadAction","target":["https:\/\/blogdofarnesio.com.br\/?p=349476"]}]},{"@type":"ImageObject","inLanguage":"pt-BR","@id":"https:\/\/blogdofarnesio.com.br\/?p=349476#primaryimage","url":"https:\/\/blogdofarnesio.com.br\/wp-content\/uploads\/2023\/09\/blogqsp-matriz-araripina-e1693776359930.webp","contentUrl":"https:\/\/blogdofarnesio.com.br\/wp-content\/uploads\/2023\/09\/blogqsp-matriz-araripina-e1693776359930.webp","width":584,"height":418},{"@type":"BreadcrumbList","@id":"https:\/\/blogdofarnesio.com.br\/?p=349476#breadcrumb","itemListElement":[{"@type":"ListItem","position":1,"name":"In\u00edcio","item":"https:\/\/blogdofarnesio.com.br\/"},{"@type":"ListItem","position":2,"name":"Programa\u00e7\u00e3o do anivers\u00e1rio de 95 anos de Araripina tem eventos culturais e esportivos a partir de hoje (04)"}]},{"@type":"WebSite","@id":"https:\/\/blogdofarnesio.com.br\/#website","url":"https:\/\/blogdofarnesio.com.br\/","name":"Blog do Farn\u00e9sio","description":"Quer Saber Pol\u00edtica?","publisher":{"@id":"https:\/\/blogdofarnesio.com.br\/#organization"},"potentialAction":[{"@type":"SearchAction","target":{"@type":"EntryPoint","urlTemplate":"https:\/\/blogdofarnesio.com.br\/?s={search_term_string}"},"query-input":{"@type":"PropertyValueSpecification","valueRequired":true,"valueName":"search_term_string"}}],"inLanguage":"pt-BR"},{"@type":"Organization","@id":"https:\/\/blogdofarnesio.com.br\/#organization","name":"Blog do Farn\u00e9sio","url":"https:\/\/blogdofarnesio.com.br\/","logo":{"@type":"ImageObject","inLanguage":"pt-BR","@id":"https:\/\/blogdofarnesio.com.br\/#\/schema\/logo\/image\/","url":"https:\/\/blogdofarnesio.com.br\/wp-content\/uploads\/2026\/03\/cropped-logo_new-1.png","contentUrl":"https:\/\/blogdofarnesio.com.br\/wp-content\/uploads\/2026\/03\/cropped-logo_new-1.png","width":881,"height":685,"caption":"Blog do Farn\u00e9sio"},"image":{"@id":"https:\/\/blogdofarnesio.com.br\/#\/schema\/logo\/image\/"},"sameAs":["https:\/\/www.facebook.com\/BlogQuerSaberPolitica\/"]},{"@type":"Person","@id":"https:\/\/blogdofarnesio.com.br\/#\/schema\/person\/bb9b23ae3ad0609ce8df7b6c9e76824d","name":"Farn\u00e9sio","image":{"@type":"ImageObject","inLanguage":"pt-BR","@id":"https:\/\/secure.gravatar.com\/avatar\/986aa4c61ccdb66f8555bf88fc2a65609d00bcabd4d2d94377a727547345cbca?s=96&d=mm&r=g","url":"https:\/\/secure.gravatar.com\/avatar\/986aa4c61ccdb66f8555bf88fc2a65609d00bcabd4d2d94377a727547345cbca?s=96&d=mm&r=g","contentUrl":"https:\/\/secure.gravatar.com\/avatar\/986aa4c61ccdb66f8555bf88fc2a65609d00bcabd4d2d94377a727547345cbca?s=96&d=mm&r=g","caption":"Farn\u00e9sio"},"description":"Radialista blogueiro, chegou a Petrolina\/Juazeiro em setembro de 1980, Farn\u00e9sio Silva \u00e9 de Arapiraca-Alagoas.","sameAs":["http:\/\/blogdofarnesio.com.br","https:\/\/www.facebook.com\/?ref=tn_tnmn","https:\/\/www.instagram.com\/?utm_source=pwa_homescreen","https:\/\/youtube.com.br\/"],"url":"https:\/\/blogdofarnesio.com.br\/?author=2"}]}},"_links":{"self":[{"href":"https:\/\/blogdofarnesio.com.br\/index.php?rest_route=\/wp\/v2\/posts\/349476","targetHints":{"allow":["GET"]}}],"collection":[{"href":"https:\/\/blogdofarnesio.com.br\/index.php?rest_route=\/wp\/v2\/posts"}],"about":[{"href":"https:\/\/blogdofarnesio.com.br\/index.php?rest_route=\/wp\/v2\/types\/post"}],"author":[{"embeddable":true,"href":"https:\/\/blogdofarnesio.com.br\/index.php?rest_route=\/wp\/v2\/users\/2"}],"replies":[{"embeddable":true,"href":"https:\/\/blogdofarnesio.com.br\/index.php?rest_route=%2Fwp%2Fv2%2Fcomments&post=349476"}],"version-history":[{"count":0,"href":"https:\/\/blogdofarnesio.com.br\/index.php?rest_route=\/wp\/v2\/posts\/349476\/revisions"}],"wp:featuredmedia":[{"embeddable":true,"href":"https:\/\/blogdofarnesio.com.br\/index.php?rest_route=\/wp\/v2\/media\/349477"}],"wp:attachment":[{"href":"https:\/\/blogdofarnesio.com.br\/index.php?rest_route=%2Fwp%2Fv2%2Fmedia&parent=349476"}],"wp:term":[{"taxonomy":"category","embeddable":true,"href":"https:\/\/blogdofarnesio.com.br\/index.php?rest_route=%2Fwp%2Fv2%2Fcategories&post=349476"},{"taxonomy":"post_tag","embeddable":true,"href":"https:\/\/blogdofarnesio.com.br\/index.php?rest_route=%2Fwp%2Fv2%2Ftags&post=349476"}],"curies":[{"name":"wp","href":"https:\/\/api.w.org\/{rel}","templated":true}]}}