{"id":349455,"date":"2023-09-04T09:22:59","date_gmt":"2023-09-04T12:22:59","guid":{"rendered":"https:\/\/blogdofarnesio.com.br\/?p=349455"},"modified":"2023-09-03T09:13:31","modified_gmt":"2023-09-03T12:13:31","slug":"petrolina-oferta-capacitacao-para-profissionais-de-saude-sobre-vacinas-especiais","status":"publish","type":"post","link":"https:\/\/blogdofarnesio.com.br\/?p=349455","title":{"rendered":"Petrolina oferta capacita\u00e7\u00e3o para profissionais de sa\u00fade sobre vacinas especiais"},"content":{"rendered":"<div>\n<p lang=\"PT-BR\"><span lang=\"PT-BR\">Petrolina \u00e9 a segunda cidade do Brasil contemplada com o Curso de Qualifica\u00e7\u00e3o do Acesso a Vacinas Especiais com o projeto HubCRIE. Nesta sexta-feira (1), os m\u00e9dicos e enfermeiros que fazem parte da Aten\u00e7\u00e3o B\u00e1sica participaram do evento de abertura desenvolvido pela Prefeitura, atrav\u00e9s da Secretaria de Sa\u00fade.\u00a0<\/span><\/p>\n<\/div>\n<div>\n<p lang=\"PT-BR\"><span lang=\"PT-BR\">A capacita\u00e7\u00e3o ser\u00e1 realizada pelo Projeto\u00a0HubCRIE, que foi criado pelo Instituto de Pesquisa e Apoio ao Desenvolvimento Social (IPADS) em parceria com a Sanofi, Pfizer e\u00a0Conasems. O curso tem por objetivo ofertar aos profissionais de sa\u00fade do SUS que comp\u00f5e a aten\u00e7\u00e3o prim\u00e1ria \u00e0 sa\u00fade, informa\u00e7\u00f5es sobre vacinas especiais dispon\u00edveis\u00a0nos\u00a0Centros\u00a0de Refer\u00eancia de Imunobiol\u00f3gicos Especiais (CRIE).\u00a0<\/span><\/p>\n<\/div>\n<div>\n<p lang=\"PT-BR\"><span lang=\"PT-BR\">Para a enfermaria, Jade Duarte, essa capacita\u00e7\u00e3o veio para somar e qualificar o atendimento que j\u00e1 \u00e9 prestado na rede. \u201cEu estou muito feliz em poder realizar esse curso, espero que seja muito enriquecedor e aumente a nossa bagagem intelectual, para que possamos ter uma qualidade melhor nos nossos atendimentos e no processo de vacina\u00e7\u00e3o\u201d, destaca a profissional.\u00a0<\/span><\/p>\n<\/div>\n<div>\n<p lang=\"PT-BR\"><span lang=\"PT-BR\">Essas vacinas especiais s\u00e3o destinadas para uma popula\u00e7\u00e3o que apresenta alguma contraindica\u00e7\u00e3o pelos imunizantes j\u00e1 dispon\u00edveis na rede p\u00fablica. Isso geralmente ocorre em indiv\u00edduos que tenham doen\u00e7as que baixam a imunidade, portadores de doen\u00e7as cr\u00f4nicas e aqueles que apresentam outra condi\u00e7\u00e3o de risco.<\/span><\/p>\n<\/div>\n<div>\n<p lang=\"PT-BR\"><span lang=\"PT-BR\">O Secret\u00e1rio de Sa\u00fade, Jo\u00e3o Lu\u00eds Nogueira, ressalta a import\u00e2ncia de investir nessas capacita\u00e7\u00f5es. \u201cUm profissional com informa\u00e7\u00e3o, lida melhor com problemas, se relaciona de forma mais assertiva e realiza tarefas com mais confian\u00e7a. Ent\u00e3o, proporcionar essas a\u00e7\u00f5es aos nossos profissionais \u00e9 importante para que o trabalho seja realizado da melhor forma poss\u00edvel, assim como orienta o prefeito Sim\u00e3o Durando\u201d, destaca.<\/span><\/p>\n<\/div>\n<div>\n<p lang=\"PT-BR\">\n<\/div>\n<div>\n<p lang=\"PT-BR\"><span lang=\"PT-BR\">&#8212;&#8212;&#8212;&#8212;&#8212;-\u00a0\u00a0<\/span><\/p>\n<\/div>\n<div>\n<p lang=\"PT-BR\"><span lang=\"PT-BR\">Jhulyenne\u00a0Souza \u2013 Assessora de Comunica\u00e7\u00e3o<\/span><\/p>\n<\/div>\n","protected":false},"excerpt":{"rendered":"<p>Petrolina \u00e9 a segunda cidade do Brasil contemplada com o Curso de Qualifica\u00e7\u00e3o do Acesso a Vacinas Especiais com o projeto HubCRIE. Nesta sexta-feira (1), os m\u00e9dicos e enfermeiros que fazem parte da Aten\u00e7\u00e3o B\u00e1sica participaram do evento de abertura desenvolvido pela Prefeitura, atrav\u00e9s da Secretaria de Sa\u00fade.\u00a0 A capacita\u00e7\u00e3o ser\u00e1 realizada pelo Projeto\u00a0HubCRIE, que foi criado pelo Instituto de Pesquisa e Apoio ao Desenvolvimento Social (IPADS) em parceria com a Sanofi, Pfizer e\u00a0Conasems. O curso tem por objetivo ofertar aos profissionais de sa\u00fade do SUS que comp\u00f5e a aten\u00e7\u00e3o prim\u00e1ria \u00e0 sa\u00fade, informa\u00e7\u00f5es sobre vacinas especiais dispon\u00edveis\u00a0nos\u00a0Centros\u00a0de Refer\u00eancia de Imunobiol\u00f3gicos Especiais (CRIE).\u00a0 Para a enfermaria, Jade Duarte, essa capacita\u00e7\u00e3o veio para somar e qualificar o atendimento que j\u00e1 \u00e9&hellip; <\/p>\n","protected":false},"author":2,"featured_media":349456,"comment_status":"open","ping_status":"open","sticky":false,"template":"","format":"standard","meta":{"_acf_changed":false,"footnotes":""},"categories":[19],"tags":[],"class_list":["post-349455","post","type-post","status-publish","format-standard","has-post-thumbnail","hentry","category-servidores"],"acf":[],"yoast_head":"<!-- This site is optimized with the Yoast SEO plugin v27.4 - https:\/\/yoast.com\/product\/yoast-seo-wordpress\/ -->\n<title>Petrolina oferta capacita\u00e7\u00e3o para profissionais de sa\u00fade sobre vacinas especiais - Blog do Farn\u00e9sio<\/title>\n<meta name=\"robots\" content=\"index, follow, max-snippet:-1, max-image-preview:large, max-video-preview:-1\" \/>\n<link rel=\"canonical\" href=\"https:\/\/blogdofarnesio.com.br\/?p=349455\" \/>\n<meta property=\"og:locale\" content=\"pt_BR\" \/>\n<meta property=\"og:type\" content=\"article\" \/>\n<meta property=\"og:title\" content=\"Petrolina oferta capacita\u00e7\u00e3o para profissionais de sa\u00fade sobre vacinas especiais - Blog do Farn\u00e9sio\" \/>\n<meta property=\"og:description\" content=\"Petrolina \u00e9 a segunda cidade do Brasil contemplada com o Curso de Qualifica\u00e7\u00e3o do Acesso a Vacinas Especiais com o projeto HubCRIE. Nesta sexta-feira (1), os m\u00e9dicos e enfermeiros que fazem parte da Aten\u00e7\u00e3o B\u00e1sica participaram do evento de abertura desenvolvido pela Prefeitura, atrav\u00e9s da Secretaria de Sa\u00fade.\u00a0 A capacita\u00e7\u00e3o ser\u00e1 realizada pelo Projeto\u00a0HubCRIE, que foi criado pelo Instituto de Pesquisa e Apoio ao Desenvolvimento Social (IPADS) em parceria com a Sanofi, Pfizer e\u00a0Conasems. O curso tem por objetivo ofertar aos profissionais de sa\u00fade do SUS que comp\u00f5e a aten\u00e7\u00e3o prim\u00e1ria \u00e0 sa\u00fade, informa\u00e7\u00f5es sobre vacinas especiais dispon\u00edveis\u00a0nos\u00a0Centros\u00a0de Refer\u00eancia de Imunobiol\u00f3gicos Especiais (CRIE).\u00a0 Para a enfermaria, Jade Duarte, essa capacita\u00e7\u00e3o veio para somar e qualificar o atendimento que j\u00e1 \u00e9&hellip;\" \/>\n<meta property=\"og:url\" content=\"https:\/\/blogdofarnesio.com.br\/?p=349455\" \/>\n<meta property=\"og:site_name\" content=\"Blog do Farn\u00e9sio\" \/>\n<meta property=\"article:publisher\" content=\"https:\/\/www.facebook.com\/BlogQuerSaberPolitica\/\" \/>\n<meta property=\"article:author\" content=\"https:\/\/www.facebook.com\/?ref=tn_tnmn\" \/>\n<meta property=\"article:published_time\" content=\"2023-09-04T12:22:59+00:00\" \/>\n<meta property=\"og:image\" content=\"https:\/\/blogdofarnesio.com.br\/wp-content\/uploads\/2023\/09\/Capacitacao-3-e1693743156193.jpeg\" \/>\n\t<meta property=\"og:image:width\" content=\"600\" \/>\n\t<meta property=\"og:image:height\" content=\"400\" \/>\n\t<meta property=\"og:image:type\" content=\"image\/jpeg\" \/>\n<meta name=\"author\" content=\"Farn\u00e9sio\" \/>\n<meta name=\"twitter:card\" content=\"summary_large_image\" \/>\n<meta name=\"twitter:label1\" content=\"Escrito por\" \/>\n\t<meta name=\"twitter:data1\" content=\"Farn\u00e9sio\" \/>\n\t<meta name=\"twitter:label2\" content=\"Est. tempo de leitura\" \/>\n\t<meta name=\"twitter:data2\" content=\"2 minutos\" \/>\n<script type=\"application\/ld+json\" class=\"yoast-schema-graph\">{\"@context\":\"https:\\\/\\\/schema.org\",\"@graph\":[{\"@type\":\"Article\",\"@id\":\"https:\\\/\\\/blogdofarnesio.com.br\\\/?p=349455#article\",\"isPartOf\":{\"@id\":\"https:\\\/\\\/blogdofarnesio.com.br\\\/?p=349455\"},\"author\":{\"name\":\"Farn\u00e9sio\",\"@id\":\"https:\\\/\\\/blogdofarnesio.com.br\\\/#\\\/schema\\\/person\\\/bb9b23ae3ad0609ce8df7b6c9e76824d\"},\"headline\":\"Petrolina oferta capacita\u00e7\u00e3o para profissionais de sa\u00fade sobre vacinas especiais\",\"datePublished\":\"2023-09-04T12:22:59+00:00\",\"mainEntityOfPage\":{\"@id\":\"https:\\\/\\\/blogdofarnesio.com.br\\\/?p=349455\"},\"wordCount\":324,\"commentCount\":0,\"publisher\":{\"@id\":\"https:\\\/\\\/blogdofarnesio.com.br\\\/#organization\"},\"image\":{\"@id\":\"https:\\\/\\\/blogdofarnesio.com.br\\\/?p=349455#primaryimage\"},\"thumbnailUrl\":\"https:\\\/\\\/blogdofarnesio.com.br\\\/wp-content\\\/uploads\\\/2023\\\/09\\\/Capacitacao-3-e1693743156193.jpeg\",\"articleSection\":[\"Servidores\"],\"inLanguage\":\"pt-BR\",\"potentialAction\":[{\"@type\":\"CommentAction\",\"name\":\"Comment\",\"target\":[\"https:\\\/\\\/blogdofarnesio.com.br\\\/?p=349455#respond\"]}]},{\"@type\":\"WebPage\",\"@id\":\"https:\\\/\\\/blogdofarnesio.com.br\\\/?p=349455\",\"url\":\"https:\\\/\\\/blogdofarnesio.com.br\\\/?p=349455\",\"name\":\"Petrolina oferta capacita\u00e7\u00e3o para profissionais de sa\u00fade sobre vacinas especiais - Blog do Farn\u00e9sio\",\"isPartOf\":{\"@id\":\"https:\\\/\\\/blogdofarnesio.com.br\\\/#website\"},\"primaryImageOfPage\":{\"@id\":\"https:\\\/\\\/blogdofarnesio.com.br\\\/?p=349455#primaryimage\"},\"image\":{\"@id\":\"https:\\\/\\\/blogdofarnesio.com.br\\\/?p=349455#primaryimage\"},\"thumbnailUrl\":\"https:\\\/\\\/blogdofarnesio.com.br\\\/wp-content\\\/uploads\\\/2023\\\/09\\\/Capacitacao-3-e1693743156193.jpeg\",\"datePublished\":\"2023-09-04T12:22:59+00:00\",\"breadcrumb\":{\"@id\":\"https:\\\/\\\/blogdofarnesio.com.br\\\/?p=349455#breadcrumb\"},\"inLanguage\":\"pt-BR\",\"potentialAction\":[{\"@type\":\"ReadAction\",\"target\":[\"https:\\\/\\\/blogdofarnesio.com.br\\\/?p=349455\"]}]},{\"@type\":\"ImageObject\",\"inLanguage\":\"pt-BR\",\"@id\":\"https:\\\/\\\/blogdofarnesio.com.br\\\/?p=349455#primaryimage\",\"url\":\"https:\\\/\\\/blogdofarnesio.com.br\\\/wp-content\\\/uploads\\\/2023\\\/09\\\/Capacitacao-3-e1693743156193.jpeg\",\"contentUrl\":\"https:\\\/\\\/blogdofarnesio.com.br\\\/wp-content\\\/uploads\\\/2023\\\/09\\\/Capacitacao-3-e1693743156193.jpeg\",\"width\":600,\"height\":400},{\"@type\":\"BreadcrumbList\",\"@id\":\"https:\\\/\\\/blogdofarnesio.com.br\\\/?p=349455#breadcrumb\",\"itemListElement\":[{\"@type\":\"ListItem\",\"position\":1,\"name\":\"In\u00edcio\",\"item\":\"https:\\\/\\\/blogdofarnesio.com.br\\\/\"},{\"@type\":\"ListItem\",\"position\":2,\"name\":\"Petrolina oferta capacita\u00e7\u00e3o para profissionais de sa\u00fade sobre vacinas especiais\"}]},{\"@type\":\"WebSite\",\"@id\":\"https:\\\/\\\/blogdofarnesio.com.br\\\/#website\",\"url\":\"https:\\\/\\\/blogdofarnesio.com.br\\\/\",\"name\":\"Blog do Farn\u00e9sio\",\"description\":\"Quer Saber Pol\u00edtica?\",\"publisher\":{\"@id\":\"https:\\\/\\\/blogdofarnesio.com.br\\\/#organization\"},\"potentialAction\":[{\"@type\":\"SearchAction\",\"target\":{\"@type\":\"EntryPoint\",\"urlTemplate\":\"https:\\\/\\\/blogdofarnesio.com.br\\\/?s={search_term_string}\"},\"query-input\":{\"@type\":\"PropertyValueSpecification\",\"valueRequired\":true,\"valueName\":\"search_term_string\"}}],\"inLanguage\":\"pt-BR\"},{\"@type\":\"Organization\",\"@id\":\"https:\\\/\\\/blogdofarnesio.com.br\\\/#organization\",\"name\":\"Blog do Farn\u00e9sio\",\"url\":\"https:\\\/\\\/blogdofarnesio.com.br\\\/\",\"logo\":{\"@type\":\"ImageObject\",\"inLanguage\":\"pt-BR\",\"@id\":\"https:\\\/\\\/blogdofarnesio.com.br\\\/#\\\/schema\\\/logo\\\/image\\\/\",\"url\":\"https:\\\/\\\/blogdofarnesio.com.br\\\/wp-content\\\/uploads\\\/2026\\\/03\\\/cropped-logo_new-1.png\",\"contentUrl\":\"https:\\\/\\\/blogdofarnesio.com.br\\\/wp-content\\\/uploads\\\/2026\\\/03\\\/cropped-logo_new-1.png\",\"width\":881,\"height\":685,\"caption\":\"Blog do Farn\u00e9sio\"},\"image\":{\"@id\":\"https:\\\/\\\/blogdofarnesio.com.br\\\/#\\\/schema\\\/logo\\\/image\\\/\"},\"sameAs\":[\"https:\\\/\\\/www.facebook.com\\\/BlogQuerSaberPolitica\\\/\"]},{\"@type\":\"Person\",\"@id\":\"https:\\\/\\\/blogdofarnesio.com.br\\\/#\\\/schema\\\/person\\\/bb9b23ae3ad0609ce8df7b6c9e76824d\",\"name\":\"Farn\u00e9sio\",\"image\":{\"@type\":\"ImageObject\",\"inLanguage\":\"pt-BR\",\"@id\":\"https:\\\/\\\/secure.gravatar.com\\\/avatar\\\/986aa4c61ccdb66f8555bf88fc2a65609d00bcabd4d2d94377a727547345cbca?s=96&d=mm&r=g\",\"url\":\"https:\\\/\\\/secure.gravatar.com\\\/avatar\\\/986aa4c61ccdb66f8555bf88fc2a65609d00bcabd4d2d94377a727547345cbca?s=96&d=mm&r=g\",\"contentUrl\":\"https:\\\/\\\/secure.gravatar.com\\\/avatar\\\/986aa4c61ccdb66f8555bf88fc2a65609d00bcabd4d2d94377a727547345cbca?s=96&d=mm&r=g\",\"caption\":\"Farn\u00e9sio\"},\"description\":\"Radialista blogueiro, chegou a Petrolina\\\/Juazeiro em setembro de 1980, Farn\u00e9sio Silva \u00e9 de Arapiraca-Alagoas.\",\"sameAs\":[\"http:\\\/\\\/blogdofarnesio.com.br\",\"https:\\\/\\\/www.facebook.com\\\/?ref=tn_tnmn\",\"https:\\\/\\\/www.instagram.com\\\/?utm_source=pwa_homescreen\",\"https:\\\/\\\/youtube.com.br\\\/\"],\"url\":\"https:\\\/\\\/blogdofarnesio.com.br\\\/?author=2\"}]}<\/script>\n<!-- \/ Yoast SEO plugin. -->","yoast_head_json":{"title":"Petrolina oferta capacita\u00e7\u00e3o para profissionais de sa\u00fade sobre vacinas especiais - Blog do Farn\u00e9sio","robots":{"index":"index","follow":"follow","max-snippet":"max-snippet:-1","max-image-preview":"max-image-preview:large","max-video-preview":"max-video-preview:-1"},"canonical":"https:\/\/blogdofarnesio.com.br\/?p=349455","og_locale":"pt_BR","og_type":"article","og_title":"Petrolina oferta capacita\u00e7\u00e3o para profissionais de sa\u00fade sobre vacinas especiais - Blog do Farn\u00e9sio","og_description":"Petrolina \u00e9 a segunda cidade do Brasil contemplada com o Curso de Qualifica\u00e7\u00e3o do Acesso a Vacinas Especiais com o projeto HubCRIE. Nesta sexta-feira (1), os m\u00e9dicos e enfermeiros que fazem parte da Aten\u00e7\u00e3o B\u00e1sica participaram do evento de abertura desenvolvido pela Prefeitura, atrav\u00e9s da Secretaria de Sa\u00fade.\u00a0 A capacita\u00e7\u00e3o ser\u00e1 realizada pelo Projeto\u00a0HubCRIE, que foi criado pelo Instituto de Pesquisa e Apoio ao Desenvolvimento Social (IPADS) em parceria com a Sanofi, Pfizer e\u00a0Conasems. O curso tem por objetivo ofertar aos profissionais de sa\u00fade do SUS que comp\u00f5e a aten\u00e7\u00e3o prim\u00e1ria \u00e0 sa\u00fade, informa\u00e7\u00f5es sobre vacinas especiais dispon\u00edveis\u00a0nos\u00a0Centros\u00a0de Refer\u00eancia de Imunobiol\u00f3gicos Especiais (CRIE).\u00a0 Para a enfermaria, Jade Duarte, essa capacita\u00e7\u00e3o veio para somar e qualificar o atendimento que j\u00e1 \u00e9&hellip;","og_url":"https:\/\/blogdofarnesio.com.br\/?p=349455","og_site_name":"Blog do Farn\u00e9sio","article_publisher":"https:\/\/www.facebook.com\/BlogQuerSaberPolitica\/","article_author":"https:\/\/www.facebook.com\/?ref=tn_tnmn","article_published_time":"2023-09-04T12:22:59+00:00","og_image":[{"width":600,"height":400,"url":"https:\/\/blogdofarnesio.com.br\/wp-content\/uploads\/2023\/09\/Capacitacao-3-e1693743156193.jpeg","type":"image\/jpeg"}],"author":"Farn\u00e9sio","twitter_card":"summary_large_image","twitter_misc":{"Escrito por":"Farn\u00e9sio","Est. tempo de leitura":"2 minutos"},"schema":{"@context":"https:\/\/schema.org","@graph":[{"@type":"Article","@id":"https:\/\/blogdofarnesio.com.br\/?p=349455#article","isPartOf":{"@id":"https:\/\/blogdofarnesio.com.br\/?p=349455"},"author":{"name":"Farn\u00e9sio","@id":"https:\/\/blogdofarnesio.com.br\/#\/schema\/person\/bb9b23ae3ad0609ce8df7b6c9e76824d"},"headline":"Petrolina oferta capacita\u00e7\u00e3o para profissionais de sa\u00fade sobre vacinas especiais","datePublished":"2023-09-04T12:22:59+00:00","mainEntityOfPage":{"@id":"https:\/\/blogdofarnesio.com.br\/?p=349455"},"wordCount":324,"commentCount":0,"publisher":{"@id":"https:\/\/blogdofarnesio.com.br\/#organization"},"image":{"@id":"https:\/\/blogdofarnesio.com.br\/?p=349455#primaryimage"},"thumbnailUrl":"https:\/\/blogdofarnesio.com.br\/wp-content\/uploads\/2023\/09\/Capacitacao-3-e1693743156193.jpeg","articleSection":["Servidores"],"inLanguage":"pt-BR","potentialAction":[{"@type":"CommentAction","name":"Comment","target":["https:\/\/blogdofarnesio.com.br\/?p=349455#respond"]}]},{"@type":"WebPage","@id":"https:\/\/blogdofarnesio.com.br\/?p=349455","url":"https:\/\/blogdofarnesio.com.br\/?p=349455","name":"Petrolina oferta capacita\u00e7\u00e3o para profissionais de sa\u00fade sobre vacinas especiais - Blog do Farn\u00e9sio","isPartOf":{"@id":"https:\/\/blogdofarnesio.com.br\/#website"},"primaryImageOfPage":{"@id":"https:\/\/blogdofarnesio.com.br\/?p=349455#primaryimage"},"image":{"@id":"https:\/\/blogdofarnesio.com.br\/?p=349455#primaryimage"},"thumbnailUrl":"https:\/\/blogdofarnesio.com.br\/wp-content\/uploads\/2023\/09\/Capacitacao-3-e1693743156193.jpeg","datePublished":"2023-09-04T12:22:59+00:00","breadcrumb":{"@id":"https:\/\/blogdofarnesio.com.br\/?p=349455#breadcrumb"},"inLanguage":"pt-BR","potentialAction":[{"@type":"ReadAction","target":["https:\/\/blogdofarnesio.com.br\/?p=349455"]}]},{"@type":"ImageObject","inLanguage":"pt-BR","@id":"https:\/\/blogdofarnesio.com.br\/?p=349455#primaryimage","url":"https:\/\/blogdofarnesio.com.br\/wp-content\/uploads\/2023\/09\/Capacitacao-3-e1693743156193.jpeg","contentUrl":"https:\/\/blogdofarnesio.com.br\/wp-content\/uploads\/2023\/09\/Capacitacao-3-e1693743156193.jpeg","width":600,"height":400},{"@type":"BreadcrumbList","@id":"https:\/\/blogdofarnesio.com.br\/?p=349455#breadcrumb","itemListElement":[{"@type":"ListItem","position":1,"name":"In\u00edcio","item":"https:\/\/blogdofarnesio.com.br\/"},{"@type":"ListItem","position":2,"name":"Petrolina oferta capacita\u00e7\u00e3o para profissionais de sa\u00fade sobre vacinas especiais"}]},{"@type":"WebSite","@id":"https:\/\/blogdofarnesio.com.br\/#website","url":"https:\/\/blogdofarnesio.com.br\/","name":"Blog do Farn\u00e9sio","description":"Quer Saber Pol\u00edtica?","publisher":{"@id":"https:\/\/blogdofarnesio.com.br\/#organization"},"potentialAction":[{"@type":"SearchAction","target":{"@type":"EntryPoint","urlTemplate":"https:\/\/blogdofarnesio.com.br\/?s={search_term_string}"},"query-input":{"@type":"PropertyValueSpecification","valueRequired":true,"valueName":"search_term_string"}}],"inLanguage":"pt-BR"},{"@type":"Organization","@id":"https:\/\/blogdofarnesio.com.br\/#organization","name":"Blog do Farn\u00e9sio","url":"https:\/\/blogdofarnesio.com.br\/","logo":{"@type":"ImageObject","inLanguage":"pt-BR","@id":"https:\/\/blogdofarnesio.com.br\/#\/schema\/logo\/image\/","url":"https:\/\/blogdofarnesio.com.br\/wp-content\/uploads\/2026\/03\/cropped-logo_new-1.png","contentUrl":"https:\/\/blogdofarnesio.com.br\/wp-content\/uploads\/2026\/03\/cropped-logo_new-1.png","width":881,"height":685,"caption":"Blog do Farn\u00e9sio"},"image":{"@id":"https:\/\/blogdofarnesio.com.br\/#\/schema\/logo\/image\/"},"sameAs":["https:\/\/www.facebook.com\/BlogQuerSaberPolitica\/"]},{"@type":"Person","@id":"https:\/\/blogdofarnesio.com.br\/#\/schema\/person\/bb9b23ae3ad0609ce8df7b6c9e76824d","name":"Farn\u00e9sio","image":{"@type":"ImageObject","inLanguage":"pt-BR","@id":"https:\/\/secure.gravatar.com\/avatar\/986aa4c61ccdb66f8555bf88fc2a65609d00bcabd4d2d94377a727547345cbca?s=96&d=mm&r=g","url":"https:\/\/secure.gravatar.com\/avatar\/986aa4c61ccdb66f8555bf88fc2a65609d00bcabd4d2d94377a727547345cbca?s=96&d=mm&r=g","contentUrl":"https:\/\/secure.gravatar.com\/avatar\/986aa4c61ccdb66f8555bf88fc2a65609d00bcabd4d2d94377a727547345cbca?s=96&d=mm&r=g","caption":"Farn\u00e9sio"},"description":"Radialista blogueiro, chegou a Petrolina\/Juazeiro em setembro de 1980, Farn\u00e9sio Silva \u00e9 de Arapiraca-Alagoas.","sameAs":["http:\/\/blogdofarnesio.com.br","https:\/\/www.facebook.com\/?ref=tn_tnmn","https:\/\/www.instagram.com\/?utm_source=pwa_homescreen","https:\/\/youtube.com.br\/"],"url":"https:\/\/blogdofarnesio.com.br\/?author=2"}]}},"_links":{"self":[{"href":"https:\/\/blogdofarnesio.com.br\/index.php?rest_route=\/wp\/v2\/posts\/349455","targetHints":{"allow":["GET"]}}],"collection":[{"href":"https:\/\/blogdofarnesio.com.br\/index.php?rest_route=\/wp\/v2\/posts"}],"about":[{"href":"https:\/\/blogdofarnesio.com.br\/index.php?rest_route=\/wp\/v2\/types\/post"}],"author":[{"embeddable":true,"href":"https:\/\/blogdofarnesio.com.br\/index.php?rest_route=\/wp\/v2\/users\/2"}],"replies":[{"embeddable":true,"href":"https:\/\/blogdofarnesio.com.br\/index.php?rest_route=%2Fwp%2Fv2%2Fcomments&post=349455"}],"version-history":[{"count":0,"href":"https:\/\/blogdofarnesio.com.br\/index.php?rest_route=\/wp\/v2\/posts\/349455\/revisions"}],"wp:featuredmedia":[{"embeddable":true,"href":"https:\/\/blogdofarnesio.com.br\/index.php?rest_route=\/wp\/v2\/media\/349456"}],"wp:attachment":[{"href":"https:\/\/blogdofarnesio.com.br\/index.php?rest_route=%2Fwp%2Fv2%2Fmedia&parent=349455"}],"wp:term":[{"taxonomy":"category","embeddable":true,"href":"https:\/\/blogdofarnesio.com.br\/index.php?rest_route=%2Fwp%2Fv2%2Fcategories&post=349455"},{"taxonomy":"post_tag","embeddable":true,"href":"https:\/\/blogdofarnesio.com.br\/index.php?rest_route=%2Fwp%2Fv2%2Ftags&post=349455"}],"curies":[{"name":"wp","href":"https:\/\/api.w.org\/{rel}","templated":true}]}}