{"id":349447,"date":"2023-09-04T14:00:21","date_gmt":"2023-09-04T17:00:21","guid":{"rendered":"https:\/\/blogdofarnesio.com.br\/?p=349447"},"modified":"2023-09-04T11:40:37","modified_gmt":"2023-09-04T14:40:37","slug":"vacinacao-antirrabica-confira-o-cronograma-da-prefeitura-de-juazeiro-para-o-periodo-de-04-a-06-de-setembro","status":"publish","type":"post","link":"https:\/\/blogdofarnesio.com.br\/?p=349447","title":{"rendered":"Vacina\u00e7\u00e3o Antirr\u00e1bica: Confira o cronograma da Prefeitura de Juazeiro para o per\u00edodo de 04 a 06 de setembro"},"content":{"rendered":"<p>A Prefeitura de Juazeiro, atrav\u00e9s da Secretaria de Sa\u00fade (Sesau), segue com a Campanha de Vacina\u00e7\u00e3o Antirr\u00e1bica para gatos e c\u00e3es. A raiva \u00e9 uma doen\u00e7a letal para os animais e que pode contaminar humanos. A aplica\u00e7\u00e3o das doses no munic\u00edpio segue at\u00e9 o dia 21 de setembro.<\/p>\n<p>Os tutores podem levar os animais, a partir dos tr\u00eas meses de idade, para vacinar no ponto fixo localizado no N\u00facleo de Endemias (Rua Visconde do Rio Branco, N\u00ba 07, bairro Angari) ou escolher um dos pontos volantes conforme cronograma abaixo. A imuniza\u00e7\u00e3o acontecer\u00e1 de segunda a s\u00e1bado, das 08h \u00e0s 13h.<\/p>\n<p>Confira o cronograma de vacina\u00e7\u00e3o nos bairros:<\/p>\n<p>\u2022 Segunda-feira (04)<br \/>\nNossa Senhora das Grotas &#8211; Avenida Cristalina (esquina da Rua 05) e Avenida Principal (em frente ao Bar da Nilda)<\/p>\n<p>\u2022 Ter\u00e7a-feira (05)<br \/>\nAlto do Quid\u00e9 &#8211; Associa\u00e7\u00e3o de moradores Feirinha<br \/>\nAnt\u00f4nio Conselheiro \u2013 Pra\u00e7a Principal<\/p>\n<p>\u2022 Quarta-feira (06)<br \/>\nPedra do Lord &#8211; Avenida Principal<br \/>\nExpedito Nascimento &#8211; Pra\u00e7a Central<\/p>\n","protected":false},"excerpt":{"rendered":"<p>A Prefeitura de Juazeiro, atrav\u00e9s da Secretaria de Sa\u00fade (Sesau), segue com a Campanha de Vacina\u00e7\u00e3o Antirr\u00e1bica para gatos e c\u00e3es. A raiva \u00e9 uma doen\u00e7a letal para os animais e que pode contaminar humanos. A aplica\u00e7\u00e3o das doses no munic\u00edpio segue at\u00e9 o dia 21 de setembro. Os tutores podem levar os animais, a partir dos tr\u00eas meses de idade, para vacinar no ponto fixo localizado no N\u00facleo de Endemias (Rua Visconde do Rio Branco, N\u00ba 07, bairro Angari) ou escolher um dos pontos volantes conforme cronograma abaixo. A imuniza\u00e7\u00e3o acontecer\u00e1 de segunda a s\u00e1bado, das 08h \u00e0s 13h. Confira o cronograma de vacina\u00e7\u00e3o nos bairros: \u2022 Segunda-feira (04) Nossa Senhora das Grotas &#8211; Avenida Cristalina (esquina da Rua&hellip; <\/p>\n","protected":false},"author":2,"featured_media":108171,"comment_status":"open","ping_status":"open","sticky":false,"template":"","format":"standard","meta":{"_acf_changed":false,"footnotes":""},"categories":[4],"tags":[],"class_list":["post-349447","post","type-post","status-publish","format-standard","has-post-thumbnail","hentry","category-saude"],"acf":[],"yoast_head":"<!-- This site is optimized with the Yoast SEO plugin v27.4 - https:\/\/yoast.com\/product\/yoast-seo-wordpress\/ -->\n<title>Vacina\u00e7\u00e3o Antirr\u00e1bica: Confira o cronograma da Prefeitura de Juazeiro para o per\u00edodo de 04 a 06 de setembro - Blog do Farn\u00e9sio<\/title>\n<meta name=\"robots\" content=\"index, follow, max-snippet:-1, max-image-preview:large, max-video-preview:-1\" \/>\n<link rel=\"canonical\" href=\"https:\/\/blogdofarnesio.com.br\/?p=349447\" \/>\n<meta property=\"og:locale\" content=\"pt_BR\" \/>\n<meta property=\"og:type\" content=\"article\" \/>\n<meta property=\"og:title\" content=\"Vacina\u00e7\u00e3o Antirr\u00e1bica: Confira o cronograma da Prefeitura de Juazeiro para o per\u00edodo de 04 a 06 de setembro - Blog do Farn\u00e9sio\" \/>\n<meta property=\"og:description\" content=\"A Prefeitura de Juazeiro, atrav\u00e9s da Secretaria de Sa\u00fade (Sesau), segue com a Campanha de Vacina\u00e7\u00e3o Antirr\u00e1bica para gatos e c\u00e3es. A raiva \u00e9 uma doen\u00e7a letal para os animais e que pode contaminar humanos. A aplica\u00e7\u00e3o das doses no munic\u00edpio segue at\u00e9 o dia 21 de setembro. Os tutores podem levar os animais, a partir dos tr\u00eas meses de idade, para vacinar no ponto fixo localizado no N\u00facleo de Endemias (Rua Visconde do Rio Branco, N\u00ba 07, bairro Angari) ou escolher um dos pontos volantes conforme cronograma abaixo. A imuniza\u00e7\u00e3o acontecer\u00e1 de segunda a s\u00e1bado, das 08h \u00e0s 13h. Confira o cronograma de vacina\u00e7\u00e3o nos bairros: \u2022 Segunda-feira (04) Nossa Senhora das Grotas &#8211; Avenida Cristalina (esquina da Rua&hellip;\" \/>\n<meta property=\"og:url\" content=\"https:\/\/blogdofarnesio.com.br\/?p=349447\" \/>\n<meta property=\"og:site_name\" content=\"Blog do Farn\u00e9sio\" \/>\n<meta property=\"article:publisher\" content=\"https:\/\/www.facebook.com\/BlogQuerSaberPolitica\/\" \/>\n<meta property=\"article:author\" content=\"https:\/\/www.facebook.com\/?ref=tn_tnmn\" \/>\n<meta property=\"article:published_time\" content=\"2023-09-04T17:00:21+00:00\" \/>\n<meta property=\"og:image\" content=\"https:\/\/blogdofarnesio.com.br\/wp-content\/uploads\/2014\/11\/Blogqsp-antirr\u00e1bica.jpg\" \/>\n\t<meta property=\"og:image:width\" content=\"448\" \/>\n\t<meta property=\"og:image:height\" content=\"336\" \/>\n\t<meta property=\"og:image:type\" content=\"image\/jpeg\" \/>\n<meta name=\"author\" content=\"Farn\u00e9sio\" \/>\n<meta name=\"twitter:card\" content=\"summary_large_image\" \/>\n<meta name=\"twitter:label1\" content=\"Escrito por\" \/>\n\t<meta name=\"twitter:data1\" content=\"Farn\u00e9sio\" \/>\n\t<meta name=\"twitter:label2\" content=\"Est. tempo de leitura\" \/>\n\t<meta name=\"twitter:data2\" content=\"1 minuto\" \/>\n<script type=\"application\/ld+json\" class=\"yoast-schema-graph\">{\"@context\":\"https:\\\/\\\/schema.org\",\"@graph\":[{\"@type\":\"Article\",\"@id\":\"https:\\\/\\\/blogdofarnesio.com.br\\\/?p=349447#article\",\"isPartOf\":{\"@id\":\"https:\\\/\\\/blogdofarnesio.com.br\\\/?p=349447\"},\"author\":{\"name\":\"Farn\u00e9sio\",\"@id\":\"https:\\\/\\\/blogdofarnesio.com.br\\\/#\\\/schema\\\/person\\\/bb9b23ae3ad0609ce8df7b6c9e76824d\"},\"headline\":\"Vacina\u00e7\u00e3o Antirr\u00e1bica: Confira o cronograma da Prefeitura de Juazeiro para o per\u00edodo de 04 a 06 de setembro\",\"datePublished\":\"2023-09-04T17:00:21+00:00\",\"mainEntityOfPage\":{\"@id\":\"https:\\\/\\\/blogdofarnesio.com.br\\\/?p=349447\"},\"wordCount\":186,\"commentCount\":0,\"publisher\":{\"@id\":\"https:\\\/\\\/blogdofarnesio.com.br\\\/#organization\"},\"image\":{\"@id\":\"https:\\\/\\\/blogdofarnesio.com.br\\\/?p=349447#primaryimage\"},\"thumbnailUrl\":\"https:\\\/\\\/blogdofarnesio.com.br\\\/wp-content\\\/uploads\\\/2014\\\/11\\\/Blogqsp-antirr\u00e1bica.jpg\",\"articleSection\":[\"Sa\u00fade\"],\"inLanguage\":\"pt-BR\",\"potentialAction\":[{\"@type\":\"CommentAction\",\"name\":\"Comment\",\"target\":[\"https:\\\/\\\/blogdofarnesio.com.br\\\/?p=349447#respond\"]}]},{\"@type\":\"WebPage\",\"@id\":\"https:\\\/\\\/blogdofarnesio.com.br\\\/?p=349447\",\"url\":\"https:\\\/\\\/blogdofarnesio.com.br\\\/?p=349447\",\"name\":\"Vacina\u00e7\u00e3o Antirr\u00e1bica: Confira o cronograma da Prefeitura de Juazeiro para o per\u00edodo de 04 a 06 de setembro - Blog do Farn\u00e9sio\",\"isPartOf\":{\"@id\":\"https:\\\/\\\/blogdofarnesio.com.br\\\/#website\"},\"primaryImageOfPage\":{\"@id\":\"https:\\\/\\\/blogdofarnesio.com.br\\\/?p=349447#primaryimage\"},\"image\":{\"@id\":\"https:\\\/\\\/blogdofarnesio.com.br\\\/?p=349447#primaryimage\"},\"thumbnailUrl\":\"https:\\\/\\\/blogdofarnesio.com.br\\\/wp-content\\\/uploads\\\/2014\\\/11\\\/Blogqsp-antirr\u00e1bica.jpg\",\"datePublished\":\"2023-09-04T17:00:21+00:00\",\"breadcrumb\":{\"@id\":\"https:\\\/\\\/blogdofarnesio.com.br\\\/?p=349447#breadcrumb\"},\"inLanguage\":\"pt-BR\",\"potentialAction\":[{\"@type\":\"ReadAction\",\"target\":[\"https:\\\/\\\/blogdofarnesio.com.br\\\/?p=349447\"]}]},{\"@type\":\"ImageObject\",\"inLanguage\":\"pt-BR\",\"@id\":\"https:\\\/\\\/blogdofarnesio.com.br\\\/?p=349447#primaryimage\",\"url\":\"https:\\\/\\\/blogdofarnesio.com.br\\\/wp-content\\\/uploads\\\/2014\\\/11\\\/Blogqsp-antirr\u00e1bica.jpg\",\"contentUrl\":\"https:\\\/\\\/blogdofarnesio.com.br\\\/wp-content\\\/uploads\\\/2014\\\/11\\\/Blogqsp-antirr\u00e1bica.jpg\",\"width\":448,\"height\":336},{\"@type\":\"BreadcrumbList\",\"@id\":\"https:\\\/\\\/blogdofarnesio.com.br\\\/?p=349447#breadcrumb\",\"itemListElement\":[{\"@type\":\"ListItem\",\"position\":1,\"name\":\"In\u00edcio\",\"item\":\"https:\\\/\\\/blogdofarnesio.com.br\\\/\"},{\"@type\":\"ListItem\",\"position\":2,\"name\":\"Vacina\u00e7\u00e3o Antirr\u00e1bica: Confira o cronograma da Prefeitura de Juazeiro para o per\u00edodo de 04 a 06 de setembro\"}]},{\"@type\":\"WebSite\",\"@id\":\"https:\\\/\\\/blogdofarnesio.com.br\\\/#website\",\"url\":\"https:\\\/\\\/blogdofarnesio.com.br\\\/\",\"name\":\"Blog do Farn\u00e9sio\",\"description\":\"Quer Saber Pol\u00edtica?\",\"publisher\":{\"@id\":\"https:\\\/\\\/blogdofarnesio.com.br\\\/#organization\"},\"potentialAction\":[{\"@type\":\"SearchAction\",\"target\":{\"@type\":\"EntryPoint\",\"urlTemplate\":\"https:\\\/\\\/blogdofarnesio.com.br\\\/?s={search_term_string}\"},\"query-input\":{\"@type\":\"PropertyValueSpecification\",\"valueRequired\":true,\"valueName\":\"search_term_string\"}}],\"inLanguage\":\"pt-BR\"},{\"@type\":\"Organization\",\"@id\":\"https:\\\/\\\/blogdofarnesio.com.br\\\/#organization\",\"name\":\"Blog do Farn\u00e9sio\",\"url\":\"https:\\\/\\\/blogdofarnesio.com.br\\\/\",\"logo\":{\"@type\":\"ImageObject\",\"inLanguage\":\"pt-BR\",\"@id\":\"https:\\\/\\\/blogdofarnesio.com.br\\\/#\\\/schema\\\/logo\\\/image\\\/\",\"url\":\"https:\\\/\\\/blogdofarnesio.com.br\\\/wp-content\\\/uploads\\\/2026\\\/03\\\/cropped-logo_new-1.png\",\"contentUrl\":\"https:\\\/\\\/blogdofarnesio.com.br\\\/wp-content\\\/uploads\\\/2026\\\/03\\\/cropped-logo_new-1.png\",\"width\":881,\"height\":685,\"caption\":\"Blog do Farn\u00e9sio\"},\"image\":{\"@id\":\"https:\\\/\\\/blogdofarnesio.com.br\\\/#\\\/schema\\\/logo\\\/image\\\/\"},\"sameAs\":[\"https:\\\/\\\/www.facebook.com\\\/BlogQuerSaberPolitica\\\/\"]},{\"@type\":\"Person\",\"@id\":\"https:\\\/\\\/blogdofarnesio.com.br\\\/#\\\/schema\\\/person\\\/bb9b23ae3ad0609ce8df7b6c9e76824d\",\"name\":\"Farn\u00e9sio\",\"image\":{\"@type\":\"ImageObject\",\"inLanguage\":\"pt-BR\",\"@id\":\"https:\\\/\\\/secure.gravatar.com\\\/avatar\\\/986aa4c61ccdb66f8555bf88fc2a65609d00bcabd4d2d94377a727547345cbca?s=96&d=mm&r=g\",\"url\":\"https:\\\/\\\/secure.gravatar.com\\\/avatar\\\/986aa4c61ccdb66f8555bf88fc2a65609d00bcabd4d2d94377a727547345cbca?s=96&d=mm&r=g\",\"contentUrl\":\"https:\\\/\\\/secure.gravatar.com\\\/avatar\\\/986aa4c61ccdb66f8555bf88fc2a65609d00bcabd4d2d94377a727547345cbca?s=96&d=mm&r=g\",\"caption\":\"Farn\u00e9sio\"},\"description\":\"Radialista blogueiro, chegou a Petrolina\\\/Juazeiro em setembro de 1980, Farn\u00e9sio Silva \u00e9 de Arapiraca-Alagoas.\",\"sameAs\":[\"http:\\\/\\\/blogdofarnesio.com.br\",\"https:\\\/\\\/www.facebook.com\\\/?ref=tn_tnmn\",\"https:\\\/\\\/www.instagram.com\\\/?utm_source=pwa_homescreen\",\"https:\\\/\\\/youtube.com.br\\\/\"],\"url\":\"https:\\\/\\\/blogdofarnesio.com.br\\\/?author=2\"}]}<\/script>\n<!-- \/ Yoast SEO plugin. -->","yoast_head_json":{"title":"Vacina\u00e7\u00e3o Antirr\u00e1bica: Confira o cronograma da Prefeitura de Juazeiro para o per\u00edodo de 04 a 06 de setembro - Blog do Farn\u00e9sio","robots":{"index":"index","follow":"follow","max-snippet":"max-snippet:-1","max-image-preview":"max-image-preview:large","max-video-preview":"max-video-preview:-1"},"canonical":"https:\/\/blogdofarnesio.com.br\/?p=349447","og_locale":"pt_BR","og_type":"article","og_title":"Vacina\u00e7\u00e3o Antirr\u00e1bica: Confira o cronograma da Prefeitura de Juazeiro para o per\u00edodo de 04 a 06 de setembro - Blog do Farn\u00e9sio","og_description":"A Prefeitura de Juazeiro, atrav\u00e9s da Secretaria de Sa\u00fade (Sesau), segue com a Campanha de Vacina\u00e7\u00e3o Antirr\u00e1bica para gatos e c\u00e3es. A raiva \u00e9 uma doen\u00e7a letal para os animais e que pode contaminar humanos. A aplica\u00e7\u00e3o das doses no munic\u00edpio segue at\u00e9 o dia 21 de setembro. Os tutores podem levar os animais, a partir dos tr\u00eas meses de idade, para vacinar no ponto fixo localizado no N\u00facleo de Endemias (Rua Visconde do Rio Branco, N\u00ba 07, bairro Angari) ou escolher um dos pontos volantes conforme cronograma abaixo. A imuniza\u00e7\u00e3o acontecer\u00e1 de segunda a s\u00e1bado, das 08h \u00e0s 13h. Confira o cronograma de vacina\u00e7\u00e3o nos bairros: \u2022 Segunda-feira (04) Nossa Senhora das Grotas &#8211; Avenida Cristalina (esquina da Rua&hellip;","og_url":"https:\/\/blogdofarnesio.com.br\/?p=349447","og_site_name":"Blog do Farn\u00e9sio","article_publisher":"https:\/\/www.facebook.com\/BlogQuerSaberPolitica\/","article_author":"https:\/\/www.facebook.com\/?ref=tn_tnmn","article_published_time":"2023-09-04T17:00:21+00:00","og_image":[{"width":448,"height":336,"url":"https:\/\/blogdofarnesio.com.br\/wp-content\/uploads\/2014\/11\/Blogqsp-antirr\u00e1bica.jpg","type":"image\/jpeg"}],"author":"Farn\u00e9sio","twitter_card":"summary_large_image","twitter_misc":{"Escrito por":"Farn\u00e9sio","Est. tempo de leitura":"1 minuto"},"schema":{"@context":"https:\/\/schema.org","@graph":[{"@type":"Article","@id":"https:\/\/blogdofarnesio.com.br\/?p=349447#article","isPartOf":{"@id":"https:\/\/blogdofarnesio.com.br\/?p=349447"},"author":{"name":"Farn\u00e9sio","@id":"https:\/\/blogdofarnesio.com.br\/#\/schema\/person\/bb9b23ae3ad0609ce8df7b6c9e76824d"},"headline":"Vacina\u00e7\u00e3o Antirr\u00e1bica: Confira o cronograma da Prefeitura de Juazeiro para o per\u00edodo de 04 a 06 de setembro","datePublished":"2023-09-04T17:00:21+00:00","mainEntityOfPage":{"@id":"https:\/\/blogdofarnesio.com.br\/?p=349447"},"wordCount":186,"commentCount":0,"publisher":{"@id":"https:\/\/blogdofarnesio.com.br\/#organization"},"image":{"@id":"https:\/\/blogdofarnesio.com.br\/?p=349447#primaryimage"},"thumbnailUrl":"https:\/\/blogdofarnesio.com.br\/wp-content\/uploads\/2014\/11\/Blogqsp-antirr\u00e1bica.jpg","articleSection":["Sa\u00fade"],"inLanguage":"pt-BR","potentialAction":[{"@type":"CommentAction","name":"Comment","target":["https:\/\/blogdofarnesio.com.br\/?p=349447#respond"]}]},{"@type":"WebPage","@id":"https:\/\/blogdofarnesio.com.br\/?p=349447","url":"https:\/\/blogdofarnesio.com.br\/?p=349447","name":"Vacina\u00e7\u00e3o Antirr\u00e1bica: Confira o cronograma da Prefeitura de Juazeiro para o per\u00edodo de 04 a 06 de setembro - Blog do Farn\u00e9sio","isPartOf":{"@id":"https:\/\/blogdofarnesio.com.br\/#website"},"primaryImageOfPage":{"@id":"https:\/\/blogdofarnesio.com.br\/?p=349447#primaryimage"},"image":{"@id":"https:\/\/blogdofarnesio.com.br\/?p=349447#primaryimage"},"thumbnailUrl":"https:\/\/blogdofarnesio.com.br\/wp-content\/uploads\/2014\/11\/Blogqsp-antirr\u00e1bica.jpg","datePublished":"2023-09-04T17:00:21+00:00","breadcrumb":{"@id":"https:\/\/blogdofarnesio.com.br\/?p=349447#breadcrumb"},"inLanguage":"pt-BR","potentialAction":[{"@type":"ReadAction","target":["https:\/\/blogdofarnesio.com.br\/?p=349447"]}]},{"@type":"ImageObject","inLanguage":"pt-BR","@id":"https:\/\/blogdofarnesio.com.br\/?p=349447#primaryimage","url":"https:\/\/blogdofarnesio.com.br\/wp-content\/uploads\/2014\/11\/Blogqsp-antirr\u00e1bica.jpg","contentUrl":"https:\/\/blogdofarnesio.com.br\/wp-content\/uploads\/2014\/11\/Blogqsp-antirr\u00e1bica.jpg","width":448,"height":336},{"@type":"BreadcrumbList","@id":"https:\/\/blogdofarnesio.com.br\/?p=349447#breadcrumb","itemListElement":[{"@type":"ListItem","position":1,"name":"In\u00edcio","item":"https:\/\/blogdofarnesio.com.br\/"},{"@type":"ListItem","position":2,"name":"Vacina\u00e7\u00e3o Antirr\u00e1bica: Confira o cronograma da Prefeitura de Juazeiro para o per\u00edodo de 04 a 06 de setembro"}]},{"@type":"WebSite","@id":"https:\/\/blogdofarnesio.com.br\/#website","url":"https:\/\/blogdofarnesio.com.br\/","name":"Blog do Farn\u00e9sio","description":"Quer Saber Pol\u00edtica?","publisher":{"@id":"https:\/\/blogdofarnesio.com.br\/#organization"},"potentialAction":[{"@type":"SearchAction","target":{"@type":"EntryPoint","urlTemplate":"https:\/\/blogdofarnesio.com.br\/?s={search_term_string}"},"query-input":{"@type":"PropertyValueSpecification","valueRequired":true,"valueName":"search_term_string"}}],"inLanguage":"pt-BR"},{"@type":"Organization","@id":"https:\/\/blogdofarnesio.com.br\/#organization","name":"Blog do Farn\u00e9sio","url":"https:\/\/blogdofarnesio.com.br\/","logo":{"@type":"ImageObject","inLanguage":"pt-BR","@id":"https:\/\/blogdofarnesio.com.br\/#\/schema\/logo\/image\/","url":"https:\/\/blogdofarnesio.com.br\/wp-content\/uploads\/2026\/03\/cropped-logo_new-1.png","contentUrl":"https:\/\/blogdofarnesio.com.br\/wp-content\/uploads\/2026\/03\/cropped-logo_new-1.png","width":881,"height":685,"caption":"Blog do Farn\u00e9sio"},"image":{"@id":"https:\/\/blogdofarnesio.com.br\/#\/schema\/logo\/image\/"},"sameAs":["https:\/\/www.facebook.com\/BlogQuerSaberPolitica\/"]},{"@type":"Person","@id":"https:\/\/blogdofarnesio.com.br\/#\/schema\/person\/bb9b23ae3ad0609ce8df7b6c9e76824d","name":"Farn\u00e9sio","image":{"@type":"ImageObject","inLanguage":"pt-BR","@id":"https:\/\/secure.gravatar.com\/avatar\/986aa4c61ccdb66f8555bf88fc2a65609d00bcabd4d2d94377a727547345cbca?s=96&d=mm&r=g","url":"https:\/\/secure.gravatar.com\/avatar\/986aa4c61ccdb66f8555bf88fc2a65609d00bcabd4d2d94377a727547345cbca?s=96&d=mm&r=g","contentUrl":"https:\/\/secure.gravatar.com\/avatar\/986aa4c61ccdb66f8555bf88fc2a65609d00bcabd4d2d94377a727547345cbca?s=96&d=mm&r=g","caption":"Farn\u00e9sio"},"description":"Radialista blogueiro, chegou a Petrolina\/Juazeiro em setembro de 1980, Farn\u00e9sio Silva \u00e9 de Arapiraca-Alagoas.","sameAs":["http:\/\/blogdofarnesio.com.br","https:\/\/www.facebook.com\/?ref=tn_tnmn","https:\/\/www.instagram.com\/?utm_source=pwa_homescreen","https:\/\/youtube.com.br\/"],"url":"https:\/\/blogdofarnesio.com.br\/?author=2"}]}},"_links":{"self":[{"href":"https:\/\/blogdofarnesio.com.br\/index.php?rest_route=\/wp\/v2\/posts\/349447","targetHints":{"allow":["GET"]}}],"collection":[{"href":"https:\/\/blogdofarnesio.com.br\/index.php?rest_route=\/wp\/v2\/posts"}],"about":[{"href":"https:\/\/blogdofarnesio.com.br\/index.php?rest_route=\/wp\/v2\/types\/post"}],"author":[{"embeddable":true,"href":"https:\/\/blogdofarnesio.com.br\/index.php?rest_route=\/wp\/v2\/users\/2"}],"replies":[{"embeddable":true,"href":"https:\/\/blogdofarnesio.com.br\/index.php?rest_route=%2Fwp%2Fv2%2Fcomments&post=349447"}],"version-history":[{"count":0,"href":"https:\/\/blogdofarnesio.com.br\/index.php?rest_route=\/wp\/v2\/posts\/349447\/revisions"}],"wp:featuredmedia":[{"embeddable":true,"href":"https:\/\/blogdofarnesio.com.br\/index.php?rest_route=\/wp\/v2\/media\/108171"}],"wp:attachment":[{"href":"https:\/\/blogdofarnesio.com.br\/index.php?rest_route=%2Fwp%2Fv2%2Fmedia&parent=349447"}],"wp:term":[{"taxonomy":"category","embeddable":true,"href":"https:\/\/blogdofarnesio.com.br\/index.php?rest_route=%2Fwp%2Fv2%2Fcategories&post=349447"},{"taxonomy":"post_tag","embeddable":true,"href":"https:\/\/blogdofarnesio.com.br\/index.php?rest_route=%2Fwp%2Fv2%2Ftags&post=349447"}],"curies":[{"name":"wp","href":"https:\/\/api.w.org\/{rel}","templated":true}]}}