{"id":349415,"date":"2023-09-03T08:31:51","date_gmt":"2023-09-03T11:31:51","guid":{"rendered":"https:\/\/blogdofarnesio.com.br\/?p=349415"},"modified":"2023-09-02T18:37:59","modified_gmt":"2023-09-02T21:37:59","slug":"especial-quem-e-eduardo-imperador-preso-na-operacao-da-pf-que-mira-codevasf","status":"publish","type":"post","link":"https:\/\/blogdofarnesio.com.br\/?p=349415","title":{"rendered":"Especial: Quem \u00e9 Eduardo Imperador, preso na opera\u00e7\u00e3o da PF que mira Codevasf"},"content":{"rendered":"<p>LET\u00cdCIA COTTA\u00a0 &#8211;<br \/>\nO empres\u00e1rio Eduardo Jos\u00e9 Barros Costa, conhecido como Eduardo DP ou Eduardo Imperador, \u00e9 um dos principais alvos da Opera\u00e7\u00e3o Benesse, da Pol\u00edcia Federal (PF), deflagrada na manh\u00e3 desta sexta-feira (1\u00ba\/9). Eduardo \u00e9 s\u00f3cio-oculto da empresa Construservice, suspeita de envolvimento na fraude de licita\u00e7\u00f5es investigada pela PF. Nessa fraude, o ministro Juscelino Filho (Uni\u00e3o Brasil-MA) teria usado R$ 5 milh\u00f5es de emendas para asfaltar uma estrada em frente \u00e0 sua fazenda no Maranh\u00e3o.<\/p>\n<p>O empres\u00e1rio foi preso na opera\u00e7\u00e3o, que visa desarticular uma organiza\u00e7\u00e3o criminosa estruturada para promover fraudes licitat\u00f3rias, desvio de recursos p\u00fablicos e lavagem de dinheiro, envolvendo verbas federais da Companhia de Desenvolvimento dos Vales do S\u00e3o Francisco e do Parna\u00edba (Codevasf). O principal alvo da a\u00e7\u00e3o \u00e9 a prefeita de<\/p>\n<p>Relembre confus\u00f5es do ministro Juscelino, irm\u00e3o de prefeita alvo da PF<br \/>\nEduardo Costa \u00e9 r\u00e9u em diversas a\u00e7\u00f5es na Justi\u00e7a do Maranh\u00e3o e na Justi\u00e7a Federal, e chegou a ser preso por conta de algumas das a\u00e7\u00f5es, mas segue em liberdade.<\/p>\n<p>DP tinha f\u00e1cil acesso \u00e0 c\u00fapula da Companhia de Desenvolvimento dos Vales do S\u00e3o Francisco e do Parna\u00edba (Codevasf) e teria rela\u00e7\u00e3o com os aliados do atual ministro da Justi\u00e7a e Seguran\u00e7a P\u00fablica (MJSP), Fl\u00e1vio Dino (PSB-MA). N\u00e3o h\u00e1, no entanto, registros p\u00fablicos de apoio ou men\u00e7\u00e3o de Dino ao Eduardo Costa, ainda que o empres\u00e1rio tenha fotos com o ministro.<\/p>\n<p>Eduardo Imperador investigado por assassinato<\/p>\n<p>Um dos casos que merece destaque \u00e9 a Opera\u00e7\u00e3o Imperador, em refer\u00eancia a Eduardo Costa, deflagrada pela pol\u00edcia do Maranh\u00e3o, que investigava o assassinato do jornalista D\u00e9cio de S\u00e1, em S\u00e3o Lu\u00eds (MA). No fim, Costa n\u00e3o se transformou em r\u00e9u.<\/p>\n<p>Investiga\u00e7\u00f5es da PF, segundo a Folha de S.Paulo, apontam que o grupo de Costa tinha seis empresas de fachada e laranjas, com Costa sendo suspeito de comandar os crimes pelo menos de 2009 a 2012.<\/p>\n<p>Receba not\u00edcias do Metr\u00f3poles no seu Telegram e fique por dentro de tudo! Basta acessar o canal: https:\/\/t.me\/metropolesurgente.<\/p>\n","protected":false},"excerpt":{"rendered":"<p>LET\u00cdCIA COTTA\u00a0 &#8211; O empres\u00e1rio Eduardo Jos\u00e9 Barros Costa, conhecido como Eduardo DP ou Eduardo Imperador, \u00e9 um dos principais alvos da Opera\u00e7\u00e3o Benesse, da Pol\u00edcia Federal (PF), deflagrada na manh\u00e3 desta sexta-feira (1\u00ba\/9). Eduardo \u00e9 s\u00f3cio-oculto da empresa Construservice, suspeita de envolvimento na fraude de licita\u00e7\u00f5es investigada pela PF. Nessa fraude, o ministro Juscelino Filho (Uni\u00e3o Brasil-MA) teria usado R$ 5 milh\u00f5es de emendas para asfaltar uma estrada em frente \u00e0 sua fazenda no Maranh\u00e3o. O empres\u00e1rio foi preso na opera\u00e7\u00e3o, que visa desarticular uma organiza\u00e7\u00e3o criminosa estruturada para promover fraudes licitat\u00f3rias, desvio de recursos p\u00fablicos e lavagem de dinheiro, envolvendo verbas federais da Companhia de Desenvolvimento dos Vales do S\u00e3o Francisco e do Parna\u00edba (Codevasf). O principal alvo&hellip; <\/p>\n","protected":false},"author":2,"featured_media":349416,"comment_status":"open","ping_status":"open","sticky":false,"template":"","format":"standard","meta":{"_acf_changed":false,"footnotes":""},"categories":[44],"tags":[],"class_list":["post-349415","post","type-post","status-publish","format-standard","has-post-thumbnail","hentry","category-administracao"],"acf":[],"yoast_head":"<!-- This site is optimized with the Yoast SEO plugin v27.4 - https:\/\/yoast.com\/product\/yoast-seo-wordpress\/ -->\n<title>Especial: Quem \u00e9 Eduardo Imperador, preso na opera\u00e7\u00e3o da PF que mira Codevasf - Blog do Farn\u00e9sio<\/title>\n<meta name=\"robots\" content=\"index, follow, max-snippet:-1, max-image-preview:large, max-video-preview:-1\" \/>\n<link rel=\"canonical\" href=\"https:\/\/blogdofarnesio.com.br\/?p=349415\" \/>\n<meta property=\"og:locale\" content=\"pt_BR\" \/>\n<meta property=\"og:type\" content=\"article\" \/>\n<meta property=\"og:title\" content=\"Especial: Quem \u00e9 Eduardo Imperador, preso na opera\u00e7\u00e3o da PF que mira Codevasf - Blog do Farn\u00e9sio\" \/>\n<meta property=\"og:description\" content=\"LET\u00cdCIA COTTA\u00a0 &#8211; O empres\u00e1rio Eduardo Jos\u00e9 Barros Costa, conhecido como Eduardo DP ou Eduardo Imperador, \u00e9 um dos principais alvos da Opera\u00e7\u00e3o Benesse, da Pol\u00edcia Federal (PF), deflagrada na manh\u00e3 desta sexta-feira (1\u00ba\/9). Eduardo \u00e9 s\u00f3cio-oculto da empresa Construservice, suspeita de envolvimento na fraude de licita\u00e7\u00f5es investigada pela PF. Nessa fraude, o ministro Juscelino Filho (Uni\u00e3o Brasil-MA) teria usado R$ 5 milh\u00f5es de emendas para asfaltar uma estrada em frente \u00e0 sua fazenda no Maranh\u00e3o. O empres\u00e1rio foi preso na opera\u00e7\u00e3o, que visa desarticular uma organiza\u00e7\u00e3o criminosa estruturada para promover fraudes licitat\u00f3rias, desvio de recursos p\u00fablicos e lavagem de dinheiro, envolvendo verbas federais da Companhia de Desenvolvimento dos Vales do S\u00e3o Francisco e do Parna\u00edba (Codevasf). O principal alvo&hellip;\" \/>\n<meta property=\"og:url\" content=\"https:\/\/blogdofarnesio.com.br\/?p=349415\" \/>\n<meta property=\"og:site_name\" content=\"Blog do Farn\u00e9sio\" \/>\n<meta property=\"article:publisher\" content=\"https:\/\/www.facebook.com\/BlogQuerSaberPolitica\/\" \/>\n<meta property=\"article:author\" content=\"https:\/\/www.facebook.com\/?ref=tn_tnmn\" \/>\n<meta property=\"article:published_time\" content=\"2023-09-03T11:31:51+00:00\" \/>\n<meta property=\"og:image\" content=\"https:\/\/blogdofarnesio.com.br\/wp-content\/uploads\/2023\/09\/EduardoEdino-600x396-1.jpg\" \/>\n\t<meta property=\"og:image:width\" content=\"600\" \/>\n\t<meta property=\"og:image:height\" content=\"396\" \/>\n\t<meta property=\"og:image:type\" content=\"image\/jpeg\" \/>\n<meta name=\"author\" content=\"Farn\u00e9sio\" \/>\n<meta name=\"twitter:card\" content=\"summary_large_image\" \/>\n<meta name=\"twitter:label1\" content=\"Escrito por\" \/>\n\t<meta name=\"twitter:data1\" content=\"Farn\u00e9sio\" \/>\n\t<meta name=\"twitter:label2\" content=\"Est. tempo de leitura\" \/>\n\t<meta name=\"twitter:data2\" content=\"2 minutos\" \/>\n<script type=\"application\/ld+json\" class=\"yoast-schema-graph\">{\"@context\":\"https:\\\/\\\/schema.org\",\"@graph\":[{\"@type\":\"Article\",\"@id\":\"https:\\\/\\\/blogdofarnesio.com.br\\\/?p=349415#article\",\"isPartOf\":{\"@id\":\"https:\\\/\\\/blogdofarnesio.com.br\\\/?p=349415\"},\"author\":{\"name\":\"Farn\u00e9sio\",\"@id\":\"https:\\\/\\\/blogdofarnesio.com.br\\\/#\\\/schema\\\/person\\\/bb9b23ae3ad0609ce8df7b6c9e76824d\"},\"headline\":\"Especial: Quem \u00e9 Eduardo Imperador, preso na opera\u00e7\u00e3o da PF que mira Codevasf\",\"datePublished\":\"2023-09-03T11:31:51+00:00\",\"mainEntityOfPage\":{\"@id\":\"https:\\\/\\\/blogdofarnesio.com.br\\\/?p=349415\"},\"wordCount\":383,\"commentCount\":0,\"publisher\":{\"@id\":\"https:\\\/\\\/blogdofarnesio.com.br\\\/#organization\"},\"image\":{\"@id\":\"https:\\\/\\\/blogdofarnesio.com.br\\\/?p=349415#primaryimage\"},\"thumbnailUrl\":\"https:\\\/\\\/blogdofarnesio.com.br\\\/wp-content\\\/uploads\\\/2023\\\/09\\\/EduardoEdino-600x396-1.jpg\",\"articleSection\":[\"Administra\u00e7\u00e3o\"],\"inLanguage\":\"pt-BR\",\"potentialAction\":[{\"@type\":\"CommentAction\",\"name\":\"Comment\",\"target\":[\"https:\\\/\\\/blogdofarnesio.com.br\\\/?p=349415#respond\"]}]},{\"@type\":\"WebPage\",\"@id\":\"https:\\\/\\\/blogdofarnesio.com.br\\\/?p=349415\",\"url\":\"https:\\\/\\\/blogdofarnesio.com.br\\\/?p=349415\",\"name\":\"Especial: Quem \u00e9 Eduardo Imperador, preso na opera\u00e7\u00e3o da PF que mira Codevasf - Blog do Farn\u00e9sio\",\"isPartOf\":{\"@id\":\"https:\\\/\\\/blogdofarnesio.com.br\\\/#website\"},\"primaryImageOfPage\":{\"@id\":\"https:\\\/\\\/blogdofarnesio.com.br\\\/?p=349415#primaryimage\"},\"image\":{\"@id\":\"https:\\\/\\\/blogdofarnesio.com.br\\\/?p=349415#primaryimage\"},\"thumbnailUrl\":\"https:\\\/\\\/blogdofarnesio.com.br\\\/wp-content\\\/uploads\\\/2023\\\/09\\\/EduardoEdino-600x396-1.jpg\",\"datePublished\":\"2023-09-03T11:31:51+00:00\",\"breadcrumb\":{\"@id\":\"https:\\\/\\\/blogdofarnesio.com.br\\\/?p=349415#breadcrumb\"},\"inLanguage\":\"pt-BR\",\"potentialAction\":[{\"@type\":\"ReadAction\",\"target\":[\"https:\\\/\\\/blogdofarnesio.com.br\\\/?p=349415\"]}]},{\"@type\":\"ImageObject\",\"inLanguage\":\"pt-BR\",\"@id\":\"https:\\\/\\\/blogdofarnesio.com.br\\\/?p=349415#primaryimage\",\"url\":\"https:\\\/\\\/blogdofarnesio.com.br\\\/wp-content\\\/uploads\\\/2023\\\/09\\\/EduardoEdino-600x396-1.jpg\",\"contentUrl\":\"https:\\\/\\\/blogdofarnesio.com.br\\\/wp-content\\\/uploads\\\/2023\\\/09\\\/EduardoEdino-600x396-1.jpg\",\"width\":600,\"height\":396},{\"@type\":\"BreadcrumbList\",\"@id\":\"https:\\\/\\\/blogdofarnesio.com.br\\\/?p=349415#breadcrumb\",\"itemListElement\":[{\"@type\":\"ListItem\",\"position\":1,\"name\":\"In\u00edcio\",\"item\":\"https:\\\/\\\/blogdofarnesio.com.br\\\/\"},{\"@type\":\"ListItem\",\"position\":2,\"name\":\"Especial: Quem \u00e9 Eduardo Imperador, preso na opera\u00e7\u00e3o da PF que mira Codevasf\"}]},{\"@type\":\"WebSite\",\"@id\":\"https:\\\/\\\/blogdofarnesio.com.br\\\/#website\",\"url\":\"https:\\\/\\\/blogdofarnesio.com.br\\\/\",\"name\":\"Blog do Farn\u00e9sio\",\"description\":\"Quer Saber Pol\u00edtica?\",\"publisher\":{\"@id\":\"https:\\\/\\\/blogdofarnesio.com.br\\\/#organization\"},\"potentialAction\":[{\"@type\":\"SearchAction\",\"target\":{\"@type\":\"EntryPoint\",\"urlTemplate\":\"https:\\\/\\\/blogdofarnesio.com.br\\\/?s={search_term_string}\"},\"query-input\":{\"@type\":\"PropertyValueSpecification\",\"valueRequired\":true,\"valueName\":\"search_term_string\"}}],\"inLanguage\":\"pt-BR\"},{\"@type\":\"Organization\",\"@id\":\"https:\\\/\\\/blogdofarnesio.com.br\\\/#organization\",\"name\":\"Blog do Farn\u00e9sio\",\"url\":\"https:\\\/\\\/blogdofarnesio.com.br\\\/\",\"logo\":{\"@type\":\"ImageObject\",\"inLanguage\":\"pt-BR\",\"@id\":\"https:\\\/\\\/blogdofarnesio.com.br\\\/#\\\/schema\\\/logo\\\/image\\\/\",\"url\":\"https:\\\/\\\/blogdofarnesio.com.br\\\/wp-content\\\/uploads\\\/2026\\\/03\\\/cropped-logo_new-1.png\",\"contentUrl\":\"https:\\\/\\\/blogdofarnesio.com.br\\\/wp-content\\\/uploads\\\/2026\\\/03\\\/cropped-logo_new-1.png\",\"width\":881,\"height\":685,\"caption\":\"Blog do Farn\u00e9sio\"},\"image\":{\"@id\":\"https:\\\/\\\/blogdofarnesio.com.br\\\/#\\\/schema\\\/logo\\\/image\\\/\"},\"sameAs\":[\"https:\\\/\\\/www.facebook.com\\\/BlogQuerSaberPolitica\\\/\"]},{\"@type\":\"Person\",\"@id\":\"https:\\\/\\\/blogdofarnesio.com.br\\\/#\\\/schema\\\/person\\\/bb9b23ae3ad0609ce8df7b6c9e76824d\",\"name\":\"Farn\u00e9sio\",\"image\":{\"@type\":\"ImageObject\",\"inLanguage\":\"pt-BR\",\"@id\":\"https:\\\/\\\/secure.gravatar.com\\\/avatar\\\/986aa4c61ccdb66f8555bf88fc2a65609d00bcabd4d2d94377a727547345cbca?s=96&d=mm&r=g\",\"url\":\"https:\\\/\\\/secure.gravatar.com\\\/avatar\\\/986aa4c61ccdb66f8555bf88fc2a65609d00bcabd4d2d94377a727547345cbca?s=96&d=mm&r=g\",\"contentUrl\":\"https:\\\/\\\/secure.gravatar.com\\\/avatar\\\/986aa4c61ccdb66f8555bf88fc2a65609d00bcabd4d2d94377a727547345cbca?s=96&d=mm&r=g\",\"caption\":\"Farn\u00e9sio\"},\"description\":\"Radialista blogueiro, chegou a Petrolina\\\/Juazeiro em setembro de 1980, Farn\u00e9sio Silva \u00e9 de Arapiraca-Alagoas.\",\"sameAs\":[\"http:\\\/\\\/blogdofarnesio.com.br\",\"https:\\\/\\\/www.facebook.com\\\/?ref=tn_tnmn\",\"https:\\\/\\\/www.instagram.com\\\/?utm_source=pwa_homescreen\",\"https:\\\/\\\/youtube.com.br\\\/\"],\"url\":\"https:\\\/\\\/blogdofarnesio.com.br\\\/?author=2\"}]}<\/script>\n<!-- \/ Yoast SEO plugin. -->","yoast_head_json":{"title":"Especial: Quem \u00e9 Eduardo Imperador, preso na opera\u00e7\u00e3o da PF que mira Codevasf - Blog do Farn\u00e9sio","robots":{"index":"index","follow":"follow","max-snippet":"max-snippet:-1","max-image-preview":"max-image-preview:large","max-video-preview":"max-video-preview:-1"},"canonical":"https:\/\/blogdofarnesio.com.br\/?p=349415","og_locale":"pt_BR","og_type":"article","og_title":"Especial: Quem \u00e9 Eduardo Imperador, preso na opera\u00e7\u00e3o da PF que mira Codevasf - Blog do Farn\u00e9sio","og_description":"LET\u00cdCIA COTTA\u00a0 &#8211; O empres\u00e1rio Eduardo Jos\u00e9 Barros Costa, conhecido como Eduardo DP ou Eduardo Imperador, \u00e9 um dos principais alvos da Opera\u00e7\u00e3o Benesse, da Pol\u00edcia Federal (PF), deflagrada na manh\u00e3 desta sexta-feira (1\u00ba\/9). Eduardo \u00e9 s\u00f3cio-oculto da empresa Construservice, suspeita de envolvimento na fraude de licita\u00e7\u00f5es investigada pela PF. Nessa fraude, o ministro Juscelino Filho (Uni\u00e3o Brasil-MA) teria usado R$ 5 milh\u00f5es de emendas para asfaltar uma estrada em frente \u00e0 sua fazenda no Maranh\u00e3o. O empres\u00e1rio foi preso na opera\u00e7\u00e3o, que visa desarticular uma organiza\u00e7\u00e3o criminosa estruturada para promover fraudes licitat\u00f3rias, desvio de recursos p\u00fablicos e lavagem de dinheiro, envolvendo verbas federais da Companhia de Desenvolvimento dos Vales do S\u00e3o Francisco e do Parna\u00edba (Codevasf). O principal alvo&hellip;","og_url":"https:\/\/blogdofarnesio.com.br\/?p=349415","og_site_name":"Blog do Farn\u00e9sio","article_publisher":"https:\/\/www.facebook.com\/BlogQuerSaberPolitica\/","article_author":"https:\/\/www.facebook.com\/?ref=tn_tnmn","article_published_time":"2023-09-03T11:31:51+00:00","og_image":[{"width":600,"height":396,"url":"https:\/\/blogdofarnesio.com.br\/wp-content\/uploads\/2023\/09\/EduardoEdino-600x396-1.jpg","type":"image\/jpeg"}],"author":"Farn\u00e9sio","twitter_card":"summary_large_image","twitter_misc":{"Escrito por":"Farn\u00e9sio","Est. tempo de leitura":"2 minutos"},"schema":{"@context":"https:\/\/schema.org","@graph":[{"@type":"Article","@id":"https:\/\/blogdofarnesio.com.br\/?p=349415#article","isPartOf":{"@id":"https:\/\/blogdofarnesio.com.br\/?p=349415"},"author":{"name":"Farn\u00e9sio","@id":"https:\/\/blogdofarnesio.com.br\/#\/schema\/person\/bb9b23ae3ad0609ce8df7b6c9e76824d"},"headline":"Especial: Quem \u00e9 Eduardo Imperador, preso na opera\u00e7\u00e3o da PF que mira Codevasf","datePublished":"2023-09-03T11:31:51+00:00","mainEntityOfPage":{"@id":"https:\/\/blogdofarnesio.com.br\/?p=349415"},"wordCount":383,"commentCount":0,"publisher":{"@id":"https:\/\/blogdofarnesio.com.br\/#organization"},"image":{"@id":"https:\/\/blogdofarnesio.com.br\/?p=349415#primaryimage"},"thumbnailUrl":"https:\/\/blogdofarnesio.com.br\/wp-content\/uploads\/2023\/09\/EduardoEdino-600x396-1.jpg","articleSection":["Administra\u00e7\u00e3o"],"inLanguage":"pt-BR","potentialAction":[{"@type":"CommentAction","name":"Comment","target":["https:\/\/blogdofarnesio.com.br\/?p=349415#respond"]}]},{"@type":"WebPage","@id":"https:\/\/blogdofarnesio.com.br\/?p=349415","url":"https:\/\/blogdofarnesio.com.br\/?p=349415","name":"Especial: Quem \u00e9 Eduardo Imperador, preso na opera\u00e7\u00e3o da PF que mira Codevasf - Blog do Farn\u00e9sio","isPartOf":{"@id":"https:\/\/blogdofarnesio.com.br\/#website"},"primaryImageOfPage":{"@id":"https:\/\/blogdofarnesio.com.br\/?p=349415#primaryimage"},"image":{"@id":"https:\/\/blogdofarnesio.com.br\/?p=349415#primaryimage"},"thumbnailUrl":"https:\/\/blogdofarnesio.com.br\/wp-content\/uploads\/2023\/09\/EduardoEdino-600x396-1.jpg","datePublished":"2023-09-03T11:31:51+00:00","breadcrumb":{"@id":"https:\/\/blogdofarnesio.com.br\/?p=349415#breadcrumb"},"inLanguage":"pt-BR","potentialAction":[{"@type":"ReadAction","target":["https:\/\/blogdofarnesio.com.br\/?p=349415"]}]},{"@type":"ImageObject","inLanguage":"pt-BR","@id":"https:\/\/blogdofarnesio.com.br\/?p=349415#primaryimage","url":"https:\/\/blogdofarnesio.com.br\/wp-content\/uploads\/2023\/09\/EduardoEdino-600x396-1.jpg","contentUrl":"https:\/\/blogdofarnesio.com.br\/wp-content\/uploads\/2023\/09\/EduardoEdino-600x396-1.jpg","width":600,"height":396},{"@type":"BreadcrumbList","@id":"https:\/\/blogdofarnesio.com.br\/?p=349415#breadcrumb","itemListElement":[{"@type":"ListItem","position":1,"name":"In\u00edcio","item":"https:\/\/blogdofarnesio.com.br\/"},{"@type":"ListItem","position":2,"name":"Especial: Quem \u00e9 Eduardo Imperador, preso na opera\u00e7\u00e3o da PF que mira Codevasf"}]},{"@type":"WebSite","@id":"https:\/\/blogdofarnesio.com.br\/#website","url":"https:\/\/blogdofarnesio.com.br\/","name":"Blog do Farn\u00e9sio","description":"Quer Saber Pol\u00edtica?","publisher":{"@id":"https:\/\/blogdofarnesio.com.br\/#organization"},"potentialAction":[{"@type":"SearchAction","target":{"@type":"EntryPoint","urlTemplate":"https:\/\/blogdofarnesio.com.br\/?s={search_term_string}"},"query-input":{"@type":"PropertyValueSpecification","valueRequired":true,"valueName":"search_term_string"}}],"inLanguage":"pt-BR"},{"@type":"Organization","@id":"https:\/\/blogdofarnesio.com.br\/#organization","name":"Blog do Farn\u00e9sio","url":"https:\/\/blogdofarnesio.com.br\/","logo":{"@type":"ImageObject","inLanguage":"pt-BR","@id":"https:\/\/blogdofarnesio.com.br\/#\/schema\/logo\/image\/","url":"https:\/\/blogdofarnesio.com.br\/wp-content\/uploads\/2026\/03\/cropped-logo_new-1.png","contentUrl":"https:\/\/blogdofarnesio.com.br\/wp-content\/uploads\/2026\/03\/cropped-logo_new-1.png","width":881,"height":685,"caption":"Blog do Farn\u00e9sio"},"image":{"@id":"https:\/\/blogdofarnesio.com.br\/#\/schema\/logo\/image\/"},"sameAs":["https:\/\/www.facebook.com\/BlogQuerSaberPolitica\/"]},{"@type":"Person","@id":"https:\/\/blogdofarnesio.com.br\/#\/schema\/person\/bb9b23ae3ad0609ce8df7b6c9e76824d","name":"Farn\u00e9sio","image":{"@type":"ImageObject","inLanguage":"pt-BR","@id":"https:\/\/secure.gravatar.com\/avatar\/986aa4c61ccdb66f8555bf88fc2a65609d00bcabd4d2d94377a727547345cbca?s=96&d=mm&r=g","url":"https:\/\/secure.gravatar.com\/avatar\/986aa4c61ccdb66f8555bf88fc2a65609d00bcabd4d2d94377a727547345cbca?s=96&d=mm&r=g","contentUrl":"https:\/\/secure.gravatar.com\/avatar\/986aa4c61ccdb66f8555bf88fc2a65609d00bcabd4d2d94377a727547345cbca?s=96&d=mm&r=g","caption":"Farn\u00e9sio"},"description":"Radialista blogueiro, chegou a Petrolina\/Juazeiro em setembro de 1980, Farn\u00e9sio Silva \u00e9 de Arapiraca-Alagoas.","sameAs":["http:\/\/blogdofarnesio.com.br","https:\/\/www.facebook.com\/?ref=tn_tnmn","https:\/\/www.instagram.com\/?utm_source=pwa_homescreen","https:\/\/youtube.com.br\/"],"url":"https:\/\/blogdofarnesio.com.br\/?author=2"}]}},"_links":{"self":[{"href":"https:\/\/blogdofarnesio.com.br\/index.php?rest_route=\/wp\/v2\/posts\/349415","targetHints":{"allow":["GET"]}}],"collection":[{"href":"https:\/\/blogdofarnesio.com.br\/index.php?rest_route=\/wp\/v2\/posts"}],"about":[{"href":"https:\/\/blogdofarnesio.com.br\/index.php?rest_route=\/wp\/v2\/types\/post"}],"author":[{"embeddable":true,"href":"https:\/\/blogdofarnesio.com.br\/index.php?rest_route=\/wp\/v2\/users\/2"}],"replies":[{"embeddable":true,"href":"https:\/\/blogdofarnesio.com.br\/index.php?rest_route=%2Fwp%2Fv2%2Fcomments&post=349415"}],"version-history":[{"count":0,"href":"https:\/\/blogdofarnesio.com.br\/index.php?rest_route=\/wp\/v2\/posts\/349415\/revisions"}],"wp:featuredmedia":[{"embeddable":true,"href":"https:\/\/blogdofarnesio.com.br\/index.php?rest_route=\/wp\/v2\/media\/349416"}],"wp:attachment":[{"href":"https:\/\/blogdofarnesio.com.br\/index.php?rest_route=%2Fwp%2Fv2%2Fmedia&parent=349415"}],"wp:term":[{"taxonomy":"category","embeddable":true,"href":"https:\/\/blogdofarnesio.com.br\/index.php?rest_route=%2Fwp%2Fv2%2Fcategories&post=349415"},{"taxonomy":"post_tag","embeddable":true,"href":"https:\/\/blogdofarnesio.com.br\/index.php?rest_route=%2Fwp%2Fv2%2Ftags&post=349415"}],"curies":[{"name":"wp","href":"https:\/\/api.w.org\/{rel}","templated":true}]}}