{"id":349401,"date":"2023-09-04T14:42:23","date_gmt":"2023-09-04T17:42:23","guid":{"rendered":"https:\/\/blogdofarnesio.com.br\/?p=349401"},"modified":"2023-09-04T11:47:03","modified_gmt":"2023-09-04T14:47:03","slug":"prefeitura-orienta-sobre-os-riscos-de-promover-queimadas-em-terrenos-baldios-de-juazeiro","status":"publish","type":"post","link":"https:\/\/blogdofarnesio.com.br\/?p=349401","title":{"rendered":"Prefeitura orienta sobre os riscos de promover queimadas em terrenos baldios de Juazeiro"},"content":{"rendered":"<p>A utiliza\u00e7\u00e3o de fogo para a limpeza de terrenos e a queima de lixo, infelizmente, s\u00e3o pr\u00e1ticas ainda comuns em Juazeiro. Essa a\u00e7\u00e3o coloca em risco as vidas dos seres humanos e animais, al\u00e9m de causar danos \u00e0 sa\u00fade, preju\u00edzos ao patrim\u00f4nio e ao meio ambiente.<\/p>\n<p>A Prefeitura de Juazeiro, por meio da Secretaria de Meio Ambiente e Ordenamento Urbano (Semaurb), orienta a popula\u00e7\u00e3o a evitar as queimadas na cidade, em virtude do per\u00edodo de estiagem. \u00c9 comum, neste per\u00edodo, a vegeta\u00e7\u00e3o em geral ficar mais seca, aumentando a probabilidade de inc\u00eandios nestas \u00e1reas, colocando em risco vidas, bem como as resid\u00eancias e fia\u00e7\u00f5es que estiverem no entorno.<\/p>\n<p>Segundo a Lei Municipal n\u00ba 016\/2016, s\u00e3o infra\u00e7\u00f5es administrativas pass\u00edveis de pena de multa: utilizar-se do fogo como m\u00e9todo facilitador de capina\u00e7\u00e3o e\/ou limpeza de terrenos; queimar res\u00edduos; provocar inc\u00eandio em matas, florestas e\/ou demais formas de vegeta\u00e7\u00e3o nativa em qualquer est\u00e1gio de desenvolvimento, localizadas ou n\u00e3o em \u00e1reas de preserva\u00e7\u00e3o permanente e\/ou \u00e1reas ambientalmente protegidas; entre outras a\u00e7\u00f5es e omiss\u00f5es que ocasione queimadas.<\/p>\n<p>De acordo com o secret\u00e1rio da Semaurb, Isl\u00e9dio Bandeira, as queimadas urbanas tamb\u00e9m afetam a sa\u00fade pela polui\u00e7\u00e3o do ar. \u201cInfelizmente, as pessoas queimam lixo constantemente em terrenos, sendo que a maioria desses res\u00edduos jogados nesses locais o carro que faz a coleta do lixo domiciliar pode transportar. Mas, por algum motivo ou at\u00e9 por falta de informa\u00e7\u00e3o, se tornou um ato cultural e corriqueiro em nosso munic\u00edpio. Quando h\u00e1 queima de res\u00edduos, principalmente aqueles compostos de materiais pl\u00e1sticos e borrachas, al\u00e9m de produzir fuma\u00e7a, fuligem e poluir o ar, estes liberam subst\u00e2ncias cancer\u00edgenas\u201d, alerta o secret\u00e1rio de meio ambiente.<\/p>\n<p><b>Preju\u00edzos<br \/>\n<\/b>Entre os preju\u00edzos ocasionados pela pr\u00e1tica de queimadas, destacam-se o comprometimento da qualidade do solo, da \u00e1gua, da vegeta\u00e7\u00e3o e do ar. Diretamente ao ser humano a fuma\u00e7a pode agravar doen\u00e7as respirat\u00f3rias, al\u00e9m de que o fogo pode causar danos materiais, atingindo casas, planta\u00e7\u00f5es e rede el\u00e9trica.<\/p>\n<p><b>Trabalho de conscientiza\u00e7\u00e3o<\/b><br \/>\nDesde o in\u00edcio deste ano a Semaurb vem fazendo um levantamento dos terrenos baldios, com o objetivo de identificar quem s\u00e3o os propriet\u00e1rios para que eles providenciem a retirada da sujeira e o cercamento ou constru\u00e7\u00e3o de um muro no local. A fiscaliza\u00e7\u00e3o ambiental atrav\u00e9s de rondas e atendimento a den\u00fancias, tamb\u00e9m vem realizando um trabalho de orienta\u00e7\u00e3o e coibi\u00e7\u00e3o de queimada de lixo nos terrenos e, quando necess\u00e1rio, a aplica\u00e7\u00e3o das penalidades previstas em lei, como notifica\u00e7\u00e3o e auto de infra\u00e7\u00e3o de multa.<\/p>\n<p><b>Denuncie<\/b><br \/>\nCaso se depare com um inc\u00eandio ligue para o Corpo de Bombeiros 193, Guarda Municipal 153 ou Defesa Civil (74) 9931-2210. Para den\u00fancias entrar em contato com a Semaurb pelo telefone (74) 3612-3581, tendo em m\u00e3os o endere\u00e7o correto e um ponto de refer\u00eancia.<\/p>\n<p>\u2014<\/p>\n","protected":false},"excerpt":{"rendered":"<p>A utiliza\u00e7\u00e3o de fogo para a limpeza de terrenos e a queima de lixo, infelizmente, s\u00e3o pr\u00e1ticas ainda comuns em Juazeiro. Essa a\u00e7\u00e3o coloca em risco as vidas dos seres humanos e animais, al\u00e9m de causar danos \u00e0 sa\u00fade, preju\u00edzos ao patrim\u00f4nio e ao meio ambiente. A Prefeitura de Juazeiro, por meio da Secretaria de Meio Ambiente e Ordenamento Urbano (Semaurb), orienta a popula\u00e7\u00e3o a evitar as queimadas na cidade, em virtude do per\u00edodo de estiagem. \u00c9 comum, neste per\u00edodo, a vegeta\u00e7\u00e3o em geral ficar mais seca, aumentando a probabilidade de inc\u00eandios nestas \u00e1reas, colocando em risco vidas, bem como as resid\u00eancias e fia\u00e7\u00f5es que estiverem no entorno. Segundo a Lei Municipal n\u00ba 016\/2016, s\u00e3o infra\u00e7\u00f5es administrativas pass\u00edveis de pena&hellip; <\/p>\n","protected":false},"author":2,"featured_media":349404,"comment_status":"open","ping_status":"open","sticky":false,"template":"","format":"standard","meta":{"_acf_changed":false,"footnotes":""},"categories":[29],"tags":[],"class_list":["post-349401","post","type-post","status-publish","format-standard","has-post-thumbnail","hentry","category-meio-ambiente"],"acf":[],"yoast_head":"<!-- This site is optimized with the Yoast SEO plugin v27.4 - https:\/\/yoast.com\/product\/yoast-seo-wordpress\/ -->\n<title>Prefeitura orienta sobre os riscos de promover queimadas em terrenos baldios de Juazeiro - Blog do Farn\u00e9sio<\/title>\n<meta name=\"robots\" content=\"index, follow, max-snippet:-1, max-image-preview:large, max-video-preview:-1\" \/>\n<link rel=\"canonical\" href=\"https:\/\/blogdofarnesio.com.br\/?p=349401\" \/>\n<meta property=\"og:locale\" content=\"pt_BR\" \/>\n<meta property=\"og:type\" content=\"article\" \/>\n<meta property=\"og:title\" content=\"Prefeitura orienta sobre os riscos de promover queimadas em terrenos baldios de Juazeiro - Blog do Farn\u00e9sio\" \/>\n<meta property=\"og:description\" content=\"A utiliza\u00e7\u00e3o de fogo para a limpeza de terrenos e a queima de lixo, infelizmente, s\u00e3o pr\u00e1ticas ainda comuns em Juazeiro. Essa a\u00e7\u00e3o coloca em risco as vidas dos seres humanos e animais, al\u00e9m de causar danos \u00e0 sa\u00fade, preju\u00edzos ao patrim\u00f4nio e ao meio ambiente. A Prefeitura de Juazeiro, por meio da Secretaria de Meio Ambiente e Ordenamento Urbano (Semaurb), orienta a popula\u00e7\u00e3o a evitar as queimadas na cidade, em virtude do per\u00edodo de estiagem. \u00c9 comum, neste per\u00edodo, a vegeta\u00e7\u00e3o em geral ficar mais seca, aumentando a probabilidade de inc\u00eandios nestas \u00e1reas, colocando em risco vidas, bem como as resid\u00eancias e fia\u00e7\u00f5es que estiverem no entorno. Segundo a Lei Municipal n\u00ba 016\/2016, s\u00e3o infra\u00e7\u00f5es administrativas pass\u00edveis de pena&hellip;\" \/>\n<meta property=\"og:url\" content=\"https:\/\/blogdofarnesio.com.br\/?p=349401\" \/>\n<meta property=\"og:site_name\" content=\"Blog do Farn\u00e9sio\" \/>\n<meta property=\"article:publisher\" content=\"https:\/\/www.facebook.com\/BlogQuerSaberPolitica\/\" \/>\n<meta property=\"article:author\" content=\"https:\/\/www.facebook.com\/?ref=tn_tnmn\" \/>\n<meta property=\"article:published_time\" content=\"2023-09-04T17:42:23+00:00\" \/>\n<meta property=\"og:image\" content=\"https:\/\/blogdofarnesio.com.br\/wp-content\/uploads\/2023\/09\/Prefeitura-de-Juazeiro-orienta-sobre-os-riscos-de-promover-queimadas-em-terrenos-baldios-e1693652828771.jpg\" \/>\n\t<meta property=\"og:image:width\" content=\"580\" \/>\n\t<meta property=\"og:image:height\" content=\"452\" \/>\n\t<meta property=\"og:image:type\" content=\"image\/jpeg\" \/>\n<meta name=\"author\" content=\"Farn\u00e9sio\" \/>\n<meta name=\"twitter:card\" content=\"summary_large_image\" \/>\n<meta name=\"twitter:label1\" content=\"Escrito por\" \/>\n\t<meta name=\"twitter:data1\" content=\"Farn\u00e9sio\" \/>\n\t<meta name=\"twitter:label2\" content=\"Est. tempo de leitura\" \/>\n\t<meta name=\"twitter:data2\" content=\"3 minutos\" \/>\n<script type=\"application\/ld+json\" class=\"yoast-schema-graph\">{\"@context\":\"https:\\\/\\\/schema.org\",\"@graph\":[{\"@type\":\"Article\",\"@id\":\"https:\\\/\\\/blogdofarnesio.com.br\\\/?p=349401#article\",\"isPartOf\":{\"@id\":\"https:\\\/\\\/blogdofarnesio.com.br\\\/?p=349401\"},\"author\":{\"name\":\"Farn\u00e9sio\",\"@id\":\"https:\\\/\\\/blogdofarnesio.com.br\\\/#\\\/schema\\\/person\\\/bb9b23ae3ad0609ce8df7b6c9e76824d\"},\"headline\":\"Prefeitura orienta sobre os riscos de promover queimadas em terrenos baldios de Juazeiro\",\"datePublished\":\"2023-09-04T17:42:23+00:00\",\"mainEntityOfPage\":{\"@id\":\"https:\\\/\\\/blogdofarnesio.com.br\\\/?p=349401\"},\"wordCount\":534,\"commentCount\":0,\"publisher\":{\"@id\":\"https:\\\/\\\/blogdofarnesio.com.br\\\/#organization\"},\"image\":{\"@id\":\"https:\\\/\\\/blogdofarnesio.com.br\\\/?p=349401#primaryimage\"},\"thumbnailUrl\":\"https:\\\/\\\/blogdofarnesio.com.br\\\/wp-content\\\/uploads\\\/2023\\\/09\\\/Prefeitura-de-Juazeiro-orienta-sobre-os-riscos-de-promover-queimadas-em-terrenos-baldios-e1693652828771.jpg\",\"articleSection\":[\"Meio Ambiente\"],\"inLanguage\":\"pt-BR\",\"potentialAction\":[{\"@type\":\"CommentAction\",\"name\":\"Comment\",\"target\":[\"https:\\\/\\\/blogdofarnesio.com.br\\\/?p=349401#respond\"]}]},{\"@type\":\"WebPage\",\"@id\":\"https:\\\/\\\/blogdofarnesio.com.br\\\/?p=349401\",\"url\":\"https:\\\/\\\/blogdofarnesio.com.br\\\/?p=349401\",\"name\":\"Prefeitura orienta sobre os riscos de promover queimadas em terrenos baldios de Juazeiro - Blog do Farn\u00e9sio\",\"isPartOf\":{\"@id\":\"https:\\\/\\\/blogdofarnesio.com.br\\\/#website\"},\"primaryImageOfPage\":{\"@id\":\"https:\\\/\\\/blogdofarnesio.com.br\\\/?p=349401#primaryimage\"},\"image\":{\"@id\":\"https:\\\/\\\/blogdofarnesio.com.br\\\/?p=349401#primaryimage\"},\"thumbnailUrl\":\"https:\\\/\\\/blogdofarnesio.com.br\\\/wp-content\\\/uploads\\\/2023\\\/09\\\/Prefeitura-de-Juazeiro-orienta-sobre-os-riscos-de-promover-queimadas-em-terrenos-baldios-e1693652828771.jpg\",\"datePublished\":\"2023-09-04T17:42:23+00:00\",\"breadcrumb\":{\"@id\":\"https:\\\/\\\/blogdofarnesio.com.br\\\/?p=349401#breadcrumb\"},\"inLanguage\":\"pt-BR\",\"potentialAction\":[{\"@type\":\"ReadAction\",\"target\":[\"https:\\\/\\\/blogdofarnesio.com.br\\\/?p=349401\"]}]},{\"@type\":\"ImageObject\",\"inLanguage\":\"pt-BR\",\"@id\":\"https:\\\/\\\/blogdofarnesio.com.br\\\/?p=349401#primaryimage\",\"url\":\"https:\\\/\\\/blogdofarnesio.com.br\\\/wp-content\\\/uploads\\\/2023\\\/09\\\/Prefeitura-de-Juazeiro-orienta-sobre-os-riscos-de-promover-queimadas-em-terrenos-baldios-e1693652828771.jpg\",\"contentUrl\":\"https:\\\/\\\/blogdofarnesio.com.br\\\/wp-content\\\/uploads\\\/2023\\\/09\\\/Prefeitura-de-Juazeiro-orienta-sobre-os-riscos-de-promover-queimadas-em-terrenos-baldios-e1693652828771.jpg\",\"width\":580,\"height\":452},{\"@type\":\"BreadcrumbList\",\"@id\":\"https:\\\/\\\/blogdofarnesio.com.br\\\/?p=349401#breadcrumb\",\"itemListElement\":[{\"@type\":\"ListItem\",\"position\":1,\"name\":\"In\u00edcio\",\"item\":\"https:\\\/\\\/blogdofarnesio.com.br\\\/\"},{\"@type\":\"ListItem\",\"position\":2,\"name\":\"Prefeitura orienta sobre os riscos de promover queimadas em terrenos baldios de Juazeiro\"}]},{\"@type\":\"WebSite\",\"@id\":\"https:\\\/\\\/blogdofarnesio.com.br\\\/#website\",\"url\":\"https:\\\/\\\/blogdofarnesio.com.br\\\/\",\"name\":\"Blog do Farn\u00e9sio\",\"description\":\"Quer Saber Pol\u00edtica?\",\"publisher\":{\"@id\":\"https:\\\/\\\/blogdofarnesio.com.br\\\/#organization\"},\"potentialAction\":[{\"@type\":\"SearchAction\",\"target\":{\"@type\":\"EntryPoint\",\"urlTemplate\":\"https:\\\/\\\/blogdofarnesio.com.br\\\/?s={search_term_string}\"},\"query-input\":{\"@type\":\"PropertyValueSpecification\",\"valueRequired\":true,\"valueName\":\"search_term_string\"}}],\"inLanguage\":\"pt-BR\"},{\"@type\":\"Organization\",\"@id\":\"https:\\\/\\\/blogdofarnesio.com.br\\\/#organization\",\"name\":\"Blog do Farn\u00e9sio\",\"url\":\"https:\\\/\\\/blogdofarnesio.com.br\\\/\",\"logo\":{\"@type\":\"ImageObject\",\"inLanguage\":\"pt-BR\",\"@id\":\"https:\\\/\\\/blogdofarnesio.com.br\\\/#\\\/schema\\\/logo\\\/image\\\/\",\"url\":\"https:\\\/\\\/blogdofarnesio.com.br\\\/wp-content\\\/uploads\\\/2026\\\/03\\\/cropped-logo_new-1.png\",\"contentUrl\":\"https:\\\/\\\/blogdofarnesio.com.br\\\/wp-content\\\/uploads\\\/2026\\\/03\\\/cropped-logo_new-1.png\",\"width\":881,\"height\":685,\"caption\":\"Blog do Farn\u00e9sio\"},\"image\":{\"@id\":\"https:\\\/\\\/blogdofarnesio.com.br\\\/#\\\/schema\\\/logo\\\/image\\\/\"},\"sameAs\":[\"https:\\\/\\\/www.facebook.com\\\/BlogQuerSaberPolitica\\\/\"]},{\"@type\":\"Person\",\"@id\":\"https:\\\/\\\/blogdofarnesio.com.br\\\/#\\\/schema\\\/person\\\/bb9b23ae3ad0609ce8df7b6c9e76824d\",\"name\":\"Farn\u00e9sio\",\"image\":{\"@type\":\"ImageObject\",\"inLanguage\":\"pt-BR\",\"@id\":\"https:\\\/\\\/secure.gravatar.com\\\/avatar\\\/986aa4c61ccdb66f8555bf88fc2a65609d00bcabd4d2d94377a727547345cbca?s=96&d=mm&r=g\",\"url\":\"https:\\\/\\\/secure.gravatar.com\\\/avatar\\\/986aa4c61ccdb66f8555bf88fc2a65609d00bcabd4d2d94377a727547345cbca?s=96&d=mm&r=g\",\"contentUrl\":\"https:\\\/\\\/secure.gravatar.com\\\/avatar\\\/986aa4c61ccdb66f8555bf88fc2a65609d00bcabd4d2d94377a727547345cbca?s=96&d=mm&r=g\",\"caption\":\"Farn\u00e9sio\"},\"description\":\"Radialista blogueiro, chegou a Petrolina\\\/Juazeiro em setembro de 1980, Farn\u00e9sio Silva \u00e9 de Arapiraca-Alagoas.\",\"sameAs\":[\"http:\\\/\\\/blogdofarnesio.com.br\",\"https:\\\/\\\/www.facebook.com\\\/?ref=tn_tnmn\",\"https:\\\/\\\/www.instagram.com\\\/?utm_source=pwa_homescreen\",\"https:\\\/\\\/youtube.com.br\\\/\"],\"url\":\"https:\\\/\\\/blogdofarnesio.com.br\\\/?author=2\"}]}<\/script>\n<!-- \/ Yoast SEO plugin. -->","yoast_head_json":{"title":"Prefeitura orienta sobre os riscos de promover queimadas em terrenos baldios de Juazeiro - Blog do Farn\u00e9sio","robots":{"index":"index","follow":"follow","max-snippet":"max-snippet:-1","max-image-preview":"max-image-preview:large","max-video-preview":"max-video-preview:-1"},"canonical":"https:\/\/blogdofarnesio.com.br\/?p=349401","og_locale":"pt_BR","og_type":"article","og_title":"Prefeitura orienta sobre os riscos de promover queimadas em terrenos baldios de Juazeiro - Blog do Farn\u00e9sio","og_description":"A utiliza\u00e7\u00e3o de fogo para a limpeza de terrenos e a queima de lixo, infelizmente, s\u00e3o pr\u00e1ticas ainda comuns em Juazeiro. Essa a\u00e7\u00e3o coloca em risco as vidas dos seres humanos e animais, al\u00e9m de causar danos \u00e0 sa\u00fade, preju\u00edzos ao patrim\u00f4nio e ao meio ambiente. A Prefeitura de Juazeiro, por meio da Secretaria de Meio Ambiente e Ordenamento Urbano (Semaurb), orienta a popula\u00e7\u00e3o a evitar as queimadas na cidade, em virtude do per\u00edodo de estiagem. \u00c9 comum, neste per\u00edodo, a vegeta\u00e7\u00e3o em geral ficar mais seca, aumentando a probabilidade de inc\u00eandios nestas \u00e1reas, colocando em risco vidas, bem como as resid\u00eancias e fia\u00e7\u00f5es que estiverem no entorno. Segundo a Lei Municipal n\u00ba 016\/2016, s\u00e3o infra\u00e7\u00f5es administrativas pass\u00edveis de pena&hellip;","og_url":"https:\/\/blogdofarnesio.com.br\/?p=349401","og_site_name":"Blog do Farn\u00e9sio","article_publisher":"https:\/\/www.facebook.com\/BlogQuerSaberPolitica\/","article_author":"https:\/\/www.facebook.com\/?ref=tn_tnmn","article_published_time":"2023-09-04T17:42:23+00:00","og_image":[{"width":580,"height":452,"url":"https:\/\/blogdofarnesio.com.br\/wp-content\/uploads\/2023\/09\/Prefeitura-de-Juazeiro-orienta-sobre-os-riscos-de-promover-queimadas-em-terrenos-baldios-e1693652828771.jpg","type":"image\/jpeg"}],"author":"Farn\u00e9sio","twitter_card":"summary_large_image","twitter_misc":{"Escrito por":"Farn\u00e9sio","Est. tempo de leitura":"3 minutos"},"schema":{"@context":"https:\/\/schema.org","@graph":[{"@type":"Article","@id":"https:\/\/blogdofarnesio.com.br\/?p=349401#article","isPartOf":{"@id":"https:\/\/blogdofarnesio.com.br\/?p=349401"},"author":{"name":"Farn\u00e9sio","@id":"https:\/\/blogdofarnesio.com.br\/#\/schema\/person\/bb9b23ae3ad0609ce8df7b6c9e76824d"},"headline":"Prefeitura orienta sobre os riscos de promover queimadas em terrenos baldios de Juazeiro","datePublished":"2023-09-04T17:42:23+00:00","mainEntityOfPage":{"@id":"https:\/\/blogdofarnesio.com.br\/?p=349401"},"wordCount":534,"commentCount":0,"publisher":{"@id":"https:\/\/blogdofarnesio.com.br\/#organization"},"image":{"@id":"https:\/\/blogdofarnesio.com.br\/?p=349401#primaryimage"},"thumbnailUrl":"https:\/\/blogdofarnesio.com.br\/wp-content\/uploads\/2023\/09\/Prefeitura-de-Juazeiro-orienta-sobre-os-riscos-de-promover-queimadas-em-terrenos-baldios-e1693652828771.jpg","articleSection":["Meio Ambiente"],"inLanguage":"pt-BR","potentialAction":[{"@type":"CommentAction","name":"Comment","target":["https:\/\/blogdofarnesio.com.br\/?p=349401#respond"]}]},{"@type":"WebPage","@id":"https:\/\/blogdofarnesio.com.br\/?p=349401","url":"https:\/\/blogdofarnesio.com.br\/?p=349401","name":"Prefeitura orienta sobre os riscos de promover queimadas em terrenos baldios de Juazeiro - Blog do Farn\u00e9sio","isPartOf":{"@id":"https:\/\/blogdofarnesio.com.br\/#website"},"primaryImageOfPage":{"@id":"https:\/\/blogdofarnesio.com.br\/?p=349401#primaryimage"},"image":{"@id":"https:\/\/blogdofarnesio.com.br\/?p=349401#primaryimage"},"thumbnailUrl":"https:\/\/blogdofarnesio.com.br\/wp-content\/uploads\/2023\/09\/Prefeitura-de-Juazeiro-orienta-sobre-os-riscos-de-promover-queimadas-em-terrenos-baldios-e1693652828771.jpg","datePublished":"2023-09-04T17:42:23+00:00","breadcrumb":{"@id":"https:\/\/blogdofarnesio.com.br\/?p=349401#breadcrumb"},"inLanguage":"pt-BR","potentialAction":[{"@type":"ReadAction","target":["https:\/\/blogdofarnesio.com.br\/?p=349401"]}]},{"@type":"ImageObject","inLanguage":"pt-BR","@id":"https:\/\/blogdofarnesio.com.br\/?p=349401#primaryimage","url":"https:\/\/blogdofarnesio.com.br\/wp-content\/uploads\/2023\/09\/Prefeitura-de-Juazeiro-orienta-sobre-os-riscos-de-promover-queimadas-em-terrenos-baldios-e1693652828771.jpg","contentUrl":"https:\/\/blogdofarnesio.com.br\/wp-content\/uploads\/2023\/09\/Prefeitura-de-Juazeiro-orienta-sobre-os-riscos-de-promover-queimadas-em-terrenos-baldios-e1693652828771.jpg","width":580,"height":452},{"@type":"BreadcrumbList","@id":"https:\/\/blogdofarnesio.com.br\/?p=349401#breadcrumb","itemListElement":[{"@type":"ListItem","position":1,"name":"In\u00edcio","item":"https:\/\/blogdofarnesio.com.br\/"},{"@type":"ListItem","position":2,"name":"Prefeitura orienta sobre os riscos de promover queimadas em terrenos baldios de Juazeiro"}]},{"@type":"WebSite","@id":"https:\/\/blogdofarnesio.com.br\/#website","url":"https:\/\/blogdofarnesio.com.br\/","name":"Blog do Farn\u00e9sio","description":"Quer Saber Pol\u00edtica?","publisher":{"@id":"https:\/\/blogdofarnesio.com.br\/#organization"},"potentialAction":[{"@type":"SearchAction","target":{"@type":"EntryPoint","urlTemplate":"https:\/\/blogdofarnesio.com.br\/?s={search_term_string}"},"query-input":{"@type":"PropertyValueSpecification","valueRequired":true,"valueName":"search_term_string"}}],"inLanguage":"pt-BR"},{"@type":"Organization","@id":"https:\/\/blogdofarnesio.com.br\/#organization","name":"Blog do Farn\u00e9sio","url":"https:\/\/blogdofarnesio.com.br\/","logo":{"@type":"ImageObject","inLanguage":"pt-BR","@id":"https:\/\/blogdofarnesio.com.br\/#\/schema\/logo\/image\/","url":"https:\/\/blogdofarnesio.com.br\/wp-content\/uploads\/2026\/03\/cropped-logo_new-1.png","contentUrl":"https:\/\/blogdofarnesio.com.br\/wp-content\/uploads\/2026\/03\/cropped-logo_new-1.png","width":881,"height":685,"caption":"Blog do Farn\u00e9sio"},"image":{"@id":"https:\/\/blogdofarnesio.com.br\/#\/schema\/logo\/image\/"},"sameAs":["https:\/\/www.facebook.com\/BlogQuerSaberPolitica\/"]},{"@type":"Person","@id":"https:\/\/blogdofarnesio.com.br\/#\/schema\/person\/bb9b23ae3ad0609ce8df7b6c9e76824d","name":"Farn\u00e9sio","image":{"@type":"ImageObject","inLanguage":"pt-BR","@id":"https:\/\/secure.gravatar.com\/avatar\/986aa4c61ccdb66f8555bf88fc2a65609d00bcabd4d2d94377a727547345cbca?s=96&d=mm&r=g","url":"https:\/\/secure.gravatar.com\/avatar\/986aa4c61ccdb66f8555bf88fc2a65609d00bcabd4d2d94377a727547345cbca?s=96&d=mm&r=g","contentUrl":"https:\/\/secure.gravatar.com\/avatar\/986aa4c61ccdb66f8555bf88fc2a65609d00bcabd4d2d94377a727547345cbca?s=96&d=mm&r=g","caption":"Farn\u00e9sio"},"description":"Radialista blogueiro, chegou a Petrolina\/Juazeiro em setembro de 1980, Farn\u00e9sio Silva \u00e9 de Arapiraca-Alagoas.","sameAs":["http:\/\/blogdofarnesio.com.br","https:\/\/www.facebook.com\/?ref=tn_tnmn","https:\/\/www.instagram.com\/?utm_source=pwa_homescreen","https:\/\/youtube.com.br\/"],"url":"https:\/\/blogdofarnesio.com.br\/?author=2"}]}},"_links":{"self":[{"href":"https:\/\/blogdofarnesio.com.br\/index.php?rest_route=\/wp\/v2\/posts\/349401","targetHints":{"allow":["GET"]}}],"collection":[{"href":"https:\/\/blogdofarnesio.com.br\/index.php?rest_route=\/wp\/v2\/posts"}],"about":[{"href":"https:\/\/blogdofarnesio.com.br\/index.php?rest_route=\/wp\/v2\/types\/post"}],"author":[{"embeddable":true,"href":"https:\/\/blogdofarnesio.com.br\/index.php?rest_route=\/wp\/v2\/users\/2"}],"replies":[{"embeddable":true,"href":"https:\/\/blogdofarnesio.com.br\/index.php?rest_route=%2Fwp%2Fv2%2Fcomments&post=349401"}],"version-history":[{"count":0,"href":"https:\/\/blogdofarnesio.com.br\/index.php?rest_route=\/wp\/v2\/posts\/349401\/revisions"}],"wp:featuredmedia":[{"embeddable":true,"href":"https:\/\/blogdofarnesio.com.br\/index.php?rest_route=\/wp\/v2\/media\/349404"}],"wp:attachment":[{"href":"https:\/\/blogdofarnesio.com.br\/index.php?rest_route=%2Fwp%2Fv2%2Fmedia&parent=349401"}],"wp:term":[{"taxonomy":"category","embeddable":true,"href":"https:\/\/blogdofarnesio.com.br\/index.php?rest_route=%2Fwp%2Fv2%2Fcategories&post=349401"},{"taxonomy":"post_tag","embeddable":true,"href":"https:\/\/blogdofarnesio.com.br\/index.php?rest_route=%2Fwp%2Fv2%2Ftags&post=349401"}],"curies":[{"name":"wp","href":"https:\/\/api.w.org\/{rel}","templated":true}]}}