{"id":349345,"date":"2023-09-04T09:01:27","date_gmt":"2023-09-04T12:01:27","guid":{"rendered":"https:\/\/blogdofarnesio.com.br\/?p=349345"},"modified":"2023-09-03T09:10:47","modified_gmt":"2023-09-03T12:10:47","slug":"quem-quer-ser-prefeitoa-de-juazeiro","status":"publish","type":"post","link":"https:\/\/blogdofarnesio.com.br\/2023\/09\/quem-quer-ser-prefeitoa-de-juazeiro\/","title":{"rendered":"Quem quer ser prefeito(a) de Juazeiro!?"},"content":{"rendered":"<div class=\"user-query-container ng-tns-c4067315439-59 ng-star-inserted\"><\/div>\n<div class=\"ng-tns-c1889218098-60\">\n<div class=\"response-container ng-tns-c1951523514-61 response-container-has-multiple-responses\">\n<div class=\"multi-response-container ng-tns-c1951523514-61 ng-trigger ng-trigger-responsePreviewsEnter\">\n<div id=\"cdk-accordion-child-3\" class=\"mat-expansion-panel-content ng-tns-c920155544-62 ng-trigger ng-trigger-bodyExpansion\" role=\"region\" aria-labelledby=\"mat-expansion-panel-header-3\">\n<div class=\"mat-expansion-panel-body ng-tns-c920155544-62\">\n<div class=\"model-response-preview-container ng-tns-c920155544-62\">\n<div class=\"markdown markdown-main-panel\" dir=\"ltr\">As elei\u00e7\u00f5es para prefeito de Juazeiro da Bahia em 2024 ainda est\u00e3o em aberto, pois as conven\u00e7\u00f5es partid\u00e1rias ocorrer\u00e3o apenas no primeiro semestre do ano que vem. No entanto, alguns nomes j\u00e1 come\u00e7am a se destacar como pr\u00e9-candidatos.<\/div>\n<\/div>\n<\/div>\n<\/div>\n<\/div>\n<div class=\"presented-response-container ng-tns-c1951523514-61\">\n<div class=\"response-container-content ng-tns-c1951523514-61\">\n<div class=\"response-content ng-trigger ng-trigger-responsePopulation ng-tns-c1951523514-61 ng-animate-disabled\">\n<div class=\"markdown markdown-main-panel\" dir=\"ltr\">\n<p data-sourcepos=\"3:1-3:197\">A atual prefeita, Suzana Ramos (PSDB), ainda n\u00e3o anunciou se disputar\u00e1 a reelei\u00e7\u00e3o. No entanto, ela \u00e9 considerada candidata natural a reelei\u00e7\u00e3o, apresentando bom desempenho nas pesquisas de opini\u00e3o p\u00fablica.<\/p>\n<p data-sourcepos=\"5:1-5:205\">Outro nome\u00a0 pr\u00e9 candidato \u00e0 prefeitura \u00e9 o ex-prefeito Isaac Carvalho (PT), considerado uma boa experi\u00eancia pol\u00edtica e popular pelo Partido dos Trabalhadores.<\/p>\n<p data-sourcepos=\"5:1-5:205\">O ex-prefeito Isaac Carvalho, do PT, \u00e9 um dos principais pr\u00e9 candidatos. Ele foi prefeito de Juazeiro por dois mandatos, de 2012 e 2016. Carvalho \u00e9 considerado uma experi\u00eancia pol\u00edtica e carism\u00e1tica, e tem um forte apoio da base eleitoral petista.<\/p>\n<p data-sourcepos=\"7:1-7:95\">Al\u00e9m de Ramos e Carvalho, outros nomes que podem disputar a prefeitura de Juazeiro em 2024 s\u00e3o:<\/p>\n<p>Deputado estadual Z\u00f3<\/p>\n<p>Advogado Tom Z\u00e9<\/p>\n<p>Joseph Bandeira<\/p>\n<p>Deputado Roberto Carlos<\/p>\n<p>Advogado Wank Medrado<\/p>\n<p>Allan Jones<\/p>\n<p>Cor Anselmo Bispo<\/p>\n<p>Joseph Bandeira<\/p>\n<p>Roberto Carlos<\/p>\n<p>Andrei da Caixa<\/p>\n<p>&nbsp;<\/p>\n<p data-sourcepos=\"15:1-15:111\">Essa lista ainda pode ser alterada at\u00e9 as conven\u00e7\u00f5es partid\u00e1rias, pois outros nomes podem se lan\u00e7ar na disputa e alguns podem desistir.<\/p>\n<\/div>\n<\/div>\n<\/div>\n<\/div>\n<\/div>\n<\/div>\n","protected":false},"excerpt":{"rendered":"<p>As elei\u00e7\u00f5es para prefeito de Juazeiro da Bahia em 2024 ainda est\u00e3o em aberto, pois as conven\u00e7\u00f5es partid\u00e1rias ocorrer\u00e3o apenas no primeiro semestre do ano que vem. No entanto, alguns nomes j\u00e1 come\u00e7am a se destacar como pr\u00e9-candidatos. A atual prefeita, Suzana Ramos (PSDB), ainda n\u00e3o anunciou se disputar\u00e1 a reelei\u00e7\u00e3o. No entanto, ela \u00e9 considerada candidata natural a reelei\u00e7\u00e3o, apresentando bom desempenho nas pesquisas de opini\u00e3o p\u00fablica. Outro nome\u00a0 pr\u00e9 candidato \u00e0 prefeitura \u00e9 o ex-prefeito Isaac Carvalho (PT), considerado uma boa experi\u00eancia pol\u00edtica e popular pelo Partido dos Trabalhadores. O ex-prefeito Isaac Carvalho, do PT, \u00e9 um dos principais pr\u00e9 candidatos. Ele foi prefeito de Juazeiro por dois mandatos, de 2012 e 2016. Carvalho \u00e9 considerado uma experi\u00eancia&hellip; <\/p>\n","protected":false},"author":2,"featured_media":254669,"comment_status":"open","ping_status":"open","sticky":false,"template":"","format":"standard","meta":{"_acf_changed":false,"footnotes":""},"categories":[34],"tags":[],"class_list":["post-349345","post","type-post","status-publish","format-standard","has-post-thumbnail","hentry","category-eleicoes"],"acf":[],"yoast_head":"<!-- This site is optimized with the Yoast SEO plugin v27.5 - https:\/\/yoast.com\/product\/yoast-seo-wordpress\/ -->\n<title>Quem quer ser prefeito(a) de Juazeiro!? - Blog do Farn\u00e9sio<\/title>\n<meta name=\"robots\" content=\"index, follow, max-snippet:-1, max-image-preview:large, max-video-preview:-1\" \/>\n<link rel=\"canonical\" href=\"https:\/\/blogdofarnesio.com.br\/2023\/09\/quem-quer-ser-prefeitoa-de-juazeiro\/\" \/>\n<meta property=\"og:locale\" content=\"pt_BR\" \/>\n<meta property=\"og:type\" content=\"article\" \/>\n<meta property=\"og:title\" content=\"Quem quer ser prefeito(a) de Juazeiro!? - Blog do Farn\u00e9sio\" \/>\n<meta property=\"og:description\" content=\"As elei\u00e7\u00f5es para prefeito de Juazeiro da Bahia em 2024 ainda est\u00e3o em aberto, pois as conven\u00e7\u00f5es partid\u00e1rias ocorrer\u00e3o apenas no primeiro semestre do ano que vem. No entanto, alguns nomes j\u00e1 come\u00e7am a se destacar como pr\u00e9-candidatos. A atual prefeita, Suzana Ramos (PSDB), ainda n\u00e3o anunciou se disputar\u00e1 a reelei\u00e7\u00e3o. No entanto, ela \u00e9 considerada candidata natural a reelei\u00e7\u00e3o, apresentando bom desempenho nas pesquisas de opini\u00e3o p\u00fablica. Outro nome\u00a0 pr\u00e9 candidato \u00e0 prefeitura \u00e9 o ex-prefeito Isaac Carvalho (PT), considerado uma boa experi\u00eancia pol\u00edtica e popular pelo Partido dos Trabalhadores. O ex-prefeito Isaac Carvalho, do PT, \u00e9 um dos principais pr\u00e9 candidatos. Ele foi prefeito de Juazeiro por dois mandatos, de 2012 e 2016. Carvalho \u00e9 considerado uma experi\u00eancia&hellip;\" \/>\n<meta property=\"og:url\" content=\"https:\/\/blogdofarnesio.com.br\/2023\/09\/quem-quer-ser-prefeitoa-de-juazeiro\/\" \/>\n<meta property=\"og:site_name\" content=\"Blog do Farn\u00e9sio\" \/>\n<meta property=\"article:publisher\" content=\"https:\/\/www.facebook.com\/BlogQuerSaberPolitica\/\" \/>\n<meta property=\"article:author\" content=\"https:\/\/www.facebook.com\/?ref=tn_tnmn\" \/>\n<meta property=\"article:published_time\" content=\"2023-09-04T12:01:27+00:00\" \/>\n<meta property=\"og:image\" content=\"https:\/\/blogdofarnesio.com.br\/wp-content\/uploads\/2020\/04\/blogqspelei\u00e7\u00f5es-prefeito-2.jpg\" \/>\n\t<meta property=\"og:image:width\" content=\"382\" \/>\n\t<meta property=\"og:image:height\" content=\"277\" \/>\n\t<meta property=\"og:image:type\" content=\"image\/jpeg\" \/>\n<meta name=\"author\" content=\"Farn\u00e9sio\" \/>\n<meta name=\"twitter:card\" content=\"summary_large_image\" \/>\n<meta name=\"twitter:label1\" content=\"Escrito por\" \/>\n\t<meta name=\"twitter:data1\" content=\"Farn\u00e9sio\" \/>\n\t<meta name=\"twitter:label2\" content=\"Est. tempo de leitura\" \/>\n\t<meta name=\"twitter:data2\" content=\"2 minutos\" \/>\n<script type=\"application\/ld+json\" class=\"yoast-schema-graph\">{\"@context\":\"https:\\\/\\\/schema.org\",\"@graph\":[{\"@type\":\"Article\",\"@id\":\"https:\\\/\\\/blogdofarnesio.com.br\\\/2023\\\/09\\\/quem-quer-ser-prefeitoa-de-juazeiro\\\/#article\",\"isPartOf\":{\"@id\":\"https:\\\/\\\/blogdofarnesio.com.br\\\/2023\\\/09\\\/quem-quer-ser-prefeitoa-de-juazeiro\\\/\"},\"author\":{\"name\":\"Farn\u00e9sio\",\"@id\":\"https:\\\/\\\/blogdofarnesio.com.br\\\/#\\\/schema\\\/person\\\/bb9b23ae3ad0609ce8df7b6c9e76824d\"},\"headline\":\"Quem quer ser prefeito(a) de Juazeiro!?\",\"datePublished\":\"2023-09-04T12:01:27+00:00\",\"mainEntityOfPage\":{\"@id\":\"https:\\\/\\\/blogdofarnesio.com.br\\\/2023\\\/09\\\/quem-quer-ser-prefeitoa-de-juazeiro\\\/\"},\"wordCount\":218,\"commentCount\":0,\"publisher\":{\"@id\":\"https:\\\/\\\/blogdofarnesio.com.br\\\/#organization\"},\"image\":{\"@id\":\"https:\\\/\\\/blogdofarnesio.com.br\\\/2023\\\/09\\\/quem-quer-ser-prefeitoa-de-juazeiro\\\/#primaryimage\"},\"thumbnailUrl\":\"https:\\\/\\\/blogdofarnesio.com.br\\\/wp-content\\\/uploads\\\/2020\\\/04\\\/blogqspelei\u00e7\u00f5es-prefeito-2.jpg\",\"articleSection\":[\"Elei\u00e7\u00f5es\"],\"inLanguage\":\"pt-BR\",\"potentialAction\":[{\"@type\":\"CommentAction\",\"name\":\"Comment\",\"target\":[\"https:\\\/\\\/blogdofarnesio.com.br\\\/2023\\\/09\\\/quem-quer-ser-prefeitoa-de-juazeiro\\\/#respond\"]}]},{\"@type\":\"WebPage\",\"@id\":\"https:\\\/\\\/blogdofarnesio.com.br\\\/2023\\\/09\\\/quem-quer-ser-prefeitoa-de-juazeiro\\\/\",\"url\":\"https:\\\/\\\/blogdofarnesio.com.br\\\/2023\\\/09\\\/quem-quer-ser-prefeitoa-de-juazeiro\\\/\",\"name\":\"Quem quer ser prefeito(a) de Juazeiro!? - Blog do Farn\u00e9sio\",\"isPartOf\":{\"@id\":\"https:\\\/\\\/blogdofarnesio.com.br\\\/#website\"},\"primaryImageOfPage\":{\"@id\":\"https:\\\/\\\/blogdofarnesio.com.br\\\/2023\\\/09\\\/quem-quer-ser-prefeitoa-de-juazeiro\\\/#primaryimage\"},\"image\":{\"@id\":\"https:\\\/\\\/blogdofarnesio.com.br\\\/2023\\\/09\\\/quem-quer-ser-prefeitoa-de-juazeiro\\\/#primaryimage\"},\"thumbnailUrl\":\"https:\\\/\\\/blogdofarnesio.com.br\\\/wp-content\\\/uploads\\\/2020\\\/04\\\/blogqspelei\u00e7\u00f5es-prefeito-2.jpg\",\"datePublished\":\"2023-09-04T12:01:27+00:00\",\"breadcrumb\":{\"@id\":\"https:\\\/\\\/blogdofarnesio.com.br\\\/2023\\\/09\\\/quem-quer-ser-prefeitoa-de-juazeiro\\\/#breadcrumb\"},\"inLanguage\":\"pt-BR\",\"potentialAction\":[{\"@type\":\"ReadAction\",\"target\":[\"https:\\\/\\\/blogdofarnesio.com.br\\\/2023\\\/09\\\/quem-quer-ser-prefeitoa-de-juazeiro\\\/\"]}]},{\"@type\":\"ImageObject\",\"inLanguage\":\"pt-BR\",\"@id\":\"https:\\\/\\\/blogdofarnesio.com.br\\\/2023\\\/09\\\/quem-quer-ser-prefeitoa-de-juazeiro\\\/#primaryimage\",\"url\":\"https:\\\/\\\/blogdofarnesio.com.br\\\/wp-content\\\/uploads\\\/2020\\\/04\\\/blogqspelei\u00e7\u00f5es-prefeito-2.jpg\",\"contentUrl\":\"https:\\\/\\\/blogdofarnesio.com.br\\\/wp-content\\\/uploads\\\/2020\\\/04\\\/blogqspelei\u00e7\u00f5es-prefeito-2.jpg\",\"width\":382,\"height\":277,\"caption\":\"Charge-Quem quer ser candidato?\"},{\"@type\":\"BreadcrumbList\",\"@id\":\"https:\\\/\\\/blogdofarnesio.com.br\\\/2023\\\/09\\\/quem-quer-ser-prefeitoa-de-juazeiro\\\/#breadcrumb\",\"itemListElement\":[{\"@type\":\"ListItem\",\"position\":1,\"name\":\"In\u00edcio\",\"item\":\"https:\\\/\\\/blogdofarnesio.com.br\\\/\"},{\"@type\":\"ListItem\",\"position\":2,\"name\":\"Quem quer ser prefeito(a) de Juazeiro!?\"}]},{\"@type\":\"WebSite\",\"@id\":\"https:\\\/\\\/blogdofarnesio.com.br\\\/#website\",\"url\":\"https:\\\/\\\/blogdofarnesio.com.br\\\/\",\"name\":\"Blog do Farn\u00e9sio\",\"description\":\"Quer Saber Pol\u00edtica?\",\"publisher\":{\"@id\":\"https:\\\/\\\/blogdofarnesio.com.br\\\/#organization\"},\"potentialAction\":[{\"@type\":\"SearchAction\",\"target\":{\"@type\":\"EntryPoint\",\"urlTemplate\":\"https:\\\/\\\/blogdofarnesio.com.br\\\/?s={search_term_string}\"},\"query-input\":{\"@type\":\"PropertyValueSpecification\",\"valueRequired\":true,\"valueName\":\"search_term_string\"}}],\"inLanguage\":\"pt-BR\"},{\"@type\":\"Organization\",\"@id\":\"https:\\\/\\\/blogdofarnesio.com.br\\\/#organization\",\"name\":\"Blog do Farn\u00e9sio\",\"url\":\"https:\\\/\\\/blogdofarnesio.com.br\\\/\",\"logo\":{\"@type\":\"ImageObject\",\"inLanguage\":\"pt-BR\",\"@id\":\"https:\\\/\\\/blogdofarnesio.com.br\\\/#\\\/schema\\\/logo\\\/image\\\/\",\"url\":\"https:\\\/\\\/blogdofarnesio.com.br\\\/wp-content\\\/uploads\\\/2026\\\/03\\\/cropped-logo_new-1.png\",\"contentUrl\":\"https:\\\/\\\/blogdofarnesio.com.br\\\/wp-content\\\/uploads\\\/2026\\\/03\\\/cropped-logo_new-1.png\",\"width\":881,\"height\":685,\"caption\":\"Blog do Farn\u00e9sio\"},\"image\":{\"@id\":\"https:\\\/\\\/blogdofarnesio.com.br\\\/#\\\/schema\\\/logo\\\/image\\\/\"},\"sameAs\":[\"https:\\\/\\\/www.facebook.com\\\/BlogQuerSaberPolitica\\\/\"]},{\"@type\":\"Person\",\"@id\":\"https:\\\/\\\/blogdofarnesio.com.br\\\/#\\\/schema\\\/person\\\/bb9b23ae3ad0609ce8df7b6c9e76824d\",\"name\":\"Farn\u00e9sio\",\"image\":{\"@type\":\"ImageObject\",\"inLanguage\":\"pt-BR\",\"@id\":\"https:\\\/\\\/secure.gravatar.com\\\/avatar\\\/986aa4c61ccdb66f8555bf88fc2a65609d00bcabd4d2d94377a727547345cbca?s=96&d=mm&r=g\",\"url\":\"https:\\\/\\\/secure.gravatar.com\\\/avatar\\\/986aa4c61ccdb66f8555bf88fc2a65609d00bcabd4d2d94377a727547345cbca?s=96&d=mm&r=g\",\"contentUrl\":\"https:\\\/\\\/secure.gravatar.com\\\/avatar\\\/986aa4c61ccdb66f8555bf88fc2a65609d00bcabd4d2d94377a727547345cbca?s=96&d=mm&r=g\",\"caption\":\"Farn\u00e9sio\"},\"description\":\"Radialista blogueiro, chegou a Petrolina\\\/Juazeiro em setembro de 1980, Farn\u00e9sio Silva \u00e9 de Arapiraca-Alagoas.\",\"sameAs\":[\"http:\\\/\\\/blogdofarnesio.com.br\",\"https:\\\/\\\/www.facebook.com\\\/?ref=tn_tnmn\",\"https:\\\/\\\/www.instagram.com\\\/?utm_source=pwa_homescreen\",\"https:\\\/\\\/youtube.com.br\\\/\"],\"url\":\"https:\\\/\\\/blogdofarnesio.com.br\\\/author\\\/farnesio-2\\\/\"}]}<\/script>\n<!-- \/ Yoast SEO plugin. -->","yoast_head_json":{"title":"Quem quer ser prefeito(a) de Juazeiro!? - Blog do Farn\u00e9sio","robots":{"index":"index","follow":"follow","max-snippet":"max-snippet:-1","max-image-preview":"max-image-preview:large","max-video-preview":"max-video-preview:-1"},"canonical":"https:\/\/blogdofarnesio.com.br\/2023\/09\/quem-quer-ser-prefeitoa-de-juazeiro\/","og_locale":"pt_BR","og_type":"article","og_title":"Quem quer ser prefeito(a) de Juazeiro!? - Blog do Farn\u00e9sio","og_description":"As elei\u00e7\u00f5es para prefeito de Juazeiro da Bahia em 2024 ainda est\u00e3o em aberto, pois as conven\u00e7\u00f5es partid\u00e1rias ocorrer\u00e3o apenas no primeiro semestre do ano que vem. No entanto, alguns nomes j\u00e1 come\u00e7am a se destacar como pr\u00e9-candidatos. A atual prefeita, Suzana Ramos (PSDB), ainda n\u00e3o anunciou se disputar\u00e1 a reelei\u00e7\u00e3o. No entanto, ela \u00e9 considerada candidata natural a reelei\u00e7\u00e3o, apresentando bom desempenho nas pesquisas de opini\u00e3o p\u00fablica. Outro nome\u00a0 pr\u00e9 candidato \u00e0 prefeitura \u00e9 o ex-prefeito Isaac Carvalho (PT), considerado uma boa experi\u00eancia pol\u00edtica e popular pelo Partido dos Trabalhadores. O ex-prefeito Isaac Carvalho, do PT, \u00e9 um dos principais pr\u00e9 candidatos. Ele foi prefeito de Juazeiro por dois mandatos, de 2012 e 2016. Carvalho \u00e9 considerado uma experi\u00eancia&hellip;","og_url":"https:\/\/blogdofarnesio.com.br\/2023\/09\/quem-quer-ser-prefeitoa-de-juazeiro\/","og_site_name":"Blog do Farn\u00e9sio","article_publisher":"https:\/\/www.facebook.com\/BlogQuerSaberPolitica\/","article_author":"https:\/\/www.facebook.com\/?ref=tn_tnmn","article_published_time":"2023-09-04T12:01:27+00:00","og_image":[{"width":382,"height":277,"url":"https:\/\/blogdofarnesio.com.br\/wp-content\/uploads\/2020\/04\/blogqspelei\u00e7\u00f5es-prefeito-2.jpg","type":"image\/jpeg"}],"author":"Farn\u00e9sio","twitter_card":"summary_large_image","twitter_misc":{"Escrito por":"Farn\u00e9sio","Est. tempo de leitura":"2 minutos"},"schema":{"@context":"https:\/\/schema.org","@graph":[{"@type":"Article","@id":"https:\/\/blogdofarnesio.com.br\/2023\/09\/quem-quer-ser-prefeitoa-de-juazeiro\/#article","isPartOf":{"@id":"https:\/\/blogdofarnesio.com.br\/2023\/09\/quem-quer-ser-prefeitoa-de-juazeiro\/"},"author":{"name":"Farn\u00e9sio","@id":"https:\/\/blogdofarnesio.com.br\/#\/schema\/person\/bb9b23ae3ad0609ce8df7b6c9e76824d"},"headline":"Quem quer ser prefeito(a) de Juazeiro!?","datePublished":"2023-09-04T12:01:27+00:00","mainEntityOfPage":{"@id":"https:\/\/blogdofarnesio.com.br\/2023\/09\/quem-quer-ser-prefeitoa-de-juazeiro\/"},"wordCount":218,"commentCount":0,"publisher":{"@id":"https:\/\/blogdofarnesio.com.br\/#organization"},"image":{"@id":"https:\/\/blogdofarnesio.com.br\/2023\/09\/quem-quer-ser-prefeitoa-de-juazeiro\/#primaryimage"},"thumbnailUrl":"https:\/\/blogdofarnesio.com.br\/wp-content\/uploads\/2020\/04\/blogqspelei\u00e7\u00f5es-prefeito-2.jpg","articleSection":["Elei\u00e7\u00f5es"],"inLanguage":"pt-BR","potentialAction":[{"@type":"CommentAction","name":"Comment","target":["https:\/\/blogdofarnesio.com.br\/2023\/09\/quem-quer-ser-prefeitoa-de-juazeiro\/#respond"]}]},{"@type":"WebPage","@id":"https:\/\/blogdofarnesio.com.br\/2023\/09\/quem-quer-ser-prefeitoa-de-juazeiro\/","url":"https:\/\/blogdofarnesio.com.br\/2023\/09\/quem-quer-ser-prefeitoa-de-juazeiro\/","name":"Quem quer ser prefeito(a) de Juazeiro!? - Blog do Farn\u00e9sio","isPartOf":{"@id":"https:\/\/blogdofarnesio.com.br\/#website"},"primaryImageOfPage":{"@id":"https:\/\/blogdofarnesio.com.br\/2023\/09\/quem-quer-ser-prefeitoa-de-juazeiro\/#primaryimage"},"image":{"@id":"https:\/\/blogdofarnesio.com.br\/2023\/09\/quem-quer-ser-prefeitoa-de-juazeiro\/#primaryimage"},"thumbnailUrl":"https:\/\/blogdofarnesio.com.br\/wp-content\/uploads\/2020\/04\/blogqspelei\u00e7\u00f5es-prefeito-2.jpg","datePublished":"2023-09-04T12:01:27+00:00","breadcrumb":{"@id":"https:\/\/blogdofarnesio.com.br\/2023\/09\/quem-quer-ser-prefeitoa-de-juazeiro\/#breadcrumb"},"inLanguage":"pt-BR","potentialAction":[{"@type":"ReadAction","target":["https:\/\/blogdofarnesio.com.br\/2023\/09\/quem-quer-ser-prefeitoa-de-juazeiro\/"]}]},{"@type":"ImageObject","inLanguage":"pt-BR","@id":"https:\/\/blogdofarnesio.com.br\/2023\/09\/quem-quer-ser-prefeitoa-de-juazeiro\/#primaryimage","url":"https:\/\/blogdofarnesio.com.br\/wp-content\/uploads\/2020\/04\/blogqspelei\u00e7\u00f5es-prefeito-2.jpg","contentUrl":"https:\/\/blogdofarnesio.com.br\/wp-content\/uploads\/2020\/04\/blogqspelei\u00e7\u00f5es-prefeito-2.jpg","width":382,"height":277,"caption":"Charge-Quem quer ser candidato?"},{"@type":"BreadcrumbList","@id":"https:\/\/blogdofarnesio.com.br\/2023\/09\/quem-quer-ser-prefeitoa-de-juazeiro\/#breadcrumb","itemListElement":[{"@type":"ListItem","position":1,"name":"In\u00edcio","item":"https:\/\/blogdofarnesio.com.br\/"},{"@type":"ListItem","position":2,"name":"Quem quer ser prefeito(a) de Juazeiro!?"}]},{"@type":"WebSite","@id":"https:\/\/blogdofarnesio.com.br\/#website","url":"https:\/\/blogdofarnesio.com.br\/","name":"Blog do Farn\u00e9sio","description":"Quer Saber Pol\u00edtica?","publisher":{"@id":"https:\/\/blogdofarnesio.com.br\/#organization"},"potentialAction":[{"@type":"SearchAction","target":{"@type":"EntryPoint","urlTemplate":"https:\/\/blogdofarnesio.com.br\/?s={search_term_string}"},"query-input":{"@type":"PropertyValueSpecification","valueRequired":true,"valueName":"search_term_string"}}],"inLanguage":"pt-BR"},{"@type":"Organization","@id":"https:\/\/blogdofarnesio.com.br\/#organization","name":"Blog do Farn\u00e9sio","url":"https:\/\/blogdofarnesio.com.br\/","logo":{"@type":"ImageObject","inLanguage":"pt-BR","@id":"https:\/\/blogdofarnesio.com.br\/#\/schema\/logo\/image\/","url":"https:\/\/blogdofarnesio.com.br\/wp-content\/uploads\/2026\/03\/cropped-logo_new-1.png","contentUrl":"https:\/\/blogdofarnesio.com.br\/wp-content\/uploads\/2026\/03\/cropped-logo_new-1.png","width":881,"height":685,"caption":"Blog do Farn\u00e9sio"},"image":{"@id":"https:\/\/blogdofarnesio.com.br\/#\/schema\/logo\/image\/"},"sameAs":["https:\/\/www.facebook.com\/BlogQuerSaberPolitica\/"]},{"@type":"Person","@id":"https:\/\/blogdofarnesio.com.br\/#\/schema\/person\/bb9b23ae3ad0609ce8df7b6c9e76824d","name":"Farn\u00e9sio","image":{"@type":"ImageObject","inLanguage":"pt-BR","@id":"https:\/\/secure.gravatar.com\/avatar\/986aa4c61ccdb66f8555bf88fc2a65609d00bcabd4d2d94377a727547345cbca?s=96&d=mm&r=g","url":"https:\/\/secure.gravatar.com\/avatar\/986aa4c61ccdb66f8555bf88fc2a65609d00bcabd4d2d94377a727547345cbca?s=96&d=mm&r=g","contentUrl":"https:\/\/secure.gravatar.com\/avatar\/986aa4c61ccdb66f8555bf88fc2a65609d00bcabd4d2d94377a727547345cbca?s=96&d=mm&r=g","caption":"Farn\u00e9sio"},"description":"Radialista blogueiro, chegou a Petrolina\/Juazeiro em setembro de 1980, Farn\u00e9sio Silva \u00e9 de Arapiraca-Alagoas.","sameAs":["http:\/\/blogdofarnesio.com.br","https:\/\/www.facebook.com\/?ref=tn_tnmn","https:\/\/www.instagram.com\/?utm_source=pwa_homescreen","https:\/\/youtube.com.br\/"],"url":"https:\/\/blogdofarnesio.com.br\/author\/farnesio-2\/"}]}},"_links":{"self":[{"href":"https:\/\/blogdofarnesio.com.br\/wp-json\/wp\/v2\/posts\/349345","targetHints":{"allow":["GET"]}}],"collection":[{"href":"https:\/\/blogdofarnesio.com.br\/wp-json\/wp\/v2\/posts"}],"about":[{"href":"https:\/\/blogdofarnesio.com.br\/wp-json\/wp\/v2\/types\/post"}],"author":[{"embeddable":true,"href":"https:\/\/blogdofarnesio.com.br\/wp-json\/wp\/v2\/users\/2"}],"replies":[{"embeddable":true,"href":"https:\/\/blogdofarnesio.com.br\/wp-json\/wp\/v2\/comments?post=349345"}],"version-history":[{"count":0,"href":"https:\/\/blogdofarnesio.com.br\/wp-json\/wp\/v2\/posts\/349345\/revisions"}],"wp:featuredmedia":[{"embeddable":true,"href":"https:\/\/blogdofarnesio.com.br\/wp-json\/wp\/v2\/media\/254669"}],"wp:attachment":[{"href":"https:\/\/blogdofarnesio.com.br\/wp-json\/wp\/v2\/media?parent=349345"}],"wp:term":[{"taxonomy":"category","embeddable":true,"href":"https:\/\/blogdofarnesio.com.br\/wp-json\/wp\/v2\/categories?post=349345"},{"taxonomy":"post_tag","embeddable":true,"href":"https:\/\/blogdofarnesio.com.br\/wp-json\/wp\/v2\/tags?post=349345"}],"curies":[{"name":"wp","href":"https:\/\/api.w.org\/{rel}","templated":true}]}}