{"id":349313,"date":"2023-09-03T09:00:24","date_gmt":"2023-09-03T12:00:24","guid":{"rendered":"https:\/\/blogdofarnesio.com.br\/?p=349313"},"modified":"2023-09-02T18:40:54","modified_gmt":"2023-09-02T21:40:54","slug":"alguns-personagens-esquecidos-pela-historia-de-petrolina","status":"publish","type":"post","link":"https:\/\/blogdofarnesio.com.br\/?p=349313","title":{"rendered":"Alguns personagens esquecidos pela hist\u00f3ria de Petrolina"},"content":{"rendered":"<p data-sourcepos=\"1:1-1:262\">Petrolina, no Sert\u00e3o de Pernambuco, tem uma hist\u00f3ria rica e cheia de personagens marcantes. Ao longo de seus 128 anos de pol\u00edtica de emancipa\u00e7\u00e3o, uma cidade foi moldada por pessoas de diferentes origens e classes sociais, que se desenvolveu em pleno semi \u00e1rido nordestino.<\/p>\n<p data-sourcepos=\"3:1-3:76\">Dentre os principais nomes que fizeram a hist\u00f3ria de Petrolina, destacamos:<\/p>\n<ul data-sourcepos=\"5:1-11:0\">\n<li data-sourcepos=\"5:1-5:125\"><strong>Jos\u00e9 Marcelino da Silva:<\/strong>\u00a0O ent\u00e3o presidente do estado de Pernambuco foi o respons\u00e1vel pela funda\u00e7\u00e3o da cidade, em 1895.<\/li>\n<li data-sourcepos=\"7:1-7:269\"><strong>Jos\u00e9 Lopes de Carvalho:<\/strong>\u00a0O pol\u00edtico Jos\u00e9 Lopes de Carvalho foi um dos mais importantes prefeitos de Petrolina.\u00a0Ele foi respons\u00e1vel por grandes obras de infraestrutura e desenvolvimento urbano, como a constru\u00e7\u00e3o da ponte do Rio S\u00e3o Francisco e da Avenida Guararapes.<\/li>\n<li data-sourcepos=\"8:1-8:220\"><strong>Jos\u00e9 de S\u00e1 Cavalcante:<\/strong>\u00a0O m\u00e9dico Jos\u00e9 de S\u00e1 Cavalcante foi um dos pioneiros da sa\u00fade p\u00fablica em Petrolina.\u00a0Ele fundou o Hospital Municipal e o Centro de Sa\u00fade, e foi respons\u00e1vel por campanhas de vacina\u00e7\u00e3o e higiene.<\/li>\n<li data-sourcepos=\"9:1-9:242\"><strong>Jos\u00e9 da Costa Cavalcanti:<\/strong>\u00a0O pol\u00edtico Jos\u00e9 da Costa Cavalcanti foi um dos mais importantes l\u00edderes pol\u00edticos do Sert\u00e3o de Pernambuco.\u00a0Ele foi deputado federal, senador e governador do estado e sempre defendeu os interesses de Petrolina.<\/li>\n<li data-sourcepos=\"10:1-11:0\"><strong>Antonio Carlos Magalh\u00e3es:<\/strong>\u00a0O pol\u00edtico Antonio Carlos Magalh\u00e3es foi um dos mais importantes l\u00edderes pol\u00edticos do Brasil.\u00a0Ele foi deputado federal, senador, governador da Bahia e ministro da Fazenda, e sempre apoiou o desenvolvimento de Petrolina.<\/li>\n<\/ul>\n<p data-sourcepos=\"12:1-12:181\">Essas s\u00e3o apenas algumas das muitas pessoas que fizeram a hist\u00f3ria de Petrolina. A cidade \u00e9 um mosaico de culturas e hist\u00f3rias, que s\u00e3o preservadas e celebradas pelos petrolinenses.<\/p>\n","protected":false},"excerpt":{"rendered":"<p>Petrolina, no Sert\u00e3o de Pernambuco, tem uma hist\u00f3ria rica e cheia de personagens marcantes. Ao longo de seus 128 anos de pol\u00edtica de emancipa\u00e7\u00e3o, uma cidade foi moldada por pessoas de diferentes origens e classes sociais, que se desenvolveu em pleno semi \u00e1rido nordestino. Dentre os principais nomes que fizeram a hist\u00f3ria de Petrolina, destacamos: Jos\u00e9 Marcelino da Silva:\u00a0O ent\u00e3o presidente do estado de Pernambuco foi o respons\u00e1vel pela funda\u00e7\u00e3o da cidade, em 1895. Jos\u00e9 Lopes de Carvalho:\u00a0O pol\u00edtico Jos\u00e9 Lopes de Carvalho foi um dos mais importantes prefeitos de Petrolina.\u00a0Ele foi respons\u00e1vel por grandes obras de infraestrutura e desenvolvimento urbano, como a constru\u00e7\u00e3o da ponte do Rio S\u00e3o Francisco e da Avenida Guararapes. Jos\u00e9 de S\u00e1 Cavalcante:\u00a0O m\u00e9dico Jos\u00e9&hellip; <\/p>\n","protected":false},"author":2,"featured_media":322909,"comment_status":"open","ping_status":"open","sticky":false,"template":"","format":"standard","meta":{"_acf_changed":false,"footnotes":""},"categories":[10],"tags":[],"class_list":["post-349313","post","type-post","status-publish","format-standard","has-post-thumbnail","hentry","category-cultura"],"acf":[],"yoast_head":"<!-- This site is optimized with the Yoast SEO plugin v27.4 - https:\/\/yoast.com\/product\/yoast-seo-wordpress\/ -->\n<title>Alguns personagens esquecidos pela hist\u00f3ria de Petrolina - Blog do Farn\u00e9sio<\/title>\n<meta name=\"robots\" content=\"index, follow, max-snippet:-1, max-image-preview:large, max-video-preview:-1\" \/>\n<link rel=\"canonical\" href=\"https:\/\/blogdofarnesio.com.br\/?p=349313\" \/>\n<meta property=\"og:locale\" content=\"pt_BR\" \/>\n<meta property=\"og:type\" content=\"article\" \/>\n<meta property=\"og:title\" content=\"Alguns personagens esquecidos pela hist\u00f3ria de Petrolina - Blog do Farn\u00e9sio\" \/>\n<meta property=\"og:description\" content=\"Petrolina, no Sert\u00e3o de Pernambuco, tem uma hist\u00f3ria rica e cheia de personagens marcantes. Ao longo de seus 128 anos de pol\u00edtica de emancipa\u00e7\u00e3o, uma cidade foi moldada por pessoas de diferentes origens e classes sociais, que se desenvolveu em pleno semi \u00e1rido nordestino. Dentre os principais nomes que fizeram a hist\u00f3ria de Petrolina, destacamos: Jos\u00e9 Marcelino da Silva:\u00a0O ent\u00e3o presidente do estado de Pernambuco foi o respons\u00e1vel pela funda\u00e7\u00e3o da cidade, em 1895. Jos\u00e9 Lopes de Carvalho:\u00a0O pol\u00edtico Jos\u00e9 Lopes de Carvalho foi um dos mais importantes prefeitos de Petrolina.\u00a0Ele foi respons\u00e1vel por grandes obras de infraestrutura e desenvolvimento urbano, como a constru\u00e7\u00e3o da ponte do Rio S\u00e3o Francisco e da Avenida Guararapes. Jos\u00e9 de S\u00e1 Cavalcante:\u00a0O m\u00e9dico Jos\u00e9&hellip;\" \/>\n<meta property=\"og:url\" content=\"https:\/\/blogdofarnesio.com.br\/?p=349313\" \/>\n<meta property=\"og:site_name\" content=\"Blog do Farn\u00e9sio\" \/>\n<meta property=\"article:publisher\" content=\"https:\/\/www.facebook.com\/BlogQuerSaberPolitica\/\" \/>\n<meta property=\"article:author\" content=\"https:\/\/www.facebook.com\/?ref=tn_tnmn\" \/>\n<meta property=\"article:published_time\" content=\"2023-09-03T12:00:24+00:00\" \/>\n<meta property=\"og:image\" content=\"https:\/\/blogdofarnesio.com.br\/wp-content\/uploads\/2022\/09\/blogqsppetrolinaantiga-59.jpg\" \/>\n\t<meta property=\"og:image:width\" content=\"448\" \/>\n\t<meta property=\"og:image:height\" content=\"309\" \/>\n\t<meta property=\"og:image:type\" content=\"image\/jpeg\" \/>\n<meta name=\"author\" content=\"Farn\u00e9sio\" \/>\n<meta name=\"twitter:card\" content=\"summary_large_image\" \/>\n<meta name=\"twitter:label1\" content=\"Escrito por\" \/>\n\t<meta name=\"twitter:data1\" content=\"Farn\u00e9sio\" \/>\n\t<meta name=\"twitter:label2\" content=\"Est. tempo de leitura\" \/>\n\t<meta name=\"twitter:data2\" content=\"2 minutos\" \/>\n<script type=\"application\/ld+json\" class=\"yoast-schema-graph\">{\"@context\":\"https:\\\/\\\/schema.org\",\"@graph\":[{\"@type\":\"Article\",\"@id\":\"https:\\\/\\\/blogdofarnesio.com.br\\\/?p=349313#article\",\"isPartOf\":{\"@id\":\"https:\\\/\\\/blogdofarnesio.com.br\\\/?p=349313\"},\"author\":{\"name\":\"Farn\u00e9sio\",\"@id\":\"https:\\\/\\\/blogdofarnesio.com.br\\\/#\\\/schema\\\/person\\\/bb9b23ae3ad0609ce8df7b6c9e76824d\"},\"headline\":\"Alguns personagens esquecidos pela hist\u00f3ria de Petrolina\",\"datePublished\":\"2023-09-03T12:00:24+00:00\",\"mainEntityOfPage\":{\"@id\":\"https:\\\/\\\/blogdofarnesio.com.br\\\/?p=349313\"},\"wordCount\":293,\"commentCount\":0,\"publisher\":{\"@id\":\"https:\\\/\\\/blogdofarnesio.com.br\\\/#organization\"},\"image\":{\"@id\":\"https:\\\/\\\/blogdofarnesio.com.br\\\/?p=349313#primaryimage\"},\"thumbnailUrl\":\"https:\\\/\\\/blogdofarnesio.com.br\\\/wp-content\\\/uploads\\\/2022\\\/09\\\/blogqsppetrolinaantiga-59.jpg\",\"articleSection\":[\"Cultura\"],\"inLanguage\":\"pt-BR\",\"potentialAction\":[{\"@type\":\"CommentAction\",\"name\":\"Comment\",\"target\":[\"https:\\\/\\\/blogdofarnesio.com.br\\\/?p=349313#respond\"]}]},{\"@type\":\"WebPage\",\"@id\":\"https:\\\/\\\/blogdofarnesio.com.br\\\/?p=349313\",\"url\":\"https:\\\/\\\/blogdofarnesio.com.br\\\/?p=349313\",\"name\":\"Alguns personagens esquecidos pela hist\u00f3ria de Petrolina - Blog do Farn\u00e9sio\",\"isPartOf\":{\"@id\":\"https:\\\/\\\/blogdofarnesio.com.br\\\/#website\"},\"primaryImageOfPage\":{\"@id\":\"https:\\\/\\\/blogdofarnesio.com.br\\\/?p=349313#primaryimage\"},\"image\":{\"@id\":\"https:\\\/\\\/blogdofarnesio.com.br\\\/?p=349313#primaryimage\"},\"thumbnailUrl\":\"https:\\\/\\\/blogdofarnesio.com.br\\\/wp-content\\\/uploads\\\/2022\\\/09\\\/blogqsppetrolinaantiga-59.jpg\",\"datePublished\":\"2023-09-03T12:00:24+00:00\",\"breadcrumb\":{\"@id\":\"https:\\\/\\\/blogdofarnesio.com.br\\\/?p=349313#breadcrumb\"},\"inLanguage\":\"pt-BR\",\"potentialAction\":[{\"@type\":\"ReadAction\",\"target\":[\"https:\\\/\\\/blogdofarnesio.com.br\\\/?p=349313\"]}]},{\"@type\":\"ImageObject\",\"inLanguage\":\"pt-BR\",\"@id\":\"https:\\\/\\\/blogdofarnesio.com.br\\\/?p=349313#primaryimage\",\"url\":\"https:\\\/\\\/blogdofarnesio.com.br\\\/wp-content\\\/uploads\\\/2022\\\/09\\\/blogqsppetrolinaantiga-59.jpg\",\"contentUrl\":\"https:\\\/\\\/blogdofarnesio.com.br\\\/wp-content\\\/uploads\\\/2022\\\/09\\\/blogqsppetrolinaantiga-59.jpg\",\"width\":448,\"height\":309,\"caption\":\"Esta\u00e7\u00e3o Ferrovi\u00e1ria Petrolina\\\/PE\"},{\"@type\":\"BreadcrumbList\",\"@id\":\"https:\\\/\\\/blogdofarnesio.com.br\\\/?p=349313#breadcrumb\",\"itemListElement\":[{\"@type\":\"ListItem\",\"position\":1,\"name\":\"In\u00edcio\",\"item\":\"https:\\\/\\\/blogdofarnesio.com.br\\\/\"},{\"@type\":\"ListItem\",\"position\":2,\"name\":\"Alguns personagens esquecidos pela hist\u00f3ria de Petrolina\"}]},{\"@type\":\"WebSite\",\"@id\":\"https:\\\/\\\/blogdofarnesio.com.br\\\/#website\",\"url\":\"https:\\\/\\\/blogdofarnesio.com.br\\\/\",\"name\":\"Blog do Farn\u00e9sio\",\"description\":\"Quer Saber Pol\u00edtica?\",\"publisher\":{\"@id\":\"https:\\\/\\\/blogdofarnesio.com.br\\\/#organization\"},\"potentialAction\":[{\"@type\":\"SearchAction\",\"target\":{\"@type\":\"EntryPoint\",\"urlTemplate\":\"https:\\\/\\\/blogdofarnesio.com.br\\\/?s={search_term_string}\"},\"query-input\":{\"@type\":\"PropertyValueSpecification\",\"valueRequired\":true,\"valueName\":\"search_term_string\"}}],\"inLanguage\":\"pt-BR\"},{\"@type\":\"Organization\",\"@id\":\"https:\\\/\\\/blogdofarnesio.com.br\\\/#organization\",\"name\":\"Blog do Farn\u00e9sio\",\"url\":\"https:\\\/\\\/blogdofarnesio.com.br\\\/\",\"logo\":{\"@type\":\"ImageObject\",\"inLanguage\":\"pt-BR\",\"@id\":\"https:\\\/\\\/blogdofarnesio.com.br\\\/#\\\/schema\\\/logo\\\/image\\\/\",\"url\":\"https:\\\/\\\/blogdofarnesio.com.br\\\/wp-content\\\/uploads\\\/2026\\\/03\\\/cropped-logo_new-1.png\",\"contentUrl\":\"https:\\\/\\\/blogdofarnesio.com.br\\\/wp-content\\\/uploads\\\/2026\\\/03\\\/cropped-logo_new-1.png\",\"width\":881,\"height\":685,\"caption\":\"Blog do Farn\u00e9sio\"},\"image\":{\"@id\":\"https:\\\/\\\/blogdofarnesio.com.br\\\/#\\\/schema\\\/logo\\\/image\\\/\"},\"sameAs\":[\"https:\\\/\\\/www.facebook.com\\\/BlogQuerSaberPolitica\\\/\"]},{\"@type\":\"Person\",\"@id\":\"https:\\\/\\\/blogdofarnesio.com.br\\\/#\\\/schema\\\/person\\\/bb9b23ae3ad0609ce8df7b6c9e76824d\",\"name\":\"Farn\u00e9sio\",\"image\":{\"@type\":\"ImageObject\",\"inLanguage\":\"pt-BR\",\"@id\":\"https:\\\/\\\/secure.gravatar.com\\\/avatar\\\/986aa4c61ccdb66f8555bf88fc2a65609d00bcabd4d2d94377a727547345cbca?s=96&d=mm&r=g\",\"url\":\"https:\\\/\\\/secure.gravatar.com\\\/avatar\\\/986aa4c61ccdb66f8555bf88fc2a65609d00bcabd4d2d94377a727547345cbca?s=96&d=mm&r=g\",\"contentUrl\":\"https:\\\/\\\/secure.gravatar.com\\\/avatar\\\/986aa4c61ccdb66f8555bf88fc2a65609d00bcabd4d2d94377a727547345cbca?s=96&d=mm&r=g\",\"caption\":\"Farn\u00e9sio\"},\"description\":\"Radialista blogueiro, chegou a Petrolina\\\/Juazeiro em setembro de 1980, Farn\u00e9sio Silva \u00e9 de Arapiraca-Alagoas.\",\"sameAs\":[\"http:\\\/\\\/blogdofarnesio.com.br\",\"https:\\\/\\\/www.facebook.com\\\/?ref=tn_tnmn\",\"https:\\\/\\\/www.instagram.com\\\/?utm_source=pwa_homescreen\",\"https:\\\/\\\/youtube.com.br\\\/\"],\"url\":\"https:\\\/\\\/blogdofarnesio.com.br\\\/?author=2\"}]}<\/script>\n<!-- \/ Yoast SEO plugin. -->","yoast_head_json":{"title":"Alguns personagens esquecidos pela hist\u00f3ria de Petrolina - Blog do Farn\u00e9sio","robots":{"index":"index","follow":"follow","max-snippet":"max-snippet:-1","max-image-preview":"max-image-preview:large","max-video-preview":"max-video-preview:-1"},"canonical":"https:\/\/blogdofarnesio.com.br\/?p=349313","og_locale":"pt_BR","og_type":"article","og_title":"Alguns personagens esquecidos pela hist\u00f3ria de Petrolina - Blog do Farn\u00e9sio","og_description":"Petrolina, no Sert\u00e3o de Pernambuco, tem uma hist\u00f3ria rica e cheia de personagens marcantes. Ao longo de seus 128 anos de pol\u00edtica de emancipa\u00e7\u00e3o, uma cidade foi moldada por pessoas de diferentes origens e classes sociais, que se desenvolveu em pleno semi \u00e1rido nordestino. Dentre os principais nomes que fizeram a hist\u00f3ria de Petrolina, destacamos: Jos\u00e9 Marcelino da Silva:\u00a0O ent\u00e3o presidente do estado de Pernambuco foi o respons\u00e1vel pela funda\u00e7\u00e3o da cidade, em 1895. Jos\u00e9 Lopes de Carvalho:\u00a0O pol\u00edtico Jos\u00e9 Lopes de Carvalho foi um dos mais importantes prefeitos de Petrolina.\u00a0Ele foi respons\u00e1vel por grandes obras de infraestrutura e desenvolvimento urbano, como a constru\u00e7\u00e3o da ponte do Rio S\u00e3o Francisco e da Avenida Guararapes. Jos\u00e9 de S\u00e1 Cavalcante:\u00a0O m\u00e9dico Jos\u00e9&hellip;","og_url":"https:\/\/blogdofarnesio.com.br\/?p=349313","og_site_name":"Blog do Farn\u00e9sio","article_publisher":"https:\/\/www.facebook.com\/BlogQuerSaberPolitica\/","article_author":"https:\/\/www.facebook.com\/?ref=tn_tnmn","article_published_time":"2023-09-03T12:00:24+00:00","og_image":[{"width":448,"height":309,"url":"https:\/\/blogdofarnesio.com.br\/wp-content\/uploads\/2022\/09\/blogqsppetrolinaantiga-59.jpg","type":"image\/jpeg"}],"author":"Farn\u00e9sio","twitter_card":"summary_large_image","twitter_misc":{"Escrito por":"Farn\u00e9sio","Est. tempo de leitura":"2 minutos"},"schema":{"@context":"https:\/\/schema.org","@graph":[{"@type":"Article","@id":"https:\/\/blogdofarnesio.com.br\/?p=349313#article","isPartOf":{"@id":"https:\/\/blogdofarnesio.com.br\/?p=349313"},"author":{"name":"Farn\u00e9sio","@id":"https:\/\/blogdofarnesio.com.br\/#\/schema\/person\/bb9b23ae3ad0609ce8df7b6c9e76824d"},"headline":"Alguns personagens esquecidos pela hist\u00f3ria de Petrolina","datePublished":"2023-09-03T12:00:24+00:00","mainEntityOfPage":{"@id":"https:\/\/blogdofarnesio.com.br\/?p=349313"},"wordCount":293,"commentCount":0,"publisher":{"@id":"https:\/\/blogdofarnesio.com.br\/#organization"},"image":{"@id":"https:\/\/blogdofarnesio.com.br\/?p=349313#primaryimage"},"thumbnailUrl":"https:\/\/blogdofarnesio.com.br\/wp-content\/uploads\/2022\/09\/blogqsppetrolinaantiga-59.jpg","articleSection":["Cultura"],"inLanguage":"pt-BR","potentialAction":[{"@type":"CommentAction","name":"Comment","target":["https:\/\/blogdofarnesio.com.br\/?p=349313#respond"]}]},{"@type":"WebPage","@id":"https:\/\/blogdofarnesio.com.br\/?p=349313","url":"https:\/\/blogdofarnesio.com.br\/?p=349313","name":"Alguns personagens esquecidos pela hist\u00f3ria de Petrolina - Blog do Farn\u00e9sio","isPartOf":{"@id":"https:\/\/blogdofarnesio.com.br\/#website"},"primaryImageOfPage":{"@id":"https:\/\/blogdofarnesio.com.br\/?p=349313#primaryimage"},"image":{"@id":"https:\/\/blogdofarnesio.com.br\/?p=349313#primaryimage"},"thumbnailUrl":"https:\/\/blogdofarnesio.com.br\/wp-content\/uploads\/2022\/09\/blogqsppetrolinaantiga-59.jpg","datePublished":"2023-09-03T12:00:24+00:00","breadcrumb":{"@id":"https:\/\/blogdofarnesio.com.br\/?p=349313#breadcrumb"},"inLanguage":"pt-BR","potentialAction":[{"@type":"ReadAction","target":["https:\/\/blogdofarnesio.com.br\/?p=349313"]}]},{"@type":"ImageObject","inLanguage":"pt-BR","@id":"https:\/\/blogdofarnesio.com.br\/?p=349313#primaryimage","url":"https:\/\/blogdofarnesio.com.br\/wp-content\/uploads\/2022\/09\/blogqsppetrolinaantiga-59.jpg","contentUrl":"https:\/\/blogdofarnesio.com.br\/wp-content\/uploads\/2022\/09\/blogqsppetrolinaantiga-59.jpg","width":448,"height":309,"caption":"Esta\u00e7\u00e3o Ferrovi\u00e1ria Petrolina\/PE"},{"@type":"BreadcrumbList","@id":"https:\/\/blogdofarnesio.com.br\/?p=349313#breadcrumb","itemListElement":[{"@type":"ListItem","position":1,"name":"In\u00edcio","item":"https:\/\/blogdofarnesio.com.br\/"},{"@type":"ListItem","position":2,"name":"Alguns personagens esquecidos pela hist\u00f3ria de Petrolina"}]},{"@type":"WebSite","@id":"https:\/\/blogdofarnesio.com.br\/#website","url":"https:\/\/blogdofarnesio.com.br\/","name":"Blog do Farn\u00e9sio","description":"Quer Saber Pol\u00edtica?","publisher":{"@id":"https:\/\/blogdofarnesio.com.br\/#organization"},"potentialAction":[{"@type":"SearchAction","target":{"@type":"EntryPoint","urlTemplate":"https:\/\/blogdofarnesio.com.br\/?s={search_term_string}"},"query-input":{"@type":"PropertyValueSpecification","valueRequired":true,"valueName":"search_term_string"}}],"inLanguage":"pt-BR"},{"@type":"Organization","@id":"https:\/\/blogdofarnesio.com.br\/#organization","name":"Blog do Farn\u00e9sio","url":"https:\/\/blogdofarnesio.com.br\/","logo":{"@type":"ImageObject","inLanguage":"pt-BR","@id":"https:\/\/blogdofarnesio.com.br\/#\/schema\/logo\/image\/","url":"https:\/\/blogdofarnesio.com.br\/wp-content\/uploads\/2026\/03\/cropped-logo_new-1.png","contentUrl":"https:\/\/blogdofarnesio.com.br\/wp-content\/uploads\/2026\/03\/cropped-logo_new-1.png","width":881,"height":685,"caption":"Blog do Farn\u00e9sio"},"image":{"@id":"https:\/\/blogdofarnesio.com.br\/#\/schema\/logo\/image\/"},"sameAs":["https:\/\/www.facebook.com\/BlogQuerSaberPolitica\/"]},{"@type":"Person","@id":"https:\/\/blogdofarnesio.com.br\/#\/schema\/person\/bb9b23ae3ad0609ce8df7b6c9e76824d","name":"Farn\u00e9sio","image":{"@type":"ImageObject","inLanguage":"pt-BR","@id":"https:\/\/secure.gravatar.com\/avatar\/986aa4c61ccdb66f8555bf88fc2a65609d00bcabd4d2d94377a727547345cbca?s=96&d=mm&r=g","url":"https:\/\/secure.gravatar.com\/avatar\/986aa4c61ccdb66f8555bf88fc2a65609d00bcabd4d2d94377a727547345cbca?s=96&d=mm&r=g","contentUrl":"https:\/\/secure.gravatar.com\/avatar\/986aa4c61ccdb66f8555bf88fc2a65609d00bcabd4d2d94377a727547345cbca?s=96&d=mm&r=g","caption":"Farn\u00e9sio"},"description":"Radialista blogueiro, chegou a Petrolina\/Juazeiro em setembro de 1980, Farn\u00e9sio Silva \u00e9 de Arapiraca-Alagoas.","sameAs":["http:\/\/blogdofarnesio.com.br","https:\/\/www.facebook.com\/?ref=tn_tnmn","https:\/\/www.instagram.com\/?utm_source=pwa_homescreen","https:\/\/youtube.com.br\/"],"url":"https:\/\/blogdofarnesio.com.br\/?author=2"}]}},"_links":{"self":[{"href":"https:\/\/blogdofarnesio.com.br\/index.php?rest_route=\/wp\/v2\/posts\/349313","targetHints":{"allow":["GET"]}}],"collection":[{"href":"https:\/\/blogdofarnesio.com.br\/index.php?rest_route=\/wp\/v2\/posts"}],"about":[{"href":"https:\/\/blogdofarnesio.com.br\/index.php?rest_route=\/wp\/v2\/types\/post"}],"author":[{"embeddable":true,"href":"https:\/\/blogdofarnesio.com.br\/index.php?rest_route=\/wp\/v2\/users\/2"}],"replies":[{"embeddable":true,"href":"https:\/\/blogdofarnesio.com.br\/index.php?rest_route=%2Fwp%2Fv2%2Fcomments&post=349313"}],"version-history":[{"count":0,"href":"https:\/\/blogdofarnesio.com.br\/index.php?rest_route=\/wp\/v2\/posts\/349313\/revisions"}],"wp:featuredmedia":[{"embeddable":true,"href":"https:\/\/blogdofarnesio.com.br\/index.php?rest_route=\/wp\/v2\/media\/322909"}],"wp:attachment":[{"href":"https:\/\/blogdofarnesio.com.br\/index.php?rest_route=%2Fwp%2Fv2%2Fmedia&parent=349313"}],"wp:term":[{"taxonomy":"category","embeddable":true,"href":"https:\/\/blogdofarnesio.com.br\/index.php?rest_route=%2Fwp%2Fv2%2Fcategories&post=349313"},{"taxonomy":"post_tag","embeddable":true,"href":"https:\/\/blogdofarnesio.com.br\/index.php?rest_route=%2Fwp%2Fv2%2Ftags&post=349313"}],"curies":[{"name":"wp","href":"https:\/\/api.w.org\/{rel}","templated":true}]}}