{"id":349304,"date":"2023-09-04T08:02:00","date_gmt":"2023-09-04T11:02:00","guid":{"rendered":"https:\/\/blogdofarnesio.com.br\/?p=349304"},"modified":"2023-09-03T09:02:34","modified_gmt":"2023-09-03T12:02:34","slug":"governo-da-bahia-paga-valores-dos-precatorios-fundef-de-hoje-4-a-6-de-setembro","status":"publish","type":"post","link":"https:\/\/blogdofarnesio.com.br\/?p=349304","title":{"rendered":"Governo da Bahia paga valores dos precat\u00f3rios Fundef de hoje, 4, a 6 de setembro"},"content":{"rendered":"<div class=\"td-post-header\"><\/div>\n<div class=\"td-post-content\">\n<div class=\"td-post-sharing-top\">\n<div id=\"td_social_sharing_article_top\" class=\"td-post-sharing td-ps-bg td-ps-notext td-post-sharing-style1 \">\n<div class=\"td-post-sharing-visible\">\n<div class=\"td-social-but-icon\">O pagamento 2023 dos precat\u00f3rios Fundef ser\u00e1 realizado pelo governo baianoa partir de hoje, a 6 de setembro. As datas foram anunciadas pelo governador Jer\u00f4nimo Rodrigues, na quarta-feira (30). Os cr\u00e9ditos ser\u00e3o efetivados na conta banc\u00e1ria dos profissionais do Magist\u00e9rio da Educa\u00e7\u00e3o B\u00e1sica que fazem jus ao benef\u00edcio e est\u00e3o com dados cadastrais atualizados na base do Estado.<\/div>\n<div><\/div>\n<div class=\"td-social-but-icon\">As orienta\u00e7\u00f5es para a distribui\u00e7\u00e3o dos recursos foram divulgadas no Di\u00e1rio Oficial do Estado, por meio das portarias de n\u00ba 847, publicada conjuntamente pelas secretarias de Administra\u00e7\u00e3o (Saeb) e Educa\u00e7\u00e3o (SEC), e de n\u00ba 848, publicada pela Saeb, SEC e Secretaria da Fazenda (Sefaz-Ba).<\/div>\n<\/div>\n<\/div>\n<\/div>\n<p>No total, ser\u00e3o destinados R$ 1,25 bilh\u00e3o a mais de 118 mil pessoas. Grande novidade no repasse deste ano, o abono extraordin\u00e1rio no valor de R$ 416 milh\u00f5es ser\u00e1 recebido no dia 6 de setembro por todos os 85.245 professores e coordenadores pedag\u00f3gicos do Estado, incluindo aposentados e contratados por meio do Regime Especial de Direito Administrativo (REDA), independente de terem atuado ou n\u00e3o no per\u00edodo de erro no repasse das verbas do Fundef.<\/p>\n<p>Os profissionais em regime de 40 horas semanais ser\u00e3o contemplados com a quantia de R$ 5.950,70; j\u00e1 para aqueles que cumprem ou cumpriram jornada de 20 horas semanais, o valor fixado \u00e9 de R$ 2.975,35.<\/p>\n<p>Em paralelo, R$ 832 milh\u00f5es ser\u00e3o destinados aos professores e coordenadores pedag\u00f3gicos que atuaram na educa\u00e7\u00e3o b\u00e1sica de janeiro de 1998 a dezembro de 2006, per\u00edodo de erro no repasse do Fundef. Os interessados j\u00e1 podem conferir no Portal da Educa\u00e7\u00e3o (http:\/\/institucional.educacao.ba.gov.br\/precatorio) a lista com os nomes de todos os habilitados a receber este abono.<\/p>\n<p>Neste caso, o c\u00e1lculo do pagamento \u00e9 feito de modo proporcional \u00e0 jornada de trabalho e ao per\u00edodo de efetivo exerc\u00edcio do profissional dentro do per\u00edodo em quest\u00e3o. Na lista divulgada pela SEC, \u00e9 poss\u00edvel visualizar o tempo de efetivo exerc\u00edcio de cada profissional e os per\u00edodos em que esteve submetido \u00e0 carga hor\u00e1ria de 20 ou 40 horas semanais.<\/p>\n<p>O cr\u00e9dito deste segundo abono ser\u00e1 realizado nos dias 4 (para correntistas do Banco do Brasil) e 5 de setembro (demais bancos), contemplando todos os profissionais do magist\u00e9rio identificados na lista de benefici\u00e1rios que est\u00e3o na folha de pagamento do Estado e tamb\u00e9m aqueles que n\u00e3o possuem mais v\u00ednculo com o Estado, mas que realizaram a atualiza\u00e7\u00e3o cadastral necess\u00e1ria ao recebimento da primeira parcela dos precat\u00f3rios, paga no ano passado.<\/p>\n<p><strong>Atualiza\u00e7\u00e3o cadastral<\/strong><\/p>\n<p>Benefici\u00e1rios que est\u00e3o fora da folha de pagamento do Estado, mas n\u00e3o realizaram a atualiza\u00e7\u00e3o cadastral, precisam informar os dados banc\u00e1rios necess\u00e1rios ao recebimento. O mesmo vale para qualquer hip\u00f3tese em que os dados anteriormente apresentados pelo benefici\u00e1rio tenham sido alterados ou recusados pela institui\u00e7\u00e3o financeira indicada para pagamento. Nestes casos, o prazo para o cr\u00e9dito \u00e9 de 10 dias \u00fateis ap\u00f3s a atualiza\u00e7\u00e3o do cadastro.<\/p>\n<p>A atualiza\u00e7\u00e3o cadastral dever\u00e1 ser protocolada nas unidades da Rede SAC, mediante apresenta\u00e7\u00e3o de documento de identifica\u00e7\u00e3o com foto, CPF,- endere\u00e7o eletr\u00f4nico, contato telef\u00f4nico, comprovante de endere\u00e7o e comprovante de conta banc\u00e1ria de pessoa f\u00edsica de titularidade do requerente.<\/p>\n<p><strong>Herdeiros<\/strong><\/p>\n<p>Vale ressaltar que os herdeiros de profissionais falecidos identificados na lista de benefici\u00e1rios do abono \u2013 incluindo aqueles que foram contemplados com a parcela 2022 dos precat\u00f3rios \u2013 precisam realizar requerimentos espec\u00edficos para ter direito aos recursos deste ano, inclusive mediante apresenta\u00e7\u00e3o de novo alvar\u00e1 judicial.<\/p>\n<p>O primeiro passo a ser cumprido pelos herdeiros \u00e9 a abertura de um processo no Estado solicitando informa\u00e7\u00f5es sobre os valores devidos ao ex-servidor falecido. Num segundo momento \u2013 j\u00e1 de posse do alvar\u00e1 judicial autorizando o levantamento parcial ou integral do valor \u2013 o herdeiro deve abrir um segundo processo no Estado, solicitando o recebimento do abono. Nos dois casos, os requerimentos devem ser encaminhados por meio das unidades da Rede SAC.<\/p>\n<p>Os postos e pontos SAC prestam atendimento por ordem de chegada ou mediante agendamento pr\u00e9vio no SAC Digital. A rela\u00e7\u00e3o completa dos documentos necess\u00e1rios para a abertura destes processos pode ser conferida na p\u00e1gina Orienta\u00e7\u00f5es sobre os Precat\u00f3rios Fundef, no site do RH Bahia (www.rhbahia.ba.gov.br).<\/p>\n<p><strong><em>Fonte: Ascom\/SEC<\/em><\/strong><\/p>\n<\/div>\n","protected":false},"excerpt":{"rendered":"<p>O pagamento 2023 dos precat\u00f3rios Fundef ser\u00e1 realizado pelo governo baianoa partir de hoje, a 6 de setembro. As datas foram anunciadas pelo governador Jer\u00f4nimo Rodrigues, na quarta-feira (30). Os cr\u00e9ditos ser\u00e3o efetivados na conta banc\u00e1ria dos profissionais do Magist\u00e9rio da Educa\u00e7\u00e3o B\u00e1sica que fazem jus ao benef\u00edcio e est\u00e3o com dados cadastrais atualizados na base do Estado. As orienta\u00e7\u00f5es para a distribui\u00e7\u00e3o dos recursos foram divulgadas no Di\u00e1rio Oficial do Estado, por meio das portarias de n\u00ba 847, publicada conjuntamente pelas secretarias de Administra\u00e7\u00e3o (Saeb) e Educa\u00e7\u00e3o (SEC), e de n\u00ba 848, publicada pela Saeb, SEC e Secretaria da Fazenda (Sefaz-Ba). No total, ser\u00e3o destinados R$ 1,25 bilh\u00e3o a mais de 118 mil pessoas. Grande novidade no repasse deste&hellip; <\/p>\n","protected":false},"author":2,"featured_media":348024,"comment_status":"open","ping_status":"open","sticky":false,"template":"","format":"standard","meta":{"_acf_changed":false,"footnotes":""},"categories":[19],"tags":[],"class_list":["post-349304","post","type-post","status-publish","format-standard","has-post-thumbnail","hentry","category-servidores"],"acf":[],"yoast_head":"<!-- This site is optimized with the Yoast SEO plugin v27.4 - https:\/\/yoast.com\/product\/yoast-seo-wordpress\/ -->\n<title>Governo da Bahia paga valores dos precat\u00f3rios Fundef de hoje, 4, a 6 de setembro - Blog do Farn\u00e9sio<\/title>\n<meta name=\"robots\" content=\"index, follow, max-snippet:-1, max-image-preview:large, max-video-preview:-1\" \/>\n<link rel=\"canonical\" href=\"https:\/\/blogdofarnesio.com.br\/?p=349304\" \/>\n<meta property=\"og:locale\" content=\"pt_BR\" \/>\n<meta property=\"og:type\" content=\"article\" \/>\n<meta property=\"og:title\" content=\"Governo da Bahia paga valores dos precat\u00f3rios Fundef de hoje, 4, a 6 de setembro - Blog do Farn\u00e9sio\" \/>\n<meta property=\"og:description\" content=\"O pagamento 2023 dos precat\u00f3rios Fundef ser\u00e1 realizado pelo governo baianoa partir de hoje, a 6 de setembro. As datas foram anunciadas pelo governador Jer\u00f4nimo Rodrigues, na quarta-feira (30). Os cr\u00e9ditos ser\u00e3o efetivados na conta banc\u00e1ria dos profissionais do Magist\u00e9rio da Educa\u00e7\u00e3o B\u00e1sica que fazem jus ao benef\u00edcio e est\u00e3o com dados cadastrais atualizados na base do Estado. As orienta\u00e7\u00f5es para a distribui\u00e7\u00e3o dos recursos foram divulgadas no Di\u00e1rio Oficial do Estado, por meio das portarias de n\u00ba 847, publicada conjuntamente pelas secretarias de Administra\u00e7\u00e3o (Saeb) e Educa\u00e7\u00e3o (SEC), e de n\u00ba 848, publicada pela Saeb, SEC e Secretaria da Fazenda (Sefaz-Ba). No total, ser\u00e3o destinados R$ 1,25 bilh\u00e3o a mais de 118 mil pessoas. Grande novidade no repasse deste&hellip;\" \/>\n<meta property=\"og:url\" content=\"https:\/\/blogdofarnesio.com.br\/?p=349304\" \/>\n<meta property=\"og:site_name\" content=\"Blog do Farn\u00e9sio\" \/>\n<meta property=\"article:publisher\" content=\"https:\/\/www.facebook.com\/BlogQuerSaberPolitica\/\" \/>\n<meta property=\"article:author\" content=\"https:\/\/www.facebook.com\/?ref=tn_tnmn\" \/>\n<meta property=\"article:published_time\" content=\"2023-09-04T11:02:00+00:00\" \/>\n<meta property=\"og:image\" content=\"https:\/\/blogdofarnesio.com.br\/wp-content\/uploads\/2023\/08\/blogqsp-fundef-1-e1692104907563.jpg\" \/>\n\t<meta property=\"og:image:width\" content=\"700\" \/>\n\t<meta property=\"og:image:height\" content=\"394\" \/>\n\t<meta property=\"og:image:type\" content=\"image\/jpeg\" \/>\n<meta name=\"author\" content=\"Farn\u00e9sio\" \/>\n<meta name=\"twitter:card\" content=\"summary_large_image\" \/>\n<meta name=\"twitter:label1\" content=\"Escrito por\" \/>\n\t<meta name=\"twitter:data1\" content=\"Farn\u00e9sio\" \/>\n\t<meta name=\"twitter:label2\" content=\"Est. tempo de leitura\" \/>\n\t<meta name=\"twitter:data2\" content=\"4 minutos\" \/>\n<script type=\"application\/ld+json\" class=\"yoast-schema-graph\">{\"@context\":\"https:\\\/\\\/schema.org\",\"@graph\":[{\"@type\":\"Article\",\"@id\":\"https:\\\/\\\/blogdofarnesio.com.br\\\/?p=349304#article\",\"isPartOf\":{\"@id\":\"https:\\\/\\\/blogdofarnesio.com.br\\\/?p=349304\"},\"author\":{\"name\":\"Farn\u00e9sio\",\"@id\":\"https:\\\/\\\/blogdofarnesio.com.br\\\/#\\\/schema\\\/person\\\/bb9b23ae3ad0609ce8df7b6c9e76824d\"},\"headline\":\"Governo da Bahia paga valores dos precat\u00f3rios Fundef de hoje, 4, a 6 de setembro\",\"datePublished\":\"2023-09-04T11:02:00+00:00\",\"mainEntityOfPage\":{\"@id\":\"https:\\\/\\\/blogdofarnesio.com.br\\\/?p=349304\"},\"wordCount\":744,\"commentCount\":0,\"publisher\":{\"@id\":\"https:\\\/\\\/blogdofarnesio.com.br\\\/#organization\"},\"image\":{\"@id\":\"https:\\\/\\\/blogdofarnesio.com.br\\\/?p=349304#primaryimage\"},\"thumbnailUrl\":\"https:\\\/\\\/blogdofarnesio.com.br\\\/wp-content\\\/uploads\\\/2023\\\/08\\\/blogqsp-fundef-1-e1692104907563.jpg\",\"articleSection\":[\"Servidores\"],\"inLanguage\":\"pt-BR\",\"potentialAction\":[{\"@type\":\"CommentAction\",\"name\":\"Comment\",\"target\":[\"https:\\\/\\\/blogdofarnesio.com.br\\\/?p=349304#respond\"]}]},{\"@type\":\"WebPage\",\"@id\":\"https:\\\/\\\/blogdofarnesio.com.br\\\/?p=349304\",\"url\":\"https:\\\/\\\/blogdofarnesio.com.br\\\/?p=349304\",\"name\":\"Governo da Bahia paga valores dos precat\u00f3rios Fundef de hoje, 4, a 6 de setembro - Blog do Farn\u00e9sio\",\"isPartOf\":{\"@id\":\"https:\\\/\\\/blogdofarnesio.com.br\\\/#website\"},\"primaryImageOfPage\":{\"@id\":\"https:\\\/\\\/blogdofarnesio.com.br\\\/?p=349304#primaryimage\"},\"image\":{\"@id\":\"https:\\\/\\\/blogdofarnesio.com.br\\\/?p=349304#primaryimage\"},\"thumbnailUrl\":\"https:\\\/\\\/blogdofarnesio.com.br\\\/wp-content\\\/uploads\\\/2023\\\/08\\\/blogqsp-fundef-1-e1692104907563.jpg\",\"datePublished\":\"2023-09-04T11:02:00+00:00\",\"breadcrumb\":{\"@id\":\"https:\\\/\\\/blogdofarnesio.com.br\\\/?p=349304#breadcrumb\"},\"inLanguage\":\"pt-BR\",\"potentialAction\":[{\"@type\":\"ReadAction\",\"target\":[\"https:\\\/\\\/blogdofarnesio.com.br\\\/?p=349304\"]}]},{\"@type\":\"ImageObject\",\"inLanguage\":\"pt-BR\",\"@id\":\"https:\\\/\\\/blogdofarnesio.com.br\\\/?p=349304#primaryimage\",\"url\":\"https:\\\/\\\/blogdofarnesio.com.br\\\/wp-content\\\/uploads\\\/2023\\\/08\\\/blogqsp-fundef-1-e1692104907563.jpg\",\"contentUrl\":\"https:\\\/\\\/blogdofarnesio.com.br\\\/wp-content\\\/uploads\\\/2023\\\/08\\\/blogqsp-fundef-1-e1692104907563.jpg\",\"width\":700,\"height\":394,\"caption\":\"Arte: Portal de Prefeitura\"},{\"@type\":\"BreadcrumbList\",\"@id\":\"https:\\\/\\\/blogdofarnesio.com.br\\\/?p=349304#breadcrumb\",\"itemListElement\":[{\"@type\":\"ListItem\",\"position\":1,\"name\":\"In\u00edcio\",\"item\":\"https:\\\/\\\/blogdofarnesio.com.br\\\/\"},{\"@type\":\"ListItem\",\"position\":2,\"name\":\"Governo da Bahia paga valores dos precat\u00f3rios Fundef de hoje, 4, a 6 de setembro\"}]},{\"@type\":\"WebSite\",\"@id\":\"https:\\\/\\\/blogdofarnesio.com.br\\\/#website\",\"url\":\"https:\\\/\\\/blogdofarnesio.com.br\\\/\",\"name\":\"Blog do Farn\u00e9sio\",\"description\":\"Quer Saber Pol\u00edtica?\",\"publisher\":{\"@id\":\"https:\\\/\\\/blogdofarnesio.com.br\\\/#organization\"},\"potentialAction\":[{\"@type\":\"SearchAction\",\"target\":{\"@type\":\"EntryPoint\",\"urlTemplate\":\"https:\\\/\\\/blogdofarnesio.com.br\\\/?s={search_term_string}\"},\"query-input\":{\"@type\":\"PropertyValueSpecification\",\"valueRequired\":true,\"valueName\":\"search_term_string\"}}],\"inLanguage\":\"pt-BR\"},{\"@type\":\"Organization\",\"@id\":\"https:\\\/\\\/blogdofarnesio.com.br\\\/#organization\",\"name\":\"Blog do Farn\u00e9sio\",\"url\":\"https:\\\/\\\/blogdofarnesio.com.br\\\/\",\"logo\":{\"@type\":\"ImageObject\",\"inLanguage\":\"pt-BR\",\"@id\":\"https:\\\/\\\/blogdofarnesio.com.br\\\/#\\\/schema\\\/logo\\\/image\\\/\",\"url\":\"https:\\\/\\\/blogdofarnesio.com.br\\\/wp-content\\\/uploads\\\/2026\\\/03\\\/cropped-logo_new-1.png\",\"contentUrl\":\"https:\\\/\\\/blogdofarnesio.com.br\\\/wp-content\\\/uploads\\\/2026\\\/03\\\/cropped-logo_new-1.png\",\"width\":881,\"height\":685,\"caption\":\"Blog do Farn\u00e9sio\"},\"image\":{\"@id\":\"https:\\\/\\\/blogdofarnesio.com.br\\\/#\\\/schema\\\/logo\\\/image\\\/\"},\"sameAs\":[\"https:\\\/\\\/www.facebook.com\\\/BlogQuerSaberPolitica\\\/\"]},{\"@type\":\"Person\",\"@id\":\"https:\\\/\\\/blogdofarnesio.com.br\\\/#\\\/schema\\\/person\\\/bb9b23ae3ad0609ce8df7b6c9e76824d\",\"name\":\"Farn\u00e9sio\",\"image\":{\"@type\":\"ImageObject\",\"inLanguage\":\"pt-BR\",\"@id\":\"https:\\\/\\\/secure.gravatar.com\\\/avatar\\\/986aa4c61ccdb66f8555bf88fc2a65609d00bcabd4d2d94377a727547345cbca?s=96&d=mm&r=g\",\"url\":\"https:\\\/\\\/secure.gravatar.com\\\/avatar\\\/986aa4c61ccdb66f8555bf88fc2a65609d00bcabd4d2d94377a727547345cbca?s=96&d=mm&r=g\",\"contentUrl\":\"https:\\\/\\\/secure.gravatar.com\\\/avatar\\\/986aa4c61ccdb66f8555bf88fc2a65609d00bcabd4d2d94377a727547345cbca?s=96&d=mm&r=g\",\"caption\":\"Farn\u00e9sio\"},\"description\":\"Radialista blogueiro, chegou a Petrolina\\\/Juazeiro em setembro de 1980, Farn\u00e9sio Silva \u00e9 de Arapiraca-Alagoas.\",\"sameAs\":[\"http:\\\/\\\/blogdofarnesio.com.br\",\"https:\\\/\\\/www.facebook.com\\\/?ref=tn_tnmn\",\"https:\\\/\\\/www.instagram.com\\\/?utm_source=pwa_homescreen\",\"https:\\\/\\\/youtube.com.br\\\/\"],\"url\":\"https:\\\/\\\/blogdofarnesio.com.br\\\/?author=2\"}]}<\/script>\n<!-- \/ Yoast SEO plugin. -->","yoast_head_json":{"title":"Governo da Bahia paga valores dos precat\u00f3rios Fundef de hoje, 4, a 6 de setembro - Blog do Farn\u00e9sio","robots":{"index":"index","follow":"follow","max-snippet":"max-snippet:-1","max-image-preview":"max-image-preview:large","max-video-preview":"max-video-preview:-1"},"canonical":"https:\/\/blogdofarnesio.com.br\/?p=349304","og_locale":"pt_BR","og_type":"article","og_title":"Governo da Bahia paga valores dos precat\u00f3rios Fundef de hoje, 4, a 6 de setembro - Blog do Farn\u00e9sio","og_description":"O pagamento 2023 dos precat\u00f3rios Fundef ser\u00e1 realizado pelo governo baianoa partir de hoje, a 6 de setembro. As datas foram anunciadas pelo governador Jer\u00f4nimo Rodrigues, na quarta-feira (30). Os cr\u00e9ditos ser\u00e3o efetivados na conta banc\u00e1ria dos profissionais do Magist\u00e9rio da Educa\u00e7\u00e3o B\u00e1sica que fazem jus ao benef\u00edcio e est\u00e3o com dados cadastrais atualizados na base do Estado. As orienta\u00e7\u00f5es para a distribui\u00e7\u00e3o dos recursos foram divulgadas no Di\u00e1rio Oficial do Estado, por meio das portarias de n\u00ba 847, publicada conjuntamente pelas secretarias de Administra\u00e7\u00e3o (Saeb) e Educa\u00e7\u00e3o (SEC), e de n\u00ba 848, publicada pela Saeb, SEC e Secretaria da Fazenda (Sefaz-Ba). No total, ser\u00e3o destinados R$ 1,25 bilh\u00e3o a mais de 118 mil pessoas. Grande novidade no repasse deste&hellip;","og_url":"https:\/\/blogdofarnesio.com.br\/?p=349304","og_site_name":"Blog do Farn\u00e9sio","article_publisher":"https:\/\/www.facebook.com\/BlogQuerSaberPolitica\/","article_author":"https:\/\/www.facebook.com\/?ref=tn_tnmn","article_published_time":"2023-09-04T11:02:00+00:00","og_image":[{"width":700,"height":394,"url":"https:\/\/blogdofarnesio.com.br\/wp-content\/uploads\/2023\/08\/blogqsp-fundef-1-e1692104907563.jpg","type":"image\/jpeg"}],"author":"Farn\u00e9sio","twitter_card":"summary_large_image","twitter_misc":{"Escrito por":"Farn\u00e9sio","Est. tempo de leitura":"4 minutos"},"schema":{"@context":"https:\/\/schema.org","@graph":[{"@type":"Article","@id":"https:\/\/blogdofarnesio.com.br\/?p=349304#article","isPartOf":{"@id":"https:\/\/blogdofarnesio.com.br\/?p=349304"},"author":{"name":"Farn\u00e9sio","@id":"https:\/\/blogdofarnesio.com.br\/#\/schema\/person\/bb9b23ae3ad0609ce8df7b6c9e76824d"},"headline":"Governo da Bahia paga valores dos precat\u00f3rios Fundef de hoje, 4, a 6 de setembro","datePublished":"2023-09-04T11:02:00+00:00","mainEntityOfPage":{"@id":"https:\/\/blogdofarnesio.com.br\/?p=349304"},"wordCount":744,"commentCount":0,"publisher":{"@id":"https:\/\/blogdofarnesio.com.br\/#organization"},"image":{"@id":"https:\/\/blogdofarnesio.com.br\/?p=349304#primaryimage"},"thumbnailUrl":"https:\/\/blogdofarnesio.com.br\/wp-content\/uploads\/2023\/08\/blogqsp-fundef-1-e1692104907563.jpg","articleSection":["Servidores"],"inLanguage":"pt-BR","potentialAction":[{"@type":"CommentAction","name":"Comment","target":["https:\/\/blogdofarnesio.com.br\/?p=349304#respond"]}]},{"@type":"WebPage","@id":"https:\/\/blogdofarnesio.com.br\/?p=349304","url":"https:\/\/blogdofarnesio.com.br\/?p=349304","name":"Governo da Bahia paga valores dos precat\u00f3rios Fundef de hoje, 4, a 6 de setembro - Blog do Farn\u00e9sio","isPartOf":{"@id":"https:\/\/blogdofarnesio.com.br\/#website"},"primaryImageOfPage":{"@id":"https:\/\/blogdofarnesio.com.br\/?p=349304#primaryimage"},"image":{"@id":"https:\/\/blogdofarnesio.com.br\/?p=349304#primaryimage"},"thumbnailUrl":"https:\/\/blogdofarnesio.com.br\/wp-content\/uploads\/2023\/08\/blogqsp-fundef-1-e1692104907563.jpg","datePublished":"2023-09-04T11:02:00+00:00","breadcrumb":{"@id":"https:\/\/blogdofarnesio.com.br\/?p=349304#breadcrumb"},"inLanguage":"pt-BR","potentialAction":[{"@type":"ReadAction","target":["https:\/\/blogdofarnesio.com.br\/?p=349304"]}]},{"@type":"ImageObject","inLanguage":"pt-BR","@id":"https:\/\/blogdofarnesio.com.br\/?p=349304#primaryimage","url":"https:\/\/blogdofarnesio.com.br\/wp-content\/uploads\/2023\/08\/blogqsp-fundef-1-e1692104907563.jpg","contentUrl":"https:\/\/blogdofarnesio.com.br\/wp-content\/uploads\/2023\/08\/blogqsp-fundef-1-e1692104907563.jpg","width":700,"height":394,"caption":"Arte: Portal de Prefeitura"},{"@type":"BreadcrumbList","@id":"https:\/\/blogdofarnesio.com.br\/?p=349304#breadcrumb","itemListElement":[{"@type":"ListItem","position":1,"name":"In\u00edcio","item":"https:\/\/blogdofarnesio.com.br\/"},{"@type":"ListItem","position":2,"name":"Governo da Bahia paga valores dos precat\u00f3rios Fundef de hoje, 4, a 6 de setembro"}]},{"@type":"WebSite","@id":"https:\/\/blogdofarnesio.com.br\/#website","url":"https:\/\/blogdofarnesio.com.br\/","name":"Blog do Farn\u00e9sio","description":"Quer Saber Pol\u00edtica?","publisher":{"@id":"https:\/\/blogdofarnesio.com.br\/#organization"},"potentialAction":[{"@type":"SearchAction","target":{"@type":"EntryPoint","urlTemplate":"https:\/\/blogdofarnesio.com.br\/?s={search_term_string}"},"query-input":{"@type":"PropertyValueSpecification","valueRequired":true,"valueName":"search_term_string"}}],"inLanguage":"pt-BR"},{"@type":"Organization","@id":"https:\/\/blogdofarnesio.com.br\/#organization","name":"Blog do Farn\u00e9sio","url":"https:\/\/blogdofarnesio.com.br\/","logo":{"@type":"ImageObject","inLanguage":"pt-BR","@id":"https:\/\/blogdofarnesio.com.br\/#\/schema\/logo\/image\/","url":"https:\/\/blogdofarnesio.com.br\/wp-content\/uploads\/2026\/03\/cropped-logo_new-1.png","contentUrl":"https:\/\/blogdofarnesio.com.br\/wp-content\/uploads\/2026\/03\/cropped-logo_new-1.png","width":881,"height":685,"caption":"Blog do Farn\u00e9sio"},"image":{"@id":"https:\/\/blogdofarnesio.com.br\/#\/schema\/logo\/image\/"},"sameAs":["https:\/\/www.facebook.com\/BlogQuerSaberPolitica\/"]},{"@type":"Person","@id":"https:\/\/blogdofarnesio.com.br\/#\/schema\/person\/bb9b23ae3ad0609ce8df7b6c9e76824d","name":"Farn\u00e9sio","image":{"@type":"ImageObject","inLanguage":"pt-BR","@id":"https:\/\/secure.gravatar.com\/avatar\/986aa4c61ccdb66f8555bf88fc2a65609d00bcabd4d2d94377a727547345cbca?s=96&d=mm&r=g","url":"https:\/\/secure.gravatar.com\/avatar\/986aa4c61ccdb66f8555bf88fc2a65609d00bcabd4d2d94377a727547345cbca?s=96&d=mm&r=g","contentUrl":"https:\/\/secure.gravatar.com\/avatar\/986aa4c61ccdb66f8555bf88fc2a65609d00bcabd4d2d94377a727547345cbca?s=96&d=mm&r=g","caption":"Farn\u00e9sio"},"description":"Radialista blogueiro, chegou a Petrolina\/Juazeiro em setembro de 1980, Farn\u00e9sio Silva \u00e9 de Arapiraca-Alagoas.","sameAs":["http:\/\/blogdofarnesio.com.br","https:\/\/www.facebook.com\/?ref=tn_tnmn","https:\/\/www.instagram.com\/?utm_source=pwa_homescreen","https:\/\/youtube.com.br\/"],"url":"https:\/\/blogdofarnesio.com.br\/?author=2"}]}},"_links":{"self":[{"href":"https:\/\/blogdofarnesio.com.br\/index.php?rest_route=\/wp\/v2\/posts\/349304","targetHints":{"allow":["GET"]}}],"collection":[{"href":"https:\/\/blogdofarnesio.com.br\/index.php?rest_route=\/wp\/v2\/posts"}],"about":[{"href":"https:\/\/blogdofarnesio.com.br\/index.php?rest_route=\/wp\/v2\/types\/post"}],"author":[{"embeddable":true,"href":"https:\/\/blogdofarnesio.com.br\/index.php?rest_route=\/wp\/v2\/users\/2"}],"replies":[{"embeddable":true,"href":"https:\/\/blogdofarnesio.com.br\/index.php?rest_route=%2Fwp%2Fv2%2Fcomments&post=349304"}],"version-history":[{"count":0,"href":"https:\/\/blogdofarnesio.com.br\/index.php?rest_route=\/wp\/v2\/posts\/349304\/revisions"}],"wp:featuredmedia":[{"embeddable":true,"href":"https:\/\/blogdofarnesio.com.br\/index.php?rest_route=\/wp\/v2\/media\/348024"}],"wp:attachment":[{"href":"https:\/\/blogdofarnesio.com.br\/index.php?rest_route=%2Fwp%2Fv2%2Fmedia&parent=349304"}],"wp:term":[{"taxonomy":"category","embeddable":true,"href":"https:\/\/blogdofarnesio.com.br\/index.php?rest_route=%2Fwp%2Fv2%2Fcategories&post=349304"},{"taxonomy":"post_tag","embeddable":true,"href":"https:\/\/blogdofarnesio.com.br\/index.php?rest_route=%2Fwp%2Fv2%2Ftags&post=349304"}],"curies":[{"name":"wp","href":"https:\/\/api.w.org\/{rel}","templated":true}]}}