{"id":349147,"date":"2023-08-30T15:44:28","date_gmt":"2023-08-30T18:44:28","guid":{"rendered":"https:\/\/blogdofarnesio.com.br\/?p=349147"},"modified":"2023-08-30T11:11:31","modified_gmt":"2023-08-30T14:11:31","slug":"assitur-adia-2o-salao-de-turismo-do-vale-do-sao-francisco-saiba-quando-sera-a-nova-data","status":"publish","type":"post","link":"https:\/\/blogdofarnesio.com.br\/?p=349147","title":{"rendered":"Assitur adia 2\u00ba Sal\u00e3o de Turismo do Vale do S\u00e3o Francisco. Saiba quando ser\u00e1 a nova data"},"content":{"rendered":"<div>\n<p>Em nota divulgada para a imprensa, a organiza\u00e7\u00e3o do evento informou que o adiamento foi devido a ajustes operacionais, solicitados por prefeitos e secret\u00e1rios de munic\u00edpios parceiros, para adequa\u00e7\u00e3o dos projetos de exposi\u00e7\u00e3o \u00e0 super estrutura que ser\u00e1 montada visando a divulga\u00e7\u00e3o do potencial tur\u00edstico regional.<\/p>\n<p>Previsto inicialmente para acontecer em outubro, o 2\u00ba Sal\u00e3o de Turismo do Vale do S\u00e3o Francisco, foi adiado e ser\u00e1 realizado no per\u00edodo de 7 a 10 de dezembro pr\u00f3ximo na Orla Bossa Nova, em Juazeiro\/BA.<\/p>\n<p>De acordo com o presidente da Associa\u00e7\u00e3o de Turismo Integrada da Ride (Assitur), Gilberto Pires, a mudan\u00e7a da data tamb\u00e9m vai permitir \u00e0 coordena\u00e7\u00e3o a amplia\u00e7\u00e3o e maior visibilidade da programa\u00e7\u00e3o com destaque para o simp\u00f3sio sobre vinhos, espa\u00e7os dedicados \u00e0 gastronomia e ao turismo, semin\u00e1rios, caravanas de visitas t\u00e9cnicas e apresenta\u00e7\u00f5es de artistas da regi\u00e3o.<\/p>\n<p>&nbsp;<\/p>\n<p>&#8220;Refer\u00eancia de um setor que movimenta a economia com a gera\u00e7\u00e3o de empregos e renda, o 2\u00ba Sal\u00e3o de Turismo do Vale do S\u00e3o Francisco, vai promover o desenvolvimento regional, impulsionando atividades culturais, sociais e econ\u00f4micas, al\u00e9m de gerar oportunidades de empreendedorismo, a exemplo do espa\u00e7o Mulheres em Movimento&#8221;, ressaltou.<\/p>\n<p>&nbsp;<\/p>\n<p>O presidente da Assitur, acrescentou ainda que o m\u00eas de dezembro \u00e9 uma boa escolha para que o trade tur\u00edstico seja motivado \u00e0 realiza\u00e7\u00e3o de neg\u00f3cios, interc\u00e2mbio de conhecimentos e uma melhor atua\u00e7\u00e3o no setor, visando a consolida\u00e7\u00e3o do destino tur\u00edstico sustent\u00e1vel Vale do S\u00e3o Francisco<\/p>\n<p>&nbsp;<\/p>\n<p>&nbsp;<\/p>\n<\/div>\n<div><\/div>\n<div>\n<div><strong>&#8212;<\/strong><\/div>\n<div><strong>CLAS Comunica\u00e7\u00e3o &amp; Marketing<\/strong><\/div>\n<\/div>\n","protected":false},"excerpt":{"rendered":"<p>Em nota divulgada para a imprensa, a organiza\u00e7\u00e3o do evento informou que o adiamento foi devido a ajustes operacionais, solicitados por prefeitos e secret\u00e1rios de munic\u00edpios parceiros, para adequa\u00e7\u00e3o dos projetos de exposi\u00e7\u00e3o \u00e0 super estrutura que ser\u00e1 montada visando a divulga\u00e7\u00e3o do potencial tur\u00edstico regional. Previsto inicialmente para acontecer em outubro, o 2\u00ba Sal\u00e3o de Turismo do Vale do S\u00e3o Francisco, foi adiado e ser\u00e1 realizado no per\u00edodo de 7 a 10 de dezembro pr\u00f3ximo na Orla Bossa Nova, em Juazeiro\/BA. De acordo com o presidente da Associa\u00e7\u00e3o de Turismo Integrada da Ride (Assitur), Gilberto Pires, a mudan\u00e7a da data tamb\u00e9m vai permitir \u00e0 coordena\u00e7\u00e3o a amplia\u00e7\u00e3o e maior visibilidade da programa\u00e7\u00e3o com destaque para o simp\u00f3sio sobre vinhos,&hellip; <\/p>\n","protected":false},"author":2,"featured_media":190040,"comment_status":"open","ping_status":"open","sticky":false,"template":"","format":"standard","meta":{"_acf_changed":false,"footnotes":""},"categories":[11],"tags":[],"class_list":["post-349147","post","type-post","status-publish","format-standard","has-post-thumbnail","hentry","category-turismo"],"acf":[],"yoast_head":"<!-- This site is optimized with the Yoast SEO plugin v27.4 - https:\/\/yoast.com\/product\/yoast-seo-wordpress\/ -->\n<title>Assitur adia 2\u00ba Sal\u00e3o de Turismo do Vale do S\u00e3o Francisco. Saiba quando ser\u00e1 a nova data - Blog do Farn\u00e9sio<\/title>\n<meta name=\"robots\" content=\"index, follow, max-snippet:-1, max-image-preview:large, max-video-preview:-1\" \/>\n<link rel=\"canonical\" href=\"https:\/\/blogdofarnesio.com.br\/?p=349147\" \/>\n<meta property=\"og:locale\" content=\"pt_BR\" \/>\n<meta property=\"og:type\" content=\"article\" \/>\n<meta property=\"og:title\" content=\"Assitur adia 2\u00ba Sal\u00e3o de Turismo do Vale do S\u00e3o Francisco. Saiba quando ser\u00e1 a nova data - Blog do Farn\u00e9sio\" \/>\n<meta property=\"og:description\" content=\"Em nota divulgada para a imprensa, a organiza\u00e7\u00e3o do evento informou que o adiamento foi devido a ajustes operacionais, solicitados por prefeitos e secret\u00e1rios de munic\u00edpios parceiros, para adequa\u00e7\u00e3o dos projetos de exposi\u00e7\u00e3o \u00e0 super estrutura que ser\u00e1 montada visando a divulga\u00e7\u00e3o do potencial tur\u00edstico regional. Previsto inicialmente para acontecer em outubro, o 2\u00ba Sal\u00e3o de Turismo do Vale do S\u00e3o Francisco, foi adiado e ser\u00e1 realizado no per\u00edodo de 7 a 10 de dezembro pr\u00f3ximo na Orla Bossa Nova, em Juazeiro\/BA. De acordo com o presidente da Associa\u00e7\u00e3o de Turismo Integrada da Ride (Assitur), Gilberto Pires, a mudan\u00e7a da data tamb\u00e9m vai permitir \u00e0 coordena\u00e7\u00e3o a amplia\u00e7\u00e3o e maior visibilidade da programa\u00e7\u00e3o com destaque para o simp\u00f3sio sobre vinhos,&hellip;\" \/>\n<meta property=\"og:url\" content=\"https:\/\/blogdofarnesio.com.br\/?p=349147\" \/>\n<meta property=\"og:site_name\" content=\"Blog do Farn\u00e9sio\" \/>\n<meta property=\"article:publisher\" content=\"https:\/\/www.facebook.com\/BlogQuerSaberPolitica\/\" \/>\n<meta property=\"article:author\" content=\"https:\/\/www.facebook.com\/?ref=tn_tnmn\" \/>\n<meta property=\"article:published_time\" content=\"2023-08-30T18:44:28+00:00\" \/>\n<meta property=\"og:image\" content=\"https:\/\/blogdofarnesio.com.br\/wp-content\/uploads\/2018\/02\/blogqspevento_adiado-e1536101438822.jpg\" \/>\n\t<meta property=\"og:image:width\" content=\"674\" \/>\n\t<meta property=\"og:image:height\" content=\"183\" \/>\n\t<meta property=\"og:image:type\" content=\"image\/jpeg\" \/>\n<meta name=\"author\" content=\"Farn\u00e9sio\" \/>\n<meta name=\"twitter:card\" content=\"summary_large_image\" \/>\n<meta name=\"twitter:label1\" content=\"Escrito por\" \/>\n\t<meta name=\"twitter:data1\" content=\"Farn\u00e9sio\" \/>\n\t<meta name=\"twitter:label2\" content=\"Est. tempo de leitura\" \/>\n\t<meta name=\"twitter:data2\" content=\"2 minutos\" \/>\n<script type=\"application\/ld+json\" class=\"yoast-schema-graph\">{\"@context\":\"https:\\\/\\\/schema.org\",\"@graph\":[{\"@type\":\"Article\",\"@id\":\"https:\\\/\\\/blogdofarnesio.com.br\\\/?p=349147#article\",\"isPartOf\":{\"@id\":\"https:\\\/\\\/blogdofarnesio.com.br\\\/?p=349147\"},\"author\":{\"name\":\"Farn\u00e9sio\",\"@id\":\"https:\\\/\\\/blogdofarnesio.com.br\\\/#\\\/schema\\\/person\\\/bb9b23ae3ad0609ce8df7b6c9e76824d\"},\"headline\":\"Assitur adia 2\u00ba Sal\u00e3o de Turismo do Vale do S\u00e3o Francisco. Saiba quando ser\u00e1 a nova data\",\"datePublished\":\"2023-08-30T18:44:28+00:00\",\"mainEntityOfPage\":{\"@id\":\"https:\\\/\\\/blogdofarnesio.com.br\\\/?p=349147\"},\"wordCount\":294,\"commentCount\":0,\"publisher\":{\"@id\":\"https:\\\/\\\/blogdofarnesio.com.br\\\/#organization\"},\"image\":{\"@id\":\"https:\\\/\\\/blogdofarnesio.com.br\\\/?p=349147#primaryimage\"},\"thumbnailUrl\":\"https:\\\/\\\/blogdofarnesio.com.br\\\/wp-content\\\/uploads\\\/2018\\\/02\\\/blogqspevento_adiado-e1536101438822.jpg\",\"articleSection\":[\"Turismo\"],\"inLanguage\":\"pt-BR\",\"potentialAction\":[{\"@type\":\"CommentAction\",\"name\":\"Comment\",\"target\":[\"https:\\\/\\\/blogdofarnesio.com.br\\\/?p=349147#respond\"]}]},{\"@type\":\"WebPage\",\"@id\":\"https:\\\/\\\/blogdofarnesio.com.br\\\/?p=349147\",\"url\":\"https:\\\/\\\/blogdofarnesio.com.br\\\/?p=349147\",\"name\":\"Assitur adia 2\u00ba Sal\u00e3o de Turismo do Vale do S\u00e3o Francisco. Saiba quando ser\u00e1 a nova data - Blog do Farn\u00e9sio\",\"isPartOf\":{\"@id\":\"https:\\\/\\\/blogdofarnesio.com.br\\\/#website\"},\"primaryImageOfPage\":{\"@id\":\"https:\\\/\\\/blogdofarnesio.com.br\\\/?p=349147#primaryimage\"},\"image\":{\"@id\":\"https:\\\/\\\/blogdofarnesio.com.br\\\/?p=349147#primaryimage\"},\"thumbnailUrl\":\"https:\\\/\\\/blogdofarnesio.com.br\\\/wp-content\\\/uploads\\\/2018\\\/02\\\/blogqspevento_adiado-e1536101438822.jpg\",\"datePublished\":\"2023-08-30T18:44:28+00:00\",\"breadcrumb\":{\"@id\":\"https:\\\/\\\/blogdofarnesio.com.br\\\/?p=349147#breadcrumb\"},\"inLanguage\":\"pt-BR\",\"potentialAction\":[{\"@type\":\"ReadAction\",\"target\":[\"https:\\\/\\\/blogdofarnesio.com.br\\\/?p=349147\"]}]},{\"@type\":\"ImageObject\",\"inLanguage\":\"pt-BR\",\"@id\":\"https:\\\/\\\/blogdofarnesio.com.br\\\/?p=349147#primaryimage\",\"url\":\"https:\\\/\\\/blogdofarnesio.com.br\\\/wp-content\\\/uploads\\\/2018\\\/02\\\/blogqspevento_adiado-e1536101438822.jpg\",\"contentUrl\":\"https:\\\/\\\/blogdofarnesio.com.br\\\/wp-content\\\/uploads\\\/2018\\\/02\\\/blogqspevento_adiado-e1536101438822.jpg\",\"width\":674,\"height\":183},{\"@type\":\"BreadcrumbList\",\"@id\":\"https:\\\/\\\/blogdofarnesio.com.br\\\/?p=349147#breadcrumb\",\"itemListElement\":[{\"@type\":\"ListItem\",\"position\":1,\"name\":\"In\u00edcio\",\"item\":\"https:\\\/\\\/blogdofarnesio.com.br\\\/\"},{\"@type\":\"ListItem\",\"position\":2,\"name\":\"Assitur adia 2\u00ba Sal\u00e3o de Turismo do Vale do S\u00e3o Francisco. Saiba quando ser\u00e1 a nova data\"}]},{\"@type\":\"WebSite\",\"@id\":\"https:\\\/\\\/blogdofarnesio.com.br\\\/#website\",\"url\":\"https:\\\/\\\/blogdofarnesio.com.br\\\/\",\"name\":\"Blog do Farn\u00e9sio\",\"description\":\"Quer Saber Pol\u00edtica?\",\"publisher\":{\"@id\":\"https:\\\/\\\/blogdofarnesio.com.br\\\/#organization\"},\"potentialAction\":[{\"@type\":\"SearchAction\",\"target\":{\"@type\":\"EntryPoint\",\"urlTemplate\":\"https:\\\/\\\/blogdofarnesio.com.br\\\/?s={search_term_string}\"},\"query-input\":{\"@type\":\"PropertyValueSpecification\",\"valueRequired\":true,\"valueName\":\"search_term_string\"}}],\"inLanguage\":\"pt-BR\"},{\"@type\":\"Organization\",\"@id\":\"https:\\\/\\\/blogdofarnesio.com.br\\\/#organization\",\"name\":\"Blog do Farn\u00e9sio\",\"url\":\"https:\\\/\\\/blogdofarnesio.com.br\\\/\",\"logo\":{\"@type\":\"ImageObject\",\"inLanguage\":\"pt-BR\",\"@id\":\"https:\\\/\\\/blogdofarnesio.com.br\\\/#\\\/schema\\\/logo\\\/image\\\/\",\"url\":\"https:\\\/\\\/blogdofarnesio.com.br\\\/wp-content\\\/uploads\\\/2026\\\/03\\\/cropped-logo_new-1.png\",\"contentUrl\":\"https:\\\/\\\/blogdofarnesio.com.br\\\/wp-content\\\/uploads\\\/2026\\\/03\\\/cropped-logo_new-1.png\",\"width\":881,\"height\":685,\"caption\":\"Blog do Farn\u00e9sio\"},\"image\":{\"@id\":\"https:\\\/\\\/blogdofarnesio.com.br\\\/#\\\/schema\\\/logo\\\/image\\\/\"},\"sameAs\":[\"https:\\\/\\\/www.facebook.com\\\/BlogQuerSaberPolitica\\\/\"]},{\"@type\":\"Person\",\"@id\":\"https:\\\/\\\/blogdofarnesio.com.br\\\/#\\\/schema\\\/person\\\/bb9b23ae3ad0609ce8df7b6c9e76824d\",\"name\":\"Farn\u00e9sio\",\"image\":{\"@type\":\"ImageObject\",\"inLanguage\":\"pt-BR\",\"@id\":\"https:\\\/\\\/secure.gravatar.com\\\/avatar\\\/986aa4c61ccdb66f8555bf88fc2a65609d00bcabd4d2d94377a727547345cbca?s=96&d=mm&r=g\",\"url\":\"https:\\\/\\\/secure.gravatar.com\\\/avatar\\\/986aa4c61ccdb66f8555bf88fc2a65609d00bcabd4d2d94377a727547345cbca?s=96&d=mm&r=g\",\"contentUrl\":\"https:\\\/\\\/secure.gravatar.com\\\/avatar\\\/986aa4c61ccdb66f8555bf88fc2a65609d00bcabd4d2d94377a727547345cbca?s=96&d=mm&r=g\",\"caption\":\"Farn\u00e9sio\"},\"description\":\"Radialista blogueiro, chegou a Petrolina\\\/Juazeiro em setembro de 1980, Farn\u00e9sio Silva \u00e9 de Arapiraca-Alagoas.\",\"sameAs\":[\"http:\\\/\\\/blogdofarnesio.com.br\",\"https:\\\/\\\/www.facebook.com\\\/?ref=tn_tnmn\",\"https:\\\/\\\/www.instagram.com\\\/?utm_source=pwa_homescreen\",\"https:\\\/\\\/youtube.com.br\\\/\"],\"url\":\"https:\\\/\\\/blogdofarnesio.com.br\\\/?author=2\"}]}<\/script>\n<!-- \/ Yoast SEO plugin. -->","yoast_head_json":{"title":"Assitur adia 2\u00ba Sal\u00e3o de Turismo do Vale do S\u00e3o Francisco. Saiba quando ser\u00e1 a nova data - Blog do Farn\u00e9sio","robots":{"index":"index","follow":"follow","max-snippet":"max-snippet:-1","max-image-preview":"max-image-preview:large","max-video-preview":"max-video-preview:-1"},"canonical":"https:\/\/blogdofarnesio.com.br\/?p=349147","og_locale":"pt_BR","og_type":"article","og_title":"Assitur adia 2\u00ba Sal\u00e3o de Turismo do Vale do S\u00e3o Francisco. Saiba quando ser\u00e1 a nova data - Blog do Farn\u00e9sio","og_description":"Em nota divulgada para a imprensa, a organiza\u00e7\u00e3o do evento informou que o adiamento foi devido a ajustes operacionais, solicitados por prefeitos e secret\u00e1rios de munic\u00edpios parceiros, para adequa\u00e7\u00e3o dos projetos de exposi\u00e7\u00e3o \u00e0 super estrutura que ser\u00e1 montada visando a divulga\u00e7\u00e3o do potencial tur\u00edstico regional. Previsto inicialmente para acontecer em outubro, o 2\u00ba Sal\u00e3o de Turismo do Vale do S\u00e3o Francisco, foi adiado e ser\u00e1 realizado no per\u00edodo de 7 a 10 de dezembro pr\u00f3ximo na Orla Bossa Nova, em Juazeiro\/BA. De acordo com o presidente da Associa\u00e7\u00e3o de Turismo Integrada da Ride (Assitur), Gilberto Pires, a mudan\u00e7a da data tamb\u00e9m vai permitir \u00e0 coordena\u00e7\u00e3o a amplia\u00e7\u00e3o e maior visibilidade da programa\u00e7\u00e3o com destaque para o simp\u00f3sio sobre vinhos,&hellip;","og_url":"https:\/\/blogdofarnesio.com.br\/?p=349147","og_site_name":"Blog do Farn\u00e9sio","article_publisher":"https:\/\/www.facebook.com\/BlogQuerSaberPolitica\/","article_author":"https:\/\/www.facebook.com\/?ref=tn_tnmn","article_published_time":"2023-08-30T18:44:28+00:00","og_image":[{"width":674,"height":183,"url":"https:\/\/blogdofarnesio.com.br\/wp-content\/uploads\/2018\/02\/blogqspevento_adiado-e1536101438822.jpg","type":"image\/jpeg"}],"author":"Farn\u00e9sio","twitter_card":"summary_large_image","twitter_misc":{"Escrito por":"Farn\u00e9sio","Est. tempo de leitura":"2 minutos"},"schema":{"@context":"https:\/\/schema.org","@graph":[{"@type":"Article","@id":"https:\/\/blogdofarnesio.com.br\/?p=349147#article","isPartOf":{"@id":"https:\/\/blogdofarnesio.com.br\/?p=349147"},"author":{"name":"Farn\u00e9sio","@id":"https:\/\/blogdofarnesio.com.br\/#\/schema\/person\/bb9b23ae3ad0609ce8df7b6c9e76824d"},"headline":"Assitur adia 2\u00ba Sal\u00e3o de Turismo do Vale do S\u00e3o Francisco. Saiba quando ser\u00e1 a nova data","datePublished":"2023-08-30T18:44:28+00:00","mainEntityOfPage":{"@id":"https:\/\/blogdofarnesio.com.br\/?p=349147"},"wordCount":294,"commentCount":0,"publisher":{"@id":"https:\/\/blogdofarnesio.com.br\/#organization"},"image":{"@id":"https:\/\/blogdofarnesio.com.br\/?p=349147#primaryimage"},"thumbnailUrl":"https:\/\/blogdofarnesio.com.br\/wp-content\/uploads\/2018\/02\/blogqspevento_adiado-e1536101438822.jpg","articleSection":["Turismo"],"inLanguage":"pt-BR","potentialAction":[{"@type":"CommentAction","name":"Comment","target":["https:\/\/blogdofarnesio.com.br\/?p=349147#respond"]}]},{"@type":"WebPage","@id":"https:\/\/blogdofarnesio.com.br\/?p=349147","url":"https:\/\/blogdofarnesio.com.br\/?p=349147","name":"Assitur adia 2\u00ba Sal\u00e3o de Turismo do Vale do S\u00e3o Francisco. Saiba quando ser\u00e1 a nova data - Blog do Farn\u00e9sio","isPartOf":{"@id":"https:\/\/blogdofarnesio.com.br\/#website"},"primaryImageOfPage":{"@id":"https:\/\/blogdofarnesio.com.br\/?p=349147#primaryimage"},"image":{"@id":"https:\/\/blogdofarnesio.com.br\/?p=349147#primaryimage"},"thumbnailUrl":"https:\/\/blogdofarnesio.com.br\/wp-content\/uploads\/2018\/02\/blogqspevento_adiado-e1536101438822.jpg","datePublished":"2023-08-30T18:44:28+00:00","breadcrumb":{"@id":"https:\/\/blogdofarnesio.com.br\/?p=349147#breadcrumb"},"inLanguage":"pt-BR","potentialAction":[{"@type":"ReadAction","target":["https:\/\/blogdofarnesio.com.br\/?p=349147"]}]},{"@type":"ImageObject","inLanguage":"pt-BR","@id":"https:\/\/blogdofarnesio.com.br\/?p=349147#primaryimage","url":"https:\/\/blogdofarnesio.com.br\/wp-content\/uploads\/2018\/02\/blogqspevento_adiado-e1536101438822.jpg","contentUrl":"https:\/\/blogdofarnesio.com.br\/wp-content\/uploads\/2018\/02\/blogqspevento_adiado-e1536101438822.jpg","width":674,"height":183},{"@type":"BreadcrumbList","@id":"https:\/\/blogdofarnesio.com.br\/?p=349147#breadcrumb","itemListElement":[{"@type":"ListItem","position":1,"name":"In\u00edcio","item":"https:\/\/blogdofarnesio.com.br\/"},{"@type":"ListItem","position":2,"name":"Assitur adia 2\u00ba Sal\u00e3o de Turismo do Vale do S\u00e3o Francisco. Saiba quando ser\u00e1 a nova data"}]},{"@type":"WebSite","@id":"https:\/\/blogdofarnesio.com.br\/#website","url":"https:\/\/blogdofarnesio.com.br\/","name":"Blog do Farn\u00e9sio","description":"Quer Saber Pol\u00edtica?","publisher":{"@id":"https:\/\/blogdofarnesio.com.br\/#organization"},"potentialAction":[{"@type":"SearchAction","target":{"@type":"EntryPoint","urlTemplate":"https:\/\/blogdofarnesio.com.br\/?s={search_term_string}"},"query-input":{"@type":"PropertyValueSpecification","valueRequired":true,"valueName":"search_term_string"}}],"inLanguage":"pt-BR"},{"@type":"Organization","@id":"https:\/\/blogdofarnesio.com.br\/#organization","name":"Blog do Farn\u00e9sio","url":"https:\/\/blogdofarnesio.com.br\/","logo":{"@type":"ImageObject","inLanguage":"pt-BR","@id":"https:\/\/blogdofarnesio.com.br\/#\/schema\/logo\/image\/","url":"https:\/\/blogdofarnesio.com.br\/wp-content\/uploads\/2026\/03\/cropped-logo_new-1.png","contentUrl":"https:\/\/blogdofarnesio.com.br\/wp-content\/uploads\/2026\/03\/cropped-logo_new-1.png","width":881,"height":685,"caption":"Blog do Farn\u00e9sio"},"image":{"@id":"https:\/\/blogdofarnesio.com.br\/#\/schema\/logo\/image\/"},"sameAs":["https:\/\/www.facebook.com\/BlogQuerSaberPolitica\/"]},{"@type":"Person","@id":"https:\/\/blogdofarnesio.com.br\/#\/schema\/person\/bb9b23ae3ad0609ce8df7b6c9e76824d","name":"Farn\u00e9sio","image":{"@type":"ImageObject","inLanguage":"pt-BR","@id":"https:\/\/secure.gravatar.com\/avatar\/986aa4c61ccdb66f8555bf88fc2a65609d00bcabd4d2d94377a727547345cbca?s=96&d=mm&r=g","url":"https:\/\/secure.gravatar.com\/avatar\/986aa4c61ccdb66f8555bf88fc2a65609d00bcabd4d2d94377a727547345cbca?s=96&d=mm&r=g","contentUrl":"https:\/\/secure.gravatar.com\/avatar\/986aa4c61ccdb66f8555bf88fc2a65609d00bcabd4d2d94377a727547345cbca?s=96&d=mm&r=g","caption":"Farn\u00e9sio"},"description":"Radialista blogueiro, chegou a Petrolina\/Juazeiro em setembro de 1980, Farn\u00e9sio Silva \u00e9 de Arapiraca-Alagoas.","sameAs":["http:\/\/blogdofarnesio.com.br","https:\/\/www.facebook.com\/?ref=tn_tnmn","https:\/\/www.instagram.com\/?utm_source=pwa_homescreen","https:\/\/youtube.com.br\/"],"url":"https:\/\/blogdofarnesio.com.br\/?author=2"}]}},"_links":{"self":[{"href":"https:\/\/blogdofarnesio.com.br\/index.php?rest_route=\/wp\/v2\/posts\/349147","targetHints":{"allow":["GET"]}}],"collection":[{"href":"https:\/\/blogdofarnesio.com.br\/index.php?rest_route=\/wp\/v2\/posts"}],"about":[{"href":"https:\/\/blogdofarnesio.com.br\/index.php?rest_route=\/wp\/v2\/types\/post"}],"author":[{"embeddable":true,"href":"https:\/\/blogdofarnesio.com.br\/index.php?rest_route=\/wp\/v2\/users\/2"}],"replies":[{"embeddable":true,"href":"https:\/\/blogdofarnesio.com.br\/index.php?rest_route=%2Fwp%2Fv2%2Fcomments&post=349147"}],"version-history":[{"count":0,"href":"https:\/\/blogdofarnesio.com.br\/index.php?rest_route=\/wp\/v2\/posts\/349147\/revisions"}],"wp:featuredmedia":[{"embeddable":true,"href":"https:\/\/blogdofarnesio.com.br\/index.php?rest_route=\/wp\/v2\/media\/190040"}],"wp:attachment":[{"href":"https:\/\/blogdofarnesio.com.br\/index.php?rest_route=%2Fwp%2Fv2%2Fmedia&parent=349147"}],"wp:term":[{"taxonomy":"category","embeddable":true,"href":"https:\/\/blogdofarnesio.com.br\/index.php?rest_route=%2Fwp%2Fv2%2Fcategories&post=349147"},{"taxonomy":"post_tag","embeddable":true,"href":"https:\/\/blogdofarnesio.com.br\/index.php?rest_route=%2Fwp%2Fv2%2Ftags&post=349147"}],"curies":[{"name":"wp","href":"https:\/\/api.w.org\/{rel}","templated":true}]}}