{"id":349125,"date":"2023-08-30T11:44:58","date_gmt":"2023-08-30T14:44:58","guid":{"rendered":"https:\/\/blogdofarnesio.com.br\/?p=349125"},"modified":"2023-08-30T09:39:34","modified_gmt":"2023-08-30T12:39:34","slug":"publicados-os-editais-do-concurso-da-camara-dos-deputados","status":"publish","type":"post","link":"https:\/\/blogdofarnesio.com.br\/?p=349125","title":{"rendered":"Publicados os editais do concurso da C\u00e2mara dos Deputados"},"content":{"rendered":"<p>A Diretoria-Geral da C\u00e2mara dos Deputados informa que enviou nesta ter\u00e7a-feira (22) para publica\u00e7\u00e3o no Di\u00e1rio Oficial os quatro editais do concurso da institui\u00e7\u00e3o, autorizado pela decis\u00e3o da Mesa de 24 de maio de 2023. As provas est\u00e3o previstas para duas datas: 3 e 10 de dezembro.<\/p>\n<p>No dia\u00a0<strong>3 de dezembro<\/strong>, ocorrer\u00e3o as\u00a0<strong>provas objetivas<\/strong>\u00a0e a\u00a0<strong>prova discursiva<\/strong>\u00a0para o cargo de Analista Legislativo, nas atribui\u00e7\u00f5es Contador, Inform\u00e1tica Legislativa, T\u00e9cnico em Material e Patrim\u00f4nio, Assistente Social, Enfermeiro, Farmac\u00eautico e M\u00e9dico. No mesmo dia, os candidatos ao cargo de Analista Legislativo, na atribui\u00e7\u00e3o Consultoria (Consultor Legislativo e Consultor de Or\u00e7amento e Fiscaliza\u00e7\u00e3o Financeira) far\u00e3o apenas as provas objetivas.<\/p>\n<p>No dia\u00a0<strong>10 de dezembro<\/strong>, ser\u00e3o aplicadas as\u00a0<strong>provas objetivas<\/strong>\u00a0e a\u00a0<strong>prova discursiva<\/strong>\u00a0para os candidatos ao cargo de Analista Legislativo, atribui\u00e7\u00e3o T\u00e9cnica Legislativa, e as provas discursivas para o cargo de Analista Legislativo, na atribui\u00e7\u00e3o Consultoria (Consultor Legislativa e Consultor de Or\u00e7amento e Fiscaliza\u00e7\u00e3o Financeira).<\/p>\n<p>As provas ser\u00e3o aplicadas em todas as capitais do Pa\u00eds.<\/p>\n<p><a href=\"https:\/\/www.camara.leg.br\/midias\/file\/2023\/08\/cdep-edital-1.pdf\">Edital 1 \u2013 Contador, Inform\u00e1tica Legislativa e T\u00e9cnico em Material e Patrim\u00f4nio<\/a><\/p>\n<p><a href=\"https:\/\/www.camara.leg.br\/midias\/file\/2023\/08\/cdep-edital-2-assistente-social-enfermeiro-farmacutico-e-mdico-22-08-publicao.pdf\">Edital 2 \u2013 Assistente social, Enfermeiro, Farmac\u00eautico e M\u00e9dico<\/a><\/p>\n<p><a href=\"https:\/\/www.camara.leg.br\/midias\/file\/2023\/08\/cdep-edital-3.pdf\">Edital 3 \u2013 T\u00e9cnica Legislativa<\/a><\/p>\n<p><a href=\"https:\/\/www.camara.leg.br\/midias\/file\/2023\/08\/cdep-edital-4-consultorias-22-08-publicao-pdf.pdf\">Edital 4 \u2013 Consultorias<\/a><\/p>\n<p><strong>Corre\u00e7\u00e3o:<\/strong>\u00a0inicialmente, o Edital 3 trazia o domingo dia 3\/12 como data prov\u00e1vel da prova de Analista Legislativo, atribui\u00e7\u00e3o T\u00e9cnica Legislativa. A data prov\u00e1vel correta \u00e9 o dia 10\/12, como informam a mat\u00e9ria e o edital encaminhado para publica\u00e7\u00e3o no Di\u00e1rio Oficial.<\/p>\n<p><a href=\"https:\/\/infograficos.camara.leg.br\/concursocamaradosdeputados\/\">Para mais informa\u00e7\u00f5es sobre o concurso, acesse aqui<\/a><\/p>\n","protected":false},"excerpt":{"rendered":"<p>A Diretoria-Geral da C\u00e2mara dos Deputados informa que enviou nesta ter\u00e7a-feira (22) para publica\u00e7\u00e3o no Di\u00e1rio Oficial os quatro editais do concurso da institui\u00e7\u00e3o, autorizado pela decis\u00e3o da Mesa de 24 de maio de 2023. As provas est\u00e3o previstas para duas datas: 3 e 10 de dezembro. No dia\u00a03 de dezembro, ocorrer\u00e3o as\u00a0provas objetivas\u00a0e a\u00a0prova discursiva\u00a0para o cargo de Analista Legislativo, nas atribui\u00e7\u00f5es Contador, Inform\u00e1tica Legislativa, T\u00e9cnico em Material e Patrim\u00f4nio, Assistente Social, Enfermeiro, Farmac\u00eautico e M\u00e9dico. No mesmo dia, os candidatos ao cargo de Analista Legislativo, na atribui\u00e7\u00e3o Consultoria (Consultor Legislativo e Consultor de Or\u00e7amento e Fiscaliza\u00e7\u00e3o Financeira) far\u00e3o apenas as provas objetivas. No dia\u00a010 de dezembro, ser\u00e3o aplicadas as\u00a0provas objetivas\u00a0e a\u00a0prova discursiva\u00a0para os candidatos ao cargo de Analista&hellip; <\/p>\n","protected":false},"author":2,"featured_media":201047,"comment_status":"open","ping_status":"open","sticky":false,"template":"","format":"standard","meta":{"_acf_changed":false,"footnotes":""},"categories":[31],"tags":[],"class_list":["post-349125","post","type-post","status-publish","format-standard","has-post-thumbnail","hentry","category-concursos"],"acf":[],"yoast_head":"<!-- This site is optimized with the Yoast SEO plugin v27.4 - https:\/\/yoast.com\/product\/yoast-seo-wordpress\/ -->\n<title>Publicados os editais do concurso da C\u00e2mara dos Deputados - Blog do Farn\u00e9sio<\/title>\n<meta name=\"robots\" content=\"index, follow, max-snippet:-1, max-image-preview:large, max-video-preview:-1\" \/>\n<link rel=\"canonical\" href=\"https:\/\/blogdofarnesio.com.br\/?p=349125\" \/>\n<meta property=\"og:locale\" content=\"pt_BR\" \/>\n<meta property=\"og:type\" content=\"article\" \/>\n<meta property=\"og:title\" content=\"Publicados os editais do concurso da C\u00e2mara dos Deputados - Blog do Farn\u00e9sio\" \/>\n<meta property=\"og:description\" content=\"A Diretoria-Geral da C\u00e2mara dos Deputados informa que enviou nesta ter\u00e7a-feira (22) para publica\u00e7\u00e3o no Di\u00e1rio Oficial os quatro editais do concurso da institui\u00e7\u00e3o, autorizado pela decis\u00e3o da Mesa de 24 de maio de 2023. As provas est\u00e3o previstas para duas datas: 3 e 10 de dezembro. No dia\u00a03 de dezembro, ocorrer\u00e3o as\u00a0provas objetivas\u00a0e a\u00a0prova discursiva\u00a0para o cargo de Analista Legislativo, nas atribui\u00e7\u00f5es Contador, Inform\u00e1tica Legislativa, T\u00e9cnico em Material e Patrim\u00f4nio, Assistente Social, Enfermeiro, Farmac\u00eautico e M\u00e9dico. No mesmo dia, os candidatos ao cargo de Analista Legislativo, na atribui\u00e7\u00e3o Consultoria (Consultor Legislativo e Consultor de Or\u00e7amento e Fiscaliza\u00e7\u00e3o Financeira) far\u00e3o apenas as provas objetivas. No dia\u00a010 de dezembro, ser\u00e3o aplicadas as\u00a0provas objetivas\u00a0e a\u00a0prova discursiva\u00a0para os candidatos ao cargo de Analista&hellip;\" \/>\n<meta property=\"og:url\" content=\"https:\/\/blogdofarnesio.com.br\/?p=349125\" \/>\n<meta property=\"og:site_name\" content=\"Blog do Farn\u00e9sio\" \/>\n<meta property=\"article:publisher\" content=\"https:\/\/www.facebook.com\/BlogQuerSaberPolitica\/\" \/>\n<meta property=\"article:author\" content=\"https:\/\/www.facebook.com\/?ref=tn_tnmn\" \/>\n<meta property=\"article:published_time\" content=\"2023-08-30T14:44:58+00:00\" \/>\n<meta property=\"og:image\" content=\"https:\/\/blogdofarnesio.com.br\/wp-content\/uploads\/2018\/06\/blogqspcongresso-nacional.jpg\" \/>\n\t<meta property=\"og:image:width\" content=\"699\" \/>\n\t<meta property=\"og:image:height\" content=\"420\" \/>\n\t<meta property=\"og:image:type\" content=\"image\/jpeg\" \/>\n<meta name=\"author\" content=\"Farn\u00e9sio\" \/>\n<meta name=\"twitter:card\" content=\"summary_large_image\" \/>\n<meta name=\"twitter:label1\" content=\"Escrito por\" \/>\n\t<meta name=\"twitter:data1\" content=\"Farn\u00e9sio\" \/>\n\t<meta name=\"twitter:label2\" content=\"Est. tempo de leitura\" \/>\n\t<meta name=\"twitter:data2\" content=\"2 minutos\" \/>\n<script type=\"application\/ld+json\" class=\"yoast-schema-graph\">{\"@context\":\"https:\\\/\\\/schema.org\",\"@graph\":[{\"@type\":\"Article\",\"@id\":\"https:\\\/\\\/blogdofarnesio.com.br\\\/?p=349125#article\",\"isPartOf\":{\"@id\":\"https:\\\/\\\/blogdofarnesio.com.br\\\/?p=349125\"},\"author\":{\"name\":\"Farn\u00e9sio\",\"@id\":\"https:\\\/\\\/blogdofarnesio.com.br\\\/#\\\/schema\\\/person\\\/bb9b23ae3ad0609ce8df7b6c9e76824d\"},\"headline\":\"Publicados os editais do concurso da C\u00e2mara dos Deputados\",\"datePublished\":\"2023-08-30T14:44:58+00:00\",\"mainEntityOfPage\":{\"@id\":\"https:\\\/\\\/blogdofarnesio.com.br\\\/?p=349125\"},\"wordCount\":278,\"commentCount\":0,\"publisher\":{\"@id\":\"https:\\\/\\\/blogdofarnesio.com.br\\\/#organization\"},\"image\":{\"@id\":\"https:\\\/\\\/blogdofarnesio.com.br\\\/?p=349125#primaryimage\"},\"thumbnailUrl\":\"https:\\\/\\\/blogdofarnesio.com.br\\\/wp-content\\\/uploads\\\/2018\\\/06\\\/blogqspcongresso-nacional.jpg\",\"articleSection\":[\"Concursos\"],\"inLanguage\":\"pt-BR\",\"potentialAction\":[{\"@type\":\"CommentAction\",\"name\":\"Comment\",\"target\":[\"https:\\\/\\\/blogdofarnesio.com.br\\\/?p=349125#respond\"]}]},{\"@type\":\"WebPage\",\"@id\":\"https:\\\/\\\/blogdofarnesio.com.br\\\/?p=349125\",\"url\":\"https:\\\/\\\/blogdofarnesio.com.br\\\/?p=349125\",\"name\":\"Publicados os editais do concurso da C\u00e2mara dos Deputados - Blog do Farn\u00e9sio\",\"isPartOf\":{\"@id\":\"https:\\\/\\\/blogdofarnesio.com.br\\\/#website\"},\"primaryImageOfPage\":{\"@id\":\"https:\\\/\\\/blogdofarnesio.com.br\\\/?p=349125#primaryimage\"},\"image\":{\"@id\":\"https:\\\/\\\/blogdofarnesio.com.br\\\/?p=349125#primaryimage\"},\"thumbnailUrl\":\"https:\\\/\\\/blogdofarnesio.com.br\\\/wp-content\\\/uploads\\\/2018\\\/06\\\/blogqspcongresso-nacional.jpg\",\"datePublished\":\"2023-08-30T14:44:58+00:00\",\"breadcrumb\":{\"@id\":\"https:\\\/\\\/blogdofarnesio.com.br\\\/?p=349125#breadcrumb\"},\"inLanguage\":\"pt-BR\",\"potentialAction\":[{\"@type\":\"ReadAction\",\"target\":[\"https:\\\/\\\/blogdofarnesio.com.br\\\/?p=349125\"]}]},{\"@type\":\"ImageObject\",\"inLanguage\":\"pt-BR\",\"@id\":\"https:\\\/\\\/blogdofarnesio.com.br\\\/?p=349125#primaryimage\",\"url\":\"https:\\\/\\\/blogdofarnesio.com.br\\\/wp-content\\\/uploads\\\/2018\\\/06\\\/blogqspcongresso-nacional.jpg\",\"contentUrl\":\"https:\\\/\\\/blogdofarnesio.com.br\\\/wp-content\\\/uploads\\\/2018\\\/06\\\/blogqspcongresso-nacional.jpg\",\"width\":699,\"height\":420},{\"@type\":\"BreadcrumbList\",\"@id\":\"https:\\\/\\\/blogdofarnesio.com.br\\\/?p=349125#breadcrumb\",\"itemListElement\":[{\"@type\":\"ListItem\",\"position\":1,\"name\":\"In\u00edcio\",\"item\":\"https:\\\/\\\/blogdofarnesio.com.br\\\/\"},{\"@type\":\"ListItem\",\"position\":2,\"name\":\"Publicados os editais do concurso da C\u00e2mara dos Deputados\"}]},{\"@type\":\"WebSite\",\"@id\":\"https:\\\/\\\/blogdofarnesio.com.br\\\/#website\",\"url\":\"https:\\\/\\\/blogdofarnesio.com.br\\\/\",\"name\":\"Blog do Farn\u00e9sio\",\"description\":\"Quer Saber Pol\u00edtica?\",\"publisher\":{\"@id\":\"https:\\\/\\\/blogdofarnesio.com.br\\\/#organization\"},\"potentialAction\":[{\"@type\":\"SearchAction\",\"target\":{\"@type\":\"EntryPoint\",\"urlTemplate\":\"https:\\\/\\\/blogdofarnesio.com.br\\\/?s={search_term_string}\"},\"query-input\":{\"@type\":\"PropertyValueSpecification\",\"valueRequired\":true,\"valueName\":\"search_term_string\"}}],\"inLanguage\":\"pt-BR\"},{\"@type\":\"Organization\",\"@id\":\"https:\\\/\\\/blogdofarnesio.com.br\\\/#organization\",\"name\":\"Blog do Farn\u00e9sio\",\"url\":\"https:\\\/\\\/blogdofarnesio.com.br\\\/\",\"logo\":{\"@type\":\"ImageObject\",\"inLanguage\":\"pt-BR\",\"@id\":\"https:\\\/\\\/blogdofarnesio.com.br\\\/#\\\/schema\\\/logo\\\/image\\\/\",\"url\":\"https:\\\/\\\/blogdofarnesio.com.br\\\/wp-content\\\/uploads\\\/2026\\\/03\\\/cropped-logo_new-1.png\",\"contentUrl\":\"https:\\\/\\\/blogdofarnesio.com.br\\\/wp-content\\\/uploads\\\/2026\\\/03\\\/cropped-logo_new-1.png\",\"width\":881,\"height\":685,\"caption\":\"Blog do Farn\u00e9sio\"},\"image\":{\"@id\":\"https:\\\/\\\/blogdofarnesio.com.br\\\/#\\\/schema\\\/logo\\\/image\\\/\"},\"sameAs\":[\"https:\\\/\\\/www.facebook.com\\\/BlogQuerSaberPolitica\\\/\"]},{\"@type\":\"Person\",\"@id\":\"https:\\\/\\\/blogdofarnesio.com.br\\\/#\\\/schema\\\/person\\\/bb9b23ae3ad0609ce8df7b6c9e76824d\",\"name\":\"Farn\u00e9sio\",\"image\":{\"@type\":\"ImageObject\",\"inLanguage\":\"pt-BR\",\"@id\":\"https:\\\/\\\/secure.gravatar.com\\\/avatar\\\/986aa4c61ccdb66f8555bf88fc2a65609d00bcabd4d2d94377a727547345cbca?s=96&d=mm&r=g\",\"url\":\"https:\\\/\\\/secure.gravatar.com\\\/avatar\\\/986aa4c61ccdb66f8555bf88fc2a65609d00bcabd4d2d94377a727547345cbca?s=96&d=mm&r=g\",\"contentUrl\":\"https:\\\/\\\/secure.gravatar.com\\\/avatar\\\/986aa4c61ccdb66f8555bf88fc2a65609d00bcabd4d2d94377a727547345cbca?s=96&d=mm&r=g\",\"caption\":\"Farn\u00e9sio\"},\"description\":\"Radialista blogueiro, chegou a Petrolina\\\/Juazeiro em setembro de 1980, Farn\u00e9sio Silva \u00e9 de Arapiraca-Alagoas.\",\"sameAs\":[\"http:\\\/\\\/blogdofarnesio.com.br\",\"https:\\\/\\\/www.facebook.com\\\/?ref=tn_tnmn\",\"https:\\\/\\\/www.instagram.com\\\/?utm_source=pwa_homescreen\",\"https:\\\/\\\/youtube.com.br\\\/\"],\"url\":\"https:\\\/\\\/blogdofarnesio.com.br\\\/?author=2\"}]}<\/script>\n<!-- \/ Yoast SEO plugin. -->","yoast_head_json":{"title":"Publicados os editais do concurso da C\u00e2mara dos Deputados - Blog do Farn\u00e9sio","robots":{"index":"index","follow":"follow","max-snippet":"max-snippet:-1","max-image-preview":"max-image-preview:large","max-video-preview":"max-video-preview:-1"},"canonical":"https:\/\/blogdofarnesio.com.br\/?p=349125","og_locale":"pt_BR","og_type":"article","og_title":"Publicados os editais do concurso da C\u00e2mara dos Deputados - Blog do Farn\u00e9sio","og_description":"A Diretoria-Geral da C\u00e2mara dos Deputados informa que enviou nesta ter\u00e7a-feira (22) para publica\u00e7\u00e3o no Di\u00e1rio Oficial os quatro editais do concurso da institui\u00e7\u00e3o, autorizado pela decis\u00e3o da Mesa de 24 de maio de 2023. As provas est\u00e3o previstas para duas datas: 3 e 10 de dezembro. No dia\u00a03 de dezembro, ocorrer\u00e3o as\u00a0provas objetivas\u00a0e a\u00a0prova discursiva\u00a0para o cargo de Analista Legislativo, nas atribui\u00e7\u00f5es Contador, Inform\u00e1tica Legislativa, T\u00e9cnico em Material e Patrim\u00f4nio, Assistente Social, Enfermeiro, Farmac\u00eautico e M\u00e9dico. No mesmo dia, os candidatos ao cargo de Analista Legislativo, na atribui\u00e7\u00e3o Consultoria (Consultor Legislativo e Consultor de Or\u00e7amento e Fiscaliza\u00e7\u00e3o Financeira) far\u00e3o apenas as provas objetivas. No dia\u00a010 de dezembro, ser\u00e3o aplicadas as\u00a0provas objetivas\u00a0e a\u00a0prova discursiva\u00a0para os candidatos ao cargo de Analista&hellip;","og_url":"https:\/\/blogdofarnesio.com.br\/?p=349125","og_site_name":"Blog do Farn\u00e9sio","article_publisher":"https:\/\/www.facebook.com\/BlogQuerSaberPolitica\/","article_author":"https:\/\/www.facebook.com\/?ref=tn_tnmn","article_published_time":"2023-08-30T14:44:58+00:00","og_image":[{"width":699,"height":420,"url":"https:\/\/blogdofarnesio.com.br\/wp-content\/uploads\/2018\/06\/blogqspcongresso-nacional.jpg","type":"image\/jpeg"}],"author":"Farn\u00e9sio","twitter_card":"summary_large_image","twitter_misc":{"Escrito por":"Farn\u00e9sio","Est. tempo de leitura":"2 minutos"},"schema":{"@context":"https:\/\/schema.org","@graph":[{"@type":"Article","@id":"https:\/\/blogdofarnesio.com.br\/?p=349125#article","isPartOf":{"@id":"https:\/\/blogdofarnesio.com.br\/?p=349125"},"author":{"name":"Farn\u00e9sio","@id":"https:\/\/blogdofarnesio.com.br\/#\/schema\/person\/bb9b23ae3ad0609ce8df7b6c9e76824d"},"headline":"Publicados os editais do concurso da C\u00e2mara dos Deputados","datePublished":"2023-08-30T14:44:58+00:00","mainEntityOfPage":{"@id":"https:\/\/blogdofarnesio.com.br\/?p=349125"},"wordCount":278,"commentCount":0,"publisher":{"@id":"https:\/\/blogdofarnesio.com.br\/#organization"},"image":{"@id":"https:\/\/blogdofarnesio.com.br\/?p=349125#primaryimage"},"thumbnailUrl":"https:\/\/blogdofarnesio.com.br\/wp-content\/uploads\/2018\/06\/blogqspcongresso-nacional.jpg","articleSection":["Concursos"],"inLanguage":"pt-BR","potentialAction":[{"@type":"CommentAction","name":"Comment","target":["https:\/\/blogdofarnesio.com.br\/?p=349125#respond"]}]},{"@type":"WebPage","@id":"https:\/\/blogdofarnesio.com.br\/?p=349125","url":"https:\/\/blogdofarnesio.com.br\/?p=349125","name":"Publicados os editais do concurso da C\u00e2mara dos Deputados - Blog do Farn\u00e9sio","isPartOf":{"@id":"https:\/\/blogdofarnesio.com.br\/#website"},"primaryImageOfPage":{"@id":"https:\/\/blogdofarnesio.com.br\/?p=349125#primaryimage"},"image":{"@id":"https:\/\/blogdofarnesio.com.br\/?p=349125#primaryimage"},"thumbnailUrl":"https:\/\/blogdofarnesio.com.br\/wp-content\/uploads\/2018\/06\/blogqspcongresso-nacional.jpg","datePublished":"2023-08-30T14:44:58+00:00","breadcrumb":{"@id":"https:\/\/blogdofarnesio.com.br\/?p=349125#breadcrumb"},"inLanguage":"pt-BR","potentialAction":[{"@type":"ReadAction","target":["https:\/\/blogdofarnesio.com.br\/?p=349125"]}]},{"@type":"ImageObject","inLanguage":"pt-BR","@id":"https:\/\/blogdofarnesio.com.br\/?p=349125#primaryimage","url":"https:\/\/blogdofarnesio.com.br\/wp-content\/uploads\/2018\/06\/blogqspcongresso-nacional.jpg","contentUrl":"https:\/\/blogdofarnesio.com.br\/wp-content\/uploads\/2018\/06\/blogqspcongresso-nacional.jpg","width":699,"height":420},{"@type":"BreadcrumbList","@id":"https:\/\/blogdofarnesio.com.br\/?p=349125#breadcrumb","itemListElement":[{"@type":"ListItem","position":1,"name":"In\u00edcio","item":"https:\/\/blogdofarnesio.com.br\/"},{"@type":"ListItem","position":2,"name":"Publicados os editais do concurso da C\u00e2mara dos Deputados"}]},{"@type":"WebSite","@id":"https:\/\/blogdofarnesio.com.br\/#website","url":"https:\/\/blogdofarnesio.com.br\/","name":"Blog do Farn\u00e9sio","description":"Quer Saber Pol\u00edtica?","publisher":{"@id":"https:\/\/blogdofarnesio.com.br\/#organization"},"potentialAction":[{"@type":"SearchAction","target":{"@type":"EntryPoint","urlTemplate":"https:\/\/blogdofarnesio.com.br\/?s={search_term_string}"},"query-input":{"@type":"PropertyValueSpecification","valueRequired":true,"valueName":"search_term_string"}}],"inLanguage":"pt-BR"},{"@type":"Organization","@id":"https:\/\/blogdofarnesio.com.br\/#organization","name":"Blog do Farn\u00e9sio","url":"https:\/\/blogdofarnesio.com.br\/","logo":{"@type":"ImageObject","inLanguage":"pt-BR","@id":"https:\/\/blogdofarnesio.com.br\/#\/schema\/logo\/image\/","url":"https:\/\/blogdofarnesio.com.br\/wp-content\/uploads\/2026\/03\/cropped-logo_new-1.png","contentUrl":"https:\/\/blogdofarnesio.com.br\/wp-content\/uploads\/2026\/03\/cropped-logo_new-1.png","width":881,"height":685,"caption":"Blog do Farn\u00e9sio"},"image":{"@id":"https:\/\/blogdofarnesio.com.br\/#\/schema\/logo\/image\/"},"sameAs":["https:\/\/www.facebook.com\/BlogQuerSaberPolitica\/"]},{"@type":"Person","@id":"https:\/\/blogdofarnesio.com.br\/#\/schema\/person\/bb9b23ae3ad0609ce8df7b6c9e76824d","name":"Farn\u00e9sio","image":{"@type":"ImageObject","inLanguage":"pt-BR","@id":"https:\/\/secure.gravatar.com\/avatar\/986aa4c61ccdb66f8555bf88fc2a65609d00bcabd4d2d94377a727547345cbca?s=96&d=mm&r=g","url":"https:\/\/secure.gravatar.com\/avatar\/986aa4c61ccdb66f8555bf88fc2a65609d00bcabd4d2d94377a727547345cbca?s=96&d=mm&r=g","contentUrl":"https:\/\/secure.gravatar.com\/avatar\/986aa4c61ccdb66f8555bf88fc2a65609d00bcabd4d2d94377a727547345cbca?s=96&d=mm&r=g","caption":"Farn\u00e9sio"},"description":"Radialista blogueiro, chegou a Petrolina\/Juazeiro em setembro de 1980, Farn\u00e9sio Silva \u00e9 de Arapiraca-Alagoas.","sameAs":["http:\/\/blogdofarnesio.com.br","https:\/\/www.facebook.com\/?ref=tn_tnmn","https:\/\/www.instagram.com\/?utm_source=pwa_homescreen","https:\/\/youtube.com.br\/"],"url":"https:\/\/blogdofarnesio.com.br\/?author=2"}]}},"_links":{"self":[{"href":"https:\/\/blogdofarnesio.com.br\/index.php?rest_route=\/wp\/v2\/posts\/349125","targetHints":{"allow":["GET"]}}],"collection":[{"href":"https:\/\/blogdofarnesio.com.br\/index.php?rest_route=\/wp\/v2\/posts"}],"about":[{"href":"https:\/\/blogdofarnesio.com.br\/index.php?rest_route=\/wp\/v2\/types\/post"}],"author":[{"embeddable":true,"href":"https:\/\/blogdofarnesio.com.br\/index.php?rest_route=\/wp\/v2\/users\/2"}],"replies":[{"embeddable":true,"href":"https:\/\/blogdofarnesio.com.br\/index.php?rest_route=%2Fwp%2Fv2%2Fcomments&post=349125"}],"version-history":[{"count":0,"href":"https:\/\/blogdofarnesio.com.br\/index.php?rest_route=\/wp\/v2\/posts\/349125\/revisions"}],"wp:featuredmedia":[{"embeddable":true,"href":"https:\/\/blogdofarnesio.com.br\/index.php?rest_route=\/wp\/v2\/media\/201047"}],"wp:attachment":[{"href":"https:\/\/blogdofarnesio.com.br\/index.php?rest_route=%2Fwp%2Fv2%2Fmedia&parent=349125"}],"wp:term":[{"taxonomy":"category","embeddable":true,"href":"https:\/\/blogdofarnesio.com.br\/index.php?rest_route=%2Fwp%2Fv2%2Fcategories&post=349125"},{"taxonomy":"post_tag","embeddable":true,"href":"https:\/\/blogdofarnesio.com.br\/index.php?rest_route=%2Fwp%2Fv2%2Ftags&post=349125"}],"curies":[{"name":"wp","href":"https:\/\/api.w.org\/{rel}","templated":true}]}}