{"id":348993,"date":"2023-08-28T17:35:47","date_gmt":"2023-08-28T20:35:47","guid":{"rendered":"https:\/\/blogdofarnesio.com.br\/?p=348993"},"modified":"2023-08-28T16:59:05","modified_gmt":"2023-08-28T19:59:05","slug":"video-onibus-de-cantora-maria-clara-capota-em-estrada-pensei-que-ia-estar-morta","status":"publish","type":"post","link":"https:\/\/blogdofarnesio.com.br\/?p=348993","title":{"rendered":"V\u00cdDEO: \u00d4nibus de cantora Maria Clara capota em estrada: \u2018Pensei que ia estar morta\u2019"},"content":{"rendered":"<div id=\"post-body-4766576086381883964\" class=\"post-body entry-content\">\n<p>Maria Clara\u00a0passou por um susto neste domingo (27). A cantora revelou que sofreu um acidente de \u00f4nibus, na estrada AL-115, pr\u00f3ximo ao munic\u00edpio de Arapiraca, no estado de Alagoas. Al\u00e9m dela, outras 16 pessoas tamb\u00e9m estavam no ve\u00edculo, que acabou capotando.<\/p>\n<p><a name=\"more\"><\/a><\/p>\n<div class=\"instagram\" contenteditable=\"false\"><iframe id=\"instagram-embed-0\" class=\"instagram-media instagram-media-rendered\" src=\"https:\/\/www.instagram.com\/p\/CwL-GifxpqB\/embed\/captioned\/?cr=1&amp;v=14&amp;wp=485&amp;rd=https%3A%2F%2Fwww.bnews.com.br&amp;rp=%2Fnoticias%2Fentretenimento%2Fonibus-de-cantora-capota-em-estrada-pensei-que-ia-estar-morta.html#%7B%22ci%22%3A0%2C%22os%22%3A2987%2C%22ls%22%3A1154%2C%22le%22%3A1611%7D\" height=\"968\" frameborder=\"0\" scrolling=\"no\" allowfullscreen=\"allowfullscreen\" data-instgrm-payload-id=\"instagram-media-payload-0\" data-mce-fragment=\"1\"><\/iframe><\/div>\n<p>A artista informou que, apesar do susto, n\u00e3o houve nenhum ferimento grave. \u201cHoje, Deus colocou a m\u00e3o na minha vida e na de toda minha equipe. Sofremos um acidente, mas, todo mundo est\u00e1 bem fisicamente. Todos estamos abalados e assustados, pois o susto e a sensa\u00e7\u00e3o foram muito ruins\u201d, disse ela.<\/p>\n<div class=\"twitter-tweet twitter-tweet-rendered\"><iframe id=\"twitter-widget-0\" class=\"\" title=\"Twitter Tweet\" src=\"https:\/\/platform.twitter.com\/embed\/Tweet.html?dnt=false&amp;embedId=twitter-widget-0&amp;features=eyJ0ZndfdGltZWxpbmVfbGlzdCI6eyJidWNrZXQiOltdLCJ2ZXJzaW9uIjpudWxsfSwidGZ3X2ZvbGxvd2VyX2NvdW50X3N1bnNldCI6eyJidWNrZXQiOnRydWUsInZlcnNpb24iOm51bGx9LCJ0ZndfdHdlZXRfZWRpdF9iYWNrZW5kIjp7ImJ1Y2tldCI6Im9uIiwidmVyc2lvbiI6bnVsbH0sInRmd19yZWZzcmNfc2Vzc2lvbiI6eyJidWNrZXQiOiJvbiIsInZlcnNpb24iOm51bGx9LCJ0ZndfZm9zbnJfc29mdF9pbnRlcnZlbnRpb25zX2VuYWJsZWQiOnsiYnVja2V0Ijoib24iLCJ2ZXJzaW9uIjpudWxsfSwidGZ3X21peGVkX21lZGlhXzE1ODk3Ijp7ImJ1Y2tldCI6InRyZWF0bWVudCIsInZlcnNpb24iOm51bGx9LCJ0ZndfZXhwZXJpbWVudHNfY29va2llX2V4cGlyYXRpb24iOnsiYnVja2V0IjoxMjA5NjAwLCJ2ZXJzaW9uIjpudWxsfSwidGZ3X3Nob3dfYmlyZHdhdGNoX3Bpdm90c19lbmFibGVkIjp7ImJ1Y2tldCI6Im9uIiwidmVyc2lvbiI6bnVsbH0sInRmd19kdXBsaWNhdGVfc2NyaWJlc190b19zZXR0aW5ncyI6eyJidWNrZXQiOiJvbiIsInZlcnNpb24iOm51bGx9LCJ0ZndfdXNlX3Byb2ZpbGVfaW1hZ2Vfc2hhcGVfZW5hYmxlZCI6eyJidWNrZXQiOiJvbiIsInZlcnNpb24iOm51bGx9LCJ0ZndfdmlkZW9faGxzX2R5bmFtaWNfbWFuaWZlc3RzXzE1MDgyIjp7ImJ1Y2tldCI6InRydWVfYml0cmF0ZSIsInZlcnNpb24iOm51bGx9LCJ0ZndfbGVnYWN5X3RpbWVsaW5lX3N1bnNldCI6eyJidWNrZXQiOnRydWUsInZlcnNpb24iOm51bGx9LCJ0ZndfdHdlZXRfZWRpdF9mcm9udGVuZCI6eyJidWNrZXQiOiJvbiIsInZlcnNpb24iOm51bGx9fQ%3D%3D&amp;frame=false&amp;hideCard=false&amp;hideThread=false&amp;id=1695929880376914141&amp;lang=pt&amp;origin=https%3A%2F%2Fwww.bnews.com.br%2Fnoticias%2Fentretenimento%2Fonibus-de-cantora-capota-em-estrada-pensei-que-ia-estar-morta.html&amp;sessionId=2162a42283a961cba25210c7e93265960c9a527c&amp;siteScreenName=bnews_oficial&amp;theme=light&amp;widgetsVersion=aaf4084522e3a%3A1674595607486&amp;width=550px\" frameborder=\"0\" scrolling=\"no\" allowfullscreen=\"allowfullscreen\" data-tweet-id=\"1695929880376914141\" data-mce-fragment=\"1\"><\/iframe><\/div>\n<p>A morena ainda relatou que sofreu algumas abatidas na regi\u00e3o da cabe\u00e7a e passar\u00e1 por exames m\u00e9dicos. \u201cEu virei muitas vezes, pensei que quando parasse, eu ia estar morta. Bati minha cabe\u00e7a, mas amanh\u00e3 vou fazer exames. Hoje, vou dedicar meu dia para prestar apoio a todo mundo que est\u00e1 sofrendo com isso. Vamos nos esfor\u00e7ar para fazer o show mais tarde ser incr\u00edvel\u201d, concluiu ela,\u00a0 refor\u00e7ando que ir\u00e1 manter a agenda de shows da semana.<\/p>\n<\/div>\n","protected":false},"excerpt":{"rendered":"<p>Maria Clara\u00a0passou por um susto neste domingo (27). A cantora revelou que sofreu um acidente de \u00f4nibus, na estrada AL-115, pr\u00f3ximo ao munic\u00edpio de Arapiraca, no estado de Alagoas. Al\u00e9m dela, outras 16 pessoas tamb\u00e9m estavam no ve\u00edculo, que acabou capotando. A artista informou que, apesar do susto, n\u00e3o houve nenhum ferimento grave. \u201cHoje, Deus colocou a m\u00e3o na minha vida e na de toda minha equipe. Sofremos um acidente, mas, todo mundo est\u00e1 bem fisicamente. Todos estamos abalados e assustados, pois o susto e a sensa\u00e7\u00e3o foram muito ruins\u201d, disse ela. A morena ainda relatou que sofreu algumas abatidas na regi\u00e3o da cabe\u00e7a e passar\u00e1 por exames m\u00e9dicos. \u201cEu virei muitas vezes, pensei que quando parasse, eu ia estar&hellip; <\/p>\n","protected":false},"author":2,"featured_media":348994,"comment_status":"open","ping_status":"open","sticky":false,"template":"","format":"standard","meta":{"_acf_changed":false,"footnotes":""},"categories":[3,17],"tags":[],"class_list":["post-348993","post","type-post","status-publish","format-standard","has-post-thumbnail","hentry","category-entretenimento","category-estradas"],"acf":[],"yoast_head":"<!-- This site is optimized with the Yoast SEO plugin v27.4 - https:\/\/yoast.com\/product\/yoast-seo-wordpress\/ -->\n<title>V\u00cdDEO: \u00d4nibus de cantora Maria Clara capota em estrada: \u2018Pensei que ia estar morta\u2019 - Blog do Farn\u00e9sio<\/title>\n<meta name=\"robots\" content=\"index, follow, max-snippet:-1, max-image-preview:large, max-video-preview:-1\" \/>\n<link rel=\"canonical\" href=\"http:\/\/blogdofarnesio.com.br\/?p=348993\" \/>\n<meta property=\"og:locale\" content=\"pt_BR\" \/>\n<meta property=\"og:type\" content=\"article\" \/>\n<meta property=\"og:title\" content=\"V\u00cdDEO: \u00d4nibus de cantora Maria Clara capota em estrada: \u2018Pensei que ia estar morta\u2019 - Blog do Farn\u00e9sio\" \/>\n<meta property=\"og:description\" content=\"Maria Clara\u00a0passou por um susto neste domingo (27). A cantora revelou que sofreu um acidente de \u00f4nibus, na estrada AL-115, pr\u00f3ximo ao munic\u00edpio de Arapiraca, no estado de Alagoas. Al\u00e9m dela, outras 16 pessoas tamb\u00e9m estavam no ve\u00edculo, que acabou capotando. A artista informou que, apesar do susto, n\u00e3o houve nenhum ferimento grave. \u201cHoje, Deus colocou a m\u00e3o na minha vida e na de toda minha equipe. Sofremos um acidente, mas, todo mundo est\u00e1 bem fisicamente. Todos estamos abalados e assustados, pois o susto e a sensa\u00e7\u00e3o foram muito ruins\u201d, disse ela. A morena ainda relatou que sofreu algumas abatidas na regi\u00e3o da cabe\u00e7a e passar\u00e1 por exames m\u00e9dicos. \u201cEu virei muitas vezes, pensei que quando parasse, eu ia estar&hellip;\" \/>\n<meta property=\"og:url\" content=\"http:\/\/blogdofarnesio.com.br\/?p=348993\" \/>\n<meta property=\"og:site_name\" content=\"Blog do Farn\u00e9sio\" \/>\n<meta property=\"article:publisher\" content=\"https:\/\/www.facebook.com\/BlogQuerSaberPolitica\/\" \/>\n<meta property=\"article:author\" content=\"https:\/\/www.facebook.com\/?ref=tn_tnmn\" \/>\n<meta property=\"article:published_time\" content=\"2023-08-28T20:35:47+00:00\" \/>\n<meta property=\"og:image\" content=\"http:\/\/blogdofarnesio.com.br\/wp-content\/uploads\/2023\/08\/blgoqspcantora-maria-clara.png\" \/>\n\t<meta property=\"og:image:width\" content=\"286\" \/>\n\t<meta property=\"og:image:height\" content=\"260\" \/>\n\t<meta property=\"og:image:type\" content=\"image\/png\" \/>\n<meta name=\"author\" content=\"Farn\u00e9sio\" \/>\n<meta name=\"twitter:card\" content=\"summary_large_image\" \/>\n<meta name=\"twitter:label1\" content=\"Escrito por\" \/>\n\t<meta name=\"twitter:data1\" content=\"Farn\u00e9sio\" \/>\n\t<meta name=\"twitter:label2\" content=\"Est. tempo de leitura\" \/>\n\t<meta name=\"twitter:data2\" content=\"1 minuto\" \/>\n<script type=\"application\/ld+json\" class=\"yoast-schema-graph\">{\"@context\":\"https:\\\/\\\/schema.org\",\"@graph\":[{\"@type\":\"Article\",\"@id\":\"http:\\\/\\\/blogdofarnesio.com.br\\\/?p=348993#article\",\"isPartOf\":{\"@id\":\"http:\\\/\\\/blogdofarnesio.com.br\\\/?p=348993\"},\"author\":{\"name\":\"Farn\u00e9sio\",\"@id\":\"https:\\\/\\\/blogdofarnesio.com.br\\\/#\\\/schema\\\/person\\\/bb9b23ae3ad0609ce8df7b6c9e76824d\"},\"headline\":\"V\u00cdDEO: \u00d4nibus de cantora Maria Clara capota em estrada: \u2018Pensei que ia estar morta\u2019\",\"datePublished\":\"2023-08-28T20:35:47+00:00\",\"mainEntityOfPage\":{\"@id\":\"http:\\\/\\\/blogdofarnesio.com.br\\\/?p=348993\"},\"wordCount\":197,\"commentCount\":0,\"publisher\":{\"@id\":\"https:\\\/\\\/blogdofarnesio.com.br\\\/#organization\"},\"image\":{\"@id\":\"http:\\\/\\\/blogdofarnesio.com.br\\\/?p=348993#primaryimage\"},\"thumbnailUrl\":\"https:\\\/\\\/blogdofarnesio.com.br\\\/wp-content\\\/uploads\\\/2023\\\/08\\\/blgoqspcantora-maria-clara.png\",\"articleSection\":[\"Entretenimento\",\"Estradas\"],\"inLanguage\":\"pt-BR\",\"potentialAction\":[{\"@type\":\"CommentAction\",\"name\":\"Comment\",\"target\":[\"http:\\\/\\\/blogdofarnesio.com.br\\\/?p=348993#respond\"]}]},{\"@type\":\"WebPage\",\"@id\":\"http:\\\/\\\/blogdofarnesio.com.br\\\/?p=348993\",\"url\":\"http:\\\/\\\/blogdofarnesio.com.br\\\/?p=348993\",\"name\":\"V\u00cdDEO: \u00d4nibus de cantora Maria Clara capota em estrada: \u2018Pensei que ia estar morta\u2019 - Blog do Farn\u00e9sio\",\"isPartOf\":{\"@id\":\"https:\\\/\\\/blogdofarnesio.com.br\\\/#website\"},\"primaryImageOfPage\":{\"@id\":\"http:\\\/\\\/blogdofarnesio.com.br\\\/?p=348993#primaryimage\"},\"image\":{\"@id\":\"http:\\\/\\\/blogdofarnesio.com.br\\\/?p=348993#primaryimage\"},\"thumbnailUrl\":\"https:\\\/\\\/blogdofarnesio.com.br\\\/wp-content\\\/uploads\\\/2023\\\/08\\\/blgoqspcantora-maria-clara.png\",\"datePublished\":\"2023-08-28T20:35:47+00:00\",\"breadcrumb\":{\"@id\":\"http:\\\/\\\/blogdofarnesio.com.br\\\/?p=348993#breadcrumb\"},\"inLanguage\":\"pt-BR\",\"potentialAction\":[{\"@type\":\"ReadAction\",\"target\":[\"http:\\\/\\\/blogdofarnesio.com.br\\\/?p=348993\"]}]},{\"@type\":\"ImageObject\",\"inLanguage\":\"pt-BR\",\"@id\":\"http:\\\/\\\/blogdofarnesio.com.br\\\/?p=348993#primaryimage\",\"url\":\"https:\\\/\\\/blogdofarnesio.com.br\\\/wp-content\\\/uploads\\\/2023\\\/08\\\/blgoqspcantora-maria-clara.png\",\"contentUrl\":\"https:\\\/\\\/blogdofarnesio.com.br\\\/wp-content\\\/uploads\\\/2023\\\/08\\\/blgoqspcantora-maria-clara.png\",\"width\":286,\"height\":260},{\"@type\":\"BreadcrumbList\",\"@id\":\"http:\\\/\\\/blogdofarnesio.com.br\\\/?p=348993#breadcrumb\",\"itemListElement\":[{\"@type\":\"ListItem\",\"position\":1,\"name\":\"In\u00edcio\",\"item\":\"https:\\\/\\\/blogdofarnesio.com.br\\\/\"},{\"@type\":\"ListItem\",\"position\":2,\"name\":\"V\u00cdDEO: \u00d4nibus de cantora Maria Clara capota em estrada: \u2018Pensei que ia estar morta\u2019\"}]},{\"@type\":\"WebSite\",\"@id\":\"https:\\\/\\\/blogdofarnesio.com.br\\\/#website\",\"url\":\"https:\\\/\\\/blogdofarnesio.com.br\\\/\",\"name\":\"Blog do Farn\u00e9sio\",\"description\":\"Quer Saber Pol\u00edtica?\",\"publisher\":{\"@id\":\"https:\\\/\\\/blogdofarnesio.com.br\\\/#organization\"},\"potentialAction\":[{\"@type\":\"SearchAction\",\"target\":{\"@type\":\"EntryPoint\",\"urlTemplate\":\"https:\\\/\\\/blogdofarnesio.com.br\\\/?s={search_term_string}\"},\"query-input\":{\"@type\":\"PropertyValueSpecification\",\"valueRequired\":true,\"valueName\":\"search_term_string\"}}],\"inLanguage\":\"pt-BR\"},{\"@type\":\"Organization\",\"@id\":\"https:\\\/\\\/blogdofarnesio.com.br\\\/#organization\",\"name\":\"Blog do Farn\u00e9sio\",\"url\":\"https:\\\/\\\/blogdofarnesio.com.br\\\/\",\"logo\":{\"@type\":\"ImageObject\",\"inLanguage\":\"pt-BR\",\"@id\":\"https:\\\/\\\/blogdofarnesio.com.br\\\/#\\\/schema\\\/logo\\\/image\\\/\",\"url\":\"https:\\\/\\\/blogdofarnesio.com.br\\\/wp-content\\\/uploads\\\/2026\\\/03\\\/cropped-logo_new-1.png\",\"contentUrl\":\"https:\\\/\\\/blogdofarnesio.com.br\\\/wp-content\\\/uploads\\\/2026\\\/03\\\/cropped-logo_new-1.png\",\"width\":881,\"height\":685,\"caption\":\"Blog do Farn\u00e9sio\"},\"image\":{\"@id\":\"https:\\\/\\\/blogdofarnesio.com.br\\\/#\\\/schema\\\/logo\\\/image\\\/\"},\"sameAs\":[\"https:\\\/\\\/www.facebook.com\\\/BlogQuerSaberPolitica\\\/\"]},{\"@type\":\"Person\",\"@id\":\"https:\\\/\\\/blogdofarnesio.com.br\\\/#\\\/schema\\\/person\\\/bb9b23ae3ad0609ce8df7b6c9e76824d\",\"name\":\"Farn\u00e9sio\",\"image\":{\"@type\":\"ImageObject\",\"inLanguage\":\"pt-BR\",\"@id\":\"https:\\\/\\\/secure.gravatar.com\\\/avatar\\\/986aa4c61ccdb66f8555bf88fc2a65609d00bcabd4d2d94377a727547345cbca?s=96&d=mm&r=g\",\"url\":\"https:\\\/\\\/secure.gravatar.com\\\/avatar\\\/986aa4c61ccdb66f8555bf88fc2a65609d00bcabd4d2d94377a727547345cbca?s=96&d=mm&r=g\",\"contentUrl\":\"https:\\\/\\\/secure.gravatar.com\\\/avatar\\\/986aa4c61ccdb66f8555bf88fc2a65609d00bcabd4d2d94377a727547345cbca?s=96&d=mm&r=g\",\"caption\":\"Farn\u00e9sio\"},\"description\":\"Radialista blogueiro, chegou a Petrolina\\\/Juazeiro em setembro de 1980, Farn\u00e9sio Silva \u00e9 de Arapiraca-Alagoas.\",\"sameAs\":[\"http:\\\/\\\/blogdofarnesio.com.br\",\"https:\\\/\\\/www.facebook.com\\\/?ref=tn_tnmn\",\"https:\\\/\\\/www.instagram.com\\\/?utm_source=pwa_homescreen\",\"https:\\\/\\\/youtube.com.br\\\/\"],\"url\":\"https:\\\/\\\/blogdofarnesio.com.br\\\/?author=2\"}]}<\/script>\n<!-- \/ Yoast SEO plugin. -->","yoast_head_json":{"title":"V\u00cdDEO: \u00d4nibus de cantora Maria Clara capota em estrada: \u2018Pensei que ia estar morta\u2019 - Blog do Farn\u00e9sio","robots":{"index":"index","follow":"follow","max-snippet":"max-snippet:-1","max-image-preview":"max-image-preview:large","max-video-preview":"max-video-preview:-1"},"canonical":"http:\/\/blogdofarnesio.com.br\/?p=348993","og_locale":"pt_BR","og_type":"article","og_title":"V\u00cdDEO: \u00d4nibus de cantora Maria Clara capota em estrada: \u2018Pensei que ia estar morta\u2019 - Blog do Farn\u00e9sio","og_description":"Maria Clara\u00a0passou por um susto neste domingo (27). A cantora revelou que sofreu um acidente de \u00f4nibus, na estrada AL-115, pr\u00f3ximo ao munic\u00edpio de Arapiraca, no estado de Alagoas. Al\u00e9m dela, outras 16 pessoas tamb\u00e9m estavam no ve\u00edculo, que acabou capotando. A artista informou que, apesar do susto, n\u00e3o houve nenhum ferimento grave. \u201cHoje, Deus colocou a m\u00e3o na minha vida e na de toda minha equipe. Sofremos um acidente, mas, todo mundo est\u00e1 bem fisicamente. Todos estamos abalados e assustados, pois o susto e a sensa\u00e7\u00e3o foram muito ruins\u201d, disse ela. A morena ainda relatou que sofreu algumas abatidas na regi\u00e3o da cabe\u00e7a e passar\u00e1 por exames m\u00e9dicos. \u201cEu virei muitas vezes, pensei que quando parasse, eu ia estar&hellip;","og_url":"http:\/\/blogdofarnesio.com.br\/?p=348993","og_site_name":"Blog do Farn\u00e9sio","article_publisher":"https:\/\/www.facebook.com\/BlogQuerSaberPolitica\/","article_author":"https:\/\/www.facebook.com\/?ref=tn_tnmn","article_published_time":"2023-08-28T20:35:47+00:00","og_image":[{"width":286,"height":260,"url":"http:\/\/blogdofarnesio.com.br\/wp-content\/uploads\/2023\/08\/blgoqspcantora-maria-clara.png","type":"image\/png"}],"author":"Farn\u00e9sio","twitter_card":"summary_large_image","twitter_misc":{"Escrito por":"Farn\u00e9sio","Est. tempo de leitura":"1 minuto"},"schema":{"@context":"https:\/\/schema.org","@graph":[{"@type":"Article","@id":"http:\/\/blogdofarnesio.com.br\/?p=348993#article","isPartOf":{"@id":"http:\/\/blogdofarnesio.com.br\/?p=348993"},"author":{"name":"Farn\u00e9sio","@id":"https:\/\/blogdofarnesio.com.br\/#\/schema\/person\/bb9b23ae3ad0609ce8df7b6c9e76824d"},"headline":"V\u00cdDEO: \u00d4nibus de cantora Maria Clara capota em estrada: \u2018Pensei que ia estar morta\u2019","datePublished":"2023-08-28T20:35:47+00:00","mainEntityOfPage":{"@id":"http:\/\/blogdofarnesio.com.br\/?p=348993"},"wordCount":197,"commentCount":0,"publisher":{"@id":"https:\/\/blogdofarnesio.com.br\/#organization"},"image":{"@id":"http:\/\/blogdofarnesio.com.br\/?p=348993#primaryimage"},"thumbnailUrl":"https:\/\/blogdofarnesio.com.br\/wp-content\/uploads\/2023\/08\/blgoqspcantora-maria-clara.png","articleSection":["Entretenimento","Estradas"],"inLanguage":"pt-BR","potentialAction":[{"@type":"CommentAction","name":"Comment","target":["http:\/\/blogdofarnesio.com.br\/?p=348993#respond"]}]},{"@type":"WebPage","@id":"http:\/\/blogdofarnesio.com.br\/?p=348993","url":"http:\/\/blogdofarnesio.com.br\/?p=348993","name":"V\u00cdDEO: \u00d4nibus de cantora Maria Clara capota em estrada: \u2018Pensei que ia estar morta\u2019 - Blog do Farn\u00e9sio","isPartOf":{"@id":"https:\/\/blogdofarnesio.com.br\/#website"},"primaryImageOfPage":{"@id":"http:\/\/blogdofarnesio.com.br\/?p=348993#primaryimage"},"image":{"@id":"http:\/\/blogdofarnesio.com.br\/?p=348993#primaryimage"},"thumbnailUrl":"https:\/\/blogdofarnesio.com.br\/wp-content\/uploads\/2023\/08\/blgoqspcantora-maria-clara.png","datePublished":"2023-08-28T20:35:47+00:00","breadcrumb":{"@id":"http:\/\/blogdofarnesio.com.br\/?p=348993#breadcrumb"},"inLanguage":"pt-BR","potentialAction":[{"@type":"ReadAction","target":["http:\/\/blogdofarnesio.com.br\/?p=348993"]}]},{"@type":"ImageObject","inLanguage":"pt-BR","@id":"http:\/\/blogdofarnesio.com.br\/?p=348993#primaryimage","url":"https:\/\/blogdofarnesio.com.br\/wp-content\/uploads\/2023\/08\/blgoqspcantora-maria-clara.png","contentUrl":"https:\/\/blogdofarnesio.com.br\/wp-content\/uploads\/2023\/08\/blgoqspcantora-maria-clara.png","width":286,"height":260},{"@type":"BreadcrumbList","@id":"http:\/\/blogdofarnesio.com.br\/?p=348993#breadcrumb","itemListElement":[{"@type":"ListItem","position":1,"name":"In\u00edcio","item":"https:\/\/blogdofarnesio.com.br\/"},{"@type":"ListItem","position":2,"name":"V\u00cdDEO: \u00d4nibus de cantora Maria Clara capota em estrada: \u2018Pensei que ia estar morta\u2019"}]},{"@type":"WebSite","@id":"https:\/\/blogdofarnesio.com.br\/#website","url":"https:\/\/blogdofarnesio.com.br\/","name":"Blog do Farn\u00e9sio","description":"Quer Saber Pol\u00edtica?","publisher":{"@id":"https:\/\/blogdofarnesio.com.br\/#organization"},"potentialAction":[{"@type":"SearchAction","target":{"@type":"EntryPoint","urlTemplate":"https:\/\/blogdofarnesio.com.br\/?s={search_term_string}"},"query-input":{"@type":"PropertyValueSpecification","valueRequired":true,"valueName":"search_term_string"}}],"inLanguage":"pt-BR"},{"@type":"Organization","@id":"https:\/\/blogdofarnesio.com.br\/#organization","name":"Blog do Farn\u00e9sio","url":"https:\/\/blogdofarnesio.com.br\/","logo":{"@type":"ImageObject","inLanguage":"pt-BR","@id":"https:\/\/blogdofarnesio.com.br\/#\/schema\/logo\/image\/","url":"https:\/\/blogdofarnesio.com.br\/wp-content\/uploads\/2026\/03\/cropped-logo_new-1.png","contentUrl":"https:\/\/blogdofarnesio.com.br\/wp-content\/uploads\/2026\/03\/cropped-logo_new-1.png","width":881,"height":685,"caption":"Blog do Farn\u00e9sio"},"image":{"@id":"https:\/\/blogdofarnesio.com.br\/#\/schema\/logo\/image\/"},"sameAs":["https:\/\/www.facebook.com\/BlogQuerSaberPolitica\/"]},{"@type":"Person","@id":"https:\/\/blogdofarnesio.com.br\/#\/schema\/person\/bb9b23ae3ad0609ce8df7b6c9e76824d","name":"Farn\u00e9sio","image":{"@type":"ImageObject","inLanguage":"pt-BR","@id":"https:\/\/secure.gravatar.com\/avatar\/986aa4c61ccdb66f8555bf88fc2a65609d00bcabd4d2d94377a727547345cbca?s=96&d=mm&r=g","url":"https:\/\/secure.gravatar.com\/avatar\/986aa4c61ccdb66f8555bf88fc2a65609d00bcabd4d2d94377a727547345cbca?s=96&d=mm&r=g","contentUrl":"https:\/\/secure.gravatar.com\/avatar\/986aa4c61ccdb66f8555bf88fc2a65609d00bcabd4d2d94377a727547345cbca?s=96&d=mm&r=g","caption":"Farn\u00e9sio"},"description":"Radialista blogueiro, chegou a Petrolina\/Juazeiro em setembro de 1980, Farn\u00e9sio Silva \u00e9 de Arapiraca-Alagoas.","sameAs":["http:\/\/blogdofarnesio.com.br","https:\/\/www.facebook.com\/?ref=tn_tnmn","https:\/\/www.instagram.com\/?utm_source=pwa_homescreen","https:\/\/youtube.com.br\/"],"url":"https:\/\/blogdofarnesio.com.br\/?author=2"}]}},"_links":{"self":[{"href":"https:\/\/blogdofarnesio.com.br\/index.php?rest_route=\/wp\/v2\/posts\/348993","targetHints":{"allow":["GET"]}}],"collection":[{"href":"https:\/\/blogdofarnesio.com.br\/index.php?rest_route=\/wp\/v2\/posts"}],"about":[{"href":"https:\/\/blogdofarnesio.com.br\/index.php?rest_route=\/wp\/v2\/types\/post"}],"author":[{"embeddable":true,"href":"https:\/\/blogdofarnesio.com.br\/index.php?rest_route=\/wp\/v2\/users\/2"}],"replies":[{"embeddable":true,"href":"https:\/\/blogdofarnesio.com.br\/index.php?rest_route=%2Fwp%2Fv2%2Fcomments&post=348993"}],"version-history":[{"count":0,"href":"https:\/\/blogdofarnesio.com.br\/index.php?rest_route=\/wp\/v2\/posts\/348993\/revisions"}],"wp:featuredmedia":[{"embeddable":true,"href":"https:\/\/blogdofarnesio.com.br\/index.php?rest_route=\/wp\/v2\/media\/348994"}],"wp:attachment":[{"href":"https:\/\/blogdofarnesio.com.br\/index.php?rest_route=%2Fwp%2Fv2%2Fmedia&parent=348993"}],"wp:term":[{"taxonomy":"category","embeddable":true,"href":"https:\/\/blogdofarnesio.com.br\/index.php?rest_route=%2Fwp%2Fv2%2Fcategories&post=348993"},{"taxonomy":"post_tag","embeddable":true,"href":"https:\/\/blogdofarnesio.com.br\/index.php?rest_route=%2Fwp%2Fv2%2Ftags&post=348993"}],"curies":[{"name":"wp","href":"https:\/\/api.w.org\/{rel}","templated":true}]}}