{"id":348982,"date":"2023-08-29T07:42:51","date_gmt":"2023-08-29T10:42:51","guid":{"rendered":"https:\/\/blogdofarnesio.com.br\/?p=348982"},"modified":"2023-08-28T16:35:26","modified_gmt":"2023-08-28T19:35:26","slug":"hospital-universitario-de-petrolina-tem-18-vagas-para-residencia-medica-atraves-do-enare","status":"publish","type":"post","link":"https:\/\/blogdofarnesio.com.br\/?p=348982","title":{"rendered":"Hospital Universit\u00e1rio de Petrolina tem 18 vagas para resid\u00eancia m\u00e9dica atrav\u00e9s do Enare"},"content":{"rendered":"<div class=\"entry-content clearfix\">\n<p>A Empresa Brasileira de Servi\u00e7os Hospitalares (Ebserh) abriu inscri\u00e7\u00f5es para 160 vagas de resid\u00eancias m\u00e9dica e multiprofissional em duas unidades de Pernambuco: Hospital das Cl\u00ednicas da Universidade Federal de Pernambuco (HC-UFPE), situado em Recife, e o Hospital Universit\u00e1rio da Universidade Federal do Vale do S\u00e3o Francisco (HU-Univasf), em Petrolina. Na \u2018Capital do Sert\u00e3o\u2019 est\u00e3o dispon\u00edveis 18 vagas para resid\u00eancia m\u00e9dica.<\/p>\n<p>Os candidatos ser\u00e3o selecionados atrav\u00e9s do Exame Nacional de Resid\u00eancia (Enare), principal prova de resid\u00eancia do Brasil, que apresenta vantagens como custo menor e \u00fanico, data \u00fanica para realiza\u00e7\u00e3o, aplica\u00e7\u00e3o em todas as capitais e algumas cidades-polo e possibilidade de escolha da cidade para cursar a especializa\u00e7\u00e3o. Todo o processo seletivo pode ser acompanhado\u00a0<a href=\"https:\/\/enare.ebserh.gov.br\/#selective-process\" target=\"_blank\" rel=\"noopener\">neste site<\/a>.<\/p>\n<p>A banca organizada \u00e9 o Instituto AOCP e o valor da inscri\u00e7\u00e3o \u00e9 de R$ 310 para resid\u00eancia m\u00e9dica. As inscri\u00e7\u00f5es podem ser feitas at\u00e9 14 de setembro e o exame est\u00e1 agendado para o dia 29 de outubro.<\/p>\n<\/div>\n","protected":false},"excerpt":{"rendered":"<p>A Empresa Brasileira de Servi\u00e7os Hospitalares (Ebserh) abriu inscri\u00e7\u00f5es para 160 vagas de resid\u00eancias m\u00e9dica e multiprofissional em duas unidades de Pernambuco: Hospital das Cl\u00ednicas da Universidade Federal de Pernambuco (HC-UFPE), situado em Recife, e o Hospital Universit\u00e1rio da Universidade Federal do Vale do S\u00e3o Francisco (HU-Univasf), em Petrolina. Na \u2018Capital do Sert\u00e3o\u2019 est\u00e3o dispon\u00edveis 18 vagas para resid\u00eancia m\u00e9dica. Os candidatos ser\u00e3o selecionados atrav\u00e9s do Exame Nacional de Resid\u00eancia (Enare), principal prova de resid\u00eancia do Brasil, que apresenta vantagens como custo menor e \u00fanico, data \u00fanica para realiza\u00e7\u00e3o, aplica\u00e7\u00e3o em todas as capitais e algumas cidades-polo e possibilidade de escolha da cidade para cursar a especializa\u00e7\u00e3o. Todo o processo seletivo pode ser acompanhado\u00a0neste site. A banca organizada \u00e9 o&hellip; <\/p>\n","protected":false},"author":2,"featured_media":262318,"comment_status":"open","ping_status":"open","sticky":false,"template":"","format":"standard","meta":{"_acf_changed":false,"footnotes":""},"categories":[31],"tags":[],"class_list":["post-348982","post","type-post","status-publish","format-standard","has-post-thumbnail","hentry","category-concursos"],"acf":[],"yoast_head":"<!-- This site is optimized with the Yoast SEO plugin v27.4 - https:\/\/yoast.com\/product\/yoast-seo-wordpress\/ -->\n<title>Hospital Universit\u00e1rio de Petrolina tem 18 vagas para resid\u00eancia m\u00e9dica atrav\u00e9s do Enare - Blog do Farn\u00e9sio<\/title>\n<meta name=\"robots\" content=\"index, follow, max-snippet:-1, max-image-preview:large, max-video-preview:-1\" \/>\n<link rel=\"canonical\" href=\"https:\/\/blogdofarnesio.com.br\/?p=348982\" \/>\n<meta property=\"og:locale\" content=\"pt_BR\" \/>\n<meta property=\"og:type\" content=\"article\" \/>\n<meta property=\"og:title\" content=\"Hospital Universit\u00e1rio de Petrolina tem 18 vagas para resid\u00eancia m\u00e9dica atrav\u00e9s do Enare - Blog do Farn\u00e9sio\" \/>\n<meta property=\"og:description\" content=\"A Empresa Brasileira de Servi\u00e7os Hospitalares (Ebserh) abriu inscri\u00e7\u00f5es para 160 vagas de resid\u00eancias m\u00e9dica e multiprofissional em duas unidades de Pernambuco: Hospital das Cl\u00ednicas da Universidade Federal de Pernambuco (HC-UFPE), situado em Recife, e o Hospital Universit\u00e1rio da Universidade Federal do Vale do S\u00e3o Francisco (HU-Univasf), em Petrolina. Na \u2018Capital do Sert\u00e3o\u2019 est\u00e3o dispon\u00edveis 18 vagas para resid\u00eancia m\u00e9dica. Os candidatos ser\u00e3o selecionados atrav\u00e9s do Exame Nacional de Resid\u00eancia (Enare), principal prova de resid\u00eancia do Brasil, que apresenta vantagens como custo menor e \u00fanico, data \u00fanica para realiza\u00e7\u00e3o, aplica\u00e7\u00e3o em todas as capitais e algumas cidades-polo e possibilidade de escolha da cidade para cursar a especializa\u00e7\u00e3o. Todo o processo seletivo pode ser acompanhado\u00a0neste site. A banca organizada \u00e9 o&hellip;\" \/>\n<meta property=\"og:url\" content=\"https:\/\/blogdofarnesio.com.br\/?p=348982\" \/>\n<meta property=\"og:site_name\" content=\"Blog do Farn\u00e9sio\" \/>\n<meta property=\"article:publisher\" content=\"https:\/\/www.facebook.com\/BlogQuerSaberPolitica\/\" \/>\n<meta property=\"article:author\" content=\"https:\/\/www.facebook.com\/?ref=tn_tnmn\" \/>\n<meta property=\"article:published_time\" content=\"2023-08-29T10:42:51+00:00\" \/>\n<meta property=\"og:image\" content=\"https:\/\/blogdofarnesio.com.br\/wp-content\/uploads\/2020\/07\/blogqsppet-hut-traumas-e1718655836721.jpg\" \/>\n\t<meta property=\"og:image:width\" content=\"512\" \/>\n\t<meta property=\"og:image:height\" content=\"383\" \/>\n\t<meta property=\"og:image:type\" content=\"image\/jpeg\" \/>\n<meta name=\"author\" content=\"Farn\u00e9sio\" \/>\n<meta name=\"twitter:card\" content=\"summary_large_image\" \/>\n<meta name=\"twitter:label1\" content=\"Escrito por\" \/>\n\t<meta name=\"twitter:data1\" content=\"Farn\u00e9sio\" \/>\n\t<meta name=\"twitter:label2\" content=\"Est. tempo de leitura\" \/>\n\t<meta name=\"twitter:data2\" content=\"1 minuto\" \/>\n<script type=\"application\/ld+json\" class=\"yoast-schema-graph\">{\"@context\":\"https:\\\/\\\/schema.org\",\"@graph\":[{\"@type\":\"Article\",\"@id\":\"https:\\\/\\\/blogdofarnesio.com.br\\\/?p=348982#article\",\"isPartOf\":{\"@id\":\"https:\\\/\\\/blogdofarnesio.com.br\\\/?p=348982\"},\"author\":{\"name\":\"Farn\u00e9sio\",\"@id\":\"https:\\\/\\\/blogdofarnesio.com.br\\\/#\\\/schema\\\/person\\\/bb9b23ae3ad0609ce8df7b6c9e76824d\"},\"headline\":\"Hospital Universit\u00e1rio de Petrolina tem 18 vagas para resid\u00eancia m\u00e9dica atrav\u00e9s do Enare\",\"datePublished\":\"2023-08-29T10:42:51+00:00\",\"mainEntityOfPage\":{\"@id\":\"https:\\\/\\\/blogdofarnesio.com.br\\\/?p=348982\"},\"wordCount\":187,\"commentCount\":0,\"publisher\":{\"@id\":\"https:\\\/\\\/blogdofarnesio.com.br\\\/#organization\"},\"image\":{\"@id\":\"https:\\\/\\\/blogdofarnesio.com.br\\\/?p=348982#primaryimage\"},\"thumbnailUrl\":\"https:\\\/\\\/blogdofarnesio.com.br\\\/wp-content\\\/uploads\\\/2020\\\/07\\\/blogqsppet-hut-traumas-e1718655836721.jpg\",\"articleSection\":[\"Concursos\"],\"inLanguage\":\"pt-BR\",\"potentialAction\":[{\"@type\":\"CommentAction\",\"name\":\"Comment\",\"target\":[\"https:\\\/\\\/blogdofarnesio.com.br\\\/?p=348982#respond\"]}]},{\"@type\":\"WebPage\",\"@id\":\"https:\\\/\\\/blogdofarnesio.com.br\\\/?p=348982\",\"url\":\"https:\\\/\\\/blogdofarnesio.com.br\\\/?p=348982\",\"name\":\"Hospital Universit\u00e1rio de Petrolina tem 18 vagas para resid\u00eancia m\u00e9dica atrav\u00e9s do Enare - Blog do Farn\u00e9sio\",\"isPartOf\":{\"@id\":\"https:\\\/\\\/blogdofarnesio.com.br\\\/#website\"},\"primaryImageOfPage\":{\"@id\":\"https:\\\/\\\/blogdofarnesio.com.br\\\/?p=348982#primaryimage\"},\"image\":{\"@id\":\"https:\\\/\\\/blogdofarnesio.com.br\\\/?p=348982#primaryimage\"},\"thumbnailUrl\":\"https:\\\/\\\/blogdofarnesio.com.br\\\/wp-content\\\/uploads\\\/2020\\\/07\\\/blogqsppet-hut-traumas-e1718655836721.jpg\",\"datePublished\":\"2023-08-29T10:42:51+00:00\",\"breadcrumb\":{\"@id\":\"https:\\\/\\\/blogdofarnesio.com.br\\\/?p=348982#breadcrumb\"},\"inLanguage\":\"pt-BR\",\"potentialAction\":[{\"@type\":\"ReadAction\",\"target\":[\"https:\\\/\\\/blogdofarnesio.com.br\\\/?p=348982\"]}]},{\"@type\":\"ImageObject\",\"inLanguage\":\"pt-BR\",\"@id\":\"https:\\\/\\\/blogdofarnesio.com.br\\\/?p=348982#primaryimage\",\"url\":\"https:\\\/\\\/blogdofarnesio.com.br\\\/wp-content\\\/uploads\\\/2020\\\/07\\\/blogqsppet-hut-traumas-e1718655836721.jpg\",\"contentUrl\":\"https:\\\/\\\/blogdofarnesio.com.br\\\/wp-content\\\/uploads\\\/2020\\\/07\\\/blogqsppet-hut-traumas-e1718655836721.jpg\",\"width\":512,\"height\":383,\"caption\":\"Imagem meramente ilustrativa\"},{\"@type\":\"BreadcrumbList\",\"@id\":\"https:\\\/\\\/blogdofarnesio.com.br\\\/?p=348982#breadcrumb\",\"itemListElement\":[{\"@type\":\"ListItem\",\"position\":1,\"name\":\"In\u00edcio\",\"item\":\"https:\\\/\\\/blogdofarnesio.com.br\\\/\"},{\"@type\":\"ListItem\",\"position\":2,\"name\":\"Hospital Universit\u00e1rio de Petrolina tem 18 vagas para resid\u00eancia m\u00e9dica atrav\u00e9s do Enare\"}]},{\"@type\":\"WebSite\",\"@id\":\"https:\\\/\\\/blogdofarnesio.com.br\\\/#website\",\"url\":\"https:\\\/\\\/blogdofarnesio.com.br\\\/\",\"name\":\"Blog do Farn\u00e9sio\",\"description\":\"Quer Saber Pol\u00edtica?\",\"publisher\":{\"@id\":\"https:\\\/\\\/blogdofarnesio.com.br\\\/#organization\"},\"potentialAction\":[{\"@type\":\"SearchAction\",\"target\":{\"@type\":\"EntryPoint\",\"urlTemplate\":\"https:\\\/\\\/blogdofarnesio.com.br\\\/?s={search_term_string}\"},\"query-input\":{\"@type\":\"PropertyValueSpecification\",\"valueRequired\":true,\"valueName\":\"search_term_string\"}}],\"inLanguage\":\"pt-BR\"},{\"@type\":\"Organization\",\"@id\":\"https:\\\/\\\/blogdofarnesio.com.br\\\/#organization\",\"name\":\"Blog do Farn\u00e9sio\",\"url\":\"https:\\\/\\\/blogdofarnesio.com.br\\\/\",\"logo\":{\"@type\":\"ImageObject\",\"inLanguage\":\"pt-BR\",\"@id\":\"https:\\\/\\\/blogdofarnesio.com.br\\\/#\\\/schema\\\/logo\\\/image\\\/\",\"url\":\"https:\\\/\\\/blogdofarnesio.com.br\\\/wp-content\\\/uploads\\\/2026\\\/03\\\/cropped-logo_new-1.png\",\"contentUrl\":\"https:\\\/\\\/blogdofarnesio.com.br\\\/wp-content\\\/uploads\\\/2026\\\/03\\\/cropped-logo_new-1.png\",\"width\":881,\"height\":685,\"caption\":\"Blog do Farn\u00e9sio\"},\"image\":{\"@id\":\"https:\\\/\\\/blogdofarnesio.com.br\\\/#\\\/schema\\\/logo\\\/image\\\/\"},\"sameAs\":[\"https:\\\/\\\/www.facebook.com\\\/BlogQuerSaberPolitica\\\/\"]},{\"@type\":\"Person\",\"@id\":\"https:\\\/\\\/blogdofarnesio.com.br\\\/#\\\/schema\\\/person\\\/bb9b23ae3ad0609ce8df7b6c9e76824d\",\"name\":\"Farn\u00e9sio\",\"image\":{\"@type\":\"ImageObject\",\"inLanguage\":\"pt-BR\",\"@id\":\"https:\\\/\\\/secure.gravatar.com\\\/avatar\\\/986aa4c61ccdb66f8555bf88fc2a65609d00bcabd4d2d94377a727547345cbca?s=96&d=mm&r=g\",\"url\":\"https:\\\/\\\/secure.gravatar.com\\\/avatar\\\/986aa4c61ccdb66f8555bf88fc2a65609d00bcabd4d2d94377a727547345cbca?s=96&d=mm&r=g\",\"contentUrl\":\"https:\\\/\\\/secure.gravatar.com\\\/avatar\\\/986aa4c61ccdb66f8555bf88fc2a65609d00bcabd4d2d94377a727547345cbca?s=96&d=mm&r=g\",\"caption\":\"Farn\u00e9sio\"},\"description\":\"Radialista blogueiro, chegou a Petrolina\\\/Juazeiro em setembro de 1980, Farn\u00e9sio Silva \u00e9 de Arapiraca-Alagoas.\",\"sameAs\":[\"http:\\\/\\\/blogdofarnesio.com.br\",\"https:\\\/\\\/www.facebook.com\\\/?ref=tn_tnmn\",\"https:\\\/\\\/www.instagram.com\\\/?utm_source=pwa_homescreen\",\"https:\\\/\\\/youtube.com.br\\\/\"],\"url\":\"https:\\\/\\\/blogdofarnesio.com.br\\\/?author=2\"}]}<\/script>\n<!-- \/ Yoast SEO plugin. -->","yoast_head_json":{"title":"Hospital Universit\u00e1rio de Petrolina tem 18 vagas para resid\u00eancia m\u00e9dica atrav\u00e9s do Enare - Blog do Farn\u00e9sio","robots":{"index":"index","follow":"follow","max-snippet":"max-snippet:-1","max-image-preview":"max-image-preview:large","max-video-preview":"max-video-preview:-1"},"canonical":"https:\/\/blogdofarnesio.com.br\/?p=348982","og_locale":"pt_BR","og_type":"article","og_title":"Hospital Universit\u00e1rio de Petrolina tem 18 vagas para resid\u00eancia m\u00e9dica atrav\u00e9s do Enare - Blog do Farn\u00e9sio","og_description":"A Empresa Brasileira de Servi\u00e7os Hospitalares (Ebserh) abriu inscri\u00e7\u00f5es para 160 vagas de resid\u00eancias m\u00e9dica e multiprofissional em duas unidades de Pernambuco: Hospital das Cl\u00ednicas da Universidade Federal de Pernambuco (HC-UFPE), situado em Recife, e o Hospital Universit\u00e1rio da Universidade Federal do Vale do S\u00e3o Francisco (HU-Univasf), em Petrolina. Na \u2018Capital do Sert\u00e3o\u2019 est\u00e3o dispon\u00edveis 18 vagas para resid\u00eancia m\u00e9dica. Os candidatos ser\u00e3o selecionados atrav\u00e9s do Exame Nacional de Resid\u00eancia (Enare), principal prova de resid\u00eancia do Brasil, que apresenta vantagens como custo menor e \u00fanico, data \u00fanica para realiza\u00e7\u00e3o, aplica\u00e7\u00e3o em todas as capitais e algumas cidades-polo e possibilidade de escolha da cidade para cursar a especializa\u00e7\u00e3o. Todo o processo seletivo pode ser acompanhado\u00a0neste site. A banca organizada \u00e9 o&hellip;","og_url":"https:\/\/blogdofarnesio.com.br\/?p=348982","og_site_name":"Blog do Farn\u00e9sio","article_publisher":"https:\/\/www.facebook.com\/BlogQuerSaberPolitica\/","article_author":"https:\/\/www.facebook.com\/?ref=tn_tnmn","article_published_time":"2023-08-29T10:42:51+00:00","og_image":[{"width":512,"height":383,"url":"https:\/\/blogdofarnesio.com.br\/wp-content\/uploads\/2020\/07\/blogqsppet-hut-traumas-e1718655836721.jpg","type":"image\/jpeg"}],"author":"Farn\u00e9sio","twitter_card":"summary_large_image","twitter_misc":{"Escrito por":"Farn\u00e9sio","Est. tempo de leitura":"1 minuto"},"schema":{"@context":"https:\/\/schema.org","@graph":[{"@type":"Article","@id":"https:\/\/blogdofarnesio.com.br\/?p=348982#article","isPartOf":{"@id":"https:\/\/blogdofarnesio.com.br\/?p=348982"},"author":{"name":"Farn\u00e9sio","@id":"https:\/\/blogdofarnesio.com.br\/#\/schema\/person\/bb9b23ae3ad0609ce8df7b6c9e76824d"},"headline":"Hospital Universit\u00e1rio de Petrolina tem 18 vagas para resid\u00eancia m\u00e9dica atrav\u00e9s do Enare","datePublished":"2023-08-29T10:42:51+00:00","mainEntityOfPage":{"@id":"https:\/\/blogdofarnesio.com.br\/?p=348982"},"wordCount":187,"commentCount":0,"publisher":{"@id":"https:\/\/blogdofarnesio.com.br\/#organization"},"image":{"@id":"https:\/\/blogdofarnesio.com.br\/?p=348982#primaryimage"},"thumbnailUrl":"https:\/\/blogdofarnesio.com.br\/wp-content\/uploads\/2020\/07\/blogqsppet-hut-traumas-e1718655836721.jpg","articleSection":["Concursos"],"inLanguage":"pt-BR","potentialAction":[{"@type":"CommentAction","name":"Comment","target":["https:\/\/blogdofarnesio.com.br\/?p=348982#respond"]}]},{"@type":"WebPage","@id":"https:\/\/blogdofarnesio.com.br\/?p=348982","url":"https:\/\/blogdofarnesio.com.br\/?p=348982","name":"Hospital Universit\u00e1rio de Petrolina tem 18 vagas para resid\u00eancia m\u00e9dica atrav\u00e9s do Enare - Blog do Farn\u00e9sio","isPartOf":{"@id":"https:\/\/blogdofarnesio.com.br\/#website"},"primaryImageOfPage":{"@id":"https:\/\/blogdofarnesio.com.br\/?p=348982#primaryimage"},"image":{"@id":"https:\/\/blogdofarnesio.com.br\/?p=348982#primaryimage"},"thumbnailUrl":"https:\/\/blogdofarnesio.com.br\/wp-content\/uploads\/2020\/07\/blogqsppet-hut-traumas-e1718655836721.jpg","datePublished":"2023-08-29T10:42:51+00:00","breadcrumb":{"@id":"https:\/\/blogdofarnesio.com.br\/?p=348982#breadcrumb"},"inLanguage":"pt-BR","potentialAction":[{"@type":"ReadAction","target":["https:\/\/blogdofarnesio.com.br\/?p=348982"]}]},{"@type":"ImageObject","inLanguage":"pt-BR","@id":"https:\/\/blogdofarnesio.com.br\/?p=348982#primaryimage","url":"https:\/\/blogdofarnesio.com.br\/wp-content\/uploads\/2020\/07\/blogqsppet-hut-traumas-e1718655836721.jpg","contentUrl":"https:\/\/blogdofarnesio.com.br\/wp-content\/uploads\/2020\/07\/blogqsppet-hut-traumas-e1718655836721.jpg","width":512,"height":383,"caption":"Imagem meramente ilustrativa"},{"@type":"BreadcrumbList","@id":"https:\/\/blogdofarnesio.com.br\/?p=348982#breadcrumb","itemListElement":[{"@type":"ListItem","position":1,"name":"In\u00edcio","item":"https:\/\/blogdofarnesio.com.br\/"},{"@type":"ListItem","position":2,"name":"Hospital Universit\u00e1rio de Petrolina tem 18 vagas para resid\u00eancia m\u00e9dica atrav\u00e9s do Enare"}]},{"@type":"WebSite","@id":"https:\/\/blogdofarnesio.com.br\/#website","url":"https:\/\/blogdofarnesio.com.br\/","name":"Blog do Farn\u00e9sio","description":"Quer Saber Pol\u00edtica?","publisher":{"@id":"https:\/\/blogdofarnesio.com.br\/#organization"},"potentialAction":[{"@type":"SearchAction","target":{"@type":"EntryPoint","urlTemplate":"https:\/\/blogdofarnesio.com.br\/?s={search_term_string}"},"query-input":{"@type":"PropertyValueSpecification","valueRequired":true,"valueName":"search_term_string"}}],"inLanguage":"pt-BR"},{"@type":"Organization","@id":"https:\/\/blogdofarnesio.com.br\/#organization","name":"Blog do Farn\u00e9sio","url":"https:\/\/blogdofarnesio.com.br\/","logo":{"@type":"ImageObject","inLanguage":"pt-BR","@id":"https:\/\/blogdofarnesio.com.br\/#\/schema\/logo\/image\/","url":"https:\/\/blogdofarnesio.com.br\/wp-content\/uploads\/2026\/03\/cropped-logo_new-1.png","contentUrl":"https:\/\/blogdofarnesio.com.br\/wp-content\/uploads\/2026\/03\/cropped-logo_new-1.png","width":881,"height":685,"caption":"Blog do Farn\u00e9sio"},"image":{"@id":"https:\/\/blogdofarnesio.com.br\/#\/schema\/logo\/image\/"},"sameAs":["https:\/\/www.facebook.com\/BlogQuerSaberPolitica\/"]},{"@type":"Person","@id":"https:\/\/blogdofarnesio.com.br\/#\/schema\/person\/bb9b23ae3ad0609ce8df7b6c9e76824d","name":"Farn\u00e9sio","image":{"@type":"ImageObject","inLanguage":"pt-BR","@id":"https:\/\/secure.gravatar.com\/avatar\/986aa4c61ccdb66f8555bf88fc2a65609d00bcabd4d2d94377a727547345cbca?s=96&d=mm&r=g","url":"https:\/\/secure.gravatar.com\/avatar\/986aa4c61ccdb66f8555bf88fc2a65609d00bcabd4d2d94377a727547345cbca?s=96&d=mm&r=g","contentUrl":"https:\/\/secure.gravatar.com\/avatar\/986aa4c61ccdb66f8555bf88fc2a65609d00bcabd4d2d94377a727547345cbca?s=96&d=mm&r=g","caption":"Farn\u00e9sio"},"description":"Radialista blogueiro, chegou a Petrolina\/Juazeiro em setembro de 1980, Farn\u00e9sio Silva \u00e9 de Arapiraca-Alagoas.","sameAs":["http:\/\/blogdofarnesio.com.br","https:\/\/www.facebook.com\/?ref=tn_tnmn","https:\/\/www.instagram.com\/?utm_source=pwa_homescreen","https:\/\/youtube.com.br\/"],"url":"https:\/\/blogdofarnesio.com.br\/?author=2"}]}},"_links":{"self":[{"href":"https:\/\/blogdofarnesio.com.br\/index.php?rest_route=\/wp\/v2\/posts\/348982","targetHints":{"allow":["GET"]}}],"collection":[{"href":"https:\/\/blogdofarnesio.com.br\/index.php?rest_route=\/wp\/v2\/posts"}],"about":[{"href":"https:\/\/blogdofarnesio.com.br\/index.php?rest_route=\/wp\/v2\/types\/post"}],"author":[{"embeddable":true,"href":"https:\/\/blogdofarnesio.com.br\/index.php?rest_route=\/wp\/v2\/users\/2"}],"replies":[{"embeddable":true,"href":"https:\/\/blogdofarnesio.com.br\/index.php?rest_route=%2Fwp%2Fv2%2Fcomments&post=348982"}],"version-history":[{"count":0,"href":"https:\/\/blogdofarnesio.com.br\/index.php?rest_route=\/wp\/v2\/posts\/348982\/revisions"}],"wp:featuredmedia":[{"embeddable":true,"href":"https:\/\/blogdofarnesio.com.br\/index.php?rest_route=\/wp\/v2\/media\/262318"}],"wp:attachment":[{"href":"https:\/\/blogdofarnesio.com.br\/index.php?rest_route=%2Fwp%2Fv2%2Fmedia&parent=348982"}],"wp:term":[{"taxonomy":"category","embeddable":true,"href":"https:\/\/blogdofarnesio.com.br\/index.php?rest_route=%2Fwp%2Fv2%2Fcategories&post=348982"},{"taxonomy":"post_tag","embeddable":true,"href":"https:\/\/blogdofarnesio.com.br\/index.php?rest_route=%2Fwp%2Fv2%2Ftags&post=348982"}],"curies":[{"name":"wp","href":"https:\/\/api.w.org\/{rel}","templated":true}]}}