{"id":348717,"date":"2023-08-24T16:04:36","date_gmt":"2023-08-24T19:04:36","guid":{"rendered":"https:\/\/blogdofarnesio.com.br\/?p=348717"},"modified":"2023-08-24T15:32:39","modified_gmt":"2023-08-24T18:32:39","slug":"sargento-gay-da-pmpe-consegue-licenca-paternidade-inedita-de-6-meses-para-cuidar-de-filha-mostrei-que-minha-familia-existe","status":"publish","type":"post","link":"https:\/\/blogdofarnesio.com.br\/?p=348717","title":{"rendered":"Sargento gay da PMPE consegue licen\u00e7a-paternidade in\u00e9dita de 6 meses para cuidar de filha: &#8216;Mostrei que minha fam\u00edlia existe"},"content":{"rendered":"<p><strong><i>Mostrei que minha fam\u00edlia existe e preferi n\u00e3o me esconder, porque minha felicidade vale muito mais&#8221;.<\/i><\/strong><\/p>\n<p class=\"selectable-text copyable-text iq0m558w g0rxnol2\" dir=\"ltr\"><span class=\"selectable-text copyable-text\">A frase \u00e9 do sargento da Pol\u00edcia Militar Valdi Barbosa, que junto com o marido, Rafael Moreira, conseguiu na Justi\u00e7a o direito de tirar seis meses de licen\u00e7a-paternidade ap\u00f3s o nascimento da filha Sofia, fruto de uma fertiliza\u00e7\u00e3o in vitro com barriga solid\u00e1ria. De acordo com a PM, esse foi o primeiro caso desse tipo na corpora\u00e7\u00e3o (veja v\u00eddeo acima).<\/span><\/p>\n<p class=\"selectable-text copyable-text iq0m558w g0rxnol2\" dir=\"ltr\"><span class=\"selectable-text copyable-text\">Valdi e Rafael tiveram Sofia em junho de 2022. A irm\u00e3 de Valdi, Rosilene, foi quem serviu de barriga solid\u00e1ria para dar \u00e0 luz a pequena. O \u00f3vulo foi de uma doadora an\u00f4nima e o esperma, de Valdi. A rigor, o PM teria direito a 20 dias de licen\u00e7a-paternidade. O marido, Rafael, \u00e9 professor de ingl\u00eas e d\u00e1 aulas pela internet.<\/span><\/p>\n<p class=\"selectable-text copyable-text iq0m558w g0rxnol2\" dir=\"ltr\"><span class=\"selectable-text copyable-text\">Entretanto, o casal, nos preparativos para a chegada de Sofia, viu que era preciso que um dos dois se dedicasse integralmente \u00e0 rec\u00e9m-nascida. Foi a\u00ed que Valdi, que \u00e9 policial militar h\u00e1 14 anos na Cavalaria, decidiu pedir a licen\u00e7a ao governo do estado.<\/span><\/p>\n<p class=\"selectable-text copyable-text iq0m558w g0rxnol2\" dir=\"ltr\"><span class=\"selectable-text copyable-text\">\u201cFalei com meu superior e ele falou que eu ia ter que entrar com um requerimento administrativo, mas que provavelmente o pedido seria negado, porque n\u00e3o havia nenhum precedente no estado e n\u00e3o havia embasamento jur\u00eddico. Eu fiz o requerimento e inseri v\u00e1rios casos de pais solo que encontrei, inclusive um do Recife. Mas n\u00e3o encontrei nenhum caso de policial militar\u201d, afirmou Valdi.<\/span><\/p>\n<p class=\"selectable-text copyable-text iq0m558w g0rxnol2\" dir=\"ltr\"><span class=\"selectable-text copyable-text\">O requerimento, ent\u00e3o, passou por diversas secretarias da Pol\u00edcia Militar, seguiu para a Secretaria de Defesa Social e, por fim, foi parar na Procuradoria Geral do Estado, \u00faltima inst\u00e2ncia a negar a licen\u00e7a de seis meses. Esse processo durou de janeiro at\u00e9 o fim de maio, pouco tempo antes do nascimento de Sofia.<\/span><\/p>\n<p class=\"selectable-text copyable-text iq0m558w g0rxnol2\" dir=\"ltr\"><span class=\"selectable-text copyable-text\">\u201cFoi a\u00ed que eu decidi entrar na Justi\u00e7a. Primeiro, o estado me concedeu a licen\u00e7a padr\u00e3o, de 20 dias. Cheguei a trabalhar por dois servi\u00e7os e depois saiu a senten\u00e7a. Juntando com f\u00e9rias, fiquei quase oito meses com minha filha\u201d, contou o policial.<\/span><\/p>\n<div class=\"separator\"><a href=\"https:\/\/blogger.googleusercontent.com\/img\/b\/R29vZ2xl\/AVvXsEhkCcXunmVKHcTWCqG6I2O_yJo7hZ3WzMw7RKUa18ERx30z8NpN0B1dUlf4OiMNtb3UiFfQJ05IIKMCVVMUdKOg5G_UGkBEHFX7UhR6xqaaRubWGVKY1EQB7RsbS-fctL7HF3VtuVy36ZKcyUWsBHrbn4mt2a-rBX2G1c8pX3tBm50JReGZqaYeELY2o1g\/s1230\/pais-4-.webp\"><img loading=\"lazy\" decoding=\"async\" class=\"alignleft\" src=\"https:\/\/blogger.googleusercontent.com\/img\/b\/R29vZ2xl\/AVvXsEhkCcXunmVKHcTWCqG6I2O_yJo7hZ3WzMw7RKUa18ERx30z8NpN0B1dUlf4OiMNtb3UiFfQJ05IIKMCVVMUdKOg5G_UGkBEHFX7UhR6xqaaRubWGVKY1EQB7RsbS-fctL7HF3VtuVy36ZKcyUWsBHrbn4mt2a-rBX2G1c8pX3tBm50JReGZqaYeELY2o1g\/w512-h640\/pais-4-.webp\" width=\"280\" height=\"350\" border=\"0\" data-original-height=\"1230\" data-original-width=\"984\" \/><\/a><\/div>\n<p class=\"selectable-text copyable-text iq0m558w g0rxnol2\" dir=\"ltr\"><span class=\"selectable-text copyable-text\">A senten\u00e7a saiu no dia 28 de julho de 2022 e foi assinada pela ju\u00edza Nicole de Faria Neves, do 4\u00ba Juizado Especial da Fazenda P\u00fablica da Capital. O estado chegou a recorrer, mas teve o recurso negado. Valdi conseguiu usufruir da licen\u00e7a at\u00e9 o fim.<\/span><\/p>\n<p class=\"selectable-text copyable-text iq0m558w g0rxnol2\" dir=\"ltr\"><span class=\"selectable-text copyable-text\">&#8220;O direito n\u00e3o \u00e9 meu, \u00e9 da minha filha. Algumas pessoas podem pensar que eu quis um direito que \u00e9 das m\u00e3es, mas na verdade o direito \u00e9 da crian\u00e7a, de ter algu\u00e9m se dedicando integralmente a ela por seis meses&#8221;, afirmou.<\/span><\/p>\n<p class=\"selectable-text copyable-text iq0m558w g0rxnol2\" dir=\"ltr\"><span class=\"selectable-text copyable-text\">Por ser policial, Valdi trabalha num plant\u00e3o de 24 horas de servi\u00e7o por 72 horas de folga. J\u00e1 Rafael, que d\u00e1 aulas online, tem hor\u00e1rios mais irregulares. Nos momentos em que folga, Valdi fica respons\u00e1vel pela menina. Rafael assume nos intervalos das aulas. Nos plant\u00f5es do policial, uma amiga de inf\u00e2ncia dele fica com Sofia de dia, at\u00e9 que, de noite, Rafael largue.<\/span><\/p>\n<p dir=\"ltr\">Rafael (\u00e0 esquerda), Valdi (\u00e0 direita) e a beb\u00ea Sofia \u2014 Foto: Studio Carla Gomes<\/p>\n<p class=\"selectable-text copyable-text iq0m558w g0rxnol2\" dir=\"ltr\"><span class=\"selectable-text copyable-text\">Rafael, o outro pai, conta que todo o processo de ter Sofia foi, para eles, um ato de coragem.<\/span><\/p>\n<p class=\"selectable-text copyable-text iq0m558w g0rxnol2\" dir=\"ltr\"><span class=\"selectable-text copyable-text\">&#8220;A gente briga muito por espa\u00e7os, por direitos, e acho que foi um ato de desbravar mesmo. Era mais f\u00e1cil dizer &#8216;a gente n\u00e3o vai ter direito, mesmo&#8217;. Mas a gente pensou: &#8216;pode ser que a gente tenha direito&#8217;. Se n\u00e3o tivesse outra forma, contratar\u00edamos uma bab\u00e1. Seria o jeito. Mas, para a gente, era importante viver cada passo&#8221;, afirmou Rafael.<\/span><\/p>\n<p class=\"selectable-text copyable-text iq0m558w g0rxnol2\" dir=\"ltr\"><span class=\"selectable-text copyable-text\">Acompanhe o Blog O Povo com a Not\u00edcia tamb\u00e9m nas redes sociais, atrav\u00e9s do\u00a0<a href=\"https:\/\/www.instagram.com\/blogopovocomanoticia\/\">Instagram clique aqui<\/a>.<\/span><\/p>\n<p class=\"selectable-text copyable-text iq0m558w g0rxnol2\" dir=\"ltr\"><span class=\"selectable-text copyable-text\">Desejo de ser pai<\/span><\/p>\n<div class=\"separator\"><a href=\"https:\/\/blogger.googleusercontent.com\/img\/b\/R29vZ2xl\/AVvXsEj5HJ060bdERLy4JjQZd43JvX7WyO-TM1p4Zqe36usvwWy21uPNHsex6tDztowX0_FWoRAtN05b2_4NTcT18Kw935mA8yhWhSpzDYACJVV0AJUbQeSp1_F2qZGAM0ioF3MJXiju5HTvvpgHNVUofjcN7F2rPEe69T5Q3dpB-fwE6t0SS19xCJy9jxPSziU\/s1231\/pais-6-.webp\"><img loading=\"lazy\" decoding=\"async\" src=\"https:\/\/blogger.googleusercontent.com\/img\/b\/R29vZ2xl\/AVvXsEj5HJ060bdERLy4JjQZd43JvX7WyO-TM1p4Zqe36usvwWy21uPNHsex6tDztowX0_FWoRAtN05b2_4NTcT18Kw935mA8yhWhSpzDYACJVV0AJUbQeSp1_F2qZGAM0ioF3MJXiju5HTvvpgHNVUofjcN7F2rPEe69T5Q3dpB-fwE6t0SS19xCJy9jxPSziU\/w512-h640\/pais-6-.webp\" width=\"280\" height=\"350\" border=\"0\" data-original-height=\"1231\" data-original-width=\"984\" \/><\/a><\/div>\n<p>&nbsp;<\/p>\n<p class=\"selectable-text copyable-text iq0m558w g0rxnol2\" dir=\"ltr\"><span class=\"selectable-text copyable-text\">Valdi e Rafael se conheceram em 2012. Eles tinham 30 e 31 anos, respectivamente. Desde o come\u00e7o, o policial militar expressou a vontade de ser pai. J\u00e1 para o pai professor de ingl\u00eas, a ideia n\u00e3o foi t\u00e3o natural.<\/span><\/p>\n<p class=\"selectable-text copyable-text iq0m558w g0rxnol2\" dir=\"ltr\"><span class=\"selectable-text copyable-text\">&#8220;Quando eu tinha 20 e poucos anos, tinha muita vontade de ser pai. Depois, as coisas foram mudando e eu desisti, por causa da condi\u00e7\u00e3o da gente, com medo que a crian\u00e7a sofresse, e por causa de processos meus. Quando conheci Valdi, ele expressou o desejo e eu esperava que ele desistisse. Parecia algo distante da nossa realidade. Mas ele insistiu, eu embarquei e logo incorporei a ideia e a vontade novamente&#8221;, contou Rafael.<\/span><\/p>\n<p class=\"selectable-text copyable-text iq0m558w g0rxnol2\" dir=\"ltr\"><span class=\"selectable-text copyable-text\">Em 2019, o casal bateu o martelo e decidiu iniciar o processo para Sofia vir ao mundo<\/span><\/p>\n<p class=\"selectable-text copyable-text iq0m558w g0rxnol2\" dir=\"ltr\"><span class=\"selectable-text copyable-text\">&#8220;Naquela \u00e9poca n\u00e3o tinha tanta informa\u00e7\u00e3o sobre fertiliza\u00e7\u00e3o in vitro para casais gays. O caso mais conhecido que a gente via era o do humorista Paulo Gustavo, mas ele foi para o exterior fazer barriga de aluguel, que aqui no Brasil n\u00e3o \u00e9 permitido. Todos os v\u00eddeos que eu via eram de casais h\u00e9tero, ou de casais l\u00e9sbicos, em que uma das partes pode gestar&#8221;, lembrou Valdi.<\/span><\/p>\n<p class=\"selectable-text copyable-text iq0m558w g0rxnol2\" dir=\"ltr\"><span class=\"selectable-text copyable-text\">Os pais conversaram com parentes e a esposa de um primo de Valdi se ofereceu. Na primeira tentativa, eles conseguiram produzir dois embri\u00f5es, mas, depois de implantados, ambos n\u00e3o vingaram. Foi um baque na vida do casal.<\/span><\/p>\n<p class=\"selectable-text copyable-text iq0m558w g0rxnol2\" dir=\"ltr\"><span class=\"selectable-text copyable-text\">\u201cFoi um gasto f\u00edsico, emocional, financeiro. Eu me vi perdido, pensando &#8216;e agora?&#8217;. N\u00e3o sou de chorar, mas chorei muito, e minha irm\u00e3 viu. A\u00ed ela disse: &#8216;agora eu que vou ser a barriga solid\u00e1ria de voc\u00eas&#8217;. Come\u00e7amos tudo de novo, trabalhar para juntar dinheiro e reiniciar o processo\u201d, declarou.<\/span><\/p>\n<p class=\"selectable-text copyable-text iq0m558w g0rxnol2\" dir=\"ltr\"><span class=\"selectable-text copyable-text\">Na segunda tentativa, foram produzidos sete embri\u00f5es. Quatro foram utilizados e um deles vingou. Era Sofia.<\/span><\/p>\n<p class=\"selectable-text copyable-text iq0m558w g0rxnol2\" dir=\"ltr\"><span class=\"selectable-text copyable-text\">\u201cGuardamos segredo at\u00e9 a 10\u00aa semana, porque os tr\u00eas primeiros meses s\u00e3o os mais cr\u00edticos. A\u00ed decidimos nos casar. Na cerim\u00f4nia, minha irm\u00e3 entrou e revelamos ao pessoal. Foi aquela emo\u00e7\u00e3o\u201d, afirmou.<\/span><\/p>\n<p class=\"selectable-text copyable-text iq0m558w g0rxnol2\" dir=\"ltr\">Rafael contou que a decis\u00e3o de usar o esperma de Valdi e n\u00e3o o dele foi natural, porque o PM sempre quis ter um filho biol\u00f3gico. Por\u00e9m, segundo ele, a tia que gerou Sofia sofreu preconceito.<\/p>\n<p class=\"selectable-text copyable-text iq0m558w g0rxnol2\" dir=\"ltr\"><span class=\"selectable-text copyable-text\">&#8220;A barriga solid\u00e1ria ainda \u00e9 algo n\u00e3o muito comum nos nossos c\u00edrculos. Algumas pessoas pensavam que eu tinha transado com ela, outras diziam que ela n\u00e3o ia conseguir dar a crian\u00e7a, que ela e Sofia iriam chorar quando se vissem. Ela ouviu coisas horr\u00edveis, mas hoje \u00e9 tudo normal. \u00c9 tia como as outras tias, e conta que, quando estava gr\u00e1vida, n\u00e3o teve nenhum conflito. Ela sabia que era a sobrinha dela ali&#8221;, lembrou.<\/span><\/p>\n<p class=\"selectable-text copyable-text iq0m558w g0rxnol2\" dir=\"ltr\"><span class=\"selectable-text copyable-text\">Redes sociais<\/span><\/p>\n<p class=\"selectable-text copyable-text iq0m558w g0rxnol2\" dir=\"ltr\"><span class=\"selectable-text copyable-text\">Anivers\u00e1rio de 1 ano de Sofia com os pais Valdi (\u00e0 esquerda) e Rafael (\u00e0 direita) \u2014 Foto: Reprodu\u00e7\u00e3o\/WhatsApp<\/span><\/p>\n<p class=\"selectable-text copyable-text iq0m558w g0rxnol2\" dir=\"ltr\"><span class=\"selectable-text copyable-text\">Anivers\u00e1rio de 1 ano de Sofia com os pais Valdi (\u00e0 esquerda) e Rafael (\u00e0 direita) \u2014 Foto: Reprodu\u00e7\u00e3o\/WhatsApp<\/span><\/p>\n<p class=\"selectable-text copyable-text iq0m558w g0rxnol2\" dir=\"ltr\"><span class=\"selectable-text copyable-text\">No in\u00edcio do processo da fertiliza\u00e7\u00e3o in vitro, Valdi e Rafael decidiram publicar a trajet\u00f3ria no Instagram, com o perfil @somos2pais. O pai professor de ingl\u00eas, inicialmente, foi contra, com medo do danos que a exposi\u00e7\u00e3o pudesse causar na vida deles e da filha.<\/span><\/p>\n<p class=\"selectable-text copyable-text iq0m558w g0rxnol2\" dir=\"ltr\"><span class=\"selectable-text copyable-text\">&#8220;Fiquei com medo porque a internet \u00e9 meio terra de ningu\u00e9m e eu n\u00e3o queria expor minha filha a isso; nem nos expor, porque a gente j\u00e1 est\u00e1 fazendo algo que n\u00e3o \u00e9 considerado t\u00e3o normal. Mas o retorno foi muito positivo. Tivemos pouqu\u00edssimas respostas negativas e muita gente entrou em contato, disse que se inspirou. Algumas outras afirmam que t\u00eam filhos gays que pensam que ter filho \u00e9 muito dif\u00edcil e que iriam pedir para falar conosco. O feedback tem sido muito bom&#8221;, declarou Rafael.<\/span><\/p>\n<p class=\"selectable-text copyable-text iq0m558w g0rxnol2\" dir=\"ltr\"><span class=\"selectable-text copyable-text\">Valdi, por sua vez, sempre foi mais otimista. Ele conta que, mesmo no ambiente machista da Pol\u00edcia Militar, se imp\u00f5e e \u00e9 respeitado.<\/span><\/p>\n<p class=\"selectable-text copyable-text iq0m558w g0rxnol2\" dir=\"ltr\"><span class=\"selectable-text copyable-text\">&#8220;Sempre tem algumas gracinhas, tanto para mim, que sou gay, quanto para as policiais mulheres. Mas acho que n\u00e3o tanto por ser policial. Tendem a comparar gays com mulheres, dizer que eu quero ser &#8216;p\u00e3e&#8217;, mas eu nunca quis ser mulher. Estou muito bem sendo homem. Isso nunca me afetou. Eu sei me impor e sempre fui muito aberto&#8221;, disse. (Via: G1 PE)<\/span><\/p>\n","protected":false},"excerpt":{"rendered":"<p>Mostrei que minha fam\u00edlia existe e preferi n\u00e3o me esconder, porque minha felicidade vale muito mais&#8221;. A frase \u00e9 do sargento da Pol\u00edcia Militar Valdi Barbosa, que junto com o marido, Rafael Moreira, conseguiu na Justi\u00e7a o direito de tirar seis meses de licen\u00e7a-paternidade ap\u00f3s o nascimento da filha Sofia, fruto de uma fertiliza\u00e7\u00e3o in vitro com barriga solid\u00e1ria. De acordo com a PM, esse foi o primeiro caso desse tipo na corpora\u00e7\u00e3o (veja v\u00eddeo acima). Valdi e Rafael tiveram Sofia em junho de 2022. A irm\u00e3 de Valdi, Rosilene, foi quem serviu de barriga solid\u00e1ria para dar \u00e0 luz a pequena. O \u00f3vulo foi de uma doadora an\u00f4nima e o esperma, de Valdi. A rigor, o PM teria direito&hellip; <\/p>\n","protected":false},"author":2,"featured_media":348725,"comment_status":"open","ping_status":"open","sticky":false,"template":"","format":"standard","meta":{"_acf_changed":false,"footnotes":""},"categories":[32],"tags":[],"class_list":["post-348717","post","type-post","status-publish","format-standard","has-post-thumbnail","hentry","category-costumes"],"acf":[],"yoast_head":"<!-- This site is optimized with the Yoast SEO plugin v27.4 - https:\/\/yoast.com\/product\/yoast-seo-wordpress\/ -->\n<title>Sargento gay da PMPE consegue licen\u00e7a-paternidade in\u00e9dita de 6 meses para cuidar de filha: &#039;Mostrei que minha fam\u00edlia existe - Blog do Farn\u00e9sio<\/title>\n<meta name=\"robots\" content=\"index, follow, max-snippet:-1, max-image-preview:large, max-video-preview:-1\" \/>\n<link rel=\"canonical\" href=\"https:\/\/blogdofarnesio.com.br\/?p=348717\" \/>\n<meta property=\"og:locale\" content=\"pt_BR\" \/>\n<meta property=\"og:type\" content=\"article\" \/>\n<meta property=\"og:title\" content=\"Sargento gay da PMPE consegue licen\u00e7a-paternidade in\u00e9dita de 6 meses para cuidar de filha: &#039;Mostrei que minha fam\u00edlia existe - Blog do Farn\u00e9sio\" \/>\n<meta property=\"og:description\" content=\"Mostrei que minha fam\u00edlia existe e preferi n\u00e3o me esconder, porque minha felicidade vale muito mais&#8221;. A frase \u00e9 do sargento da Pol\u00edcia Militar Valdi Barbosa, que junto com o marido, Rafael Moreira, conseguiu na Justi\u00e7a o direito de tirar seis meses de licen\u00e7a-paternidade ap\u00f3s o nascimento da filha Sofia, fruto de uma fertiliza\u00e7\u00e3o in vitro com barriga solid\u00e1ria. De acordo com a PM, esse foi o primeiro caso desse tipo na corpora\u00e7\u00e3o (veja v\u00eddeo acima). Valdi e Rafael tiveram Sofia em junho de 2022. A irm\u00e3 de Valdi, Rosilene, foi quem serviu de barriga solid\u00e1ria para dar \u00e0 luz a pequena. O \u00f3vulo foi de uma doadora an\u00f4nima e o esperma, de Valdi. A rigor, o PM teria direito&hellip;\" \/>\n<meta property=\"og:url\" content=\"https:\/\/blogdofarnesio.com.br\/?p=348717\" \/>\n<meta property=\"og:site_name\" content=\"Blog do Farn\u00e9sio\" \/>\n<meta property=\"article:publisher\" content=\"https:\/\/www.facebook.com\/BlogQuerSaberPolitica\/\" \/>\n<meta property=\"article:author\" content=\"https:\/\/www.facebook.com\/?ref=tn_tnmn\" \/>\n<meta property=\"article:published_time\" content=\"2023-08-24T19:04:36+00:00\" \/>\n<meta property=\"og:image\" content=\"https:\/\/blogdofarnesio.com.br\/wp-content\/uploads\/2023\/08\/blogqsppmpe-sarg-lgbt-pais-3-.jpg\" \/>\n\t<meta property=\"og:image:width\" content=\"405\" \/>\n\t<meta property=\"og:image:height\" content=\"328\" \/>\n\t<meta property=\"og:image:type\" content=\"image\/jpeg\" \/>\n<meta name=\"author\" content=\"Farn\u00e9sio\" \/>\n<meta name=\"twitter:card\" content=\"summary_large_image\" \/>\n<meta name=\"twitter:label1\" content=\"Escrito por\" \/>\n\t<meta name=\"twitter:data1\" content=\"Farn\u00e9sio\" \/>\n\t<meta name=\"twitter:label2\" content=\"Est. tempo de leitura\" \/>\n\t<meta name=\"twitter:data2\" content=\"8 minutos\" \/>\n<script type=\"application\/ld+json\" class=\"yoast-schema-graph\">{\"@context\":\"https:\\\/\\\/schema.org\",\"@graph\":[{\"@type\":\"Article\",\"@id\":\"https:\\\/\\\/blogdofarnesio.com.br\\\/?p=348717#article\",\"isPartOf\":{\"@id\":\"https:\\\/\\\/blogdofarnesio.com.br\\\/?p=348717\"},\"author\":{\"name\":\"Farn\u00e9sio\",\"@id\":\"https:\\\/\\\/blogdofarnesio.com.br\\\/#\\\/schema\\\/person\\\/bb9b23ae3ad0609ce8df7b6c9e76824d\"},\"headline\":\"Sargento gay da PMPE consegue licen\u00e7a-paternidade in\u00e9dita de 6 meses para cuidar de filha: &#8216;Mostrei que minha fam\u00edlia existe\",\"datePublished\":\"2023-08-24T19:04:36+00:00\",\"mainEntityOfPage\":{\"@id\":\"https:\\\/\\\/blogdofarnesio.com.br\\\/?p=348717\"},\"wordCount\":1398,\"commentCount\":0,\"publisher\":{\"@id\":\"https:\\\/\\\/blogdofarnesio.com.br\\\/#organization\"},\"image\":{\"@id\":\"https:\\\/\\\/blogdofarnesio.com.br\\\/?p=348717#primaryimage\"},\"thumbnailUrl\":\"https:\\\/\\\/blogdofarnesio.com.br\\\/wp-content\\\/uploads\\\/2023\\\/08\\\/blogqsppmpe-sarg-lgbt-pais-3-.jpg\",\"articleSection\":[\"Costumes\"],\"inLanguage\":\"pt-BR\",\"potentialAction\":[{\"@type\":\"CommentAction\",\"name\":\"Comment\",\"target\":[\"https:\\\/\\\/blogdofarnesio.com.br\\\/?p=348717#respond\"]}]},{\"@type\":\"WebPage\",\"@id\":\"https:\\\/\\\/blogdofarnesio.com.br\\\/?p=348717\",\"url\":\"https:\\\/\\\/blogdofarnesio.com.br\\\/?p=348717\",\"name\":\"Sargento gay da PMPE consegue licen\u00e7a-paternidade in\u00e9dita de 6 meses para cuidar de filha: 'Mostrei que minha fam\u00edlia existe - Blog do Farn\u00e9sio\",\"isPartOf\":{\"@id\":\"https:\\\/\\\/blogdofarnesio.com.br\\\/#website\"},\"primaryImageOfPage\":{\"@id\":\"https:\\\/\\\/blogdofarnesio.com.br\\\/?p=348717#primaryimage\"},\"image\":{\"@id\":\"https:\\\/\\\/blogdofarnesio.com.br\\\/?p=348717#primaryimage\"},\"thumbnailUrl\":\"https:\\\/\\\/blogdofarnesio.com.br\\\/wp-content\\\/uploads\\\/2023\\\/08\\\/blogqsppmpe-sarg-lgbt-pais-3-.jpg\",\"datePublished\":\"2023-08-24T19:04:36+00:00\",\"breadcrumb\":{\"@id\":\"https:\\\/\\\/blogdofarnesio.com.br\\\/?p=348717#breadcrumb\"},\"inLanguage\":\"pt-BR\",\"potentialAction\":[{\"@type\":\"ReadAction\",\"target\":[\"https:\\\/\\\/blogdofarnesio.com.br\\\/?p=348717\"]}]},{\"@type\":\"ImageObject\",\"inLanguage\":\"pt-BR\",\"@id\":\"https:\\\/\\\/blogdofarnesio.com.br\\\/?p=348717#primaryimage\",\"url\":\"https:\\\/\\\/blogdofarnesio.com.br\\\/wp-content\\\/uploads\\\/2023\\\/08\\\/blogqsppmpe-sarg-lgbt-pais-3-.jpg\",\"contentUrl\":\"https:\\\/\\\/blogdofarnesio.com.br\\\/wp-content\\\/uploads\\\/2023\\\/08\\\/blogqsppmpe-sarg-lgbt-pais-3-.jpg\",\"width\":405,\"height\":328},{\"@type\":\"BreadcrumbList\",\"@id\":\"https:\\\/\\\/blogdofarnesio.com.br\\\/?p=348717#breadcrumb\",\"itemListElement\":[{\"@type\":\"ListItem\",\"position\":1,\"name\":\"In\u00edcio\",\"item\":\"https:\\\/\\\/blogdofarnesio.com.br\\\/\"},{\"@type\":\"ListItem\",\"position\":2,\"name\":\"Sargento gay da PMPE consegue licen\u00e7a-paternidade in\u00e9dita de 6 meses para cuidar de filha: &#8216;Mostrei que minha fam\u00edlia existe\"}]},{\"@type\":\"WebSite\",\"@id\":\"https:\\\/\\\/blogdofarnesio.com.br\\\/#website\",\"url\":\"https:\\\/\\\/blogdofarnesio.com.br\\\/\",\"name\":\"Blog do Farn\u00e9sio\",\"description\":\"Quer Saber Pol\u00edtica?\",\"publisher\":{\"@id\":\"https:\\\/\\\/blogdofarnesio.com.br\\\/#organization\"},\"potentialAction\":[{\"@type\":\"SearchAction\",\"target\":{\"@type\":\"EntryPoint\",\"urlTemplate\":\"https:\\\/\\\/blogdofarnesio.com.br\\\/?s={search_term_string}\"},\"query-input\":{\"@type\":\"PropertyValueSpecification\",\"valueRequired\":true,\"valueName\":\"search_term_string\"}}],\"inLanguage\":\"pt-BR\"},{\"@type\":\"Organization\",\"@id\":\"https:\\\/\\\/blogdofarnesio.com.br\\\/#organization\",\"name\":\"Blog do Farn\u00e9sio\",\"url\":\"https:\\\/\\\/blogdofarnesio.com.br\\\/\",\"logo\":{\"@type\":\"ImageObject\",\"inLanguage\":\"pt-BR\",\"@id\":\"https:\\\/\\\/blogdofarnesio.com.br\\\/#\\\/schema\\\/logo\\\/image\\\/\",\"url\":\"https:\\\/\\\/blogdofarnesio.com.br\\\/wp-content\\\/uploads\\\/2026\\\/03\\\/cropped-logo_new-1.png\",\"contentUrl\":\"https:\\\/\\\/blogdofarnesio.com.br\\\/wp-content\\\/uploads\\\/2026\\\/03\\\/cropped-logo_new-1.png\",\"width\":881,\"height\":685,\"caption\":\"Blog do Farn\u00e9sio\"},\"image\":{\"@id\":\"https:\\\/\\\/blogdofarnesio.com.br\\\/#\\\/schema\\\/logo\\\/image\\\/\"},\"sameAs\":[\"https:\\\/\\\/www.facebook.com\\\/BlogQuerSaberPolitica\\\/\"]},{\"@type\":\"Person\",\"@id\":\"https:\\\/\\\/blogdofarnesio.com.br\\\/#\\\/schema\\\/person\\\/bb9b23ae3ad0609ce8df7b6c9e76824d\",\"name\":\"Farn\u00e9sio\",\"image\":{\"@type\":\"ImageObject\",\"inLanguage\":\"pt-BR\",\"@id\":\"https:\\\/\\\/secure.gravatar.com\\\/avatar\\\/986aa4c61ccdb66f8555bf88fc2a65609d00bcabd4d2d94377a727547345cbca?s=96&d=mm&r=g\",\"url\":\"https:\\\/\\\/secure.gravatar.com\\\/avatar\\\/986aa4c61ccdb66f8555bf88fc2a65609d00bcabd4d2d94377a727547345cbca?s=96&d=mm&r=g\",\"contentUrl\":\"https:\\\/\\\/secure.gravatar.com\\\/avatar\\\/986aa4c61ccdb66f8555bf88fc2a65609d00bcabd4d2d94377a727547345cbca?s=96&d=mm&r=g\",\"caption\":\"Farn\u00e9sio\"},\"description\":\"Radialista blogueiro, chegou a Petrolina\\\/Juazeiro em setembro de 1980, Farn\u00e9sio Silva \u00e9 de Arapiraca-Alagoas.\",\"sameAs\":[\"http:\\\/\\\/blogdofarnesio.com.br\",\"https:\\\/\\\/www.facebook.com\\\/?ref=tn_tnmn\",\"https:\\\/\\\/www.instagram.com\\\/?utm_source=pwa_homescreen\",\"https:\\\/\\\/youtube.com.br\\\/\"],\"url\":\"https:\\\/\\\/blogdofarnesio.com.br\\\/?author=2\"}]}<\/script>\n<!-- \/ Yoast SEO plugin. -->","yoast_head_json":{"title":"Sargento gay da PMPE consegue licen\u00e7a-paternidade in\u00e9dita de 6 meses para cuidar de filha: 'Mostrei que minha fam\u00edlia existe - Blog do Farn\u00e9sio","robots":{"index":"index","follow":"follow","max-snippet":"max-snippet:-1","max-image-preview":"max-image-preview:large","max-video-preview":"max-video-preview:-1"},"canonical":"https:\/\/blogdofarnesio.com.br\/?p=348717","og_locale":"pt_BR","og_type":"article","og_title":"Sargento gay da PMPE consegue licen\u00e7a-paternidade in\u00e9dita de 6 meses para cuidar de filha: 'Mostrei que minha fam\u00edlia existe - Blog do Farn\u00e9sio","og_description":"Mostrei que minha fam\u00edlia existe e preferi n\u00e3o me esconder, porque minha felicidade vale muito mais&#8221;. A frase \u00e9 do sargento da Pol\u00edcia Militar Valdi Barbosa, que junto com o marido, Rafael Moreira, conseguiu na Justi\u00e7a o direito de tirar seis meses de licen\u00e7a-paternidade ap\u00f3s o nascimento da filha Sofia, fruto de uma fertiliza\u00e7\u00e3o in vitro com barriga solid\u00e1ria. De acordo com a PM, esse foi o primeiro caso desse tipo na corpora\u00e7\u00e3o (veja v\u00eddeo acima). Valdi e Rafael tiveram Sofia em junho de 2022. A irm\u00e3 de Valdi, Rosilene, foi quem serviu de barriga solid\u00e1ria para dar \u00e0 luz a pequena. O \u00f3vulo foi de uma doadora an\u00f4nima e o esperma, de Valdi. A rigor, o PM teria direito&hellip;","og_url":"https:\/\/blogdofarnesio.com.br\/?p=348717","og_site_name":"Blog do Farn\u00e9sio","article_publisher":"https:\/\/www.facebook.com\/BlogQuerSaberPolitica\/","article_author":"https:\/\/www.facebook.com\/?ref=tn_tnmn","article_published_time":"2023-08-24T19:04:36+00:00","og_image":[{"width":405,"height":328,"url":"https:\/\/blogdofarnesio.com.br\/wp-content\/uploads\/2023\/08\/blogqsppmpe-sarg-lgbt-pais-3-.jpg","type":"image\/jpeg"}],"author":"Farn\u00e9sio","twitter_card":"summary_large_image","twitter_misc":{"Escrito por":"Farn\u00e9sio","Est. tempo de leitura":"8 minutos"},"schema":{"@context":"https:\/\/schema.org","@graph":[{"@type":"Article","@id":"https:\/\/blogdofarnesio.com.br\/?p=348717#article","isPartOf":{"@id":"https:\/\/blogdofarnesio.com.br\/?p=348717"},"author":{"name":"Farn\u00e9sio","@id":"https:\/\/blogdofarnesio.com.br\/#\/schema\/person\/bb9b23ae3ad0609ce8df7b6c9e76824d"},"headline":"Sargento gay da PMPE consegue licen\u00e7a-paternidade in\u00e9dita de 6 meses para cuidar de filha: &#8216;Mostrei que minha fam\u00edlia existe","datePublished":"2023-08-24T19:04:36+00:00","mainEntityOfPage":{"@id":"https:\/\/blogdofarnesio.com.br\/?p=348717"},"wordCount":1398,"commentCount":0,"publisher":{"@id":"https:\/\/blogdofarnesio.com.br\/#organization"},"image":{"@id":"https:\/\/blogdofarnesio.com.br\/?p=348717#primaryimage"},"thumbnailUrl":"https:\/\/blogdofarnesio.com.br\/wp-content\/uploads\/2023\/08\/blogqsppmpe-sarg-lgbt-pais-3-.jpg","articleSection":["Costumes"],"inLanguage":"pt-BR","potentialAction":[{"@type":"CommentAction","name":"Comment","target":["https:\/\/blogdofarnesio.com.br\/?p=348717#respond"]}]},{"@type":"WebPage","@id":"https:\/\/blogdofarnesio.com.br\/?p=348717","url":"https:\/\/blogdofarnesio.com.br\/?p=348717","name":"Sargento gay da PMPE consegue licen\u00e7a-paternidade in\u00e9dita de 6 meses para cuidar de filha: 'Mostrei que minha fam\u00edlia existe - Blog do Farn\u00e9sio","isPartOf":{"@id":"https:\/\/blogdofarnesio.com.br\/#website"},"primaryImageOfPage":{"@id":"https:\/\/blogdofarnesio.com.br\/?p=348717#primaryimage"},"image":{"@id":"https:\/\/blogdofarnesio.com.br\/?p=348717#primaryimage"},"thumbnailUrl":"https:\/\/blogdofarnesio.com.br\/wp-content\/uploads\/2023\/08\/blogqsppmpe-sarg-lgbt-pais-3-.jpg","datePublished":"2023-08-24T19:04:36+00:00","breadcrumb":{"@id":"https:\/\/blogdofarnesio.com.br\/?p=348717#breadcrumb"},"inLanguage":"pt-BR","potentialAction":[{"@type":"ReadAction","target":["https:\/\/blogdofarnesio.com.br\/?p=348717"]}]},{"@type":"ImageObject","inLanguage":"pt-BR","@id":"https:\/\/blogdofarnesio.com.br\/?p=348717#primaryimage","url":"https:\/\/blogdofarnesio.com.br\/wp-content\/uploads\/2023\/08\/blogqsppmpe-sarg-lgbt-pais-3-.jpg","contentUrl":"https:\/\/blogdofarnesio.com.br\/wp-content\/uploads\/2023\/08\/blogqsppmpe-sarg-lgbt-pais-3-.jpg","width":405,"height":328},{"@type":"BreadcrumbList","@id":"https:\/\/blogdofarnesio.com.br\/?p=348717#breadcrumb","itemListElement":[{"@type":"ListItem","position":1,"name":"In\u00edcio","item":"https:\/\/blogdofarnesio.com.br\/"},{"@type":"ListItem","position":2,"name":"Sargento gay da PMPE consegue licen\u00e7a-paternidade in\u00e9dita de 6 meses para cuidar de filha: &#8216;Mostrei que minha fam\u00edlia existe"}]},{"@type":"WebSite","@id":"https:\/\/blogdofarnesio.com.br\/#website","url":"https:\/\/blogdofarnesio.com.br\/","name":"Blog do Farn\u00e9sio","description":"Quer Saber Pol\u00edtica?","publisher":{"@id":"https:\/\/blogdofarnesio.com.br\/#organization"},"potentialAction":[{"@type":"SearchAction","target":{"@type":"EntryPoint","urlTemplate":"https:\/\/blogdofarnesio.com.br\/?s={search_term_string}"},"query-input":{"@type":"PropertyValueSpecification","valueRequired":true,"valueName":"search_term_string"}}],"inLanguage":"pt-BR"},{"@type":"Organization","@id":"https:\/\/blogdofarnesio.com.br\/#organization","name":"Blog do Farn\u00e9sio","url":"https:\/\/blogdofarnesio.com.br\/","logo":{"@type":"ImageObject","inLanguage":"pt-BR","@id":"https:\/\/blogdofarnesio.com.br\/#\/schema\/logo\/image\/","url":"https:\/\/blogdofarnesio.com.br\/wp-content\/uploads\/2026\/03\/cropped-logo_new-1.png","contentUrl":"https:\/\/blogdofarnesio.com.br\/wp-content\/uploads\/2026\/03\/cropped-logo_new-1.png","width":881,"height":685,"caption":"Blog do Farn\u00e9sio"},"image":{"@id":"https:\/\/blogdofarnesio.com.br\/#\/schema\/logo\/image\/"},"sameAs":["https:\/\/www.facebook.com\/BlogQuerSaberPolitica\/"]},{"@type":"Person","@id":"https:\/\/blogdofarnesio.com.br\/#\/schema\/person\/bb9b23ae3ad0609ce8df7b6c9e76824d","name":"Farn\u00e9sio","image":{"@type":"ImageObject","inLanguage":"pt-BR","@id":"https:\/\/secure.gravatar.com\/avatar\/986aa4c61ccdb66f8555bf88fc2a65609d00bcabd4d2d94377a727547345cbca?s=96&d=mm&r=g","url":"https:\/\/secure.gravatar.com\/avatar\/986aa4c61ccdb66f8555bf88fc2a65609d00bcabd4d2d94377a727547345cbca?s=96&d=mm&r=g","contentUrl":"https:\/\/secure.gravatar.com\/avatar\/986aa4c61ccdb66f8555bf88fc2a65609d00bcabd4d2d94377a727547345cbca?s=96&d=mm&r=g","caption":"Farn\u00e9sio"},"description":"Radialista blogueiro, chegou a Petrolina\/Juazeiro em setembro de 1980, Farn\u00e9sio Silva \u00e9 de Arapiraca-Alagoas.","sameAs":["http:\/\/blogdofarnesio.com.br","https:\/\/www.facebook.com\/?ref=tn_tnmn","https:\/\/www.instagram.com\/?utm_source=pwa_homescreen","https:\/\/youtube.com.br\/"],"url":"https:\/\/blogdofarnesio.com.br\/?author=2"}]}},"_links":{"self":[{"href":"https:\/\/blogdofarnesio.com.br\/index.php?rest_route=\/wp\/v2\/posts\/348717","targetHints":{"allow":["GET"]}}],"collection":[{"href":"https:\/\/blogdofarnesio.com.br\/index.php?rest_route=\/wp\/v2\/posts"}],"about":[{"href":"https:\/\/blogdofarnesio.com.br\/index.php?rest_route=\/wp\/v2\/types\/post"}],"author":[{"embeddable":true,"href":"https:\/\/blogdofarnesio.com.br\/index.php?rest_route=\/wp\/v2\/users\/2"}],"replies":[{"embeddable":true,"href":"https:\/\/blogdofarnesio.com.br\/index.php?rest_route=%2Fwp%2Fv2%2Fcomments&post=348717"}],"version-history":[{"count":0,"href":"https:\/\/blogdofarnesio.com.br\/index.php?rest_route=\/wp\/v2\/posts\/348717\/revisions"}],"wp:featuredmedia":[{"embeddable":true,"href":"https:\/\/blogdofarnesio.com.br\/index.php?rest_route=\/wp\/v2\/media\/348725"}],"wp:attachment":[{"href":"https:\/\/blogdofarnesio.com.br\/index.php?rest_route=%2Fwp%2Fv2%2Fmedia&parent=348717"}],"wp:term":[{"taxonomy":"category","embeddable":true,"href":"https:\/\/blogdofarnesio.com.br\/index.php?rest_route=%2Fwp%2Fv2%2Fcategories&post=348717"},{"taxonomy":"post_tag","embeddable":true,"href":"https:\/\/blogdofarnesio.com.br\/index.php?rest_route=%2Fwp%2Fv2%2Ftags&post=348717"}],"curies":[{"name":"wp","href":"https:\/\/api.w.org\/{rel}","templated":true}]}}