{"id":348703,"date":"2023-08-24T15:03:18","date_gmt":"2023-08-24T18:03:18","guid":{"rendered":"https:\/\/blogdofarnesio.com.br\/?p=348703"},"modified":"2023-08-24T09:20:00","modified_gmt":"2023-08-24T12:20:00","slug":"aprovada-na-camara-dos-deputados-a-mp-que-reajustou-o-salario-minimo-para-r-1-320","status":"publish","type":"post","link":"https:\/\/blogdofarnesio.com.br\/?p=348703","title":{"rendered":"Aprovada na C\u00e2mara dos Deputados a MP que reajustou o sal\u00e1rio m\u00ednimo para R$ 1.320"},"content":{"rendered":"<div class=\"sc-8a384deb-0 gcFtGo\">\n<div class=\"sc-8a384deb-4 ebUzRt\">Por Edu Mota, de Bras\u00edlia\u00a0 &#8211;<\/div>\n<\/div>\n<div class=\"sc-c22b9e79-1 ouagm\">\n<div class=\"sc-c22b9e79-3 gGKeEu\">\n<p>Em vota\u00e7\u00e3o no Plen\u00e1rio, a\u00a0C\u00e2mara dos Deputados aprovou, na noite nesta quarta-feira (23), a Medida Provis\u00f3ria (MP) que estipulou o valor do novo sal\u00e1rio m\u00ednimo. A medida agora ter\u00e1 que ser votada nesta quinta-feira (24) pelo Senado Federal, j\u00e1 que perde validade na pr\u00f3xima segunda (28).<\/p>\n<p>A medida determina o valor do novo m\u00ednimo\u00a0em R$ 1.320, em vigor desde o dia 1\u00ba de maio. A mudan\u00e7a significa um aumento de 2,8% em rela\u00e7\u00e3o ao valor do in\u00edcio do ano, de R$ 1.302, fixado ainda no governo Jair Bolsonaro.<\/p>\n<p>O relator da medida na comiss\u00e3o mista que discutiu a mat\u00e9ria, deputado Merlong Solano (PT-PI), incluiu no texto a valoriza\u00e7\u00e3o permanente do sal\u00e1rio m\u00ednimo, nos moldes do modelo adotado entre os anos de 2007 e 2019. O c\u00e1lculo inclui, al\u00e9m da infla\u00e7\u00e3o acumulada do ano anterior, o crescimento do Produto Interno Bruto (PIB), garantindo que anualmente, haja valoriza\u00e7\u00e3o real do m\u00ednimo.<\/p>\n<p>Outro ponto incorporado na reda\u00e7\u00e3o foi o aumento da faixa de isen\u00e7\u00e3o do Imposto de Renda para pessoa f\u00edsica. Pela nova regra, ficam livres de declarar o IR no ano que vem trabalhadores que com renda mensal de at\u00e9 R$ 2.640, o equivalente a dois sal\u00e1rios m\u00ednimos. Hoje, o limite \u00e9 de um e meio.<\/p>\n<p>O texto aprovado na\u00a0comiss\u00e3o especial\u00a0continha mudan\u00e7as na taxa\u00e7\u00e3o de aplica\u00e7\u00f5es financeiras no exterior, chamadas de offshores. Por\u00e9m, como n\u00e3o houve acordo entre os l\u00edderes partid\u00e1rios para a vota\u00e7\u00e3o em Plen\u00e1rio, o trecho foi retirado do texto final aprovado e agora enviado para o Senado.<\/p>\n<p>Al\u00e9m disso, a oposi\u00e7\u00e3o criticou o fato de tanto a tributa\u00e7\u00e3o sobre offshores como a do IR terem feito parte, originalmente, de outras duas Medidas Provis\u00f3rias do governo Lula, que n\u00e3o ser\u00e3o votadas e ir\u00e3o caducar. Por isso, foram inclu\u00eddas na MP do sal\u00e1rio m\u00ednimo. Para os deputados, os governistas \u201catropelam\u201d o processo legislativo.<\/p>\n<p>Um acordo foi firmado entre os l\u00edderes para que a taxa\u00e7\u00e3o das offshores seja\u00a0debatida por meio de um projeto de lei e uma nova MP, ambos a serem enviados pelo Pal\u00e1cio do Planalto. Segundo a proposta, ficariam livres de taxa\u00e7\u00e3o rendimentos de at\u00e9 R$ 6 mil.<\/p>\n<p>Pelo acordo, aqueles entre R$ 6 mil e R$ 50 mil seriam tributados em 15% sobre a parcela anual de rendimentos, enquanto os que ultrapassarem R$ 50 mil seriam taxados em 22,5%.<\/p>\n<\/div>\n<\/div>\n","protected":false},"excerpt":{"rendered":"<p>Por Edu Mota, de Bras\u00edlia\u00a0 &#8211; Em vota\u00e7\u00e3o no Plen\u00e1rio, a\u00a0C\u00e2mara dos Deputados aprovou, na noite nesta quarta-feira (23), a Medida Provis\u00f3ria (MP) que estipulou o valor do novo sal\u00e1rio m\u00ednimo. A medida agora ter\u00e1 que ser votada nesta quinta-feira (24) pelo Senado Federal, j\u00e1 que perde validade na pr\u00f3xima segunda (28). A medida determina o valor do novo m\u00ednimo\u00a0em R$ 1.320, em vigor desde o dia 1\u00ba de maio. A mudan\u00e7a significa um aumento de 2,8% em rela\u00e7\u00e3o ao valor do in\u00edcio do ano, de R$ 1.302, fixado ainda no governo Jair Bolsonaro. O relator da medida na comiss\u00e3o mista que discutiu a mat\u00e9ria, deputado Merlong Solano (PT-PI), incluiu no texto a valoriza\u00e7\u00e3o permanente do sal\u00e1rio m\u00ednimo, nos moldes&hellip; <\/p>\n","protected":false},"author":2,"featured_media":152454,"comment_status":"open","ping_status":"open","sticky":false,"template":"","format":"standard","meta":{"_acf_changed":false,"footnotes":""},"categories":[20],"tags":[],"class_list":["post-348703","post","type-post","status-publish","format-standard","has-post-thumbnail","hentry","category-economia"],"acf":[],"yoast_head":"<!-- This site is optimized with the Yoast SEO plugin v27.4 - https:\/\/yoast.com\/product\/yoast-seo-wordpress\/ -->\n<title>Aprovada na C\u00e2mara dos Deputados a MP que reajustou o sal\u00e1rio m\u00ednimo para R$ 1.320 - Blog do Farn\u00e9sio<\/title>\n<meta name=\"robots\" content=\"index, follow, max-snippet:-1, max-image-preview:large, max-video-preview:-1\" \/>\n<link rel=\"canonical\" href=\"https:\/\/blogdofarnesio.com.br\/?p=348703\" \/>\n<meta property=\"og:locale\" content=\"pt_BR\" \/>\n<meta property=\"og:type\" content=\"article\" \/>\n<meta property=\"og:title\" content=\"Aprovada na C\u00e2mara dos Deputados a MP que reajustou o sal\u00e1rio m\u00ednimo para R$ 1.320 - Blog do Farn\u00e9sio\" \/>\n<meta property=\"og:description\" content=\"Por Edu Mota, de Bras\u00edlia\u00a0 &#8211; Em vota\u00e7\u00e3o no Plen\u00e1rio, a\u00a0C\u00e2mara dos Deputados aprovou, na noite nesta quarta-feira (23), a Medida Provis\u00f3ria (MP) que estipulou o valor do novo sal\u00e1rio m\u00ednimo. A medida agora ter\u00e1 que ser votada nesta quinta-feira (24) pelo Senado Federal, j\u00e1 que perde validade na pr\u00f3xima segunda (28). A medida determina o valor do novo m\u00ednimo\u00a0em R$ 1.320, em vigor desde o dia 1\u00ba de maio. A mudan\u00e7a significa um aumento de 2,8% em rela\u00e7\u00e3o ao valor do in\u00edcio do ano, de R$ 1.302, fixado ainda no governo Jair Bolsonaro. O relator da medida na comiss\u00e3o mista que discutiu a mat\u00e9ria, deputado Merlong Solano (PT-PI), incluiu no texto a valoriza\u00e7\u00e3o permanente do sal\u00e1rio m\u00ednimo, nos moldes&hellip;\" \/>\n<meta property=\"og:url\" content=\"https:\/\/blogdofarnesio.com.br\/?p=348703\" \/>\n<meta property=\"og:site_name\" content=\"Blog do Farn\u00e9sio\" \/>\n<meta property=\"article:publisher\" content=\"https:\/\/www.facebook.com\/BlogQuerSaberPolitica\/\" \/>\n<meta property=\"article:author\" content=\"https:\/\/www.facebook.com\/?ref=tn_tnmn\" \/>\n<meta property=\"article:published_time\" content=\"2023-08-24T18:03:18+00:00\" \/>\n<meta property=\"og:image\" content=\"https:\/\/blogdofarnesio.com.br\/wp-content\/uploads\/2016\/12\/blogqspchargesalario.jpg\" \/>\n\t<meta property=\"og:image:width\" content=\"480\" \/>\n\t<meta property=\"og:image:height\" content=\"319\" \/>\n\t<meta property=\"og:image:type\" content=\"image\/jpeg\" \/>\n<meta name=\"author\" content=\"Farn\u00e9sio\" \/>\n<meta name=\"twitter:card\" content=\"summary_large_image\" \/>\n<meta name=\"twitter:label1\" content=\"Escrito por\" \/>\n\t<meta name=\"twitter:data1\" content=\"Farn\u00e9sio\" \/>\n\t<meta name=\"twitter:label2\" content=\"Est. tempo de leitura\" \/>\n\t<meta name=\"twitter:data2\" content=\"3 minutos\" \/>\n<script type=\"application\/ld+json\" class=\"yoast-schema-graph\">{\"@context\":\"https:\\\/\\\/schema.org\",\"@graph\":[{\"@type\":\"Article\",\"@id\":\"https:\\\/\\\/blogdofarnesio.com.br\\\/?p=348703#article\",\"isPartOf\":{\"@id\":\"https:\\\/\\\/blogdofarnesio.com.br\\\/?p=348703\"},\"author\":{\"name\":\"Farn\u00e9sio\",\"@id\":\"https:\\\/\\\/blogdofarnesio.com.br\\\/#\\\/schema\\\/person\\\/bb9b23ae3ad0609ce8df7b6c9e76824d\"},\"headline\":\"Aprovada na C\u00e2mara dos Deputados a MP que reajustou o sal\u00e1rio m\u00ednimo para R$ 1.320\",\"datePublished\":\"2023-08-24T18:03:18+00:00\",\"mainEntityOfPage\":{\"@id\":\"https:\\\/\\\/blogdofarnesio.com.br\\\/?p=348703\"},\"wordCount\":442,\"commentCount\":0,\"publisher\":{\"@id\":\"https:\\\/\\\/blogdofarnesio.com.br\\\/#organization\"},\"image\":{\"@id\":\"https:\\\/\\\/blogdofarnesio.com.br\\\/?p=348703#primaryimage\"},\"thumbnailUrl\":\"https:\\\/\\\/blogdofarnesio.com.br\\\/wp-content\\\/uploads\\\/2016\\\/12\\\/blogqspchargesalario.jpg\",\"articleSection\":[\"Economia\"],\"inLanguage\":\"pt-BR\",\"potentialAction\":[{\"@type\":\"CommentAction\",\"name\":\"Comment\",\"target\":[\"https:\\\/\\\/blogdofarnesio.com.br\\\/?p=348703#respond\"]}]},{\"@type\":\"WebPage\",\"@id\":\"https:\\\/\\\/blogdofarnesio.com.br\\\/?p=348703\",\"url\":\"https:\\\/\\\/blogdofarnesio.com.br\\\/?p=348703\",\"name\":\"Aprovada na C\u00e2mara dos Deputados a MP que reajustou o sal\u00e1rio m\u00ednimo para R$ 1.320 - Blog do Farn\u00e9sio\",\"isPartOf\":{\"@id\":\"https:\\\/\\\/blogdofarnesio.com.br\\\/#website\"},\"primaryImageOfPage\":{\"@id\":\"https:\\\/\\\/blogdofarnesio.com.br\\\/?p=348703#primaryimage\"},\"image\":{\"@id\":\"https:\\\/\\\/blogdofarnesio.com.br\\\/?p=348703#primaryimage\"},\"thumbnailUrl\":\"https:\\\/\\\/blogdofarnesio.com.br\\\/wp-content\\\/uploads\\\/2016\\\/12\\\/blogqspchargesalario.jpg\",\"datePublished\":\"2023-08-24T18:03:18+00:00\",\"breadcrumb\":{\"@id\":\"https:\\\/\\\/blogdofarnesio.com.br\\\/?p=348703#breadcrumb\"},\"inLanguage\":\"pt-BR\",\"potentialAction\":[{\"@type\":\"ReadAction\",\"target\":[\"https:\\\/\\\/blogdofarnesio.com.br\\\/?p=348703\"]}]},{\"@type\":\"ImageObject\",\"inLanguage\":\"pt-BR\",\"@id\":\"https:\\\/\\\/blogdofarnesio.com.br\\\/?p=348703#primaryimage\",\"url\":\"https:\\\/\\\/blogdofarnesio.com.br\\\/wp-content\\\/uploads\\\/2016\\\/12\\\/blogqspchargesalario.jpg\",\"contentUrl\":\"https:\\\/\\\/blogdofarnesio.com.br\\\/wp-content\\\/uploads\\\/2016\\\/12\\\/blogqspchargesalario.jpg\",\"width\":480,\"height\":319},{\"@type\":\"BreadcrumbList\",\"@id\":\"https:\\\/\\\/blogdofarnesio.com.br\\\/?p=348703#breadcrumb\",\"itemListElement\":[{\"@type\":\"ListItem\",\"position\":1,\"name\":\"In\u00edcio\",\"item\":\"https:\\\/\\\/blogdofarnesio.com.br\\\/\"},{\"@type\":\"ListItem\",\"position\":2,\"name\":\"Aprovada na C\u00e2mara dos Deputados a MP que reajustou o sal\u00e1rio m\u00ednimo para R$ 1.320\"}]},{\"@type\":\"WebSite\",\"@id\":\"https:\\\/\\\/blogdofarnesio.com.br\\\/#website\",\"url\":\"https:\\\/\\\/blogdofarnesio.com.br\\\/\",\"name\":\"Blog do Farn\u00e9sio\",\"description\":\"Quer Saber Pol\u00edtica?\",\"publisher\":{\"@id\":\"https:\\\/\\\/blogdofarnesio.com.br\\\/#organization\"},\"potentialAction\":[{\"@type\":\"SearchAction\",\"target\":{\"@type\":\"EntryPoint\",\"urlTemplate\":\"https:\\\/\\\/blogdofarnesio.com.br\\\/?s={search_term_string}\"},\"query-input\":{\"@type\":\"PropertyValueSpecification\",\"valueRequired\":true,\"valueName\":\"search_term_string\"}}],\"inLanguage\":\"pt-BR\"},{\"@type\":\"Organization\",\"@id\":\"https:\\\/\\\/blogdofarnesio.com.br\\\/#organization\",\"name\":\"Blog do Farn\u00e9sio\",\"url\":\"https:\\\/\\\/blogdofarnesio.com.br\\\/\",\"logo\":{\"@type\":\"ImageObject\",\"inLanguage\":\"pt-BR\",\"@id\":\"https:\\\/\\\/blogdofarnesio.com.br\\\/#\\\/schema\\\/logo\\\/image\\\/\",\"url\":\"https:\\\/\\\/blogdofarnesio.com.br\\\/wp-content\\\/uploads\\\/2026\\\/03\\\/cropped-logo_new-1.png\",\"contentUrl\":\"https:\\\/\\\/blogdofarnesio.com.br\\\/wp-content\\\/uploads\\\/2026\\\/03\\\/cropped-logo_new-1.png\",\"width\":881,\"height\":685,\"caption\":\"Blog do Farn\u00e9sio\"},\"image\":{\"@id\":\"https:\\\/\\\/blogdofarnesio.com.br\\\/#\\\/schema\\\/logo\\\/image\\\/\"},\"sameAs\":[\"https:\\\/\\\/www.facebook.com\\\/BlogQuerSaberPolitica\\\/\"]},{\"@type\":\"Person\",\"@id\":\"https:\\\/\\\/blogdofarnesio.com.br\\\/#\\\/schema\\\/person\\\/bb9b23ae3ad0609ce8df7b6c9e76824d\",\"name\":\"Farn\u00e9sio\",\"image\":{\"@type\":\"ImageObject\",\"inLanguage\":\"pt-BR\",\"@id\":\"https:\\\/\\\/secure.gravatar.com\\\/avatar\\\/986aa4c61ccdb66f8555bf88fc2a65609d00bcabd4d2d94377a727547345cbca?s=96&d=mm&r=g\",\"url\":\"https:\\\/\\\/secure.gravatar.com\\\/avatar\\\/986aa4c61ccdb66f8555bf88fc2a65609d00bcabd4d2d94377a727547345cbca?s=96&d=mm&r=g\",\"contentUrl\":\"https:\\\/\\\/secure.gravatar.com\\\/avatar\\\/986aa4c61ccdb66f8555bf88fc2a65609d00bcabd4d2d94377a727547345cbca?s=96&d=mm&r=g\",\"caption\":\"Farn\u00e9sio\"},\"description\":\"Radialista blogueiro, chegou a Petrolina\\\/Juazeiro em setembro de 1980, Farn\u00e9sio Silva \u00e9 de Arapiraca-Alagoas.\",\"sameAs\":[\"http:\\\/\\\/blogdofarnesio.com.br\",\"https:\\\/\\\/www.facebook.com\\\/?ref=tn_tnmn\",\"https:\\\/\\\/www.instagram.com\\\/?utm_source=pwa_homescreen\",\"https:\\\/\\\/youtube.com.br\\\/\"],\"url\":\"https:\\\/\\\/blogdofarnesio.com.br\\\/?author=2\"}]}<\/script>\n<!-- \/ Yoast SEO plugin. -->","yoast_head_json":{"title":"Aprovada na C\u00e2mara dos Deputados a MP que reajustou o sal\u00e1rio m\u00ednimo para R$ 1.320 - Blog do Farn\u00e9sio","robots":{"index":"index","follow":"follow","max-snippet":"max-snippet:-1","max-image-preview":"max-image-preview:large","max-video-preview":"max-video-preview:-1"},"canonical":"https:\/\/blogdofarnesio.com.br\/?p=348703","og_locale":"pt_BR","og_type":"article","og_title":"Aprovada na C\u00e2mara dos Deputados a MP que reajustou o sal\u00e1rio m\u00ednimo para R$ 1.320 - Blog do Farn\u00e9sio","og_description":"Por Edu Mota, de Bras\u00edlia\u00a0 &#8211; Em vota\u00e7\u00e3o no Plen\u00e1rio, a\u00a0C\u00e2mara dos Deputados aprovou, na noite nesta quarta-feira (23), a Medida Provis\u00f3ria (MP) que estipulou o valor do novo sal\u00e1rio m\u00ednimo. A medida agora ter\u00e1 que ser votada nesta quinta-feira (24) pelo Senado Federal, j\u00e1 que perde validade na pr\u00f3xima segunda (28). A medida determina o valor do novo m\u00ednimo\u00a0em R$ 1.320, em vigor desde o dia 1\u00ba de maio. A mudan\u00e7a significa um aumento de 2,8% em rela\u00e7\u00e3o ao valor do in\u00edcio do ano, de R$ 1.302, fixado ainda no governo Jair Bolsonaro. O relator da medida na comiss\u00e3o mista que discutiu a mat\u00e9ria, deputado Merlong Solano (PT-PI), incluiu no texto a valoriza\u00e7\u00e3o permanente do sal\u00e1rio m\u00ednimo, nos moldes&hellip;","og_url":"https:\/\/blogdofarnesio.com.br\/?p=348703","og_site_name":"Blog do Farn\u00e9sio","article_publisher":"https:\/\/www.facebook.com\/BlogQuerSaberPolitica\/","article_author":"https:\/\/www.facebook.com\/?ref=tn_tnmn","article_published_time":"2023-08-24T18:03:18+00:00","og_image":[{"width":480,"height":319,"url":"https:\/\/blogdofarnesio.com.br\/wp-content\/uploads\/2016\/12\/blogqspchargesalario.jpg","type":"image\/jpeg"}],"author":"Farn\u00e9sio","twitter_card":"summary_large_image","twitter_misc":{"Escrito por":"Farn\u00e9sio","Est. tempo de leitura":"3 minutos"},"schema":{"@context":"https:\/\/schema.org","@graph":[{"@type":"Article","@id":"https:\/\/blogdofarnesio.com.br\/?p=348703#article","isPartOf":{"@id":"https:\/\/blogdofarnesio.com.br\/?p=348703"},"author":{"name":"Farn\u00e9sio","@id":"https:\/\/blogdofarnesio.com.br\/#\/schema\/person\/bb9b23ae3ad0609ce8df7b6c9e76824d"},"headline":"Aprovada na C\u00e2mara dos Deputados a MP que reajustou o sal\u00e1rio m\u00ednimo para R$ 1.320","datePublished":"2023-08-24T18:03:18+00:00","mainEntityOfPage":{"@id":"https:\/\/blogdofarnesio.com.br\/?p=348703"},"wordCount":442,"commentCount":0,"publisher":{"@id":"https:\/\/blogdofarnesio.com.br\/#organization"},"image":{"@id":"https:\/\/blogdofarnesio.com.br\/?p=348703#primaryimage"},"thumbnailUrl":"https:\/\/blogdofarnesio.com.br\/wp-content\/uploads\/2016\/12\/blogqspchargesalario.jpg","articleSection":["Economia"],"inLanguage":"pt-BR","potentialAction":[{"@type":"CommentAction","name":"Comment","target":["https:\/\/blogdofarnesio.com.br\/?p=348703#respond"]}]},{"@type":"WebPage","@id":"https:\/\/blogdofarnesio.com.br\/?p=348703","url":"https:\/\/blogdofarnesio.com.br\/?p=348703","name":"Aprovada na C\u00e2mara dos Deputados a MP que reajustou o sal\u00e1rio m\u00ednimo para R$ 1.320 - Blog do Farn\u00e9sio","isPartOf":{"@id":"https:\/\/blogdofarnesio.com.br\/#website"},"primaryImageOfPage":{"@id":"https:\/\/blogdofarnesio.com.br\/?p=348703#primaryimage"},"image":{"@id":"https:\/\/blogdofarnesio.com.br\/?p=348703#primaryimage"},"thumbnailUrl":"https:\/\/blogdofarnesio.com.br\/wp-content\/uploads\/2016\/12\/blogqspchargesalario.jpg","datePublished":"2023-08-24T18:03:18+00:00","breadcrumb":{"@id":"https:\/\/blogdofarnesio.com.br\/?p=348703#breadcrumb"},"inLanguage":"pt-BR","potentialAction":[{"@type":"ReadAction","target":["https:\/\/blogdofarnesio.com.br\/?p=348703"]}]},{"@type":"ImageObject","inLanguage":"pt-BR","@id":"https:\/\/blogdofarnesio.com.br\/?p=348703#primaryimage","url":"https:\/\/blogdofarnesio.com.br\/wp-content\/uploads\/2016\/12\/blogqspchargesalario.jpg","contentUrl":"https:\/\/blogdofarnesio.com.br\/wp-content\/uploads\/2016\/12\/blogqspchargesalario.jpg","width":480,"height":319},{"@type":"BreadcrumbList","@id":"https:\/\/blogdofarnesio.com.br\/?p=348703#breadcrumb","itemListElement":[{"@type":"ListItem","position":1,"name":"In\u00edcio","item":"https:\/\/blogdofarnesio.com.br\/"},{"@type":"ListItem","position":2,"name":"Aprovada na C\u00e2mara dos Deputados a MP que reajustou o sal\u00e1rio m\u00ednimo para R$ 1.320"}]},{"@type":"WebSite","@id":"https:\/\/blogdofarnesio.com.br\/#website","url":"https:\/\/blogdofarnesio.com.br\/","name":"Blog do Farn\u00e9sio","description":"Quer Saber Pol\u00edtica?","publisher":{"@id":"https:\/\/blogdofarnesio.com.br\/#organization"},"potentialAction":[{"@type":"SearchAction","target":{"@type":"EntryPoint","urlTemplate":"https:\/\/blogdofarnesio.com.br\/?s={search_term_string}"},"query-input":{"@type":"PropertyValueSpecification","valueRequired":true,"valueName":"search_term_string"}}],"inLanguage":"pt-BR"},{"@type":"Organization","@id":"https:\/\/blogdofarnesio.com.br\/#organization","name":"Blog do Farn\u00e9sio","url":"https:\/\/blogdofarnesio.com.br\/","logo":{"@type":"ImageObject","inLanguage":"pt-BR","@id":"https:\/\/blogdofarnesio.com.br\/#\/schema\/logo\/image\/","url":"https:\/\/blogdofarnesio.com.br\/wp-content\/uploads\/2026\/03\/cropped-logo_new-1.png","contentUrl":"https:\/\/blogdofarnesio.com.br\/wp-content\/uploads\/2026\/03\/cropped-logo_new-1.png","width":881,"height":685,"caption":"Blog do Farn\u00e9sio"},"image":{"@id":"https:\/\/blogdofarnesio.com.br\/#\/schema\/logo\/image\/"},"sameAs":["https:\/\/www.facebook.com\/BlogQuerSaberPolitica\/"]},{"@type":"Person","@id":"https:\/\/blogdofarnesio.com.br\/#\/schema\/person\/bb9b23ae3ad0609ce8df7b6c9e76824d","name":"Farn\u00e9sio","image":{"@type":"ImageObject","inLanguage":"pt-BR","@id":"https:\/\/secure.gravatar.com\/avatar\/986aa4c61ccdb66f8555bf88fc2a65609d00bcabd4d2d94377a727547345cbca?s=96&d=mm&r=g","url":"https:\/\/secure.gravatar.com\/avatar\/986aa4c61ccdb66f8555bf88fc2a65609d00bcabd4d2d94377a727547345cbca?s=96&d=mm&r=g","contentUrl":"https:\/\/secure.gravatar.com\/avatar\/986aa4c61ccdb66f8555bf88fc2a65609d00bcabd4d2d94377a727547345cbca?s=96&d=mm&r=g","caption":"Farn\u00e9sio"},"description":"Radialista blogueiro, chegou a Petrolina\/Juazeiro em setembro de 1980, Farn\u00e9sio Silva \u00e9 de Arapiraca-Alagoas.","sameAs":["http:\/\/blogdofarnesio.com.br","https:\/\/www.facebook.com\/?ref=tn_tnmn","https:\/\/www.instagram.com\/?utm_source=pwa_homescreen","https:\/\/youtube.com.br\/"],"url":"https:\/\/blogdofarnesio.com.br\/?author=2"}]}},"_links":{"self":[{"href":"https:\/\/blogdofarnesio.com.br\/index.php?rest_route=\/wp\/v2\/posts\/348703","targetHints":{"allow":["GET"]}}],"collection":[{"href":"https:\/\/blogdofarnesio.com.br\/index.php?rest_route=\/wp\/v2\/posts"}],"about":[{"href":"https:\/\/blogdofarnesio.com.br\/index.php?rest_route=\/wp\/v2\/types\/post"}],"author":[{"embeddable":true,"href":"https:\/\/blogdofarnesio.com.br\/index.php?rest_route=\/wp\/v2\/users\/2"}],"replies":[{"embeddable":true,"href":"https:\/\/blogdofarnesio.com.br\/index.php?rest_route=%2Fwp%2Fv2%2Fcomments&post=348703"}],"version-history":[{"count":0,"href":"https:\/\/blogdofarnesio.com.br\/index.php?rest_route=\/wp\/v2\/posts\/348703\/revisions"}],"wp:featuredmedia":[{"embeddable":true,"href":"https:\/\/blogdofarnesio.com.br\/index.php?rest_route=\/wp\/v2\/media\/152454"}],"wp:attachment":[{"href":"https:\/\/blogdofarnesio.com.br\/index.php?rest_route=%2Fwp%2Fv2%2Fmedia&parent=348703"}],"wp:term":[{"taxonomy":"category","embeddable":true,"href":"https:\/\/blogdofarnesio.com.br\/index.php?rest_route=%2Fwp%2Fv2%2Fcategories&post=348703"},{"taxonomy":"post_tag","embeddable":true,"href":"https:\/\/blogdofarnesio.com.br\/index.php?rest_route=%2Fwp%2Fv2%2Ftags&post=348703"}],"curies":[{"name":"wp","href":"https:\/\/api.w.org\/{rel}","templated":true}]}}