{"id":348674,"date":"2023-08-24T14:21:25","date_gmt":"2023-08-24T17:21:25","guid":{"rendered":"https:\/\/blogdofarnesio.com.br\/?p=348674"},"modified":"2023-08-24T10:40:43","modified_gmt":"2023-08-24T13:40:43","slug":"hospital-dom-malan-em-petrolina-treina-enfermeiros-em-hemorragia-pos-parto","status":"publish","type":"post","link":"https:\/\/blogdofarnesio.com.br\/?p=348674","title":{"rendered":"Hospital Dom Malan em Petrolina treina enfermeiros em  hemorragia p\u00f3s-parto"},"content":{"rendered":"<p style=\"font-weight: 400;\">O Hospital Dom Malan em Petrolina, no Sert\u00e3o do Pernambuco, est\u00e1 realizando treinamento de profissionais para hemorragia p\u00f3s-parto (HPP).\u00a0 O objetivo \u00e9 atualizar os novos enfermeiros do HDM ISMEP sobre o protocolo de hemorragia p\u00f3s-parto, baseado nas recomenda\u00e7\u00f5es da estrat\u00e9gia zero morte materna da Organiza\u00e7\u00e3o Pan-Americana da Sa\u00fade.<\/p>\n<p style=\"font-weight: 400;\">Todo o treinamento foi dividido em teoria e pr\u00e1tica, espalhadas pelo audit\u00f3rio em esta\u00e7\u00f5es de estudo, abordando a estratifica\u00e7\u00e3o das pacientes para fatores de risco relevantes que merecem aten\u00e7\u00e3o e cuidados especiais durante seu internamento.<\/p>\n<p style=\"font-weight: 400;\">\u201c<em>Nosso foco aqui no HDM ISMEP s\u00e3o as vidas que recebemos todos os dias. Tendo em vista que a hemorragia p\u00f3s-parto \u00e9 uma emerg\u00eancia obst\u00e9trica e a execu\u00e7\u00e3o das a\u00e7\u00f5es de forma sequenciada, sem perda de tempo, de forma correta, aumenta a chance de sobrevida da paciente, n\u00f3s estamos capacitando nossos enfermeiros para o melhor atendimento. A vigil\u00e2ncia a esse tipo de hemorragia, salva vidas<\/em>, \u201d destacou a gerente de educa\u00e7\u00e3o permanente do HDM ISMEP, Djenane Cristovam.<\/p>\n<p style=\"font-weight: 400;\">Foram facilitadores do treinamento, os enfermeiros gerentes da equipe de obstetr\u00edcia do HDM ISMEP, Alice Nogueira, Jaqueline Adelaide, Thais Marques, Yane Tina, \u00a0os residentes de enfermagem obst\u00e9trica Patr\u00edcia Regina, Marta Gleice, Maria Eduarda, \u00a0Libna Hellen e Paula Gon\u00e7alves, com apoio da coordenadora de enfermagem Emerlaine Ferreira.<\/p>\n<p style=\"font-weight: 400;\"><strong>Estat\u00edsticas<\/strong><\/p>\n<p style=\"font-weight: 400;\">De acordo com a Organiza\u00e7\u00e3o Pan-Americana da Sa\u00fade, a hemorragia p\u00f3s-parto constitui como uma das principais causas de morte materna no mundo atualmente, sendo respons\u00e1vel por cerca de 25% dos \u00f3bitos. No Brasil \u00e9 a segunda causa de morte materna, de acordo com o Minist\u00e9rio da Sa\u00fade.<\/p>\n<p style=\"font-weight: 400;\">Assessoria de Comunica\u00e7\u00e3o do HDM<\/p>\n","protected":false},"excerpt":{"rendered":"<p>O Hospital Dom Malan em Petrolina, no Sert\u00e3o do Pernambuco, est\u00e1 realizando treinamento de profissionais para hemorragia p\u00f3s-parto (HPP).\u00a0 O objetivo \u00e9 atualizar os novos enfermeiros do HDM ISMEP sobre o protocolo de hemorragia p\u00f3s-parto, baseado nas recomenda\u00e7\u00f5es da estrat\u00e9gia zero morte materna da Organiza\u00e7\u00e3o Pan-Americana da Sa\u00fade. Todo o treinamento foi dividido em teoria e pr\u00e1tica, espalhadas pelo audit\u00f3rio em esta\u00e7\u00f5es de estudo, abordando a estratifica\u00e7\u00e3o das pacientes para fatores de risco relevantes que merecem aten\u00e7\u00e3o e cuidados especiais durante seu internamento. \u201cNosso foco aqui no HDM ISMEP s\u00e3o as vidas que recebemos todos os dias. Tendo em vista que a hemorragia p\u00f3s-parto \u00e9 uma emerg\u00eancia obst\u00e9trica e a execu\u00e7\u00e3o das a\u00e7\u00f5es de forma sequenciada, sem perda de tempo,&hellip; <\/p>\n","protected":false},"author":2,"featured_media":348676,"comment_status":"open","ping_status":"open","sticky":false,"template":"","format":"standard","meta":{"_acf_changed":false,"footnotes":""},"categories":[4],"tags":[],"class_list":["post-348674","post","type-post","status-publish","format-standard","has-post-thumbnail","hentry","category-saude"],"acf":[],"yoast_head":"<!-- This site is optimized with the Yoast SEO plugin v27.4 - https:\/\/yoast.com\/product\/yoast-seo-wordpress\/ -->\n<title>Hospital Dom Malan em Petrolina treina enfermeiros em hemorragia p\u00f3s-parto - Blog do Farn\u00e9sio<\/title>\n<meta name=\"robots\" content=\"index, follow, max-snippet:-1, max-image-preview:large, max-video-preview:-1\" \/>\n<link rel=\"canonical\" href=\"https:\/\/blogdofarnesio.com.br\/?p=348674\" \/>\n<meta property=\"og:locale\" content=\"pt_BR\" \/>\n<meta property=\"og:type\" content=\"article\" \/>\n<meta property=\"og:title\" content=\"Hospital Dom Malan em Petrolina treina enfermeiros em hemorragia p\u00f3s-parto - Blog do Farn\u00e9sio\" \/>\n<meta property=\"og:description\" content=\"O Hospital Dom Malan em Petrolina, no Sert\u00e3o do Pernambuco, est\u00e1 realizando treinamento de profissionais para hemorragia p\u00f3s-parto (HPP).\u00a0 O objetivo \u00e9 atualizar os novos enfermeiros do HDM ISMEP sobre o protocolo de hemorragia p\u00f3s-parto, baseado nas recomenda\u00e7\u00f5es da estrat\u00e9gia zero morte materna da Organiza\u00e7\u00e3o Pan-Americana da Sa\u00fade. Todo o treinamento foi dividido em teoria e pr\u00e1tica, espalhadas pelo audit\u00f3rio em esta\u00e7\u00f5es de estudo, abordando a estratifica\u00e7\u00e3o das pacientes para fatores de risco relevantes que merecem aten\u00e7\u00e3o e cuidados especiais durante seu internamento. \u201cNosso foco aqui no HDM ISMEP s\u00e3o as vidas que recebemos todos os dias. Tendo em vista que a hemorragia p\u00f3s-parto \u00e9 uma emerg\u00eancia obst\u00e9trica e a execu\u00e7\u00e3o das a\u00e7\u00f5es de forma sequenciada, sem perda de tempo,&hellip;\" \/>\n<meta property=\"og:url\" content=\"https:\/\/blogdofarnesio.com.br\/?p=348674\" \/>\n<meta property=\"og:site_name\" content=\"Blog do Farn\u00e9sio\" \/>\n<meta property=\"article:publisher\" content=\"https:\/\/www.facebook.com\/BlogQuerSaberPolitica\/\" \/>\n<meta property=\"article:author\" content=\"https:\/\/www.facebook.com\/?ref=tn_tnmn\" \/>\n<meta property=\"article:published_time\" content=\"2023-08-24T17:21:25+00:00\" \/>\n<meta property=\"og:image\" content=\"https:\/\/blogdofarnesio.com.br\/wp-content\/uploads\/2023\/08\/TREINAMENTO-EM-HEMORRAGIA-POS-PARTO-HDM-ISMEP-5-e1692832556933.jpeg\" \/>\n\t<meta property=\"og:image:width\" content=\"600\" \/>\n\t<meta property=\"og:image:height\" content=\"410\" \/>\n\t<meta property=\"og:image:type\" content=\"image\/jpeg\" \/>\n<meta name=\"author\" content=\"Farn\u00e9sio\" \/>\n<meta name=\"twitter:card\" content=\"summary_large_image\" \/>\n<meta name=\"twitter:label1\" content=\"Escrito por\" \/>\n\t<meta name=\"twitter:data1\" content=\"Farn\u00e9sio\" \/>\n\t<meta name=\"twitter:label2\" content=\"Est. tempo de leitura\" \/>\n\t<meta name=\"twitter:data2\" content=\"2 minutos\" \/>\n<script type=\"application\/ld+json\" class=\"yoast-schema-graph\">{\"@context\":\"https:\\\/\\\/schema.org\",\"@graph\":[{\"@type\":\"Article\",\"@id\":\"https:\\\/\\\/blogdofarnesio.com.br\\\/?p=348674#article\",\"isPartOf\":{\"@id\":\"https:\\\/\\\/blogdofarnesio.com.br\\\/?p=348674\"},\"author\":{\"name\":\"Farn\u00e9sio\",\"@id\":\"https:\\\/\\\/blogdofarnesio.com.br\\\/#\\\/schema\\\/person\\\/bb9b23ae3ad0609ce8df7b6c9e76824d\"},\"headline\":\"Hospital Dom Malan em Petrolina treina enfermeiros em hemorragia p\u00f3s-parto\",\"datePublished\":\"2023-08-24T17:21:25+00:00\",\"mainEntityOfPage\":{\"@id\":\"https:\\\/\\\/blogdofarnesio.com.br\\\/?p=348674\"},\"wordCount\":298,\"commentCount\":0,\"publisher\":{\"@id\":\"https:\\\/\\\/blogdofarnesio.com.br\\\/#organization\"},\"image\":{\"@id\":\"https:\\\/\\\/blogdofarnesio.com.br\\\/?p=348674#primaryimage\"},\"thumbnailUrl\":\"https:\\\/\\\/blogdofarnesio.com.br\\\/wp-content\\\/uploads\\\/2023\\\/08\\\/TREINAMENTO-EM-HEMORRAGIA-POS-PARTO-HDM-ISMEP-5-e1692832556933.jpeg\",\"articleSection\":[\"Sa\u00fade\"],\"inLanguage\":\"pt-BR\",\"potentialAction\":[{\"@type\":\"CommentAction\",\"name\":\"Comment\",\"target\":[\"https:\\\/\\\/blogdofarnesio.com.br\\\/?p=348674#respond\"]}]},{\"@type\":\"WebPage\",\"@id\":\"https:\\\/\\\/blogdofarnesio.com.br\\\/?p=348674\",\"url\":\"https:\\\/\\\/blogdofarnesio.com.br\\\/?p=348674\",\"name\":\"Hospital Dom Malan em Petrolina treina enfermeiros em hemorragia p\u00f3s-parto - Blog do Farn\u00e9sio\",\"isPartOf\":{\"@id\":\"https:\\\/\\\/blogdofarnesio.com.br\\\/#website\"},\"primaryImageOfPage\":{\"@id\":\"https:\\\/\\\/blogdofarnesio.com.br\\\/?p=348674#primaryimage\"},\"image\":{\"@id\":\"https:\\\/\\\/blogdofarnesio.com.br\\\/?p=348674#primaryimage\"},\"thumbnailUrl\":\"https:\\\/\\\/blogdofarnesio.com.br\\\/wp-content\\\/uploads\\\/2023\\\/08\\\/TREINAMENTO-EM-HEMORRAGIA-POS-PARTO-HDM-ISMEP-5-e1692832556933.jpeg\",\"datePublished\":\"2023-08-24T17:21:25+00:00\",\"breadcrumb\":{\"@id\":\"https:\\\/\\\/blogdofarnesio.com.br\\\/?p=348674#breadcrumb\"},\"inLanguage\":\"pt-BR\",\"potentialAction\":[{\"@type\":\"ReadAction\",\"target\":[\"https:\\\/\\\/blogdofarnesio.com.br\\\/?p=348674\"]}]},{\"@type\":\"ImageObject\",\"inLanguage\":\"pt-BR\",\"@id\":\"https:\\\/\\\/blogdofarnesio.com.br\\\/?p=348674#primaryimage\",\"url\":\"https:\\\/\\\/blogdofarnesio.com.br\\\/wp-content\\\/uploads\\\/2023\\\/08\\\/TREINAMENTO-EM-HEMORRAGIA-POS-PARTO-HDM-ISMEP-5-e1692832556933.jpeg\",\"contentUrl\":\"https:\\\/\\\/blogdofarnesio.com.br\\\/wp-content\\\/uploads\\\/2023\\\/08\\\/TREINAMENTO-EM-HEMORRAGIA-POS-PARTO-HDM-ISMEP-5-e1692832556933.jpeg\",\"width\":600,\"height\":410},{\"@type\":\"BreadcrumbList\",\"@id\":\"https:\\\/\\\/blogdofarnesio.com.br\\\/?p=348674#breadcrumb\",\"itemListElement\":[{\"@type\":\"ListItem\",\"position\":1,\"name\":\"In\u00edcio\",\"item\":\"https:\\\/\\\/blogdofarnesio.com.br\\\/\"},{\"@type\":\"ListItem\",\"position\":2,\"name\":\"Hospital Dom Malan em Petrolina treina enfermeiros em hemorragia p\u00f3s-parto\"}]},{\"@type\":\"WebSite\",\"@id\":\"https:\\\/\\\/blogdofarnesio.com.br\\\/#website\",\"url\":\"https:\\\/\\\/blogdofarnesio.com.br\\\/\",\"name\":\"Blog do Farn\u00e9sio\",\"description\":\"Quer Saber Pol\u00edtica?\",\"publisher\":{\"@id\":\"https:\\\/\\\/blogdofarnesio.com.br\\\/#organization\"},\"potentialAction\":[{\"@type\":\"SearchAction\",\"target\":{\"@type\":\"EntryPoint\",\"urlTemplate\":\"https:\\\/\\\/blogdofarnesio.com.br\\\/?s={search_term_string}\"},\"query-input\":{\"@type\":\"PropertyValueSpecification\",\"valueRequired\":true,\"valueName\":\"search_term_string\"}}],\"inLanguage\":\"pt-BR\"},{\"@type\":\"Organization\",\"@id\":\"https:\\\/\\\/blogdofarnesio.com.br\\\/#organization\",\"name\":\"Blog do Farn\u00e9sio\",\"url\":\"https:\\\/\\\/blogdofarnesio.com.br\\\/\",\"logo\":{\"@type\":\"ImageObject\",\"inLanguage\":\"pt-BR\",\"@id\":\"https:\\\/\\\/blogdofarnesio.com.br\\\/#\\\/schema\\\/logo\\\/image\\\/\",\"url\":\"https:\\\/\\\/blogdofarnesio.com.br\\\/wp-content\\\/uploads\\\/2026\\\/03\\\/cropped-logo_new-1.png\",\"contentUrl\":\"https:\\\/\\\/blogdofarnesio.com.br\\\/wp-content\\\/uploads\\\/2026\\\/03\\\/cropped-logo_new-1.png\",\"width\":881,\"height\":685,\"caption\":\"Blog do Farn\u00e9sio\"},\"image\":{\"@id\":\"https:\\\/\\\/blogdofarnesio.com.br\\\/#\\\/schema\\\/logo\\\/image\\\/\"},\"sameAs\":[\"https:\\\/\\\/www.facebook.com\\\/BlogQuerSaberPolitica\\\/\"]},{\"@type\":\"Person\",\"@id\":\"https:\\\/\\\/blogdofarnesio.com.br\\\/#\\\/schema\\\/person\\\/bb9b23ae3ad0609ce8df7b6c9e76824d\",\"name\":\"Farn\u00e9sio\",\"image\":{\"@type\":\"ImageObject\",\"inLanguage\":\"pt-BR\",\"@id\":\"https:\\\/\\\/secure.gravatar.com\\\/avatar\\\/986aa4c61ccdb66f8555bf88fc2a65609d00bcabd4d2d94377a727547345cbca?s=96&d=mm&r=g\",\"url\":\"https:\\\/\\\/secure.gravatar.com\\\/avatar\\\/986aa4c61ccdb66f8555bf88fc2a65609d00bcabd4d2d94377a727547345cbca?s=96&d=mm&r=g\",\"contentUrl\":\"https:\\\/\\\/secure.gravatar.com\\\/avatar\\\/986aa4c61ccdb66f8555bf88fc2a65609d00bcabd4d2d94377a727547345cbca?s=96&d=mm&r=g\",\"caption\":\"Farn\u00e9sio\"},\"description\":\"Radialista blogueiro, chegou a Petrolina\\\/Juazeiro em setembro de 1980, Farn\u00e9sio Silva \u00e9 de Arapiraca-Alagoas.\",\"sameAs\":[\"http:\\\/\\\/blogdofarnesio.com.br\",\"https:\\\/\\\/www.facebook.com\\\/?ref=tn_tnmn\",\"https:\\\/\\\/www.instagram.com\\\/?utm_source=pwa_homescreen\",\"https:\\\/\\\/youtube.com.br\\\/\"],\"url\":\"https:\\\/\\\/blogdofarnesio.com.br\\\/?author=2\"}]}<\/script>\n<!-- \/ Yoast SEO plugin. -->","yoast_head_json":{"title":"Hospital Dom Malan em Petrolina treina enfermeiros em hemorragia p\u00f3s-parto - Blog do Farn\u00e9sio","robots":{"index":"index","follow":"follow","max-snippet":"max-snippet:-1","max-image-preview":"max-image-preview:large","max-video-preview":"max-video-preview:-1"},"canonical":"https:\/\/blogdofarnesio.com.br\/?p=348674","og_locale":"pt_BR","og_type":"article","og_title":"Hospital Dom Malan em Petrolina treina enfermeiros em hemorragia p\u00f3s-parto - Blog do Farn\u00e9sio","og_description":"O Hospital Dom Malan em Petrolina, no Sert\u00e3o do Pernambuco, est\u00e1 realizando treinamento de profissionais para hemorragia p\u00f3s-parto (HPP).\u00a0 O objetivo \u00e9 atualizar os novos enfermeiros do HDM ISMEP sobre o protocolo de hemorragia p\u00f3s-parto, baseado nas recomenda\u00e7\u00f5es da estrat\u00e9gia zero morte materna da Organiza\u00e7\u00e3o Pan-Americana da Sa\u00fade. Todo o treinamento foi dividido em teoria e pr\u00e1tica, espalhadas pelo audit\u00f3rio em esta\u00e7\u00f5es de estudo, abordando a estratifica\u00e7\u00e3o das pacientes para fatores de risco relevantes que merecem aten\u00e7\u00e3o e cuidados especiais durante seu internamento. \u201cNosso foco aqui no HDM ISMEP s\u00e3o as vidas que recebemos todos os dias. Tendo em vista que a hemorragia p\u00f3s-parto \u00e9 uma emerg\u00eancia obst\u00e9trica e a execu\u00e7\u00e3o das a\u00e7\u00f5es de forma sequenciada, sem perda de tempo,&hellip;","og_url":"https:\/\/blogdofarnesio.com.br\/?p=348674","og_site_name":"Blog do Farn\u00e9sio","article_publisher":"https:\/\/www.facebook.com\/BlogQuerSaberPolitica\/","article_author":"https:\/\/www.facebook.com\/?ref=tn_tnmn","article_published_time":"2023-08-24T17:21:25+00:00","og_image":[{"width":600,"height":410,"url":"https:\/\/blogdofarnesio.com.br\/wp-content\/uploads\/2023\/08\/TREINAMENTO-EM-HEMORRAGIA-POS-PARTO-HDM-ISMEP-5-e1692832556933.jpeg","type":"image\/jpeg"}],"author":"Farn\u00e9sio","twitter_card":"summary_large_image","twitter_misc":{"Escrito por":"Farn\u00e9sio","Est. tempo de leitura":"2 minutos"},"schema":{"@context":"https:\/\/schema.org","@graph":[{"@type":"Article","@id":"https:\/\/blogdofarnesio.com.br\/?p=348674#article","isPartOf":{"@id":"https:\/\/blogdofarnesio.com.br\/?p=348674"},"author":{"name":"Farn\u00e9sio","@id":"https:\/\/blogdofarnesio.com.br\/#\/schema\/person\/bb9b23ae3ad0609ce8df7b6c9e76824d"},"headline":"Hospital Dom Malan em Petrolina treina enfermeiros em hemorragia p\u00f3s-parto","datePublished":"2023-08-24T17:21:25+00:00","mainEntityOfPage":{"@id":"https:\/\/blogdofarnesio.com.br\/?p=348674"},"wordCount":298,"commentCount":0,"publisher":{"@id":"https:\/\/blogdofarnesio.com.br\/#organization"},"image":{"@id":"https:\/\/blogdofarnesio.com.br\/?p=348674#primaryimage"},"thumbnailUrl":"https:\/\/blogdofarnesio.com.br\/wp-content\/uploads\/2023\/08\/TREINAMENTO-EM-HEMORRAGIA-POS-PARTO-HDM-ISMEP-5-e1692832556933.jpeg","articleSection":["Sa\u00fade"],"inLanguage":"pt-BR","potentialAction":[{"@type":"CommentAction","name":"Comment","target":["https:\/\/blogdofarnesio.com.br\/?p=348674#respond"]}]},{"@type":"WebPage","@id":"https:\/\/blogdofarnesio.com.br\/?p=348674","url":"https:\/\/blogdofarnesio.com.br\/?p=348674","name":"Hospital Dom Malan em Petrolina treina enfermeiros em hemorragia p\u00f3s-parto - Blog do Farn\u00e9sio","isPartOf":{"@id":"https:\/\/blogdofarnesio.com.br\/#website"},"primaryImageOfPage":{"@id":"https:\/\/blogdofarnesio.com.br\/?p=348674#primaryimage"},"image":{"@id":"https:\/\/blogdofarnesio.com.br\/?p=348674#primaryimage"},"thumbnailUrl":"https:\/\/blogdofarnesio.com.br\/wp-content\/uploads\/2023\/08\/TREINAMENTO-EM-HEMORRAGIA-POS-PARTO-HDM-ISMEP-5-e1692832556933.jpeg","datePublished":"2023-08-24T17:21:25+00:00","breadcrumb":{"@id":"https:\/\/blogdofarnesio.com.br\/?p=348674#breadcrumb"},"inLanguage":"pt-BR","potentialAction":[{"@type":"ReadAction","target":["https:\/\/blogdofarnesio.com.br\/?p=348674"]}]},{"@type":"ImageObject","inLanguage":"pt-BR","@id":"https:\/\/blogdofarnesio.com.br\/?p=348674#primaryimage","url":"https:\/\/blogdofarnesio.com.br\/wp-content\/uploads\/2023\/08\/TREINAMENTO-EM-HEMORRAGIA-POS-PARTO-HDM-ISMEP-5-e1692832556933.jpeg","contentUrl":"https:\/\/blogdofarnesio.com.br\/wp-content\/uploads\/2023\/08\/TREINAMENTO-EM-HEMORRAGIA-POS-PARTO-HDM-ISMEP-5-e1692832556933.jpeg","width":600,"height":410},{"@type":"BreadcrumbList","@id":"https:\/\/blogdofarnesio.com.br\/?p=348674#breadcrumb","itemListElement":[{"@type":"ListItem","position":1,"name":"In\u00edcio","item":"https:\/\/blogdofarnesio.com.br\/"},{"@type":"ListItem","position":2,"name":"Hospital Dom Malan em Petrolina treina enfermeiros em hemorragia p\u00f3s-parto"}]},{"@type":"WebSite","@id":"https:\/\/blogdofarnesio.com.br\/#website","url":"https:\/\/blogdofarnesio.com.br\/","name":"Blog do Farn\u00e9sio","description":"Quer Saber Pol\u00edtica?","publisher":{"@id":"https:\/\/blogdofarnesio.com.br\/#organization"},"potentialAction":[{"@type":"SearchAction","target":{"@type":"EntryPoint","urlTemplate":"https:\/\/blogdofarnesio.com.br\/?s={search_term_string}"},"query-input":{"@type":"PropertyValueSpecification","valueRequired":true,"valueName":"search_term_string"}}],"inLanguage":"pt-BR"},{"@type":"Organization","@id":"https:\/\/blogdofarnesio.com.br\/#organization","name":"Blog do Farn\u00e9sio","url":"https:\/\/blogdofarnesio.com.br\/","logo":{"@type":"ImageObject","inLanguage":"pt-BR","@id":"https:\/\/blogdofarnesio.com.br\/#\/schema\/logo\/image\/","url":"https:\/\/blogdofarnesio.com.br\/wp-content\/uploads\/2026\/03\/cropped-logo_new-1.png","contentUrl":"https:\/\/blogdofarnesio.com.br\/wp-content\/uploads\/2026\/03\/cropped-logo_new-1.png","width":881,"height":685,"caption":"Blog do Farn\u00e9sio"},"image":{"@id":"https:\/\/blogdofarnesio.com.br\/#\/schema\/logo\/image\/"},"sameAs":["https:\/\/www.facebook.com\/BlogQuerSaberPolitica\/"]},{"@type":"Person","@id":"https:\/\/blogdofarnesio.com.br\/#\/schema\/person\/bb9b23ae3ad0609ce8df7b6c9e76824d","name":"Farn\u00e9sio","image":{"@type":"ImageObject","inLanguage":"pt-BR","@id":"https:\/\/secure.gravatar.com\/avatar\/986aa4c61ccdb66f8555bf88fc2a65609d00bcabd4d2d94377a727547345cbca?s=96&d=mm&r=g","url":"https:\/\/secure.gravatar.com\/avatar\/986aa4c61ccdb66f8555bf88fc2a65609d00bcabd4d2d94377a727547345cbca?s=96&d=mm&r=g","contentUrl":"https:\/\/secure.gravatar.com\/avatar\/986aa4c61ccdb66f8555bf88fc2a65609d00bcabd4d2d94377a727547345cbca?s=96&d=mm&r=g","caption":"Farn\u00e9sio"},"description":"Radialista blogueiro, chegou a Petrolina\/Juazeiro em setembro de 1980, Farn\u00e9sio Silva \u00e9 de Arapiraca-Alagoas.","sameAs":["http:\/\/blogdofarnesio.com.br","https:\/\/www.facebook.com\/?ref=tn_tnmn","https:\/\/www.instagram.com\/?utm_source=pwa_homescreen","https:\/\/youtube.com.br\/"],"url":"https:\/\/blogdofarnesio.com.br\/?author=2"}]}},"_links":{"self":[{"href":"https:\/\/blogdofarnesio.com.br\/index.php?rest_route=\/wp\/v2\/posts\/348674","targetHints":{"allow":["GET"]}}],"collection":[{"href":"https:\/\/blogdofarnesio.com.br\/index.php?rest_route=\/wp\/v2\/posts"}],"about":[{"href":"https:\/\/blogdofarnesio.com.br\/index.php?rest_route=\/wp\/v2\/types\/post"}],"author":[{"embeddable":true,"href":"https:\/\/blogdofarnesio.com.br\/index.php?rest_route=\/wp\/v2\/users\/2"}],"replies":[{"embeddable":true,"href":"https:\/\/blogdofarnesio.com.br\/index.php?rest_route=%2Fwp%2Fv2%2Fcomments&post=348674"}],"version-history":[{"count":0,"href":"https:\/\/blogdofarnesio.com.br\/index.php?rest_route=\/wp\/v2\/posts\/348674\/revisions"}],"wp:featuredmedia":[{"embeddable":true,"href":"https:\/\/blogdofarnesio.com.br\/index.php?rest_route=\/wp\/v2\/media\/348676"}],"wp:attachment":[{"href":"https:\/\/blogdofarnesio.com.br\/index.php?rest_route=%2Fwp%2Fv2%2Fmedia&parent=348674"}],"wp:term":[{"taxonomy":"category","embeddable":true,"href":"https:\/\/blogdofarnesio.com.br\/index.php?rest_route=%2Fwp%2Fv2%2Fcategories&post=348674"},{"taxonomy":"post_tag","embeddable":true,"href":"https:\/\/blogdofarnesio.com.br\/index.php?rest_route=%2Fwp%2Fv2%2Ftags&post=348674"}],"curies":[{"name":"wp","href":"https:\/\/api.w.org\/{rel}","templated":true}]}}